{"id":9695,"date":"2021-01-15T23:44:58","date_gmt":"2021-01-16T02:44:58","guid":{"rendered":"https:\/\/mobilitas.lat\/?p=9695"},"modified":"2021-01-15T23:45:00","modified_gmt":"2021-01-16T02:45:00","slug":"las-empresas-tienen-hasta-el-11-de-febrero-de-2021-para-presentar-propuestas-para-la-construccion-de-los-cuatro-muelles-del-sistema-de-transporte-publico-por-embarcaciones-en-vitoria-brasil","status":"publish","type":"post","link":"https:\/\/mobilitas.lat\/es\/2021\/01\/15\/las-empresas-tienen-hasta-el-11-de-febrero-de-2021-para-presentar-propuestas-para-la-construccion-de-los-cuatro-muelles-del-sistema-de-transporte-publico-por-embarcaciones-en-vitoria-brasil\/","title":{"rendered":"Las empresas tienen hasta el 11 de febrero de 2021 para presentar propuestas para la construcci\u00f3n de los cuatro muelles del sistema de transporte p\u00fablico por embarcaciones en Vit\u00f3ria, Brasil."},"content":{"rendered":"\n<div class=\"wp-block-image is-style-default\"><figure class=\"aligncenter size-large is-resized\"><img loading=\"lazy\" decoding=\"async\" src=\"https:\/\/storage.mobilitas.lat\/uploads\/2021\/01\/MOBILITAS-VITORIA-AQUAVIARIO-PIER-IMAGEM-3.jpg\" alt=\"\" class=\"wp-image-9688\" width=\"639\" height=\"303\" srcset=\"https:\/\/storage.mobilitas.lat\/uploads\/2021\/01\/MOBILITAS-VITORIA-AQUAVIARIO-PIER-IMAGEM-3.jpg 922w, https:\/\/storage.mobilitas.lat\/uploads\/2021\/01\/MOBILITAS-VITORIA-AQUAVIARIO-PIER-IMAGEM-3-300x142.jpg 300w, https:\/\/storage.mobilitas.lat\/uploads\/2021\/01\/MOBILITAS-VITORIA-AQUAVIARIO-PIER-IMAGEM-3-768x363.jpg 768w\" sizes=\"auto, (max-width: 639px) 100vw, 639px\" \/><\/figure><\/div>\n\n\n\n<p>El Gobierno del Estado de Esp\u00edrito Santo, en la regi\u00f3n sureste de Brasil, informa que las empresas interesadas tienen hasta el 11 de febrero de 2021 para presentar propuestas para la construcci\u00f3n de cuatro muelles para el sistema de transporte p\u00fablico por embarcaciones en la Regi\u00f3n Metropolitana de Vit\u00f3ria, capital del estado.<\/p>\n\n\n\n<p>Vit\u00f3ria es una de las tres capitales de estado brasile\u00f1as ubicadas en una isla. La licitaci\u00f3n est\u00e1 siendo coordinada por la Secretaria de Movilidad e Infraestructura (Semobi).<\/p>\n\n\n\n<p>El anuncio fue publicado el martes 12 de enero de 2021. Los detalles fueron dados a conocer por el gobernador Renato Casagrande, en una transmisi\u00f3n en vivo por las redes sociales.<\/p>\n\n\n\n<p>La implementaci\u00f3n de este proyecto se identifica como una de las prioridades del gobierno en el \u00e1rea de movilidad.<\/p>\n\n\n\n<p>El monto m\u00e1ximo de inversi\u00f3n ser\u00e1 de R$ 6.626.140,87 (USD 1.25 mill\u00f3n). El adjudicatario dispondr\u00e1 de 11 meses para realizar la obra, contados desde la orden de servicio.<\/p>\n\n\n\n<p>Las cuatro estaciones estar\u00e1n ubicadas en Prainha, en la ciudad de Vila Velha; en Enseada do Su\u00e1 y Centro, en Vit\u00f3ria; y, en Porto de Santana, en la ciudad de Cariacica. El modal se integrar\u00e1 en el sistema de transporte p\u00fablico de autobuses (Transcol).<\/p>\n\n\n\n<p><strong>ASPECTOS<\/strong><\/p>\n\n\n\n<p>El gobernador del Estado de Esp\u00edrito Santo, Renato Casagrande, dijo que el sistema de transporte por embarcaciones es un tema que siempre se debate en la Regi\u00f3n Metropolitana de Vit\u00f3ria porque ha funcionado anteriormente. \u201cEsta es una forma que no transporta a mucha gente, pero le da una opci\u00f3n adicional al transporte y tambi\u00e9n puede mejorar el flujo de tierra, sirviendo a regiones espec\u00edficas de la Regi\u00f3n Metropolitana. Por nuestra belleza natural, la v\u00eda fluvial puede convertirse en un factor de atracci\u00f3n tur\u00edstica\u201d.<\/p>\n\n\n\n<p>El gobernador destac\u00f3 que el sistema podr\u00eda ampliarse en el futuro: \u201cEstamos publicando el anuncio para construir estos puntos de parada, dando el primer paso efectivo. En el futuro, viendo la necesidad de uso, podemos aumentar el sistema seg\u00fan la demanda\u201d.<\/p>\n\n\n\n<p><strong>ESTRUCTURA<\/strong><\/p>\n\n\n\n<p>El secretario de Estado de Movilidad e Infraestructura, F\u00e1bio Damasceno, mencion\u00f3 otros detalles sobre el proyecto. \u201cLa implementaci\u00f3n de la v\u00eda fluvial tambi\u00e9n se realizar\u00e1 por etapas. Primero, desarrollamos los dise\u00f1os de los muelles, lo cual fue un paso importante, ya que el muelle necesita estar muy bien ejecutado para garantizar la seguridad y accesibilidad del sistema. Ahora estamos contratando la ejecuci\u00f3n de la obra y, a\u00fan este a\u00f1o, publicaremos el aviso para contratar la operaci\u00f3n del sistema\u201d, explic\u00f3.<\/p>\n\n\n\n<p>Las estructuras contar\u00e1n con una sala donde los pasajeros esperar\u00e1n el embarque. Para el acceso a las embarcaciones, habr\u00e1 una interconexi\u00f3n, tipo puente, que estar\u00e1 cubierta para la comodidad de quienes usen la v\u00eda fluvial.<\/p>\n\n\n\n<p>El sistema de de transporte con embarcaciones funcion\u00f3 en la Regi\u00f3n Metropolitana de Vit\u00f3ria hasta la d\u00e9cada de 1990, cuando fue desactivado.<\/p>\n\n\n\n<p>&nbsp;El aviso y todos los documentos relacionados con el proceso de licitaci\u00f3n est\u00e1n disponibles en el sitio web de Semobi.<\/p>\n\n\n\n<div class=\"wp-block-image\"><figure class=\"aligncenter size-large is-resized\"><img loading=\"lazy\" decoding=\"async\" src=\"https:\/\/storage.mobilitas.lat\/uploads\/2021\/01\/MOBILITAS-VITORIA-AQUAVIARIO-PIER-IMAGEM-1.jpg\" alt=\"\" class=\"wp-image-9690\" width=\"643\" height=\"360\" srcset=\"https:\/\/storage.mobilitas.lat\/uploads\/2021\/01\/MOBILITAS-VITORIA-AQUAVIARIO-PIER-IMAGEM-1.jpg 870w, https:\/\/storage.mobilitas.lat\/uploads\/2021\/01\/MOBILITAS-VITORIA-AQUAVIARIO-PIER-IMAGEM-1-300x168.jpg 300w, https:\/\/storage.mobilitas.lat\/uploads\/2021\/01\/MOBILITAS-VITORIA-AQUAVIARIO-PIER-IMAGEM-1-768x431.jpg 768w\" sizes=\"auto, (max-width: 643px) 100vw, 643px\" \/><\/figure><\/div>\n","protected":false},"excerpt":{"rendered":"<p>El Gobierno del Estado de Esp\u00edrito Santo, en la regi\u00f3n sureste de Brasil, informa que las empresas interesadas tienen hasta el 11 de febrero de 2021 para presentar propuestas para la construcci\u00f3n de cuatro muelles para el sistema de transporte p\u00fablico por embarcaciones en la Regi\u00f3n Metropolitana de Vit\u00f3ria, capital del estado. Vit\u00f3ria es una [&hellip;]<\/p>\n","protected":false},"author":2,"featured_media":9702,"comment_status":"closed","ping_status":"closed","sticky":false,"template":"","format":"standard","meta":{"footnotes":""},"categories":[287],"tags":[975,340],"class_list":["post-9695","post","type-post","status-publish","format-standard","has-post-thumbnail","hentry","category-notas","tag-tema-es","tag-transporte-acuatico"],"yoast_head":"<!-- This site is optimized with the Yoast SEO plugin v26.9 - https:\/\/yoast.com\/product\/yoast-seo-wordpress\/ -->\n<title>Las empresas tienen hasta el 11 de febrero de 2021 para presentar propuestas para la construcci\u00f3n de los cuatro muelles del sistema de transporte p\u00fablico por embarcaciones en Vit\u00f3ria, Brasil. | Mobilitas<\/title>\n<meta name=\"robots\" content=\"index, follow, max-snippet:-1, max-image-preview:large, max-video-preview:-1\" \/>\n<link rel=\"canonical\" href=\"https:\/\/mobilitas.lat\/es\/2021\/01\/15\/las-empresas-tienen-hasta-el-11-de-febrero-de-2021-para-presentar-propuestas-para-la-construccion-de-los-cuatro-muelles-del-sistema-de-transporte-publico-por-embarcaciones-en-vitoria-brasil\/\" \/>\n<meta property=\"og:locale\" content=\"es_ES\" \/>\n<meta property=\"og:type\" content=\"article\" \/>\n<meta property=\"og:title\" content=\"Las empresas tienen hasta el 11 de febrero de 2021 para presentar propuestas para la construcci\u00f3n de los cuatro muelles del sistema de transporte p\u00fablico por embarcaciones en Vit\u00f3ria, Brasil. | Mobilitas\" \/>\n<meta property=\"og:description\" content=\"El Gobierno del Estado de Esp\u00edrito Santo, en la regi\u00f3n sureste de Brasil, informa que las empresas interesadas tienen hasta el 11 de febrero de 2021 para presentar propuestas para la construcci\u00f3n de cuatro muelles para el sistema de transporte p\u00fablico por embarcaciones en la Regi\u00f3n Metropolitana de Vit\u00f3ria, capital del estado. Vit\u00f3ria es una [&hellip;]\" \/>\n<meta property=\"og:url\" content=\"https:\/\/mobilitas.lat\/es\/2021\/01\/15\/las-empresas-tienen-hasta-el-11-de-febrero-de-2021-para-presentar-propuestas-para-la-construccion-de-los-cuatro-muelles-del-sistema-de-transporte-publico-por-embarcaciones-en-vitoria-brasil\/\" \/>\n<meta property=\"og:site_name\" content=\"Mobilitas\" \/>\n<meta property=\"article:published_time\" content=\"2021-01-16T02:44:58+00:00\" \/>\n<meta property=\"article:modified_time\" content=\"2021-01-16T02:45:00+00:00\" \/>\n<meta property=\"og:image\" content=\"https:\/\/storage.mobilitas.lat\/uploads\/2021\/01\/MOBILITAS-VITORIA-AQUAVIARIO-PIER-IMAGEM-3-COM-CORTE-A.jpg\" \/>\n\t<meta property=\"og:image:width\" content=\"764\" \/>\n\t<meta property=\"og:image:height\" content=\"436\" \/>\n\t<meta property=\"og:image:type\" content=\"image\/jpeg\" \/>\n<meta name=\"author\" content=\"Alexandre Asquini\" \/>\n<meta name=\"twitter:card\" content=\"summary_large_image\" \/>\n<meta name=\"twitter:label1\" content=\"Written by\" \/>\n\t<meta name=\"twitter:data1\" content=\"Alexandre Asquini\" \/>\n\t<meta name=\"twitter:label2\" content=\"Est. reading time\" \/>\n\t<meta name=\"twitter:data2\" content=\"3 minutes\" \/>\n<script type=\"application\/ld+json\" class=\"yoast-schema-graph\">{\"@context\":\"https:\/\/schema.org\",\"@graph\":[{\"@type\":\"Article\",\"@id\":\"https:\/\/mobilitas.lat\/es\/2021\/01\/15\/las-empresas-tienen-hasta-el-11-de-febrero-de-2021-para-presentar-propuestas-para-la-construccion-de-los-cuatro-muelles-del-sistema-de-transporte-publico-por-embarcaciones-en-vitoria-brasil\/#article\",\"isPartOf\":{\"@id\":\"https:\/\/mobilitas.lat\/es\/2021\/01\/15\/las-empresas-tienen-hasta-el-11-de-febrero-de-2021-para-presentar-propuestas-para-la-construccion-de-los-cuatro-muelles-del-sistema-de-transporte-publico-por-embarcaciones-en-vitoria-brasil\/\"},\"author\":{\"name\":\"Alexandre Asquini\",\"@id\":\"https:\/\/mobilitas.lat\/es\/#\/schema\/person\/cae0d01ccbe855d1858d146e4c4d582d\"},\"headline\":\"Las empresas tienen hasta el 11 de febrero de 2021 para presentar propuestas para la construcci\u00f3n de los cuatro muelles del sistema de transporte p\u00fablico por embarcaciones en Vit\u00f3ria, Brasil.\",\"datePublished\":\"2021-01-16T02:44:58+00:00\",\"dateModified\":\"2021-01-16T02:45:00+00:00\",\"mainEntityOfPage\":{\"@id\":\"https:\/\/mobilitas.lat\/es\/2021\/01\/15\/las-empresas-tienen-hasta-el-11-de-febrero-de-2021-para-presentar-propuestas-para-la-construccion-de-los-cuatro-muelles-del-sistema-de-transporte-publico-por-embarcaciones-en-vitoria-brasil\/\"},\"wordCount\":554,\"publisher\":{\"@id\":\"https:\/\/mobilitas.lat\/es\/#organization\"},\"image\":{\"@id\":\"https:\/\/mobilitas.lat\/es\/2021\/01\/15\/las-empresas-tienen-hasta-el-11-de-febrero-de-2021-para-presentar-propuestas-para-la-construccion-de-los-cuatro-muelles-del-sistema-de-transporte-publico-por-embarcaciones-en-vitoria-brasil\/#primaryimage\"},\"thumbnailUrl\":\"https:\/\/storage.mobilitas.lat\/uploads\/2021\/01\/MOBILITAS-VITORIA-AQUAVIARIO-PIER-IMAGEM-3-COM-CORTE-A.jpg\",\"keywords\":[\"tema\",\"TRANSPORTE ACU\u00c1TICO\"],\"articleSection\":[\"Notas\"],\"inLanguage\":\"es-ES\"},{\"@type\":\"WebPage\",\"@id\":\"https:\/\/mobilitas.lat\/es\/2021\/01\/15\/las-empresas-tienen-hasta-el-11-de-febrero-de-2021-para-presentar-propuestas-para-la-construccion-de-los-cuatro-muelles-del-sistema-de-transporte-publico-por-embarcaciones-en-vitoria-brasil\/\",\"url\":\"https:\/\/mobilitas.lat\/es\/2021\/01\/15\/las-empresas-tienen-hasta-el-11-de-febrero-de-2021-para-presentar-propuestas-para-la-construccion-de-los-cuatro-muelles-del-sistema-de-transporte-publico-por-embarcaciones-en-vitoria-brasil\/\",\"name\":\"Las empresas tienen hasta el 11 de febrero de 2021 para presentar propuestas para la construcci\u00f3n de los cuatro muelles del sistema de transporte p\u00fablico por embarcaciones en Vit\u00f3ria, Brasil. | Mobilitas\",\"isPartOf\":{\"@id\":\"https:\/\/mobilitas.lat\/es\/#website\"},\"primaryImageOfPage\":{\"@id\":\"https:\/\/mobilitas.lat\/es\/2021\/01\/15\/las-empresas-tienen-hasta-el-11-de-febrero-de-2021-para-presentar-propuestas-para-la-construccion-de-los-cuatro-muelles-del-sistema-de-transporte-publico-por-embarcaciones-en-vitoria-brasil\/#primaryimage\"},\"image\":{\"@id\":\"https:\/\/mobilitas.lat\/es\/2021\/01\/15\/las-empresas-tienen-hasta-el-11-de-febrero-de-2021-para-presentar-propuestas-para-la-construccion-de-los-cuatro-muelles-del-sistema-de-transporte-publico-por-embarcaciones-en-vitoria-brasil\/#primaryimage\"},\"thumbnailUrl\":\"https:\/\/storage.mobilitas.lat\/uploads\/2021\/01\/MOBILITAS-VITORIA-AQUAVIARIO-PIER-IMAGEM-3-COM-CORTE-A.jpg\",\"datePublished\":\"2021-01-16T02:44:58+00:00\",\"dateModified\":\"2021-01-16T02:45:00+00:00\",\"breadcrumb\":{\"@id\":\"https:\/\/mobilitas.lat\/es\/2021\/01\/15\/las-empresas-tienen-hasta-el-11-de-febrero-de-2021-para-presentar-propuestas-para-la-construccion-de-los-cuatro-muelles-del-sistema-de-transporte-publico-por-embarcaciones-en-vitoria-brasil\/#breadcrumb\"},\"inLanguage\":\"es-ES\",\"potentialAction\":[{\"@type\":\"ReadAction\",\"target\":[\"https:\/\/mobilitas.lat\/es\/2021\/01\/15\/las-empresas-tienen-hasta-el-11-de-febrero-de-2021-para-presentar-propuestas-para-la-construccion-de-los-cuatro-muelles-del-sistema-de-transporte-publico-por-embarcaciones-en-vitoria-brasil\/\"]}]},{\"@type\":\"ImageObject\",\"inLanguage\":\"es-ES\",\"@id\":\"https:\/\/mobilitas.lat\/es\/2021\/01\/15\/las-empresas-tienen-hasta-el-11-de-febrero-de-2021-para-presentar-propuestas-para-la-construccion-de-los-cuatro-muelles-del-sistema-de-transporte-publico-por-embarcaciones-en-vitoria-brasil\/#primaryimage\",\"url\":\"https:\/\/storage.mobilitas.lat\/uploads\/2021\/01\/MOBILITAS-VITORIA-AQUAVIARIO-PIER-IMAGEM-3-COM-CORTE-A.jpg\",\"contentUrl\":\"https:\/\/storage.mobilitas.lat\/uploads\/2021\/01\/MOBILITAS-VITORIA-AQUAVIARIO-PIER-IMAGEM-3-COM-CORTE-A.jpg\",\"width\":764,\"height\":436},{\"@type\":\"BreadcrumbList\",\"@id\":\"https:\/\/mobilitas.lat\/es\/2021\/01\/15\/las-empresas-tienen-hasta-el-11-de-febrero-de-2021-para-presentar-propuestas-para-la-construccion-de-los-cuatro-muelles-del-sistema-de-transporte-publico-por-embarcaciones-en-vitoria-brasil\/#breadcrumb\",\"itemListElement\":[{\"@type\":\"ListItem\",\"position\":1,\"name\":\"In\u00edcio\",\"item\":\"https:\/\/mobilitas.lat\/es\/\"},{\"@type\":\"ListItem\",\"position\":2,\"name\":\"Las empresas tienen hasta el 11 de febrero de 2021 para presentar propuestas para la construcci\u00f3n de los cuatro muelles del sistema de transporte p\u00fablico por embarcaciones en Vit\u00f3ria, Brasil.\"}]},{\"@type\":\"WebSite\",\"@id\":\"https:\/\/mobilitas.lat\/es\/#website\",\"url\":\"https:\/\/mobilitas.lat\/es\/\",\"name\":\"Mobilitas\",\"description\":\"Tecnologia e Mobilidade Urbana na Am\u00e9rica Latina\",\"publisher\":{\"@id\":\"https:\/\/mobilitas.lat\/es\/#organization\"},\"potentialAction\":[{\"@type\":\"SearchAction\",\"target\":{\"@type\":\"EntryPoint\",\"urlTemplate\":\"https:\/\/mobilitas.lat\/es\/?s={search_term_string}\"},\"query-input\":{\"@type\":\"PropertyValueSpecification\",\"valueRequired\":true,\"valueName\":\"search_term_string\"}}],\"inLanguage\":\"es-ES\"},{\"@type\":\"Organization\",\"@id\":\"https:\/\/mobilitas.lat\/es\/#organization\",\"name\":\"OTM Editora\",\"url\":\"https:\/\/mobilitas.lat\/es\/\",\"logo\":{\"@type\":\"ImageObject\",\"inLanguage\":\"es-ES\",\"@id\":\"https:\/\/mobilitas.lat\/es\/#\/schema\/logo\/image\/\",\"url\":\"https:\/\/mobilitas.lat\/wp-content\/uploads\/2024\/03\/opengraph.png\",\"contentUrl\":\"https:\/\/mobilitas.lat\/wp-content\/uploads\/2024\/03\/opengraph.png\",\"width\":1200,\"height\":630,\"caption\":\"OTM Editora\"},\"image\":{\"@id\":\"https:\/\/mobilitas.lat\/es\/#\/schema\/logo\/image\/\"}},{\"@type\":\"Person\",\"@id\":\"https:\/\/mobilitas.lat\/es\/#\/schema\/person\/cae0d01ccbe855d1858d146e4c4d582d\",\"name\":\"Alexandre Asquini\",\"image\":{\"@type\":\"ImageObject\",\"inLanguage\":\"es-ES\",\"@id\":\"https:\/\/mobilitas.lat\/es\/#\/schema\/person\/image\/\",\"url\":\"https:\/\/secure.gravatar.com\/avatar\/aac99dbef1420f75cc7d86913eb8a7cdfbe13e2509ad7a45649a61414f6d2785?s=96&d=mm&r=g\",\"contentUrl\":\"https:\/\/secure.gravatar.com\/avatar\/aac99dbef1420f75cc7d86913eb8a7cdfbe13e2509ad7a45649a61414f6d2785?s=96&d=mm&r=g\",\"caption\":\"Alexandre Asquini\"}}]}<\/script>\n<!-- \/ Yoast SEO plugin. -->","yoast_head_json":{"title":"Las empresas tienen hasta el 11 de febrero de 2021 para presentar propuestas para la construcci\u00f3n de los cuatro muelles del sistema de transporte p\u00fablico por embarcaciones en Vit\u00f3ria, Brasil. | Mobilitas","robots":{"index":"index","follow":"follow","max-snippet":"max-snippet:-1","max-image-preview":"max-image-preview:large","max-video-preview":"max-video-preview:-1"},"canonical":"https:\/\/mobilitas.lat\/es\/2021\/01\/15\/las-empresas-tienen-hasta-el-11-de-febrero-de-2021-para-presentar-propuestas-para-la-construccion-de-los-cuatro-muelles-del-sistema-de-transporte-publico-por-embarcaciones-en-vitoria-brasil\/","og_locale":"es_ES","og_type":"article","og_title":"Las empresas tienen hasta el 11 de febrero de 2021 para presentar propuestas para la construcci\u00f3n de los cuatro muelles del sistema de transporte p\u00fablico por embarcaciones en Vit\u00f3ria, Brasil. | Mobilitas","og_description":"El Gobierno del Estado de Esp\u00edrito Santo, en la regi\u00f3n sureste de Brasil, informa que las empresas interesadas tienen hasta el 11 de febrero de 2021 para presentar propuestas para la construcci\u00f3n de cuatro muelles para el sistema de transporte p\u00fablico por embarcaciones en la Regi\u00f3n Metropolitana de Vit\u00f3ria, capital del estado. Vit\u00f3ria es una [&hellip;]","og_url":"https:\/\/mobilitas.lat\/es\/2021\/01\/15\/las-empresas-tienen-hasta-el-11-de-febrero-de-2021-para-presentar-propuestas-para-la-construccion-de-los-cuatro-muelles-del-sistema-de-transporte-publico-por-embarcaciones-en-vitoria-brasil\/","og_site_name":"Mobilitas","article_published_time":"2021-01-16T02:44:58+00:00","article_modified_time":"2021-01-16T02:45:00+00:00","og_image":[{"width":764,"height":436,"url":"https:\/\/storage.mobilitas.lat\/uploads\/2021\/01\/MOBILITAS-VITORIA-AQUAVIARIO-PIER-IMAGEM-3-COM-CORTE-A.jpg","type":"image\/jpeg"}],"author":"Alexandre Asquini","twitter_card":"summary_large_image","twitter_misc":{"Written by":"Alexandre Asquini","Est. reading time":"3 minutes"},"schema":{"@context":"https:\/\/schema.org","@graph":[{"@type":"Article","@id":"https:\/\/mobilitas.lat\/es\/2021\/01\/15\/las-empresas-tienen-hasta-el-11-de-febrero-de-2021-para-presentar-propuestas-para-la-construccion-de-los-cuatro-muelles-del-sistema-de-transporte-publico-por-embarcaciones-en-vitoria-brasil\/#article","isPartOf":{"@id":"https:\/\/mobilitas.lat\/es\/2021\/01\/15\/las-empresas-tienen-hasta-el-11-de-febrero-de-2021-para-presentar-propuestas-para-la-construccion-de-los-cuatro-muelles-del-sistema-de-transporte-publico-por-embarcaciones-en-vitoria-brasil\/"},"author":{"name":"Alexandre Asquini","@id":"https:\/\/mobilitas.lat\/es\/#\/schema\/person\/cae0d01ccbe855d1858d146e4c4d582d"},"headline":"Las empresas tienen hasta el 11 de febrero de 2021 para presentar propuestas para la construcci\u00f3n de los cuatro muelles del sistema de transporte p\u00fablico por embarcaciones en Vit\u00f3ria, Brasil.","datePublished":"2021-01-16T02:44:58+00:00","dateModified":"2021-01-16T02:45:00+00:00","mainEntityOfPage":{"@id":"https:\/\/mobilitas.lat\/es\/2021\/01\/15\/las-empresas-tienen-hasta-el-11-de-febrero-de-2021-para-presentar-propuestas-para-la-construccion-de-los-cuatro-muelles-del-sistema-de-transporte-publico-por-embarcaciones-en-vitoria-brasil\/"},"wordCount":554,"publisher":{"@id":"https:\/\/mobilitas.lat\/es\/#organization"},"image":{"@id":"https:\/\/mobilitas.lat\/es\/2021\/01\/15\/las-empresas-tienen-hasta-el-11-de-febrero-de-2021-para-presentar-propuestas-para-la-construccion-de-los-cuatro-muelles-del-sistema-de-transporte-publico-por-embarcaciones-en-vitoria-brasil\/#primaryimage"},"thumbnailUrl":"https:\/\/storage.mobilitas.lat\/uploads\/2021\/01\/MOBILITAS-VITORIA-AQUAVIARIO-PIER-IMAGEM-3-COM-CORTE-A.jpg","keywords":["tema","TRANSPORTE ACU\u00c1TICO"],"articleSection":["Notas"],"inLanguage":"es-ES"},{"@type":"WebPage","@id":"https:\/\/mobilitas.lat\/es\/2021\/01\/15\/las-empresas-tienen-hasta-el-11-de-febrero-de-2021-para-presentar-propuestas-para-la-construccion-de-los-cuatro-muelles-del-sistema-de-transporte-publico-por-embarcaciones-en-vitoria-brasil\/","url":"https:\/\/mobilitas.lat\/es\/2021\/01\/15\/las-empresas-tienen-hasta-el-11-de-febrero-de-2021-para-presentar-propuestas-para-la-construccion-de-los-cuatro-muelles-del-sistema-de-transporte-publico-por-embarcaciones-en-vitoria-brasil\/","name":"Las empresas tienen hasta el 11 de febrero de 2021 para presentar propuestas para la construcci\u00f3n de los cuatro muelles del sistema de transporte p\u00fablico por embarcaciones en Vit\u00f3ria, Brasil. | Mobilitas","isPartOf":{"@id":"https:\/\/mobilitas.lat\/es\/#website"},"primaryImageOfPage":{"@id":"https:\/\/mobilitas.lat\/es\/2021\/01\/15\/las-empresas-tienen-hasta-el-11-de-febrero-de-2021-para-presentar-propuestas-para-la-construccion-de-los-cuatro-muelles-del-sistema-de-transporte-publico-por-embarcaciones-en-vitoria-brasil\/#primaryimage"},"image":{"@id":"https:\/\/mobilitas.lat\/es\/2021\/01\/15\/las-empresas-tienen-hasta-el-11-de-febrero-de-2021-para-presentar-propuestas-para-la-construccion-de-los-cuatro-muelles-del-sistema-de-transporte-publico-por-embarcaciones-en-vitoria-brasil\/#primaryimage"},"thumbnailUrl":"https:\/\/storage.mobilitas.lat\/uploads\/2021\/01\/MOBILITAS-VITORIA-AQUAVIARIO-PIER-IMAGEM-3-COM-CORTE-A.jpg","datePublished":"2021-01-16T02:44:58+00:00","dateModified":"2021-01-16T02:45:00+00:00","breadcrumb":{"@id":"https:\/\/mobilitas.lat\/es\/2021\/01\/15\/las-empresas-tienen-hasta-el-11-de-febrero-de-2021-para-presentar-propuestas-para-la-construccion-de-los-cuatro-muelles-del-sistema-de-transporte-publico-por-embarcaciones-en-vitoria-brasil\/#breadcrumb"},"inLanguage":"es-ES","potentialAction":[{"@type":"ReadAction","target":["https:\/\/mobilitas.lat\/es\/2021\/01\/15\/las-empresas-tienen-hasta-el-11-de-febrero-de-2021-para-presentar-propuestas-para-la-construccion-de-los-cuatro-muelles-del-sistema-de-transporte-publico-por-embarcaciones-en-vitoria-brasil\/"]}]},{"@type":"ImageObject","inLanguage":"es-ES","@id":"https:\/\/mobilitas.lat\/es\/2021\/01\/15\/las-empresas-tienen-hasta-el-11-de-febrero-de-2021-para-presentar-propuestas-para-la-construccion-de-los-cuatro-muelles-del-sistema-de-transporte-publico-por-embarcaciones-en-vitoria-brasil\/#primaryimage","url":"https:\/\/storage.mobilitas.lat\/uploads\/2021\/01\/MOBILITAS-VITORIA-AQUAVIARIO-PIER-IMAGEM-3-COM-CORTE-A.jpg","contentUrl":"https:\/\/storage.mobilitas.lat\/uploads\/2021\/01\/MOBILITAS-VITORIA-AQUAVIARIO-PIER-IMAGEM-3-COM-CORTE-A.jpg","width":764,"height":436},{"@type":"BreadcrumbList","@id":"https:\/\/mobilitas.lat\/es\/2021\/01\/15\/las-empresas-tienen-hasta-el-11-de-febrero-de-2021-para-presentar-propuestas-para-la-construccion-de-los-cuatro-muelles-del-sistema-de-transporte-publico-por-embarcaciones-en-vitoria-brasil\/#breadcrumb","itemListElement":[{"@type":"ListItem","position":1,"name":"In\u00edcio","item":"https:\/\/mobilitas.lat\/es\/"},{"@type":"ListItem","position":2,"name":"Las empresas tienen hasta el 11 de febrero de 2021 para presentar propuestas para la construcci\u00f3n de los cuatro muelles del sistema de transporte p\u00fablico por embarcaciones en Vit\u00f3ria, Brasil."}]},{"@type":"WebSite","@id":"https:\/\/mobilitas.lat\/es\/#website","url":"https:\/\/mobilitas.lat\/es\/","name":"Mobilitas","description":"Tecnologia e Mobilidade Urbana na Am\u00e9rica Latina","publisher":{"@id":"https:\/\/mobilitas.lat\/es\/#organization"},"potentialAction":[{"@type":"SearchAction","target":{"@type":"EntryPoint","urlTemplate":"https:\/\/mobilitas.lat\/es\/?s={search_term_string}"},"query-input":{"@type":"PropertyValueSpecification","valueRequired":true,"valueName":"search_term_string"}}],"inLanguage":"es-ES"},{"@type":"Organization","@id":"https:\/\/mobilitas.lat\/es\/#organization","name":"OTM Editora","url":"https:\/\/mobilitas.lat\/es\/","logo":{"@type":"ImageObject","inLanguage":"es-ES","@id":"https:\/\/mobilitas.lat\/es\/#\/schema\/logo\/image\/","url":"https:\/\/mobilitas.lat\/wp-content\/uploads\/2024\/03\/opengraph.png","contentUrl":"https:\/\/mobilitas.lat\/wp-content\/uploads\/2024\/03\/opengraph.png","width":1200,"height":630,"caption":"OTM Editora"},"image":{"@id":"https:\/\/mobilitas.lat\/es\/#\/schema\/logo\/image\/"}},{"@type":"Person","@id":"https:\/\/mobilitas.lat\/es\/#\/schema\/person\/cae0d01ccbe855d1858d146e4c4d582d","name":"Alexandre Asquini","image":{"@type":"ImageObject","inLanguage":"es-ES","@id":"https:\/\/mobilitas.lat\/es\/#\/schema\/person\/image\/","url":"https:\/\/secure.gravatar.com\/avatar\/aac99dbef1420f75cc7d86913eb8a7cdfbe13e2509ad7a45649a61414f6d2785?s=96&d=mm&r=g","contentUrl":"https:\/\/secure.gravatar.com\/avatar\/aac99dbef1420f75cc7d86913eb8a7cdfbe13e2509ad7a45649a61414f6d2785?s=96&d=mm&r=g","caption":"Alexandre Asquini"}}]}},"_links":{"self":[{"href":"https:\/\/mobilitas.lat\/es\/wp-json\/wp\/v2\/posts\/9695","targetHints":{"allow":["GET"]}}],"collection":[{"href":"https:\/\/mobilitas.lat\/es\/wp-json\/wp\/v2\/posts"}],"about":[{"href":"https:\/\/mobilitas.lat\/es\/wp-json\/wp\/v2\/types\/post"}],"author":[{"embeddable":true,"href":"https:\/\/mobilitas.lat\/es\/wp-json\/wp\/v2\/users\/2"}],"replies":[{"embeddable":true,"href":"https:\/\/mobilitas.lat\/es\/wp-json\/wp\/v2\/comments?post=9695"}],"version-history":[{"count":4,"href":"https:\/\/mobilitas.lat\/es\/wp-json\/wp\/v2\/posts\/9695\/revisions"}],"predecessor-version":[{"id":9703,"href":"https:\/\/mobilitas.lat\/es\/wp-json\/wp\/v2\/posts\/9695\/revisions\/9703"}],"wp:featuredmedia":[{"embeddable":true,"href":"https:\/\/mobilitas.lat\/es\/wp-json\/wp\/v2\/media\/9702"}],"wp:attachment":[{"href":"https:\/\/mobilitas.lat\/es\/wp-json\/wp\/v2\/media?parent=9695"}],"wp:term":[{"taxonomy":"category","embeddable":true,"href":"https:\/\/mobilitas.lat\/es\/wp-json\/wp\/v2\/categories?post=9695"},{"taxonomy":"post_tag","embeddable":true,"href":"https:\/\/mobilitas.lat\/es\/wp-json\/wp\/v2\/tags?post=9695"}],"curies":[{"name":"wp","href":"https:\/\/api.w.org\/{rel}","templated":true}]}}