{"id":8635,"date":"2020-09-28T16:48:38","date_gmt":"2020-09-28T19:48:38","guid":{"rendered":"https:\/\/mobilitas.lat\/?p=8635"},"modified":"2020-09-28T17:08:05","modified_gmt":"2020-09-28T20:08:05","slug":"el-transporte-publico-debe-recibir-apoyo-y-financiamiento-para-seguir-sirviendo-a-ciudades-de-todo-el-mundo-dice-el-presidente-mundial-de-la-uitp-pere-calvet-quien-el-7-de-octubre-participara-en-la","status":"publish","type":"post","link":"https:\/\/mobilitas.lat\/es\/2020\/09\/28\/el-transporte-publico-debe-recibir-apoyo-y-financiamiento-para-seguir-sirviendo-a-ciudades-de-todo-el-mundo-dice-el-presidente-mundial-de-la-uitp-pere-calvet-quien-el-7-de-octubre-participara-en-la\/","title":{"rendered":"El transporte p\u00fablico debe recibir financiamiento y apoyo para seguir sirviendo a ciudades de todo el mundo, dice el presidente global de la UITP, Pere Calvet, quien el 7 de octubre participar\u00e1 en la Semana UITP Am\u00e9rica Latina 2020, evento online y gratuito"},"content":{"rendered":"\n<p><strong>ALEXANDRE ASQUINI<\/strong><\/p>\n\n\n\n<p><strong><em>El presidente mundial de la Uni\u00f3n Internacional de Transporte P\u00fablico (UITP), Pere Calvet, participar\u00e1 el d\u00eda 7 de octubre en la inauguraci\u00f3n de la Semana UITP Am\u00e9rica Latina 2020, centrada en Covid-19: impactos, planes de recuperaci\u00f3n, operaciones y gobernanza para la sostenibilidad transporte: un evento en l\u00ednea y completamente gratuito.<\/em><\/strong> <\/p>\n\n\n\n<p><strong><em>En esta entrevista, destaca la importancia del transporte p\u00fablico durante la crisis de salud global y su papel en la reanudaci\u00f3n despu\u00e9s de la pandemia. &#8220;Es de gran importancia que el transporte p\u00fablico reciba el apoyo y la financiaci\u00f3n necesarios para seguir sirviendo a ciudades de todo el mundo&#8221;, dijo.<\/em><\/strong><\/p>\n\n\n\n<ul class=\"wp-block-list\"><li><strong>MOBILITAS \u2013<\/strong> <em>Usted ha seguido el desarrollo de la crisis de salud global resultante de Covid-19, que se extendi\u00f3 repentinamente y, por esta misma raz\u00f3n, fue sorprendente. \u00bfC\u00f3mo eval\u00faa la capacidad de reacci\u00f3n de la UITP? \u00bfY la capacidad de reacci\u00f3n de los operadores de transporte?<\/em><\/li><\/ul>\n\n\n\n<div class=\"wp-block-image\"><figure class=\"alignleft size-large\"><img loading=\"lazy\" decoding=\"async\" width=\"344\" height=\"236\" src=\"https:\/\/storage.mobilitas.lat\/uploads\/2020\/09\/MOBILITAS-PERE-CALVET-1.jpg\" alt=\"\" class=\"wp-image-8628\" srcset=\"https:\/\/storage.mobilitas.lat\/uploads\/2020\/09\/MOBILITAS-PERE-CALVET-1.jpg 344w, https:\/\/storage.mobilitas.lat\/uploads\/2020\/09\/MOBILITAS-PERE-CALVET-1-300x206.jpg 300w\" sizes=\"auto, (max-width: 344px) 100vw, 344px\" \/><figcaption><strong><em>Pere Calvet<\/em><\/strong><\/figcaption><\/figure><\/div>\n\n\n\n<p><strong>PERE CALVET &#8211;<\/strong> Como qued\u00f3 claro para todos en el sector del transporte p\u00fablico que la nueva pandemia de coronavirus afectar\u00eda a nuestra industria, la reacci\u00f3n de la UITP y de los m\u00e1s de 1.800 miembros de la asociaci\u00f3n fue inmediata. Con las restricciones de movimiento, faltaba el contacto personal, lo que ayuda a promover la movilidad urbana. La UITP se propuso corregir esto de varias formas posibles, con eventos digitales y seminarios web, grupos de intercambio en l\u00ednea y grupos de trabajo dedicados. Esta forma de trabajo digital utilizada en este momento no reemplaza lo que ten\u00edamos antes, pero mantiene la conexi\u00f3n fuerte dentro de nuestra comunidad. Tambi\u00e9n qued\u00f3 claro que la imagen del transporte p\u00fablico y los mensajes positivos eran m\u00e1s fuertes que nunca y que tendr\u00edan que permanecer en el centro de atenci\u00f3n. No me sorprende lo valioso que se volvi\u00f3 el transporte p\u00fablico durante una pandemia mundial. Cuando comenzaron las restricciones globales de movimiento, el ecosistema del transporte p\u00fablico se vio afectado y era importante para la UITP que la gente se diera cuenta de lo vital que es este servicio para la vida de la ciudad. El transporte p\u00fablico mueve a los trabajadores esenciales en nuestras ciudades, y el sector tambi\u00e9n est\u00e1 compuesto por trabajadores esenciales: nuestros Guardianes de la Movilidad. Durante las restricciones de bloqueo, los operadores y las autoridades permanecieron en sus puestos y mantuvieron en movimiento nuestros autobuses, subterr\u00e1neos, tranv\u00edas y trenes. Su compromiso con esta causa ha sido destacado por la UITP y sus miembros. Los pasajeros pueden presenciar los continuos esfuerzos de los operadores y las autoridades para hacer que el viaje sea lo m\u00e1s seguro y eficiente posible. Estoy seguro de que los pasajeros habr\u00e1n notado que sus redes de transporte p\u00fablico local siguen funcionando: el transporte p\u00fablico siempre se ha mantenido activo. Esta dedicaci\u00f3n muestra c\u00f3mo el transporte p\u00fablico es necesario y lo importante que es para el sector recibir inversiones y atenci\u00f3n del gobierno, de manera adecuada y precisa.<\/p>\n\n\n\n<ul class=\"wp-block-list\"><li><strong>MOBILITAS &#8211;<\/strong> <em>La crisis lleg\u00f3 a Am\u00e9rica Latina despu\u00e9s de haber devastado otras regiones. En su opini\u00f3n, \u00bfc\u00f3mo le va al continente?<\/em><\/li><\/ul>\n\n\n\n<p><strong>PERE CALVET<\/strong> &#8211; El mundo entero puede estar enfrentando los impactos continuos de la nueva pandemia de coronavirus, pero hemos visto diferentes respuestas y necesidades emergentes en varias regiones. En Am\u00e9rica Latina, donde la UITP tiene una base y miembros s\u00f3lidos, hemos visto surgir el debate sobre la sostenibilidad econ\u00f3mica. La pandemia est\u00e1 demostrando que los servicios urbanos y la infraestructura que los sustenta deben coexistir de manera integrada y equilibrada para todos los ciudadanos. Como en muchas otras partes del mundo, los debates sobre modernizaci\u00f3n y regulaci\u00f3n est\u00e1n en curso y las discusiones sobre inversi\u00f3n e infraestructura aparecen con fuerza en las discusiones que buscan respuestas en Am\u00e9rica Latina. Las ciudades deben invertir en transporte p\u00fablico y espacio para la movilidad activa; siempre existe la necesidad de un mejor uso del suelo urbano. Como hemos sido testigos del aumento del perfil y la imagen positiva del transporte p\u00fablico durante estos tiempos, es vital que esto se haga en todas las ciudades del mundo. En Am\u00e9rica Latina, la UITP trabaja con todos los miembros locales para garantizar el aumento de mensajes en torno al transporte p\u00fablico para que cada vez m\u00e1s personas se den cuenta de que es la mejor manera de preservar la salud de nuestras ciudades.<\/p>\n\n\n\n<ul class=\"wp-block-list\"><li><strong><em>MOBILITAS &#8211;<\/em><\/strong><em> \u00bfCu\u00e1l es el papel de la UITP en la construcci\u00f3n de nuevos paradigmas para el transporte p\u00fablico despu\u00e9s de la pandemia?<\/em><\/li><\/ul>\n\n\n\n<p><strong>PERE CALVET &#8211;<\/strong> UITP est\u00e1 trabajando para desafiar cualquier concepto err\u00f3neo que la gente tenga sobre el transporte p\u00fablico. El transporte p\u00fablico nunca ignor\u00f3 la pandemia y la confiabilidad y presencia continuada de las redes locales durante el bloqueo y luego enfatiza esto. Todos debemos mostrar los beneficios del transporte p\u00fablico. La respuesta nunca es m\u00e1s viajes privados en autom\u00f3vil, el autom\u00f3vil utilizado por una sola persona. La investigaci\u00f3n contin\u00faa dici\u00e9ndonos que la transmisi\u00f3n en el transporte p\u00fablico es baja. Con las precauciones actuales de las mascarillas y el aumento de las medidas de limpieza, las personas no deben tener miedo de utilizar el transporte p\u00fablico. La UITP comparte regularmente consejos, informaci\u00f3n y las \u00faltimas noticias de la industria relacionadas con Covid-19 con el p\u00fablico y se ha centrado en c\u00f3mo ser\u00e1 la vida del transporte p\u00fablico en un mundo pospand\u00e9mico. Es posible que a\u00fan no hayamos superado Covid-19, pero el enfoque debe estar en c\u00f3mo llegar a tiempos de mejor movilidad. \u00bfC\u00f3mo reconstruir de la mejor manera? Necesitamos evitar volver a tiempos de estancamiento. Nuestras ciudades pueden ser m\u00e1s saludables con m\u00e1s transporte p\u00fablico, no menos. Los beneficios para la salud y el debate clim\u00e1tico son evidentes. Cuando comenz\u00f3 la pandemia de coronavirus, hablamos extensamente sobre la supervivencia y prosperidad del sector del transporte p\u00fablico. El futuro del transporte p\u00fablico requiere la participaci\u00f3n de todas las partes interesadas: gobiernos, operadores, autoridades y pasajeros, como lo es para todos. Es de gran importancia que el transporte p\u00fablico reciba el apoyo y la financiaci\u00f3n necesarios para seguir dando servicio a ciudades de todo el mundo.<\/p>\n\n\n\n<p><strong><em><a rel=\"noreferrer noopener\" href=\"https:\/\/www.uitp.org\/events\/uitp-latin-america-week-2020-digital-exeprience\/\" target=\"_blank\">Haga clic aqu\u00ed para m\u00e1s informaci\u00f3n sobre la Semana UITP Am\u00e9rica Latina e inscripci\u00f3n gratuita.<\/a><\/em><\/strong><\/p>\n","protected":false},"excerpt":{"rendered":"<p>ALEXANDRE ASQUINI El presidente mundial de la Uni\u00f3n Internacional de Transporte P\u00fablico (UITP), Pere Calvet, participar\u00e1 el d\u00eda 7 de octubre en la inauguraci\u00f3n de la Semana UITP Am\u00e9rica Latina 2020, centrada en Covid-19: impactos, planes de recuperaci\u00f3n, operaciones y gobernanza para la sostenibilidad transporte: un evento en l\u00ednea y completamente gratuito. En esta entrevista, [&hellip;]<\/p>\n","protected":false},"author":2,"featured_media":8642,"comment_status":"closed","ping_status":"closed","sticky":false,"template":"","format":"standard","meta":{"footnotes":""},"categories":[287],"tags":[627,916,975,739],"class_list":["post-8635","post","type-post","status-publish","format-standard","has-post-thumbnail","hentry","category-notas","tag-pere-calvet","tag-semana-uitp-america-latina","tag-tema-es","tag-uitp-es"],"yoast_head":"<!-- This site is optimized with the Yoast SEO plugin v26.9 - https:\/\/yoast.com\/product\/yoast-seo-wordpress\/ -->\n<title>El transporte p\u00fablico debe recibir financiamiento y apoyo para seguir sirviendo a ciudades de todo el mundo, dice el presidente global de la UITP, Pere Calvet, quien el 7 de octubre participar\u00e1 en la Semana UITP Am\u00e9rica Latina 2020, evento online y gratuito | Mobilitas<\/title>\n<meta name=\"robots\" content=\"index, follow, max-snippet:-1, max-image-preview:large, max-video-preview:-1\" \/>\n<link rel=\"canonical\" href=\"https:\/\/mobilitas.lat\/es\/2020\/09\/28\/el-transporte-publico-debe-recibir-apoyo-y-financiamiento-para-seguir-sirviendo-a-ciudades-de-todo-el-mundo-dice-el-presidente-mundial-de-la-uitp-pere-calvet-quien-el-7-de-octubre-participara-en-la\/\" \/>\n<meta property=\"og:locale\" content=\"es_ES\" \/>\n<meta property=\"og:type\" content=\"article\" \/>\n<meta property=\"og:title\" content=\"El transporte p\u00fablico debe recibir financiamiento y apoyo para seguir sirviendo a ciudades de todo el mundo, dice el presidente global de la UITP, Pere Calvet, quien el 7 de octubre participar\u00e1 en la Semana UITP Am\u00e9rica Latina 2020, evento online y gratuito | Mobilitas\" \/>\n<meta property=\"og:description\" content=\"ALEXANDRE ASQUINI El presidente mundial de la Uni\u00f3n Internacional de Transporte P\u00fablico (UITP), Pere Calvet, participar\u00e1 el d\u00eda 7 de octubre en la inauguraci\u00f3n de la Semana UITP Am\u00e9rica Latina 2020, centrada en Covid-19: impactos, planes de recuperaci\u00f3n, operaciones y gobernanza para la sostenibilidad transporte: un evento en l\u00ednea y completamente gratuito. En esta entrevista, [&hellip;]\" \/>\n<meta property=\"og:url\" content=\"https:\/\/mobilitas.lat\/es\/2020\/09\/28\/el-transporte-publico-debe-recibir-apoyo-y-financiamiento-para-seguir-sirviendo-a-ciudades-de-todo-el-mundo-dice-el-presidente-mundial-de-la-uitp-pere-calvet-quien-el-7-de-octubre-participara-en-la\/\" \/>\n<meta property=\"og:site_name\" content=\"Mobilitas\" \/>\n<meta property=\"article:published_time\" content=\"2020-09-28T19:48:38+00:00\" \/>\n<meta property=\"article:modified_time\" content=\"2020-09-28T20:08:05+00:00\" \/>\n<meta property=\"og:image\" content=\"https:\/\/storage.mobilitas.lat\/uploads\/2020\/09\/MOBILITAS-PERE-CALVET-3.jpg\" \/>\n\t<meta property=\"og:image:width\" content=\"344\" \/>\n\t<meta property=\"og:image:height\" content=\"195\" \/>\n\t<meta property=\"og:image:type\" content=\"image\/jpeg\" \/>\n<meta name=\"author\" content=\"Alexandre Asquini\" \/>\n<meta name=\"twitter:card\" content=\"summary_large_image\" \/>\n<meta name=\"twitter:label1\" content=\"Written by\" \/>\n\t<meta name=\"twitter:data1\" content=\"Alexandre Asquini\" \/>\n\t<meta name=\"twitter:label2\" content=\"Est. reading time\" \/>\n\t<meta name=\"twitter:data2\" content=\"6 minutes\" \/>\n<script type=\"application\/ld+json\" class=\"yoast-schema-graph\">{\"@context\":\"https:\/\/schema.org\",\"@graph\":[{\"@type\":\"Article\",\"@id\":\"https:\/\/mobilitas.lat\/es\/2020\/09\/28\/el-transporte-publico-debe-recibir-apoyo-y-financiamiento-para-seguir-sirviendo-a-ciudades-de-todo-el-mundo-dice-el-presidente-mundial-de-la-uitp-pere-calvet-quien-el-7-de-octubre-participara-en-la\/#article\",\"isPartOf\":{\"@id\":\"https:\/\/mobilitas.lat\/es\/2020\/09\/28\/el-transporte-publico-debe-recibir-apoyo-y-financiamiento-para-seguir-sirviendo-a-ciudades-de-todo-el-mundo-dice-el-presidente-mundial-de-la-uitp-pere-calvet-quien-el-7-de-octubre-participara-en-la\/\"},\"author\":{\"name\":\"Alexandre Asquini\",\"@id\":\"https:\/\/mobilitas.lat\/es\/#\/schema\/person\/cae0d01ccbe855d1858d146e4c4d582d\"},\"headline\":\"El transporte p\u00fablico debe recibir financiamiento y apoyo para seguir sirviendo a ciudades de todo el mundo, dice el presidente global de la UITP, Pere Calvet, quien el 7 de octubre participar\u00e1 en la Semana UITP Am\u00e9rica Latina 2020, evento online y gratuito\",\"datePublished\":\"2020-09-28T19:48:38+00:00\",\"dateModified\":\"2020-09-28T20:08:05+00:00\",\"mainEntityOfPage\":{\"@id\":\"https:\/\/mobilitas.lat\/es\/2020\/09\/28\/el-transporte-publico-debe-recibir-apoyo-y-financiamiento-para-seguir-sirviendo-a-ciudades-de-todo-el-mundo-dice-el-presidente-mundial-de-la-uitp-pere-calvet-quien-el-7-de-octubre-participara-en-la\/\"},\"wordCount\":1152,\"publisher\":{\"@id\":\"https:\/\/mobilitas.lat\/es\/#organization\"},\"image\":{\"@id\":\"https:\/\/mobilitas.lat\/es\/2020\/09\/28\/el-transporte-publico-debe-recibir-apoyo-y-financiamiento-para-seguir-sirviendo-a-ciudades-de-todo-el-mundo-dice-el-presidente-mundial-de-la-uitp-pere-calvet-quien-el-7-de-octubre-participara-en-la\/#primaryimage\"},\"thumbnailUrl\":\"https:\/\/storage.mobilitas.lat\/uploads\/2020\/09\/MOBILITAS-PERE-CALVET-3.jpg\",\"keywords\":[\"PERE CALVET\",\"SEMANA UITP AM\u00c9RICA LATINA\",\"tema\",\"UITP\"],\"articleSection\":[\"Notas\"],\"inLanguage\":\"es-ES\"},{\"@type\":\"WebPage\",\"@id\":\"https:\/\/mobilitas.lat\/es\/2020\/09\/28\/el-transporte-publico-debe-recibir-apoyo-y-financiamiento-para-seguir-sirviendo-a-ciudades-de-todo-el-mundo-dice-el-presidente-mundial-de-la-uitp-pere-calvet-quien-el-7-de-octubre-participara-en-la\/\",\"url\":\"https:\/\/mobilitas.lat\/es\/2020\/09\/28\/el-transporte-publico-debe-recibir-apoyo-y-financiamiento-para-seguir-sirviendo-a-ciudades-de-todo-el-mundo-dice-el-presidente-mundial-de-la-uitp-pere-calvet-quien-el-7-de-octubre-participara-en-la\/\",\"name\":\"El transporte p\u00fablico debe recibir financiamiento y apoyo para seguir sirviendo a ciudades de todo el mundo, dice el presidente global de la UITP, Pere Calvet, quien el 7 de octubre participar\u00e1 en la Semana UITP Am\u00e9rica Latina 2020, evento online y gratuito | Mobilitas\",\"isPartOf\":{\"@id\":\"https:\/\/mobilitas.lat\/es\/#website\"},\"primaryImageOfPage\":{\"@id\":\"https:\/\/mobilitas.lat\/es\/2020\/09\/28\/el-transporte-publico-debe-recibir-apoyo-y-financiamiento-para-seguir-sirviendo-a-ciudades-de-todo-el-mundo-dice-el-presidente-mundial-de-la-uitp-pere-calvet-quien-el-7-de-octubre-participara-en-la\/#primaryimage\"},\"image\":{\"@id\":\"https:\/\/mobilitas.lat\/es\/2020\/09\/28\/el-transporte-publico-debe-recibir-apoyo-y-financiamiento-para-seguir-sirviendo-a-ciudades-de-todo-el-mundo-dice-el-presidente-mundial-de-la-uitp-pere-calvet-quien-el-7-de-octubre-participara-en-la\/#primaryimage\"},\"thumbnailUrl\":\"https:\/\/storage.mobilitas.lat\/uploads\/2020\/09\/MOBILITAS-PERE-CALVET-3.jpg\",\"datePublished\":\"2020-09-28T19:48:38+00:00\",\"dateModified\":\"2020-09-28T20:08:05+00:00\",\"breadcrumb\":{\"@id\":\"https:\/\/mobilitas.lat\/es\/2020\/09\/28\/el-transporte-publico-debe-recibir-apoyo-y-financiamiento-para-seguir-sirviendo-a-ciudades-de-todo-el-mundo-dice-el-presidente-mundial-de-la-uitp-pere-calvet-quien-el-7-de-octubre-participara-en-la\/#breadcrumb\"},\"inLanguage\":\"es-ES\",\"potentialAction\":[{\"@type\":\"ReadAction\",\"target\":[\"https:\/\/mobilitas.lat\/es\/2020\/09\/28\/el-transporte-publico-debe-recibir-apoyo-y-financiamiento-para-seguir-sirviendo-a-ciudades-de-todo-el-mundo-dice-el-presidente-mundial-de-la-uitp-pere-calvet-quien-el-7-de-octubre-participara-en-la\/\"]}]},{\"@type\":\"ImageObject\",\"inLanguage\":\"es-ES\",\"@id\":\"https:\/\/mobilitas.lat\/es\/2020\/09\/28\/el-transporte-publico-debe-recibir-apoyo-y-financiamiento-para-seguir-sirviendo-a-ciudades-de-todo-el-mundo-dice-el-presidente-mundial-de-la-uitp-pere-calvet-quien-el-7-de-octubre-participara-en-la\/#primaryimage\",\"url\":\"https:\/\/storage.mobilitas.lat\/uploads\/2020\/09\/MOBILITAS-PERE-CALVET-3.jpg\",\"contentUrl\":\"https:\/\/storage.mobilitas.lat\/uploads\/2020\/09\/MOBILITAS-PERE-CALVET-3.jpg\",\"width\":344,\"height\":195,\"caption\":\"Pere Calvet\"},{\"@type\":\"BreadcrumbList\",\"@id\":\"https:\/\/mobilitas.lat\/es\/2020\/09\/28\/el-transporte-publico-debe-recibir-apoyo-y-financiamiento-para-seguir-sirviendo-a-ciudades-de-todo-el-mundo-dice-el-presidente-mundial-de-la-uitp-pere-calvet-quien-el-7-de-octubre-participara-en-la\/#breadcrumb\",\"itemListElement\":[{\"@type\":\"ListItem\",\"position\":1,\"name\":\"In\u00edcio\",\"item\":\"https:\/\/mobilitas.lat\/es\/\"},{\"@type\":\"ListItem\",\"position\":2,\"name\":\"El transporte p\u00fablico debe recibir financiamiento y apoyo para seguir sirviendo a ciudades de todo el mundo, dice el presidente global de la UITP, Pere Calvet, quien el 7 de octubre participar\u00e1 en la Semana UITP Am\u00e9rica Latina 2020, evento online y gratuito\"}]},{\"@type\":\"WebSite\",\"@id\":\"https:\/\/mobilitas.lat\/es\/#website\",\"url\":\"https:\/\/mobilitas.lat\/es\/\",\"name\":\"Mobilitas\",\"description\":\"Tecnologia e Mobilidade Urbana na Am\u00e9rica Latina\",\"publisher\":{\"@id\":\"https:\/\/mobilitas.lat\/es\/#organization\"},\"potentialAction\":[{\"@type\":\"SearchAction\",\"target\":{\"@type\":\"EntryPoint\",\"urlTemplate\":\"https:\/\/mobilitas.lat\/es\/?s={search_term_string}\"},\"query-input\":{\"@type\":\"PropertyValueSpecification\",\"valueRequired\":true,\"valueName\":\"search_term_string\"}}],\"inLanguage\":\"es-ES\"},{\"@type\":\"Organization\",\"@id\":\"https:\/\/mobilitas.lat\/es\/#organization\",\"name\":\"OTM Editora\",\"url\":\"https:\/\/mobilitas.lat\/es\/\",\"logo\":{\"@type\":\"ImageObject\",\"inLanguage\":\"es-ES\",\"@id\":\"https:\/\/mobilitas.lat\/es\/#\/schema\/logo\/image\/\",\"url\":\"https:\/\/mobilitas.lat\/wp-content\/uploads\/2024\/03\/opengraph.png\",\"contentUrl\":\"https:\/\/mobilitas.lat\/wp-content\/uploads\/2024\/03\/opengraph.png\",\"width\":1200,\"height\":630,\"caption\":\"OTM Editora\"},\"image\":{\"@id\":\"https:\/\/mobilitas.lat\/es\/#\/schema\/logo\/image\/\"}},{\"@type\":\"Person\",\"@id\":\"https:\/\/mobilitas.lat\/es\/#\/schema\/person\/cae0d01ccbe855d1858d146e4c4d582d\",\"name\":\"Alexandre Asquini\",\"image\":{\"@type\":\"ImageObject\",\"inLanguage\":\"es-ES\",\"@id\":\"https:\/\/mobilitas.lat\/es\/#\/schema\/person\/image\/\",\"url\":\"https:\/\/secure.gravatar.com\/avatar\/aac99dbef1420f75cc7d86913eb8a7cdfbe13e2509ad7a45649a61414f6d2785?s=96&d=mm&r=g\",\"contentUrl\":\"https:\/\/secure.gravatar.com\/avatar\/aac99dbef1420f75cc7d86913eb8a7cdfbe13e2509ad7a45649a61414f6d2785?s=96&d=mm&r=g\",\"caption\":\"Alexandre Asquini\"}}]}<\/script>\n<!-- \/ Yoast SEO plugin. -->","yoast_head_json":{"title":"El transporte p\u00fablico debe recibir financiamiento y apoyo para seguir sirviendo a ciudades de todo el mundo, dice el presidente global de la UITP, Pere Calvet, quien el 7 de octubre participar\u00e1 en la Semana UITP Am\u00e9rica Latina 2020, evento online y gratuito | Mobilitas","robots":{"index":"index","follow":"follow","max-snippet":"max-snippet:-1","max-image-preview":"max-image-preview:large","max-video-preview":"max-video-preview:-1"},"canonical":"https:\/\/mobilitas.lat\/es\/2020\/09\/28\/el-transporte-publico-debe-recibir-apoyo-y-financiamiento-para-seguir-sirviendo-a-ciudades-de-todo-el-mundo-dice-el-presidente-mundial-de-la-uitp-pere-calvet-quien-el-7-de-octubre-participara-en-la\/","og_locale":"es_ES","og_type":"article","og_title":"El transporte p\u00fablico debe recibir financiamiento y apoyo para seguir sirviendo a ciudades de todo el mundo, dice el presidente global de la UITP, Pere Calvet, quien el 7 de octubre participar\u00e1 en la Semana UITP Am\u00e9rica Latina 2020, evento online y gratuito | Mobilitas","og_description":"ALEXANDRE ASQUINI El presidente mundial de la Uni\u00f3n Internacional de Transporte P\u00fablico (UITP), Pere Calvet, participar\u00e1 el d\u00eda 7 de octubre en la inauguraci\u00f3n de la Semana UITP Am\u00e9rica Latina 2020, centrada en Covid-19: impactos, planes de recuperaci\u00f3n, operaciones y gobernanza para la sostenibilidad transporte: un evento en l\u00ednea y completamente gratuito. En esta entrevista, [&hellip;]","og_url":"https:\/\/mobilitas.lat\/es\/2020\/09\/28\/el-transporte-publico-debe-recibir-apoyo-y-financiamiento-para-seguir-sirviendo-a-ciudades-de-todo-el-mundo-dice-el-presidente-mundial-de-la-uitp-pere-calvet-quien-el-7-de-octubre-participara-en-la\/","og_site_name":"Mobilitas","article_published_time":"2020-09-28T19:48:38+00:00","article_modified_time":"2020-09-28T20:08:05+00:00","og_image":[{"width":344,"height":195,"url":"https:\/\/storage.mobilitas.lat\/uploads\/2020\/09\/MOBILITAS-PERE-CALVET-3.jpg","type":"image\/jpeg"}],"author":"Alexandre Asquini","twitter_card":"summary_large_image","twitter_misc":{"Written by":"Alexandre Asquini","Est. reading time":"6 minutes"},"schema":{"@context":"https:\/\/schema.org","@graph":[{"@type":"Article","@id":"https:\/\/mobilitas.lat\/es\/2020\/09\/28\/el-transporte-publico-debe-recibir-apoyo-y-financiamiento-para-seguir-sirviendo-a-ciudades-de-todo-el-mundo-dice-el-presidente-mundial-de-la-uitp-pere-calvet-quien-el-7-de-octubre-participara-en-la\/#article","isPartOf":{"@id":"https:\/\/mobilitas.lat\/es\/2020\/09\/28\/el-transporte-publico-debe-recibir-apoyo-y-financiamiento-para-seguir-sirviendo-a-ciudades-de-todo-el-mundo-dice-el-presidente-mundial-de-la-uitp-pere-calvet-quien-el-7-de-octubre-participara-en-la\/"},"author":{"name":"Alexandre Asquini","@id":"https:\/\/mobilitas.lat\/es\/#\/schema\/person\/cae0d01ccbe855d1858d146e4c4d582d"},"headline":"El transporte p\u00fablico debe recibir financiamiento y apoyo para seguir sirviendo a ciudades de todo el mundo, dice el presidente global de la UITP, Pere Calvet, quien el 7 de octubre participar\u00e1 en la Semana UITP Am\u00e9rica Latina 2020, evento online y gratuito","datePublished":"2020-09-28T19:48:38+00:00","dateModified":"2020-09-28T20:08:05+00:00","mainEntityOfPage":{"@id":"https:\/\/mobilitas.lat\/es\/2020\/09\/28\/el-transporte-publico-debe-recibir-apoyo-y-financiamiento-para-seguir-sirviendo-a-ciudades-de-todo-el-mundo-dice-el-presidente-mundial-de-la-uitp-pere-calvet-quien-el-7-de-octubre-participara-en-la\/"},"wordCount":1152,"publisher":{"@id":"https:\/\/mobilitas.lat\/es\/#organization"},"image":{"@id":"https:\/\/mobilitas.lat\/es\/2020\/09\/28\/el-transporte-publico-debe-recibir-apoyo-y-financiamiento-para-seguir-sirviendo-a-ciudades-de-todo-el-mundo-dice-el-presidente-mundial-de-la-uitp-pere-calvet-quien-el-7-de-octubre-participara-en-la\/#primaryimage"},"thumbnailUrl":"https:\/\/storage.mobilitas.lat\/uploads\/2020\/09\/MOBILITAS-PERE-CALVET-3.jpg","keywords":["PERE CALVET","SEMANA UITP AM\u00c9RICA LATINA","tema","UITP"],"articleSection":["Notas"],"inLanguage":"es-ES"},{"@type":"WebPage","@id":"https:\/\/mobilitas.lat\/es\/2020\/09\/28\/el-transporte-publico-debe-recibir-apoyo-y-financiamiento-para-seguir-sirviendo-a-ciudades-de-todo-el-mundo-dice-el-presidente-mundial-de-la-uitp-pere-calvet-quien-el-7-de-octubre-participara-en-la\/","url":"https:\/\/mobilitas.lat\/es\/2020\/09\/28\/el-transporte-publico-debe-recibir-apoyo-y-financiamiento-para-seguir-sirviendo-a-ciudades-de-todo-el-mundo-dice-el-presidente-mundial-de-la-uitp-pere-calvet-quien-el-7-de-octubre-participara-en-la\/","name":"El transporte p\u00fablico debe recibir financiamiento y apoyo para seguir sirviendo a ciudades de todo el mundo, dice el presidente global de la UITP, Pere Calvet, quien el 7 de octubre participar\u00e1 en la Semana UITP Am\u00e9rica Latina 2020, evento online y gratuito | Mobilitas","isPartOf":{"@id":"https:\/\/mobilitas.lat\/es\/#website"},"primaryImageOfPage":{"@id":"https:\/\/mobilitas.lat\/es\/2020\/09\/28\/el-transporte-publico-debe-recibir-apoyo-y-financiamiento-para-seguir-sirviendo-a-ciudades-de-todo-el-mundo-dice-el-presidente-mundial-de-la-uitp-pere-calvet-quien-el-7-de-octubre-participara-en-la\/#primaryimage"},"image":{"@id":"https:\/\/mobilitas.lat\/es\/2020\/09\/28\/el-transporte-publico-debe-recibir-apoyo-y-financiamiento-para-seguir-sirviendo-a-ciudades-de-todo-el-mundo-dice-el-presidente-mundial-de-la-uitp-pere-calvet-quien-el-7-de-octubre-participara-en-la\/#primaryimage"},"thumbnailUrl":"https:\/\/storage.mobilitas.lat\/uploads\/2020\/09\/MOBILITAS-PERE-CALVET-3.jpg","datePublished":"2020-09-28T19:48:38+00:00","dateModified":"2020-09-28T20:08:05+00:00","breadcrumb":{"@id":"https:\/\/mobilitas.lat\/es\/2020\/09\/28\/el-transporte-publico-debe-recibir-apoyo-y-financiamiento-para-seguir-sirviendo-a-ciudades-de-todo-el-mundo-dice-el-presidente-mundial-de-la-uitp-pere-calvet-quien-el-7-de-octubre-participara-en-la\/#breadcrumb"},"inLanguage":"es-ES","potentialAction":[{"@type":"ReadAction","target":["https:\/\/mobilitas.lat\/es\/2020\/09\/28\/el-transporte-publico-debe-recibir-apoyo-y-financiamiento-para-seguir-sirviendo-a-ciudades-de-todo-el-mundo-dice-el-presidente-mundial-de-la-uitp-pere-calvet-quien-el-7-de-octubre-participara-en-la\/"]}]},{"@type":"ImageObject","inLanguage":"es-ES","@id":"https:\/\/mobilitas.lat\/es\/2020\/09\/28\/el-transporte-publico-debe-recibir-apoyo-y-financiamiento-para-seguir-sirviendo-a-ciudades-de-todo-el-mundo-dice-el-presidente-mundial-de-la-uitp-pere-calvet-quien-el-7-de-octubre-participara-en-la\/#primaryimage","url":"https:\/\/storage.mobilitas.lat\/uploads\/2020\/09\/MOBILITAS-PERE-CALVET-3.jpg","contentUrl":"https:\/\/storage.mobilitas.lat\/uploads\/2020\/09\/MOBILITAS-PERE-CALVET-3.jpg","width":344,"height":195,"caption":"Pere Calvet"},{"@type":"BreadcrumbList","@id":"https:\/\/mobilitas.lat\/es\/2020\/09\/28\/el-transporte-publico-debe-recibir-apoyo-y-financiamiento-para-seguir-sirviendo-a-ciudades-de-todo-el-mundo-dice-el-presidente-mundial-de-la-uitp-pere-calvet-quien-el-7-de-octubre-participara-en-la\/#breadcrumb","itemListElement":[{"@type":"ListItem","position":1,"name":"In\u00edcio","item":"https:\/\/mobilitas.lat\/es\/"},{"@type":"ListItem","position":2,"name":"El transporte p\u00fablico debe recibir financiamiento y apoyo para seguir sirviendo a ciudades de todo el mundo, dice el presidente global de la UITP, Pere Calvet, quien el 7 de octubre participar\u00e1 en la Semana UITP Am\u00e9rica Latina 2020, evento online y gratuito"}]},{"@type":"WebSite","@id":"https:\/\/mobilitas.lat\/es\/#website","url":"https:\/\/mobilitas.lat\/es\/","name":"Mobilitas","description":"Tecnologia e Mobilidade Urbana na Am\u00e9rica Latina","publisher":{"@id":"https:\/\/mobilitas.lat\/es\/#organization"},"potentialAction":[{"@type":"SearchAction","target":{"@type":"EntryPoint","urlTemplate":"https:\/\/mobilitas.lat\/es\/?s={search_term_string}"},"query-input":{"@type":"PropertyValueSpecification","valueRequired":true,"valueName":"search_term_string"}}],"inLanguage":"es-ES"},{"@type":"Organization","@id":"https:\/\/mobilitas.lat\/es\/#organization","name":"OTM Editora","url":"https:\/\/mobilitas.lat\/es\/","logo":{"@type":"ImageObject","inLanguage":"es-ES","@id":"https:\/\/mobilitas.lat\/es\/#\/schema\/logo\/image\/","url":"https:\/\/mobilitas.lat\/wp-content\/uploads\/2024\/03\/opengraph.png","contentUrl":"https:\/\/mobilitas.lat\/wp-content\/uploads\/2024\/03\/opengraph.png","width":1200,"height":630,"caption":"OTM Editora"},"image":{"@id":"https:\/\/mobilitas.lat\/es\/#\/schema\/logo\/image\/"}},{"@type":"Person","@id":"https:\/\/mobilitas.lat\/es\/#\/schema\/person\/cae0d01ccbe855d1858d146e4c4d582d","name":"Alexandre Asquini","image":{"@type":"ImageObject","inLanguage":"es-ES","@id":"https:\/\/mobilitas.lat\/es\/#\/schema\/person\/image\/","url":"https:\/\/secure.gravatar.com\/avatar\/aac99dbef1420f75cc7d86913eb8a7cdfbe13e2509ad7a45649a61414f6d2785?s=96&d=mm&r=g","contentUrl":"https:\/\/secure.gravatar.com\/avatar\/aac99dbef1420f75cc7d86913eb8a7cdfbe13e2509ad7a45649a61414f6d2785?s=96&d=mm&r=g","caption":"Alexandre Asquini"}}]}},"_links":{"self":[{"href":"https:\/\/mobilitas.lat\/es\/wp-json\/wp\/v2\/posts\/8635","targetHints":{"allow":["GET"]}}],"collection":[{"href":"https:\/\/mobilitas.lat\/es\/wp-json\/wp\/v2\/posts"}],"about":[{"href":"https:\/\/mobilitas.lat\/es\/wp-json\/wp\/v2\/types\/post"}],"author":[{"embeddable":true,"href":"https:\/\/mobilitas.lat\/es\/wp-json\/wp\/v2\/users\/2"}],"replies":[{"embeddable":true,"href":"https:\/\/mobilitas.lat\/es\/wp-json\/wp\/v2\/comments?post=8635"}],"version-history":[{"count":13,"href":"https:\/\/mobilitas.lat\/es\/wp-json\/wp\/v2\/posts\/8635\/revisions"}],"predecessor-version":[{"id":8653,"href":"https:\/\/mobilitas.lat\/es\/wp-json\/wp\/v2\/posts\/8635\/revisions\/8653"}],"wp:featuredmedia":[{"embeddable":true,"href":"https:\/\/mobilitas.lat\/es\/wp-json\/wp\/v2\/media\/8642"}],"wp:attachment":[{"href":"https:\/\/mobilitas.lat\/es\/wp-json\/wp\/v2\/media?parent=8635"}],"wp:term":[{"taxonomy":"category","embeddable":true,"href":"https:\/\/mobilitas.lat\/es\/wp-json\/wp\/v2\/categories?post=8635"},{"taxonomy":"post_tag","embeddable":true,"href":"https:\/\/mobilitas.lat\/es\/wp-json\/wp\/v2\/tags?post=8635"}],"curies":[{"name":"wp","href":"https:\/\/api.w.org\/{rel}","templated":true}]}}