{"id":8495,"date":"2020-09-14T13:47:43","date_gmt":"2020-09-14T16:47:43","guid":{"rendered":"https:\/\/mobilitas.lat\/?p=8495"},"modified":"2020-10-01T14:40:51","modified_gmt":"2020-10-01T17:40:51","slug":"once-meses-despues-del-vandalismo-casi-todas-las-estaciones-ya-estan-operativas","status":"publish","type":"post","link":"https:\/\/mobilitas.lat\/es\/2020\/09\/14\/once-meses-despues-del-vandalismo-casi-todas-las-estaciones-ya-estan-operativas\/","title":{"rendered":"Once meses despu\u00e9s del vandalismo, casi todas las estaciones ya est\u00e1n operativas"},"content":{"rendered":"\n<p>El Metro de Santiago inform\u00f3 que a partir de lunes, &nbsp;14 de septiembre de 2020, la L\u00ednea 4 tiene 21 de sus 23 estaciones disponibles gracias a las reaperturas de San Jos\u00e9 de la Estrella, Los Quillayes y Elisa Correa, como parte de la tercera y \u00faltima fase del proceso de reconstrucci\u00f3n de las estaciones que fueron da\u00f1adas en octubre de 2019.<\/p>\n\n\n\n<p>Desde el 7 de septiembre, la L\u00ednea 5 ya contaba con la totalidad de sus 30 estaciones operativas debido a la apertura en esa fecha de la estaci\u00f3n Laguna Sur, ubicada en la comuna de Pudahuel.<\/p>\n\n\n\n<p>Con todas estas estaciones en funcionamiento nuevamente, Metro de Santiago rehabilit\u00f3 134 de un total de 136 estaciones, es decir, tiene el 99% de su red disponible, quedando solo por abrir Trinidad en la comuna de La Florida y Protectora de la Infancia en la comuna de Puente Alto.<\/p>\n\n\n\n<p>\u201cCon estas tres estaciones que volvemos a poner en servicio ya nos acercamos al final de un proceso de reconstrucci\u00f3n que ha sido largo y de mucho esfuerzo. Desde el comienzo los trabajadores de Metro han tenido como objetivo n\u00edtido, y gran motivaci\u00f3n, poder devolverles a los vecinos sus estaciones\u201d, afirm\u00f3 el presidente de Metro, Louis de Grange.<\/p>\n\n\n\n<p>La reapertura de las estaciones de Los Quillayes y San Jos\u00e9 de la Estrella, en la comuna de La Florida, favorece a sus m\u00e1s de 360 mil habitantes. La estaci\u00f3n y Elisa Correa que est\u00e1 en el l\u00edmite de esa comuna con Puente Alto. \u201cEstamos hablando de un sector altamente poblado y que nuevamente podr\u00e1 contar con alternativas de viaje que acortar\u00e1n significativamente sus tiempos de traslados. Eso es lo que nos pone m\u00e1s contentos\u201d, complement\u00f3 el presidente de la compa\u00f1\u00eda.<\/p>\n\n\n\n<p><strong>CARACTER\u00cdSTICAS DE LAS OBRAS<\/strong><\/p>\n\n\n\n<p>Los trabajos en la estaci\u00f3n San Jos\u00e9 de la Estrella consider\u00f3 la reconstituci\u00f3n de aproximadamente mil 300 metros cuadrados de superficie; mientras que en Los Quillayes y Elisa Correa, consideraron dos mil 200 metros cuadrados de superficie cada una a nivel de accesos, interior de la estaci\u00f3n, \u00e1reas t\u00e9cnicas y servicios.<\/p>\n\n\n\n<p>En los accesos se volvieron a construir las boleter\u00edas, los recintos t\u00e9cnicos, operacionales y las salas administrativas, todas blindadas y con revestimientos no combustibles. Se restituyeron todos los sistemas: circuitos de alumbrado y fuerza, de control (sistema de torniquete entrada y salida) de comunicaciones (sonorizaci\u00f3n a pasajeros y comunicaci\u00f3n con centro de control).<\/p>\n\n\n\n<p>Tambi\u00e9n se debieron reponer elementos sanitarios, de iluminaci\u00f3n y de agua potable, as\u00ed como tambi\u00e9n reparar los revestimientos. Adem\u00e1s, se reconstruy\u00f3 la estructura y cubierta de techumbre del edificio de las estaciones y que fueron afectadas por el fuego.<\/p>\n\n\n\n<p>Como parte del proceso de reconstrucci\u00f3n, se mejoraron los est\u00e1ndares de seguridad: se reforzaron los accesos con portones especiales, se incorpor\u00f3 un nuevo sistema de monitoreo de c\u00e1maras en algunos accesos para mejorar la vigilancia en la estaci\u00f3n y su entorno y se instal\u00f3 un sistema de protecci\u00f3n contra incendio en la pasarela que comunica el edificio de la estaci\u00f3n con los andenes.<\/p>\n\n\n\n<p>En el caso de Elisa Correa, adem\u00e1s, fue necesario recuperar la pasarela que comunica con el lado oriente de Vicu\u00f1a Mackenna, reponiendo pavimentos, iluminaci\u00f3n, refuerzos con malla extra resistente y portones similares a los nuevos de acceso a las estaciones.<\/p>\n\n\n\n<p><strong>ASCENSORES A\u00daN NO OPERATIVOS<\/strong><\/p>\n\n\n\n<p>El comunicado de Metro de Santiago informa que en cuanto al funcionamiento de la estaci\u00f3n, los ascensores a\u00fan no estar\u00e1n operativos. \u201cLamentablemente, por el nivel de los da\u00f1os y la complejidad de estas reparaciones, algunos de estos equipamientos requieren varias semanas y otros incluso meses para volver a estar en servicio\u201d.<\/p>\n\n\n\n<p>Mientras duren los trabajos, la recomendaci\u00f3n a los pasajeros con movilidad reducida es que por favor traten de solicitar previamente asistencia al tel\u00e9fono 800 540 800, para que reciban ayuda de los equipos de estaciones, o en los posible preferir otras estaciones en que s\u00ed est\u00e1n en servicio.<\/p>\n\n\n\n<p><strong>REAPERTURA E PANDEMIA<\/strong><\/p>\n\n\n\n<p>El Metro de Santiago se\u00f1ala en su&nbsp; comunicado que las reaperturas de San Jos\u00e9 de la Estrella, Los Quillayes y Elisa Correa, en el actual contexto en que varias comunas han comenzado a avanzar en el plan de desconfinamiento, significan una importante alternativa de desplazamiento a los m\u00e1s de 360 mil habitantes de la comuna de la Florida que deben necesariamente salir de sus casas, contribuyendo a viajes m\u00e1s cortos y a la descongesti\u00f3n.<\/p>\n\n\n\n<p>Desde marzo Metro ha desarrollado planes preventivos ante el Covid-19 que consisten en la sanitizaci\u00f3n sistem\u00e1tica de las superficies de trenes y estaciones con amonio cuaternario y tambi\u00e9n con un producto de larga duraci\u00f3n basado en biotecnolog\u00eda, el cual elimina diversos pat\u00f3genos como el coronavirus por 90 d\u00edas.<\/p>\n\n\n\n<p>Tambi\u00e9n est\u00e1 desplegando una campa\u00f1a educativa con mensajes de autocuidado por todos sus canales de comunicaci\u00f3n a pasajeros que refuerzan, entre otros, el correcto uso de la mascarilla y el lavado de manos antes y despu\u00e9s de los viajes.<\/p>\n\n\n\n<p>A medida que algunas comunas de la capital van pasando a distintas fases, Metro Santiago siegue aumentando gradualmente la oferta de transporte.<\/p>\n\n\n\n<p>En la primera semana de septiembre el sistema ha superado los 700 mil pasajeros diarios, un 25% de lo que transportaba en misma fecha el a\u00f1o 2019, mientras que nuestra oferta de trenes disponibles es mucho mayor, llegando al 90%. Para el Metro de Santiago, a medida que la ciudad siga retomando sus actividades, habr\u00e1 m\u00e1s personas en la red. Por eso la compa\u00f1\u00eda considera importante el trabajo de sanitizaci\u00f3n en marcha y recomienda que se siga respetando el uso obligatorio de la mascarilla, medida que es clave para reducir las posibilidades de contagio.<\/p>\n","protected":false},"excerpt":{"rendered":"<p>El Metro de Santiago inform\u00f3 que a partir de lunes, &nbsp;14 de septiembre de 2020, la L\u00ednea 4 tiene 21 de sus 23 estaciones disponibles gracias a las reaperturas de San Jos\u00e9 de la Estrella, Los Quillayes y Elisa Correa, como parte de la tercera y \u00faltima fase del proceso de reconstrucci\u00f3n de las estaciones [&hellip;]<\/p>\n","protected":false},"author":2,"featured_media":8496,"comment_status":"closed","ping_status":"closed","sticky":false,"template":"","format":"standard","meta":{"footnotes":""},"categories":[287],"tags":[534],"class_list":["post-8495","post","type-post","status-publish","format-standard","has-post-thumbnail","hentry","category-notas","tag-metro-santiago"],"yoast_head":"<!-- This site is optimized with the Yoast SEO plugin v26.9 - https:\/\/yoast.com\/product\/yoast-seo-wordpress\/ -->\n<title>Once meses despu\u00e9s del vandalismo, casi todas las estaciones ya est\u00e1n operativas | Mobilitas<\/title>\n<meta name=\"robots\" content=\"index, follow, max-snippet:-1, max-image-preview:large, max-video-preview:-1\" \/>\n<link rel=\"canonical\" href=\"https:\/\/mobilitas.lat\/es\/2020\/09\/14\/once-meses-despues-del-vandalismo-casi-todas-las-estaciones-ya-estan-operativas\/\" \/>\n<meta property=\"og:locale\" content=\"es_ES\" \/>\n<meta property=\"og:type\" content=\"article\" \/>\n<meta property=\"og:title\" content=\"Once meses despu\u00e9s del vandalismo, casi todas las estaciones ya est\u00e1n operativas | Mobilitas\" \/>\n<meta property=\"og:description\" content=\"El Metro de Santiago inform\u00f3 que a partir de lunes, &nbsp;14 de septiembre de 2020, la L\u00ednea 4 tiene 21 de sus 23 estaciones disponibles gracias a las reaperturas de San Jos\u00e9 de la Estrella, Los Quillayes y Elisa Correa, como parte de la tercera y \u00faltima fase del proceso de reconstrucci\u00f3n de las estaciones [&hellip;]\" \/>\n<meta property=\"og:url\" content=\"https:\/\/mobilitas.lat\/es\/2020\/09\/14\/once-meses-despues-del-vandalismo-casi-todas-las-estaciones-ya-estan-operativas\/\" \/>\n<meta property=\"og:site_name\" content=\"Mobilitas\" \/>\n<meta property=\"article:published_time\" content=\"2020-09-14T16:47:43+00:00\" \/>\n<meta property=\"article:modified_time\" content=\"2020-10-01T17:40:51+00:00\" \/>\n<meta property=\"og:image\" content=\"https:\/\/storage.mobilitas.lat\/uploads\/2020\/09\/MOBILITAS-METRO-SANTIAGO-L\u00cdNEA-3.jpg\" \/>\n\t<meta property=\"og:image:width\" content=\"1136\" \/>\n\t<meta property=\"og:image:height\" content=\"458\" \/>\n\t<meta property=\"og:image:type\" content=\"image\/jpeg\" \/>\n<meta name=\"author\" content=\"Alexandre Asquini\" \/>\n<meta name=\"twitter:card\" content=\"summary_large_image\" \/>\n<meta name=\"twitter:label1\" content=\"Written by\" \/>\n\t<meta name=\"twitter:data1\" content=\"Alexandre Asquini\" \/>\n\t<meta name=\"twitter:label2\" content=\"Est. reading time\" \/>\n\t<meta name=\"twitter:data2\" content=\"5 minutes\" \/>\n<script type=\"application\/ld+json\" class=\"yoast-schema-graph\">{\"@context\":\"https:\/\/schema.org\",\"@graph\":[{\"@type\":\"Article\",\"@id\":\"https:\/\/mobilitas.lat\/es\/2020\/09\/14\/once-meses-despues-del-vandalismo-casi-todas-las-estaciones-ya-estan-operativas\/#article\",\"isPartOf\":{\"@id\":\"https:\/\/mobilitas.lat\/es\/2020\/09\/14\/once-meses-despues-del-vandalismo-casi-todas-las-estaciones-ya-estan-operativas\/\"},\"author\":{\"name\":\"Alexandre Asquini\",\"@id\":\"https:\/\/mobilitas.lat\/es\/#\/schema\/person\/cae0d01ccbe855d1858d146e4c4d582d\"},\"headline\":\"Once meses despu\u00e9s del vandalismo, casi todas las estaciones ya est\u00e1n operativas\",\"datePublished\":\"2020-09-14T16:47:43+00:00\",\"dateModified\":\"2020-10-01T17:40:51+00:00\",\"mainEntityOfPage\":{\"@id\":\"https:\/\/mobilitas.lat\/es\/2020\/09\/14\/once-meses-despues-del-vandalismo-casi-todas-las-estaciones-ya-estan-operativas\/\"},\"wordCount\":974,\"publisher\":{\"@id\":\"https:\/\/mobilitas.lat\/es\/#organization\"},\"image\":{\"@id\":\"https:\/\/mobilitas.lat\/es\/2020\/09\/14\/once-meses-despues-del-vandalismo-casi-todas-las-estaciones-ya-estan-operativas\/#primaryimage\"},\"thumbnailUrl\":\"https:\/\/storage.mobilitas.lat\/uploads\/2020\/09\/MOBILITAS-METRO-SANTIAGO-L\u00cdNEA-3.jpg\",\"keywords\":[\"METRO SANTIAGO\"],\"articleSection\":[\"Notas\"],\"inLanguage\":\"es-ES\"},{\"@type\":\"WebPage\",\"@id\":\"https:\/\/mobilitas.lat\/es\/2020\/09\/14\/once-meses-despues-del-vandalismo-casi-todas-las-estaciones-ya-estan-operativas\/\",\"url\":\"https:\/\/mobilitas.lat\/es\/2020\/09\/14\/once-meses-despues-del-vandalismo-casi-todas-las-estaciones-ya-estan-operativas\/\",\"name\":\"Once meses despu\u00e9s del vandalismo, casi todas las estaciones ya est\u00e1n operativas | Mobilitas\",\"isPartOf\":{\"@id\":\"https:\/\/mobilitas.lat\/es\/#website\"},\"primaryImageOfPage\":{\"@id\":\"https:\/\/mobilitas.lat\/es\/2020\/09\/14\/once-meses-despues-del-vandalismo-casi-todas-las-estaciones-ya-estan-operativas\/#primaryimage\"},\"image\":{\"@id\":\"https:\/\/mobilitas.lat\/es\/2020\/09\/14\/once-meses-despues-del-vandalismo-casi-todas-las-estaciones-ya-estan-operativas\/#primaryimage\"},\"thumbnailUrl\":\"https:\/\/storage.mobilitas.lat\/uploads\/2020\/09\/MOBILITAS-METRO-SANTIAGO-L\u00cdNEA-3.jpg\",\"datePublished\":\"2020-09-14T16:47:43+00:00\",\"dateModified\":\"2020-10-01T17:40:51+00:00\",\"breadcrumb\":{\"@id\":\"https:\/\/mobilitas.lat\/es\/2020\/09\/14\/once-meses-despues-del-vandalismo-casi-todas-las-estaciones-ya-estan-operativas\/#breadcrumb\"},\"inLanguage\":\"es-ES\",\"potentialAction\":[{\"@type\":\"ReadAction\",\"target\":[\"https:\/\/mobilitas.lat\/es\/2020\/09\/14\/once-meses-despues-del-vandalismo-casi-todas-las-estaciones-ya-estan-operativas\/\"]}]},{\"@type\":\"ImageObject\",\"inLanguage\":\"es-ES\",\"@id\":\"https:\/\/mobilitas.lat\/es\/2020\/09\/14\/once-meses-despues-del-vandalismo-casi-todas-las-estaciones-ya-estan-operativas\/#primaryimage\",\"url\":\"https:\/\/storage.mobilitas.lat\/uploads\/2020\/09\/MOBILITAS-METRO-SANTIAGO-L\u00cdNEA-3.jpg\",\"contentUrl\":\"https:\/\/storage.mobilitas.lat\/uploads\/2020\/09\/MOBILITAS-METRO-SANTIAGO-L\u00cdNEA-3.jpg\",\"width\":1136,\"height\":458},{\"@type\":\"BreadcrumbList\",\"@id\":\"https:\/\/mobilitas.lat\/es\/2020\/09\/14\/once-meses-despues-del-vandalismo-casi-todas-las-estaciones-ya-estan-operativas\/#breadcrumb\",\"itemListElement\":[{\"@type\":\"ListItem\",\"position\":1,\"name\":\"In\u00edcio\",\"item\":\"https:\/\/mobilitas.lat\/es\/\"},{\"@type\":\"ListItem\",\"position\":2,\"name\":\"Once meses despu\u00e9s del vandalismo, casi todas las estaciones ya est\u00e1n operativas\"}]},{\"@type\":\"WebSite\",\"@id\":\"https:\/\/mobilitas.lat\/es\/#website\",\"url\":\"https:\/\/mobilitas.lat\/es\/\",\"name\":\"Mobilitas\",\"description\":\"Tecnologia e Mobilidade Urbana na Am\u00e9rica Latina\",\"publisher\":{\"@id\":\"https:\/\/mobilitas.lat\/es\/#organization\"},\"potentialAction\":[{\"@type\":\"SearchAction\",\"target\":{\"@type\":\"EntryPoint\",\"urlTemplate\":\"https:\/\/mobilitas.lat\/es\/?s={search_term_string}\"},\"query-input\":{\"@type\":\"PropertyValueSpecification\",\"valueRequired\":true,\"valueName\":\"search_term_string\"}}],\"inLanguage\":\"es-ES\"},{\"@type\":\"Organization\",\"@id\":\"https:\/\/mobilitas.lat\/es\/#organization\",\"name\":\"OTM Editora\",\"url\":\"https:\/\/mobilitas.lat\/es\/\",\"logo\":{\"@type\":\"ImageObject\",\"inLanguage\":\"es-ES\",\"@id\":\"https:\/\/mobilitas.lat\/es\/#\/schema\/logo\/image\/\",\"url\":\"https:\/\/mobilitas.lat\/wp-content\/uploads\/2024\/03\/opengraph.png\",\"contentUrl\":\"https:\/\/mobilitas.lat\/wp-content\/uploads\/2024\/03\/opengraph.png\",\"width\":1200,\"height\":630,\"caption\":\"OTM Editora\"},\"image\":{\"@id\":\"https:\/\/mobilitas.lat\/es\/#\/schema\/logo\/image\/\"}},{\"@type\":\"Person\",\"@id\":\"https:\/\/mobilitas.lat\/es\/#\/schema\/person\/cae0d01ccbe855d1858d146e4c4d582d\",\"name\":\"Alexandre Asquini\",\"image\":{\"@type\":\"ImageObject\",\"inLanguage\":\"es-ES\",\"@id\":\"https:\/\/mobilitas.lat\/es\/#\/schema\/person\/image\/\",\"url\":\"https:\/\/secure.gravatar.com\/avatar\/aac99dbef1420f75cc7d86913eb8a7cdfbe13e2509ad7a45649a61414f6d2785?s=96&d=mm&r=g\",\"contentUrl\":\"https:\/\/secure.gravatar.com\/avatar\/aac99dbef1420f75cc7d86913eb8a7cdfbe13e2509ad7a45649a61414f6d2785?s=96&d=mm&r=g\",\"caption\":\"Alexandre Asquini\"}}]}<\/script>\n<!-- \/ Yoast SEO plugin. -->","yoast_head_json":{"title":"Once meses despu\u00e9s del vandalismo, casi todas las estaciones ya est\u00e1n operativas | Mobilitas","robots":{"index":"index","follow":"follow","max-snippet":"max-snippet:-1","max-image-preview":"max-image-preview:large","max-video-preview":"max-video-preview:-1"},"canonical":"https:\/\/mobilitas.lat\/es\/2020\/09\/14\/once-meses-despues-del-vandalismo-casi-todas-las-estaciones-ya-estan-operativas\/","og_locale":"es_ES","og_type":"article","og_title":"Once meses despu\u00e9s del vandalismo, casi todas las estaciones ya est\u00e1n operativas | Mobilitas","og_description":"El Metro de Santiago inform\u00f3 que a partir de lunes, &nbsp;14 de septiembre de 2020, la L\u00ednea 4 tiene 21 de sus 23 estaciones disponibles gracias a las reaperturas de San Jos\u00e9 de la Estrella, Los Quillayes y Elisa Correa, como parte de la tercera y \u00faltima fase del proceso de reconstrucci\u00f3n de las estaciones [&hellip;]","og_url":"https:\/\/mobilitas.lat\/es\/2020\/09\/14\/once-meses-despues-del-vandalismo-casi-todas-las-estaciones-ya-estan-operativas\/","og_site_name":"Mobilitas","article_published_time":"2020-09-14T16:47:43+00:00","article_modified_time":"2020-10-01T17:40:51+00:00","og_image":[{"width":1136,"height":458,"url":"https:\/\/storage.mobilitas.lat\/uploads\/2020\/09\/MOBILITAS-METRO-SANTIAGO-L\u00cdNEA-3.jpg","type":"image\/jpeg"}],"author":"Alexandre Asquini","twitter_card":"summary_large_image","twitter_misc":{"Written by":"Alexandre Asquini","Est. reading time":"5 minutes"},"schema":{"@context":"https:\/\/schema.org","@graph":[{"@type":"Article","@id":"https:\/\/mobilitas.lat\/es\/2020\/09\/14\/once-meses-despues-del-vandalismo-casi-todas-las-estaciones-ya-estan-operativas\/#article","isPartOf":{"@id":"https:\/\/mobilitas.lat\/es\/2020\/09\/14\/once-meses-despues-del-vandalismo-casi-todas-las-estaciones-ya-estan-operativas\/"},"author":{"name":"Alexandre Asquini","@id":"https:\/\/mobilitas.lat\/es\/#\/schema\/person\/cae0d01ccbe855d1858d146e4c4d582d"},"headline":"Once meses despu\u00e9s del vandalismo, casi todas las estaciones ya est\u00e1n operativas","datePublished":"2020-09-14T16:47:43+00:00","dateModified":"2020-10-01T17:40:51+00:00","mainEntityOfPage":{"@id":"https:\/\/mobilitas.lat\/es\/2020\/09\/14\/once-meses-despues-del-vandalismo-casi-todas-las-estaciones-ya-estan-operativas\/"},"wordCount":974,"publisher":{"@id":"https:\/\/mobilitas.lat\/es\/#organization"},"image":{"@id":"https:\/\/mobilitas.lat\/es\/2020\/09\/14\/once-meses-despues-del-vandalismo-casi-todas-las-estaciones-ya-estan-operativas\/#primaryimage"},"thumbnailUrl":"https:\/\/storage.mobilitas.lat\/uploads\/2020\/09\/MOBILITAS-METRO-SANTIAGO-L\u00cdNEA-3.jpg","keywords":["METRO SANTIAGO"],"articleSection":["Notas"],"inLanguage":"es-ES"},{"@type":"WebPage","@id":"https:\/\/mobilitas.lat\/es\/2020\/09\/14\/once-meses-despues-del-vandalismo-casi-todas-las-estaciones-ya-estan-operativas\/","url":"https:\/\/mobilitas.lat\/es\/2020\/09\/14\/once-meses-despues-del-vandalismo-casi-todas-las-estaciones-ya-estan-operativas\/","name":"Once meses despu\u00e9s del vandalismo, casi todas las estaciones ya est\u00e1n operativas | Mobilitas","isPartOf":{"@id":"https:\/\/mobilitas.lat\/es\/#website"},"primaryImageOfPage":{"@id":"https:\/\/mobilitas.lat\/es\/2020\/09\/14\/once-meses-despues-del-vandalismo-casi-todas-las-estaciones-ya-estan-operativas\/#primaryimage"},"image":{"@id":"https:\/\/mobilitas.lat\/es\/2020\/09\/14\/once-meses-despues-del-vandalismo-casi-todas-las-estaciones-ya-estan-operativas\/#primaryimage"},"thumbnailUrl":"https:\/\/storage.mobilitas.lat\/uploads\/2020\/09\/MOBILITAS-METRO-SANTIAGO-L\u00cdNEA-3.jpg","datePublished":"2020-09-14T16:47:43+00:00","dateModified":"2020-10-01T17:40:51+00:00","breadcrumb":{"@id":"https:\/\/mobilitas.lat\/es\/2020\/09\/14\/once-meses-despues-del-vandalismo-casi-todas-las-estaciones-ya-estan-operativas\/#breadcrumb"},"inLanguage":"es-ES","potentialAction":[{"@type":"ReadAction","target":["https:\/\/mobilitas.lat\/es\/2020\/09\/14\/once-meses-despues-del-vandalismo-casi-todas-las-estaciones-ya-estan-operativas\/"]}]},{"@type":"ImageObject","inLanguage":"es-ES","@id":"https:\/\/mobilitas.lat\/es\/2020\/09\/14\/once-meses-despues-del-vandalismo-casi-todas-las-estaciones-ya-estan-operativas\/#primaryimage","url":"https:\/\/storage.mobilitas.lat\/uploads\/2020\/09\/MOBILITAS-METRO-SANTIAGO-L\u00cdNEA-3.jpg","contentUrl":"https:\/\/storage.mobilitas.lat\/uploads\/2020\/09\/MOBILITAS-METRO-SANTIAGO-L\u00cdNEA-3.jpg","width":1136,"height":458},{"@type":"BreadcrumbList","@id":"https:\/\/mobilitas.lat\/es\/2020\/09\/14\/once-meses-despues-del-vandalismo-casi-todas-las-estaciones-ya-estan-operativas\/#breadcrumb","itemListElement":[{"@type":"ListItem","position":1,"name":"In\u00edcio","item":"https:\/\/mobilitas.lat\/es\/"},{"@type":"ListItem","position":2,"name":"Once meses despu\u00e9s del vandalismo, casi todas las estaciones ya est\u00e1n operativas"}]},{"@type":"WebSite","@id":"https:\/\/mobilitas.lat\/es\/#website","url":"https:\/\/mobilitas.lat\/es\/","name":"Mobilitas","description":"Tecnologia e Mobilidade Urbana na Am\u00e9rica Latina","publisher":{"@id":"https:\/\/mobilitas.lat\/es\/#organization"},"potentialAction":[{"@type":"SearchAction","target":{"@type":"EntryPoint","urlTemplate":"https:\/\/mobilitas.lat\/es\/?s={search_term_string}"},"query-input":{"@type":"PropertyValueSpecification","valueRequired":true,"valueName":"search_term_string"}}],"inLanguage":"es-ES"},{"@type":"Organization","@id":"https:\/\/mobilitas.lat\/es\/#organization","name":"OTM Editora","url":"https:\/\/mobilitas.lat\/es\/","logo":{"@type":"ImageObject","inLanguage":"es-ES","@id":"https:\/\/mobilitas.lat\/es\/#\/schema\/logo\/image\/","url":"https:\/\/mobilitas.lat\/wp-content\/uploads\/2024\/03\/opengraph.png","contentUrl":"https:\/\/mobilitas.lat\/wp-content\/uploads\/2024\/03\/opengraph.png","width":1200,"height":630,"caption":"OTM Editora"},"image":{"@id":"https:\/\/mobilitas.lat\/es\/#\/schema\/logo\/image\/"}},{"@type":"Person","@id":"https:\/\/mobilitas.lat\/es\/#\/schema\/person\/cae0d01ccbe855d1858d146e4c4d582d","name":"Alexandre Asquini","image":{"@type":"ImageObject","inLanguage":"es-ES","@id":"https:\/\/mobilitas.lat\/es\/#\/schema\/person\/image\/","url":"https:\/\/secure.gravatar.com\/avatar\/aac99dbef1420f75cc7d86913eb8a7cdfbe13e2509ad7a45649a61414f6d2785?s=96&d=mm&r=g","contentUrl":"https:\/\/secure.gravatar.com\/avatar\/aac99dbef1420f75cc7d86913eb8a7cdfbe13e2509ad7a45649a61414f6d2785?s=96&d=mm&r=g","caption":"Alexandre Asquini"}}]}},"_links":{"self":[{"href":"https:\/\/mobilitas.lat\/es\/wp-json\/wp\/v2\/posts\/8495","targetHints":{"allow":["GET"]}}],"collection":[{"href":"https:\/\/mobilitas.lat\/es\/wp-json\/wp\/v2\/posts"}],"about":[{"href":"https:\/\/mobilitas.lat\/es\/wp-json\/wp\/v2\/types\/post"}],"author":[{"embeddable":true,"href":"https:\/\/mobilitas.lat\/es\/wp-json\/wp\/v2\/users\/2"}],"replies":[{"embeddable":true,"href":"https:\/\/mobilitas.lat\/es\/wp-json\/wp\/v2\/comments?post=8495"}],"version-history":[{"count":2,"href":"https:\/\/mobilitas.lat\/es\/wp-json\/wp\/v2\/posts\/8495\/revisions"}],"predecessor-version":[{"id":8499,"href":"https:\/\/mobilitas.lat\/es\/wp-json\/wp\/v2\/posts\/8495\/revisions\/8499"}],"wp:featuredmedia":[{"embeddable":true,"href":"https:\/\/mobilitas.lat\/es\/wp-json\/wp\/v2\/media\/8496"}],"wp:attachment":[{"href":"https:\/\/mobilitas.lat\/es\/wp-json\/wp\/v2\/media?parent=8495"}],"wp:term":[{"taxonomy":"category","embeddable":true,"href":"https:\/\/mobilitas.lat\/es\/wp-json\/wp\/v2\/categories?post=8495"},{"taxonomy":"post_tag","embeddable":true,"href":"https:\/\/mobilitas.lat\/es\/wp-json\/wp\/v2\/tags?post=8495"}],"curies":[{"name":"wp","href":"https:\/\/api.w.org\/{rel}","templated":true}]}}