{"id":8455,"date":"2020-09-12T00:28:18","date_gmt":"2020-09-12T03:28:18","guid":{"rendered":"https:\/\/mobilitas.lat\/?p=8455"},"modified":"2020-09-19T23:02:37","modified_gmt":"2020-09-20T02:02:37","slug":"el-16-de-septiembre-se-daran-a-conocer-los-proyectos-ganadores-del-programa-de-presupuesto-participativo-en-la-capital-uruguaya-montevideo-decide","status":"publish","type":"post","link":"https:\/\/mobilitas.lat\/es\/2020\/09\/12\/el-16-de-septiembre-se-daran-a-conocer-los-proyectos-ganadores-del-programa-de-presupuesto-participativo-en-la-capital-uruguaya-montevideo-decide\/","title":{"rendered":"Se aprobaron todas las ideas finalistas del programa &#8216;Montevideo Decide&#8217;"},"content":{"rendered":"\n<p>La Intendencia de la capital uruguaya inform\u00f3 que, a trav\u00e9s del Ciclo Especial Montevideo 2020 Decide, los ciudadanos presentaron 281 ideas que apuntaban a dos ejes tem\u00e1ticos: Nuevos h\u00e1bitos y Construcci\u00f3n colectiva. Despu\u00e9s de realizar estudios de viabilidad, se votaron 17 ideas.<\/p>\n\n\n\n<p>Al final del per\u00edodo de calificaci\u00f3n, del 1 al 15 de septiembre, cuando se recibieron m\u00e1s de 17 mil votos, todas las ideas recibieron m\u00e1s votos afirmativos que negativos, lo que significa que la comuna se compromete a ejecutarlas durante el a\u00f1o 2021.<\/p>\n\n\n\n<p><strong>PROCEDIMIENTO<\/strong><\/p>\n\n\n\n<p>De las 281 ideas presentadas por el p\u00fablico en el Ciclo Especial 2020, las 47 que superaron los 500 apoyos fueron sometidas a estudio de viabilidad. Tras estudiar la viabilidad de estas ideas, 17 fueron a votaci\u00f3n.<br><\/p>\n\n\n\n<p>Las propuestas no compet\u00edan entre s\u00ed: la Municipalidad se comprometi\u00f3 a ejecutar aquellas que obtuvieran m\u00e1s votos afirmativos que negativos.<\/p>\n\n\n\n<p>Los estudios de viabilidad se realizaron entre el 1 de julio y el 31 de agosto de 2020 por los diferentes departamentos del municipio, junto con los proponentes.<\/p>\n\n\n\n<p><strong>CONOCE LAS PROPUESTAS<\/strong><\/p>\n\n\n\n<p>Las ideas aprobadas son:<\/p>\n\n\n\n<ul class=\"wp-block-list\"><li><strong><a href=\"https:\/\/montevideo.gub.uy\/sites\/default\/files\/biblioteca\/salvateconunclick.pdf\">MVD libre de violencia<\/a><\/strong><br>&nbsp;<\/li><li><strong><a href=\"https:\/\/montevideo.gub.uy\/sites\/default\/files\/biblioteca\/bicicletasquegenerenenergia.pdf\">Bicicletas que generan energ\u00eda<\/a><\/strong><br>&nbsp;<\/li><li><a href=\"https:\/\/montevideo.gub.uy\/sites\/default\/files\/biblioteca\/alimentacionculturayeducacionenbellaitalia.pdf\"><strong>Alimentaci\u00f3n y cultura en Bella Italia<\/strong><\/a><br>&nbsp;<\/li><li><a href=\"https:\/\/montevideo.gub.uy\/sites\/default\/files\/biblioteca\/espaciodedisfrutedepersonasmayores.pdf\"><strong>Espacios de disfrute para personas mayores<\/strong><\/a><br>&nbsp;<\/li><li><strong>M\u00e1quinas receptoras de envases<\/strong>&nbsp;\u200b (<strong><a href=\"https:\/\/montevideo.gub.uy\/sites\/default\/files\/biblioteca\/contenedoreselectronicosungeneradordenuevaspracticas.pdf\">Acta 1<\/a><\/strong>&nbsp;\u200b &#8211; \u200b&nbsp;<a href=\"https:\/\/montevideo.gub.uy\/sites\/default\/files\/biblioteca\/maquinasreceptorasdeenvasesnorentornables.pdf\"><strong>Acta 2<\/strong><\/a>&nbsp;\u200b y \u200b&nbsp;<a href=\"https:\/\/montevideo.gub.uy\/sites\/default\/files\/biblioteca\/reciclamosganando_0.pdf\"><strong>Acta 3<\/strong>\u200b<\/a>)<br>&nbsp;<\/li><li><a href=\"https:\/\/montevideo.gub.uy\/sites\/default\/files\/biblioteca\/impulsarelcompostajederesiduosorganicosenferiasvecinales.pdf\"><strong>Compostaje en ferias<\/strong><\/a><br>&nbsp;<\/li><li><strong><a href=\"https:\/\/montevideo.gub.uy\/sites\/default\/files\/biblioteca\/campanadetenenciaresponsabledeanimales.pdf\">Campa\u00f1a de tenencia responsable de animales<\/a><\/strong><br>&nbsp;<\/li><li><a href=\"https:\/\/montevideo.gub.uy\/sites\/default\/files\/biblioteca\/mejorasenelbarriopadrecacho.pdf\"><strong>Mejoras en torno al sal\u00f3n Padre Cacho<\/strong><\/a><br>&nbsp;<\/li><li><a href=\"https:\/\/montevideo.gub.uy\/sites\/default\/files\/biblioteca\/mejoresenelparquebatlle.pdf\"><strong>Acondicionamiento en Parque Batlle<\/strong><\/a><br>&nbsp;<\/li><li><a href=\"https:\/\/montevideo.gub.uy\/sites\/default\/files\/biblioteca\/rinconprimerainfanciaenespaciolaspioneras.pdf\"><strong>Rinc\u00f3n de primera infancia en plaza Las Pioneras<\/strong><\/a><br>&nbsp;<\/li><li><a href=\"https:\/\/montevideo.gub.uy\/sites\/default\/files\/biblioteca\/espacioparalasartesylaconvivencia.pdf\"><strong>Espacio de convivencia en plaza Esp\u00ednola<\/strong><\/a><br>&nbsp;<\/li><li><a href=\"https:\/\/montevideo.gub.uy\/sites\/default\/files\/biblioteca\/plazaaccesibleyrecreativaensayago.pdf\"><strong>Espacio accesible y recreativo en Sayago<\/strong><\/a><br>&nbsp;<\/li><li><a href=\"https:\/\/montevideo.gub.uy\/sites\/default\/files\/biblioteca\/acondicionamientodeplazaespana.pdf\"><strong>Mejoras en plaza Espa\u00f1a<\/strong><\/a><br>&nbsp;<\/li><li><a href=\"https:\/\/montevideo.gub.uy\/sites\/default\/files\/biblioteca\/nuevoespaciotejano.pdf\"><strong>Nuevo espacio tejano<\/strong><\/a><br>&nbsp;<\/li><li><strong>Redes de contenci\u00f3n para residuos<\/strong>&nbsp;(\u200b<a href=\"https:\/\/montevideo.gub.uy\/sites\/default\/files\/biblioteca\/redrecogedoradebasura.pdf\"><strong>Acta 1<\/strong><\/a>\u200b y \u200b<a href=\"https:\/\/montevideo.gub.uy\/sites\/default\/files\/biblioteca\/sistemaderedesdecontencionderesiduos.pdf\"><strong>Acta 2<\/strong><\/a>\u200b)<br>&nbsp;<\/li><li><a href=\"https:\/\/montevideo.gub.uy\/sites\/default\/files\/biblioteca\/bioparquejeannebaretenelcerrodemontevideo.pdf\"><strong>\u00c1rea de conservaci\u00f3n: pastizales del Cerro de Montevideo<\/strong><\/a><br>&nbsp;<\/li><li><a href=\"https:\/\/montevideo.gub.uy\/sites\/default\/files\/biblioteca\/espaciosinmotoresprado.pdf\"><strong>Espacio sin motores Prado<\/strong><\/a><\/li><\/ul>\n\n\n\n<p><\/p>\n","protected":false},"excerpt":{"rendered":"<p>La Intendencia de la capital uruguaya inform\u00f3 que, a trav\u00e9s del Ciclo Especial Montevideo 2020 Decide, los ciudadanos presentaron 281 ideas que apuntaban a dos ejes tem\u00e1ticos: Nuevos h\u00e1bitos y Construcci\u00f3n colectiva. Despu\u00e9s de realizar estudios de viabilidad, se votaron 17 ideas. Al final del per\u00edodo de calificaci\u00f3n, del 1 al 15 de septiembre, cuando [&hellip;]<\/p>\n","protected":false},"author":2,"featured_media":8513,"comment_status":"closed","ping_status":"closed","sticky":false,"template":"","format":"standard","meta":{"footnotes":""},"categories":[287,298],"tags":[],"class_list":["post-8455","post","type-post","status-publish","format-standard","has-post-thumbnail","hentry","category-notas","category-radar-es"],"yoast_head":"<!-- This site is optimized with the Yoast SEO plugin v26.9 - https:\/\/yoast.com\/product\/yoast-seo-wordpress\/ -->\n<title>Se aprobaron todas las ideas finalistas del programa &#039;Montevideo Decide&#039; | Mobilitas<\/title>\n<meta name=\"robots\" content=\"index, follow, max-snippet:-1, max-image-preview:large, max-video-preview:-1\" \/>\n<link rel=\"canonical\" href=\"https:\/\/mobilitas.lat\/es\/2020\/09\/12\/el-16-de-septiembre-se-daran-a-conocer-los-proyectos-ganadores-del-programa-de-presupuesto-participativo-en-la-capital-uruguaya-montevideo-decide\/\" \/>\n<meta property=\"og:locale\" content=\"es_ES\" \/>\n<meta property=\"og:type\" content=\"article\" \/>\n<meta property=\"og:title\" content=\"Se aprobaron todas las ideas finalistas del programa &#039;Montevideo Decide&#039; | Mobilitas\" \/>\n<meta property=\"og:description\" content=\"La Intendencia de la capital uruguaya inform\u00f3 que, a trav\u00e9s del Ciclo Especial Montevideo 2020 Decide, los ciudadanos presentaron 281 ideas que apuntaban a dos ejes tem\u00e1ticos: Nuevos h\u00e1bitos y Construcci\u00f3n colectiva. Despu\u00e9s de realizar estudios de viabilidad, se votaron 17 ideas. Al final del per\u00edodo de calificaci\u00f3n, del 1 al 15 de septiembre, cuando [&hellip;]\" \/>\n<meta property=\"og:url\" content=\"https:\/\/mobilitas.lat\/es\/2020\/09\/12\/el-16-de-septiembre-se-daran-a-conocer-los-proyectos-ganadores-del-programa-de-presupuesto-participativo-en-la-capital-uruguaya-montevideo-decide\/\" \/>\n<meta property=\"og:site_name\" content=\"Mobilitas\" \/>\n<meta property=\"article:published_time\" content=\"2020-09-12T03:28:18+00:00\" \/>\n<meta property=\"article:modified_time\" content=\"2020-09-20T02:02:37+00:00\" \/>\n<meta property=\"og:image\" content=\"https:\/\/storage.mobilitas.lat\/uploads\/2020\/09\/MOBILITAS-PLAZA-DE-LAS-PIONERAS-1-1.jpg\" \/>\n\t<meta property=\"og:image:width\" content=\"546\" \/>\n\t<meta property=\"og:image:height\" content=\"308\" \/>\n\t<meta property=\"og:image:type\" content=\"image\/jpeg\" \/>\n<meta name=\"author\" content=\"Alexandre Asquini\" \/>\n<meta name=\"twitter:card\" content=\"summary_large_image\" \/>\n<meta name=\"twitter:label1\" content=\"Written by\" \/>\n\t<meta name=\"twitter:data1\" content=\"Alexandre Asquini\" \/>\n\t<meta name=\"twitter:label2\" content=\"Est. reading time\" \/>\n\t<meta name=\"twitter:data2\" content=\"2 minutes\" \/>\n<script type=\"application\/ld+json\" class=\"yoast-schema-graph\">{\"@context\":\"https:\/\/schema.org\",\"@graph\":[{\"@type\":\"Article\",\"@id\":\"https:\/\/mobilitas.lat\/es\/2020\/09\/12\/el-16-de-septiembre-se-daran-a-conocer-los-proyectos-ganadores-del-programa-de-presupuesto-participativo-en-la-capital-uruguaya-montevideo-decide\/#article\",\"isPartOf\":{\"@id\":\"https:\/\/mobilitas.lat\/es\/2020\/09\/12\/el-16-de-septiembre-se-daran-a-conocer-los-proyectos-ganadores-del-programa-de-presupuesto-participativo-en-la-capital-uruguaya-montevideo-decide\/\"},\"author\":{\"name\":\"Alexandre Asquini\",\"@id\":\"https:\/\/mobilitas.lat\/es\/#\/schema\/person\/cae0d01ccbe855d1858d146e4c4d582d\"},\"headline\":\"Se aprobaron todas las ideas finalistas del programa &#8216;Montevideo Decide&#8217;\",\"datePublished\":\"2020-09-12T03:28:18+00:00\",\"dateModified\":\"2020-09-20T02:02:37+00:00\",\"mainEntityOfPage\":{\"@id\":\"https:\/\/mobilitas.lat\/es\/2020\/09\/12\/el-16-de-septiembre-se-daran-a-conocer-los-proyectos-ganadores-del-programa-de-presupuesto-participativo-en-la-capital-uruguaya-montevideo-decide\/\"},\"wordCount\":315,\"publisher\":{\"@id\":\"https:\/\/mobilitas.lat\/es\/#organization\"},\"image\":{\"@id\":\"https:\/\/mobilitas.lat\/es\/2020\/09\/12\/el-16-de-septiembre-se-daran-a-conocer-los-proyectos-ganadores-del-programa-de-presupuesto-participativo-en-la-capital-uruguaya-montevideo-decide\/#primaryimage\"},\"thumbnailUrl\":\"https:\/\/storage.mobilitas.lat\/uploads\/2020\/09\/MOBILITAS-PLAZA-DE-LAS-PIONERAS-1-1.jpg\",\"articleSection\":[\"Notas\",\"Radar\"],\"inLanguage\":\"es-ES\"},{\"@type\":\"WebPage\",\"@id\":\"https:\/\/mobilitas.lat\/es\/2020\/09\/12\/el-16-de-septiembre-se-daran-a-conocer-los-proyectos-ganadores-del-programa-de-presupuesto-participativo-en-la-capital-uruguaya-montevideo-decide\/\",\"url\":\"https:\/\/mobilitas.lat\/es\/2020\/09\/12\/el-16-de-septiembre-se-daran-a-conocer-los-proyectos-ganadores-del-programa-de-presupuesto-participativo-en-la-capital-uruguaya-montevideo-decide\/\",\"name\":\"Se aprobaron todas las ideas finalistas del programa 'Montevideo Decide' | Mobilitas\",\"isPartOf\":{\"@id\":\"https:\/\/mobilitas.lat\/es\/#website\"},\"primaryImageOfPage\":{\"@id\":\"https:\/\/mobilitas.lat\/es\/2020\/09\/12\/el-16-de-septiembre-se-daran-a-conocer-los-proyectos-ganadores-del-programa-de-presupuesto-participativo-en-la-capital-uruguaya-montevideo-decide\/#primaryimage\"},\"image\":{\"@id\":\"https:\/\/mobilitas.lat\/es\/2020\/09\/12\/el-16-de-septiembre-se-daran-a-conocer-los-proyectos-ganadores-del-programa-de-presupuesto-participativo-en-la-capital-uruguaya-montevideo-decide\/#primaryimage\"},\"thumbnailUrl\":\"https:\/\/storage.mobilitas.lat\/uploads\/2020\/09\/MOBILITAS-PLAZA-DE-LAS-PIONERAS-1-1.jpg\",\"datePublished\":\"2020-09-12T03:28:18+00:00\",\"dateModified\":\"2020-09-20T02:02:37+00:00\",\"breadcrumb\":{\"@id\":\"https:\/\/mobilitas.lat\/es\/2020\/09\/12\/el-16-de-septiembre-se-daran-a-conocer-los-proyectos-ganadores-del-programa-de-presupuesto-participativo-en-la-capital-uruguaya-montevideo-decide\/#breadcrumb\"},\"inLanguage\":\"es-ES\",\"potentialAction\":[{\"@type\":\"ReadAction\",\"target\":[\"https:\/\/mobilitas.lat\/es\/2020\/09\/12\/el-16-de-septiembre-se-daran-a-conocer-los-proyectos-ganadores-del-programa-de-presupuesto-participativo-en-la-capital-uruguaya-montevideo-decide\/\"]}]},{\"@type\":\"ImageObject\",\"inLanguage\":\"es-ES\",\"@id\":\"https:\/\/mobilitas.lat\/es\/2020\/09\/12\/el-16-de-septiembre-se-daran-a-conocer-los-proyectos-ganadores-del-programa-de-presupuesto-participativo-en-la-capital-uruguaya-montevideo-decide\/#primaryimage\",\"url\":\"https:\/\/storage.mobilitas.lat\/uploads\/2020\/09\/MOBILITAS-PLAZA-DE-LAS-PIONERAS-1-1.jpg\",\"contentUrl\":\"https:\/\/storage.mobilitas.lat\/uploads\/2020\/09\/MOBILITAS-PLAZA-DE-LAS-PIONERAS-1-1.jpg\",\"width\":546,\"height\":308,\"caption\":\"Actividad art\u00edstica en la Plaza de las Pioneras\"},{\"@type\":\"BreadcrumbList\",\"@id\":\"https:\/\/mobilitas.lat\/es\/2020\/09\/12\/el-16-de-septiembre-se-daran-a-conocer-los-proyectos-ganadores-del-programa-de-presupuesto-participativo-en-la-capital-uruguaya-montevideo-decide\/#breadcrumb\",\"itemListElement\":[{\"@type\":\"ListItem\",\"position\":1,\"name\":\"In\u00edcio\",\"item\":\"https:\/\/mobilitas.lat\/es\/\"},{\"@type\":\"ListItem\",\"position\":2,\"name\":\"Se aprobaron todas las ideas finalistas del programa &#8216;Montevideo Decide&#8217;\"}]},{\"@type\":\"WebSite\",\"@id\":\"https:\/\/mobilitas.lat\/es\/#website\",\"url\":\"https:\/\/mobilitas.lat\/es\/\",\"name\":\"Mobilitas\",\"description\":\"Tecnologia e Mobilidade Urbana na Am\u00e9rica Latina\",\"publisher\":{\"@id\":\"https:\/\/mobilitas.lat\/es\/#organization\"},\"potentialAction\":[{\"@type\":\"SearchAction\",\"target\":{\"@type\":\"EntryPoint\",\"urlTemplate\":\"https:\/\/mobilitas.lat\/es\/?s={search_term_string}\"},\"query-input\":{\"@type\":\"PropertyValueSpecification\",\"valueRequired\":true,\"valueName\":\"search_term_string\"}}],\"inLanguage\":\"es-ES\"},{\"@type\":\"Organization\",\"@id\":\"https:\/\/mobilitas.lat\/es\/#organization\",\"name\":\"OTM Editora\",\"url\":\"https:\/\/mobilitas.lat\/es\/\",\"logo\":{\"@type\":\"ImageObject\",\"inLanguage\":\"es-ES\",\"@id\":\"https:\/\/mobilitas.lat\/es\/#\/schema\/logo\/image\/\",\"url\":\"https:\/\/mobilitas.lat\/wp-content\/uploads\/2024\/03\/opengraph.png\",\"contentUrl\":\"https:\/\/mobilitas.lat\/wp-content\/uploads\/2024\/03\/opengraph.png\",\"width\":1200,\"height\":630,\"caption\":\"OTM Editora\"},\"image\":{\"@id\":\"https:\/\/mobilitas.lat\/es\/#\/schema\/logo\/image\/\"}},{\"@type\":\"Person\",\"@id\":\"https:\/\/mobilitas.lat\/es\/#\/schema\/person\/cae0d01ccbe855d1858d146e4c4d582d\",\"name\":\"Alexandre Asquini\",\"image\":{\"@type\":\"ImageObject\",\"inLanguage\":\"es-ES\",\"@id\":\"https:\/\/mobilitas.lat\/es\/#\/schema\/person\/image\/\",\"url\":\"https:\/\/secure.gravatar.com\/avatar\/aac99dbef1420f75cc7d86913eb8a7cdfbe13e2509ad7a45649a61414f6d2785?s=96&d=mm&r=g\",\"contentUrl\":\"https:\/\/secure.gravatar.com\/avatar\/aac99dbef1420f75cc7d86913eb8a7cdfbe13e2509ad7a45649a61414f6d2785?s=96&d=mm&r=g\",\"caption\":\"Alexandre Asquini\"}}]}<\/script>\n<!-- \/ Yoast SEO plugin. -->","yoast_head_json":{"title":"Se aprobaron todas las ideas finalistas del programa 'Montevideo Decide' | Mobilitas","robots":{"index":"index","follow":"follow","max-snippet":"max-snippet:-1","max-image-preview":"max-image-preview:large","max-video-preview":"max-video-preview:-1"},"canonical":"https:\/\/mobilitas.lat\/es\/2020\/09\/12\/el-16-de-septiembre-se-daran-a-conocer-los-proyectos-ganadores-del-programa-de-presupuesto-participativo-en-la-capital-uruguaya-montevideo-decide\/","og_locale":"es_ES","og_type":"article","og_title":"Se aprobaron todas las ideas finalistas del programa 'Montevideo Decide' | Mobilitas","og_description":"La Intendencia de la capital uruguaya inform\u00f3 que, a trav\u00e9s del Ciclo Especial Montevideo 2020 Decide, los ciudadanos presentaron 281 ideas que apuntaban a dos ejes tem\u00e1ticos: Nuevos h\u00e1bitos y Construcci\u00f3n colectiva. Despu\u00e9s de realizar estudios de viabilidad, se votaron 17 ideas. Al final del per\u00edodo de calificaci\u00f3n, del 1 al 15 de septiembre, cuando [&hellip;]","og_url":"https:\/\/mobilitas.lat\/es\/2020\/09\/12\/el-16-de-septiembre-se-daran-a-conocer-los-proyectos-ganadores-del-programa-de-presupuesto-participativo-en-la-capital-uruguaya-montevideo-decide\/","og_site_name":"Mobilitas","article_published_time":"2020-09-12T03:28:18+00:00","article_modified_time":"2020-09-20T02:02:37+00:00","og_image":[{"width":546,"height":308,"url":"https:\/\/storage.mobilitas.lat\/uploads\/2020\/09\/MOBILITAS-PLAZA-DE-LAS-PIONERAS-1-1.jpg","type":"image\/jpeg"}],"author":"Alexandre Asquini","twitter_card":"summary_large_image","twitter_misc":{"Written by":"Alexandre Asquini","Est. reading time":"2 minutes"},"schema":{"@context":"https:\/\/schema.org","@graph":[{"@type":"Article","@id":"https:\/\/mobilitas.lat\/es\/2020\/09\/12\/el-16-de-septiembre-se-daran-a-conocer-los-proyectos-ganadores-del-programa-de-presupuesto-participativo-en-la-capital-uruguaya-montevideo-decide\/#article","isPartOf":{"@id":"https:\/\/mobilitas.lat\/es\/2020\/09\/12\/el-16-de-septiembre-se-daran-a-conocer-los-proyectos-ganadores-del-programa-de-presupuesto-participativo-en-la-capital-uruguaya-montevideo-decide\/"},"author":{"name":"Alexandre Asquini","@id":"https:\/\/mobilitas.lat\/es\/#\/schema\/person\/cae0d01ccbe855d1858d146e4c4d582d"},"headline":"Se aprobaron todas las ideas finalistas del programa &#8216;Montevideo Decide&#8217;","datePublished":"2020-09-12T03:28:18+00:00","dateModified":"2020-09-20T02:02:37+00:00","mainEntityOfPage":{"@id":"https:\/\/mobilitas.lat\/es\/2020\/09\/12\/el-16-de-septiembre-se-daran-a-conocer-los-proyectos-ganadores-del-programa-de-presupuesto-participativo-en-la-capital-uruguaya-montevideo-decide\/"},"wordCount":315,"publisher":{"@id":"https:\/\/mobilitas.lat\/es\/#organization"},"image":{"@id":"https:\/\/mobilitas.lat\/es\/2020\/09\/12\/el-16-de-septiembre-se-daran-a-conocer-los-proyectos-ganadores-del-programa-de-presupuesto-participativo-en-la-capital-uruguaya-montevideo-decide\/#primaryimage"},"thumbnailUrl":"https:\/\/storage.mobilitas.lat\/uploads\/2020\/09\/MOBILITAS-PLAZA-DE-LAS-PIONERAS-1-1.jpg","articleSection":["Notas","Radar"],"inLanguage":"es-ES"},{"@type":"WebPage","@id":"https:\/\/mobilitas.lat\/es\/2020\/09\/12\/el-16-de-septiembre-se-daran-a-conocer-los-proyectos-ganadores-del-programa-de-presupuesto-participativo-en-la-capital-uruguaya-montevideo-decide\/","url":"https:\/\/mobilitas.lat\/es\/2020\/09\/12\/el-16-de-septiembre-se-daran-a-conocer-los-proyectos-ganadores-del-programa-de-presupuesto-participativo-en-la-capital-uruguaya-montevideo-decide\/","name":"Se aprobaron todas las ideas finalistas del programa 'Montevideo Decide' | Mobilitas","isPartOf":{"@id":"https:\/\/mobilitas.lat\/es\/#website"},"primaryImageOfPage":{"@id":"https:\/\/mobilitas.lat\/es\/2020\/09\/12\/el-16-de-septiembre-se-daran-a-conocer-los-proyectos-ganadores-del-programa-de-presupuesto-participativo-en-la-capital-uruguaya-montevideo-decide\/#primaryimage"},"image":{"@id":"https:\/\/mobilitas.lat\/es\/2020\/09\/12\/el-16-de-septiembre-se-daran-a-conocer-los-proyectos-ganadores-del-programa-de-presupuesto-participativo-en-la-capital-uruguaya-montevideo-decide\/#primaryimage"},"thumbnailUrl":"https:\/\/storage.mobilitas.lat\/uploads\/2020\/09\/MOBILITAS-PLAZA-DE-LAS-PIONERAS-1-1.jpg","datePublished":"2020-09-12T03:28:18+00:00","dateModified":"2020-09-20T02:02:37+00:00","breadcrumb":{"@id":"https:\/\/mobilitas.lat\/es\/2020\/09\/12\/el-16-de-septiembre-se-daran-a-conocer-los-proyectos-ganadores-del-programa-de-presupuesto-participativo-en-la-capital-uruguaya-montevideo-decide\/#breadcrumb"},"inLanguage":"es-ES","potentialAction":[{"@type":"ReadAction","target":["https:\/\/mobilitas.lat\/es\/2020\/09\/12\/el-16-de-septiembre-se-daran-a-conocer-los-proyectos-ganadores-del-programa-de-presupuesto-participativo-en-la-capital-uruguaya-montevideo-decide\/"]}]},{"@type":"ImageObject","inLanguage":"es-ES","@id":"https:\/\/mobilitas.lat\/es\/2020\/09\/12\/el-16-de-septiembre-se-daran-a-conocer-los-proyectos-ganadores-del-programa-de-presupuesto-participativo-en-la-capital-uruguaya-montevideo-decide\/#primaryimage","url":"https:\/\/storage.mobilitas.lat\/uploads\/2020\/09\/MOBILITAS-PLAZA-DE-LAS-PIONERAS-1-1.jpg","contentUrl":"https:\/\/storage.mobilitas.lat\/uploads\/2020\/09\/MOBILITAS-PLAZA-DE-LAS-PIONERAS-1-1.jpg","width":546,"height":308,"caption":"Actividad art\u00edstica en la Plaza de las Pioneras"},{"@type":"BreadcrumbList","@id":"https:\/\/mobilitas.lat\/es\/2020\/09\/12\/el-16-de-septiembre-se-daran-a-conocer-los-proyectos-ganadores-del-programa-de-presupuesto-participativo-en-la-capital-uruguaya-montevideo-decide\/#breadcrumb","itemListElement":[{"@type":"ListItem","position":1,"name":"In\u00edcio","item":"https:\/\/mobilitas.lat\/es\/"},{"@type":"ListItem","position":2,"name":"Se aprobaron todas las ideas finalistas del programa &#8216;Montevideo Decide&#8217;"}]},{"@type":"WebSite","@id":"https:\/\/mobilitas.lat\/es\/#website","url":"https:\/\/mobilitas.lat\/es\/","name":"Mobilitas","description":"Tecnologia e Mobilidade Urbana na Am\u00e9rica Latina","publisher":{"@id":"https:\/\/mobilitas.lat\/es\/#organization"},"potentialAction":[{"@type":"SearchAction","target":{"@type":"EntryPoint","urlTemplate":"https:\/\/mobilitas.lat\/es\/?s={search_term_string}"},"query-input":{"@type":"PropertyValueSpecification","valueRequired":true,"valueName":"search_term_string"}}],"inLanguage":"es-ES"},{"@type":"Organization","@id":"https:\/\/mobilitas.lat\/es\/#organization","name":"OTM Editora","url":"https:\/\/mobilitas.lat\/es\/","logo":{"@type":"ImageObject","inLanguage":"es-ES","@id":"https:\/\/mobilitas.lat\/es\/#\/schema\/logo\/image\/","url":"https:\/\/mobilitas.lat\/wp-content\/uploads\/2024\/03\/opengraph.png","contentUrl":"https:\/\/mobilitas.lat\/wp-content\/uploads\/2024\/03\/opengraph.png","width":1200,"height":630,"caption":"OTM Editora"},"image":{"@id":"https:\/\/mobilitas.lat\/es\/#\/schema\/logo\/image\/"}},{"@type":"Person","@id":"https:\/\/mobilitas.lat\/es\/#\/schema\/person\/cae0d01ccbe855d1858d146e4c4d582d","name":"Alexandre Asquini","image":{"@type":"ImageObject","inLanguage":"es-ES","@id":"https:\/\/mobilitas.lat\/es\/#\/schema\/person\/image\/","url":"https:\/\/secure.gravatar.com\/avatar\/aac99dbef1420f75cc7d86913eb8a7cdfbe13e2509ad7a45649a61414f6d2785?s=96&d=mm&r=g","contentUrl":"https:\/\/secure.gravatar.com\/avatar\/aac99dbef1420f75cc7d86913eb8a7cdfbe13e2509ad7a45649a61414f6d2785?s=96&d=mm&r=g","caption":"Alexandre Asquini"}}]}},"_links":{"self":[{"href":"https:\/\/mobilitas.lat\/es\/wp-json\/wp\/v2\/posts\/8455","targetHints":{"allow":["GET"]}}],"collection":[{"href":"https:\/\/mobilitas.lat\/es\/wp-json\/wp\/v2\/posts"}],"about":[{"href":"https:\/\/mobilitas.lat\/es\/wp-json\/wp\/v2\/types\/post"}],"author":[{"embeddable":true,"href":"https:\/\/mobilitas.lat\/es\/wp-json\/wp\/v2\/users\/2"}],"replies":[{"embeddable":true,"href":"https:\/\/mobilitas.lat\/es\/wp-json\/wp\/v2\/comments?post=8455"}],"version-history":[{"count":5,"href":"https:\/\/mobilitas.lat\/es\/wp-json\/wp\/v2\/posts\/8455\/revisions"}],"predecessor-version":[{"id":8508,"href":"https:\/\/mobilitas.lat\/es\/wp-json\/wp\/v2\/posts\/8455\/revisions\/8508"}],"wp:featuredmedia":[{"embeddable":true,"href":"https:\/\/mobilitas.lat\/es\/wp-json\/wp\/v2\/media\/8513"}],"wp:attachment":[{"href":"https:\/\/mobilitas.lat\/es\/wp-json\/wp\/v2\/media?parent=8455"}],"wp:term":[{"taxonomy":"category","embeddable":true,"href":"https:\/\/mobilitas.lat\/es\/wp-json\/wp\/v2\/categories?post=8455"},{"taxonomy":"post_tag","embeddable":true,"href":"https:\/\/mobilitas.lat\/es\/wp-json\/wp\/v2\/tags?post=8455"}],"curies":[{"name":"wp","href":"https:\/\/api.w.org\/{rel}","templated":true}]}}