{"id":8090,"date":"2020-07-29T14:17:31","date_gmt":"2020-07-29T17:17:31","guid":{"rendered":"https:\/\/mobilitas.lat\/?p=8090"},"modified":"2020-07-29T14:24:09","modified_gmt":"2020-07-29T17:24:09","slug":"dirigida-a-municipios-y-gobiernos-regionales-de-chile-una-guia-sobre-gestion-de-aglomeraciones-en-la-pandemia-recomienda-prioridad-para-autobuses-e-indica-otras-soluciones","status":"publish","type":"post","link":"https:\/\/mobilitas.lat\/es\/2020\/07\/29\/dirigida-a-municipios-y-gobiernos-regionales-de-chile-una-guia-sobre-gestion-de-aglomeraciones-en-la-pandemia-recomienda-prioridad-para-autobuses-e-indica-otras-soluciones\/","title":{"rendered":"Dirigida a Municipios y Gobiernos Regionales de Chile, una gu\u00eda sobre gesti\u00f3n de aglomeraciones en la pandemia recomienda prioridad para autobuses e indica otras soluciones"},"content":{"rendered":"\n<p>A trav\u00e9s de su sitio web oficial, el Ministerio de Transporte y Comunicaciones de Chile presenta la publicaci\u00f3n de orientaci\u00f3n titulada <em>Fichas para Gesti\u00f3n de Aglomeraciones<\/em>, a la que se puede acceder a trav\u00e9s de un enlace al final de este art\u00edculo.<\/p>\n\n\n\n<p>Con 32 p\u00e1ginas, el cuaderno indica estas soluciones: 1) La importancia de la difusi\u00f3n de las medidas temporales, 2) Ciclov\u00edas temporales,3) \u201cCiclocalles\u201d, 4) Ampliaci\u00f3n de espacios peatonales, 5) Cruce peatonal tipo Tokio (cruce en X); 6) Reasignaci\u00f3n de espacios para uso del comercio local, 7) Distanciamiento f\u00edsico en entornos escolares, 8) Forzado de botonera en cruces con sem\u00e1foro peatonal, 9) Medidas sanitarias en paradas y al interior del transporte p\u00fablico, 10) Distanciamiento f\u00edsico en paradas del transporte p\u00fablico, 11) Pistas solo bus, 12) Campa\u00f1as Covid-19 en transporte p\u00fablico, 13) App Red Metropolitana de Movilidad.<\/p>\n\n\n\n<p>Seg\u00fan el propio documento, la serie de soluciones temporales, organizadas en fichas para la gesti\u00f3n de aglomeraciones, tienen como objetivo guiar de forma pr\u00e1ctica y concreta a Municipios, Gobiernos Regionales y a otras entidades interesadas en ejecutarlas.<\/p>\n\n\n\n<p>Las fichas reunidas en el cuaderno recogen experiencias nacionales e internacionales, y recomendaciones hechas por distintas organizaciones, incluyendo la Asociaci\u00f3n Nacional de Oficiales de Transporte Urbano (NACTO por sus siglas en ingl\u00e9s).<\/p>\n\n\n\n<p><strong>Movilidad activa.<\/strong> Un punto subrayado en la introducci\u00f3n de la publicaci\u00f3n es que las soluciones tambi\u00e9n buscan promover la movilidad activa, debido a sus m\u00faltiples beneficios, no solo en la salud y el medio ambiente, sino tambi\u00e9n por su contribuci\u00f3n efectiva con las medidas de distanciamiento f\u00edsico en el espacio p\u00fablico.<\/p>\n\n\n\n<p><strong>Prioridad para los autobuses.<\/strong> El Ministerio de Transportes y Telecomunicaciones destaca que promueve el uso de los modos sustentables, como los no motorizados, la micromovilidad y el transporte p\u00fablico, que debe contar con un espacio vial priorizado.<\/p>\n\n\n\n<p><strong>Aglomeraciones en el transporte p\u00fablico.<\/strong> En esta gu\u00eda tambi\u00e9n fueron incorporadas fichas con medidas para la gesti\u00f3n de aglomeraciones en el transporte p\u00fablico. De esa forma, buscamos resguardar la seguridad de los usuarios y evitar una p\u00e9rdida irreversible de pasajeros hacia otros modos como el autom\u00f3vil, lo que puede tener costos importantes para sustentabilidad y la calidad de la vida urbana.<\/p>\n\n\n\n<p><strong>Implantaci\u00f3n y reversi\u00f3n<\/strong>. Dice la publicaci\u00f3n que para implementaci\u00f3n de las soluciones temporales se debe analizar considerando factores como la realidad local y la factibilidad de ejecutar estas acciones en un corto plazo. Adem\u00e1s, se debe considerar la posibilitad de reversi\u00f3n una vez que se retorne a las actividades regulares de la ciudad.<\/p>\n\n\n\n<p><strong>Comunicaci\u00f3n.<\/strong> El documento enfatiza la importancia de los gobernantes &nbsp;regionales y locales consideraren &nbsp;una estrategia comunicacional para que los usuarios conozcan las iniciativas implementadas, las incorporen en su rutina y puedan tomar decisiones de viaje informadas. La idea es que construir una ciudad segura, sostenible y confiable sea un trabajo que involucra a todos.<\/p>\n\n\n\n<p class=\"has-background has-medium-font-size has-light-green-cyan-background-color\"><strong>Chile plantea un plan nacional para diversificar opciones de transporte y reducir riesgos de contagios por Covid-19<\/strong><\/p>\n\n\n\n<p>Un total de 222 medidas a nivel nacional contiene el Plan Nacional de Movilidad \u201cPaso a Paso\u201d , elaborado por el Ministerio de Transportes y Telecomunicaciones &nbsp;y presentado el 23 de julio de 2020, cuyo fin es implementar diversas acciones que permitan resguardar la movilidad de las personas en los espacios p\u00fablicos viales y en el transporte p\u00fablico durante el desconfinamiento y as\u00ed prevenir el contagio de Covid-19.<\/p>\n\n\n\n<p>Entre las medidas del plan se contemplan la habilitaci\u00f3n de 74 kil\u00f3metros de zonas peatonales, 180 kil\u00f3metros de ciclov\u00edas temporales y 153 kil\u00f3metros de Pistas Solo Bus y v\u00edas exclusivas para el transporte p\u00fablico, lo que permitir\u00e1 reducir eventuales aglomeraciones en paraderos, junto con acortar los tiempos de desplazamiento, contribuyendo tambi\u00e9n a descongestionar el interior de los buses del sistema de transporte p\u00fablico.<\/p>\n\n\n\n<p>Parte de las medidas que se destacan en materia de gesti\u00f3n de tr\u00e1nsito y movilidad, son las que desarrollar\u00e1n las Unidades Operativas de Control de Tr\u00e1nsito (UOCT) a nivel nacional, que contempla la intervenci\u00f3n de 588 puntos de aglomeraciones detectados, los cuales ser\u00e1n mitigados, a trav\u00e9s de cambios en los tiempos de los sem\u00e1foros, contribuyendo as\u00ed al distanciamiento f\u00edsico. <\/p>\n\n\n\n<p>Adem\u00e1s, habr\u00e1 la gesti\u00f3n de 839 cruces semaforizados para dar mayores tiempos de verde peatonal y 823 intersecciones modificadas para otorgar prioridad al desplazamiento de los buses del Transporte P\u00fablico.<\/p>\n","protected":false},"excerpt":{"rendered":"<p>A trav\u00e9s de su sitio web oficial, el Ministerio de Transporte y Comunicaciones de Chile presenta la publicaci\u00f3n de orientaci\u00f3n titulada Fichas para Gesti\u00f3n de Aglomeraciones, a la que se puede acceder a trav\u00e9s de un enlace al final de este art\u00edculo. Con 32 p\u00e1ginas, el cuaderno indica estas soluciones: 1) La importancia de la [&hellip;]<\/p>\n","protected":false},"author":2,"featured_media":8100,"comment_status":"closed","ping_status":"closed","sticky":false,"template":"","format":"standard","meta":{"footnotes":""},"categories":[287],"tags":[476],"class_list":["post-8090","post","type-post","status-publish","format-standard","has-post-thumbnail","hentry","category-notas","tag-ideas"],"yoast_head":"<!-- This site is optimized with the Yoast SEO plugin v26.9 - https:\/\/yoast.com\/product\/yoast-seo-wordpress\/ -->\n<title>Dirigida a Municipios y Gobiernos Regionales de Chile, una gu\u00eda sobre gesti\u00f3n de aglomeraciones en la pandemia recomienda prioridad para autobuses e indica otras soluciones | Mobilitas<\/title>\n<meta name=\"robots\" content=\"index, follow, max-snippet:-1, max-image-preview:large, max-video-preview:-1\" \/>\n<link rel=\"canonical\" href=\"https:\/\/mobilitas.lat\/es\/2020\/07\/29\/dirigida-a-municipios-y-gobiernos-regionales-de-chile-una-guia-sobre-gestion-de-aglomeraciones-en-la-pandemia-recomienda-prioridad-para-autobuses-e-indica-otras-soluciones\/\" \/>\n<meta property=\"og:locale\" content=\"es_ES\" \/>\n<meta property=\"og:type\" content=\"article\" \/>\n<meta property=\"og:title\" content=\"Dirigida a Municipios y Gobiernos Regionales de Chile, una gu\u00eda sobre gesti\u00f3n de aglomeraciones en la pandemia recomienda prioridad para autobuses e indica otras soluciones | Mobilitas\" \/>\n<meta property=\"og:description\" content=\"A trav\u00e9s de su sitio web oficial, el Ministerio de Transporte y Comunicaciones de Chile presenta la publicaci\u00f3n de orientaci\u00f3n titulada Fichas para Gesti\u00f3n de Aglomeraciones, a la que se puede acceder a trav\u00e9s de un enlace al final de este art\u00edculo. Con 32 p\u00e1ginas, el cuaderno indica estas soluciones: 1) La importancia de la [&hellip;]\" \/>\n<meta property=\"og:url\" content=\"https:\/\/mobilitas.lat\/es\/2020\/07\/29\/dirigida-a-municipios-y-gobiernos-regionales-de-chile-una-guia-sobre-gestion-de-aglomeraciones-en-la-pandemia-recomienda-prioridad-para-autobuses-e-indica-otras-soluciones\/\" \/>\n<meta property=\"og:site_name\" content=\"Mobilitas\" \/>\n<meta property=\"article:published_time\" content=\"2020-07-29T17:17:31+00:00\" \/>\n<meta property=\"article:modified_time\" content=\"2020-07-29T17:24:09+00:00\" \/>\n<meta property=\"og:image\" content=\"https:\/\/storage.mobilitas.lat\/uploads\/2020\/07\/MOBILITAS-CHILE-OMNIBUS-SOLO.jpg\" \/>\n\t<meta property=\"og:image:width\" content=\"547\" \/>\n\t<meta property=\"og:image:height\" content=\"332\" \/>\n\t<meta property=\"og:image:type\" content=\"image\/jpeg\" \/>\n<meta name=\"author\" content=\"Alexandre Asquini\" \/>\n<meta name=\"twitter:card\" content=\"summary_large_image\" \/>\n<meta name=\"twitter:label1\" content=\"Written by\" \/>\n\t<meta name=\"twitter:data1\" content=\"Alexandre Asquini\" \/>\n\t<meta name=\"twitter:label2\" content=\"Est. reading time\" \/>\n\t<meta name=\"twitter:data2\" content=\"4 minutes\" \/>\n<script type=\"application\/ld+json\" class=\"yoast-schema-graph\">{\"@context\":\"https:\/\/schema.org\",\"@graph\":[{\"@type\":\"Article\",\"@id\":\"https:\/\/mobilitas.lat\/es\/2020\/07\/29\/dirigida-a-municipios-y-gobiernos-regionales-de-chile-una-guia-sobre-gestion-de-aglomeraciones-en-la-pandemia-recomienda-prioridad-para-autobuses-e-indica-otras-soluciones\/#article\",\"isPartOf\":{\"@id\":\"https:\/\/mobilitas.lat\/es\/2020\/07\/29\/dirigida-a-municipios-y-gobiernos-regionales-de-chile-una-guia-sobre-gestion-de-aglomeraciones-en-la-pandemia-recomienda-prioridad-para-autobuses-e-indica-otras-soluciones\/\"},\"author\":{\"name\":\"Alexandre Asquini\",\"@id\":\"https:\/\/mobilitas.lat\/es\/#\/schema\/person\/cae0d01ccbe855d1858d146e4c4d582d\"},\"headline\":\"Dirigida a Municipios y Gobiernos Regionales de Chile, una gu\u00eda sobre gesti\u00f3n de aglomeraciones en la pandemia recomienda prioridad para autobuses e indica otras soluciones\",\"datePublished\":\"2020-07-29T17:17:31+00:00\",\"dateModified\":\"2020-07-29T17:24:09+00:00\",\"mainEntityOfPage\":{\"@id\":\"https:\/\/mobilitas.lat\/es\/2020\/07\/29\/dirigida-a-municipios-y-gobiernos-regionales-de-chile-una-guia-sobre-gestion-de-aglomeraciones-en-la-pandemia-recomienda-prioridad-para-autobuses-e-indica-otras-soluciones\/\"},\"wordCount\":774,\"publisher\":{\"@id\":\"https:\/\/mobilitas.lat\/es\/#organization\"},\"image\":{\"@id\":\"https:\/\/mobilitas.lat\/es\/2020\/07\/29\/dirigida-a-municipios-y-gobiernos-regionales-de-chile-una-guia-sobre-gestion-de-aglomeraciones-en-la-pandemia-recomienda-prioridad-para-autobuses-e-indica-otras-soluciones\/#primaryimage\"},\"thumbnailUrl\":\"https:\/\/storage.mobilitas.lat\/uploads\/2020\/07\/MOBILITAS-CHILE-OMNIBUS-SOLO.jpg\",\"keywords\":[\"ideas\"],\"articleSection\":[\"Notas\"],\"inLanguage\":\"es-ES\"},{\"@type\":\"WebPage\",\"@id\":\"https:\/\/mobilitas.lat\/es\/2020\/07\/29\/dirigida-a-municipios-y-gobiernos-regionales-de-chile-una-guia-sobre-gestion-de-aglomeraciones-en-la-pandemia-recomienda-prioridad-para-autobuses-e-indica-otras-soluciones\/\",\"url\":\"https:\/\/mobilitas.lat\/es\/2020\/07\/29\/dirigida-a-municipios-y-gobiernos-regionales-de-chile-una-guia-sobre-gestion-de-aglomeraciones-en-la-pandemia-recomienda-prioridad-para-autobuses-e-indica-otras-soluciones\/\",\"name\":\"Dirigida a Municipios y Gobiernos Regionales de Chile, una gu\u00eda sobre gesti\u00f3n de aglomeraciones en la pandemia recomienda prioridad para autobuses e indica otras soluciones | Mobilitas\",\"isPartOf\":{\"@id\":\"https:\/\/mobilitas.lat\/es\/#website\"},\"primaryImageOfPage\":{\"@id\":\"https:\/\/mobilitas.lat\/es\/2020\/07\/29\/dirigida-a-municipios-y-gobiernos-regionales-de-chile-una-guia-sobre-gestion-de-aglomeraciones-en-la-pandemia-recomienda-prioridad-para-autobuses-e-indica-otras-soluciones\/#primaryimage\"},\"image\":{\"@id\":\"https:\/\/mobilitas.lat\/es\/2020\/07\/29\/dirigida-a-municipios-y-gobiernos-regionales-de-chile-una-guia-sobre-gestion-de-aglomeraciones-en-la-pandemia-recomienda-prioridad-para-autobuses-e-indica-otras-soluciones\/#primaryimage\"},\"thumbnailUrl\":\"https:\/\/storage.mobilitas.lat\/uploads\/2020\/07\/MOBILITAS-CHILE-OMNIBUS-SOLO.jpg\",\"datePublished\":\"2020-07-29T17:17:31+00:00\",\"dateModified\":\"2020-07-29T17:24:09+00:00\",\"breadcrumb\":{\"@id\":\"https:\/\/mobilitas.lat\/es\/2020\/07\/29\/dirigida-a-municipios-y-gobiernos-regionales-de-chile-una-guia-sobre-gestion-de-aglomeraciones-en-la-pandemia-recomienda-prioridad-para-autobuses-e-indica-otras-soluciones\/#breadcrumb\"},\"inLanguage\":\"es-ES\",\"potentialAction\":[{\"@type\":\"ReadAction\",\"target\":[\"https:\/\/mobilitas.lat\/es\/2020\/07\/29\/dirigida-a-municipios-y-gobiernos-regionales-de-chile-una-guia-sobre-gestion-de-aglomeraciones-en-la-pandemia-recomienda-prioridad-para-autobuses-e-indica-otras-soluciones\/\"]}]},{\"@type\":\"ImageObject\",\"inLanguage\":\"es-ES\",\"@id\":\"https:\/\/mobilitas.lat\/es\/2020\/07\/29\/dirigida-a-municipios-y-gobiernos-regionales-de-chile-una-guia-sobre-gestion-de-aglomeraciones-en-la-pandemia-recomienda-prioridad-para-autobuses-e-indica-otras-soluciones\/#primaryimage\",\"url\":\"https:\/\/storage.mobilitas.lat\/uploads\/2020\/07\/MOBILITAS-CHILE-OMNIBUS-SOLO.jpg\",\"contentUrl\":\"https:\/\/storage.mobilitas.lat\/uploads\/2020\/07\/MOBILITAS-CHILE-OMNIBUS-SOLO.jpg\",\"width\":547,\"height\":332},{\"@type\":\"BreadcrumbList\",\"@id\":\"https:\/\/mobilitas.lat\/es\/2020\/07\/29\/dirigida-a-municipios-y-gobiernos-regionales-de-chile-una-guia-sobre-gestion-de-aglomeraciones-en-la-pandemia-recomienda-prioridad-para-autobuses-e-indica-otras-soluciones\/#breadcrumb\",\"itemListElement\":[{\"@type\":\"ListItem\",\"position\":1,\"name\":\"In\u00edcio\",\"item\":\"https:\/\/mobilitas.lat\/es\/\"},{\"@type\":\"ListItem\",\"position\":2,\"name\":\"Dirigida a Municipios y Gobiernos Regionales de Chile, una gu\u00eda sobre gesti\u00f3n de aglomeraciones en la pandemia recomienda prioridad para autobuses e indica otras soluciones\"}]},{\"@type\":\"WebSite\",\"@id\":\"https:\/\/mobilitas.lat\/es\/#website\",\"url\":\"https:\/\/mobilitas.lat\/es\/\",\"name\":\"Mobilitas\",\"description\":\"Tecnologia e Mobilidade Urbana na Am\u00e9rica Latina\",\"publisher\":{\"@id\":\"https:\/\/mobilitas.lat\/es\/#organization\"},\"potentialAction\":[{\"@type\":\"SearchAction\",\"target\":{\"@type\":\"EntryPoint\",\"urlTemplate\":\"https:\/\/mobilitas.lat\/es\/?s={search_term_string}\"},\"query-input\":{\"@type\":\"PropertyValueSpecification\",\"valueRequired\":true,\"valueName\":\"search_term_string\"}}],\"inLanguage\":\"es-ES\"},{\"@type\":\"Organization\",\"@id\":\"https:\/\/mobilitas.lat\/es\/#organization\",\"name\":\"OTM Editora\",\"url\":\"https:\/\/mobilitas.lat\/es\/\",\"logo\":{\"@type\":\"ImageObject\",\"inLanguage\":\"es-ES\",\"@id\":\"https:\/\/mobilitas.lat\/es\/#\/schema\/logo\/image\/\",\"url\":\"https:\/\/mobilitas.lat\/wp-content\/uploads\/2024\/03\/opengraph.png\",\"contentUrl\":\"https:\/\/mobilitas.lat\/wp-content\/uploads\/2024\/03\/opengraph.png\",\"width\":1200,\"height\":630,\"caption\":\"OTM Editora\"},\"image\":{\"@id\":\"https:\/\/mobilitas.lat\/es\/#\/schema\/logo\/image\/\"}},{\"@type\":\"Person\",\"@id\":\"https:\/\/mobilitas.lat\/es\/#\/schema\/person\/cae0d01ccbe855d1858d146e4c4d582d\",\"name\":\"Alexandre Asquini\",\"image\":{\"@type\":\"ImageObject\",\"inLanguage\":\"es-ES\",\"@id\":\"https:\/\/mobilitas.lat\/es\/#\/schema\/person\/image\/\",\"url\":\"https:\/\/secure.gravatar.com\/avatar\/aac99dbef1420f75cc7d86913eb8a7cdfbe13e2509ad7a45649a61414f6d2785?s=96&d=mm&r=g\",\"contentUrl\":\"https:\/\/secure.gravatar.com\/avatar\/aac99dbef1420f75cc7d86913eb8a7cdfbe13e2509ad7a45649a61414f6d2785?s=96&d=mm&r=g\",\"caption\":\"Alexandre Asquini\"}}]}<\/script>\n<!-- \/ Yoast SEO plugin. -->","yoast_head_json":{"title":"Dirigida a Municipios y Gobiernos Regionales de Chile, una gu\u00eda sobre gesti\u00f3n de aglomeraciones en la pandemia recomienda prioridad para autobuses e indica otras soluciones | Mobilitas","robots":{"index":"index","follow":"follow","max-snippet":"max-snippet:-1","max-image-preview":"max-image-preview:large","max-video-preview":"max-video-preview:-1"},"canonical":"https:\/\/mobilitas.lat\/es\/2020\/07\/29\/dirigida-a-municipios-y-gobiernos-regionales-de-chile-una-guia-sobre-gestion-de-aglomeraciones-en-la-pandemia-recomienda-prioridad-para-autobuses-e-indica-otras-soluciones\/","og_locale":"es_ES","og_type":"article","og_title":"Dirigida a Municipios y Gobiernos Regionales de Chile, una gu\u00eda sobre gesti\u00f3n de aglomeraciones en la pandemia recomienda prioridad para autobuses e indica otras soluciones | Mobilitas","og_description":"A trav\u00e9s de su sitio web oficial, el Ministerio de Transporte y Comunicaciones de Chile presenta la publicaci\u00f3n de orientaci\u00f3n titulada Fichas para Gesti\u00f3n de Aglomeraciones, a la que se puede acceder a trav\u00e9s de un enlace al final de este art\u00edculo. Con 32 p\u00e1ginas, el cuaderno indica estas soluciones: 1) La importancia de la [&hellip;]","og_url":"https:\/\/mobilitas.lat\/es\/2020\/07\/29\/dirigida-a-municipios-y-gobiernos-regionales-de-chile-una-guia-sobre-gestion-de-aglomeraciones-en-la-pandemia-recomienda-prioridad-para-autobuses-e-indica-otras-soluciones\/","og_site_name":"Mobilitas","article_published_time":"2020-07-29T17:17:31+00:00","article_modified_time":"2020-07-29T17:24:09+00:00","og_image":[{"width":547,"height":332,"url":"https:\/\/storage.mobilitas.lat\/uploads\/2020\/07\/MOBILITAS-CHILE-OMNIBUS-SOLO.jpg","type":"image\/jpeg"}],"author":"Alexandre Asquini","twitter_card":"summary_large_image","twitter_misc":{"Written by":"Alexandre Asquini","Est. reading time":"4 minutes"},"schema":{"@context":"https:\/\/schema.org","@graph":[{"@type":"Article","@id":"https:\/\/mobilitas.lat\/es\/2020\/07\/29\/dirigida-a-municipios-y-gobiernos-regionales-de-chile-una-guia-sobre-gestion-de-aglomeraciones-en-la-pandemia-recomienda-prioridad-para-autobuses-e-indica-otras-soluciones\/#article","isPartOf":{"@id":"https:\/\/mobilitas.lat\/es\/2020\/07\/29\/dirigida-a-municipios-y-gobiernos-regionales-de-chile-una-guia-sobre-gestion-de-aglomeraciones-en-la-pandemia-recomienda-prioridad-para-autobuses-e-indica-otras-soluciones\/"},"author":{"name":"Alexandre Asquini","@id":"https:\/\/mobilitas.lat\/es\/#\/schema\/person\/cae0d01ccbe855d1858d146e4c4d582d"},"headline":"Dirigida a Municipios y Gobiernos Regionales de Chile, una gu\u00eda sobre gesti\u00f3n de aglomeraciones en la pandemia recomienda prioridad para autobuses e indica otras soluciones","datePublished":"2020-07-29T17:17:31+00:00","dateModified":"2020-07-29T17:24:09+00:00","mainEntityOfPage":{"@id":"https:\/\/mobilitas.lat\/es\/2020\/07\/29\/dirigida-a-municipios-y-gobiernos-regionales-de-chile-una-guia-sobre-gestion-de-aglomeraciones-en-la-pandemia-recomienda-prioridad-para-autobuses-e-indica-otras-soluciones\/"},"wordCount":774,"publisher":{"@id":"https:\/\/mobilitas.lat\/es\/#organization"},"image":{"@id":"https:\/\/mobilitas.lat\/es\/2020\/07\/29\/dirigida-a-municipios-y-gobiernos-regionales-de-chile-una-guia-sobre-gestion-de-aglomeraciones-en-la-pandemia-recomienda-prioridad-para-autobuses-e-indica-otras-soluciones\/#primaryimage"},"thumbnailUrl":"https:\/\/storage.mobilitas.lat\/uploads\/2020\/07\/MOBILITAS-CHILE-OMNIBUS-SOLO.jpg","keywords":["ideas"],"articleSection":["Notas"],"inLanguage":"es-ES"},{"@type":"WebPage","@id":"https:\/\/mobilitas.lat\/es\/2020\/07\/29\/dirigida-a-municipios-y-gobiernos-regionales-de-chile-una-guia-sobre-gestion-de-aglomeraciones-en-la-pandemia-recomienda-prioridad-para-autobuses-e-indica-otras-soluciones\/","url":"https:\/\/mobilitas.lat\/es\/2020\/07\/29\/dirigida-a-municipios-y-gobiernos-regionales-de-chile-una-guia-sobre-gestion-de-aglomeraciones-en-la-pandemia-recomienda-prioridad-para-autobuses-e-indica-otras-soluciones\/","name":"Dirigida a Municipios y Gobiernos Regionales de Chile, una gu\u00eda sobre gesti\u00f3n de aglomeraciones en la pandemia recomienda prioridad para autobuses e indica otras soluciones | Mobilitas","isPartOf":{"@id":"https:\/\/mobilitas.lat\/es\/#website"},"primaryImageOfPage":{"@id":"https:\/\/mobilitas.lat\/es\/2020\/07\/29\/dirigida-a-municipios-y-gobiernos-regionales-de-chile-una-guia-sobre-gestion-de-aglomeraciones-en-la-pandemia-recomienda-prioridad-para-autobuses-e-indica-otras-soluciones\/#primaryimage"},"image":{"@id":"https:\/\/mobilitas.lat\/es\/2020\/07\/29\/dirigida-a-municipios-y-gobiernos-regionales-de-chile-una-guia-sobre-gestion-de-aglomeraciones-en-la-pandemia-recomienda-prioridad-para-autobuses-e-indica-otras-soluciones\/#primaryimage"},"thumbnailUrl":"https:\/\/storage.mobilitas.lat\/uploads\/2020\/07\/MOBILITAS-CHILE-OMNIBUS-SOLO.jpg","datePublished":"2020-07-29T17:17:31+00:00","dateModified":"2020-07-29T17:24:09+00:00","breadcrumb":{"@id":"https:\/\/mobilitas.lat\/es\/2020\/07\/29\/dirigida-a-municipios-y-gobiernos-regionales-de-chile-una-guia-sobre-gestion-de-aglomeraciones-en-la-pandemia-recomienda-prioridad-para-autobuses-e-indica-otras-soluciones\/#breadcrumb"},"inLanguage":"es-ES","potentialAction":[{"@type":"ReadAction","target":["https:\/\/mobilitas.lat\/es\/2020\/07\/29\/dirigida-a-municipios-y-gobiernos-regionales-de-chile-una-guia-sobre-gestion-de-aglomeraciones-en-la-pandemia-recomienda-prioridad-para-autobuses-e-indica-otras-soluciones\/"]}]},{"@type":"ImageObject","inLanguage":"es-ES","@id":"https:\/\/mobilitas.lat\/es\/2020\/07\/29\/dirigida-a-municipios-y-gobiernos-regionales-de-chile-una-guia-sobre-gestion-de-aglomeraciones-en-la-pandemia-recomienda-prioridad-para-autobuses-e-indica-otras-soluciones\/#primaryimage","url":"https:\/\/storage.mobilitas.lat\/uploads\/2020\/07\/MOBILITAS-CHILE-OMNIBUS-SOLO.jpg","contentUrl":"https:\/\/storage.mobilitas.lat\/uploads\/2020\/07\/MOBILITAS-CHILE-OMNIBUS-SOLO.jpg","width":547,"height":332},{"@type":"BreadcrumbList","@id":"https:\/\/mobilitas.lat\/es\/2020\/07\/29\/dirigida-a-municipios-y-gobiernos-regionales-de-chile-una-guia-sobre-gestion-de-aglomeraciones-en-la-pandemia-recomienda-prioridad-para-autobuses-e-indica-otras-soluciones\/#breadcrumb","itemListElement":[{"@type":"ListItem","position":1,"name":"In\u00edcio","item":"https:\/\/mobilitas.lat\/es\/"},{"@type":"ListItem","position":2,"name":"Dirigida a Municipios y Gobiernos Regionales de Chile, una gu\u00eda sobre gesti\u00f3n de aglomeraciones en la pandemia recomienda prioridad para autobuses e indica otras soluciones"}]},{"@type":"WebSite","@id":"https:\/\/mobilitas.lat\/es\/#website","url":"https:\/\/mobilitas.lat\/es\/","name":"Mobilitas","description":"Tecnologia e Mobilidade Urbana na Am\u00e9rica Latina","publisher":{"@id":"https:\/\/mobilitas.lat\/es\/#organization"},"potentialAction":[{"@type":"SearchAction","target":{"@type":"EntryPoint","urlTemplate":"https:\/\/mobilitas.lat\/es\/?s={search_term_string}"},"query-input":{"@type":"PropertyValueSpecification","valueRequired":true,"valueName":"search_term_string"}}],"inLanguage":"es-ES"},{"@type":"Organization","@id":"https:\/\/mobilitas.lat\/es\/#organization","name":"OTM Editora","url":"https:\/\/mobilitas.lat\/es\/","logo":{"@type":"ImageObject","inLanguage":"es-ES","@id":"https:\/\/mobilitas.lat\/es\/#\/schema\/logo\/image\/","url":"https:\/\/mobilitas.lat\/wp-content\/uploads\/2024\/03\/opengraph.png","contentUrl":"https:\/\/mobilitas.lat\/wp-content\/uploads\/2024\/03\/opengraph.png","width":1200,"height":630,"caption":"OTM Editora"},"image":{"@id":"https:\/\/mobilitas.lat\/es\/#\/schema\/logo\/image\/"}},{"@type":"Person","@id":"https:\/\/mobilitas.lat\/es\/#\/schema\/person\/cae0d01ccbe855d1858d146e4c4d582d","name":"Alexandre Asquini","image":{"@type":"ImageObject","inLanguage":"es-ES","@id":"https:\/\/mobilitas.lat\/es\/#\/schema\/person\/image\/","url":"https:\/\/secure.gravatar.com\/avatar\/aac99dbef1420f75cc7d86913eb8a7cdfbe13e2509ad7a45649a61414f6d2785?s=96&d=mm&r=g","contentUrl":"https:\/\/secure.gravatar.com\/avatar\/aac99dbef1420f75cc7d86913eb8a7cdfbe13e2509ad7a45649a61414f6d2785?s=96&d=mm&r=g","caption":"Alexandre Asquini"}}]}},"_links":{"self":[{"href":"https:\/\/mobilitas.lat\/es\/wp-json\/wp\/v2\/posts\/8090","targetHints":{"allow":["GET"]}}],"collection":[{"href":"https:\/\/mobilitas.lat\/es\/wp-json\/wp\/v2\/posts"}],"about":[{"href":"https:\/\/mobilitas.lat\/es\/wp-json\/wp\/v2\/types\/post"}],"author":[{"embeddable":true,"href":"https:\/\/mobilitas.lat\/es\/wp-json\/wp\/v2\/users\/2"}],"replies":[{"embeddable":true,"href":"https:\/\/mobilitas.lat\/es\/wp-json\/wp\/v2\/comments?post=8090"}],"version-history":[{"count":7,"href":"https:\/\/mobilitas.lat\/es\/wp-json\/wp\/v2\/posts\/8090\/revisions"}],"predecessor-version":[{"id":8106,"href":"https:\/\/mobilitas.lat\/es\/wp-json\/wp\/v2\/posts\/8090\/revisions\/8106"}],"wp:featuredmedia":[{"embeddable":true,"href":"https:\/\/mobilitas.lat\/es\/wp-json\/wp\/v2\/media\/8100"}],"wp:attachment":[{"href":"https:\/\/mobilitas.lat\/es\/wp-json\/wp\/v2\/media?parent=8090"}],"wp:term":[{"taxonomy":"category","embeddable":true,"href":"https:\/\/mobilitas.lat\/es\/wp-json\/wp\/v2\/categories?post=8090"},{"taxonomy":"post_tag","embeddable":true,"href":"https:\/\/mobilitas.lat\/es\/wp-json\/wp\/v2\/tags?post=8090"}],"curies":[{"name":"wp","href":"https:\/\/api.w.org\/{rel}","templated":true}]}}