{"id":7938,"date":"2020-07-14T16:43:34","date_gmt":"2020-07-14T19:43:34","guid":{"rendered":"https:\/\/mobilitas.lat\/?p=7938"},"modified":"2020-08-09T18:01:42","modified_gmt":"2020-08-09T21:01:42","slug":"la-intendencia-de-montevideo-informa-que-crece-la-adhesion-al-uso-de-mascarillas-en-las-unidades-de-transporte-publico","status":"publish","type":"post","link":"https:\/\/mobilitas.lat\/es\/2020\/07\/14\/la-intendencia-de-montevideo-informa-que-crece-la-adhesion-al-uso-de-mascarillas-en-las-unidades-de-transporte-publico\/","title":{"rendered":"La Intendencia de Montevideo informa que crece la adhesi\u00f3n al uso de mascarillas en las unidades de transporte p\u00fablico"},"content":{"rendered":"\n<p>La Intendencia de Montevideo informa que, en el marco de las medidas de prevenci\u00f3n por la emergencia sanitaria \u2013 que determina la obligatoriedad del uso de tapabocas en las unidades de transporte p\u00fablico&nbsp; tanto para el personal de los servicios de transporte, como a usuarias y usuarios del sistema \u2013 el gobierno de la capital uruguaya a trav\u00e9s de su cuerpo inspectivo departamental, se ha encargado de controlar esto en distintas unidades desde fines de abril.<\/p>\n\n\n\n<p>Desde este primer control al \u00faltimo, realizado el 26 de junio, el cumplimiento de la medida por parte de la poblaci\u00f3n usuaria del sistema de transporte ha crecido considerablemente, alcanzando el 97,3% de uso. La primera fiscalizaci\u00f3n se realiz\u00f3 el 20 de abril, donde se constat\u00f3 que solo el 53% de usuarias y usuarios lo usaban.<\/p>\n\n\n\n<p>En el per\u00edodo del 10 al 26 de junio, el equipo inspectivo departamental fiscaliz\u00f3 158 \u00f3mnibus, constatando a 177 pasajeros sin tapabocas. Todos fueron intimados a utilizarlos, sin inconvenientes. No se aplicaron multas.<\/p>\n","protected":false},"excerpt":{"rendered":"<p>La Intendencia de Montevideo informa que, en el marco de las medidas de prevenci\u00f3n por la emergencia sanitaria \u2013 que determina la obligatoriedad del uso de tapabocas en las unidades de transporte p\u00fablico&nbsp; tanto para el personal de los servicios de transporte, como a usuarias y usuarios del sistema \u2013 el gobierno de la capital [&hellip;]<\/p>\n","protected":false},"author":2,"featured_media":7950,"comment_status":"closed","ping_status":"closed","sticky":false,"template":"","format":"standard","meta":{"footnotes":""},"categories":[1,287],"tags":[1187,1276,344,1275],"class_list":["post-7938","post","type-post","status-publish","format-standard","has-post-thumbnail","hentry","category-materias","category-notas","tag-covid-19","tag-mascarillas","tag-montevideo","tag-tapabocas"],"yoast_head":"<!-- This site is optimized with the Yoast SEO plugin v26.9 - https:\/\/yoast.com\/product\/yoast-seo-wordpress\/ -->\n<title>La Intendencia de Montevideo informa que crece la adhesi\u00f3n al uso de mascarillas en las unidades de transporte p\u00fablico | Mobilitas<\/title>\n<meta name=\"robots\" content=\"index, follow, max-snippet:-1, max-image-preview:large, max-video-preview:-1\" \/>\n<link rel=\"canonical\" href=\"https:\/\/mobilitas.lat\/es\/2020\/07\/14\/la-intendencia-de-montevideo-informa-que-crece-la-adhesion-al-uso-de-mascarillas-en-las-unidades-de-transporte-publico\/\" \/>\n<meta property=\"og:locale\" content=\"es_ES\" \/>\n<meta property=\"og:type\" content=\"article\" \/>\n<meta property=\"og:title\" content=\"La Intendencia de Montevideo informa que crece la adhesi\u00f3n al uso de mascarillas en las unidades de transporte p\u00fablico | Mobilitas\" \/>\n<meta property=\"og:description\" content=\"La Intendencia de Montevideo informa que, en el marco de las medidas de prevenci\u00f3n por la emergencia sanitaria \u2013 que determina la obligatoriedad del uso de tapabocas en las unidades de transporte p\u00fablico&nbsp; tanto para el personal de los servicios de transporte, como a usuarias y usuarios del sistema \u2013 el gobierno de la capital [&hellip;]\" \/>\n<meta property=\"og:url\" content=\"https:\/\/mobilitas.lat\/es\/2020\/07\/14\/la-intendencia-de-montevideo-informa-que-crece-la-adhesion-al-uso-de-mascarillas-en-las-unidades-de-transporte-publico\/\" \/>\n<meta property=\"og:site_name\" content=\"Mobilitas\" \/>\n<meta property=\"article:published_time\" content=\"2020-07-14T19:43:34+00:00\" \/>\n<meta property=\"article:modified_time\" content=\"2020-08-09T21:01:42+00:00\" \/>\n<meta property=\"og:image\" content=\"https:\/\/storage.mobilitas.lat\/uploads\/2020\/07\/MOBILITAS-MONTEVIDEO-TAPABOCAS-3.jpg\" \/>\n\t<meta property=\"og:image:width\" content=\"593\" \/>\n\t<meta property=\"og:image:height\" content=\"332\" \/>\n\t<meta property=\"og:image:type\" content=\"image\/jpeg\" \/>\n<meta name=\"author\" content=\"Alexandre Asquini\" \/>\n<meta name=\"twitter:card\" content=\"summary_large_image\" \/>\n<meta name=\"twitter:label1\" content=\"Written by\" \/>\n\t<meta name=\"twitter:data1\" content=\"Alexandre Asquini\" \/>\n\t<meta name=\"twitter:label2\" content=\"Est. reading time\" \/>\n\t<meta name=\"twitter:data2\" content=\"1 minute\" \/>\n<script type=\"application\/ld+json\" class=\"yoast-schema-graph\">{\"@context\":\"https:\/\/schema.org\",\"@graph\":[{\"@type\":\"Article\",\"@id\":\"https:\/\/mobilitas.lat\/es\/2020\/07\/14\/la-intendencia-de-montevideo-informa-que-crece-la-adhesion-al-uso-de-mascarillas-en-las-unidades-de-transporte-publico\/#article\",\"isPartOf\":{\"@id\":\"https:\/\/mobilitas.lat\/es\/2020\/07\/14\/la-intendencia-de-montevideo-informa-que-crece-la-adhesion-al-uso-de-mascarillas-en-las-unidades-de-transporte-publico\/\"},\"author\":{\"name\":\"Alexandre Asquini\",\"@id\":\"https:\/\/mobilitas.lat\/es\/#\/schema\/person\/cae0d01ccbe855d1858d146e4c4d582d\"},\"headline\":\"La Intendencia de Montevideo informa que crece la adhesi\u00f3n al uso de mascarillas en las unidades de transporte p\u00fablico\",\"datePublished\":\"2020-07-14T19:43:34+00:00\",\"dateModified\":\"2020-08-09T21:01:42+00:00\",\"mainEntityOfPage\":{\"@id\":\"https:\/\/mobilitas.lat\/es\/2020\/07\/14\/la-intendencia-de-montevideo-informa-que-crece-la-adhesion-al-uso-de-mascarillas-en-las-unidades-de-transporte-publico\/\"},\"wordCount\":183,\"publisher\":{\"@id\":\"https:\/\/mobilitas.lat\/es\/#organization\"},\"image\":{\"@id\":\"https:\/\/mobilitas.lat\/es\/2020\/07\/14\/la-intendencia-de-montevideo-informa-que-crece-la-adhesion-al-uso-de-mascarillas-en-las-unidades-de-transporte-publico\/#primaryimage\"},\"thumbnailUrl\":\"https:\/\/storage.mobilitas.lat\/uploads\/2020\/07\/MOBILITAS-MONTEVIDEO-TAPABOCAS-3.jpg\",\"keywords\":[\"Covid-19\",\"MASCARILLAS\",\"Montevideo\",\"TAPABOCAS\"],\"articleSection\":[\"Mat\u00e9rias\",\"Notas\"],\"inLanguage\":\"es-ES\"},{\"@type\":\"WebPage\",\"@id\":\"https:\/\/mobilitas.lat\/es\/2020\/07\/14\/la-intendencia-de-montevideo-informa-que-crece-la-adhesion-al-uso-de-mascarillas-en-las-unidades-de-transporte-publico\/\",\"url\":\"https:\/\/mobilitas.lat\/es\/2020\/07\/14\/la-intendencia-de-montevideo-informa-que-crece-la-adhesion-al-uso-de-mascarillas-en-las-unidades-de-transporte-publico\/\",\"name\":\"La Intendencia de Montevideo informa que crece la adhesi\u00f3n al uso de mascarillas en las unidades de transporte p\u00fablico | Mobilitas\",\"isPartOf\":{\"@id\":\"https:\/\/mobilitas.lat\/es\/#website\"},\"primaryImageOfPage\":{\"@id\":\"https:\/\/mobilitas.lat\/es\/2020\/07\/14\/la-intendencia-de-montevideo-informa-que-crece-la-adhesion-al-uso-de-mascarillas-en-las-unidades-de-transporte-publico\/#primaryimage\"},\"image\":{\"@id\":\"https:\/\/mobilitas.lat\/es\/2020\/07\/14\/la-intendencia-de-montevideo-informa-que-crece-la-adhesion-al-uso-de-mascarillas-en-las-unidades-de-transporte-publico\/#primaryimage\"},\"thumbnailUrl\":\"https:\/\/storage.mobilitas.lat\/uploads\/2020\/07\/MOBILITAS-MONTEVIDEO-TAPABOCAS-3.jpg\",\"datePublished\":\"2020-07-14T19:43:34+00:00\",\"dateModified\":\"2020-08-09T21:01:42+00:00\",\"breadcrumb\":{\"@id\":\"https:\/\/mobilitas.lat\/es\/2020\/07\/14\/la-intendencia-de-montevideo-informa-que-crece-la-adhesion-al-uso-de-mascarillas-en-las-unidades-de-transporte-publico\/#breadcrumb\"},\"inLanguage\":\"es-ES\",\"potentialAction\":[{\"@type\":\"ReadAction\",\"target\":[\"https:\/\/mobilitas.lat\/es\/2020\/07\/14\/la-intendencia-de-montevideo-informa-que-crece-la-adhesion-al-uso-de-mascarillas-en-las-unidades-de-transporte-publico\/\"]}]},{\"@type\":\"ImageObject\",\"inLanguage\":\"es-ES\",\"@id\":\"https:\/\/mobilitas.lat\/es\/2020\/07\/14\/la-intendencia-de-montevideo-informa-que-crece-la-adhesion-al-uso-de-mascarillas-en-las-unidades-de-transporte-publico\/#primaryimage\",\"url\":\"https:\/\/storage.mobilitas.lat\/uploads\/2020\/07\/MOBILITAS-MONTEVIDEO-TAPABOCAS-3.jpg\",\"contentUrl\":\"https:\/\/storage.mobilitas.lat\/uploads\/2020\/07\/MOBILITAS-MONTEVIDEO-TAPABOCAS-3.jpg\",\"width\":593,\"height\":332},{\"@type\":\"BreadcrumbList\",\"@id\":\"https:\/\/mobilitas.lat\/es\/2020\/07\/14\/la-intendencia-de-montevideo-informa-que-crece-la-adhesion-al-uso-de-mascarillas-en-las-unidades-de-transporte-publico\/#breadcrumb\",\"itemListElement\":[{\"@type\":\"ListItem\",\"position\":1,\"name\":\"In\u00edcio\",\"item\":\"https:\/\/mobilitas.lat\/es\/\"},{\"@type\":\"ListItem\",\"position\":2,\"name\":\"La Intendencia de Montevideo informa que crece la adhesi\u00f3n al uso de mascarillas en las unidades de transporte p\u00fablico\"}]},{\"@type\":\"WebSite\",\"@id\":\"https:\/\/mobilitas.lat\/es\/#website\",\"url\":\"https:\/\/mobilitas.lat\/es\/\",\"name\":\"Mobilitas\",\"description\":\"Tecnologia e Mobilidade Urbana na Am\u00e9rica Latina\",\"publisher\":{\"@id\":\"https:\/\/mobilitas.lat\/es\/#organization\"},\"potentialAction\":[{\"@type\":\"SearchAction\",\"target\":{\"@type\":\"EntryPoint\",\"urlTemplate\":\"https:\/\/mobilitas.lat\/es\/?s={search_term_string}\"},\"query-input\":{\"@type\":\"PropertyValueSpecification\",\"valueRequired\":true,\"valueName\":\"search_term_string\"}}],\"inLanguage\":\"es-ES\"},{\"@type\":\"Organization\",\"@id\":\"https:\/\/mobilitas.lat\/es\/#organization\",\"name\":\"OTM Editora\",\"url\":\"https:\/\/mobilitas.lat\/es\/\",\"logo\":{\"@type\":\"ImageObject\",\"inLanguage\":\"es-ES\",\"@id\":\"https:\/\/mobilitas.lat\/es\/#\/schema\/logo\/image\/\",\"url\":\"https:\/\/mobilitas.lat\/wp-content\/uploads\/2024\/03\/opengraph.png\",\"contentUrl\":\"https:\/\/mobilitas.lat\/wp-content\/uploads\/2024\/03\/opengraph.png\",\"width\":1200,\"height\":630,\"caption\":\"OTM Editora\"},\"image\":{\"@id\":\"https:\/\/mobilitas.lat\/es\/#\/schema\/logo\/image\/\"}},{\"@type\":\"Person\",\"@id\":\"https:\/\/mobilitas.lat\/es\/#\/schema\/person\/cae0d01ccbe855d1858d146e4c4d582d\",\"name\":\"Alexandre Asquini\",\"image\":{\"@type\":\"ImageObject\",\"inLanguage\":\"es-ES\",\"@id\":\"https:\/\/mobilitas.lat\/es\/#\/schema\/person\/image\/\",\"url\":\"https:\/\/secure.gravatar.com\/avatar\/aac99dbef1420f75cc7d86913eb8a7cdfbe13e2509ad7a45649a61414f6d2785?s=96&d=mm&r=g\",\"contentUrl\":\"https:\/\/secure.gravatar.com\/avatar\/aac99dbef1420f75cc7d86913eb8a7cdfbe13e2509ad7a45649a61414f6d2785?s=96&d=mm&r=g\",\"caption\":\"Alexandre Asquini\"}}]}<\/script>\n<!-- \/ Yoast SEO plugin. -->","yoast_head_json":{"title":"La Intendencia de Montevideo informa que crece la adhesi\u00f3n al uso de mascarillas en las unidades de transporte p\u00fablico | Mobilitas","robots":{"index":"index","follow":"follow","max-snippet":"max-snippet:-1","max-image-preview":"max-image-preview:large","max-video-preview":"max-video-preview:-1"},"canonical":"https:\/\/mobilitas.lat\/es\/2020\/07\/14\/la-intendencia-de-montevideo-informa-que-crece-la-adhesion-al-uso-de-mascarillas-en-las-unidades-de-transporte-publico\/","og_locale":"es_ES","og_type":"article","og_title":"La Intendencia de Montevideo informa que crece la adhesi\u00f3n al uso de mascarillas en las unidades de transporte p\u00fablico | Mobilitas","og_description":"La Intendencia de Montevideo informa que, en el marco de las medidas de prevenci\u00f3n por la emergencia sanitaria \u2013 que determina la obligatoriedad del uso de tapabocas en las unidades de transporte p\u00fablico&nbsp; tanto para el personal de los servicios de transporte, como a usuarias y usuarios del sistema \u2013 el gobierno de la capital [&hellip;]","og_url":"https:\/\/mobilitas.lat\/es\/2020\/07\/14\/la-intendencia-de-montevideo-informa-que-crece-la-adhesion-al-uso-de-mascarillas-en-las-unidades-de-transporte-publico\/","og_site_name":"Mobilitas","article_published_time":"2020-07-14T19:43:34+00:00","article_modified_time":"2020-08-09T21:01:42+00:00","og_image":[{"width":593,"height":332,"url":"https:\/\/storage.mobilitas.lat\/uploads\/2020\/07\/MOBILITAS-MONTEVIDEO-TAPABOCAS-3.jpg","type":"image\/jpeg"}],"author":"Alexandre Asquini","twitter_card":"summary_large_image","twitter_misc":{"Written by":"Alexandre Asquini","Est. reading time":"1 minute"},"schema":{"@context":"https:\/\/schema.org","@graph":[{"@type":"Article","@id":"https:\/\/mobilitas.lat\/es\/2020\/07\/14\/la-intendencia-de-montevideo-informa-que-crece-la-adhesion-al-uso-de-mascarillas-en-las-unidades-de-transporte-publico\/#article","isPartOf":{"@id":"https:\/\/mobilitas.lat\/es\/2020\/07\/14\/la-intendencia-de-montevideo-informa-que-crece-la-adhesion-al-uso-de-mascarillas-en-las-unidades-de-transporte-publico\/"},"author":{"name":"Alexandre Asquini","@id":"https:\/\/mobilitas.lat\/es\/#\/schema\/person\/cae0d01ccbe855d1858d146e4c4d582d"},"headline":"La Intendencia de Montevideo informa que crece la adhesi\u00f3n al uso de mascarillas en las unidades de transporte p\u00fablico","datePublished":"2020-07-14T19:43:34+00:00","dateModified":"2020-08-09T21:01:42+00:00","mainEntityOfPage":{"@id":"https:\/\/mobilitas.lat\/es\/2020\/07\/14\/la-intendencia-de-montevideo-informa-que-crece-la-adhesion-al-uso-de-mascarillas-en-las-unidades-de-transporte-publico\/"},"wordCount":183,"publisher":{"@id":"https:\/\/mobilitas.lat\/es\/#organization"},"image":{"@id":"https:\/\/mobilitas.lat\/es\/2020\/07\/14\/la-intendencia-de-montevideo-informa-que-crece-la-adhesion-al-uso-de-mascarillas-en-las-unidades-de-transporte-publico\/#primaryimage"},"thumbnailUrl":"https:\/\/storage.mobilitas.lat\/uploads\/2020\/07\/MOBILITAS-MONTEVIDEO-TAPABOCAS-3.jpg","keywords":["Covid-19","MASCARILLAS","Montevideo","TAPABOCAS"],"articleSection":["Mat\u00e9rias","Notas"],"inLanguage":"es-ES"},{"@type":"WebPage","@id":"https:\/\/mobilitas.lat\/es\/2020\/07\/14\/la-intendencia-de-montevideo-informa-que-crece-la-adhesion-al-uso-de-mascarillas-en-las-unidades-de-transporte-publico\/","url":"https:\/\/mobilitas.lat\/es\/2020\/07\/14\/la-intendencia-de-montevideo-informa-que-crece-la-adhesion-al-uso-de-mascarillas-en-las-unidades-de-transporte-publico\/","name":"La Intendencia de Montevideo informa que crece la adhesi\u00f3n al uso de mascarillas en las unidades de transporte p\u00fablico | Mobilitas","isPartOf":{"@id":"https:\/\/mobilitas.lat\/es\/#website"},"primaryImageOfPage":{"@id":"https:\/\/mobilitas.lat\/es\/2020\/07\/14\/la-intendencia-de-montevideo-informa-que-crece-la-adhesion-al-uso-de-mascarillas-en-las-unidades-de-transporte-publico\/#primaryimage"},"image":{"@id":"https:\/\/mobilitas.lat\/es\/2020\/07\/14\/la-intendencia-de-montevideo-informa-que-crece-la-adhesion-al-uso-de-mascarillas-en-las-unidades-de-transporte-publico\/#primaryimage"},"thumbnailUrl":"https:\/\/storage.mobilitas.lat\/uploads\/2020\/07\/MOBILITAS-MONTEVIDEO-TAPABOCAS-3.jpg","datePublished":"2020-07-14T19:43:34+00:00","dateModified":"2020-08-09T21:01:42+00:00","breadcrumb":{"@id":"https:\/\/mobilitas.lat\/es\/2020\/07\/14\/la-intendencia-de-montevideo-informa-que-crece-la-adhesion-al-uso-de-mascarillas-en-las-unidades-de-transporte-publico\/#breadcrumb"},"inLanguage":"es-ES","potentialAction":[{"@type":"ReadAction","target":["https:\/\/mobilitas.lat\/es\/2020\/07\/14\/la-intendencia-de-montevideo-informa-que-crece-la-adhesion-al-uso-de-mascarillas-en-las-unidades-de-transporte-publico\/"]}]},{"@type":"ImageObject","inLanguage":"es-ES","@id":"https:\/\/mobilitas.lat\/es\/2020\/07\/14\/la-intendencia-de-montevideo-informa-que-crece-la-adhesion-al-uso-de-mascarillas-en-las-unidades-de-transporte-publico\/#primaryimage","url":"https:\/\/storage.mobilitas.lat\/uploads\/2020\/07\/MOBILITAS-MONTEVIDEO-TAPABOCAS-3.jpg","contentUrl":"https:\/\/storage.mobilitas.lat\/uploads\/2020\/07\/MOBILITAS-MONTEVIDEO-TAPABOCAS-3.jpg","width":593,"height":332},{"@type":"BreadcrumbList","@id":"https:\/\/mobilitas.lat\/es\/2020\/07\/14\/la-intendencia-de-montevideo-informa-que-crece-la-adhesion-al-uso-de-mascarillas-en-las-unidades-de-transporte-publico\/#breadcrumb","itemListElement":[{"@type":"ListItem","position":1,"name":"In\u00edcio","item":"https:\/\/mobilitas.lat\/es\/"},{"@type":"ListItem","position":2,"name":"La Intendencia de Montevideo informa que crece la adhesi\u00f3n al uso de mascarillas en las unidades de transporte p\u00fablico"}]},{"@type":"WebSite","@id":"https:\/\/mobilitas.lat\/es\/#website","url":"https:\/\/mobilitas.lat\/es\/","name":"Mobilitas","description":"Tecnologia e Mobilidade Urbana na Am\u00e9rica Latina","publisher":{"@id":"https:\/\/mobilitas.lat\/es\/#organization"},"potentialAction":[{"@type":"SearchAction","target":{"@type":"EntryPoint","urlTemplate":"https:\/\/mobilitas.lat\/es\/?s={search_term_string}"},"query-input":{"@type":"PropertyValueSpecification","valueRequired":true,"valueName":"search_term_string"}}],"inLanguage":"es-ES"},{"@type":"Organization","@id":"https:\/\/mobilitas.lat\/es\/#organization","name":"OTM Editora","url":"https:\/\/mobilitas.lat\/es\/","logo":{"@type":"ImageObject","inLanguage":"es-ES","@id":"https:\/\/mobilitas.lat\/es\/#\/schema\/logo\/image\/","url":"https:\/\/mobilitas.lat\/wp-content\/uploads\/2024\/03\/opengraph.png","contentUrl":"https:\/\/mobilitas.lat\/wp-content\/uploads\/2024\/03\/opengraph.png","width":1200,"height":630,"caption":"OTM Editora"},"image":{"@id":"https:\/\/mobilitas.lat\/es\/#\/schema\/logo\/image\/"}},{"@type":"Person","@id":"https:\/\/mobilitas.lat\/es\/#\/schema\/person\/cae0d01ccbe855d1858d146e4c4d582d","name":"Alexandre Asquini","image":{"@type":"ImageObject","inLanguage":"es-ES","@id":"https:\/\/mobilitas.lat\/es\/#\/schema\/person\/image\/","url":"https:\/\/secure.gravatar.com\/avatar\/aac99dbef1420f75cc7d86913eb8a7cdfbe13e2509ad7a45649a61414f6d2785?s=96&d=mm&r=g","contentUrl":"https:\/\/secure.gravatar.com\/avatar\/aac99dbef1420f75cc7d86913eb8a7cdfbe13e2509ad7a45649a61414f6d2785?s=96&d=mm&r=g","caption":"Alexandre Asquini"}}]}},"_links":{"self":[{"href":"https:\/\/mobilitas.lat\/es\/wp-json\/wp\/v2\/posts\/7938","targetHints":{"allow":["GET"]}}],"collection":[{"href":"https:\/\/mobilitas.lat\/es\/wp-json\/wp\/v2\/posts"}],"about":[{"href":"https:\/\/mobilitas.lat\/es\/wp-json\/wp\/v2\/types\/post"}],"author":[{"embeddable":true,"href":"https:\/\/mobilitas.lat\/es\/wp-json\/wp\/v2\/users\/2"}],"replies":[{"embeddable":true,"href":"https:\/\/mobilitas.lat\/es\/wp-json\/wp\/v2\/comments?post=7938"}],"version-history":[{"count":1,"href":"https:\/\/mobilitas.lat\/es\/wp-json\/wp\/v2\/posts\/7938\/revisions"}],"predecessor-version":[{"id":7941,"href":"https:\/\/mobilitas.lat\/es\/wp-json\/wp\/v2\/posts\/7938\/revisions\/7941"}],"wp:featuredmedia":[{"embeddable":true,"href":"https:\/\/mobilitas.lat\/es\/wp-json\/wp\/v2\/media\/7950"}],"wp:attachment":[{"href":"https:\/\/mobilitas.lat\/es\/wp-json\/wp\/v2\/media?parent=7938"}],"wp:term":[{"taxonomy":"category","embeddable":true,"href":"https:\/\/mobilitas.lat\/es\/wp-json\/wp\/v2\/categories?post=7938"},{"taxonomy":"post_tag","embeddable":true,"href":"https:\/\/mobilitas.lat\/es\/wp-json\/wp\/v2\/tags?post=7938"}],"curies":[{"name":"wp","href":"https:\/\/api.w.org\/{rel}","templated":true}]}}