{"id":7578,"date":"2020-05-15T16:27:16","date_gmt":"2020-05-15T19:27:16","guid":{"rendered":"https:\/\/mobilitas.lat\/?p=7578"},"modified":"2020-05-15T16:32:03","modified_gmt":"2020-05-15T19:32:03","slug":"biometria-facial-en-tiempos-de-pandemia","status":"publish","type":"post","link":"https:\/\/mobilitas.lat\/es\/2020\/05\/15\/biometria-facial-en-tiempos-de-pandemia\/","title":{"rendered":"Biometr\u00eda facial en tiempos de pandemia"},"content":{"rendered":"\n<p><strong><em>La soluci\u00f3n desarrollada por la compa\u00f1\u00eda Empresa 1, de Brasil, comienza a identificar a los pasajeros incluso con el uso de mascarillas<\/em><\/strong><\/p>\n\n\n\n<p>Consciente de los cambios impuestos por la pandemia de Covid-19, la compa\u00f1\u00eda brasile\u00f1a Empresa 1 ha invertido mucho en mejorar la soluci\u00f3n de biometr\u00eda facial nombrada <em>Sigom Vision<\/em>.<\/p>\n\n\n\n<p>A finales de mayo de 2020, la compa\u00f1\u00eda pondr\u00e1 en funcionamiento una actualizaci\u00f3n de la herramienta con nuevos par\u00e1metros para identificar la cara del pasajero, incluso con el uso de una mascarilla.<\/p>\n\n\n\n<p>Ahora, a trav\u00e9s de mecanismos de inteligencia artificial, <em>Sigom Vision<\/em> comenzar\u00e1 a reconocer al usuario incluso si est\u00e1 usando las mascarillas protectoras, que se han requerido en ciudades brasile\u00f1as y de otros pa\u00edses latinoamericanos. La actualizaci\u00f3n brindar\u00e1 a las operaciones a\u00fan m\u00e1s inteligencia para los procesos operativos en el monitoreo y la lucha contra el fraude tarifario.  <strong>M\u00c1RCIA PINNA RASPANTI<\/strong><\/p>\n","protected":false},"excerpt":{"rendered":"<p>La soluci\u00f3n desarrollada por la compa\u00f1\u00eda Empresa 1, de Brasil, comienza a identificar a los pasajeros incluso con el uso de mascarillas Consciente de los cambios impuestos por la pandemia de Covid-19, la compa\u00f1\u00eda brasile\u00f1a Empresa 1 ha invertido mucho en mejorar la soluci\u00f3n de biometr\u00eda facial nombrada Sigom Vision. A finales de mayo de [&hellip;]<\/p>\n","protected":false},"author":2,"featured_media":7588,"comment_status":"closed","ping_status":"closed","sticky":false,"template":"","format":"standard","meta":{"footnotes":""},"categories":[287,298],"tags":[1234,1187,807],"class_list":["post-7578","post","type-post","status-publish","format-standard","has-post-thumbnail","hentry","category-notas","category-radar-es","tag-biometria-facial","tag-covid-19","tag-empresa-1"],"yoast_head":"<!-- This site is optimized with the Yoast SEO plugin v26.9 - https:\/\/yoast.com\/product\/yoast-seo-wordpress\/ -->\n<title>Biometr\u00eda facial en tiempos de pandemia | Mobilitas<\/title>\n<meta name=\"robots\" content=\"index, follow, max-snippet:-1, max-image-preview:large, max-video-preview:-1\" \/>\n<link rel=\"canonical\" href=\"https:\/\/mobilitas.lat\/es\/2020\/05\/15\/biometria-facial-en-tiempos-de-pandemia\/\" \/>\n<meta property=\"og:locale\" content=\"es_ES\" \/>\n<meta property=\"og:type\" content=\"article\" \/>\n<meta property=\"og:title\" content=\"Biometr\u00eda facial en tiempos de pandemia | Mobilitas\" \/>\n<meta property=\"og:description\" content=\"La soluci\u00f3n desarrollada por la compa\u00f1\u00eda Empresa 1, de Brasil, comienza a identificar a los pasajeros incluso con el uso de mascarillas Consciente de los cambios impuestos por la pandemia de Covid-19, la compa\u00f1\u00eda brasile\u00f1a Empresa 1 ha invertido mucho en mejorar la soluci\u00f3n de biometr\u00eda facial nombrada Sigom Vision. A finales de mayo de [&hellip;]\" \/>\n<meta property=\"og:url\" content=\"https:\/\/mobilitas.lat\/es\/2020\/05\/15\/biometria-facial-en-tiempos-de-pandemia\/\" \/>\n<meta property=\"og:site_name\" content=\"Mobilitas\" \/>\n<meta property=\"article:published_time\" content=\"2020-05-15T19:27:16+00:00\" \/>\n<meta property=\"article:modified_time\" content=\"2020-05-15T19:32:03+00:00\" \/>\n<meta property=\"og:image\" content=\"https:\/\/storage.mobilitas.lat\/uploads\/2020\/05\/MOBILITAS-BIOMETRIA-FACIAL-EM-TEMPOS-DE-PANDEMIA-1.jpg\" \/>\n\t<meta property=\"og:image:width\" content=\"565\" \/>\n\t<meta property=\"og:image:height\" content=\"334\" \/>\n\t<meta property=\"og:image:type\" content=\"image\/jpeg\" \/>\n<meta name=\"author\" content=\"Alexandre Asquini\" \/>\n<meta name=\"twitter:card\" content=\"summary_large_image\" \/>\n<meta name=\"twitter:label1\" content=\"Written by\" \/>\n\t<meta name=\"twitter:data1\" content=\"Alexandre Asquini\" \/>\n\t<meta name=\"twitter:label2\" content=\"Est. reading time\" \/>\n\t<meta name=\"twitter:data2\" content=\"1 minute\" \/>\n<script type=\"application\/ld+json\" class=\"yoast-schema-graph\">{\"@context\":\"https:\/\/schema.org\",\"@graph\":[{\"@type\":\"Article\",\"@id\":\"https:\/\/mobilitas.lat\/es\/2020\/05\/15\/biometria-facial-en-tiempos-de-pandemia\/#article\",\"isPartOf\":{\"@id\":\"https:\/\/mobilitas.lat\/es\/2020\/05\/15\/biometria-facial-en-tiempos-de-pandemia\/\"},\"author\":{\"name\":\"Alexandre Asquini\",\"@id\":\"https:\/\/mobilitas.lat\/es\/#\/schema\/person\/cae0d01ccbe855d1858d146e4c4d582d\"},\"headline\":\"Biometr\u00eda facial en tiempos de pandemia\",\"datePublished\":\"2020-05-15T19:27:16+00:00\",\"dateModified\":\"2020-05-15T19:32:03+00:00\",\"mainEntityOfPage\":{\"@id\":\"https:\/\/mobilitas.lat\/es\/2020\/05\/15\/biometria-facial-en-tiempos-de-pandemia\/\"},\"wordCount\":162,\"publisher\":{\"@id\":\"https:\/\/mobilitas.lat\/es\/#organization\"},\"image\":{\"@id\":\"https:\/\/mobilitas.lat\/es\/2020\/05\/15\/biometria-facial-en-tiempos-de-pandemia\/#primaryimage\"},\"thumbnailUrl\":\"https:\/\/storage.mobilitas.lat\/uploads\/2020\/05\/MOBILITAS-BIOMETRIA-FACIAL-EM-TEMPOS-DE-PANDEMIA-1.jpg\",\"keywords\":[\"BIOMETR\u00cdA FACIAL\",\"Covid-19\",\"EMPRESA 1\"],\"articleSection\":[\"Notas\",\"Radar\"],\"inLanguage\":\"es-ES\"},{\"@type\":\"WebPage\",\"@id\":\"https:\/\/mobilitas.lat\/es\/2020\/05\/15\/biometria-facial-en-tiempos-de-pandemia\/\",\"url\":\"https:\/\/mobilitas.lat\/es\/2020\/05\/15\/biometria-facial-en-tiempos-de-pandemia\/\",\"name\":\"Biometr\u00eda facial en tiempos de pandemia | Mobilitas\",\"isPartOf\":{\"@id\":\"https:\/\/mobilitas.lat\/es\/#website\"},\"primaryImageOfPage\":{\"@id\":\"https:\/\/mobilitas.lat\/es\/2020\/05\/15\/biometria-facial-en-tiempos-de-pandemia\/#primaryimage\"},\"image\":{\"@id\":\"https:\/\/mobilitas.lat\/es\/2020\/05\/15\/biometria-facial-en-tiempos-de-pandemia\/#primaryimage\"},\"thumbnailUrl\":\"https:\/\/storage.mobilitas.lat\/uploads\/2020\/05\/MOBILITAS-BIOMETRIA-FACIAL-EM-TEMPOS-DE-PANDEMIA-1.jpg\",\"datePublished\":\"2020-05-15T19:27:16+00:00\",\"dateModified\":\"2020-05-15T19:32:03+00:00\",\"breadcrumb\":{\"@id\":\"https:\/\/mobilitas.lat\/es\/2020\/05\/15\/biometria-facial-en-tiempos-de-pandemia\/#breadcrumb\"},\"inLanguage\":\"es-ES\",\"potentialAction\":[{\"@type\":\"ReadAction\",\"target\":[\"https:\/\/mobilitas.lat\/es\/2020\/05\/15\/biometria-facial-en-tiempos-de-pandemia\/\"]}]},{\"@type\":\"ImageObject\",\"inLanguage\":\"es-ES\",\"@id\":\"https:\/\/mobilitas.lat\/es\/2020\/05\/15\/biometria-facial-en-tiempos-de-pandemia\/#primaryimage\",\"url\":\"https:\/\/storage.mobilitas.lat\/uploads\/2020\/05\/MOBILITAS-BIOMETRIA-FACIAL-EM-TEMPOS-DE-PANDEMIA-1.jpg\",\"contentUrl\":\"https:\/\/storage.mobilitas.lat\/uploads\/2020\/05\/MOBILITAS-BIOMETRIA-FACIAL-EM-TEMPOS-DE-PANDEMIA-1.jpg\",\"width\":565,\"height\":334},{\"@type\":\"BreadcrumbList\",\"@id\":\"https:\/\/mobilitas.lat\/es\/2020\/05\/15\/biometria-facial-en-tiempos-de-pandemia\/#breadcrumb\",\"itemListElement\":[{\"@type\":\"ListItem\",\"position\":1,\"name\":\"In\u00edcio\",\"item\":\"https:\/\/mobilitas.lat\/es\/\"},{\"@type\":\"ListItem\",\"position\":2,\"name\":\"Biometr\u00eda facial en tiempos de pandemia\"}]},{\"@type\":\"WebSite\",\"@id\":\"https:\/\/mobilitas.lat\/es\/#website\",\"url\":\"https:\/\/mobilitas.lat\/es\/\",\"name\":\"Mobilitas\",\"description\":\"Tecnologia e Mobilidade Urbana na Am\u00e9rica Latina\",\"publisher\":{\"@id\":\"https:\/\/mobilitas.lat\/es\/#organization\"},\"potentialAction\":[{\"@type\":\"SearchAction\",\"target\":{\"@type\":\"EntryPoint\",\"urlTemplate\":\"https:\/\/mobilitas.lat\/es\/?s={search_term_string}\"},\"query-input\":{\"@type\":\"PropertyValueSpecification\",\"valueRequired\":true,\"valueName\":\"search_term_string\"}}],\"inLanguage\":\"es-ES\"},{\"@type\":\"Organization\",\"@id\":\"https:\/\/mobilitas.lat\/es\/#organization\",\"name\":\"OTM Editora\",\"url\":\"https:\/\/mobilitas.lat\/es\/\",\"logo\":{\"@type\":\"ImageObject\",\"inLanguage\":\"es-ES\",\"@id\":\"https:\/\/mobilitas.lat\/es\/#\/schema\/logo\/image\/\",\"url\":\"https:\/\/mobilitas.lat\/wp-content\/uploads\/2024\/03\/opengraph.png\",\"contentUrl\":\"https:\/\/mobilitas.lat\/wp-content\/uploads\/2024\/03\/opengraph.png\",\"width\":1200,\"height\":630,\"caption\":\"OTM Editora\"},\"image\":{\"@id\":\"https:\/\/mobilitas.lat\/es\/#\/schema\/logo\/image\/\"}},{\"@type\":\"Person\",\"@id\":\"https:\/\/mobilitas.lat\/es\/#\/schema\/person\/cae0d01ccbe855d1858d146e4c4d582d\",\"name\":\"Alexandre Asquini\",\"image\":{\"@type\":\"ImageObject\",\"inLanguage\":\"es-ES\",\"@id\":\"https:\/\/mobilitas.lat\/es\/#\/schema\/person\/image\/\",\"url\":\"https:\/\/secure.gravatar.com\/avatar\/aac99dbef1420f75cc7d86913eb8a7cdfbe13e2509ad7a45649a61414f6d2785?s=96&d=mm&r=g\",\"contentUrl\":\"https:\/\/secure.gravatar.com\/avatar\/aac99dbef1420f75cc7d86913eb8a7cdfbe13e2509ad7a45649a61414f6d2785?s=96&d=mm&r=g\",\"caption\":\"Alexandre Asquini\"}}]}<\/script>\n<!-- \/ Yoast SEO plugin. -->","yoast_head_json":{"title":"Biometr\u00eda facial en tiempos de pandemia | Mobilitas","robots":{"index":"index","follow":"follow","max-snippet":"max-snippet:-1","max-image-preview":"max-image-preview:large","max-video-preview":"max-video-preview:-1"},"canonical":"https:\/\/mobilitas.lat\/es\/2020\/05\/15\/biometria-facial-en-tiempos-de-pandemia\/","og_locale":"es_ES","og_type":"article","og_title":"Biometr\u00eda facial en tiempos de pandemia | Mobilitas","og_description":"La soluci\u00f3n desarrollada por la compa\u00f1\u00eda Empresa 1, de Brasil, comienza a identificar a los pasajeros incluso con el uso de mascarillas Consciente de los cambios impuestos por la pandemia de Covid-19, la compa\u00f1\u00eda brasile\u00f1a Empresa 1 ha invertido mucho en mejorar la soluci\u00f3n de biometr\u00eda facial nombrada Sigom Vision. A finales de mayo de [&hellip;]","og_url":"https:\/\/mobilitas.lat\/es\/2020\/05\/15\/biometria-facial-en-tiempos-de-pandemia\/","og_site_name":"Mobilitas","article_published_time":"2020-05-15T19:27:16+00:00","article_modified_time":"2020-05-15T19:32:03+00:00","og_image":[{"width":565,"height":334,"url":"https:\/\/storage.mobilitas.lat\/uploads\/2020\/05\/MOBILITAS-BIOMETRIA-FACIAL-EM-TEMPOS-DE-PANDEMIA-1.jpg","type":"image\/jpeg"}],"author":"Alexandre Asquini","twitter_card":"summary_large_image","twitter_misc":{"Written by":"Alexandre Asquini","Est. reading time":"1 minute"},"schema":{"@context":"https:\/\/schema.org","@graph":[{"@type":"Article","@id":"https:\/\/mobilitas.lat\/es\/2020\/05\/15\/biometria-facial-en-tiempos-de-pandemia\/#article","isPartOf":{"@id":"https:\/\/mobilitas.lat\/es\/2020\/05\/15\/biometria-facial-en-tiempos-de-pandemia\/"},"author":{"name":"Alexandre Asquini","@id":"https:\/\/mobilitas.lat\/es\/#\/schema\/person\/cae0d01ccbe855d1858d146e4c4d582d"},"headline":"Biometr\u00eda facial en tiempos de pandemia","datePublished":"2020-05-15T19:27:16+00:00","dateModified":"2020-05-15T19:32:03+00:00","mainEntityOfPage":{"@id":"https:\/\/mobilitas.lat\/es\/2020\/05\/15\/biometria-facial-en-tiempos-de-pandemia\/"},"wordCount":162,"publisher":{"@id":"https:\/\/mobilitas.lat\/es\/#organization"},"image":{"@id":"https:\/\/mobilitas.lat\/es\/2020\/05\/15\/biometria-facial-en-tiempos-de-pandemia\/#primaryimage"},"thumbnailUrl":"https:\/\/storage.mobilitas.lat\/uploads\/2020\/05\/MOBILITAS-BIOMETRIA-FACIAL-EM-TEMPOS-DE-PANDEMIA-1.jpg","keywords":["BIOMETR\u00cdA FACIAL","Covid-19","EMPRESA 1"],"articleSection":["Notas","Radar"],"inLanguage":"es-ES"},{"@type":"WebPage","@id":"https:\/\/mobilitas.lat\/es\/2020\/05\/15\/biometria-facial-en-tiempos-de-pandemia\/","url":"https:\/\/mobilitas.lat\/es\/2020\/05\/15\/biometria-facial-en-tiempos-de-pandemia\/","name":"Biometr\u00eda facial en tiempos de pandemia | Mobilitas","isPartOf":{"@id":"https:\/\/mobilitas.lat\/es\/#website"},"primaryImageOfPage":{"@id":"https:\/\/mobilitas.lat\/es\/2020\/05\/15\/biometria-facial-en-tiempos-de-pandemia\/#primaryimage"},"image":{"@id":"https:\/\/mobilitas.lat\/es\/2020\/05\/15\/biometria-facial-en-tiempos-de-pandemia\/#primaryimage"},"thumbnailUrl":"https:\/\/storage.mobilitas.lat\/uploads\/2020\/05\/MOBILITAS-BIOMETRIA-FACIAL-EM-TEMPOS-DE-PANDEMIA-1.jpg","datePublished":"2020-05-15T19:27:16+00:00","dateModified":"2020-05-15T19:32:03+00:00","breadcrumb":{"@id":"https:\/\/mobilitas.lat\/es\/2020\/05\/15\/biometria-facial-en-tiempos-de-pandemia\/#breadcrumb"},"inLanguage":"es-ES","potentialAction":[{"@type":"ReadAction","target":["https:\/\/mobilitas.lat\/es\/2020\/05\/15\/biometria-facial-en-tiempos-de-pandemia\/"]}]},{"@type":"ImageObject","inLanguage":"es-ES","@id":"https:\/\/mobilitas.lat\/es\/2020\/05\/15\/biometria-facial-en-tiempos-de-pandemia\/#primaryimage","url":"https:\/\/storage.mobilitas.lat\/uploads\/2020\/05\/MOBILITAS-BIOMETRIA-FACIAL-EM-TEMPOS-DE-PANDEMIA-1.jpg","contentUrl":"https:\/\/storage.mobilitas.lat\/uploads\/2020\/05\/MOBILITAS-BIOMETRIA-FACIAL-EM-TEMPOS-DE-PANDEMIA-1.jpg","width":565,"height":334},{"@type":"BreadcrumbList","@id":"https:\/\/mobilitas.lat\/es\/2020\/05\/15\/biometria-facial-en-tiempos-de-pandemia\/#breadcrumb","itemListElement":[{"@type":"ListItem","position":1,"name":"In\u00edcio","item":"https:\/\/mobilitas.lat\/es\/"},{"@type":"ListItem","position":2,"name":"Biometr\u00eda facial en tiempos de pandemia"}]},{"@type":"WebSite","@id":"https:\/\/mobilitas.lat\/es\/#website","url":"https:\/\/mobilitas.lat\/es\/","name":"Mobilitas","description":"Tecnologia e Mobilidade Urbana na Am\u00e9rica Latina","publisher":{"@id":"https:\/\/mobilitas.lat\/es\/#organization"},"potentialAction":[{"@type":"SearchAction","target":{"@type":"EntryPoint","urlTemplate":"https:\/\/mobilitas.lat\/es\/?s={search_term_string}"},"query-input":{"@type":"PropertyValueSpecification","valueRequired":true,"valueName":"search_term_string"}}],"inLanguage":"es-ES"},{"@type":"Organization","@id":"https:\/\/mobilitas.lat\/es\/#organization","name":"OTM Editora","url":"https:\/\/mobilitas.lat\/es\/","logo":{"@type":"ImageObject","inLanguage":"es-ES","@id":"https:\/\/mobilitas.lat\/es\/#\/schema\/logo\/image\/","url":"https:\/\/mobilitas.lat\/wp-content\/uploads\/2024\/03\/opengraph.png","contentUrl":"https:\/\/mobilitas.lat\/wp-content\/uploads\/2024\/03\/opengraph.png","width":1200,"height":630,"caption":"OTM Editora"},"image":{"@id":"https:\/\/mobilitas.lat\/es\/#\/schema\/logo\/image\/"}},{"@type":"Person","@id":"https:\/\/mobilitas.lat\/es\/#\/schema\/person\/cae0d01ccbe855d1858d146e4c4d582d","name":"Alexandre Asquini","image":{"@type":"ImageObject","inLanguage":"es-ES","@id":"https:\/\/mobilitas.lat\/es\/#\/schema\/person\/image\/","url":"https:\/\/secure.gravatar.com\/avatar\/aac99dbef1420f75cc7d86913eb8a7cdfbe13e2509ad7a45649a61414f6d2785?s=96&d=mm&r=g","contentUrl":"https:\/\/secure.gravatar.com\/avatar\/aac99dbef1420f75cc7d86913eb8a7cdfbe13e2509ad7a45649a61414f6d2785?s=96&d=mm&r=g","caption":"Alexandre Asquini"}}]}},"_links":{"self":[{"href":"https:\/\/mobilitas.lat\/es\/wp-json\/wp\/v2\/posts\/7578","targetHints":{"allow":["GET"]}}],"collection":[{"href":"https:\/\/mobilitas.lat\/es\/wp-json\/wp\/v2\/posts"}],"about":[{"href":"https:\/\/mobilitas.lat\/es\/wp-json\/wp\/v2\/types\/post"}],"author":[{"embeddable":true,"href":"https:\/\/mobilitas.lat\/es\/wp-json\/wp\/v2\/users\/2"}],"replies":[{"embeddable":true,"href":"https:\/\/mobilitas.lat\/es\/wp-json\/wp\/v2\/comments?post=7578"}],"version-history":[{"count":3,"href":"https:\/\/mobilitas.lat\/es\/wp-json\/wp\/v2\/posts\/7578\/revisions"}],"predecessor-version":[{"id":7591,"href":"https:\/\/mobilitas.lat\/es\/wp-json\/wp\/v2\/posts\/7578\/revisions\/7591"}],"wp:featuredmedia":[{"embeddable":true,"href":"https:\/\/mobilitas.lat\/es\/wp-json\/wp\/v2\/media\/7588"}],"wp:attachment":[{"href":"https:\/\/mobilitas.lat\/es\/wp-json\/wp\/v2\/media?parent=7578"}],"wp:term":[{"taxonomy":"category","embeddable":true,"href":"https:\/\/mobilitas.lat\/es\/wp-json\/wp\/v2\/categories?post=7578"},{"taxonomy":"post_tag","embeddable":true,"href":"https:\/\/mobilitas.lat\/es\/wp-json\/wp\/v2\/tags?post=7578"}],"curies":[{"name":"wp","href":"https:\/\/api.w.org\/{rel}","templated":true}]}}