{"id":7497,"date":"2020-05-12T02:13:33","date_gmt":"2020-05-12T05:13:33","guid":{"rendered":"https:\/\/mobilitas.lat\/?p=7497"},"modified":"2020-05-12T02:27:38","modified_gmt":"2020-05-12T05:27:38","slug":"el-viernes-15-de-mayo-a-partir-de-las-10-a-m-hora-de-brasilia-se-llevara-a-cabo-de-forma-virtual-la-96a-reunion-del-foro-nacional-de-secretarios-y-gerentes-publicos-de-movilidad-urbana-de-brasil","status":"publish","type":"post","link":"https:\/\/mobilitas.lat\/es\/2020\/05\/12\/el-viernes-15-de-mayo-a-partir-de-las-10-a-m-hora-de-brasilia-se-llevara-a-cabo-de-forma-virtual-la-96a-reunion-del-foro-nacional-de-secretarios-y-gerentes-publicos-de-movilidad-urbana-de-brasil\/","title":{"rendered":"El 15 de mayo, a las 10 a.m. (Brasilia), se llevar\u00e1 a cabo virtualmente la 96\u00aa Reuni\u00f3n del Foro de Secretarios y Gerentes P\u00fablicos de Movilidad Urbana de Brasil. El tema: \u2018Transporte p\u00fablico en la pandemia de Covid-19\u2019"},"content":{"rendered":"\n<p>La <em>96\u00aa Reuni\u00f3n del Foro Nacional de Secretarios y Administradores P\u00fablicos de Movilidad Urbana<\/em>, de Brasil, tendr\u00e1 un car\u00e1cter virtual. La conferencia web tendr\u00e1 lugar el pr\u00f3ximo viernes 15 de mayo de 2020, de 10 a.m. a 12:30 p.m. (hora de Brasilia) y abordar\u00e1 el tema&nbsp; <em>Transporte p\u00fablico en la pandemia Covid-19<\/em>.<\/p>\n\n\n\n<p>&nbsp;Se enfocar\u00e1 el contexto de la pandemia y las soluciones que se han adoptado y se intentar\u00e1 establecer una propuesta conjunta para superar la crisis del transporte p\u00fablico en autob\u00fas durante la actual crisis de salud.<\/p>\n\n\n\n<p>En junio de 2020, el Foro Nacional completar\u00e1 30 a\u00f1os de actividades y ya ha celebrado 95 reuniones presenciales en varias ciudades brasile\u00f1as. Esta ser\u00e1 la primera reuni\u00f3n con participaci\u00f3n exclusivamente virtual.<\/p>\n\n\n\n<p><strong>SESIONES<\/strong><\/p>\n\n\n\n<p>La exposici\u00f3n de apertura que se realizar\u00e1 a partir de las 10 a.m. y durar\u00e1 20 minutos, estar\u00e1 a cargo del presidente del Foro Nacional de Secretarios y Gerentes de Movilidad Urbana, Rodrigo Tortoriello, quien actualmente ocupa el cargo de secretario extraordinario de Movilidad Urbana en Porto Alegre, capital del estado brasile\u00f1o de Rio Grande do Sul.<\/p>\n\n\n\n<p>Luego, entre las 10:20 y las 10:45, habr\u00e1 una sesi\u00f3n de comentarios con la participaci\u00f3n de Celso Freitas Bouzada, presidente de la Compa\u00f1\u00eda de Transporte y Tr\u00e1nsito de Belo Horizonte S \/ A (BHTrans); F\u00e1bio Reis Mota, Secretario de Movilidad Urbana de Salvador; F\u00e1bio Nei Damasceno, Secretario de Transporte de Esp\u00edrito Santo, y Edson Caran, Secretario Municipal de Transporte y Movilidad de S\u00e3o Paulo.<\/p>\n\n\n\n<p>Entre las 10:45 a.m. y las 11:30 a.m. habr\u00e1 una un momento para la manifestaci\u00f3n de los secretarios y de los oyentes de la conferencia web.<\/p>\n\n\n\n<p>Posteriormente, se abrir\u00e1 un espacio de treinta minutos, entre las 11:30 a.m. y las 12:00 p.m., para la manifestaci\u00f3n de los invitados Gilberto Perre, secretario ejecutivo del Frente Nacional de Alcaldes (FNP); Jurandir Fernandes, presidente de la UITP &#8211; Divisi\u00f3n de Am\u00e9rica Latina; S\u00e9rgio Avelleda, director de Movilidad Urbana en WRI (organizaci\u00f3n de investigaci\u00f3n global que cubre m\u00e1s de 60 pa\u00edses con un enfoque en siete temas cr\u00edticos en la intersecci\u00f3n del medio ambiente y el desarrollo: clima, energ\u00eda, alimentos, bosques, agua, ciudades y el oc\u00e9ano); Ot\u00e1vio Cunha, presidente de la Asociaci\u00f3n Nacional de Empresas de Transporte Urbano (NTU), y Ailton Brasiliense P\u00ecres, presidente de la Asociaci\u00f3n Nacional de Transporte P\u00fablico (ANTP).<\/p>\n\n\n\n<p>La parte final de la reuni\u00f3n, tambi\u00e9n de 30 minutos, entre las 12:00 p.m. \u00a0y las 12:30 p.m., estar\u00e1 reservada para a definici\u00f3n de acciones. Rodrigo Tortoriello coordinar\u00e1. La reuni\u00f3n ser\u00e1 moderada por Luiz Carlos Mantovani N\u00e9spoli, superintendente de ANTP.<\/p>\n\n\n\n<p><strong>ORGANIZACI\u00d3N<\/strong><\/p>\n\n\n\n<p>El evento est\u00e1 organizado por OTM Editoral. Su ejecuci\u00f3n est\u00e1 a cargo del Foro Nacional de Secretarios y Directores de Movilidad Urbana y la Asociaci\u00f3n Nacional de Transporte P\u00fablico (ANTP), de Brasil. La iniciativa cuenta con el apoyo de las organizaciones brasile\u00f1as del Frente Nacional de Alcaldes y la Asociaci\u00f3n Nacional de Empresas de Transporte Urbano (NTU), y tambi\u00e9n de la Uni\u00f3n Internacional de Transporte P\u00fablico (UITP) &#8211; Divisi\u00f3n de Am\u00e9rica Latina.<\/p>\n\n\n\n<p> <strong><em>Las inscripciones se pueden hacer <a href=\"https:\/\/efficy.uitp.org\/onlinereg\/?e=6750&amp;ext=1&amp;p=-1&amp;rk=online&amp;utm_source=ALLINMAIL&amp;utm_medium=email&amp;utm_content=254429516&amp;utm_campaign=Mobilidadeurbana&amp;utm_term=__.qbv.nm.lv9.gahl.h.qxkmbp.v.xcz.f2.xl.j.h.zu.f.gelx.w.y\" target=\"_blank\" rel=\"noreferrer noopener\">aqu\u00ed<\/a>.<\/em><\/strong><\/p>\n","protected":false},"excerpt":{"rendered":"<p>La 96\u00aa Reuni\u00f3n del Foro Nacional de Secretarios y Administradores P\u00fablicos de Movilidad Urbana, de Brasil, tendr\u00e1 un car\u00e1cter virtual. La conferencia web tendr\u00e1 lugar el pr\u00f3ximo viernes 15 de mayo de 2020, de 10 a.m. a 12:30 p.m. (hora de Brasilia) y abordar\u00e1 el tema&nbsp; Transporte p\u00fablico en la pandemia Covid-19. &nbsp;Se enfocar\u00e1 el [&hellip;]<\/p>\n","protected":false},"author":2,"featured_media":7509,"comment_status":"closed","ping_status":"closed","sticky":true,"template":"","format":"standard","meta":{"footnotes":""},"categories":[287],"tags":[742,471,1227,1228],"class_list":["post-7497","post","type-post","status-publish","format-standard","has-post-thumbnail","hentry","category-notas","tag-antp-es","tag-en-foco","tag-fnp","tag-forum-nacional-de-secretarios"],"yoast_head":"<!-- This site is optimized with the Yoast SEO plugin v26.9 - https:\/\/yoast.com\/product\/yoast-seo-wordpress\/ -->\n<title>El 15 de mayo, a las 10 a.m. (Brasilia), se llevar\u00e1 a cabo virtualmente la 96\u00aa Reuni\u00f3n del Foro de Secretarios y Gerentes P\u00fablicos de Movilidad Urbana de Brasil. El tema: \u2018Transporte p\u00fablico en la pandemia de Covid-19\u2019 | Mobilitas<\/title>\n<meta name=\"robots\" content=\"index, follow, max-snippet:-1, max-image-preview:large, max-video-preview:-1\" \/>\n<link rel=\"canonical\" href=\"https:\/\/mobilitas.lat\/es\/2020\/05\/12\/el-viernes-15-de-mayo-a-partir-de-las-10-a-m-hora-de-brasilia-se-llevara-a-cabo-de-forma-virtual-la-96a-reunion-del-foro-nacional-de-secretarios-y-gerentes-publicos-de-movilidad-urbana-de-brasil\/\" \/>\n<meta property=\"og:locale\" content=\"es_ES\" \/>\n<meta property=\"og:type\" content=\"article\" \/>\n<meta property=\"og:title\" content=\"El 15 de mayo, a las 10 a.m. (Brasilia), se llevar\u00e1 a cabo virtualmente la 96\u00aa Reuni\u00f3n del Foro de Secretarios y Gerentes P\u00fablicos de Movilidad Urbana de Brasil. El tema: \u2018Transporte p\u00fablico en la pandemia de Covid-19\u2019 | Mobilitas\" \/>\n<meta property=\"og:description\" content=\"La 96\u00aa Reuni\u00f3n del Foro Nacional de Secretarios y Administradores P\u00fablicos de Movilidad Urbana, de Brasil, tendr\u00e1 un car\u00e1cter virtual. La conferencia web tendr\u00e1 lugar el pr\u00f3ximo viernes 15 de mayo de 2020, de 10 a.m. a 12:30 p.m. (hora de Brasilia) y abordar\u00e1 el tema&nbsp; Transporte p\u00fablico en la pandemia Covid-19. &nbsp;Se enfocar\u00e1 el [&hellip;]\" \/>\n<meta property=\"og:url\" content=\"https:\/\/mobilitas.lat\/es\/2020\/05\/12\/el-viernes-15-de-mayo-a-partir-de-las-10-a-m-hora-de-brasilia-se-llevara-a-cabo-de-forma-virtual-la-96a-reunion-del-foro-nacional-de-secretarios-y-gerentes-publicos-de-movilidad-urbana-de-brasil\/\" \/>\n<meta property=\"og:site_name\" content=\"Mobilitas\" \/>\n<meta property=\"article:published_time\" content=\"2020-05-12T05:13:33+00:00\" \/>\n<meta property=\"article:modified_time\" content=\"2020-05-12T05:27:38+00:00\" \/>\n<meta property=\"og:image\" content=\"https:\/\/storage.mobilitas.lat\/uploads\/2020\/05\/MOBILITAS-RODRIGO-TORTORIELLO-4.jpg\" \/>\n\t<meta property=\"og:image:width\" content=\"510\" \/>\n\t<meta property=\"og:image:height\" content=\"316\" \/>\n\t<meta property=\"og:image:type\" content=\"image\/jpeg\" \/>\n<meta name=\"author\" content=\"Alexandre Asquini\" \/>\n<meta name=\"twitter:card\" content=\"summary_large_image\" \/>\n<meta name=\"twitter:label1\" content=\"Written by\" \/>\n\t<meta name=\"twitter:data1\" content=\"Alexandre Asquini\" \/>\n\t<meta name=\"twitter:label2\" content=\"Est. reading time\" \/>\n\t<meta name=\"twitter:data2\" content=\"3 minutes\" \/>\n<script type=\"application\/ld+json\" class=\"yoast-schema-graph\">{\"@context\":\"https:\/\/schema.org\",\"@graph\":[{\"@type\":\"Article\",\"@id\":\"https:\/\/mobilitas.lat\/es\/2020\/05\/12\/el-viernes-15-de-mayo-a-partir-de-las-10-a-m-hora-de-brasilia-se-llevara-a-cabo-de-forma-virtual-la-96a-reunion-del-foro-nacional-de-secretarios-y-gerentes-publicos-de-movilidad-urbana-de-brasil\/#article\",\"isPartOf\":{\"@id\":\"https:\/\/mobilitas.lat\/es\/2020\/05\/12\/el-viernes-15-de-mayo-a-partir-de-las-10-a-m-hora-de-brasilia-se-llevara-a-cabo-de-forma-virtual-la-96a-reunion-del-foro-nacional-de-secretarios-y-gerentes-publicos-de-movilidad-urbana-de-brasil\/\"},\"author\":{\"name\":\"Alexandre Asquini\",\"@id\":\"https:\/\/mobilitas.lat\/es\/#\/schema\/person\/cae0d01ccbe855d1858d146e4c4d582d\"},\"headline\":\"El 15 de mayo, a las 10 a.m. (Brasilia), se llevar\u00e1 a cabo virtualmente la 96\u00aa Reuni\u00f3n del Foro de Secretarios y Gerentes P\u00fablicos de Movilidad Urbana de Brasil. El tema: \u2018Transporte p\u00fablico en la pandemia de Covid-19\u2019\",\"datePublished\":\"2020-05-12T05:13:33+00:00\",\"dateModified\":\"2020-05-12T05:27:38+00:00\",\"mainEntityOfPage\":{\"@id\":\"https:\/\/mobilitas.lat\/es\/2020\/05\/12\/el-viernes-15-de-mayo-a-partir-de-las-10-a-m-hora-de-brasilia-se-llevara-a-cabo-de-forma-virtual-la-96a-reunion-del-foro-nacional-de-secretarios-y-gerentes-publicos-de-movilidad-urbana-de-brasil\/\"},\"wordCount\":583,\"publisher\":{\"@id\":\"https:\/\/mobilitas.lat\/es\/#organization\"},\"image\":{\"@id\":\"https:\/\/mobilitas.lat\/es\/2020\/05\/12\/el-viernes-15-de-mayo-a-partir-de-las-10-a-m-hora-de-brasilia-se-llevara-a-cabo-de-forma-virtual-la-96a-reunion-del-foro-nacional-de-secretarios-y-gerentes-publicos-de-movilidad-urbana-de-brasil\/#primaryimage\"},\"thumbnailUrl\":\"https:\/\/storage.mobilitas.lat\/uploads\/2020\/05\/MOBILITAS-RODRIGO-TORTORIELLO-4.jpg\",\"keywords\":[\"ANTP\",\"En Foco\",\"FNP\",\"F\u00d3RUM NACIONAL DE SECRET\u00c1RIOS\"],\"articleSection\":[\"Notas\"],\"inLanguage\":\"es-ES\"},{\"@type\":\"WebPage\",\"@id\":\"https:\/\/mobilitas.lat\/es\/2020\/05\/12\/el-viernes-15-de-mayo-a-partir-de-las-10-a-m-hora-de-brasilia-se-llevara-a-cabo-de-forma-virtual-la-96a-reunion-del-foro-nacional-de-secretarios-y-gerentes-publicos-de-movilidad-urbana-de-brasil\/\",\"url\":\"https:\/\/mobilitas.lat\/es\/2020\/05\/12\/el-viernes-15-de-mayo-a-partir-de-las-10-a-m-hora-de-brasilia-se-llevara-a-cabo-de-forma-virtual-la-96a-reunion-del-foro-nacional-de-secretarios-y-gerentes-publicos-de-movilidad-urbana-de-brasil\/\",\"name\":\"El 15 de mayo, a las 10 a.m. (Brasilia), se llevar\u00e1 a cabo virtualmente la 96\u00aa Reuni\u00f3n del Foro de Secretarios y Gerentes P\u00fablicos de Movilidad Urbana de Brasil. El tema: \u2018Transporte p\u00fablico en la pandemia de Covid-19\u2019 | Mobilitas\",\"isPartOf\":{\"@id\":\"https:\/\/mobilitas.lat\/es\/#website\"},\"primaryImageOfPage\":{\"@id\":\"https:\/\/mobilitas.lat\/es\/2020\/05\/12\/el-viernes-15-de-mayo-a-partir-de-las-10-a-m-hora-de-brasilia-se-llevara-a-cabo-de-forma-virtual-la-96a-reunion-del-foro-nacional-de-secretarios-y-gerentes-publicos-de-movilidad-urbana-de-brasil\/#primaryimage\"},\"image\":{\"@id\":\"https:\/\/mobilitas.lat\/es\/2020\/05\/12\/el-viernes-15-de-mayo-a-partir-de-las-10-a-m-hora-de-brasilia-se-llevara-a-cabo-de-forma-virtual-la-96a-reunion-del-foro-nacional-de-secretarios-y-gerentes-publicos-de-movilidad-urbana-de-brasil\/#primaryimage\"},\"thumbnailUrl\":\"https:\/\/storage.mobilitas.lat\/uploads\/2020\/05\/MOBILITAS-RODRIGO-TORTORIELLO-4.jpg\",\"datePublished\":\"2020-05-12T05:13:33+00:00\",\"dateModified\":\"2020-05-12T05:27:38+00:00\",\"breadcrumb\":{\"@id\":\"https:\/\/mobilitas.lat\/es\/2020\/05\/12\/el-viernes-15-de-mayo-a-partir-de-las-10-a-m-hora-de-brasilia-se-llevara-a-cabo-de-forma-virtual-la-96a-reunion-del-foro-nacional-de-secretarios-y-gerentes-publicos-de-movilidad-urbana-de-brasil\/#breadcrumb\"},\"inLanguage\":\"es-ES\",\"potentialAction\":[{\"@type\":\"ReadAction\",\"target\":[\"https:\/\/mobilitas.lat\/es\/2020\/05\/12\/el-viernes-15-de-mayo-a-partir-de-las-10-a-m-hora-de-brasilia-se-llevara-a-cabo-de-forma-virtual-la-96a-reunion-del-foro-nacional-de-secretarios-y-gerentes-publicos-de-movilidad-urbana-de-brasil\/\"]}]},{\"@type\":\"ImageObject\",\"inLanguage\":\"es-ES\",\"@id\":\"https:\/\/mobilitas.lat\/es\/2020\/05\/12\/el-viernes-15-de-mayo-a-partir-de-las-10-a-m-hora-de-brasilia-se-llevara-a-cabo-de-forma-virtual-la-96a-reunion-del-foro-nacional-de-secretarios-y-gerentes-publicos-de-movilidad-urbana-de-brasil\/#primaryimage\",\"url\":\"https:\/\/storage.mobilitas.lat\/uploads\/2020\/05\/MOBILITAS-RODRIGO-TORTORIELLO-4.jpg\",\"contentUrl\":\"https:\/\/storage.mobilitas.lat\/uploads\/2020\/05\/MOBILITAS-RODRIGO-TORTORIELLO-4.jpg\",\"width\":510,\"height\":316,\"caption\":\"Rodrigo Tortoriello\"},{\"@type\":\"BreadcrumbList\",\"@id\":\"https:\/\/mobilitas.lat\/es\/2020\/05\/12\/el-viernes-15-de-mayo-a-partir-de-las-10-a-m-hora-de-brasilia-se-llevara-a-cabo-de-forma-virtual-la-96a-reunion-del-foro-nacional-de-secretarios-y-gerentes-publicos-de-movilidad-urbana-de-brasil\/#breadcrumb\",\"itemListElement\":[{\"@type\":\"ListItem\",\"position\":1,\"name\":\"In\u00edcio\",\"item\":\"https:\/\/mobilitas.lat\/es\/\"},{\"@type\":\"ListItem\",\"position\":2,\"name\":\"El 15 de mayo, a las 10 a.m. (Brasilia), se llevar\u00e1 a cabo virtualmente la 96\u00aa Reuni\u00f3n del Foro de Secretarios y Gerentes P\u00fablicos de Movilidad Urbana de Brasil. El tema: \u2018Transporte p\u00fablico en la pandemia de Covid-19\u2019\"}]},{\"@type\":\"WebSite\",\"@id\":\"https:\/\/mobilitas.lat\/es\/#website\",\"url\":\"https:\/\/mobilitas.lat\/es\/\",\"name\":\"Mobilitas\",\"description\":\"Tecnologia e Mobilidade Urbana na Am\u00e9rica Latina\",\"publisher\":{\"@id\":\"https:\/\/mobilitas.lat\/es\/#organization\"},\"potentialAction\":[{\"@type\":\"SearchAction\",\"target\":{\"@type\":\"EntryPoint\",\"urlTemplate\":\"https:\/\/mobilitas.lat\/es\/?s={search_term_string}\"},\"query-input\":{\"@type\":\"PropertyValueSpecification\",\"valueRequired\":true,\"valueName\":\"search_term_string\"}}],\"inLanguage\":\"es-ES\"},{\"@type\":\"Organization\",\"@id\":\"https:\/\/mobilitas.lat\/es\/#organization\",\"name\":\"OTM Editora\",\"url\":\"https:\/\/mobilitas.lat\/es\/\",\"logo\":{\"@type\":\"ImageObject\",\"inLanguage\":\"es-ES\",\"@id\":\"https:\/\/mobilitas.lat\/es\/#\/schema\/logo\/image\/\",\"url\":\"https:\/\/mobilitas.lat\/wp-content\/uploads\/2024\/03\/opengraph.png\",\"contentUrl\":\"https:\/\/mobilitas.lat\/wp-content\/uploads\/2024\/03\/opengraph.png\",\"width\":1200,\"height\":630,\"caption\":\"OTM Editora\"},\"image\":{\"@id\":\"https:\/\/mobilitas.lat\/es\/#\/schema\/logo\/image\/\"}},{\"@type\":\"Person\",\"@id\":\"https:\/\/mobilitas.lat\/es\/#\/schema\/person\/cae0d01ccbe855d1858d146e4c4d582d\",\"name\":\"Alexandre Asquini\",\"image\":{\"@type\":\"ImageObject\",\"inLanguage\":\"es-ES\",\"@id\":\"https:\/\/mobilitas.lat\/es\/#\/schema\/person\/image\/\",\"url\":\"https:\/\/secure.gravatar.com\/avatar\/aac99dbef1420f75cc7d86913eb8a7cdfbe13e2509ad7a45649a61414f6d2785?s=96&d=mm&r=g\",\"contentUrl\":\"https:\/\/secure.gravatar.com\/avatar\/aac99dbef1420f75cc7d86913eb8a7cdfbe13e2509ad7a45649a61414f6d2785?s=96&d=mm&r=g\",\"caption\":\"Alexandre Asquini\"}}]}<\/script>\n<!-- \/ Yoast SEO plugin. -->","yoast_head_json":{"title":"El 15 de mayo, a las 10 a.m. (Brasilia), se llevar\u00e1 a cabo virtualmente la 96\u00aa Reuni\u00f3n del Foro de Secretarios y Gerentes P\u00fablicos de Movilidad Urbana de Brasil. El tema: \u2018Transporte p\u00fablico en la pandemia de Covid-19\u2019 | Mobilitas","robots":{"index":"index","follow":"follow","max-snippet":"max-snippet:-1","max-image-preview":"max-image-preview:large","max-video-preview":"max-video-preview:-1"},"canonical":"https:\/\/mobilitas.lat\/es\/2020\/05\/12\/el-viernes-15-de-mayo-a-partir-de-las-10-a-m-hora-de-brasilia-se-llevara-a-cabo-de-forma-virtual-la-96a-reunion-del-foro-nacional-de-secretarios-y-gerentes-publicos-de-movilidad-urbana-de-brasil\/","og_locale":"es_ES","og_type":"article","og_title":"El 15 de mayo, a las 10 a.m. (Brasilia), se llevar\u00e1 a cabo virtualmente la 96\u00aa Reuni\u00f3n del Foro de Secretarios y Gerentes P\u00fablicos de Movilidad Urbana de Brasil. El tema: \u2018Transporte p\u00fablico en la pandemia de Covid-19\u2019 | Mobilitas","og_description":"La 96\u00aa Reuni\u00f3n del Foro Nacional de Secretarios y Administradores P\u00fablicos de Movilidad Urbana, de Brasil, tendr\u00e1 un car\u00e1cter virtual. La conferencia web tendr\u00e1 lugar el pr\u00f3ximo viernes 15 de mayo de 2020, de 10 a.m. a 12:30 p.m. (hora de Brasilia) y abordar\u00e1 el tema&nbsp; Transporte p\u00fablico en la pandemia Covid-19. &nbsp;Se enfocar\u00e1 el [&hellip;]","og_url":"https:\/\/mobilitas.lat\/es\/2020\/05\/12\/el-viernes-15-de-mayo-a-partir-de-las-10-a-m-hora-de-brasilia-se-llevara-a-cabo-de-forma-virtual-la-96a-reunion-del-foro-nacional-de-secretarios-y-gerentes-publicos-de-movilidad-urbana-de-brasil\/","og_site_name":"Mobilitas","article_published_time":"2020-05-12T05:13:33+00:00","article_modified_time":"2020-05-12T05:27:38+00:00","og_image":[{"width":510,"height":316,"url":"https:\/\/storage.mobilitas.lat\/uploads\/2020\/05\/MOBILITAS-RODRIGO-TORTORIELLO-4.jpg","type":"image\/jpeg"}],"author":"Alexandre Asquini","twitter_card":"summary_large_image","twitter_misc":{"Written by":"Alexandre Asquini","Est. reading time":"3 minutes"},"schema":{"@context":"https:\/\/schema.org","@graph":[{"@type":"Article","@id":"https:\/\/mobilitas.lat\/es\/2020\/05\/12\/el-viernes-15-de-mayo-a-partir-de-las-10-a-m-hora-de-brasilia-se-llevara-a-cabo-de-forma-virtual-la-96a-reunion-del-foro-nacional-de-secretarios-y-gerentes-publicos-de-movilidad-urbana-de-brasil\/#article","isPartOf":{"@id":"https:\/\/mobilitas.lat\/es\/2020\/05\/12\/el-viernes-15-de-mayo-a-partir-de-las-10-a-m-hora-de-brasilia-se-llevara-a-cabo-de-forma-virtual-la-96a-reunion-del-foro-nacional-de-secretarios-y-gerentes-publicos-de-movilidad-urbana-de-brasil\/"},"author":{"name":"Alexandre Asquini","@id":"https:\/\/mobilitas.lat\/es\/#\/schema\/person\/cae0d01ccbe855d1858d146e4c4d582d"},"headline":"El 15 de mayo, a las 10 a.m. (Brasilia), se llevar\u00e1 a cabo virtualmente la 96\u00aa Reuni\u00f3n del Foro de Secretarios y Gerentes P\u00fablicos de Movilidad Urbana de Brasil. El tema: \u2018Transporte p\u00fablico en la pandemia de Covid-19\u2019","datePublished":"2020-05-12T05:13:33+00:00","dateModified":"2020-05-12T05:27:38+00:00","mainEntityOfPage":{"@id":"https:\/\/mobilitas.lat\/es\/2020\/05\/12\/el-viernes-15-de-mayo-a-partir-de-las-10-a-m-hora-de-brasilia-se-llevara-a-cabo-de-forma-virtual-la-96a-reunion-del-foro-nacional-de-secretarios-y-gerentes-publicos-de-movilidad-urbana-de-brasil\/"},"wordCount":583,"publisher":{"@id":"https:\/\/mobilitas.lat\/es\/#organization"},"image":{"@id":"https:\/\/mobilitas.lat\/es\/2020\/05\/12\/el-viernes-15-de-mayo-a-partir-de-las-10-a-m-hora-de-brasilia-se-llevara-a-cabo-de-forma-virtual-la-96a-reunion-del-foro-nacional-de-secretarios-y-gerentes-publicos-de-movilidad-urbana-de-brasil\/#primaryimage"},"thumbnailUrl":"https:\/\/storage.mobilitas.lat\/uploads\/2020\/05\/MOBILITAS-RODRIGO-TORTORIELLO-4.jpg","keywords":["ANTP","En Foco","FNP","F\u00d3RUM NACIONAL DE SECRET\u00c1RIOS"],"articleSection":["Notas"],"inLanguage":"es-ES"},{"@type":"WebPage","@id":"https:\/\/mobilitas.lat\/es\/2020\/05\/12\/el-viernes-15-de-mayo-a-partir-de-las-10-a-m-hora-de-brasilia-se-llevara-a-cabo-de-forma-virtual-la-96a-reunion-del-foro-nacional-de-secretarios-y-gerentes-publicos-de-movilidad-urbana-de-brasil\/","url":"https:\/\/mobilitas.lat\/es\/2020\/05\/12\/el-viernes-15-de-mayo-a-partir-de-las-10-a-m-hora-de-brasilia-se-llevara-a-cabo-de-forma-virtual-la-96a-reunion-del-foro-nacional-de-secretarios-y-gerentes-publicos-de-movilidad-urbana-de-brasil\/","name":"El 15 de mayo, a las 10 a.m. (Brasilia), se llevar\u00e1 a cabo virtualmente la 96\u00aa Reuni\u00f3n del Foro de Secretarios y Gerentes P\u00fablicos de Movilidad Urbana de Brasil. El tema: \u2018Transporte p\u00fablico en la pandemia de Covid-19\u2019 | Mobilitas","isPartOf":{"@id":"https:\/\/mobilitas.lat\/es\/#website"},"primaryImageOfPage":{"@id":"https:\/\/mobilitas.lat\/es\/2020\/05\/12\/el-viernes-15-de-mayo-a-partir-de-las-10-a-m-hora-de-brasilia-se-llevara-a-cabo-de-forma-virtual-la-96a-reunion-del-foro-nacional-de-secretarios-y-gerentes-publicos-de-movilidad-urbana-de-brasil\/#primaryimage"},"image":{"@id":"https:\/\/mobilitas.lat\/es\/2020\/05\/12\/el-viernes-15-de-mayo-a-partir-de-las-10-a-m-hora-de-brasilia-se-llevara-a-cabo-de-forma-virtual-la-96a-reunion-del-foro-nacional-de-secretarios-y-gerentes-publicos-de-movilidad-urbana-de-brasil\/#primaryimage"},"thumbnailUrl":"https:\/\/storage.mobilitas.lat\/uploads\/2020\/05\/MOBILITAS-RODRIGO-TORTORIELLO-4.jpg","datePublished":"2020-05-12T05:13:33+00:00","dateModified":"2020-05-12T05:27:38+00:00","breadcrumb":{"@id":"https:\/\/mobilitas.lat\/es\/2020\/05\/12\/el-viernes-15-de-mayo-a-partir-de-las-10-a-m-hora-de-brasilia-se-llevara-a-cabo-de-forma-virtual-la-96a-reunion-del-foro-nacional-de-secretarios-y-gerentes-publicos-de-movilidad-urbana-de-brasil\/#breadcrumb"},"inLanguage":"es-ES","potentialAction":[{"@type":"ReadAction","target":["https:\/\/mobilitas.lat\/es\/2020\/05\/12\/el-viernes-15-de-mayo-a-partir-de-las-10-a-m-hora-de-brasilia-se-llevara-a-cabo-de-forma-virtual-la-96a-reunion-del-foro-nacional-de-secretarios-y-gerentes-publicos-de-movilidad-urbana-de-brasil\/"]}]},{"@type":"ImageObject","inLanguage":"es-ES","@id":"https:\/\/mobilitas.lat\/es\/2020\/05\/12\/el-viernes-15-de-mayo-a-partir-de-las-10-a-m-hora-de-brasilia-se-llevara-a-cabo-de-forma-virtual-la-96a-reunion-del-foro-nacional-de-secretarios-y-gerentes-publicos-de-movilidad-urbana-de-brasil\/#primaryimage","url":"https:\/\/storage.mobilitas.lat\/uploads\/2020\/05\/MOBILITAS-RODRIGO-TORTORIELLO-4.jpg","contentUrl":"https:\/\/storage.mobilitas.lat\/uploads\/2020\/05\/MOBILITAS-RODRIGO-TORTORIELLO-4.jpg","width":510,"height":316,"caption":"Rodrigo Tortoriello"},{"@type":"BreadcrumbList","@id":"https:\/\/mobilitas.lat\/es\/2020\/05\/12\/el-viernes-15-de-mayo-a-partir-de-las-10-a-m-hora-de-brasilia-se-llevara-a-cabo-de-forma-virtual-la-96a-reunion-del-foro-nacional-de-secretarios-y-gerentes-publicos-de-movilidad-urbana-de-brasil\/#breadcrumb","itemListElement":[{"@type":"ListItem","position":1,"name":"In\u00edcio","item":"https:\/\/mobilitas.lat\/es\/"},{"@type":"ListItem","position":2,"name":"El 15 de mayo, a las 10 a.m. (Brasilia), se llevar\u00e1 a cabo virtualmente la 96\u00aa Reuni\u00f3n del Foro de Secretarios y Gerentes P\u00fablicos de Movilidad Urbana de Brasil. El tema: \u2018Transporte p\u00fablico en la pandemia de Covid-19\u2019"}]},{"@type":"WebSite","@id":"https:\/\/mobilitas.lat\/es\/#website","url":"https:\/\/mobilitas.lat\/es\/","name":"Mobilitas","description":"Tecnologia e Mobilidade Urbana na Am\u00e9rica Latina","publisher":{"@id":"https:\/\/mobilitas.lat\/es\/#organization"},"potentialAction":[{"@type":"SearchAction","target":{"@type":"EntryPoint","urlTemplate":"https:\/\/mobilitas.lat\/es\/?s={search_term_string}"},"query-input":{"@type":"PropertyValueSpecification","valueRequired":true,"valueName":"search_term_string"}}],"inLanguage":"es-ES"},{"@type":"Organization","@id":"https:\/\/mobilitas.lat\/es\/#organization","name":"OTM Editora","url":"https:\/\/mobilitas.lat\/es\/","logo":{"@type":"ImageObject","inLanguage":"es-ES","@id":"https:\/\/mobilitas.lat\/es\/#\/schema\/logo\/image\/","url":"https:\/\/mobilitas.lat\/wp-content\/uploads\/2024\/03\/opengraph.png","contentUrl":"https:\/\/mobilitas.lat\/wp-content\/uploads\/2024\/03\/opengraph.png","width":1200,"height":630,"caption":"OTM Editora"},"image":{"@id":"https:\/\/mobilitas.lat\/es\/#\/schema\/logo\/image\/"}},{"@type":"Person","@id":"https:\/\/mobilitas.lat\/es\/#\/schema\/person\/cae0d01ccbe855d1858d146e4c4d582d","name":"Alexandre Asquini","image":{"@type":"ImageObject","inLanguage":"es-ES","@id":"https:\/\/mobilitas.lat\/es\/#\/schema\/person\/image\/","url":"https:\/\/secure.gravatar.com\/avatar\/aac99dbef1420f75cc7d86913eb8a7cdfbe13e2509ad7a45649a61414f6d2785?s=96&d=mm&r=g","contentUrl":"https:\/\/secure.gravatar.com\/avatar\/aac99dbef1420f75cc7d86913eb8a7cdfbe13e2509ad7a45649a61414f6d2785?s=96&d=mm&r=g","caption":"Alexandre Asquini"}}]}},"_links":{"self":[{"href":"https:\/\/mobilitas.lat\/es\/wp-json\/wp\/v2\/posts\/7497","targetHints":{"allow":["GET"]}}],"collection":[{"href":"https:\/\/mobilitas.lat\/es\/wp-json\/wp\/v2\/posts"}],"about":[{"href":"https:\/\/mobilitas.lat\/es\/wp-json\/wp\/v2\/types\/post"}],"author":[{"embeddable":true,"href":"https:\/\/mobilitas.lat\/es\/wp-json\/wp\/v2\/users\/2"}],"replies":[{"embeddable":true,"href":"https:\/\/mobilitas.lat\/es\/wp-json\/wp\/v2\/comments?post=7497"}],"version-history":[{"count":8,"href":"https:\/\/mobilitas.lat\/es\/wp-json\/wp\/v2\/posts\/7497\/revisions"}],"predecessor-version":[{"id":7515,"href":"https:\/\/mobilitas.lat\/es\/wp-json\/wp\/v2\/posts\/7497\/revisions\/7515"}],"wp:featuredmedia":[{"embeddable":true,"href":"https:\/\/mobilitas.lat\/es\/wp-json\/wp\/v2\/media\/7509"}],"wp:attachment":[{"href":"https:\/\/mobilitas.lat\/es\/wp-json\/wp\/v2\/media?parent=7497"}],"wp:term":[{"taxonomy":"category","embeddable":true,"href":"https:\/\/mobilitas.lat\/es\/wp-json\/wp\/v2\/categories?post=7497"},{"taxonomy":"post_tag","embeddable":true,"href":"https:\/\/mobilitas.lat\/es\/wp-json\/wp\/v2\/tags?post=7497"}],"curies":[{"name":"wp","href":"https:\/\/api.w.org\/{rel}","templated":true}]}}