{"id":7365,"date":"2020-04-28T11:51:03","date_gmt":"2020-04-28T14:51:03","guid":{"rendered":"https:\/\/mobilitas.lat\/?p=7365"},"modified":"2020-04-28T11:56:18","modified_gmt":"2020-04-28T14:56:18","slug":"el-transmilenio-volvio-a-operar-con-el-100-de-la-flota-de-lunes-a-viernes","status":"publish","type":"post","link":"https:\/\/mobilitas.lat\/es\/2020\/04\/28\/el-transmilenio-volvio-a-operar-con-el-100-de-la-flota-de-lunes-a-viernes\/","title":{"rendered":"El TransMilenio volvi\u00f3 a operar con el 100% de la flota de lunes a viernes"},"content":{"rendered":"\n<p>El lunes 27 de abril de 2020, el sistema de transporte de autobuses TransMilenio, de Bogot\u00e1, Colombia, volvi\u00f3 a operar con el 100% de la flota de lunes a viernes, con los servicios de un d\u00eda h\u00e1bil. \u00a0<\/p>\n\n\n\n<p>Hasta el final de semana anterior, en temporada de aislamiento preventivo obligatorio, el sistema en los componentes troncal y zonal, oper\u00f3 con el 50% de su capacidad en flota para atender a aproximadamente el 20% de los usuarios que se movilizan en un periodo normal. A partir del &nbsp;5 de abril de 2020 pas\u00f3 a ser obligatorio usar tapabocas en TransMilenio.<\/p>\n\n\n\n<p>En su sitio web, TransMilenio S \/A informa que implementar\u00e1 una prueba piloto que permitir\u00e1 realizar el control del ingreso de los usuarios al sistema, mediante la verificaci\u00f3n de las validaciones realizadas en los torniquetes, estableciendo rangos de tiempo y n\u00famero de usuarios permitidos para ingresar al portal o estaci\u00f3n, una vez superado el 35% se genera una alerta y se proceder\u00e1 a realizar la restricci\u00f3n del acceso de los usuarios hasta que se tenga disponibilidad en la estaci\u00f3n o portal.<\/p>\n\n\n\n<p>Seg\u00fan lo informado por algunos veh\u00edculos de prensa de Bogot\u00e1, en el primer d\u00eda de operaci\u00f3n del nuevo r\u00e9gimen de suministro de veh\u00edculos, se observaron autobuses completos y pasajeros que usaban asientos prohibidos. Tambi\u00e9n hubo informes de confusi\u00f3n, multitudes y pocos autobuses en funcionamiento.<\/p>\n\n\n\n<p><strong>HOR\u00c1RIOS<\/strong><\/p>\n\n\n\n<p>Dependiendo del lugar de partida, los servicios comienzan a las 4:00 a.m. o a las 4:30 a.m. y contin\u00faan hasta las 11:00 p.m. Los s\u00e1bados, operar\u00e1 con el 70% de la flota, entre las 4:00 a.m. y las 4:30 a.m. hasta las 11:00 a.m. Los domingos, operar\u00e1 con una flota del 50%, con servicios entre las 4:30 a.m. y las 10:00 a.m.<\/p>\n\n\n\n<p>El componente troncal del TransMilenio tiene una flota de 2094 veh\u00edculos, de los cuales 1077 son biarticulados, 757 articulados y 260 de doble tipo est\u00e1ndar. El componente de alimentaci\u00f3n tiene 787 veh\u00edculos, de los cuales 721 son est\u00e1ndar, 65 son Bus 50 y uno es Bus 40.<\/p>\n\n\n\n<p><strong>TRANSMICABLE<\/strong><\/p>\n\n\n\n<p>El telef\u00e9rico TransMiCable forma parte del sistema de alimentaci\u00f3n del TransMilenio, con 160 cabinas. En el nuevo r\u00e9gimen, las cabinas funcionar\u00e1n a horas normales de lunes a viernes, s\u00e1bados y domingos.<\/p>\n\n\n\n<p><strong>RUTAS ZONALES<\/strong><\/p>\n\n\n\n<p>En principio, las rutas zonales \u2013 servicio urbano que conecta &nbsp;las diferentes zonas de la ciudad con los corredores viales \u2013 operar\u00e1n a la hora habitual, sin embargo, se pueden hacer cambios que se establecer\u00e1n en la din\u00e1mica de operaci\u00f3n, invitaciones para consultar los canales de informaci\u00f3n oficiales, sitio web www.transmilenio.gov.co. <\/p>\n\n\n\n<p>Lunes a viernes operar\u00e1 con el 100% de la flota con los servicios de un d\u00eda h\u00e1bil. Horario: 3:30 a.m. a 11:00 p.m.; &nbsp;s\u00e1bado: operar\u00e1 con el 70% de la flota, con servicios entre 4:00 a.m. a 11:00 p.m.; domingo: operar\u00e1 con el 50% de la flota, con servicios entre 5:00 a.m. a 10:00 p.m.<\/p>\n","protected":false},"excerpt":{"rendered":"<p>El lunes 27 de abril de 2020, el sistema de transporte de autobuses TransMilenio, de Bogot\u00e1, Colombia, volvi\u00f3 a operar con el 100% de la flota de lunes a viernes, con los servicios de un d\u00eda h\u00e1bil. \u00a0 Hasta el final de semana anterior, en temporada de aislamiento preventivo obligatorio, el sistema en los componentes [&hellip;]<\/p>\n","protected":false},"author":2,"featured_media":7366,"comment_status":"closed","ping_status":"closed","sticky":false,"template":"","format":"standard","meta":{"footnotes":""},"categories":[287,298],"tags":[365,346],"class_list":["post-7365","post","type-post","status-publish","format-standard","has-post-thumbnail","hentry","category-notas","category-radar-es","tag-bogota-es","tag-transmilenio"],"yoast_head":"<!-- This site is optimized with the Yoast SEO plugin v26.9 - https:\/\/yoast.com\/product\/yoast-seo-wordpress\/ -->\n<title>El TransMilenio volvi\u00f3 a operar con el 100% de la flota de lunes a viernes | Mobilitas<\/title>\n<meta name=\"robots\" content=\"index, follow, max-snippet:-1, max-image-preview:large, max-video-preview:-1\" \/>\n<link rel=\"canonical\" href=\"https:\/\/mobilitas.lat\/es\/2020\/04\/28\/el-transmilenio-volvio-a-operar-con-el-100-de-la-flota-de-lunes-a-viernes\/\" \/>\n<meta property=\"og:locale\" content=\"es_ES\" \/>\n<meta property=\"og:type\" content=\"article\" \/>\n<meta property=\"og:title\" content=\"El TransMilenio volvi\u00f3 a operar con el 100% de la flota de lunes a viernes | Mobilitas\" \/>\n<meta property=\"og:description\" content=\"El lunes 27 de abril de 2020, el sistema de transporte de autobuses TransMilenio, de Bogot\u00e1, Colombia, volvi\u00f3 a operar con el 100% de la flota de lunes a viernes, con los servicios de un d\u00eda h\u00e1bil. \u00a0 Hasta el final de semana anterior, en temporada de aislamiento preventivo obligatorio, el sistema en los componentes [&hellip;]\" \/>\n<meta property=\"og:url\" content=\"https:\/\/mobilitas.lat\/es\/2020\/04\/28\/el-transmilenio-volvio-a-operar-con-el-100-de-la-flota-de-lunes-a-viernes\/\" \/>\n<meta property=\"og:site_name\" content=\"Mobilitas\" \/>\n<meta property=\"article:published_time\" content=\"2020-04-28T14:51:03+00:00\" \/>\n<meta property=\"article:modified_time\" content=\"2020-04-28T14:56:18+00:00\" \/>\n<meta property=\"og:image\" content=\"https:\/\/storage.mobilitas.lat\/uploads\/2020\/04\/MOBILITAS-BOGOT\u00c1-TRANSMILENIO.jpg\" \/>\n\t<meta property=\"og:image:width\" content=\"1050\" \/>\n\t<meta property=\"og:image:height\" content=\"591\" \/>\n\t<meta property=\"og:image:type\" content=\"image\/jpeg\" \/>\n<meta name=\"author\" content=\"Alexandre Asquini\" \/>\n<meta name=\"twitter:card\" content=\"summary_large_image\" \/>\n<meta name=\"twitter:label1\" content=\"Written by\" \/>\n\t<meta name=\"twitter:data1\" content=\"Alexandre Asquini\" \/>\n\t<meta name=\"twitter:label2\" content=\"Est. reading time\" \/>\n\t<meta name=\"twitter:data2\" content=\"2 minutes\" \/>\n<script type=\"application\/ld+json\" class=\"yoast-schema-graph\">{\"@context\":\"https:\/\/schema.org\",\"@graph\":[{\"@type\":\"Article\",\"@id\":\"https:\/\/mobilitas.lat\/es\/2020\/04\/28\/el-transmilenio-volvio-a-operar-con-el-100-de-la-flota-de-lunes-a-viernes\/#article\",\"isPartOf\":{\"@id\":\"https:\/\/mobilitas.lat\/es\/2020\/04\/28\/el-transmilenio-volvio-a-operar-con-el-100-de-la-flota-de-lunes-a-viernes\/\"},\"author\":{\"name\":\"Alexandre Asquini\",\"@id\":\"https:\/\/mobilitas.lat\/es\/#\/schema\/person\/cae0d01ccbe855d1858d146e4c4d582d\"},\"headline\":\"El TransMilenio volvi\u00f3 a operar con el 100% de la flota de lunes a viernes\",\"datePublished\":\"2020-04-28T14:51:03+00:00\",\"dateModified\":\"2020-04-28T14:56:18+00:00\",\"mainEntityOfPage\":{\"@id\":\"https:\/\/mobilitas.lat\/es\/2020\/04\/28\/el-transmilenio-volvio-a-operar-con-el-100-de-la-flota-de-lunes-a-viernes\/\"},\"wordCount\":504,\"publisher\":{\"@id\":\"https:\/\/mobilitas.lat\/es\/#organization\"},\"image\":{\"@id\":\"https:\/\/mobilitas.lat\/es\/2020\/04\/28\/el-transmilenio-volvio-a-operar-con-el-100-de-la-flota-de-lunes-a-viernes\/#primaryimage\"},\"thumbnailUrl\":\"https:\/\/storage.mobilitas.lat\/uploads\/2020\/04\/MOBILITAS-BOGOT\u00c1-TRANSMILENIO.jpg\",\"keywords\":[\"BOGOT\u00c1\",\"TransMilenio\"],\"articleSection\":[\"Notas\",\"Radar\"],\"inLanguage\":\"es-ES\"},{\"@type\":\"WebPage\",\"@id\":\"https:\/\/mobilitas.lat\/es\/2020\/04\/28\/el-transmilenio-volvio-a-operar-con-el-100-de-la-flota-de-lunes-a-viernes\/\",\"url\":\"https:\/\/mobilitas.lat\/es\/2020\/04\/28\/el-transmilenio-volvio-a-operar-con-el-100-de-la-flota-de-lunes-a-viernes\/\",\"name\":\"El TransMilenio volvi\u00f3 a operar con el 100% de la flota de lunes a viernes | Mobilitas\",\"isPartOf\":{\"@id\":\"https:\/\/mobilitas.lat\/es\/#website\"},\"primaryImageOfPage\":{\"@id\":\"https:\/\/mobilitas.lat\/es\/2020\/04\/28\/el-transmilenio-volvio-a-operar-con-el-100-de-la-flota-de-lunes-a-viernes\/#primaryimage\"},\"image\":{\"@id\":\"https:\/\/mobilitas.lat\/es\/2020\/04\/28\/el-transmilenio-volvio-a-operar-con-el-100-de-la-flota-de-lunes-a-viernes\/#primaryimage\"},\"thumbnailUrl\":\"https:\/\/storage.mobilitas.lat\/uploads\/2020\/04\/MOBILITAS-BOGOT\u00c1-TRANSMILENIO.jpg\",\"datePublished\":\"2020-04-28T14:51:03+00:00\",\"dateModified\":\"2020-04-28T14:56:18+00:00\",\"breadcrumb\":{\"@id\":\"https:\/\/mobilitas.lat\/es\/2020\/04\/28\/el-transmilenio-volvio-a-operar-con-el-100-de-la-flota-de-lunes-a-viernes\/#breadcrumb\"},\"inLanguage\":\"es-ES\",\"potentialAction\":[{\"@type\":\"ReadAction\",\"target\":[\"https:\/\/mobilitas.lat\/es\/2020\/04\/28\/el-transmilenio-volvio-a-operar-con-el-100-de-la-flota-de-lunes-a-viernes\/\"]}]},{\"@type\":\"ImageObject\",\"inLanguage\":\"es-ES\",\"@id\":\"https:\/\/mobilitas.lat\/es\/2020\/04\/28\/el-transmilenio-volvio-a-operar-con-el-100-de-la-flota-de-lunes-a-viernes\/#primaryimage\",\"url\":\"https:\/\/storage.mobilitas.lat\/uploads\/2020\/04\/MOBILITAS-BOGOT\u00c1-TRANSMILENIO.jpg\",\"contentUrl\":\"https:\/\/storage.mobilitas.lat\/uploads\/2020\/04\/MOBILITAS-BOGOT\u00c1-TRANSMILENIO.jpg\",\"width\":1050,\"height\":591},{\"@type\":\"BreadcrumbList\",\"@id\":\"https:\/\/mobilitas.lat\/es\/2020\/04\/28\/el-transmilenio-volvio-a-operar-con-el-100-de-la-flota-de-lunes-a-viernes\/#breadcrumb\",\"itemListElement\":[{\"@type\":\"ListItem\",\"position\":1,\"name\":\"In\u00edcio\",\"item\":\"https:\/\/mobilitas.lat\/es\/\"},{\"@type\":\"ListItem\",\"position\":2,\"name\":\"El TransMilenio volvi\u00f3 a operar con el 100% de la flota de lunes a viernes\"}]},{\"@type\":\"WebSite\",\"@id\":\"https:\/\/mobilitas.lat\/es\/#website\",\"url\":\"https:\/\/mobilitas.lat\/es\/\",\"name\":\"Mobilitas\",\"description\":\"Tecnologia e Mobilidade Urbana na Am\u00e9rica Latina\",\"publisher\":{\"@id\":\"https:\/\/mobilitas.lat\/es\/#organization\"},\"potentialAction\":[{\"@type\":\"SearchAction\",\"target\":{\"@type\":\"EntryPoint\",\"urlTemplate\":\"https:\/\/mobilitas.lat\/es\/?s={search_term_string}\"},\"query-input\":{\"@type\":\"PropertyValueSpecification\",\"valueRequired\":true,\"valueName\":\"search_term_string\"}}],\"inLanguage\":\"es-ES\"},{\"@type\":\"Organization\",\"@id\":\"https:\/\/mobilitas.lat\/es\/#organization\",\"name\":\"OTM Editora\",\"url\":\"https:\/\/mobilitas.lat\/es\/\",\"logo\":{\"@type\":\"ImageObject\",\"inLanguage\":\"es-ES\",\"@id\":\"https:\/\/mobilitas.lat\/es\/#\/schema\/logo\/image\/\",\"url\":\"https:\/\/mobilitas.lat\/wp-content\/uploads\/2024\/03\/opengraph.png\",\"contentUrl\":\"https:\/\/mobilitas.lat\/wp-content\/uploads\/2024\/03\/opengraph.png\",\"width\":1200,\"height\":630,\"caption\":\"OTM Editora\"},\"image\":{\"@id\":\"https:\/\/mobilitas.lat\/es\/#\/schema\/logo\/image\/\"}},{\"@type\":\"Person\",\"@id\":\"https:\/\/mobilitas.lat\/es\/#\/schema\/person\/cae0d01ccbe855d1858d146e4c4d582d\",\"name\":\"Alexandre Asquini\",\"image\":{\"@type\":\"ImageObject\",\"inLanguage\":\"es-ES\",\"@id\":\"https:\/\/mobilitas.lat\/es\/#\/schema\/person\/image\/\",\"url\":\"https:\/\/secure.gravatar.com\/avatar\/aac99dbef1420f75cc7d86913eb8a7cdfbe13e2509ad7a45649a61414f6d2785?s=96&d=mm&r=g\",\"contentUrl\":\"https:\/\/secure.gravatar.com\/avatar\/aac99dbef1420f75cc7d86913eb8a7cdfbe13e2509ad7a45649a61414f6d2785?s=96&d=mm&r=g\",\"caption\":\"Alexandre Asquini\"}}]}<\/script>\n<!-- \/ Yoast SEO plugin. -->","yoast_head_json":{"title":"El TransMilenio volvi\u00f3 a operar con el 100% de la flota de lunes a viernes | Mobilitas","robots":{"index":"index","follow":"follow","max-snippet":"max-snippet:-1","max-image-preview":"max-image-preview:large","max-video-preview":"max-video-preview:-1"},"canonical":"https:\/\/mobilitas.lat\/es\/2020\/04\/28\/el-transmilenio-volvio-a-operar-con-el-100-de-la-flota-de-lunes-a-viernes\/","og_locale":"es_ES","og_type":"article","og_title":"El TransMilenio volvi\u00f3 a operar con el 100% de la flota de lunes a viernes | Mobilitas","og_description":"El lunes 27 de abril de 2020, el sistema de transporte de autobuses TransMilenio, de Bogot\u00e1, Colombia, volvi\u00f3 a operar con el 100% de la flota de lunes a viernes, con los servicios de un d\u00eda h\u00e1bil. \u00a0 Hasta el final de semana anterior, en temporada de aislamiento preventivo obligatorio, el sistema en los componentes [&hellip;]","og_url":"https:\/\/mobilitas.lat\/es\/2020\/04\/28\/el-transmilenio-volvio-a-operar-con-el-100-de-la-flota-de-lunes-a-viernes\/","og_site_name":"Mobilitas","article_published_time":"2020-04-28T14:51:03+00:00","article_modified_time":"2020-04-28T14:56:18+00:00","og_image":[{"width":1050,"height":591,"url":"https:\/\/storage.mobilitas.lat\/uploads\/2020\/04\/MOBILITAS-BOGOT\u00c1-TRANSMILENIO.jpg","type":"image\/jpeg"}],"author":"Alexandre Asquini","twitter_card":"summary_large_image","twitter_misc":{"Written by":"Alexandre Asquini","Est. reading time":"2 minutes"},"schema":{"@context":"https:\/\/schema.org","@graph":[{"@type":"Article","@id":"https:\/\/mobilitas.lat\/es\/2020\/04\/28\/el-transmilenio-volvio-a-operar-con-el-100-de-la-flota-de-lunes-a-viernes\/#article","isPartOf":{"@id":"https:\/\/mobilitas.lat\/es\/2020\/04\/28\/el-transmilenio-volvio-a-operar-con-el-100-de-la-flota-de-lunes-a-viernes\/"},"author":{"name":"Alexandre Asquini","@id":"https:\/\/mobilitas.lat\/es\/#\/schema\/person\/cae0d01ccbe855d1858d146e4c4d582d"},"headline":"El TransMilenio volvi\u00f3 a operar con el 100% de la flota de lunes a viernes","datePublished":"2020-04-28T14:51:03+00:00","dateModified":"2020-04-28T14:56:18+00:00","mainEntityOfPage":{"@id":"https:\/\/mobilitas.lat\/es\/2020\/04\/28\/el-transmilenio-volvio-a-operar-con-el-100-de-la-flota-de-lunes-a-viernes\/"},"wordCount":504,"publisher":{"@id":"https:\/\/mobilitas.lat\/es\/#organization"},"image":{"@id":"https:\/\/mobilitas.lat\/es\/2020\/04\/28\/el-transmilenio-volvio-a-operar-con-el-100-de-la-flota-de-lunes-a-viernes\/#primaryimage"},"thumbnailUrl":"https:\/\/storage.mobilitas.lat\/uploads\/2020\/04\/MOBILITAS-BOGOT\u00c1-TRANSMILENIO.jpg","keywords":["BOGOT\u00c1","TransMilenio"],"articleSection":["Notas","Radar"],"inLanguage":"es-ES"},{"@type":"WebPage","@id":"https:\/\/mobilitas.lat\/es\/2020\/04\/28\/el-transmilenio-volvio-a-operar-con-el-100-de-la-flota-de-lunes-a-viernes\/","url":"https:\/\/mobilitas.lat\/es\/2020\/04\/28\/el-transmilenio-volvio-a-operar-con-el-100-de-la-flota-de-lunes-a-viernes\/","name":"El TransMilenio volvi\u00f3 a operar con el 100% de la flota de lunes a viernes | Mobilitas","isPartOf":{"@id":"https:\/\/mobilitas.lat\/es\/#website"},"primaryImageOfPage":{"@id":"https:\/\/mobilitas.lat\/es\/2020\/04\/28\/el-transmilenio-volvio-a-operar-con-el-100-de-la-flota-de-lunes-a-viernes\/#primaryimage"},"image":{"@id":"https:\/\/mobilitas.lat\/es\/2020\/04\/28\/el-transmilenio-volvio-a-operar-con-el-100-de-la-flota-de-lunes-a-viernes\/#primaryimage"},"thumbnailUrl":"https:\/\/storage.mobilitas.lat\/uploads\/2020\/04\/MOBILITAS-BOGOT\u00c1-TRANSMILENIO.jpg","datePublished":"2020-04-28T14:51:03+00:00","dateModified":"2020-04-28T14:56:18+00:00","breadcrumb":{"@id":"https:\/\/mobilitas.lat\/es\/2020\/04\/28\/el-transmilenio-volvio-a-operar-con-el-100-de-la-flota-de-lunes-a-viernes\/#breadcrumb"},"inLanguage":"es-ES","potentialAction":[{"@type":"ReadAction","target":["https:\/\/mobilitas.lat\/es\/2020\/04\/28\/el-transmilenio-volvio-a-operar-con-el-100-de-la-flota-de-lunes-a-viernes\/"]}]},{"@type":"ImageObject","inLanguage":"es-ES","@id":"https:\/\/mobilitas.lat\/es\/2020\/04\/28\/el-transmilenio-volvio-a-operar-con-el-100-de-la-flota-de-lunes-a-viernes\/#primaryimage","url":"https:\/\/storage.mobilitas.lat\/uploads\/2020\/04\/MOBILITAS-BOGOT\u00c1-TRANSMILENIO.jpg","contentUrl":"https:\/\/storage.mobilitas.lat\/uploads\/2020\/04\/MOBILITAS-BOGOT\u00c1-TRANSMILENIO.jpg","width":1050,"height":591},{"@type":"BreadcrumbList","@id":"https:\/\/mobilitas.lat\/es\/2020\/04\/28\/el-transmilenio-volvio-a-operar-con-el-100-de-la-flota-de-lunes-a-viernes\/#breadcrumb","itemListElement":[{"@type":"ListItem","position":1,"name":"In\u00edcio","item":"https:\/\/mobilitas.lat\/es\/"},{"@type":"ListItem","position":2,"name":"El TransMilenio volvi\u00f3 a operar con el 100% de la flota de lunes a viernes"}]},{"@type":"WebSite","@id":"https:\/\/mobilitas.lat\/es\/#website","url":"https:\/\/mobilitas.lat\/es\/","name":"Mobilitas","description":"Tecnologia e Mobilidade Urbana na Am\u00e9rica Latina","publisher":{"@id":"https:\/\/mobilitas.lat\/es\/#organization"},"potentialAction":[{"@type":"SearchAction","target":{"@type":"EntryPoint","urlTemplate":"https:\/\/mobilitas.lat\/es\/?s={search_term_string}"},"query-input":{"@type":"PropertyValueSpecification","valueRequired":true,"valueName":"search_term_string"}}],"inLanguage":"es-ES"},{"@type":"Organization","@id":"https:\/\/mobilitas.lat\/es\/#organization","name":"OTM Editora","url":"https:\/\/mobilitas.lat\/es\/","logo":{"@type":"ImageObject","inLanguage":"es-ES","@id":"https:\/\/mobilitas.lat\/es\/#\/schema\/logo\/image\/","url":"https:\/\/mobilitas.lat\/wp-content\/uploads\/2024\/03\/opengraph.png","contentUrl":"https:\/\/mobilitas.lat\/wp-content\/uploads\/2024\/03\/opengraph.png","width":1200,"height":630,"caption":"OTM Editora"},"image":{"@id":"https:\/\/mobilitas.lat\/es\/#\/schema\/logo\/image\/"}},{"@type":"Person","@id":"https:\/\/mobilitas.lat\/es\/#\/schema\/person\/cae0d01ccbe855d1858d146e4c4d582d","name":"Alexandre Asquini","image":{"@type":"ImageObject","inLanguage":"es-ES","@id":"https:\/\/mobilitas.lat\/es\/#\/schema\/person\/image\/","url":"https:\/\/secure.gravatar.com\/avatar\/aac99dbef1420f75cc7d86913eb8a7cdfbe13e2509ad7a45649a61414f6d2785?s=96&d=mm&r=g","contentUrl":"https:\/\/secure.gravatar.com\/avatar\/aac99dbef1420f75cc7d86913eb8a7cdfbe13e2509ad7a45649a61414f6d2785?s=96&d=mm&r=g","caption":"Alexandre Asquini"}}]}},"_links":{"self":[{"href":"https:\/\/mobilitas.lat\/es\/wp-json\/wp\/v2\/posts\/7365","targetHints":{"allow":["GET"]}}],"collection":[{"href":"https:\/\/mobilitas.lat\/es\/wp-json\/wp\/v2\/posts"}],"about":[{"href":"https:\/\/mobilitas.lat\/es\/wp-json\/wp\/v2\/types\/post"}],"author":[{"embeddable":true,"href":"https:\/\/mobilitas.lat\/es\/wp-json\/wp\/v2\/users\/2"}],"replies":[{"embeddable":true,"href":"https:\/\/mobilitas.lat\/es\/wp-json\/wp\/v2\/comments?post=7365"}],"version-history":[{"count":3,"href":"https:\/\/mobilitas.lat\/es\/wp-json\/wp\/v2\/posts\/7365\/revisions"}],"predecessor-version":[{"id":7372,"href":"https:\/\/mobilitas.lat\/es\/wp-json\/wp\/v2\/posts\/7365\/revisions\/7372"}],"wp:featuredmedia":[{"embeddable":true,"href":"https:\/\/mobilitas.lat\/es\/wp-json\/wp\/v2\/media\/7366"}],"wp:attachment":[{"href":"https:\/\/mobilitas.lat\/es\/wp-json\/wp\/v2\/media?parent=7365"}],"wp:term":[{"taxonomy":"category","embeddable":true,"href":"https:\/\/mobilitas.lat\/es\/wp-json\/wp\/v2\/categories?post=7365"},{"taxonomy":"post_tag","embeddable":true,"href":"https:\/\/mobilitas.lat\/es\/wp-json\/wp\/v2\/tags?post=7365"}],"curies":[{"name":"wp","href":"https:\/\/api.w.org\/{rel}","templated":true}]}}