{"id":7055,"date":"2020-03-26T18:21:01","date_gmt":"2020-03-26T21:21:01","guid":{"rendered":"https:\/\/mobilitas.lat\/?p=7055"},"modified":"2020-03-26T18:23:23","modified_gmt":"2020-03-26T21:23:23","slug":"los-resultados-del-primer-curso-en-brasil-sobre-big-data-en-la-gestion-de-activos-realizado-junto-a-las-entidades-asociadas-de-la-alamys-en-el-pais","status":"publish","type":"post","link":"https:\/\/mobilitas.lat\/es\/2020\/03\/26\/los-resultados-del-primer-curso-en-brasil-sobre-big-data-en-la-gestion-de-activos-realizado-junto-a-las-entidades-asociadas-de-la-alamys-en-el-pais\/","title":{"rendered":"El primer curso de la ALAMYS en Brasil sobre Big Data en la Gesti\u00f3n de Activos"},"content":{"rendered":"\n<p>La Secretaria General de la Asociaci\u00f3n Latinoamericana de Metros y Subtes (ALAMYS) informa que el primer curso en Brasil sobre <em>Big Data en la Gesti\u00f3n de Activos<\/em>, fue realizado junto a las entidades asociadas Companhia Paulista de Trens Metropolitanos (CPTM), Banco Interamericano de Desarrollo (BID), Asociaci\u00f3n de Ingenieros y Arquitectos de Metro (AEAMESP) y Asociaci\u00f3n Nacional de Transportadores de pasajeros sobre rieles (ANPTrilhos), entre los d\u00edas 9 y 12 de marzo de 2020 en una unidad del Servicio Nacional de Capacitaci\u00f3n Industrial (SENAI), en San Pablo. Los instructores, en tanto, fueron profesionales de la empresa alemana DB Engineering &amp; Consulting.<\/p>\n\n\n\n<p>Seg\u00fan los\nparticipantes, la actividad tuvo un impacto positivo en los equipos que\nparticipan en las afiliadas de ALAMYS. El tema es de gran importancia hoy para\nel sector del transporte, principalmente para el&nbsp; metroferroviario, que tiene una gran cantidad\nde sistemas y un enorme tr\u00e1fico de datos.<\/p>\n\n\n\n<p><strong>ATIVIDADES<\/strong><\/p>\n\n\n\n<p>El primer d\u00eda de\nla capacitaci\u00f3n cont\u00f3 con la presencia de los Presidentes, Directores y\nGerentes de diferentes operadores brasile\u00f1os de transporte de pasajeros sobre\nrieles, para una presentaci\u00f3n conceptual sobre el tema, que fue realizada por\nun especialista de DB, donde se discutieron las perspectivas para la gesti\u00f3n de\nlas empresas que ofrecen las nuevas tecnolog\u00edas.<\/p>\n\n\n\n<p>Durante los\nsiguientes tres d\u00edas, en los diversos bloques del programa, se realiz\u00f3 una\ninmersi\u00f3n gradual en los asuntos referidos a Big Data, que se contextualiz\u00f3 con\nbuenos ejemplos de la experiencia de Deutsche Bahn y casos espec\u00edficos\npresentados por el BID. <\/p>\n\n\n\n<p>Los instructores\ndemostraron las t\u00e9cnicas de mantenimiento predictivo, que fue muy constructivo\npara que todos los participantes conocieran el estado del arte en Europa. El\ntema abordado fue de gran valor para los participantes, ya que les permiti\u00f3\nidentificar el camino a seguir para que los operadores brasile\u00f1os puedan\nobtener resultados excepcionales.<\/p>\n\n\n\n<p>La capacitaci\u00f3n\ntambi\u00e9n abord\u00f3 los obst\u00e1culos y desaf\u00edos a superar, as\u00ed como la importancia de\ntener este tema en la agenda de las empresas. Los instructores enfatizaron la\nnecesidad de buscar un mayor conocimiento sobre las nuevas tecnolog\u00edas, lo que\npermitir\u00e1 la internalizaci\u00f3n del conocimiento en las empresas, contribuyendo a\nuna mejor toma de decisiones en la relaci\u00f3n con los proveedores. <\/p>\n\n\n\n<p>Tambi\u00e9n, se\ndiscuti\u00f3 la importancia de centralizar la informaci\u00f3n, ya que, en general, las\nempresas tienen varias medidas excelentes que no se comunican entre s\u00ed, lo que\ntermina sin generar un producto real, donde es posible monitorear y administrar\na todos los bienes. Por otro lado, los instructores trajeron ejemplos pr\u00e1cticos\npara demostrar c\u00f3mo el monitoreo de activos puede ser eficiente cuando se\ntrata, por ejemplo, con el control del flujo de personas, el monitoreo de\nescaleras mec\u00e1nicas, etc.<\/p>\n\n\n\n<p><strong>INTERCAMBIO<\/strong> <\/p>\n\n\n\n<p>Seg\u00fan la ALAMYS, la capacitaci\u00f3n proporcion\u00f3 un buen intercambio de experiencias entre los operadores brasile\u00f1os, y permiti\u00f3 explorar una gama de actividades futuras y capacitaci\u00f3n que se desarrollar\u00e1n, con el objetivo de profundizar aspectos espec\u00edficos de las nuevas tecnolog\u00edas, incluido el uso de Big Data para la planificaci\u00f3n de l\u00edneas y red, ampliando as\u00ed el alcance actual con respecto a la gesti\u00f3n de activos. <\/p>\n","protected":false},"excerpt":{"rendered":"<p>La Secretaria General de la Asociaci\u00f3n Latinoamericana de Metros y Subtes (ALAMYS) informa que el primer curso en Brasil sobre Big Data en la Gesti\u00f3n de Activos, fue realizado junto a las entidades asociadas Companhia Paulista de Trens Metropolitanos (CPTM), Banco Interamericano de Desarrollo (BID), Asociaci\u00f3n de Ingenieros y Arquitectos de Metro (AEAMESP) y Asociaci\u00f3n [&hellip;]<\/p>\n","protected":false},"author":2,"featured_media":7058,"comment_status":"closed","ping_status":"closed","sticky":false,"template":"","format":"standard","meta":{"footnotes":""},"categories":[287,298],"tags":[1056,147,242,1191],"class_list":["post-7055","post","type-post","status-publish","format-standard","has-post-thumbnail","hentry","category-notas","category-radar-es","tag-aeamesp","tag-alamys","tag-bid","tag-big-data-en-la-gestion-de-activos"],"yoast_head":"<!-- This site is optimized with the Yoast SEO plugin v26.9 - https:\/\/yoast.com\/product\/yoast-seo-wordpress\/ -->\n<title>El primer curso de la ALAMYS en Brasil sobre Big Data en la Gesti\u00f3n de Activos | Mobilitas<\/title>\n<meta name=\"robots\" content=\"index, follow, max-snippet:-1, max-image-preview:large, max-video-preview:-1\" \/>\n<link rel=\"canonical\" href=\"https:\/\/mobilitas.lat\/es\/2020\/03\/26\/los-resultados-del-primer-curso-en-brasil-sobre-big-data-en-la-gestion-de-activos-realizado-junto-a-las-entidades-asociadas-de-la-alamys-en-el-pais\/\" \/>\n<meta property=\"og:locale\" content=\"es_ES\" \/>\n<meta property=\"og:type\" content=\"article\" \/>\n<meta property=\"og:title\" content=\"El primer curso de la ALAMYS en Brasil sobre Big Data en la Gesti\u00f3n de Activos | Mobilitas\" \/>\n<meta property=\"og:description\" content=\"La Secretaria General de la Asociaci\u00f3n Latinoamericana de Metros y Subtes (ALAMYS) informa que el primer curso en Brasil sobre Big Data en la Gesti\u00f3n de Activos, fue realizado junto a las entidades asociadas Companhia Paulista de Trens Metropolitanos (CPTM), Banco Interamericano de Desarrollo (BID), Asociaci\u00f3n de Ingenieros y Arquitectos de Metro (AEAMESP) y Asociaci\u00f3n [&hellip;]\" \/>\n<meta property=\"og:url\" content=\"https:\/\/mobilitas.lat\/es\/2020\/03\/26\/los-resultados-del-primer-curso-en-brasil-sobre-big-data-en-la-gestion-de-activos-realizado-junto-a-las-entidades-asociadas-de-la-alamys-en-el-pais\/\" \/>\n<meta property=\"og:site_name\" content=\"Mobilitas\" \/>\n<meta property=\"article:published_time\" content=\"2020-03-26T21:21:01+00:00\" \/>\n<meta property=\"article:modified_time\" content=\"2020-03-26T21:23:23+00:00\" \/>\n<meta property=\"og:image\" content=\"https:\/\/storage.mobilitas.lat\/uploads\/2020\/03\/MOBILITAS-TREINAMENTO-ALAMYS-EM-S\u00c3O-PAULO-1.jpg\" \/>\n\t<meta property=\"og:image:width\" content=\"1182\" \/>\n\t<meta property=\"og:image:height\" content=\"574\" \/>\n\t<meta property=\"og:image:type\" content=\"image\/jpeg\" \/>\n<meta name=\"author\" content=\"Alexandre Asquini\" \/>\n<meta name=\"twitter:card\" content=\"summary_large_image\" \/>\n<meta name=\"twitter:label1\" content=\"Written by\" \/>\n\t<meta name=\"twitter:data1\" content=\"Alexandre Asquini\" \/>\n\t<meta name=\"twitter:label2\" content=\"Est. reading time\" \/>\n\t<meta name=\"twitter:data2\" content=\"3 minutes\" \/>\n<script type=\"application\/ld+json\" class=\"yoast-schema-graph\">{\"@context\":\"https:\/\/schema.org\",\"@graph\":[{\"@type\":\"Article\",\"@id\":\"https:\/\/mobilitas.lat\/es\/2020\/03\/26\/los-resultados-del-primer-curso-en-brasil-sobre-big-data-en-la-gestion-de-activos-realizado-junto-a-las-entidades-asociadas-de-la-alamys-en-el-pais\/#article\",\"isPartOf\":{\"@id\":\"https:\/\/mobilitas.lat\/es\/2020\/03\/26\/los-resultados-del-primer-curso-en-brasil-sobre-big-data-en-la-gestion-de-activos-realizado-junto-a-las-entidades-asociadas-de-la-alamys-en-el-pais\/\"},\"author\":{\"name\":\"Alexandre Asquini\",\"@id\":\"https:\/\/mobilitas.lat\/es\/#\/schema\/person\/cae0d01ccbe855d1858d146e4c4d582d\"},\"headline\":\"El primer curso de la ALAMYS en Brasil sobre Big Data en la Gesti\u00f3n de Activos\",\"datePublished\":\"2020-03-26T21:21:01+00:00\",\"dateModified\":\"2020-03-26T21:23:23+00:00\",\"mainEntityOfPage\":{\"@id\":\"https:\/\/mobilitas.lat\/es\/2020\/03\/26\/los-resultados-del-primer-curso-en-brasil-sobre-big-data-en-la-gestion-de-activos-realizado-junto-a-las-entidades-asociadas-de-la-alamys-en-el-pais\/\"},\"wordCount\":561,\"publisher\":{\"@id\":\"https:\/\/mobilitas.lat\/es\/#organization\"},\"image\":{\"@id\":\"https:\/\/mobilitas.lat\/es\/2020\/03\/26\/los-resultados-del-primer-curso-en-brasil-sobre-big-data-en-la-gestion-de-activos-realizado-junto-a-las-entidades-asociadas-de-la-alamys-en-el-pais\/#primaryimage\"},\"thumbnailUrl\":\"https:\/\/storage.mobilitas.lat\/uploads\/2020\/03\/MOBILITAS-TREINAMENTO-ALAMYS-EM-S\u00c3O-PAULO-1.jpg\",\"keywords\":[\"AEAMESP\",\"ALAMYS\",\"BID\",\"BIG DATA EN LA GESTI\u00d3N DE ACTIVOS\"],\"articleSection\":[\"Notas\",\"Radar\"],\"inLanguage\":\"es-ES\"},{\"@type\":\"WebPage\",\"@id\":\"https:\/\/mobilitas.lat\/es\/2020\/03\/26\/los-resultados-del-primer-curso-en-brasil-sobre-big-data-en-la-gestion-de-activos-realizado-junto-a-las-entidades-asociadas-de-la-alamys-en-el-pais\/\",\"url\":\"https:\/\/mobilitas.lat\/es\/2020\/03\/26\/los-resultados-del-primer-curso-en-brasil-sobre-big-data-en-la-gestion-de-activos-realizado-junto-a-las-entidades-asociadas-de-la-alamys-en-el-pais\/\",\"name\":\"El primer curso de la ALAMYS en Brasil sobre Big Data en la Gesti\u00f3n de Activos | Mobilitas\",\"isPartOf\":{\"@id\":\"https:\/\/mobilitas.lat\/es\/#website\"},\"primaryImageOfPage\":{\"@id\":\"https:\/\/mobilitas.lat\/es\/2020\/03\/26\/los-resultados-del-primer-curso-en-brasil-sobre-big-data-en-la-gestion-de-activos-realizado-junto-a-las-entidades-asociadas-de-la-alamys-en-el-pais\/#primaryimage\"},\"image\":{\"@id\":\"https:\/\/mobilitas.lat\/es\/2020\/03\/26\/los-resultados-del-primer-curso-en-brasil-sobre-big-data-en-la-gestion-de-activos-realizado-junto-a-las-entidades-asociadas-de-la-alamys-en-el-pais\/#primaryimage\"},\"thumbnailUrl\":\"https:\/\/storage.mobilitas.lat\/uploads\/2020\/03\/MOBILITAS-TREINAMENTO-ALAMYS-EM-S\u00c3O-PAULO-1.jpg\",\"datePublished\":\"2020-03-26T21:21:01+00:00\",\"dateModified\":\"2020-03-26T21:23:23+00:00\",\"breadcrumb\":{\"@id\":\"https:\/\/mobilitas.lat\/es\/2020\/03\/26\/los-resultados-del-primer-curso-en-brasil-sobre-big-data-en-la-gestion-de-activos-realizado-junto-a-las-entidades-asociadas-de-la-alamys-en-el-pais\/#breadcrumb\"},\"inLanguage\":\"es-ES\",\"potentialAction\":[{\"@type\":\"ReadAction\",\"target\":[\"https:\/\/mobilitas.lat\/es\/2020\/03\/26\/los-resultados-del-primer-curso-en-brasil-sobre-big-data-en-la-gestion-de-activos-realizado-junto-a-las-entidades-asociadas-de-la-alamys-en-el-pais\/\"]}]},{\"@type\":\"ImageObject\",\"inLanguage\":\"es-ES\",\"@id\":\"https:\/\/mobilitas.lat\/es\/2020\/03\/26\/los-resultados-del-primer-curso-en-brasil-sobre-big-data-en-la-gestion-de-activos-realizado-junto-a-las-entidades-asociadas-de-la-alamys-en-el-pais\/#primaryimage\",\"url\":\"https:\/\/storage.mobilitas.lat\/uploads\/2020\/03\/MOBILITAS-TREINAMENTO-ALAMYS-EM-S\u00c3O-PAULO-1.jpg\",\"contentUrl\":\"https:\/\/storage.mobilitas.lat\/uploads\/2020\/03\/MOBILITAS-TREINAMENTO-ALAMYS-EM-S\u00c3O-PAULO-1.jpg\",\"width\":1182,\"height\":574,\"caption\":\"Participantes del primer curso de ALAMYS en Brasil sobre Big Data en la Gesti\u00f3n de Activos\"},{\"@type\":\"BreadcrumbList\",\"@id\":\"https:\/\/mobilitas.lat\/es\/2020\/03\/26\/los-resultados-del-primer-curso-en-brasil-sobre-big-data-en-la-gestion-de-activos-realizado-junto-a-las-entidades-asociadas-de-la-alamys-en-el-pais\/#breadcrumb\",\"itemListElement\":[{\"@type\":\"ListItem\",\"position\":1,\"name\":\"In\u00edcio\",\"item\":\"https:\/\/mobilitas.lat\/es\/\"},{\"@type\":\"ListItem\",\"position\":2,\"name\":\"El primer curso de la ALAMYS en Brasil sobre Big Data en la Gesti\u00f3n de Activos\"}]},{\"@type\":\"WebSite\",\"@id\":\"https:\/\/mobilitas.lat\/es\/#website\",\"url\":\"https:\/\/mobilitas.lat\/es\/\",\"name\":\"Mobilitas\",\"description\":\"Tecnologia e Mobilidade Urbana na Am\u00e9rica Latina\",\"publisher\":{\"@id\":\"https:\/\/mobilitas.lat\/es\/#organization\"},\"potentialAction\":[{\"@type\":\"SearchAction\",\"target\":{\"@type\":\"EntryPoint\",\"urlTemplate\":\"https:\/\/mobilitas.lat\/es\/?s={search_term_string}\"},\"query-input\":{\"@type\":\"PropertyValueSpecification\",\"valueRequired\":true,\"valueName\":\"search_term_string\"}}],\"inLanguage\":\"es-ES\"},{\"@type\":\"Organization\",\"@id\":\"https:\/\/mobilitas.lat\/es\/#organization\",\"name\":\"OTM Editora\",\"url\":\"https:\/\/mobilitas.lat\/es\/\",\"logo\":{\"@type\":\"ImageObject\",\"inLanguage\":\"es-ES\",\"@id\":\"https:\/\/mobilitas.lat\/es\/#\/schema\/logo\/image\/\",\"url\":\"https:\/\/mobilitas.lat\/wp-content\/uploads\/2024\/03\/opengraph.png\",\"contentUrl\":\"https:\/\/mobilitas.lat\/wp-content\/uploads\/2024\/03\/opengraph.png\",\"width\":1200,\"height\":630,\"caption\":\"OTM Editora\"},\"image\":{\"@id\":\"https:\/\/mobilitas.lat\/es\/#\/schema\/logo\/image\/\"}},{\"@type\":\"Person\",\"@id\":\"https:\/\/mobilitas.lat\/es\/#\/schema\/person\/cae0d01ccbe855d1858d146e4c4d582d\",\"name\":\"Alexandre Asquini\",\"image\":{\"@type\":\"ImageObject\",\"inLanguage\":\"es-ES\",\"@id\":\"https:\/\/mobilitas.lat\/es\/#\/schema\/person\/image\/\",\"url\":\"https:\/\/secure.gravatar.com\/avatar\/aac99dbef1420f75cc7d86913eb8a7cdfbe13e2509ad7a45649a61414f6d2785?s=96&d=mm&r=g\",\"contentUrl\":\"https:\/\/secure.gravatar.com\/avatar\/aac99dbef1420f75cc7d86913eb8a7cdfbe13e2509ad7a45649a61414f6d2785?s=96&d=mm&r=g\",\"caption\":\"Alexandre Asquini\"}}]}<\/script>\n<!-- \/ Yoast SEO plugin. -->","yoast_head_json":{"title":"El primer curso de la ALAMYS en Brasil sobre Big Data en la Gesti\u00f3n de Activos | Mobilitas","robots":{"index":"index","follow":"follow","max-snippet":"max-snippet:-1","max-image-preview":"max-image-preview:large","max-video-preview":"max-video-preview:-1"},"canonical":"https:\/\/mobilitas.lat\/es\/2020\/03\/26\/los-resultados-del-primer-curso-en-brasil-sobre-big-data-en-la-gestion-de-activos-realizado-junto-a-las-entidades-asociadas-de-la-alamys-en-el-pais\/","og_locale":"es_ES","og_type":"article","og_title":"El primer curso de la ALAMYS en Brasil sobre Big Data en la Gesti\u00f3n de Activos | Mobilitas","og_description":"La Secretaria General de la Asociaci\u00f3n Latinoamericana de Metros y Subtes (ALAMYS) informa que el primer curso en Brasil sobre Big Data en la Gesti\u00f3n de Activos, fue realizado junto a las entidades asociadas Companhia Paulista de Trens Metropolitanos (CPTM), Banco Interamericano de Desarrollo (BID), Asociaci\u00f3n de Ingenieros y Arquitectos de Metro (AEAMESP) y Asociaci\u00f3n [&hellip;]","og_url":"https:\/\/mobilitas.lat\/es\/2020\/03\/26\/los-resultados-del-primer-curso-en-brasil-sobre-big-data-en-la-gestion-de-activos-realizado-junto-a-las-entidades-asociadas-de-la-alamys-en-el-pais\/","og_site_name":"Mobilitas","article_published_time":"2020-03-26T21:21:01+00:00","article_modified_time":"2020-03-26T21:23:23+00:00","og_image":[{"width":1182,"height":574,"url":"https:\/\/storage.mobilitas.lat\/uploads\/2020\/03\/MOBILITAS-TREINAMENTO-ALAMYS-EM-S\u00c3O-PAULO-1.jpg","type":"image\/jpeg"}],"author":"Alexandre Asquini","twitter_card":"summary_large_image","twitter_misc":{"Written by":"Alexandre Asquini","Est. reading time":"3 minutes"},"schema":{"@context":"https:\/\/schema.org","@graph":[{"@type":"Article","@id":"https:\/\/mobilitas.lat\/es\/2020\/03\/26\/los-resultados-del-primer-curso-en-brasil-sobre-big-data-en-la-gestion-de-activos-realizado-junto-a-las-entidades-asociadas-de-la-alamys-en-el-pais\/#article","isPartOf":{"@id":"https:\/\/mobilitas.lat\/es\/2020\/03\/26\/los-resultados-del-primer-curso-en-brasil-sobre-big-data-en-la-gestion-de-activos-realizado-junto-a-las-entidades-asociadas-de-la-alamys-en-el-pais\/"},"author":{"name":"Alexandre Asquini","@id":"https:\/\/mobilitas.lat\/es\/#\/schema\/person\/cae0d01ccbe855d1858d146e4c4d582d"},"headline":"El primer curso de la ALAMYS en Brasil sobre Big Data en la Gesti\u00f3n de Activos","datePublished":"2020-03-26T21:21:01+00:00","dateModified":"2020-03-26T21:23:23+00:00","mainEntityOfPage":{"@id":"https:\/\/mobilitas.lat\/es\/2020\/03\/26\/los-resultados-del-primer-curso-en-brasil-sobre-big-data-en-la-gestion-de-activos-realizado-junto-a-las-entidades-asociadas-de-la-alamys-en-el-pais\/"},"wordCount":561,"publisher":{"@id":"https:\/\/mobilitas.lat\/es\/#organization"},"image":{"@id":"https:\/\/mobilitas.lat\/es\/2020\/03\/26\/los-resultados-del-primer-curso-en-brasil-sobre-big-data-en-la-gestion-de-activos-realizado-junto-a-las-entidades-asociadas-de-la-alamys-en-el-pais\/#primaryimage"},"thumbnailUrl":"https:\/\/storage.mobilitas.lat\/uploads\/2020\/03\/MOBILITAS-TREINAMENTO-ALAMYS-EM-S\u00c3O-PAULO-1.jpg","keywords":["AEAMESP","ALAMYS","BID","BIG DATA EN LA GESTI\u00d3N DE ACTIVOS"],"articleSection":["Notas","Radar"],"inLanguage":"es-ES"},{"@type":"WebPage","@id":"https:\/\/mobilitas.lat\/es\/2020\/03\/26\/los-resultados-del-primer-curso-en-brasil-sobre-big-data-en-la-gestion-de-activos-realizado-junto-a-las-entidades-asociadas-de-la-alamys-en-el-pais\/","url":"https:\/\/mobilitas.lat\/es\/2020\/03\/26\/los-resultados-del-primer-curso-en-brasil-sobre-big-data-en-la-gestion-de-activos-realizado-junto-a-las-entidades-asociadas-de-la-alamys-en-el-pais\/","name":"El primer curso de la ALAMYS en Brasil sobre Big Data en la Gesti\u00f3n de Activos | Mobilitas","isPartOf":{"@id":"https:\/\/mobilitas.lat\/es\/#website"},"primaryImageOfPage":{"@id":"https:\/\/mobilitas.lat\/es\/2020\/03\/26\/los-resultados-del-primer-curso-en-brasil-sobre-big-data-en-la-gestion-de-activos-realizado-junto-a-las-entidades-asociadas-de-la-alamys-en-el-pais\/#primaryimage"},"image":{"@id":"https:\/\/mobilitas.lat\/es\/2020\/03\/26\/los-resultados-del-primer-curso-en-brasil-sobre-big-data-en-la-gestion-de-activos-realizado-junto-a-las-entidades-asociadas-de-la-alamys-en-el-pais\/#primaryimage"},"thumbnailUrl":"https:\/\/storage.mobilitas.lat\/uploads\/2020\/03\/MOBILITAS-TREINAMENTO-ALAMYS-EM-S\u00c3O-PAULO-1.jpg","datePublished":"2020-03-26T21:21:01+00:00","dateModified":"2020-03-26T21:23:23+00:00","breadcrumb":{"@id":"https:\/\/mobilitas.lat\/es\/2020\/03\/26\/los-resultados-del-primer-curso-en-brasil-sobre-big-data-en-la-gestion-de-activos-realizado-junto-a-las-entidades-asociadas-de-la-alamys-en-el-pais\/#breadcrumb"},"inLanguage":"es-ES","potentialAction":[{"@type":"ReadAction","target":["https:\/\/mobilitas.lat\/es\/2020\/03\/26\/los-resultados-del-primer-curso-en-brasil-sobre-big-data-en-la-gestion-de-activos-realizado-junto-a-las-entidades-asociadas-de-la-alamys-en-el-pais\/"]}]},{"@type":"ImageObject","inLanguage":"es-ES","@id":"https:\/\/mobilitas.lat\/es\/2020\/03\/26\/los-resultados-del-primer-curso-en-brasil-sobre-big-data-en-la-gestion-de-activos-realizado-junto-a-las-entidades-asociadas-de-la-alamys-en-el-pais\/#primaryimage","url":"https:\/\/storage.mobilitas.lat\/uploads\/2020\/03\/MOBILITAS-TREINAMENTO-ALAMYS-EM-S\u00c3O-PAULO-1.jpg","contentUrl":"https:\/\/storage.mobilitas.lat\/uploads\/2020\/03\/MOBILITAS-TREINAMENTO-ALAMYS-EM-S\u00c3O-PAULO-1.jpg","width":1182,"height":574,"caption":"Participantes del primer curso de ALAMYS en Brasil sobre Big Data en la Gesti\u00f3n de Activos"},{"@type":"BreadcrumbList","@id":"https:\/\/mobilitas.lat\/es\/2020\/03\/26\/los-resultados-del-primer-curso-en-brasil-sobre-big-data-en-la-gestion-de-activos-realizado-junto-a-las-entidades-asociadas-de-la-alamys-en-el-pais\/#breadcrumb","itemListElement":[{"@type":"ListItem","position":1,"name":"In\u00edcio","item":"https:\/\/mobilitas.lat\/es\/"},{"@type":"ListItem","position":2,"name":"El primer curso de la ALAMYS en Brasil sobre Big Data en la Gesti\u00f3n de Activos"}]},{"@type":"WebSite","@id":"https:\/\/mobilitas.lat\/es\/#website","url":"https:\/\/mobilitas.lat\/es\/","name":"Mobilitas","description":"Tecnologia e Mobilidade Urbana na Am\u00e9rica Latina","publisher":{"@id":"https:\/\/mobilitas.lat\/es\/#organization"},"potentialAction":[{"@type":"SearchAction","target":{"@type":"EntryPoint","urlTemplate":"https:\/\/mobilitas.lat\/es\/?s={search_term_string}"},"query-input":{"@type":"PropertyValueSpecification","valueRequired":true,"valueName":"search_term_string"}}],"inLanguage":"es-ES"},{"@type":"Organization","@id":"https:\/\/mobilitas.lat\/es\/#organization","name":"OTM Editora","url":"https:\/\/mobilitas.lat\/es\/","logo":{"@type":"ImageObject","inLanguage":"es-ES","@id":"https:\/\/mobilitas.lat\/es\/#\/schema\/logo\/image\/","url":"https:\/\/mobilitas.lat\/wp-content\/uploads\/2024\/03\/opengraph.png","contentUrl":"https:\/\/mobilitas.lat\/wp-content\/uploads\/2024\/03\/opengraph.png","width":1200,"height":630,"caption":"OTM Editora"},"image":{"@id":"https:\/\/mobilitas.lat\/es\/#\/schema\/logo\/image\/"}},{"@type":"Person","@id":"https:\/\/mobilitas.lat\/es\/#\/schema\/person\/cae0d01ccbe855d1858d146e4c4d582d","name":"Alexandre Asquini","image":{"@type":"ImageObject","inLanguage":"es-ES","@id":"https:\/\/mobilitas.lat\/es\/#\/schema\/person\/image\/","url":"https:\/\/secure.gravatar.com\/avatar\/aac99dbef1420f75cc7d86913eb8a7cdfbe13e2509ad7a45649a61414f6d2785?s=96&d=mm&r=g","contentUrl":"https:\/\/secure.gravatar.com\/avatar\/aac99dbef1420f75cc7d86913eb8a7cdfbe13e2509ad7a45649a61414f6d2785?s=96&d=mm&r=g","caption":"Alexandre Asquini"}}]}},"_links":{"self":[{"href":"https:\/\/mobilitas.lat\/es\/wp-json\/wp\/v2\/posts\/7055","targetHints":{"allow":["GET"]}}],"collection":[{"href":"https:\/\/mobilitas.lat\/es\/wp-json\/wp\/v2\/posts"}],"about":[{"href":"https:\/\/mobilitas.lat\/es\/wp-json\/wp\/v2\/types\/post"}],"author":[{"embeddable":true,"href":"https:\/\/mobilitas.lat\/es\/wp-json\/wp\/v2\/users\/2"}],"replies":[{"embeddable":true,"href":"https:\/\/mobilitas.lat\/es\/wp-json\/wp\/v2\/comments?post=7055"}],"version-history":[{"count":3,"href":"https:\/\/mobilitas.lat\/es\/wp-json\/wp\/v2\/posts\/7055\/revisions"}],"predecessor-version":[{"id":7065,"href":"https:\/\/mobilitas.lat\/es\/wp-json\/wp\/v2\/posts\/7055\/revisions\/7065"}],"wp:featuredmedia":[{"embeddable":true,"href":"https:\/\/mobilitas.lat\/es\/wp-json\/wp\/v2\/media\/7058"}],"wp:attachment":[{"href":"https:\/\/mobilitas.lat\/es\/wp-json\/wp\/v2\/media?parent=7055"}],"wp:term":[{"taxonomy":"category","embeddable":true,"href":"https:\/\/mobilitas.lat\/es\/wp-json\/wp\/v2\/categories?post=7055"},{"taxonomy":"post_tag","embeddable":true,"href":"https:\/\/mobilitas.lat\/es\/wp-json\/wp\/v2\/tags?post=7055"}],"curies":[{"name":"wp","href":"https:\/\/api.w.org\/{rel}","templated":true}]}}