{"id":6625,"date":"2020-01-22T13:19:55","date_gmt":"2020-01-22T16:19:55","guid":{"rendered":"https:\/\/mobilitas.lat\/?p=6625"},"modified":"2020-01-22T13:29:18","modified_gmt":"2020-01-22T16:29:18","slug":"el-ministerio-de-transporte-y-comunicaciones-del-peru-pone-a-disposicion-del-publico-la-version-virtual-de-la-publicacion-titulada-manual-del-conductor","status":"publish","type":"post","link":"https:\/\/mobilitas.lat\/es\/2020\/01\/22\/el-ministerio-de-transporte-y-comunicaciones-del-peru-pone-a-disposicion-del-publico-la-version-virtual-de-la-publicacion-titulada-manual-del-conductor\/","title":{"rendered":"El Ministerio de Transporte y Comunicaciones del Per\u00fa pone a disposici\u00f3n del p\u00fablico la versi\u00f3n virtual de la publicaci\u00f3n titulada Manual del Conductor"},"content":{"rendered":"\n<div class=\"wp-block-image\"><figure class=\"alignleft size-large is-resized\"><img loading=\"lazy\" decoding=\"async\" src=\"https:\/\/storage.mobilitas.lat\/uploads\/2020\/01\/MOBILITAS-PERU-MANUAL-DEL-CONDUCTOR-2019.png\" alt=\"\" class=\"wp-image-6626\" width=\"317\" height=\"191\" srcset=\"https:\/\/storage.mobilitas.lat\/uploads\/2020\/01\/MOBILITAS-PERU-MANUAL-DEL-CONDUCTOR-2019.png 734w, https:\/\/storage.mobilitas.lat\/uploads\/2020\/01\/MOBILITAS-PERU-MANUAL-DEL-CONDUCTOR-2019-300x181.png 300w\" sizes=\"auto, (max-width: 317px) 100vw, 317px\" \/><\/figure><\/div>\n\n\n\n<p>El Ministerio de\nTransporte y Comunicaciones del Per\u00fa pone a disposici\u00f3n del p\u00fablico la versi\u00f3n\nvirtual de la publicaci\u00f3n titulada <em>Manual\ndel Conductor 2019 \u2013 Texto \u00danico Ordenado de Reglamento Nacional de Tr\u00e1nsito &#8211;\nC\u00f3digo de Tr\u00e1nsito &#8211; D.S. No 016- 2009 &#8211; MTC y modificatorias<\/em>.<\/p>\n\n\n\n<p>En 21 de 34\np\u00e1ginas, la publicaci\u00f3n enumera 122 infracciones, 42 de las cuales son\n&#8220;muy graves&#8221;, 72 &#8220;graves&#8221; y solo 8 &#8220;leves&#8221;. Con\nrespecto a cada tipo de ocurrencia, el manual caracteriza la infracci\u00f3n,\ndescribe e informa su c\u00f3digo, calificaci\u00f3n (en t\u00e9rminos de gravedad), sanci\u00f3n,\nvalor de las multas en soles y fracciones de la Unidad Impositiva Tributaria\n(UIT), puntos, medidas preventivas y responsabilidad solidaria del propietario.<\/p>\n\n\n\n<p>Otra secci\u00f3n de\nla publicaci\u00f3n presenta preguntas frecuentes direccionadas al Sistema de\nControl de Licencias de Conducir por Puntos (SLCP), servicio virtual desarrollado\npor la Oficina de Tecnolog\u00eda de Informaci\u00f3n OTI, del Ministerio de Transporte y\nComunicaciones. <\/p>\n\n\n\n<p>El Manual del Conductor 2019 muestra la documentaci\u00f3n que debe tener todo conductor. Hay a\u00fan espacios espec\u00edficos para la presentaci\u00f3n de las se\u00f1ales de tr\u00e1nsito:<em>se\u00f1ales de reglamentaci\u00f3n<\/em> (cuyo objeto es notificar a los usuarios las limitaciones, restricciones, prohibiciones y\/o autorizaciones existentes que gobiernan el uso de la v\u00eda), <em>se\u00f1ales de prevenci\u00f3n<\/em> (su prop\u00f3sito es advertir a los usuarios la existencia y naturaleza de riesgos y\/o situaciones imprevistas presentes en la v\u00eda o en zona adyacentes, ya sea de forma permanente o temporal), y se\u00f1ales de informaci\u00f3n (para informar a los usuarios sobre los principales puntos notables, lugares de inter\u00e9s tur\u00edstico, arqueol\u00f3gico e hist\u00f3rico en la v\u00eda y\/o guiarlos para llegar a sus destinos y los principales servicios generales). <\/p>\n\n\n\n<p><strong><em><a href=\"https:\/\/mobilitas.lat\/es\/200116-manual-del-conductor-peru-2019-2\/\" target=\"_blank\" rel=\"noreferrer noopener\" aria-label=\"Aceder a la publicaci\u00f3n (abre numa nova aba)\">Aceder a la publicaci\u00f3n<\/a><\/em><\/strong><\/p>\n","protected":false},"excerpt":{"rendered":"<p>El Ministerio de Transporte y Comunicaciones del Per\u00fa pone a disposici\u00f3n del p\u00fablico la versi\u00f3n virtual de la publicaci\u00f3n titulada Manual del Conductor 2019 \u2013 Texto \u00danico Ordenado de Reglamento Nacional de Tr\u00e1nsito &#8211; C\u00f3digo de Tr\u00e1nsito &#8211; D.S. No 016- 2009 &#8211; MTC y modificatorias. En 21 de 34 p\u00e1ginas, la publicaci\u00f3n enumera 122 [&hellip;]<\/p>\n","protected":false},"author":2,"featured_media":6646,"comment_status":"closed","ping_status":"closed","sticky":true,"template":"","format":"standard","meta":{"footnotes":""},"categories":[287,306],"tags":[1139,1140,170],"class_list":["post-6625","post","type-post","status-publish","format-standard","has-post-thumbnail","hentry","category-notas","category-publicaciones","tag-manual-del-conductor","tag-ministerio-de-transporte-y-comunicaciones-de-pru","tag-peru"],"yoast_head":"<!-- This site is optimized with the Yoast SEO plugin v26.9 - https:\/\/yoast.com\/product\/yoast-seo-wordpress\/ -->\n<title>El Ministerio de Transporte y Comunicaciones del Per\u00fa pone a disposici\u00f3n del p\u00fablico la versi\u00f3n virtual de la publicaci\u00f3n titulada Manual del Conductor | Mobilitas<\/title>\n<meta name=\"robots\" content=\"index, follow, max-snippet:-1, max-image-preview:large, max-video-preview:-1\" \/>\n<link rel=\"canonical\" href=\"https:\/\/mobilitas.lat\/es\/2020\/01\/22\/el-ministerio-de-transporte-y-comunicaciones-del-peru-pone-a-disposicion-del-publico-la-version-virtual-de-la-publicacion-titulada-manual-del-conductor\/\" \/>\n<meta property=\"og:locale\" content=\"es_ES\" \/>\n<meta property=\"og:type\" content=\"article\" \/>\n<meta property=\"og:title\" content=\"El Ministerio de Transporte y Comunicaciones del Per\u00fa pone a disposici\u00f3n del p\u00fablico la versi\u00f3n virtual de la publicaci\u00f3n titulada Manual del Conductor | Mobilitas\" \/>\n<meta property=\"og:description\" content=\"El Ministerio de Transporte y Comunicaciones del Per\u00fa pone a disposici\u00f3n del p\u00fablico la versi\u00f3n virtual de la publicaci\u00f3n titulada Manual del Conductor 2019 \u2013 Texto \u00danico Ordenado de Reglamento Nacional de Tr\u00e1nsito &#8211; C\u00f3digo de Tr\u00e1nsito &#8211; D.S. No 016- 2009 &#8211; MTC y modificatorias. En 21 de 34 p\u00e1ginas, la publicaci\u00f3n enumera 122 [&hellip;]\" \/>\n<meta property=\"og:url\" content=\"https:\/\/mobilitas.lat\/es\/2020\/01\/22\/el-ministerio-de-transporte-y-comunicaciones-del-peru-pone-a-disposicion-del-publico-la-version-virtual-de-la-publicacion-titulada-manual-del-conductor\/\" \/>\n<meta property=\"og:site_name\" content=\"Mobilitas\" \/>\n<meta property=\"article:published_time\" content=\"2020-01-22T16:19:55+00:00\" \/>\n<meta property=\"article:modified_time\" content=\"2020-01-22T16:29:18+00:00\" \/>\n<meta property=\"og:image\" content=\"https:\/\/storage.mobilitas.lat\/uploads\/2020\/01\/MOBILITAS-PERU-MANUAL-DEL-CONDUCTOR-2019-A.png\" \/>\n\t<meta property=\"og:image:width\" content=\"734\" \/>\n\t<meta property=\"og:image:height\" content=\"400\" \/>\n\t<meta property=\"og:image:type\" content=\"image\/png\" \/>\n<meta name=\"author\" content=\"Alexandre Asquini\" \/>\n<meta name=\"twitter:card\" content=\"summary_large_image\" \/>\n<meta name=\"twitter:label1\" content=\"Written by\" \/>\n\t<meta name=\"twitter:data1\" content=\"Alexandre Asquini\" \/>\n\t<meta name=\"twitter:label2\" content=\"Est. reading time\" \/>\n\t<meta name=\"twitter:data2\" content=\"2 minutes\" \/>\n<script type=\"application\/ld+json\" class=\"yoast-schema-graph\">{\"@context\":\"https:\/\/schema.org\",\"@graph\":[{\"@type\":\"Article\",\"@id\":\"https:\/\/mobilitas.lat\/es\/2020\/01\/22\/el-ministerio-de-transporte-y-comunicaciones-del-peru-pone-a-disposicion-del-publico-la-version-virtual-de-la-publicacion-titulada-manual-del-conductor\/#article\",\"isPartOf\":{\"@id\":\"https:\/\/mobilitas.lat\/es\/2020\/01\/22\/el-ministerio-de-transporte-y-comunicaciones-del-peru-pone-a-disposicion-del-publico-la-version-virtual-de-la-publicacion-titulada-manual-del-conductor\/\"},\"author\":{\"name\":\"Alexandre Asquini\",\"@id\":\"https:\/\/mobilitas.lat\/es\/#\/schema\/person\/cae0d01ccbe855d1858d146e4c4d582d\"},\"headline\":\"El Ministerio de Transporte y Comunicaciones del Per\u00fa pone a disposici\u00f3n del p\u00fablico la versi\u00f3n virtual de la publicaci\u00f3n titulada Manual del Conductor\",\"datePublished\":\"2020-01-22T16:19:55+00:00\",\"dateModified\":\"2020-01-22T16:29:18+00:00\",\"mainEntityOfPage\":{\"@id\":\"https:\/\/mobilitas.lat\/es\/2020\/01\/22\/el-ministerio-de-transporte-y-comunicaciones-del-peru-pone-a-disposicion-del-publico-la-version-virtual-de-la-publicacion-titulada-manual-del-conductor\/\"},\"wordCount\":334,\"publisher\":{\"@id\":\"https:\/\/mobilitas.lat\/es\/#organization\"},\"image\":{\"@id\":\"https:\/\/mobilitas.lat\/es\/2020\/01\/22\/el-ministerio-de-transporte-y-comunicaciones-del-peru-pone-a-disposicion-del-publico-la-version-virtual-de-la-publicacion-titulada-manual-del-conductor\/#primaryimage\"},\"thumbnailUrl\":\"https:\/\/storage.mobilitas.lat\/uploads\/2020\/01\/MOBILITAS-PERU-MANUAL-DEL-CONDUCTOR-2019-A.png\",\"keywords\":[\"MANUAL DEL CONDUCTOR\",\"MINISTERIO DE TRANSPORTE Y COMUNICACIONES DE PRU\",\"PERU\"],\"articleSection\":[\"Notas\",\"Publicaciones\"],\"inLanguage\":\"es-ES\"},{\"@type\":\"WebPage\",\"@id\":\"https:\/\/mobilitas.lat\/es\/2020\/01\/22\/el-ministerio-de-transporte-y-comunicaciones-del-peru-pone-a-disposicion-del-publico-la-version-virtual-de-la-publicacion-titulada-manual-del-conductor\/\",\"url\":\"https:\/\/mobilitas.lat\/es\/2020\/01\/22\/el-ministerio-de-transporte-y-comunicaciones-del-peru-pone-a-disposicion-del-publico-la-version-virtual-de-la-publicacion-titulada-manual-del-conductor\/\",\"name\":\"El Ministerio de Transporte y Comunicaciones del Per\u00fa pone a disposici\u00f3n del p\u00fablico la versi\u00f3n virtual de la publicaci\u00f3n titulada Manual del Conductor | Mobilitas\",\"isPartOf\":{\"@id\":\"https:\/\/mobilitas.lat\/es\/#website\"},\"primaryImageOfPage\":{\"@id\":\"https:\/\/mobilitas.lat\/es\/2020\/01\/22\/el-ministerio-de-transporte-y-comunicaciones-del-peru-pone-a-disposicion-del-publico-la-version-virtual-de-la-publicacion-titulada-manual-del-conductor\/#primaryimage\"},\"image\":{\"@id\":\"https:\/\/mobilitas.lat\/es\/2020\/01\/22\/el-ministerio-de-transporte-y-comunicaciones-del-peru-pone-a-disposicion-del-publico-la-version-virtual-de-la-publicacion-titulada-manual-del-conductor\/#primaryimage\"},\"thumbnailUrl\":\"https:\/\/storage.mobilitas.lat\/uploads\/2020\/01\/MOBILITAS-PERU-MANUAL-DEL-CONDUCTOR-2019-A.png\",\"datePublished\":\"2020-01-22T16:19:55+00:00\",\"dateModified\":\"2020-01-22T16:29:18+00:00\",\"breadcrumb\":{\"@id\":\"https:\/\/mobilitas.lat\/es\/2020\/01\/22\/el-ministerio-de-transporte-y-comunicaciones-del-peru-pone-a-disposicion-del-publico-la-version-virtual-de-la-publicacion-titulada-manual-del-conductor\/#breadcrumb\"},\"inLanguage\":\"es-ES\",\"potentialAction\":[{\"@type\":\"ReadAction\",\"target\":[\"https:\/\/mobilitas.lat\/es\/2020\/01\/22\/el-ministerio-de-transporte-y-comunicaciones-del-peru-pone-a-disposicion-del-publico-la-version-virtual-de-la-publicacion-titulada-manual-del-conductor\/\"]}]},{\"@type\":\"ImageObject\",\"inLanguage\":\"es-ES\",\"@id\":\"https:\/\/mobilitas.lat\/es\/2020\/01\/22\/el-ministerio-de-transporte-y-comunicaciones-del-peru-pone-a-disposicion-del-publico-la-version-virtual-de-la-publicacion-titulada-manual-del-conductor\/#primaryimage\",\"url\":\"https:\/\/storage.mobilitas.lat\/uploads\/2020\/01\/MOBILITAS-PERU-MANUAL-DEL-CONDUCTOR-2019-A.png\",\"contentUrl\":\"https:\/\/storage.mobilitas.lat\/uploads\/2020\/01\/MOBILITAS-PERU-MANUAL-DEL-CONDUCTOR-2019-A.png\",\"width\":734,\"height\":400},{\"@type\":\"BreadcrumbList\",\"@id\":\"https:\/\/mobilitas.lat\/es\/2020\/01\/22\/el-ministerio-de-transporte-y-comunicaciones-del-peru-pone-a-disposicion-del-publico-la-version-virtual-de-la-publicacion-titulada-manual-del-conductor\/#breadcrumb\",\"itemListElement\":[{\"@type\":\"ListItem\",\"position\":1,\"name\":\"In\u00edcio\",\"item\":\"https:\/\/mobilitas.lat\/es\/\"},{\"@type\":\"ListItem\",\"position\":2,\"name\":\"El Ministerio de Transporte y Comunicaciones del Per\u00fa pone a disposici\u00f3n del p\u00fablico la versi\u00f3n virtual de la publicaci\u00f3n titulada Manual del Conductor\"}]},{\"@type\":\"WebSite\",\"@id\":\"https:\/\/mobilitas.lat\/es\/#website\",\"url\":\"https:\/\/mobilitas.lat\/es\/\",\"name\":\"Mobilitas\",\"description\":\"Tecnologia e Mobilidade Urbana na Am\u00e9rica Latina\",\"publisher\":{\"@id\":\"https:\/\/mobilitas.lat\/es\/#organization\"},\"potentialAction\":[{\"@type\":\"SearchAction\",\"target\":{\"@type\":\"EntryPoint\",\"urlTemplate\":\"https:\/\/mobilitas.lat\/es\/?s={search_term_string}\"},\"query-input\":{\"@type\":\"PropertyValueSpecification\",\"valueRequired\":true,\"valueName\":\"search_term_string\"}}],\"inLanguage\":\"es-ES\"},{\"@type\":\"Organization\",\"@id\":\"https:\/\/mobilitas.lat\/es\/#organization\",\"name\":\"OTM Editora\",\"url\":\"https:\/\/mobilitas.lat\/es\/\",\"logo\":{\"@type\":\"ImageObject\",\"inLanguage\":\"es-ES\",\"@id\":\"https:\/\/mobilitas.lat\/es\/#\/schema\/logo\/image\/\",\"url\":\"https:\/\/mobilitas.lat\/wp-content\/uploads\/2024\/03\/opengraph.png\",\"contentUrl\":\"https:\/\/mobilitas.lat\/wp-content\/uploads\/2024\/03\/opengraph.png\",\"width\":1200,\"height\":630,\"caption\":\"OTM Editora\"},\"image\":{\"@id\":\"https:\/\/mobilitas.lat\/es\/#\/schema\/logo\/image\/\"}},{\"@type\":\"Person\",\"@id\":\"https:\/\/mobilitas.lat\/es\/#\/schema\/person\/cae0d01ccbe855d1858d146e4c4d582d\",\"name\":\"Alexandre Asquini\",\"image\":{\"@type\":\"ImageObject\",\"inLanguage\":\"es-ES\",\"@id\":\"https:\/\/mobilitas.lat\/es\/#\/schema\/person\/image\/\",\"url\":\"https:\/\/secure.gravatar.com\/avatar\/aac99dbef1420f75cc7d86913eb8a7cdfbe13e2509ad7a45649a61414f6d2785?s=96&d=mm&r=g\",\"contentUrl\":\"https:\/\/secure.gravatar.com\/avatar\/aac99dbef1420f75cc7d86913eb8a7cdfbe13e2509ad7a45649a61414f6d2785?s=96&d=mm&r=g\",\"caption\":\"Alexandre Asquini\"}}]}<\/script>\n<!-- \/ Yoast SEO plugin. -->","yoast_head_json":{"title":"El Ministerio de Transporte y Comunicaciones del Per\u00fa pone a disposici\u00f3n del p\u00fablico la versi\u00f3n virtual de la publicaci\u00f3n titulada Manual del Conductor | Mobilitas","robots":{"index":"index","follow":"follow","max-snippet":"max-snippet:-1","max-image-preview":"max-image-preview:large","max-video-preview":"max-video-preview:-1"},"canonical":"https:\/\/mobilitas.lat\/es\/2020\/01\/22\/el-ministerio-de-transporte-y-comunicaciones-del-peru-pone-a-disposicion-del-publico-la-version-virtual-de-la-publicacion-titulada-manual-del-conductor\/","og_locale":"es_ES","og_type":"article","og_title":"El Ministerio de Transporte y Comunicaciones del Per\u00fa pone a disposici\u00f3n del p\u00fablico la versi\u00f3n virtual de la publicaci\u00f3n titulada Manual del Conductor | Mobilitas","og_description":"El Ministerio de Transporte y Comunicaciones del Per\u00fa pone a disposici\u00f3n del p\u00fablico la versi\u00f3n virtual de la publicaci\u00f3n titulada Manual del Conductor 2019 \u2013 Texto \u00danico Ordenado de Reglamento Nacional de Tr\u00e1nsito &#8211; C\u00f3digo de Tr\u00e1nsito &#8211; D.S. No 016- 2009 &#8211; MTC y modificatorias. En 21 de 34 p\u00e1ginas, la publicaci\u00f3n enumera 122 [&hellip;]","og_url":"https:\/\/mobilitas.lat\/es\/2020\/01\/22\/el-ministerio-de-transporte-y-comunicaciones-del-peru-pone-a-disposicion-del-publico-la-version-virtual-de-la-publicacion-titulada-manual-del-conductor\/","og_site_name":"Mobilitas","article_published_time":"2020-01-22T16:19:55+00:00","article_modified_time":"2020-01-22T16:29:18+00:00","og_image":[{"width":734,"height":400,"url":"https:\/\/storage.mobilitas.lat\/uploads\/2020\/01\/MOBILITAS-PERU-MANUAL-DEL-CONDUCTOR-2019-A.png","type":"image\/png"}],"author":"Alexandre Asquini","twitter_card":"summary_large_image","twitter_misc":{"Written by":"Alexandre Asquini","Est. reading time":"2 minutes"},"schema":{"@context":"https:\/\/schema.org","@graph":[{"@type":"Article","@id":"https:\/\/mobilitas.lat\/es\/2020\/01\/22\/el-ministerio-de-transporte-y-comunicaciones-del-peru-pone-a-disposicion-del-publico-la-version-virtual-de-la-publicacion-titulada-manual-del-conductor\/#article","isPartOf":{"@id":"https:\/\/mobilitas.lat\/es\/2020\/01\/22\/el-ministerio-de-transporte-y-comunicaciones-del-peru-pone-a-disposicion-del-publico-la-version-virtual-de-la-publicacion-titulada-manual-del-conductor\/"},"author":{"name":"Alexandre Asquini","@id":"https:\/\/mobilitas.lat\/es\/#\/schema\/person\/cae0d01ccbe855d1858d146e4c4d582d"},"headline":"El Ministerio de Transporte y Comunicaciones del Per\u00fa pone a disposici\u00f3n del p\u00fablico la versi\u00f3n virtual de la publicaci\u00f3n titulada Manual del Conductor","datePublished":"2020-01-22T16:19:55+00:00","dateModified":"2020-01-22T16:29:18+00:00","mainEntityOfPage":{"@id":"https:\/\/mobilitas.lat\/es\/2020\/01\/22\/el-ministerio-de-transporte-y-comunicaciones-del-peru-pone-a-disposicion-del-publico-la-version-virtual-de-la-publicacion-titulada-manual-del-conductor\/"},"wordCount":334,"publisher":{"@id":"https:\/\/mobilitas.lat\/es\/#organization"},"image":{"@id":"https:\/\/mobilitas.lat\/es\/2020\/01\/22\/el-ministerio-de-transporte-y-comunicaciones-del-peru-pone-a-disposicion-del-publico-la-version-virtual-de-la-publicacion-titulada-manual-del-conductor\/#primaryimage"},"thumbnailUrl":"https:\/\/storage.mobilitas.lat\/uploads\/2020\/01\/MOBILITAS-PERU-MANUAL-DEL-CONDUCTOR-2019-A.png","keywords":["MANUAL DEL CONDUCTOR","MINISTERIO DE TRANSPORTE Y COMUNICACIONES DE PRU","PERU"],"articleSection":["Notas","Publicaciones"],"inLanguage":"es-ES"},{"@type":"WebPage","@id":"https:\/\/mobilitas.lat\/es\/2020\/01\/22\/el-ministerio-de-transporte-y-comunicaciones-del-peru-pone-a-disposicion-del-publico-la-version-virtual-de-la-publicacion-titulada-manual-del-conductor\/","url":"https:\/\/mobilitas.lat\/es\/2020\/01\/22\/el-ministerio-de-transporte-y-comunicaciones-del-peru-pone-a-disposicion-del-publico-la-version-virtual-de-la-publicacion-titulada-manual-del-conductor\/","name":"El Ministerio de Transporte y Comunicaciones del Per\u00fa pone a disposici\u00f3n del p\u00fablico la versi\u00f3n virtual de la publicaci\u00f3n titulada Manual del Conductor | Mobilitas","isPartOf":{"@id":"https:\/\/mobilitas.lat\/es\/#website"},"primaryImageOfPage":{"@id":"https:\/\/mobilitas.lat\/es\/2020\/01\/22\/el-ministerio-de-transporte-y-comunicaciones-del-peru-pone-a-disposicion-del-publico-la-version-virtual-de-la-publicacion-titulada-manual-del-conductor\/#primaryimage"},"image":{"@id":"https:\/\/mobilitas.lat\/es\/2020\/01\/22\/el-ministerio-de-transporte-y-comunicaciones-del-peru-pone-a-disposicion-del-publico-la-version-virtual-de-la-publicacion-titulada-manual-del-conductor\/#primaryimage"},"thumbnailUrl":"https:\/\/storage.mobilitas.lat\/uploads\/2020\/01\/MOBILITAS-PERU-MANUAL-DEL-CONDUCTOR-2019-A.png","datePublished":"2020-01-22T16:19:55+00:00","dateModified":"2020-01-22T16:29:18+00:00","breadcrumb":{"@id":"https:\/\/mobilitas.lat\/es\/2020\/01\/22\/el-ministerio-de-transporte-y-comunicaciones-del-peru-pone-a-disposicion-del-publico-la-version-virtual-de-la-publicacion-titulada-manual-del-conductor\/#breadcrumb"},"inLanguage":"es-ES","potentialAction":[{"@type":"ReadAction","target":["https:\/\/mobilitas.lat\/es\/2020\/01\/22\/el-ministerio-de-transporte-y-comunicaciones-del-peru-pone-a-disposicion-del-publico-la-version-virtual-de-la-publicacion-titulada-manual-del-conductor\/"]}]},{"@type":"ImageObject","inLanguage":"es-ES","@id":"https:\/\/mobilitas.lat\/es\/2020\/01\/22\/el-ministerio-de-transporte-y-comunicaciones-del-peru-pone-a-disposicion-del-publico-la-version-virtual-de-la-publicacion-titulada-manual-del-conductor\/#primaryimage","url":"https:\/\/storage.mobilitas.lat\/uploads\/2020\/01\/MOBILITAS-PERU-MANUAL-DEL-CONDUCTOR-2019-A.png","contentUrl":"https:\/\/storage.mobilitas.lat\/uploads\/2020\/01\/MOBILITAS-PERU-MANUAL-DEL-CONDUCTOR-2019-A.png","width":734,"height":400},{"@type":"BreadcrumbList","@id":"https:\/\/mobilitas.lat\/es\/2020\/01\/22\/el-ministerio-de-transporte-y-comunicaciones-del-peru-pone-a-disposicion-del-publico-la-version-virtual-de-la-publicacion-titulada-manual-del-conductor\/#breadcrumb","itemListElement":[{"@type":"ListItem","position":1,"name":"In\u00edcio","item":"https:\/\/mobilitas.lat\/es\/"},{"@type":"ListItem","position":2,"name":"El Ministerio de Transporte y Comunicaciones del Per\u00fa pone a disposici\u00f3n del p\u00fablico la versi\u00f3n virtual de la publicaci\u00f3n titulada Manual del Conductor"}]},{"@type":"WebSite","@id":"https:\/\/mobilitas.lat\/es\/#website","url":"https:\/\/mobilitas.lat\/es\/","name":"Mobilitas","description":"Tecnologia e Mobilidade Urbana na Am\u00e9rica Latina","publisher":{"@id":"https:\/\/mobilitas.lat\/es\/#organization"},"potentialAction":[{"@type":"SearchAction","target":{"@type":"EntryPoint","urlTemplate":"https:\/\/mobilitas.lat\/es\/?s={search_term_string}"},"query-input":{"@type":"PropertyValueSpecification","valueRequired":true,"valueName":"search_term_string"}}],"inLanguage":"es-ES"},{"@type":"Organization","@id":"https:\/\/mobilitas.lat\/es\/#organization","name":"OTM Editora","url":"https:\/\/mobilitas.lat\/es\/","logo":{"@type":"ImageObject","inLanguage":"es-ES","@id":"https:\/\/mobilitas.lat\/es\/#\/schema\/logo\/image\/","url":"https:\/\/mobilitas.lat\/wp-content\/uploads\/2024\/03\/opengraph.png","contentUrl":"https:\/\/mobilitas.lat\/wp-content\/uploads\/2024\/03\/opengraph.png","width":1200,"height":630,"caption":"OTM Editora"},"image":{"@id":"https:\/\/mobilitas.lat\/es\/#\/schema\/logo\/image\/"}},{"@type":"Person","@id":"https:\/\/mobilitas.lat\/es\/#\/schema\/person\/cae0d01ccbe855d1858d146e4c4d582d","name":"Alexandre Asquini","image":{"@type":"ImageObject","inLanguage":"es-ES","@id":"https:\/\/mobilitas.lat\/es\/#\/schema\/person\/image\/","url":"https:\/\/secure.gravatar.com\/avatar\/aac99dbef1420f75cc7d86913eb8a7cdfbe13e2509ad7a45649a61414f6d2785?s=96&d=mm&r=g","contentUrl":"https:\/\/secure.gravatar.com\/avatar\/aac99dbef1420f75cc7d86913eb8a7cdfbe13e2509ad7a45649a61414f6d2785?s=96&d=mm&r=g","caption":"Alexandre Asquini"}}]}},"_links":{"self":[{"href":"https:\/\/mobilitas.lat\/es\/wp-json\/wp\/v2\/posts\/6625","targetHints":{"allow":["GET"]}}],"collection":[{"href":"https:\/\/mobilitas.lat\/es\/wp-json\/wp\/v2\/posts"}],"about":[{"href":"https:\/\/mobilitas.lat\/es\/wp-json\/wp\/v2\/types\/post"}],"author":[{"embeddable":true,"href":"https:\/\/mobilitas.lat\/es\/wp-json\/wp\/v2\/users\/2"}],"replies":[{"embeddable":true,"href":"https:\/\/mobilitas.lat\/es\/wp-json\/wp\/v2\/comments?post=6625"}],"version-history":[{"count":11,"href":"https:\/\/mobilitas.lat\/es\/wp-json\/wp\/v2\/posts\/6625\/revisions"}],"predecessor-version":[{"id":6642,"href":"https:\/\/mobilitas.lat\/es\/wp-json\/wp\/v2\/posts\/6625\/revisions\/6642"}],"wp:featuredmedia":[{"embeddable":true,"href":"https:\/\/mobilitas.lat\/es\/wp-json\/wp\/v2\/media\/6646"}],"wp:attachment":[{"href":"https:\/\/mobilitas.lat\/es\/wp-json\/wp\/v2\/media?parent=6625"}],"wp:term":[{"taxonomy":"category","embeddable":true,"href":"https:\/\/mobilitas.lat\/es\/wp-json\/wp\/v2\/categories?post=6625"},{"taxonomy":"post_tag","embeddable":true,"href":"https:\/\/mobilitas.lat\/es\/wp-json\/wp\/v2\/tags?post=6625"}],"curies":[{"name":"wp","href":"https:\/\/api.w.org\/{rel}","templated":true}]}}