{"id":6489,"date":"2019-12-29T12:51:13","date_gmt":"2019-12-29T15:51:13","guid":{"rendered":"https:\/\/mobilitas.lat\/?p=6489"},"modified":"2019-12-29T13:38:05","modified_gmt":"2019-12-29T16:38:05","slug":"si-manejas-no-tomes","status":"publish","type":"post","link":"https:\/\/mobilitas.lat\/es\/2019\/12\/29\/si-manejas-no-tomes\/","title":{"rendered":"&#8220;Si manejas, no tomes&#8221;"},"content":{"rendered":"\n<p>El gobierno de la Ciudad Aut\u00f3noma de Buenos Aires inform\u00f3\nla semana antes de Navidad que por segundo a\u00f1o consecutivo se realiza la\ncampa\u00f1a titulada \u2018Si manejas no tomes\u2019, sobre alcohol y conducci\u00f3n. La\niniciativa tiene el objetivo de crear conciencia sobre los riesgos de consumir\nalcohol antes de conducir veh\u00edculos automotores.<\/p>\n\n\n\n<p>La nota del gobierno capitalino informa que seg\u00fan el\nObservatorio de Seguridad Vial se estima que el 21% de los siniestros fatales\nque ocurren en la Ciudad Aut\u00f3noma de Buenos Aires est\u00e1n relacionados con la\npresencia de alcohol. Y subraya que la campa\u00f1a \u2018Si manejas no tomes\u2019 se suma a\nlos controles en calle de alcoholemia y estupefacientes que realizan los\nAgentes de Tr\u00e1nsito los 365 d\u00edas al a\u00f1o de manera dispersa y discontinua;\nconformando una pol\u00edtica de seguridad vial l\u00edder en la regi\u00f3n.<\/p>\n\n\n\n<p>Una conducci\u00f3n adecuada requiere lucidez y capacidad de\nreacci\u00f3n, el consumo de alcohol aumenta el riesgo de siniestros viales y la\ngravedad de las lesiones ya que afectan la capacidad para conducir: disminuyen\nlos reflejos, la atenci\u00f3n y la coordinaci\u00f3n.<\/p>\n\n\n\n<p>Actualmente el l\u00edmite m\u00e1ximo de alcohol en sangre en la\nCiudad Aut\u00f3noma de Buenos Aires es: 0.5 gr\/l en conductores de veh\u00edculos\nparticulares;&nbsp; 0.2 gr\/l en conductores de\nmoto veh\u00edculos y 0.5 gr\/l en acompa\u00f1antes; 0.0 gr\/l en conductores\nprofesionales (taxis, colectivos, camiones etc.) y principiantes.<\/p>\n\n\n\n<p><strong>SINIESTROS CON\nPARTICIPACI\u00d3N DE ALCOHOL<\/strong><\/p>\n\n\n\n<p>Otro aspecto tratado en la nota del gobierno respecta las\ncaracter\u00edsticas de los siniestros con participaci\u00f3n de alcohol. La mitad de los\nsiniestros fatales con presencia de alcohol ocurren en la madrugada, mayormente\nentre las 4 y las 6 hs. El n\u00famero de positivos se incrementa de jueves a\ndomingo. El d\u00eda con mayor participaci\u00f3n del alcohol es el domingo, donde en 4\nde cada 10 siniestros fatales se detect\u00f3 el consumo de alcohol.<\/p>\n\n\n\n<p>En 4 de cada 10 siniestros fatales que se registraron en\nlas autopistas hubo presencia de alcohol, mientras que solo en 2 de cada 10 de\nlos que ocurrieron en calles o avenidas se detect\u00f3 la participaci\u00f3n del\nalcohol. En el caso de los conductores fallecidos, la participaci\u00f3n del alcohol\nasciende al 26% y es similar para motociclistas y automovilistas.<\/p>\n\n\n\n<p>Todos los conductores de veh\u00edculos a motor en los que se\ndetect\u00f3 presencia de alcohol fueron hombres y 8 de cada 10 ten\u00edan entre 15 y 34\na\u00f1os de edad.<\/p>\n","protected":false},"excerpt":{"rendered":"<p>El gobierno de la Ciudad Aut\u00f3noma de Buenos Aires inform\u00f3 la semana antes de Navidad que por segundo a\u00f1o consecutivo se realiza la campa\u00f1a titulada \u2018Si manejas no tomes\u2019, sobre alcohol y conducci\u00f3n. La iniciativa tiene el objetivo de crear conciencia sobre los riesgos de consumir alcohol antes de conducir veh\u00edculos automotores. La nota del [&hellip;]<\/p>\n","protected":false},"author":2,"featured_media":6497,"comment_status":"closed","ping_status":"closed","sticky":false,"template":"","format":"standard","meta":{"footnotes":""},"categories":[1],"tags":[1124,851,775],"class_list":["post-6489","post","type-post","status-publish","format-standard","has-post-thumbnail","hentry","category-materias","tag-alcohol-y-conduccion","tag-ciudad-de-buenos-aires","tag-destaque"],"yoast_head":"<!-- This site is optimized with the Yoast SEO plugin v26.9 - https:\/\/yoast.com\/product\/yoast-seo-wordpress\/ -->\n<title>&quot;Si manejas, no tomes&quot; | Mobilitas<\/title>\n<meta name=\"robots\" content=\"index, follow, max-snippet:-1, max-image-preview:large, max-video-preview:-1\" \/>\n<link rel=\"canonical\" href=\"https:\/\/mobilitas.lat\/es\/2019\/12\/29\/si-manejas-no-tomes\/\" \/>\n<meta property=\"og:locale\" content=\"es_ES\" \/>\n<meta property=\"og:type\" content=\"article\" \/>\n<meta property=\"og:title\" content=\"&quot;Si manejas, no tomes&quot; | Mobilitas\" \/>\n<meta property=\"og:description\" content=\"El gobierno de la Ciudad Aut\u00f3noma de Buenos Aires inform\u00f3 la semana antes de Navidad que por segundo a\u00f1o consecutivo se realiza la campa\u00f1a titulada \u2018Si manejas no tomes\u2019, sobre alcohol y conducci\u00f3n. La iniciativa tiene el objetivo de crear conciencia sobre los riesgos de consumir alcohol antes de conducir veh\u00edculos automotores. La nota del [&hellip;]\" \/>\n<meta property=\"og:url\" content=\"https:\/\/mobilitas.lat\/es\/2019\/12\/29\/si-manejas-no-tomes\/\" \/>\n<meta property=\"og:site_name\" content=\"Mobilitas\" \/>\n<meta property=\"article:published_time\" content=\"2019-12-29T15:51:13+00:00\" \/>\n<meta property=\"article:modified_time\" content=\"2019-12-29T16:38:05+00:00\" \/>\n<meta property=\"og:image\" content=\"https:\/\/storage.mobilitas.lat\/uploads\/2019\/12\/MOBILITAS-SE-MANEJAS-NO-TOMES-3.png\" \/>\n\t<meta property=\"og:image:width\" content=\"716\" \/>\n\t<meta property=\"og:image:height\" content=\"328\" \/>\n\t<meta property=\"og:image:type\" content=\"image\/png\" \/>\n<meta name=\"author\" content=\"Alexandre Asquini\" \/>\n<meta name=\"twitter:card\" content=\"summary_large_image\" \/>\n<meta name=\"twitter:label1\" content=\"Written by\" \/>\n\t<meta name=\"twitter:data1\" content=\"Alexandre Asquini\" \/>\n\t<meta name=\"twitter:label2\" content=\"Est. reading time\" \/>\n\t<meta name=\"twitter:data2\" content=\"2 minutes\" \/>\n<script type=\"application\/ld+json\" class=\"yoast-schema-graph\">{\"@context\":\"https:\/\/schema.org\",\"@graph\":[{\"@type\":\"Article\",\"@id\":\"https:\/\/mobilitas.lat\/es\/2019\/12\/29\/si-manejas-no-tomes\/#article\",\"isPartOf\":{\"@id\":\"https:\/\/mobilitas.lat\/es\/2019\/12\/29\/si-manejas-no-tomes\/\"},\"author\":{\"name\":\"Alexandre Asquini\",\"@id\":\"https:\/\/mobilitas.lat\/es\/#\/schema\/person\/cae0d01ccbe855d1858d146e4c4d582d\"},\"headline\":\"&#8220;Si manejas, no tomes&#8221;\",\"datePublished\":\"2019-12-29T15:51:13+00:00\",\"dateModified\":\"2019-12-29T16:38:05+00:00\",\"mainEntityOfPage\":{\"@id\":\"https:\/\/mobilitas.lat\/es\/2019\/12\/29\/si-manejas-no-tomes\/\"},\"wordCount\":417,\"publisher\":{\"@id\":\"https:\/\/mobilitas.lat\/es\/#organization\"},\"image\":{\"@id\":\"https:\/\/mobilitas.lat\/es\/2019\/12\/29\/si-manejas-no-tomes\/#primaryimage\"},\"thumbnailUrl\":\"https:\/\/storage.mobilitas.lat\/uploads\/2019\/12\/MOBILITAS-SE-MANEJAS-NO-TOMES-3.png\",\"keywords\":[\"ALCOHOL Y CONDUCCI\u00d3N\",\"CIUDAD DE BUENOS AIRES\",\"destaque\"],\"articleSection\":[\"Mat\u00e9rias\"],\"inLanguage\":\"es-ES\"},{\"@type\":\"WebPage\",\"@id\":\"https:\/\/mobilitas.lat\/es\/2019\/12\/29\/si-manejas-no-tomes\/\",\"url\":\"https:\/\/mobilitas.lat\/es\/2019\/12\/29\/si-manejas-no-tomes\/\",\"name\":\"\\\"Si manejas, no tomes\\\" | Mobilitas\",\"isPartOf\":{\"@id\":\"https:\/\/mobilitas.lat\/es\/#website\"},\"primaryImageOfPage\":{\"@id\":\"https:\/\/mobilitas.lat\/es\/2019\/12\/29\/si-manejas-no-tomes\/#primaryimage\"},\"image\":{\"@id\":\"https:\/\/mobilitas.lat\/es\/2019\/12\/29\/si-manejas-no-tomes\/#primaryimage\"},\"thumbnailUrl\":\"https:\/\/storage.mobilitas.lat\/uploads\/2019\/12\/MOBILITAS-SE-MANEJAS-NO-TOMES-3.png\",\"datePublished\":\"2019-12-29T15:51:13+00:00\",\"dateModified\":\"2019-12-29T16:38:05+00:00\",\"breadcrumb\":{\"@id\":\"https:\/\/mobilitas.lat\/es\/2019\/12\/29\/si-manejas-no-tomes\/#breadcrumb\"},\"inLanguage\":\"es-ES\",\"potentialAction\":[{\"@type\":\"ReadAction\",\"target\":[\"https:\/\/mobilitas.lat\/es\/2019\/12\/29\/si-manejas-no-tomes\/\"]}]},{\"@type\":\"ImageObject\",\"inLanguage\":\"es-ES\",\"@id\":\"https:\/\/mobilitas.lat\/es\/2019\/12\/29\/si-manejas-no-tomes\/#primaryimage\",\"url\":\"https:\/\/storage.mobilitas.lat\/uploads\/2019\/12\/MOBILITAS-SE-MANEJAS-NO-TOMES-3.png\",\"contentUrl\":\"https:\/\/storage.mobilitas.lat\/uploads\/2019\/12\/MOBILITAS-SE-MANEJAS-NO-TOMES-3.png\",\"width\":716,\"height\":328},{\"@type\":\"BreadcrumbList\",\"@id\":\"https:\/\/mobilitas.lat\/es\/2019\/12\/29\/si-manejas-no-tomes\/#breadcrumb\",\"itemListElement\":[{\"@type\":\"ListItem\",\"position\":1,\"name\":\"In\u00edcio\",\"item\":\"https:\/\/mobilitas.lat\/es\/\"},{\"@type\":\"ListItem\",\"position\":2,\"name\":\"&#8220;Si manejas, no tomes&#8221;\"}]},{\"@type\":\"WebSite\",\"@id\":\"https:\/\/mobilitas.lat\/es\/#website\",\"url\":\"https:\/\/mobilitas.lat\/es\/\",\"name\":\"Mobilitas\",\"description\":\"Tecnologia e Mobilidade Urbana na Am\u00e9rica Latina\",\"publisher\":{\"@id\":\"https:\/\/mobilitas.lat\/es\/#organization\"},\"potentialAction\":[{\"@type\":\"SearchAction\",\"target\":{\"@type\":\"EntryPoint\",\"urlTemplate\":\"https:\/\/mobilitas.lat\/es\/?s={search_term_string}\"},\"query-input\":{\"@type\":\"PropertyValueSpecification\",\"valueRequired\":true,\"valueName\":\"search_term_string\"}}],\"inLanguage\":\"es-ES\"},{\"@type\":\"Organization\",\"@id\":\"https:\/\/mobilitas.lat\/es\/#organization\",\"name\":\"OTM Editora\",\"url\":\"https:\/\/mobilitas.lat\/es\/\",\"logo\":{\"@type\":\"ImageObject\",\"inLanguage\":\"es-ES\",\"@id\":\"https:\/\/mobilitas.lat\/es\/#\/schema\/logo\/image\/\",\"url\":\"https:\/\/mobilitas.lat\/wp-content\/uploads\/2024\/03\/opengraph.png\",\"contentUrl\":\"https:\/\/mobilitas.lat\/wp-content\/uploads\/2024\/03\/opengraph.png\",\"width\":1200,\"height\":630,\"caption\":\"OTM Editora\"},\"image\":{\"@id\":\"https:\/\/mobilitas.lat\/es\/#\/schema\/logo\/image\/\"}},{\"@type\":\"Person\",\"@id\":\"https:\/\/mobilitas.lat\/es\/#\/schema\/person\/cae0d01ccbe855d1858d146e4c4d582d\",\"name\":\"Alexandre Asquini\",\"image\":{\"@type\":\"ImageObject\",\"inLanguage\":\"es-ES\",\"@id\":\"https:\/\/mobilitas.lat\/es\/#\/schema\/person\/image\/\",\"url\":\"https:\/\/secure.gravatar.com\/avatar\/aac99dbef1420f75cc7d86913eb8a7cdfbe13e2509ad7a45649a61414f6d2785?s=96&d=mm&r=g\",\"contentUrl\":\"https:\/\/secure.gravatar.com\/avatar\/aac99dbef1420f75cc7d86913eb8a7cdfbe13e2509ad7a45649a61414f6d2785?s=96&d=mm&r=g\",\"caption\":\"Alexandre Asquini\"}}]}<\/script>\n<!-- \/ Yoast SEO plugin. -->","yoast_head_json":{"title":"\"Si manejas, no tomes\" | Mobilitas","robots":{"index":"index","follow":"follow","max-snippet":"max-snippet:-1","max-image-preview":"max-image-preview:large","max-video-preview":"max-video-preview:-1"},"canonical":"https:\/\/mobilitas.lat\/es\/2019\/12\/29\/si-manejas-no-tomes\/","og_locale":"es_ES","og_type":"article","og_title":"\"Si manejas, no tomes\" | Mobilitas","og_description":"El gobierno de la Ciudad Aut\u00f3noma de Buenos Aires inform\u00f3 la semana antes de Navidad que por segundo a\u00f1o consecutivo se realiza la campa\u00f1a titulada \u2018Si manejas no tomes\u2019, sobre alcohol y conducci\u00f3n. La iniciativa tiene el objetivo de crear conciencia sobre los riesgos de consumir alcohol antes de conducir veh\u00edculos automotores. La nota del [&hellip;]","og_url":"https:\/\/mobilitas.lat\/es\/2019\/12\/29\/si-manejas-no-tomes\/","og_site_name":"Mobilitas","article_published_time":"2019-12-29T15:51:13+00:00","article_modified_time":"2019-12-29T16:38:05+00:00","og_image":[{"width":716,"height":328,"url":"https:\/\/storage.mobilitas.lat\/uploads\/2019\/12\/MOBILITAS-SE-MANEJAS-NO-TOMES-3.png","type":"image\/png"}],"author":"Alexandre Asquini","twitter_card":"summary_large_image","twitter_misc":{"Written by":"Alexandre Asquini","Est. reading time":"2 minutes"},"schema":{"@context":"https:\/\/schema.org","@graph":[{"@type":"Article","@id":"https:\/\/mobilitas.lat\/es\/2019\/12\/29\/si-manejas-no-tomes\/#article","isPartOf":{"@id":"https:\/\/mobilitas.lat\/es\/2019\/12\/29\/si-manejas-no-tomes\/"},"author":{"name":"Alexandre Asquini","@id":"https:\/\/mobilitas.lat\/es\/#\/schema\/person\/cae0d01ccbe855d1858d146e4c4d582d"},"headline":"&#8220;Si manejas, no tomes&#8221;","datePublished":"2019-12-29T15:51:13+00:00","dateModified":"2019-12-29T16:38:05+00:00","mainEntityOfPage":{"@id":"https:\/\/mobilitas.lat\/es\/2019\/12\/29\/si-manejas-no-tomes\/"},"wordCount":417,"publisher":{"@id":"https:\/\/mobilitas.lat\/es\/#organization"},"image":{"@id":"https:\/\/mobilitas.lat\/es\/2019\/12\/29\/si-manejas-no-tomes\/#primaryimage"},"thumbnailUrl":"https:\/\/storage.mobilitas.lat\/uploads\/2019\/12\/MOBILITAS-SE-MANEJAS-NO-TOMES-3.png","keywords":["ALCOHOL Y CONDUCCI\u00d3N","CIUDAD DE BUENOS AIRES","destaque"],"articleSection":["Mat\u00e9rias"],"inLanguage":"es-ES"},{"@type":"WebPage","@id":"https:\/\/mobilitas.lat\/es\/2019\/12\/29\/si-manejas-no-tomes\/","url":"https:\/\/mobilitas.lat\/es\/2019\/12\/29\/si-manejas-no-tomes\/","name":"\"Si manejas, no tomes\" | Mobilitas","isPartOf":{"@id":"https:\/\/mobilitas.lat\/es\/#website"},"primaryImageOfPage":{"@id":"https:\/\/mobilitas.lat\/es\/2019\/12\/29\/si-manejas-no-tomes\/#primaryimage"},"image":{"@id":"https:\/\/mobilitas.lat\/es\/2019\/12\/29\/si-manejas-no-tomes\/#primaryimage"},"thumbnailUrl":"https:\/\/storage.mobilitas.lat\/uploads\/2019\/12\/MOBILITAS-SE-MANEJAS-NO-TOMES-3.png","datePublished":"2019-12-29T15:51:13+00:00","dateModified":"2019-12-29T16:38:05+00:00","breadcrumb":{"@id":"https:\/\/mobilitas.lat\/es\/2019\/12\/29\/si-manejas-no-tomes\/#breadcrumb"},"inLanguage":"es-ES","potentialAction":[{"@type":"ReadAction","target":["https:\/\/mobilitas.lat\/es\/2019\/12\/29\/si-manejas-no-tomes\/"]}]},{"@type":"ImageObject","inLanguage":"es-ES","@id":"https:\/\/mobilitas.lat\/es\/2019\/12\/29\/si-manejas-no-tomes\/#primaryimage","url":"https:\/\/storage.mobilitas.lat\/uploads\/2019\/12\/MOBILITAS-SE-MANEJAS-NO-TOMES-3.png","contentUrl":"https:\/\/storage.mobilitas.lat\/uploads\/2019\/12\/MOBILITAS-SE-MANEJAS-NO-TOMES-3.png","width":716,"height":328},{"@type":"BreadcrumbList","@id":"https:\/\/mobilitas.lat\/es\/2019\/12\/29\/si-manejas-no-tomes\/#breadcrumb","itemListElement":[{"@type":"ListItem","position":1,"name":"In\u00edcio","item":"https:\/\/mobilitas.lat\/es\/"},{"@type":"ListItem","position":2,"name":"&#8220;Si manejas, no tomes&#8221;"}]},{"@type":"WebSite","@id":"https:\/\/mobilitas.lat\/es\/#website","url":"https:\/\/mobilitas.lat\/es\/","name":"Mobilitas","description":"Tecnologia e Mobilidade Urbana na Am\u00e9rica Latina","publisher":{"@id":"https:\/\/mobilitas.lat\/es\/#organization"},"potentialAction":[{"@type":"SearchAction","target":{"@type":"EntryPoint","urlTemplate":"https:\/\/mobilitas.lat\/es\/?s={search_term_string}"},"query-input":{"@type":"PropertyValueSpecification","valueRequired":true,"valueName":"search_term_string"}}],"inLanguage":"es-ES"},{"@type":"Organization","@id":"https:\/\/mobilitas.lat\/es\/#organization","name":"OTM Editora","url":"https:\/\/mobilitas.lat\/es\/","logo":{"@type":"ImageObject","inLanguage":"es-ES","@id":"https:\/\/mobilitas.lat\/es\/#\/schema\/logo\/image\/","url":"https:\/\/mobilitas.lat\/wp-content\/uploads\/2024\/03\/opengraph.png","contentUrl":"https:\/\/mobilitas.lat\/wp-content\/uploads\/2024\/03\/opengraph.png","width":1200,"height":630,"caption":"OTM Editora"},"image":{"@id":"https:\/\/mobilitas.lat\/es\/#\/schema\/logo\/image\/"}},{"@type":"Person","@id":"https:\/\/mobilitas.lat\/es\/#\/schema\/person\/cae0d01ccbe855d1858d146e4c4d582d","name":"Alexandre Asquini","image":{"@type":"ImageObject","inLanguage":"es-ES","@id":"https:\/\/mobilitas.lat\/es\/#\/schema\/person\/image\/","url":"https:\/\/secure.gravatar.com\/avatar\/aac99dbef1420f75cc7d86913eb8a7cdfbe13e2509ad7a45649a61414f6d2785?s=96&d=mm&r=g","contentUrl":"https:\/\/secure.gravatar.com\/avatar\/aac99dbef1420f75cc7d86913eb8a7cdfbe13e2509ad7a45649a61414f6d2785?s=96&d=mm&r=g","caption":"Alexandre Asquini"}}]}},"_links":{"self":[{"href":"https:\/\/mobilitas.lat\/es\/wp-json\/wp\/v2\/posts\/6489","targetHints":{"allow":["GET"]}}],"collection":[{"href":"https:\/\/mobilitas.lat\/es\/wp-json\/wp\/v2\/posts"}],"about":[{"href":"https:\/\/mobilitas.lat\/es\/wp-json\/wp\/v2\/types\/post"}],"author":[{"embeddable":true,"href":"https:\/\/mobilitas.lat\/es\/wp-json\/wp\/v2\/users\/2"}],"replies":[{"embeddable":true,"href":"https:\/\/mobilitas.lat\/es\/wp-json\/wp\/v2\/comments?post=6489"}],"version-history":[{"count":4,"href":"https:\/\/mobilitas.lat\/es\/wp-json\/wp\/v2\/posts\/6489\/revisions"}],"predecessor-version":[{"id":6502,"href":"https:\/\/mobilitas.lat\/es\/wp-json\/wp\/v2\/posts\/6489\/revisions\/6502"}],"wp:featuredmedia":[{"embeddable":true,"href":"https:\/\/mobilitas.lat\/es\/wp-json\/wp\/v2\/media\/6497"}],"wp:attachment":[{"href":"https:\/\/mobilitas.lat\/es\/wp-json\/wp\/v2\/media?parent=6489"}],"wp:term":[{"taxonomy":"category","embeddable":true,"href":"https:\/\/mobilitas.lat\/es\/wp-json\/wp\/v2\/categories?post=6489"},{"taxonomy":"post_tag","embeddable":true,"href":"https:\/\/mobilitas.lat\/es\/wp-json\/wp\/v2\/tags?post=6489"}],"curies":[{"name":"wp","href":"https:\/\/api.w.org\/{rel}","templated":true}]}}