{"id":6472,"date":"2019-12-22T23:17:18","date_gmt":"2019-12-23T02:17:18","guid":{"rendered":"https:\/\/mobilitas.lat\/?p=6472"},"modified":"2019-12-22T23:38:57","modified_gmt":"2019-12-23T02:38:57","slug":"avanza-la-integracion-del-sistema-de-autobuses-metropolitanos-en-uruguay","status":"publish","type":"post","link":"https:\/\/mobilitas.lat\/es\/2019\/12\/22\/avanza-la-integracion-del-sistema-de-autobuses-metropolitanos-en-uruguay\/","title":{"rendered":"Avanza la integraci\u00f3n del sistema de autobuses metropolitanos en Uruguay"},"content":{"rendered":"\n<p>Acerc\u00e1ndose al final, el\nactual gobierno nacional de Uruguay informa que comenz\u00f3 la implementaci\u00f3n de la\nextensi\u00f3n del uso del software de integraci\u00f3n tecnol\u00f3gica Sistema de Transporte\nMetropolitano (STM) a las empresas de transporte colectivo que operan en el\n\u00e1rea metropolitana &#8212; es decir, en los entorno de Montevideo. El despliegue\nser\u00e1 progresivo durante el mes de diciembre.<\/p>\n\n\n\n<p>El 3 de&nbsp; diciembre de 2019, el Ministerio de Transporte\ny Obras P\u00fablicas junto con los gobiernos departamentales de Canelones,\nMontevideo y San Jos\u00e9, presentaron el inicio de una nueva fase de\nimplementaci\u00f3n del Sistema de Transporte Metropolitano. Hasta ahora, el sistema\nfuncionaba dentro del departamento de Montevideo. A partir de diciembre, el\nservicio comenz\u00f3 a usarse en las l\u00edneas de transporte colectivo del \u00e1rea\nmetropolitana.<\/p>\n\n\n\n<p>Seg\u00fan el gobierno, la\nextensi\u00f3n del STM mejorar\u00e1 la calidad del servicio para las personas que viven\nen esta zona. En el \u00e1rea metropolitana residen alrededor de 1.8 millones de\npersonas, que representan el 56% de la poblaci\u00f3n del pa\u00eds. El entendimiento\ngubernamental es que disponer de un sistema de transporte p\u00fablico eficiente y\nde calidad es fundamental para garantizar la movilidad de quienes viven all\u00ed.\nActualmente existen 29 empresas que ofrecen 357 l\u00edneas de transporte colectivo.\nEn 2018 estas empresas vendieron m\u00e1s de 328 millones de pasajes.<\/p>\n\n\n\n<p><strong>IMPLEMENTACI\u00d3N GRADUAL<\/strong><\/p>\n\n\n\n<p>La implementaci\u00f3n del\nservicio se realizar\u00e1 de forma gradual a lo largo del mes de diciembre de 2019.\nLa primera l\u00ednea en incorporar el sistema es la DM1, que une Punta Carretas y\nZonam\u00e9rica. Durante la primera semana se agregar\u00e1n los servicios que circulan\npor ruta 1, a trav\u00e9s de las empresas Come y Cutcsa, que van hacia Ciudad del\nPlata, Playa Pascual y Libertad. En la segunda semana se integrar\u00e1n los\nservicios que van por ruta 5, de las empresas Cutcsa, Coetc y Copsa, que\nconectan la capital con La Paz, Las Piedras, Progreso, Canelones y Santa Luc\u00eda.<\/p>\n\n\n\n<p>Posteriormente se agregar\u00e1n\nlos servicios de ruta 6, de las empresas Casanova, Ucott y San Antonio, que van\nhacia el santoral de Canelones (Sauce, Santa Rosa y San Ram\u00f3n) y Chamizo, en\nFlorida. Luego, se integrar\u00e1n las l\u00edneas que van hacia el este, por ruta Interbalnearia\ny avenida Giannattasio, que llegan a San Luis y Araminda. Finalmente, a fines\nde diciembre o principios de enero se incorporar\u00e1n los servicios de ruta 8 de\nlas empresas Tala Pando Montevideo y Copsa, que van hacia Barros Blancos,\nPando, Empalme Olmos y Soca.<\/p>\n\n\n\n<p><strong>COORDINACI\u00d3N COMPLEJA<\/strong><\/p>\n\n\n\n<p>El gobierno relata que la\nextensi\u00f3n del STM implic\u00f3 un complejo trabajo de coordinaci\u00f3n y\ncompatibilizaci\u00f3n que usaban las 29 empresas.&nbsp;\nEl ministro de Transporte y Obras P\u00fablicas, V\u00edctor Rossi, destac\u00f3 el\nlogro de este objetivo que se traz\u00f3 para mejorar la calidad del servicio que\nreciben los usuarios. Adem\u00e1s, destac\u00f3 los avances que se han realizado en\ncuanto a renovaci\u00f3n de unidades, la incorporaci\u00f3n de tecnolog\u00eda y el cambio de\nla matriz energ\u00e9tica a trav\u00e9s de la incorporaci\u00f3n de unidades h\u00edbridas.<\/p>\n\n\n\n<p>El director nacional de\nTransporte, Felipe Mart\u00edn, se\u00f1al\u00f3 los beneficios que derivar\u00e1n de la extensi\u00f3n\ndel STM. Los usuarios ya no tendr\u00e1n restricciones para tomar servicios\ndependiendo de la empresa a la que est\u00e9n abonados, sino que podr\u00e1n tomar\nservicios de cualquier empresa. \n\nAdem\u00e1s, el jerarca se\u00f1al\u00f3 que en la medida que el\nsistema funcione adecuadamente se proceder\u00e1 a \u201cprivilegiar\u201d a los usuarios\nfrecuentes a trav\u00e9s de la promoci\u00f3n de viajes bonificados. Los cambios tambi\u00e9n\npermitir\u00e1n un menor uso de dinero en efectivo, la disminuci\u00f3n del tiempo de\nascenso y descenso a las unidades, la eliminaci\u00f3n de restricciones ante cambios\nen el destino, as\u00ed como la ampliaci\u00f3n de la red de centros de emisi\u00f3n y recarga\nde la tarjeta. \u201cTiene\nuna funcionalidad enorme\u201d, finaliz\u00f3 Mart\u00edn.\n\n\n\n<\/p>\n","protected":false},"excerpt":{"rendered":"<p>Acerc\u00e1ndose al final, el actual gobierno nacional de Uruguay informa que comenz\u00f3 la implementaci\u00f3n de la extensi\u00f3n del uso del software de integraci\u00f3n tecnol\u00f3gica Sistema de Transporte Metropolitano (STM) a las empresas de transporte colectivo que operan en el \u00e1rea metropolitana &#8212; es decir, en los entorno de Montevideo. El despliegue ser\u00e1 progresivo durante el [&hellip;]<\/p>\n","protected":false},"author":2,"featured_media":6478,"comment_status":"closed","ping_status":"closed","sticky":true,"template":"","format":"standard","meta":{"footnotes":""},"categories":[337,336,1,287],"tags":[611],"class_list":["post-6472","post","type-post","status-publish","format-standard","has-post-thumbnail","hentry","category-informacao","category-informacion","category-materias","category-notas","tag-sistema-de-transporte-metropolitano"],"yoast_head":"<!-- This site is optimized with the Yoast SEO plugin v26.9 - https:\/\/yoast.com\/product\/yoast-seo-wordpress\/ -->\n<title>Avanza la integraci\u00f3n del sistema de autobuses metropolitanos en Uruguay | Mobilitas<\/title>\n<meta name=\"robots\" content=\"index, follow, max-snippet:-1, max-image-preview:large, max-video-preview:-1\" \/>\n<link rel=\"canonical\" href=\"https:\/\/mobilitas.lat\/es\/2019\/12\/22\/avanza-la-integracion-del-sistema-de-autobuses-metropolitanos-en-uruguay\/\" \/>\n<meta property=\"og:locale\" content=\"es_ES\" \/>\n<meta property=\"og:type\" content=\"article\" \/>\n<meta property=\"og:title\" content=\"Avanza la integraci\u00f3n del sistema de autobuses metropolitanos en Uruguay | Mobilitas\" \/>\n<meta property=\"og:description\" content=\"Acerc\u00e1ndose al final, el actual gobierno nacional de Uruguay informa que comenz\u00f3 la implementaci\u00f3n de la extensi\u00f3n del uso del software de integraci\u00f3n tecnol\u00f3gica Sistema de Transporte Metropolitano (STM) a las empresas de transporte colectivo que operan en el \u00e1rea metropolitana &#8212; es decir, en los entorno de Montevideo. El despliegue ser\u00e1 progresivo durante el [&hellip;]\" \/>\n<meta property=\"og:url\" content=\"https:\/\/mobilitas.lat\/es\/2019\/12\/22\/avanza-la-integracion-del-sistema-de-autobuses-metropolitanos-en-uruguay\/\" \/>\n<meta property=\"og:site_name\" content=\"Mobilitas\" \/>\n<meta property=\"article:published_time\" content=\"2019-12-23T02:17:18+00:00\" \/>\n<meta property=\"article:modified_time\" content=\"2019-12-23T02:38:57+00:00\" \/>\n<meta property=\"og:image\" content=\"https:\/\/storage.mobilitas.lat\/uploads\/2019\/12\/MOBILITAS-MONTEVIDEO-IMAGEM-DO-CART\u00c3O-STM-EM-USO-4-NOV\u00cdSSIMO.png\" \/>\n\t<meta property=\"og:image:width\" content=\"563\" \/>\n\t<meta property=\"og:image:height\" content=\"334\" \/>\n\t<meta property=\"og:image:type\" content=\"image\/png\" \/>\n<meta name=\"author\" content=\"Alexandre Asquini\" \/>\n<meta name=\"twitter:card\" content=\"summary_large_image\" \/>\n<meta name=\"twitter:label1\" content=\"Written by\" \/>\n\t<meta name=\"twitter:data1\" content=\"Alexandre Asquini\" \/>\n\t<meta name=\"twitter:label2\" content=\"Est. reading time\" \/>\n\t<meta name=\"twitter:data2\" content=\"3 minutes\" \/>\n<script type=\"application\/ld+json\" class=\"yoast-schema-graph\">{\"@context\":\"https:\/\/schema.org\",\"@graph\":[{\"@type\":\"Article\",\"@id\":\"https:\/\/mobilitas.lat\/es\/2019\/12\/22\/avanza-la-integracion-del-sistema-de-autobuses-metropolitanos-en-uruguay\/#article\",\"isPartOf\":{\"@id\":\"https:\/\/mobilitas.lat\/es\/2019\/12\/22\/avanza-la-integracion-del-sistema-de-autobuses-metropolitanos-en-uruguay\/\"},\"author\":{\"name\":\"Alexandre Asquini\",\"@id\":\"https:\/\/mobilitas.lat\/es\/#\/schema\/person\/cae0d01ccbe855d1858d146e4c4d582d\"},\"headline\":\"Avanza la integraci\u00f3n del sistema de autobuses metropolitanos en Uruguay\",\"datePublished\":\"2019-12-23T02:17:18+00:00\",\"dateModified\":\"2019-12-23T02:38:57+00:00\",\"mainEntityOfPage\":{\"@id\":\"https:\/\/mobilitas.lat\/es\/2019\/12\/22\/avanza-la-integracion-del-sistema-de-autobuses-metropolitanos-en-uruguay\/\"},\"wordCount\":671,\"publisher\":{\"@id\":\"https:\/\/mobilitas.lat\/es\/#organization\"},\"image\":{\"@id\":\"https:\/\/mobilitas.lat\/es\/2019\/12\/22\/avanza-la-integracion-del-sistema-de-autobuses-metropolitanos-en-uruguay\/#primaryimage\"},\"thumbnailUrl\":\"https:\/\/storage.mobilitas.lat\/uploads\/2019\/12\/MOBILITAS-MONTEVIDEO-IMAGEM-DO-CART\u00c3O-STM-EM-USO-4-NOV\u00cdSSIMO.png\",\"keywords\":[\"SISTEMA DE TRANSPORTE METROPOLITANO\"],\"articleSection\":[\"Informa\u00e7\u00e3o\",\"Informaci\u00f3n\",\"Mat\u00e9rias\",\"Notas\"],\"inLanguage\":\"es-ES\"},{\"@type\":\"WebPage\",\"@id\":\"https:\/\/mobilitas.lat\/es\/2019\/12\/22\/avanza-la-integracion-del-sistema-de-autobuses-metropolitanos-en-uruguay\/\",\"url\":\"https:\/\/mobilitas.lat\/es\/2019\/12\/22\/avanza-la-integracion-del-sistema-de-autobuses-metropolitanos-en-uruguay\/\",\"name\":\"Avanza la integraci\u00f3n del sistema de autobuses metropolitanos en Uruguay | Mobilitas\",\"isPartOf\":{\"@id\":\"https:\/\/mobilitas.lat\/es\/#website\"},\"primaryImageOfPage\":{\"@id\":\"https:\/\/mobilitas.lat\/es\/2019\/12\/22\/avanza-la-integracion-del-sistema-de-autobuses-metropolitanos-en-uruguay\/#primaryimage\"},\"image\":{\"@id\":\"https:\/\/mobilitas.lat\/es\/2019\/12\/22\/avanza-la-integracion-del-sistema-de-autobuses-metropolitanos-en-uruguay\/#primaryimage\"},\"thumbnailUrl\":\"https:\/\/storage.mobilitas.lat\/uploads\/2019\/12\/MOBILITAS-MONTEVIDEO-IMAGEM-DO-CART\u00c3O-STM-EM-USO-4-NOV\u00cdSSIMO.png\",\"datePublished\":\"2019-12-23T02:17:18+00:00\",\"dateModified\":\"2019-12-23T02:38:57+00:00\",\"breadcrumb\":{\"@id\":\"https:\/\/mobilitas.lat\/es\/2019\/12\/22\/avanza-la-integracion-del-sistema-de-autobuses-metropolitanos-en-uruguay\/#breadcrumb\"},\"inLanguage\":\"es-ES\",\"potentialAction\":[{\"@type\":\"ReadAction\",\"target\":[\"https:\/\/mobilitas.lat\/es\/2019\/12\/22\/avanza-la-integracion-del-sistema-de-autobuses-metropolitanos-en-uruguay\/\"]}]},{\"@type\":\"ImageObject\",\"inLanguage\":\"es-ES\",\"@id\":\"https:\/\/mobilitas.lat\/es\/2019\/12\/22\/avanza-la-integracion-del-sistema-de-autobuses-metropolitanos-en-uruguay\/#primaryimage\",\"url\":\"https:\/\/storage.mobilitas.lat\/uploads\/2019\/12\/MOBILITAS-MONTEVIDEO-IMAGEM-DO-CART\u00c3O-STM-EM-USO-4-NOV\u00cdSSIMO.png\",\"contentUrl\":\"https:\/\/storage.mobilitas.lat\/uploads\/2019\/12\/MOBILITAS-MONTEVIDEO-IMAGEM-DO-CART\u00c3O-STM-EM-USO-4-NOV\u00cdSSIMO.png\",\"width\":563,\"height\":334},{\"@type\":\"BreadcrumbList\",\"@id\":\"https:\/\/mobilitas.lat\/es\/2019\/12\/22\/avanza-la-integracion-del-sistema-de-autobuses-metropolitanos-en-uruguay\/#breadcrumb\",\"itemListElement\":[{\"@type\":\"ListItem\",\"position\":1,\"name\":\"In\u00edcio\",\"item\":\"https:\/\/mobilitas.lat\/es\/\"},{\"@type\":\"ListItem\",\"position\":2,\"name\":\"Avanza la integraci\u00f3n del sistema de autobuses metropolitanos en Uruguay\"}]},{\"@type\":\"WebSite\",\"@id\":\"https:\/\/mobilitas.lat\/es\/#website\",\"url\":\"https:\/\/mobilitas.lat\/es\/\",\"name\":\"Mobilitas\",\"description\":\"Tecnologia e Mobilidade Urbana na Am\u00e9rica Latina\",\"publisher\":{\"@id\":\"https:\/\/mobilitas.lat\/es\/#organization\"},\"potentialAction\":[{\"@type\":\"SearchAction\",\"target\":{\"@type\":\"EntryPoint\",\"urlTemplate\":\"https:\/\/mobilitas.lat\/es\/?s={search_term_string}\"},\"query-input\":{\"@type\":\"PropertyValueSpecification\",\"valueRequired\":true,\"valueName\":\"search_term_string\"}}],\"inLanguage\":\"es-ES\"},{\"@type\":\"Organization\",\"@id\":\"https:\/\/mobilitas.lat\/es\/#organization\",\"name\":\"OTM Editora\",\"url\":\"https:\/\/mobilitas.lat\/es\/\",\"logo\":{\"@type\":\"ImageObject\",\"inLanguage\":\"es-ES\",\"@id\":\"https:\/\/mobilitas.lat\/es\/#\/schema\/logo\/image\/\",\"url\":\"https:\/\/mobilitas.lat\/wp-content\/uploads\/2024\/03\/opengraph.png\",\"contentUrl\":\"https:\/\/mobilitas.lat\/wp-content\/uploads\/2024\/03\/opengraph.png\",\"width\":1200,\"height\":630,\"caption\":\"OTM Editora\"},\"image\":{\"@id\":\"https:\/\/mobilitas.lat\/es\/#\/schema\/logo\/image\/\"}},{\"@type\":\"Person\",\"@id\":\"https:\/\/mobilitas.lat\/es\/#\/schema\/person\/cae0d01ccbe855d1858d146e4c4d582d\",\"name\":\"Alexandre Asquini\",\"image\":{\"@type\":\"ImageObject\",\"inLanguage\":\"es-ES\",\"@id\":\"https:\/\/mobilitas.lat\/es\/#\/schema\/person\/image\/\",\"url\":\"https:\/\/secure.gravatar.com\/avatar\/aac99dbef1420f75cc7d86913eb8a7cdfbe13e2509ad7a45649a61414f6d2785?s=96&d=mm&r=g\",\"contentUrl\":\"https:\/\/secure.gravatar.com\/avatar\/aac99dbef1420f75cc7d86913eb8a7cdfbe13e2509ad7a45649a61414f6d2785?s=96&d=mm&r=g\",\"caption\":\"Alexandre Asquini\"}}]}<\/script>\n<!-- \/ Yoast SEO plugin. -->","yoast_head_json":{"title":"Avanza la integraci\u00f3n del sistema de autobuses metropolitanos en Uruguay | Mobilitas","robots":{"index":"index","follow":"follow","max-snippet":"max-snippet:-1","max-image-preview":"max-image-preview:large","max-video-preview":"max-video-preview:-1"},"canonical":"https:\/\/mobilitas.lat\/es\/2019\/12\/22\/avanza-la-integracion-del-sistema-de-autobuses-metropolitanos-en-uruguay\/","og_locale":"es_ES","og_type":"article","og_title":"Avanza la integraci\u00f3n del sistema de autobuses metropolitanos en Uruguay | Mobilitas","og_description":"Acerc\u00e1ndose al final, el actual gobierno nacional de Uruguay informa que comenz\u00f3 la implementaci\u00f3n de la extensi\u00f3n del uso del software de integraci\u00f3n tecnol\u00f3gica Sistema de Transporte Metropolitano (STM) a las empresas de transporte colectivo que operan en el \u00e1rea metropolitana &#8212; es decir, en los entorno de Montevideo. El despliegue ser\u00e1 progresivo durante el [&hellip;]","og_url":"https:\/\/mobilitas.lat\/es\/2019\/12\/22\/avanza-la-integracion-del-sistema-de-autobuses-metropolitanos-en-uruguay\/","og_site_name":"Mobilitas","article_published_time":"2019-12-23T02:17:18+00:00","article_modified_time":"2019-12-23T02:38:57+00:00","og_image":[{"width":563,"height":334,"url":"https:\/\/storage.mobilitas.lat\/uploads\/2019\/12\/MOBILITAS-MONTEVIDEO-IMAGEM-DO-CART\u00c3O-STM-EM-USO-4-NOV\u00cdSSIMO.png","type":"image\/png"}],"author":"Alexandre Asquini","twitter_card":"summary_large_image","twitter_misc":{"Written by":"Alexandre Asquini","Est. reading time":"3 minutes"},"schema":{"@context":"https:\/\/schema.org","@graph":[{"@type":"Article","@id":"https:\/\/mobilitas.lat\/es\/2019\/12\/22\/avanza-la-integracion-del-sistema-de-autobuses-metropolitanos-en-uruguay\/#article","isPartOf":{"@id":"https:\/\/mobilitas.lat\/es\/2019\/12\/22\/avanza-la-integracion-del-sistema-de-autobuses-metropolitanos-en-uruguay\/"},"author":{"name":"Alexandre Asquini","@id":"https:\/\/mobilitas.lat\/es\/#\/schema\/person\/cae0d01ccbe855d1858d146e4c4d582d"},"headline":"Avanza la integraci\u00f3n del sistema de autobuses metropolitanos en Uruguay","datePublished":"2019-12-23T02:17:18+00:00","dateModified":"2019-12-23T02:38:57+00:00","mainEntityOfPage":{"@id":"https:\/\/mobilitas.lat\/es\/2019\/12\/22\/avanza-la-integracion-del-sistema-de-autobuses-metropolitanos-en-uruguay\/"},"wordCount":671,"publisher":{"@id":"https:\/\/mobilitas.lat\/es\/#organization"},"image":{"@id":"https:\/\/mobilitas.lat\/es\/2019\/12\/22\/avanza-la-integracion-del-sistema-de-autobuses-metropolitanos-en-uruguay\/#primaryimage"},"thumbnailUrl":"https:\/\/storage.mobilitas.lat\/uploads\/2019\/12\/MOBILITAS-MONTEVIDEO-IMAGEM-DO-CART\u00c3O-STM-EM-USO-4-NOV\u00cdSSIMO.png","keywords":["SISTEMA DE TRANSPORTE METROPOLITANO"],"articleSection":["Informa\u00e7\u00e3o","Informaci\u00f3n","Mat\u00e9rias","Notas"],"inLanguage":"es-ES"},{"@type":"WebPage","@id":"https:\/\/mobilitas.lat\/es\/2019\/12\/22\/avanza-la-integracion-del-sistema-de-autobuses-metropolitanos-en-uruguay\/","url":"https:\/\/mobilitas.lat\/es\/2019\/12\/22\/avanza-la-integracion-del-sistema-de-autobuses-metropolitanos-en-uruguay\/","name":"Avanza la integraci\u00f3n del sistema de autobuses metropolitanos en Uruguay | Mobilitas","isPartOf":{"@id":"https:\/\/mobilitas.lat\/es\/#website"},"primaryImageOfPage":{"@id":"https:\/\/mobilitas.lat\/es\/2019\/12\/22\/avanza-la-integracion-del-sistema-de-autobuses-metropolitanos-en-uruguay\/#primaryimage"},"image":{"@id":"https:\/\/mobilitas.lat\/es\/2019\/12\/22\/avanza-la-integracion-del-sistema-de-autobuses-metropolitanos-en-uruguay\/#primaryimage"},"thumbnailUrl":"https:\/\/storage.mobilitas.lat\/uploads\/2019\/12\/MOBILITAS-MONTEVIDEO-IMAGEM-DO-CART\u00c3O-STM-EM-USO-4-NOV\u00cdSSIMO.png","datePublished":"2019-12-23T02:17:18+00:00","dateModified":"2019-12-23T02:38:57+00:00","breadcrumb":{"@id":"https:\/\/mobilitas.lat\/es\/2019\/12\/22\/avanza-la-integracion-del-sistema-de-autobuses-metropolitanos-en-uruguay\/#breadcrumb"},"inLanguage":"es-ES","potentialAction":[{"@type":"ReadAction","target":["https:\/\/mobilitas.lat\/es\/2019\/12\/22\/avanza-la-integracion-del-sistema-de-autobuses-metropolitanos-en-uruguay\/"]}]},{"@type":"ImageObject","inLanguage":"es-ES","@id":"https:\/\/mobilitas.lat\/es\/2019\/12\/22\/avanza-la-integracion-del-sistema-de-autobuses-metropolitanos-en-uruguay\/#primaryimage","url":"https:\/\/storage.mobilitas.lat\/uploads\/2019\/12\/MOBILITAS-MONTEVIDEO-IMAGEM-DO-CART\u00c3O-STM-EM-USO-4-NOV\u00cdSSIMO.png","contentUrl":"https:\/\/storage.mobilitas.lat\/uploads\/2019\/12\/MOBILITAS-MONTEVIDEO-IMAGEM-DO-CART\u00c3O-STM-EM-USO-4-NOV\u00cdSSIMO.png","width":563,"height":334},{"@type":"BreadcrumbList","@id":"https:\/\/mobilitas.lat\/es\/2019\/12\/22\/avanza-la-integracion-del-sistema-de-autobuses-metropolitanos-en-uruguay\/#breadcrumb","itemListElement":[{"@type":"ListItem","position":1,"name":"In\u00edcio","item":"https:\/\/mobilitas.lat\/es\/"},{"@type":"ListItem","position":2,"name":"Avanza la integraci\u00f3n del sistema de autobuses metropolitanos en Uruguay"}]},{"@type":"WebSite","@id":"https:\/\/mobilitas.lat\/es\/#website","url":"https:\/\/mobilitas.lat\/es\/","name":"Mobilitas","description":"Tecnologia e Mobilidade Urbana na Am\u00e9rica Latina","publisher":{"@id":"https:\/\/mobilitas.lat\/es\/#organization"},"potentialAction":[{"@type":"SearchAction","target":{"@type":"EntryPoint","urlTemplate":"https:\/\/mobilitas.lat\/es\/?s={search_term_string}"},"query-input":{"@type":"PropertyValueSpecification","valueRequired":true,"valueName":"search_term_string"}}],"inLanguage":"es-ES"},{"@type":"Organization","@id":"https:\/\/mobilitas.lat\/es\/#organization","name":"OTM Editora","url":"https:\/\/mobilitas.lat\/es\/","logo":{"@type":"ImageObject","inLanguage":"es-ES","@id":"https:\/\/mobilitas.lat\/es\/#\/schema\/logo\/image\/","url":"https:\/\/mobilitas.lat\/wp-content\/uploads\/2024\/03\/opengraph.png","contentUrl":"https:\/\/mobilitas.lat\/wp-content\/uploads\/2024\/03\/opengraph.png","width":1200,"height":630,"caption":"OTM Editora"},"image":{"@id":"https:\/\/mobilitas.lat\/es\/#\/schema\/logo\/image\/"}},{"@type":"Person","@id":"https:\/\/mobilitas.lat\/es\/#\/schema\/person\/cae0d01ccbe855d1858d146e4c4d582d","name":"Alexandre Asquini","image":{"@type":"ImageObject","inLanguage":"es-ES","@id":"https:\/\/mobilitas.lat\/es\/#\/schema\/person\/image\/","url":"https:\/\/secure.gravatar.com\/avatar\/aac99dbef1420f75cc7d86913eb8a7cdfbe13e2509ad7a45649a61414f6d2785?s=96&d=mm&r=g","contentUrl":"https:\/\/secure.gravatar.com\/avatar\/aac99dbef1420f75cc7d86913eb8a7cdfbe13e2509ad7a45649a61414f6d2785?s=96&d=mm&r=g","caption":"Alexandre Asquini"}}]}},"_links":{"self":[{"href":"https:\/\/mobilitas.lat\/es\/wp-json\/wp\/v2\/posts\/6472","targetHints":{"allow":["GET"]}}],"collection":[{"href":"https:\/\/mobilitas.lat\/es\/wp-json\/wp\/v2\/posts"}],"about":[{"href":"https:\/\/mobilitas.lat\/es\/wp-json\/wp\/v2\/types\/post"}],"author":[{"embeddable":true,"href":"https:\/\/mobilitas.lat\/es\/wp-json\/wp\/v2\/users\/2"}],"replies":[{"embeddable":true,"href":"https:\/\/mobilitas.lat\/es\/wp-json\/wp\/v2\/comments?post=6472"}],"version-history":[{"count":4,"href":"https:\/\/mobilitas.lat\/es\/wp-json\/wp\/v2\/posts\/6472\/revisions"}],"predecessor-version":[{"id":6477,"href":"https:\/\/mobilitas.lat\/es\/wp-json\/wp\/v2\/posts\/6472\/revisions\/6477"}],"wp:featuredmedia":[{"embeddable":true,"href":"https:\/\/mobilitas.lat\/es\/wp-json\/wp\/v2\/media\/6478"}],"wp:attachment":[{"href":"https:\/\/mobilitas.lat\/es\/wp-json\/wp\/v2\/media?parent=6472"}],"wp:term":[{"taxonomy":"category","embeddable":true,"href":"https:\/\/mobilitas.lat\/es\/wp-json\/wp\/v2\/categories?post=6472"},{"taxonomy":"post_tag","embeddable":true,"href":"https:\/\/mobilitas.lat\/es\/wp-json\/wp\/v2\/tags?post=6472"}],"curies":[{"name":"wp","href":"https:\/\/api.w.org\/{rel}","templated":true}]}}