{"id":6119,"date":"2019-10-23T22:49:44","date_gmt":"2019-10-24T01:49:44","guid":{"rendered":"https:\/\/mobilitas.lat\/?p=6119"},"modified":"2019-10-23T23:50:42","modified_gmt":"2019-10-24T02:50:42","slug":"linea-1-de-metro-de-santiago-transporto-el-22-de-octubre-%c2%bc-de-los-pasajeros-que-transportaba-habitualmente-en-un-dia-habil","status":"publish","type":"post","link":"https:\/\/mobilitas.lat\/es\/2019\/10\/23\/linea-1-de-metro-de-santiago-transporto-el-22-de-octubre-%c2%bc-de-los-pasajeros-que-transportaba-habitualmente-en-un-dia-habil\/","title":{"rendered":"L\u00ednea 1 de Metro de Santiago transport\u00f3 el 22 de octubre \u00bc de los pasajeros que transportaba habitualmente en un d\u00eda h\u00e1bil"},"content":{"rendered":"\n<p>Este martes 22 de octubre, la L\u00ednea 1 transport\u00f3 271.448\npasajeros entre las 7:00 y las 18.30 horas. En un d\u00eda de funcionamiento\nhabitual, es decir, con todas las estaciones operativas y horario normal, L\u00ednea\n1 transporta alrededor de un mill\u00f3n de pasajeros.<\/p>\n\n\n\n<p><strong>EXTENSI\u00d3N DE\nOPERACI\u00d3N<\/strong><\/p>\n\n\n\n<p>El martes 22 de octubre, el Metro de Santiago inform\u00f3 que\nel mi\u00e9rcoles 23 de octubre pondr\u00eda en funcionamiento parcial la L\u00ednea 3 y la\nL\u00ednea 6. Se anticipaba que el jueves 24 de octubre, el\nMetro de Santiago tendr\u00eda la misma operaci\u00f3n que el mi\u00e9rcoles.<\/p>\n\n\n\n<p>Dice la nota divulgada el 22 de octubre que la L\u00ednea 1\noperaria al igual que los d\u00edas anteriores, entre Pajaritos y Los Dominicos, con\ntres estaciones cerradas y sin detenci\u00f3n de trenes: Baquedano, Los H\u00e9roes y\nUni\u00f3n Latinoamericana. <\/p>\n\n\n\n<p>Las L\u00edneas 3 y 6 operar\u00edan de terminal a terminal, con\ndetenci\u00f3n en algunas estaciones, abriendo tres combinaciones en la red.<\/p>\n\n\n\n<p>De acuerdo con la nota, a partir de mi\u00e9rcoles 23 de\noctubre, Metro de Santiago pondr\u00eda en servicio cinco estaciones de L\u00ednea 3 y\ncuatro de L\u00ednea 6, sum\u00e1ndose as\u00ed a L\u00ednea 1, que ya estaba operando de manera\nparcial desde el lunes.<\/p>\n\n\n\n<p><strong>M\u00c1S\nPOSIBILIDADES<\/strong><\/p>\n\n\n\n<p>Con esta nueva planificaci\u00f3n, L\u00ednea 3 opera de terminal a\nterminal, con detenci\u00f3n de trenes en las estaciones Los Libertadores, Vivaceta,\nUniversidad de Chile, \u00d1u\u00f1oa y Fernando Castillo Velasco. El resto de la\nestaciones se mantendr\u00e1n cerradas.<\/p>\n\n\n\n<p>En el caso de L\u00ednea 6, tambi\u00e9n funciona de terminal a\nterminal, con detenci\u00f3n de trenes en cuatro estaciones: Cerrillos, Lo Valledor,\n\u00d1u\u00f1oa y Los Leones. <\/p>\n\n\n\n<p>L\u00ednea 1, en tanto, opera en las mismas condiciones en que\nlo ha hecho los \u00faltimos dos d\u00edas, es decir, con servicio parcial entre las\nestaciones Pajaritos y Los Dominicos (Neptuno y San Pablo se encuentran fuera\nde servicio), y con tres estaciones de ese tramo cerradas: Baquedano, Los\nH\u00e9roes y Uni\u00f3n Latinoamericana.<\/p>\n\n\n\n<p>De esta manera, los pasajeros poden ampliar sus posibilidades\nde viajes, ya que est\u00e1n disponibles las siguientes combinaciones: entre L\u00ednea 1\ny L\u00ednea 3, en Universidad de Chile; entre L\u00edneas 1 y 6, en Los Leones y&nbsp; entre L\u00ednea 3 y 6, en \u00d1u\u00f1oa.<\/p>\n\n\n\n<p>El horario de funcionamiento de estas tres l\u00edneas es\ndesde las 7:00 hasta las 20:00 hrs. Sin embargo, el fin de la operaci\u00f3n pode\nser ajustado de acuerdo a las medidas que adopten las autoridades militares,\ntal como ha ocurrido en los d\u00edas anteriores. <\/p>\n","protected":false},"excerpt":{"rendered":"<p>Este martes 22 de octubre, la L\u00ednea 1 transport\u00f3 271.448 pasajeros entre las 7:00 y las 18.30 horas. En un d\u00eda de funcionamiento habitual, es decir, con todas las estaciones operativas y horario normal, L\u00ednea 1 transporta alrededor de un mill\u00f3n de pasajeros. EXTENSI\u00d3N DE OPERACI\u00d3N El martes 22 de octubre, el Metro de Santiago [&hellip;]<\/p>\n","protected":false},"author":2,"featured_media":0,"comment_status":"closed","ping_status":"closed","sticky":false,"template":"","format":"standard","meta":{"footnotes":""},"categories":[287,298],"tags":[143],"class_list":["post-6119","post","type-post","status-publish","format-standard","hentry","category-notas","category-radar-es","tag-metro-de-santiago"],"yoast_head":"<!-- This site is optimized with the Yoast SEO plugin v26.9 - https:\/\/yoast.com\/product\/yoast-seo-wordpress\/ -->\n<title>L\u00ednea 1 de Metro de Santiago transport\u00f3 el 22 de octubre \u00bc de los pasajeros que transportaba habitualmente en un d\u00eda h\u00e1bil | Mobilitas<\/title>\n<meta name=\"robots\" content=\"index, follow, max-snippet:-1, max-image-preview:large, max-video-preview:-1\" \/>\n<link rel=\"canonical\" href=\"https:\/\/mobilitas.lat\/es\/2019\/10\/23\/linea-1-de-metro-de-santiago-transporto-el-22-de-octubre-\u00bc-de-los-pasajeros-que-transportaba-habitualmente-en-un-dia-habil\/\" \/>\n<meta property=\"og:locale\" content=\"es_ES\" \/>\n<meta property=\"og:type\" content=\"article\" \/>\n<meta property=\"og:title\" content=\"L\u00ednea 1 de Metro de Santiago transport\u00f3 el 22 de octubre \u00bc de los pasajeros que transportaba habitualmente en un d\u00eda h\u00e1bil | Mobilitas\" \/>\n<meta property=\"og:description\" content=\"Este martes 22 de octubre, la L\u00ednea 1 transport\u00f3 271.448 pasajeros entre las 7:00 y las 18.30 horas. En un d\u00eda de funcionamiento habitual, es decir, con todas las estaciones operativas y horario normal, L\u00ednea 1 transporta alrededor de un mill\u00f3n de pasajeros. EXTENSI\u00d3N DE OPERACI\u00d3N El martes 22 de octubre, el Metro de Santiago [&hellip;]\" \/>\n<meta property=\"og:url\" content=\"https:\/\/mobilitas.lat\/es\/2019\/10\/23\/linea-1-de-metro-de-santiago-transporto-el-22-de-octubre-\u00bc-de-los-pasajeros-que-transportaba-habitualmente-en-un-dia-habil\/\" \/>\n<meta property=\"og:site_name\" content=\"Mobilitas\" \/>\n<meta property=\"article:published_time\" content=\"2019-10-24T01:49:44+00:00\" \/>\n<meta property=\"article:modified_time\" content=\"2019-10-24T02:50:42+00:00\" \/>\n<meta name=\"author\" content=\"Alexandre Asquini\" \/>\n<meta name=\"twitter:card\" content=\"summary_large_image\" \/>\n<meta name=\"twitter:label1\" content=\"Written by\" \/>\n\t<meta name=\"twitter:data1\" content=\"Alexandre Asquini\" \/>\n\t<meta name=\"twitter:label2\" content=\"Est. reading time\" \/>\n\t<meta name=\"twitter:data2\" content=\"2 minutes\" \/>\n<script type=\"application\/ld+json\" class=\"yoast-schema-graph\">{\"@context\":\"https:\/\/schema.org\",\"@graph\":[{\"@type\":\"Article\",\"@id\":\"https:\/\/mobilitas.lat\/es\/2019\/10\/23\/linea-1-de-metro-de-santiago-transporto-el-22-de-octubre-%c2%bc-de-los-pasajeros-que-transportaba-habitualmente-en-un-dia-habil\/#article\",\"isPartOf\":{\"@id\":\"https:\/\/mobilitas.lat\/es\/2019\/10\/23\/linea-1-de-metro-de-santiago-transporto-el-22-de-octubre-%c2%bc-de-los-pasajeros-que-transportaba-habitualmente-en-un-dia-habil\/\"},\"author\":{\"name\":\"Alexandre Asquini\",\"@id\":\"https:\/\/mobilitas.lat\/es\/#\/schema\/person\/cae0d01ccbe855d1858d146e4c4d582d\"},\"headline\":\"L\u00ednea 1 de Metro de Santiago transport\u00f3 el 22 de octubre \u00bc de los pasajeros que transportaba habitualmente en un d\u00eda h\u00e1bil\",\"datePublished\":\"2019-10-24T01:49:44+00:00\",\"dateModified\":\"2019-10-24T02:50:42+00:00\",\"mainEntityOfPage\":{\"@id\":\"https:\/\/mobilitas.lat\/es\/2019\/10\/23\/linea-1-de-metro-de-santiago-transporto-el-22-de-octubre-%c2%bc-de-los-pasajeros-que-transportaba-habitualmente-en-un-dia-habil\/\"},\"wordCount\":444,\"publisher\":{\"@id\":\"https:\/\/mobilitas.lat\/es\/#organization\"},\"keywords\":[\"METRO DE SANTIAGO\"],\"articleSection\":[\"Notas\",\"Radar\"],\"inLanguage\":\"es-ES\"},{\"@type\":\"WebPage\",\"@id\":\"https:\/\/mobilitas.lat\/es\/2019\/10\/23\/linea-1-de-metro-de-santiago-transporto-el-22-de-octubre-%c2%bc-de-los-pasajeros-que-transportaba-habitualmente-en-un-dia-habil\/\",\"url\":\"https:\/\/mobilitas.lat\/es\/2019\/10\/23\/linea-1-de-metro-de-santiago-transporto-el-22-de-octubre-%c2%bc-de-los-pasajeros-que-transportaba-habitualmente-en-un-dia-habil\/\",\"name\":\"L\u00ednea 1 de Metro de Santiago transport\u00f3 el 22 de octubre \u00bc de los pasajeros que transportaba habitualmente en un d\u00eda h\u00e1bil | Mobilitas\",\"isPartOf\":{\"@id\":\"https:\/\/mobilitas.lat\/es\/#website\"},\"datePublished\":\"2019-10-24T01:49:44+00:00\",\"dateModified\":\"2019-10-24T02:50:42+00:00\",\"breadcrumb\":{\"@id\":\"https:\/\/mobilitas.lat\/es\/2019\/10\/23\/linea-1-de-metro-de-santiago-transporto-el-22-de-octubre-%c2%bc-de-los-pasajeros-que-transportaba-habitualmente-en-un-dia-habil\/#breadcrumb\"},\"inLanguage\":\"es-ES\",\"potentialAction\":[{\"@type\":\"ReadAction\",\"target\":[\"https:\/\/mobilitas.lat\/es\/2019\/10\/23\/linea-1-de-metro-de-santiago-transporto-el-22-de-octubre-%c2%bc-de-los-pasajeros-que-transportaba-habitualmente-en-un-dia-habil\/\"]}]},{\"@type\":\"BreadcrumbList\",\"@id\":\"https:\/\/mobilitas.lat\/es\/2019\/10\/23\/linea-1-de-metro-de-santiago-transporto-el-22-de-octubre-%c2%bc-de-los-pasajeros-que-transportaba-habitualmente-en-un-dia-habil\/#breadcrumb\",\"itemListElement\":[{\"@type\":\"ListItem\",\"position\":1,\"name\":\"In\u00edcio\",\"item\":\"https:\/\/mobilitas.lat\/es\/\"},{\"@type\":\"ListItem\",\"position\":2,\"name\":\"L\u00ednea 1 de Metro de Santiago transport\u00f3 el 22 de octubre \u00bc de los pasajeros que transportaba habitualmente en un d\u00eda h\u00e1bil\"}]},{\"@type\":\"WebSite\",\"@id\":\"https:\/\/mobilitas.lat\/es\/#website\",\"url\":\"https:\/\/mobilitas.lat\/es\/\",\"name\":\"Mobilitas\",\"description\":\"Tecnologia e Mobilidade Urbana na Am\u00e9rica Latina\",\"publisher\":{\"@id\":\"https:\/\/mobilitas.lat\/es\/#organization\"},\"potentialAction\":[{\"@type\":\"SearchAction\",\"target\":{\"@type\":\"EntryPoint\",\"urlTemplate\":\"https:\/\/mobilitas.lat\/es\/?s={search_term_string}\"},\"query-input\":{\"@type\":\"PropertyValueSpecification\",\"valueRequired\":true,\"valueName\":\"search_term_string\"}}],\"inLanguage\":\"es-ES\"},{\"@type\":\"Organization\",\"@id\":\"https:\/\/mobilitas.lat\/es\/#organization\",\"name\":\"OTM Editora\",\"url\":\"https:\/\/mobilitas.lat\/es\/\",\"logo\":{\"@type\":\"ImageObject\",\"inLanguage\":\"es-ES\",\"@id\":\"https:\/\/mobilitas.lat\/es\/#\/schema\/logo\/image\/\",\"url\":\"https:\/\/mobilitas.lat\/wp-content\/uploads\/2024\/03\/opengraph.png\",\"contentUrl\":\"https:\/\/mobilitas.lat\/wp-content\/uploads\/2024\/03\/opengraph.png\",\"width\":1200,\"height\":630,\"caption\":\"OTM Editora\"},\"image\":{\"@id\":\"https:\/\/mobilitas.lat\/es\/#\/schema\/logo\/image\/\"}},{\"@type\":\"Person\",\"@id\":\"https:\/\/mobilitas.lat\/es\/#\/schema\/person\/cae0d01ccbe855d1858d146e4c4d582d\",\"name\":\"Alexandre Asquini\",\"image\":{\"@type\":\"ImageObject\",\"inLanguage\":\"es-ES\",\"@id\":\"https:\/\/mobilitas.lat\/es\/#\/schema\/person\/image\/\",\"url\":\"https:\/\/secure.gravatar.com\/avatar\/aac99dbef1420f75cc7d86913eb8a7cdfbe13e2509ad7a45649a61414f6d2785?s=96&d=mm&r=g\",\"contentUrl\":\"https:\/\/secure.gravatar.com\/avatar\/aac99dbef1420f75cc7d86913eb8a7cdfbe13e2509ad7a45649a61414f6d2785?s=96&d=mm&r=g\",\"caption\":\"Alexandre Asquini\"}}]}<\/script>\n<!-- \/ Yoast SEO plugin. -->","yoast_head_json":{"title":"L\u00ednea 1 de Metro de Santiago transport\u00f3 el 22 de octubre \u00bc de los pasajeros que transportaba habitualmente en un d\u00eda h\u00e1bil | Mobilitas","robots":{"index":"index","follow":"follow","max-snippet":"max-snippet:-1","max-image-preview":"max-image-preview:large","max-video-preview":"max-video-preview:-1"},"canonical":"https:\/\/mobilitas.lat\/es\/2019\/10\/23\/linea-1-de-metro-de-santiago-transporto-el-22-de-octubre-\u00bc-de-los-pasajeros-que-transportaba-habitualmente-en-un-dia-habil\/","og_locale":"es_ES","og_type":"article","og_title":"L\u00ednea 1 de Metro de Santiago transport\u00f3 el 22 de octubre \u00bc de los pasajeros que transportaba habitualmente en un d\u00eda h\u00e1bil | Mobilitas","og_description":"Este martes 22 de octubre, la L\u00ednea 1 transport\u00f3 271.448 pasajeros entre las 7:00 y las 18.30 horas. En un d\u00eda de funcionamiento habitual, es decir, con todas las estaciones operativas y horario normal, L\u00ednea 1 transporta alrededor de un mill\u00f3n de pasajeros. EXTENSI\u00d3N DE OPERACI\u00d3N El martes 22 de octubre, el Metro de Santiago [&hellip;]","og_url":"https:\/\/mobilitas.lat\/es\/2019\/10\/23\/linea-1-de-metro-de-santiago-transporto-el-22-de-octubre-\u00bc-de-los-pasajeros-que-transportaba-habitualmente-en-un-dia-habil\/","og_site_name":"Mobilitas","article_published_time":"2019-10-24T01:49:44+00:00","article_modified_time":"2019-10-24T02:50:42+00:00","author":"Alexandre Asquini","twitter_card":"summary_large_image","twitter_misc":{"Written by":"Alexandre Asquini","Est. reading time":"2 minutes"},"schema":{"@context":"https:\/\/schema.org","@graph":[{"@type":"Article","@id":"https:\/\/mobilitas.lat\/es\/2019\/10\/23\/linea-1-de-metro-de-santiago-transporto-el-22-de-octubre-%c2%bc-de-los-pasajeros-que-transportaba-habitualmente-en-un-dia-habil\/#article","isPartOf":{"@id":"https:\/\/mobilitas.lat\/es\/2019\/10\/23\/linea-1-de-metro-de-santiago-transporto-el-22-de-octubre-%c2%bc-de-los-pasajeros-que-transportaba-habitualmente-en-un-dia-habil\/"},"author":{"name":"Alexandre Asquini","@id":"https:\/\/mobilitas.lat\/es\/#\/schema\/person\/cae0d01ccbe855d1858d146e4c4d582d"},"headline":"L\u00ednea 1 de Metro de Santiago transport\u00f3 el 22 de octubre \u00bc de los pasajeros que transportaba habitualmente en un d\u00eda h\u00e1bil","datePublished":"2019-10-24T01:49:44+00:00","dateModified":"2019-10-24T02:50:42+00:00","mainEntityOfPage":{"@id":"https:\/\/mobilitas.lat\/es\/2019\/10\/23\/linea-1-de-metro-de-santiago-transporto-el-22-de-octubre-%c2%bc-de-los-pasajeros-que-transportaba-habitualmente-en-un-dia-habil\/"},"wordCount":444,"publisher":{"@id":"https:\/\/mobilitas.lat\/es\/#organization"},"keywords":["METRO DE SANTIAGO"],"articleSection":["Notas","Radar"],"inLanguage":"es-ES"},{"@type":"WebPage","@id":"https:\/\/mobilitas.lat\/es\/2019\/10\/23\/linea-1-de-metro-de-santiago-transporto-el-22-de-octubre-%c2%bc-de-los-pasajeros-que-transportaba-habitualmente-en-un-dia-habil\/","url":"https:\/\/mobilitas.lat\/es\/2019\/10\/23\/linea-1-de-metro-de-santiago-transporto-el-22-de-octubre-%c2%bc-de-los-pasajeros-que-transportaba-habitualmente-en-un-dia-habil\/","name":"L\u00ednea 1 de Metro de Santiago transport\u00f3 el 22 de octubre \u00bc de los pasajeros que transportaba habitualmente en un d\u00eda h\u00e1bil | Mobilitas","isPartOf":{"@id":"https:\/\/mobilitas.lat\/es\/#website"},"datePublished":"2019-10-24T01:49:44+00:00","dateModified":"2019-10-24T02:50:42+00:00","breadcrumb":{"@id":"https:\/\/mobilitas.lat\/es\/2019\/10\/23\/linea-1-de-metro-de-santiago-transporto-el-22-de-octubre-%c2%bc-de-los-pasajeros-que-transportaba-habitualmente-en-un-dia-habil\/#breadcrumb"},"inLanguage":"es-ES","potentialAction":[{"@type":"ReadAction","target":["https:\/\/mobilitas.lat\/es\/2019\/10\/23\/linea-1-de-metro-de-santiago-transporto-el-22-de-octubre-%c2%bc-de-los-pasajeros-que-transportaba-habitualmente-en-un-dia-habil\/"]}]},{"@type":"BreadcrumbList","@id":"https:\/\/mobilitas.lat\/es\/2019\/10\/23\/linea-1-de-metro-de-santiago-transporto-el-22-de-octubre-%c2%bc-de-los-pasajeros-que-transportaba-habitualmente-en-un-dia-habil\/#breadcrumb","itemListElement":[{"@type":"ListItem","position":1,"name":"In\u00edcio","item":"https:\/\/mobilitas.lat\/es\/"},{"@type":"ListItem","position":2,"name":"L\u00ednea 1 de Metro de Santiago transport\u00f3 el 22 de octubre \u00bc de los pasajeros que transportaba habitualmente en un d\u00eda h\u00e1bil"}]},{"@type":"WebSite","@id":"https:\/\/mobilitas.lat\/es\/#website","url":"https:\/\/mobilitas.lat\/es\/","name":"Mobilitas","description":"Tecnologia e Mobilidade Urbana na Am\u00e9rica Latina","publisher":{"@id":"https:\/\/mobilitas.lat\/es\/#organization"},"potentialAction":[{"@type":"SearchAction","target":{"@type":"EntryPoint","urlTemplate":"https:\/\/mobilitas.lat\/es\/?s={search_term_string}"},"query-input":{"@type":"PropertyValueSpecification","valueRequired":true,"valueName":"search_term_string"}}],"inLanguage":"es-ES"},{"@type":"Organization","@id":"https:\/\/mobilitas.lat\/es\/#organization","name":"OTM Editora","url":"https:\/\/mobilitas.lat\/es\/","logo":{"@type":"ImageObject","inLanguage":"es-ES","@id":"https:\/\/mobilitas.lat\/es\/#\/schema\/logo\/image\/","url":"https:\/\/mobilitas.lat\/wp-content\/uploads\/2024\/03\/opengraph.png","contentUrl":"https:\/\/mobilitas.lat\/wp-content\/uploads\/2024\/03\/opengraph.png","width":1200,"height":630,"caption":"OTM Editora"},"image":{"@id":"https:\/\/mobilitas.lat\/es\/#\/schema\/logo\/image\/"}},{"@type":"Person","@id":"https:\/\/mobilitas.lat\/es\/#\/schema\/person\/cae0d01ccbe855d1858d146e4c4d582d","name":"Alexandre Asquini","image":{"@type":"ImageObject","inLanguage":"es-ES","@id":"https:\/\/mobilitas.lat\/es\/#\/schema\/person\/image\/","url":"https:\/\/secure.gravatar.com\/avatar\/aac99dbef1420f75cc7d86913eb8a7cdfbe13e2509ad7a45649a61414f6d2785?s=96&d=mm&r=g","contentUrl":"https:\/\/secure.gravatar.com\/avatar\/aac99dbef1420f75cc7d86913eb8a7cdfbe13e2509ad7a45649a61414f6d2785?s=96&d=mm&r=g","caption":"Alexandre Asquini"}}]}},"_links":{"self":[{"href":"https:\/\/mobilitas.lat\/es\/wp-json\/wp\/v2\/posts\/6119","targetHints":{"allow":["GET"]}}],"collection":[{"href":"https:\/\/mobilitas.lat\/es\/wp-json\/wp\/v2\/posts"}],"about":[{"href":"https:\/\/mobilitas.lat\/es\/wp-json\/wp\/v2\/types\/post"}],"author":[{"embeddable":true,"href":"https:\/\/mobilitas.lat\/es\/wp-json\/wp\/v2\/users\/2"}],"replies":[{"embeddable":true,"href":"https:\/\/mobilitas.lat\/es\/wp-json\/wp\/v2\/comments?post=6119"}],"version-history":[{"count":5,"href":"https:\/\/mobilitas.lat\/es\/wp-json\/wp\/v2\/posts\/6119\/revisions"}],"predecessor-version":[{"id":6145,"href":"https:\/\/mobilitas.lat\/es\/wp-json\/wp\/v2\/posts\/6119\/revisions\/6145"}],"wp:attachment":[{"href":"https:\/\/mobilitas.lat\/es\/wp-json\/wp\/v2\/media?parent=6119"}],"wp:term":[{"taxonomy":"category","embeddable":true,"href":"https:\/\/mobilitas.lat\/es\/wp-json\/wp\/v2\/categories?post=6119"},{"taxonomy":"post_tag","embeddable":true,"href":"https:\/\/mobilitas.lat\/es\/wp-json\/wp\/v2\/tags?post=6119"}],"curies":[{"name":"wp","href":"https:\/\/api.w.org\/{rel}","templated":true}]}}