{"id":6052,"date":"2019-10-13T02:30:41","date_gmt":"2019-10-13T05:30:41","guid":{"rendered":"https:\/\/mobilitas.lat\/?p=6052"},"modified":"2019-10-14T09:52:03","modified_gmt":"2019-10-14T12:52:03","slug":"un-planeta-un-plan","status":"publish","type":"post","link":"https:\/\/mobilitas.lat\/es\/2019\/10\/13\/un-planeta-un-plan\/","title":{"rendered":"Un planeta, un plan"},"content":{"rendered":"\n<p>Con vistas a 2020, cuando se espera que los gobiernos nacionales promuevan nuevos planes de acci\u00f3n clim\u00e1tica, la Uni\u00f3n Internacional para el Transporte P\u00fablico (UITP), con el apoyo de sus divisiones regionales, como la UITP Am\u00e9rica Latina, ha lanzado la campa\u00f1a <em>Un Planeta, Un plan<\/em>, con un punto principal: &#8220;no puede haber excepci\u00f3n: el transporte p\u00fablico debe estar en todos los planes&#8221;.<\/p>\n\n\n\n<div class=\"wp-block-image\"><figure class=\"alignleft is-resized\"><img loading=\"lazy\" decoding=\"async\" src=\"https:\/\/storage.mobilitas.lat\/uploads\/2019\/10\/MOBILITAS-UM-PLANETA-UM-PLANO-MARCA.png\" alt=\"\" class=\"wp-image-6058\" width=\"231\" height=\"203\" srcset=\"https:\/\/storage.mobilitas.lat\/uploads\/2019\/10\/MOBILITAS-UM-PLANETA-UM-PLANO-MARCA.png 560w, https:\/\/storage.mobilitas.lat\/uploads\/2019\/10\/MOBILITAS-UM-PLANETA-UM-PLANO-MARCA-300x263.png 300w\" sizes=\"auto, (max-width: 231px) 100vw, 231px\" \/><\/figure><\/div>\n\n\n\n<p>En la\napertura del manifiesto de la campa\u00f1a, que se puede acceder por medio de enlace\nal final de esta nota, la UITP declara: \u201cEstamos enfrentando una crisis\nclim\u00e1tica y ahora debemos actuar con urgencia. Entonces, preguntamos a los\nl\u00edderes mundiales y a los tomadores de decisiones, \u00bfcu\u00e1l es su plan? Las\nciudades han demostrado repetidamente que al restringir los autom\u00f3viles\nprivados, las emisiones locales pueden reducirse en un 50%. No se puede\ncombatir con \u00e9xito el cambio clim\u00e1tico o alcanzar objetivos nacionales sin\nabordar las emisiones locales al mismo tiempo &#8220;.<\/p>\n\n\n\n<p>El\ntexto hace un llamado a los tomadores de decisiones para que tomen en serio la\nlucha contra la contaminaci\u00f3n y el cambio clim\u00e1tico y promuevan un cambio modal\nhacia el transporte p\u00fablico y los modos de movilidad urbana sostenible.\n&#8220;Esto no es nuevo, entonces, \u00bfpor qu\u00e9 solo el 35% de los estados\ninvolucrados en el Acuerdo de Par\u00eds de 2015 incluyen el transporte p\u00fablico como\nparte de sus planes de acci\u00f3n clim\u00e1tica?&#8221;, Pregunta el documento, y\nagrega: &#8220;La UITP pregunta a los responsables pol\u00edticos y gobiernos\nnacionales que reconocen el papel clave del transporte p\u00fablico en la lucha\ncontra la contaminaci\u00f3n local y el cambio clim\u00e1tico (CO<sub>2<\/sub>) &#8220;.<\/p>\n\n\n\n<p><strong>CUATRO PASOS<\/strong><\/p>\n\n\n\n<p>Una pel\u00edcula, a la que tambi\u00e9n se puede acceder a trav\u00e9s del siguiente enlace, describe con humor los cuatro pasos del plan \u00fanico para salvar el planeta: <strong>Paso 1<\/strong>: priorizar el dise\u00f1o de calles centradas en las personas para mejorar la calidad del aire; <strong>Paso 2<\/strong> &#8211; Reforzar el papel del transporte p\u00fablico como la columna vertebral de todos los servicios de movilidad; <strong>Paso 3<\/strong> &#8211; Garantizar incentivos financieros y un marco regulatorio apropiado para facilitar la transici\u00f3n energ\u00e9tica. <strong>Paso 4 &#8211;<\/strong> Garantice el acceso y el uso de fuentes de energ\u00eda limpia para reducir a\u00fan m\u00e1s la huella de carbono. &#8220;Solo tenemos un planeta y solo necesitamos un plan&#8221;, dice la campa\u00f1a.<\/p>\n\n\n\n<p><strong><em><a href=\"http:\/\/oneplanet.uitp.org\/manifesto\/climate-action-manifesto\/\" target=\"_blank\" rel=\"noreferrer noopener\" aria-label=\"Ir a la p\u00e1gina con manifiesto y pel\u00edcula (opens in a new tab)\">Ir a la p\u00e1gina con manifiesto y pel\u00edcula<\/a><\/em><\/strong> <\/p>\n","protected":false},"excerpt":{"rendered":"<p>Con vistas a 2020, cuando se espera que los gobiernos nacionales promuevan nuevos planes de acci\u00f3n clim\u00e1tica, la Uni\u00f3n Internacional para el Transporte P\u00fablico (UITP), con el apoyo de sus divisiones regionales, como la UITP Am\u00e9rica Latina, ha lanzado la campa\u00f1a Un Planeta, Un plan, con un punto principal: &#8220;no puede haber excepci\u00f3n: el transporte [&hellip;]<\/p>\n","protected":false},"author":2,"featured_media":6053,"comment_status":"closed","ping_status":"closed","sticky":false,"template":"","format":"standard","meta":{"footnotes":""},"categories":[287],"tags":[596,775,23,355],"class_list":["post-6052","post","type-post","status-publish","format-standard","has-post-thumbnail","hentry","category-notas","tag-campana","tag-destaque","tag-uitp","tag-uitp-division-america-latina"],"yoast_head":"<!-- This site is optimized with the Yoast SEO plugin v26.9 - https:\/\/yoast.com\/product\/yoast-seo-wordpress\/ -->\n<title>Un planeta, un plan | Mobilitas<\/title>\n<meta name=\"robots\" content=\"index, follow, max-snippet:-1, max-image-preview:large, max-video-preview:-1\" \/>\n<link rel=\"canonical\" href=\"https:\/\/mobilitas.lat\/es\/2019\/10\/13\/un-planeta-un-plan\/\" \/>\n<meta property=\"og:locale\" content=\"es_ES\" \/>\n<meta property=\"og:type\" content=\"article\" \/>\n<meta property=\"og:title\" content=\"Un planeta, un plan | Mobilitas\" \/>\n<meta property=\"og:description\" content=\"Con vistas a 2020, cuando se espera que los gobiernos nacionales promuevan nuevos planes de acci\u00f3n clim\u00e1tica, la Uni\u00f3n Internacional para el Transporte P\u00fablico (UITP), con el apoyo de sus divisiones regionales, como la UITP Am\u00e9rica Latina, ha lanzado la campa\u00f1a Un Planeta, Un plan, con un punto principal: &#8220;no puede haber excepci\u00f3n: el transporte [&hellip;]\" \/>\n<meta property=\"og:url\" content=\"https:\/\/mobilitas.lat\/es\/2019\/10\/13\/un-planeta-un-plan\/\" \/>\n<meta property=\"og:site_name\" content=\"Mobilitas\" \/>\n<meta property=\"article:published_time\" content=\"2019-10-13T05:30:41+00:00\" \/>\n<meta property=\"article:modified_time\" content=\"2019-10-14T12:52:03+00:00\" \/>\n<meta property=\"og:image\" content=\"https:\/\/storage.mobilitas.lat\/uploads\/2019\/10\/MOBILITAS-UM-PLANETA-UM-PLANO.png\" \/>\n\t<meta property=\"og:image:width\" content=\"785\" \/>\n\t<meta property=\"og:image:height\" content=\"358\" \/>\n\t<meta property=\"og:image:type\" content=\"image\/png\" \/>\n<meta name=\"author\" content=\"Alexandre Asquini\" \/>\n<meta name=\"twitter:card\" content=\"summary_large_image\" \/>\n<meta name=\"twitter:label1\" content=\"Written by\" \/>\n\t<meta name=\"twitter:data1\" content=\"Alexandre Asquini\" \/>\n\t<meta name=\"twitter:label2\" content=\"Est. reading time\" \/>\n\t<meta name=\"twitter:data2\" content=\"2 minutes\" \/>\n<script type=\"application\/ld+json\" class=\"yoast-schema-graph\">{\"@context\":\"https:\/\/schema.org\",\"@graph\":[{\"@type\":\"Article\",\"@id\":\"https:\/\/mobilitas.lat\/es\/2019\/10\/13\/un-planeta-un-plan\/#article\",\"isPartOf\":{\"@id\":\"https:\/\/mobilitas.lat\/es\/2019\/10\/13\/un-planeta-un-plan\/\"},\"author\":{\"name\":\"Alexandre Asquini\",\"@id\":\"https:\/\/mobilitas.lat\/es\/#\/schema\/person\/cae0d01ccbe855d1858d146e4c4d582d\"},\"headline\":\"Un planeta, un plan\",\"datePublished\":\"2019-10-13T05:30:41+00:00\",\"dateModified\":\"2019-10-14T12:52:03+00:00\",\"mainEntityOfPage\":{\"@id\":\"https:\/\/mobilitas.lat\/es\/2019\/10\/13\/un-planeta-un-plan\/\"},\"wordCount\":418,\"publisher\":{\"@id\":\"https:\/\/mobilitas.lat\/es\/#organization\"},\"image\":{\"@id\":\"https:\/\/mobilitas.lat\/es\/2019\/10\/13\/un-planeta-un-plan\/#primaryimage\"},\"thumbnailUrl\":\"https:\/\/storage.mobilitas.lat\/uploads\/2019\/10\/MOBILITAS-UM-PLANETA-UM-PLANO.png\",\"keywords\":[\"CAMPA\u00d1A\",\"destaque\",\"UITP\",\"UITP DIVISI\u00d3N AM\u00c9RICA LATINA\"],\"articleSection\":[\"Notas\"],\"inLanguage\":\"es-ES\"},{\"@type\":\"WebPage\",\"@id\":\"https:\/\/mobilitas.lat\/es\/2019\/10\/13\/un-planeta-un-plan\/\",\"url\":\"https:\/\/mobilitas.lat\/es\/2019\/10\/13\/un-planeta-un-plan\/\",\"name\":\"Un planeta, un plan | Mobilitas\",\"isPartOf\":{\"@id\":\"https:\/\/mobilitas.lat\/es\/#website\"},\"primaryImageOfPage\":{\"@id\":\"https:\/\/mobilitas.lat\/es\/2019\/10\/13\/un-planeta-un-plan\/#primaryimage\"},\"image\":{\"@id\":\"https:\/\/mobilitas.lat\/es\/2019\/10\/13\/un-planeta-un-plan\/#primaryimage\"},\"thumbnailUrl\":\"https:\/\/storage.mobilitas.lat\/uploads\/2019\/10\/MOBILITAS-UM-PLANETA-UM-PLANO.png\",\"datePublished\":\"2019-10-13T05:30:41+00:00\",\"dateModified\":\"2019-10-14T12:52:03+00:00\",\"breadcrumb\":{\"@id\":\"https:\/\/mobilitas.lat\/es\/2019\/10\/13\/un-planeta-un-plan\/#breadcrumb\"},\"inLanguage\":\"es-ES\",\"potentialAction\":[{\"@type\":\"ReadAction\",\"target\":[\"https:\/\/mobilitas.lat\/es\/2019\/10\/13\/un-planeta-un-plan\/\"]}]},{\"@type\":\"ImageObject\",\"inLanguage\":\"es-ES\",\"@id\":\"https:\/\/mobilitas.lat\/es\/2019\/10\/13\/un-planeta-un-plan\/#primaryimage\",\"url\":\"https:\/\/storage.mobilitas.lat\/uploads\/2019\/10\/MOBILITAS-UM-PLANETA-UM-PLANO.png\",\"contentUrl\":\"https:\/\/storage.mobilitas.lat\/uploads\/2019\/10\/MOBILITAS-UM-PLANETA-UM-PLANO.png\",\"width\":785,\"height\":358},{\"@type\":\"BreadcrumbList\",\"@id\":\"https:\/\/mobilitas.lat\/es\/2019\/10\/13\/un-planeta-un-plan\/#breadcrumb\",\"itemListElement\":[{\"@type\":\"ListItem\",\"position\":1,\"name\":\"In\u00edcio\",\"item\":\"https:\/\/mobilitas.lat\/es\/\"},{\"@type\":\"ListItem\",\"position\":2,\"name\":\"Un planeta, un plan\"}]},{\"@type\":\"WebSite\",\"@id\":\"https:\/\/mobilitas.lat\/es\/#website\",\"url\":\"https:\/\/mobilitas.lat\/es\/\",\"name\":\"Mobilitas\",\"description\":\"Tecnologia e Mobilidade Urbana na Am\u00e9rica Latina\",\"publisher\":{\"@id\":\"https:\/\/mobilitas.lat\/es\/#organization\"},\"potentialAction\":[{\"@type\":\"SearchAction\",\"target\":{\"@type\":\"EntryPoint\",\"urlTemplate\":\"https:\/\/mobilitas.lat\/es\/?s={search_term_string}\"},\"query-input\":{\"@type\":\"PropertyValueSpecification\",\"valueRequired\":true,\"valueName\":\"search_term_string\"}}],\"inLanguage\":\"es-ES\"},{\"@type\":\"Organization\",\"@id\":\"https:\/\/mobilitas.lat\/es\/#organization\",\"name\":\"OTM Editora\",\"url\":\"https:\/\/mobilitas.lat\/es\/\",\"logo\":{\"@type\":\"ImageObject\",\"inLanguage\":\"es-ES\",\"@id\":\"https:\/\/mobilitas.lat\/es\/#\/schema\/logo\/image\/\",\"url\":\"https:\/\/mobilitas.lat\/wp-content\/uploads\/2024\/03\/opengraph.png\",\"contentUrl\":\"https:\/\/mobilitas.lat\/wp-content\/uploads\/2024\/03\/opengraph.png\",\"width\":1200,\"height\":630,\"caption\":\"OTM Editora\"},\"image\":{\"@id\":\"https:\/\/mobilitas.lat\/es\/#\/schema\/logo\/image\/\"}},{\"@type\":\"Person\",\"@id\":\"https:\/\/mobilitas.lat\/es\/#\/schema\/person\/cae0d01ccbe855d1858d146e4c4d582d\",\"name\":\"Alexandre Asquini\",\"image\":{\"@type\":\"ImageObject\",\"inLanguage\":\"es-ES\",\"@id\":\"https:\/\/mobilitas.lat\/es\/#\/schema\/person\/image\/\",\"url\":\"https:\/\/secure.gravatar.com\/avatar\/aac99dbef1420f75cc7d86913eb8a7cdfbe13e2509ad7a45649a61414f6d2785?s=96&d=mm&r=g\",\"contentUrl\":\"https:\/\/secure.gravatar.com\/avatar\/aac99dbef1420f75cc7d86913eb8a7cdfbe13e2509ad7a45649a61414f6d2785?s=96&d=mm&r=g\",\"caption\":\"Alexandre Asquini\"}}]}<\/script>\n<!-- \/ Yoast SEO plugin. -->","yoast_head_json":{"title":"Un planeta, un plan | Mobilitas","robots":{"index":"index","follow":"follow","max-snippet":"max-snippet:-1","max-image-preview":"max-image-preview:large","max-video-preview":"max-video-preview:-1"},"canonical":"https:\/\/mobilitas.lat\/es\/2019\/10\/13\/un-planeta-un-plan\/","og_locale":"es_ES","og_type":"article","og_title":"Un planeta, un plan | Mobilitas","og_description":"Con vistas a 2020, cuando se espera que los gobiernos nacionales promuevan nuevos planes de acci\u00f3n clim\u00e1tica, la Uni\u00f3n Internacional para el Transporte P\u00fablico (UITP), con el apoyo de sus divisiones regionales, como la UITP Am\u00e9rica Latina, ha lanzado la campa\u00f1a Un Planeta, Un plan, con un punto principal: &#8220;no puede haber excepci\u00f3n: el transporte [&hellip;]","og_url":"https:\/\/mobilitas.lat\/es\/2019\/10\/13\/un-planeta-un-plan\/","og_site_name":"Mobilitas","article_published_time":"2019-10-13T05:30:41+00:00","article_modified_time":"2019-10-14T12:52:03+00:00","og_image":[{"width":785,"height":358,"url":"https:\/\/storage.mobilitas.lat\/uploads\/2019\/10\/MOBILITAS-UM-PLANETA-UM-PLANO.png","type":"image\/png"}],"author":"Alexandre Asquini","twitter_card":"summary_large_image","twitter_misc":{"Written by":"Alexandre Asquini","Est. reading time":"2 minutes"},"schema":{"@context":"https:\/\/schema.org","@graph":[{"@type":"Article","@id":"https:\/\/mobilitas.lat\/es\/2019\/10\/13\/un-planeta-un-plan\/#article","isPartOf":{"@id":"https:\/\/mobilitas.lat\/es\/2019\/10\/13\/un-planeta-un-plan\/"},"author":{"name":"Alexandre Asquini","@id":"https:\/\/mobilitas.lat\/es\/#\/schema\/person\/cae0d01ccbe855d1858d146e4c4d582d"},"headline":"Un planeta, un plan","datePublished":"2019-10-13T05:30:41+00:00","dateModified":"2019-10-14T12:52:03+00:00","mainEntityOfPage":{"@id":"https:\/\/mobilitas.lat\/es\/2019\/10\/13\/un-planeta-un-plan\/"},"wordCount":418,"publisher":{"@id":"https:\/\/mobilitas.lat\/es\/#organization"},"image":{"@id":"https:\/\/mobilitas.lat\/es\/2019\/10\/13\/un-planeta-un-plan\/#primaryimage"},"thumbnailUrl":"https:\/\/storage.mobilitas.lat\/uploads\/2019\/10\/MOBILITAS-UM-PLANETA-UM-PLANO.png","keywords":["CAMPA\u00d1A","destaque","UITP","UITP DIVISI\u00d3N AM\u00c9RICA LATINA"],"articleSection":["Notas"],"inLanguage":"es-ES"},{"@type":"WebPage","@id":"https:\/\/mobilitas.lat\/es\/2019\/10\/13\/un-planeta-un-plan\/","url":"https:\/\/mobilitas.lat\/es\/2019\/10\/13\/un-planeta-un-plan\/","name":"Un planeta, un plan | Mobilitas","isPartOf":{"@id":"https:\/\/mobilitas.lat\/es\/#website"},"primaryImageOfPage":{"@id":"https:\/\/mobilitas.lat\/es\/2019\/10\/13\/un-planeta-un-plan\/#primaryimage"},"image":{"@id":"https:\/\/mobilitas.lat\/es\/2019\/10\/13\/un-planeta-un-plan\/#primaryimage"},"thumbnailUrl":"https:\/\/storage.mobilitas.lat\/uploads\/2019\/10\/MOBILITAS-UM-PLANETA-UM-PLANO.png","datePublished":"2019-10-13T05:30:41+00:00","dateModified":"2019-10-14T12:52:03+00:00","breadcrumb":{"@id":"https:\/\/mobilitas.lat\/es\/2019\/10\/13\/un-planeta-un-plan\/#breadcrumb"},"inLanguage":"es-ES","potentialAction":[{"@type":"ReadAction","target":["https:\/\/mobilitas.lat\/es\/2019\/10\/13\/un-planeta-un-plan\/"]}]},{"@type":"ImageObject","inLanguage":"es-ES","@id":"https:\/\/mobilitas.lat\/es\/2019\/10\/13\/un-planeta-un-plan\/#primaryimage","url":"https:\/\/storage.mobilitas.lat\/uploads\/2019\/10\/MOBILITAS-UM-PLANETA-UM-PLANO.png","contentUrl":"https:\/\/storage.mobilitas.lat\/uploads\/2019\/10\/MOBILITAS-UM-PLANETA-UM-PLANO.png","width":785,"height":358},{"@type":"BreadcrumbList","@id":"https:\/\/mobilitas.lat\/es\/2019\/10\/13\/un-planeta-un-plan\/#breadcrumb","itemListElement":[{"@type":"ListItem","position":1,"name":"In\u00edcio","item":"https:\/\/mobilitas.lat\/es\/"},{"@type":"ListItem","position":2,"name":"Un planeta, un plan"}]},{"@type":"WebSite","@id":"https:\/\/mobilitas.lat\/es\/#website","url":"https:\/\/mobilitas.lat\/es\/","name":"Mobilitas","description":"Tecnologia e Mobilidade Urbana na Am\u00e9rica Latina","publisher":{"@id":"https:\/\/mobilitas.lat\/es\/#organization"},"potentialAction":[{"@type":"SearchAction","target":{"@type":"EntryPoint","urlTemplate":"https:\/\/mobilitas.lat\/es\/?s={search_term_string}"},"query-input":{"@type":"PropertyValueSpecification","valueRequired":true,"valueName":"search_term_string"}}],"inLanguage":"es-ES"},{"@type":"Organization","@id":"https:\/\/mobilitas.lat\/es\/#organization","name":"OTM Editora","url":"https:\/\/mobilitas.lat\/es\/","logo":{"@type":"ImageObject","inLanguage":"es-ES","@id":"https:\/\/mobilitas.lat\/es\/#\/schema\/logo\/image\/","url":"https:\/\/mobilitas.lat\/wp-content\/uploads\/2024\/03\/opengraph.png","contentUrl":"https:\/\/mobilitas.lat\/wp-content\/uploads\/2024\/03\/opengraph.png","width":1200,"height":630,"caption":"OTM Editora"},"image":{"@id":"https:\/\/mobilitas.lat\/es\/#\/schema\/logo\/image\/"}},{"@type":"Person","@id":"https:\/\/mobilitas.lat\/es\/#\/schema\/person\/cae0d01ccbe855d1858d146e4c4d582d","name":"Alexandre Asquini","image":{"@type":"ImageObject","inLanguage":"es-ES","@id":"https:\/\/mobilitas.lat\/es\/#\/schema\/person\/image\/","url":"https:\/\/secure.gravatar.com\/avatar\/aac99dbef1420f75cc7d86913eb8a7cdfbe13e2509ad7a45649a61414f6d2785?s=96&d=mm&r=g","contentUrl":"https:\/\/secure.gravatar.com\/avatar\/aac99dbef1420f75cc7d86913eb8a7cdfbe13e2509ad7a45649a61414f6d2785?s=96&d=mm&r=g","caption":"Alexandre Asquini"}}]}},"_links":{"self":[{"href":"https:\/\/mobilitas.lat\/es\/wp-json\/wp\/v2\/posts\/6052","targetHints":{"allow":["GET"]}}],"collection":[{"href":"https:\/\/mobilitas.lat\/es\/wp-json\/wp\/v2\/posts"}],"about":[{"href":"https:\/\/mobilitas.lat\/es\/wp-json\/wp\/v2\/types\/post"}],"author":[{"embeddable":true,"href":"https:\/\/mobilitas.lat\/es\/wp-json\/wp\/v2\/users\/2"}],"replies":[{"embeddable":true,"href":"https:\/\/mobilitas.lat\/es\/wp-json\/wp\/v2\/comments?post=6052"}],"version-history":[{"count":5,"href":"https:\/\/mobilitas.lat\/es\/wp-json\/wp\/v2\/posts\/6052\/revisions"}],"predecessor-version":[{"id":6065,"href":"https:\/\/mobilitas.lat\/es\/wp-json\/wp\/v2\/posts\/6052\/revisions\/6065"}],"wp:featuredmedia":[{"embeddable":true,"href":"https:\/\/mobilitas.lat\/es\/wp-json\/wp\/v2\/media\/6053"}],"wp:attachment":[{"href":"https:\/\/mobilitas.lat\/es\/wp-json\/wp\/v2\/media?parent=6052"}],"wp:term":[{"taxonomy":"category","embeddable":true,"href":"https:\/\/mobilitas.lat\/es\/wp-json\/wp\/v2\/categories?post=6052"},{"taxonomy":"post_tag","embeddable":true,"href":"https:\/\/mobilitas.lat\/es\/wp-json\/wp\/v2\/tags?post=6052"}],"curies":[{"name":"wp","href":"https:\/\/api.w.org\/{rel}","templated":true}]}}