{"id":5772,"date":"2019-08-31T00:58:38","date_gmt":"2019-08-31T03:58:38","guid":{"rendered":"https:\/\/mobilitas.lat\/?p=5772"},"modified":"2019-08-31T00:59:37","modified_gmt":"2019-08-31T03:59:37","slug":"el-3-de-septiembre-empieza-el-principal-congreso-sobre-rieles-urbanos-de-brasil-la-sesion-de-alamys-discutira-estrategias-para-ingresos-no-tarifarios-en-sistemas-latinoamericanos","status":"publish","type":"post","link":"https:\/\/mobilitas.lat\/es\/2019\/08\/31\/el-3-de-septiembre-empieza-el-principal-congreso-sobre-rieles-urbanos-de-brasil-la-sesion-de-alamys-discutira-estrategias-para-ingresos-no-tarifarios-en-sistemas-latinoamericanos\/","title":{"rendered":"El 3 de septiembre empieza el principal congreso sobre rieles urbanos de Brasil"},"content":{"rendered":"\n<p><strong><em>El segundo d\u00eda de trabajo, el 4 de septiembre, la sesi\u00f3n de la Asociaci\u00f3n Latinoamericana de Metros y Subterr\u00e1neos (Alamys) presenta visiones innovadoras sobre estrategias comerciales que ayudan a potenciar los ingresos no tarifarios de operadores, con la participaci\u00f3n de los metros de San Pablo, Santiago y Buenos Aires y de la Compa\u00f1\u00eda Paulista de Trenes Metropolitanos.<\/em><\/strong><\/p>\n\n\n\n<p>La Asociaci\u00f3n de Ingenieros y Arquitectos de Metro (AEAMESP), de Brasil, program\u00f3 para el per\u00edodo del 3 al 6 de septiembre de 2019, en San Pablo, la realizaci\u00f3n de la <em>25\u00aa Semana de Tecnolog\u00eda Metro-ferroviaria<\/em> &#8211; el jubileo de plata del principal congreso sobre rieles urbanos de Brasil. <\/p>\n\n\n\n<p><strong>INGRESOS NO TARIFARIOS EN\nAM\u00c9RICA LATINA<\/strong><strong><\/strong><\/p>\n\n\n\n<p>En el segundo d\u00eda de los trabajos, el 4 de septiembre, la sesi\u00f3n de la\nAsociaci\u00f3n Latinoamericana de Metros y Subterr\u00e1neos (Alamys) presenta visiones\ninnovadoras sobre estrategias comerciales que ayudan a potenciar los ingresos\nno tarifarios de operadores. <\/p>\n\n\n\n<p>La sesi\u00f3n tendr\u00e1 una introducci\u00f3n del especialista chileno Sebasti\u00e1n\nCourt, secretario general de Alamys. El coordinador de los trabajos ser\u00e1\nClaudio Ferreira, director comercial, un \u00e1rea creada recientemente por el Metro\nde San Pablo, Brasil, justamente para impulsar la b\u00fasqueda de ingresos no\ntarifarios. <\/p>\n\n\n\n<p>Los ponentes ser\u00e1n Fernando Reyes, subgerente de Negocios, Metro de\nSantiago, Chile; Eduardo Jorge Pereira, director de Planificaci\u00f3n y Nuevos\nNegocios de la CPTM, S\u00e3o Paulo, Brasil, y \u00c9rica Peticco, directora operativa de\nCalidad del Servicio al Usuario, Subterr\u00e1neos de Buenos Aires \u2013 el metro de la\ncapital de Argentina.<\/p>\n\n\n\n<p><strong>OTROS TEMAS PROGRAMADOS<\/strong><strong><\/strong><\/p>\n\n\n\n<p>Durante la tarde del primer d\u00eda, despu\u00e9s de la apertura, ser\u00e1 la\nentrega del <em>6\u00ba Premio Tecnolog\u00eda &amp;\nDesarrollo Metro-ferroviarios ANPTrilhos-CBTU<\/em>. La conferencia internacional\nde apertura estar\u00e1 a cargo de Philippe Martin, director general adjunto del\ngrupo franc\u00e9s R\u00e9gie Autonome des Transports Parisiens (RATP).<\/p>\n\n\n\n<p>La programaci\u00f3n prev\u00e9 dos bandas (un conjunto de sesiones sobre un\nmismo tema), una de ellas se refiere a los sistemas VLT (Veh\u00edculos Ligeros\nsobre Rieles), o &#8220;tranv\u00edas modernos&#8221; y la otra sobre sistemas de\nmetro, que incluye la sesi\u00f3n coordinada por la Asociaci\u00f3n Latinoamericana de\nMetros y Subterr\u00e1neos (Alamys).&nbsp; <\/p>\n\n\n\n<p>Tambi\u00e9n en este d\u00eda, habr\u00e1 una sesi\u00f3n internacional promovida por la\nrevista <em>Sobretrilhos<\/em>, acerca del\nimpacto de la tecnolog\u00eda en los transportes.&nbsp;Durante la tarde, se\ndesarrollar\u00e1 una sesi\u00f3n sobre recursos humanos y el perfil del profesional de\nmetros y v\u00edas f\u00e9rreas y sesiones con trabajos t\u00e9cnicos referentes a sistemas\nelectro-electr\u00f3nicos.<\/p>\n\n\n\n<p>Una discusi\u00f3n sobre la Investigaci\u00f3n Origen-Destino de la Regi\u00f3n\nMetropolitana de San Pablo, cuyos resultados se divulgaron recientemente <\/p>\n\n\n\n<p>Tambi\u00e9n est\u00e1 programado el <em>III\nSeminario de Infraestructura de Transporte Ferroviario.<\/em> Se trata de una\nalianza entre la AEAMESP y la Federaci\u00f3n de las Industrias del Estado de San\nPablo (FIESP), que consistir\u00e1 en dos paneles que discutir\u00e1n el potencial de\ncrecimiento del sector ferroviario en el pa\u00eds. <em><\/em><\/p>\n\n\n\n<p>En otros momentos habr\u00e1 sesiones t\u00e9cnicas sobre temas como v\u00eda\npermanente, locomotoras, vagones y medio ambiente y nuevas sesiones sobre\nsistemas electro-electr\u00f3nicos.&nbsp;<em><\/em><\/p>\n\n\n\n<p>El programa tambi\u00e9n incluye una gran sesi\u00f3n de la Uni\u00f3n Internacional\nde Transportes P\u00fablicos, Divisi\u00f3n Am\u00e9rica Latina (UITP\/DAL) donde se discutir\u00e1\nel tema <em>Movilidad urbana en tiempos de\ncambio<\/em>, con los resultados del Programa Mejores Pr\u00e1cticas de Movilidad\nUrbana en la UITP, en el bienio 2018\/2019, temas de comunicaci\u00f3n y marketing y\nuna discusi\u00f3n sobre innovaci\u00f3n y gesti\u00f3n de riesgos. <\/p>\n\n\n\n<p>Otras sesiones traer\u00e1n un debate sobre la memoria del Metro-SP y otros\naspectos operativos. Habr\u00e1 una sesi\u00f3n especial de la Asociaci\u00f3n Brasile\u00f1a de\nNormas T\u00e9cnicas (ABNT). Tambi\u00e9n est\u00e1 programada una recopilaci\u00f3n de cuatro\npresentaciones t\u00e9cnicas sobre sistemas inteligentes de transportes (ITS).\nAdem\u00e1s de sesiones de planificaci\u00f3n, que tratan especialmente las condiciones\nde vida y viaje de los habitantes de la Regi\u00f3n Metropolitana de San Pablo y el\ntema de zonificaci\u00f3n territorial y temas correlativos.<\/p>\n\n\n\n<p>En la sesi\u00f3n vespertina del \u00faltimo d\u00eda, el periodista Alexandre Asquini, editor de la p\u00e1gina web Mobilitas, presentar\u00e1 un cuadro resumido con los principales momentos y conquistas de los 25 a\u00f1os de la <em>Semana de Tecnolog\u00eda Metro-ferroviaria<\/em>, que acompa\u00f1a desde 2001. Con base en esta presentaci\u00f3n, representantes de la industria ferroviaria y de la Asociaci\u00f3n Nacional de Transportes P\u00fablicos (ANTP), de Brasil, debatir\u00e1n el futuro de este evento.<\/p>\n\n\n\n<p><strong><em><a href=\"http:\/\/www.semanadetecnologia.com.br\/25semana\/programacao\/\" target=\"_blank\" rel=\"noreferrer noopener\" aria-label=\"Vea la web de la 25\u00aa Semana de Tecnolog\u00eda Metro-ferroviaria con la programaci\u00f3n completa e informaci\u00f3n sobre c\u00f3mo inscribirse (opens in a new tab)\">Vea la web de la 25\u00aa Semana de Tecnolog\u00eda Metro-ferroviaria con la programaci\u00f3n completa e informaci\u00f3n sobre c\u00f3mo inscribirse<\/a><\/em><\/strong><\/p>\n","protected":false},"excerpt":{"rendered":"<p>El segundo d\u00eda de trabajo, el 4 de septiembre, la sesi\u00f3n de la Asociaci\u00f3n Latinoamericana de Metros y Subterr\u00e1neos (Alamys) presenta visiones innovadoras sobre estrategias comerciales que ayudan a potenciar los ingresos no tarifarios de operadores, con la participaci\u00f3n de los metros de San Pablo, Santiago y Buenos Aires y de la Compa\u00f1\u00eda Paulista de [&hellip;]<\/p>\n","protected":false},"author":2,"featured_media":5773,"comment_status":"closed","ping_status":"closed","sticky":false,"template":"","format":"standard","meta":{"footnotes":""},"categories":[287,298],"tags":[1056,147,1058,1057],"class_list":["post-5772","post","type-post","status-publish","format-standard","has-post-thumbnail","hentry","category-notas","category-radar-es","tag-aeamesp","tag-alamys","tag-ingresos-no-tarifarios","tag-rieles-urbanos"],"yoast_head":"<!-- This site is optimized with the Yoast SEO plugin v26.9 - https:\/\/yoast.com\/product\/yoast-seo-wordpress\/ -->\n<title>El 3 de septiembre empieza el principal congreso sobre rieles urbanos de Brasil | Mobilitas<\/title>\n<meta name=\"robots\" content=\"index, follow, max-snippet:-1, max-image-preview:large, max-video-preview:-1\" \/>\n<link rel=\"canonical\" href=\"https:\/\/mobilitas.lat\/es\/2019\/08\/31\/el-3-de-septiembre-empieza-el-principal-congreso-sobre-rieles-urbanos-de-brasil-la-sesion-de-alamys-discutira-estrategias-para-ingresos-no-tarifarios-en-sistemas-latinoamericanos\/\" \/>\n<meta property=\"og:locale\" content=\"es_ES\" \/>\n<meta property=\"og:type\" content=\"article\" \/>\n<meta property=\"og:title\" content=\"El 3 de septiembre empieza el principal congreso sobre rieles urbanos de Brasil | Mobilitas\" \/>\n<meta property=\"og:description\" content=\"El segundo d\u00eda de trabajo, el 4 de septiembre, la sesi\u00f3n de la Asociaci\u00f3n Latinoamericana de Metros y Subterr\u00e1neos (Alamys) presenta visiones innovadoras sobre estrategias comerciales que ayudan a potenciar los ingresos no tarifarios de operadores, con la participaci\u00f3n de los metros de San Pablo, Santiago y Buenos Aires y de la Compa\u00f1\u00eda Paulista de [&hellip;]\" \/>\n<meta property=\"og:url\" content=\"https:\/\/mobilitas.lat\/es\/2019\/08\/31\/el-3-de-septiembre-empieza-el-principal-congreso-sobre-rieles-urbanos-de-brasil-la-sesion-de-alamys-discutira-estrategias-para-ingresos-no-tarifarios-en-sistemas-latinoamericanos\/\" \/>\n<meta property=\"og:site_name\" content=\"Mobilitas\" \/>\n<meta property=\"article:published_time\" content=\"2019-08-31T03:58:38+00:00\" \/>\n<meta property=\"article:modified_time\" content=\"2019-08-31T03:59:37+00:00\" \/>\n<meta property=\"og:image\" content=\"https:\/\/storage.mobilitas.lat\/uploads\/2019\/08\/MOBILITAS-VLT-CARIOCA.png\" \/>\n\t<meta property=\"og:image:width\" content=\"651\" \/>\n\t<meta property=\"og:image:height\" content=\"375\" \/>\n\t<meta property=\"og:image:type\" content=\"image\/png\" \/>\n<meta name=\"author\" content=\"Alexandre Asquini\" \/>\n<meta name=\"twitter:card\" content=\"summary_large_image\" \/>\n<meta name=\"twitter:label1\" content=\"Written by\" \/>\n\t<meta name=\"twitter:data1\" content=\"Alexandre Asquini\" \/>\n\t<meta name=\"twitter:label2\" content=\"Est. reading time\" \/>\n\t<meta name=\"twitter:data2\" content=\"4 minutes\" \/>\n<script type=\"application\/ld+json\" class=\"yoast-schema-graph\">{\"@context\":\"https:\/\/schema.org\",\"@graph\":[{\"@type\":\"Article\",\"@id\":\"https:\/\/mobilitas.lat\/es\/2019\/08\/31\/el-3-de-septiembre-empieza-el-principal-congreso-sobre-rieles-urbanos-de-brasil-la-sesion-de-alamys-discutira-estrategias-para-ingresos-no-tarifarios-en-sistemas-latinoamericanos\/#article\",\"isPartOf\":{\"@id\":\"https:\/\/mobilitas.lat\/es\/2019\/08\/31\/el-3-de-septiembre-empieza-el-principal-congreso-sobre-rieles-urbanos-de-brasil-la-sesion-de-alamys-discutira-estrategias-para-ingresos-no-tarifarios-en-sistemas-latinoamericanos\/\"},\"author\":{\"name\":\"Alexandre Asquini\",\"@id\":\"https:\/\/mobilitas.lat\/es\/#\/schema\/person\/cae0d01ccbe855d1858d146e4c4d582d\"},\"headline\":\"El 3 de septiembre empieza el principal congreso sobre rieles urbanos de Brasil\",\"datePublished\":\"2019-08-31T03:58:38+00:00\",\"dateModified\":\"2019-08-31T03:59:37+00:00\",\"mainEntityOfPage\":{\"@id\":\"https:\/\/mobilitas.lat\/es\/2019\/08\/31\/el-3-de-septiembre-empieza-el-principal-congreso-sobre-rieles-urbanos-de-brasil-la-sesion-de-alamys-discutira-estrategias-para-ingresos-no-tarifarios-en-sistemas-latinoamericanos\/\"},\"wordCount\":794,\"publisher\":{\"@id\":\"https:\/\/mobilitas.lat\/es\/#organization\"},\"image\":{\"@id\":\"https:\/\/mobilitas.lat\/es\/2019\/08\/31\/el-3-de-septiembre-empieza-el-principal-congreso-sobre-rieles-urbanos-de-brasil-la-sesion-de-alamys-discutira-estrategias-para-ingresos-no-tarifarios-en-sistemas-latinoamericanos\/#primaryimage\"},\"thumbnailUrl\":\"https:\/\/storage.mobilitas.lat\/uploads\/2019\/08\/MOBILITAS-VLT-CARIOCA.png\",\"keywords\":[\"AEAMESP\",\"ALAMYS\",\"INGRESOS NO TARIFARIOS\",\"RIELES URBANOS\"],\"articleSection\":[\"Notas\",\"Radar\"],\"inLanguage\":\"es-ES\"},{\"@type\":\"WebPage\",\"@id\":\"https:\/\/mobilitas.lat\/es\/2019\/08\/31\/el-3-de-septiembre-empieza-el-principal-congreso-sobre-rieles-urbanos-de-brasil-la-sesion-de-alamys-discutira-estrategias-para-ingresos-no-tarifarios-en-sistemas-latinoamericanos\/\",\"url\":\"https:\/\/mobilitas.lat\/es\/2019\/08\/31\/el-3-de-septiembre-empieza-el-principal-congreso-sobre-rieles-urbanos-de-brasil-la-sesion-de-alamys-discutira-estrategias-para-ingresos-no-tarifarios-en-sistemas-latinoamericanos\/\",\"name\":\"El 3 de septiembre empieza el principal congreso sobre rieles urbanos de Brasil | Mobilitas\",\"isPartOf\":{\"@id\":\"https:\/\/mobilitas.lat\/es\/#website\"},\"primaryImageOfPage\":{\"@id\":\"https:\/\/mobilitas.lat\/es\/2019\/08\/31\/el-3-de-septiembre-empieza-el-principal-congreso-sobre-rieles-urbanos-de-brasil-la-sesion-de-alamys-discutira-estrategias-para-ingresos-no-tarifarios-en-sistemas-latinoamericanos\/#primaryimage\"},\"image\":{\"@id\":\"https:\/\/mobilitas.lat\/es\/2019\/08\/31\/el-3-de-septiembre-empieza-el-principal-congreso-sobre-rieles-urbanos-de-brasil-la-sesion-de-alamys-discutira-estrategias-para-ingresos-no-tarifarios-en-sistemas-latinoamericanos\/#primaryimage\"},\"thumbnailUrl\":\"https:\/\/storage.mobilitas.lat\/uploads\/2019\/08\/MOBILITAS-VLT-CARIOCA.png\",\"datePublished\":\"2019-08-31T03:58:38+00:00\",\"dateModified\":\"2019-08-31T03:59:37+00:00\",\"breadcrumb\":{\"@id\":\"https:\/\/mobilitas.lat\/es\/2019\/08\/31\/el-3-de-septiembre-empieza-el-principal-congreso-sobre-rieles-urbanos-de-brasil-la-sesion-de-alamys-discutira-estrategias-para-ingresos-no-tarifarios-en-sistemas-latinoamericanos\/#breadcrumb\"},\"inLanguage\":\"es-ES\",\"potentialAction\":[{\"@type\":\"ReadAction\",\"target\":[\"https:\/\/mobilitas.lat\/es\/2019\/08\/31\/el-3-de-septiembre-empieza-el-principal-congreso-sobre-rieles-urbanos-de-brasil-la-sesion-de-alamys-discutira-estrategias-para-ingresos-no-tarifarios-en-sistemas-latinoamericanos\/\"]}]},{\"@type\":\"ImageObject\",\"inLanguage\":\"es-ES\",\"@id\":\"https:\/\/mobilitas.lat\/es\/2019\/08\/31\/el-3-de-septiembre-empieza-el-principal-congreso-sobre-rieles-urbanos-de-brasil-la-sesion-de-alamys-discutira-estrategias-para-ingresos-no-tarifarios-en-sistemas-latinoamericanos\/#primaryimage\",\"url\":\"https:\/\/storage.mobilitas.lat\/uploads\/2019\/08\/MOBILITAS-VLT-CARIOCA.png\",\"contentUrl\":\"https:\/\/storage.mobilitas.lat\/uploads\/2019\/08\/MOBILITAS-VLT-CARIOCA.png\",\"width\":651,\"height\":375,\"caption\":\"VLT Carioca, Rio de Janeiro\"},{\"@type\":\"BreadcrumbList\",\"@id\":\"https:\/\/mobilitas.lat\/es\/2019\/08\/31\/el-3-de-septiembre-empieza-el-principal-congreso-sobre-rieles-urbanos-de-brasil-la-sesion-de-alamys-discutira-estrategias-para-ingresos-no-tarifarios-en-sistemas-latinoamericanos\/#breadcrumb\",\"itemListElement\":[{\"@type\":\"ListItem\",\"position\":1,\"name\":\"In\u00edcio\",\"item\":\"https:\/\/mobilitas.lat\/es\/\"},{\"@type\":\"ListItem\",\"position\":2,\"name\":\"El 3 de septiembre empieza el principal congreso sobre rieles urbanos de Brasil\"}]},{\"@type\":\"WebSite\",\"@id\":\"https:\/\/mobilitas.lat\/es\/#website\",\"url\":\"https:\/\/mobilitas.lat\/es\/\",\"name\":\"Mobilitas\",\"description\":\"Tecnologia e Mobilidade Urbana na Am\u00e9rica Latina\",\"publisher\":{\"@id\":\"https:\/\/mobilitas.lat\/es\/#organization\"},\"potentialAction\":[{\"@type\":\"SearchAction\",\"target\":{\"@type\":\"EntryPoint\",\"urlTemplate\":\"https:\/\/mobilitas.lat\/es\/?s={search_term_string}\"},\"query-input\":{\"@type\":\"PropertyValueSpecification\",\"valueRequired\":true,\"valueName\":\"search_term_string\"}}],\"inLanguage\":\"es-ES\"},{\"@type\":\"Organization\",\"@id\":\"https:\/\/mobilitas.lat\/es\/#organization\",\"name\":\"OTM Editora\",\"url\":\"https:\/\/mobilitas.lat\/es\/\",\"logo\":{\"@type\":\"ImageObject\",\"inLanguage\":\"es-ES\",\"@id\":\"https:\/\/mobilitas.lat\/es\/#\/schema\/logo\/image\/\",\"url\":\"https:\/\/mobilitas.lat\/wp-content\/uploads\/2024\/03\/opengraph.png\",\"contentUrl\":\"https:\/\/mobilitas.lat\/wp-content\/uploads\/2024\/03\/opengraph.png\",\"width\":1200,\"height\":630,\"caption\":\"OTM Editora\"},\"image\":{\"@id\":\"https:\/\/mobilitas.lat\/es\/#\/schema\/logo\/image\/\"}},{\"@type\":\"Person\",\"@id\":\"https:\/\/mobilitas.lat\/es\/#\/schema\/person\/cae0d01ccbe855d1858d146e4c4d582d\",\"name\":\"Alexandre Asquini\",\"image\":{\"@type\":\"ImageObject\",\"inLanguage\":\"es-ES\",\"@id\":\"https:\/\/mobilitas.lat\/es\/#\/schema\/person\/image\/\",\"url\":\"https:\/\/secure.gravatar.com\/avatar\/aac99dbef1420f75cc7d86913eb8a7cdfbe13e2509ad7a45649a61414f6d2785?s=96&d=mm&r=g\",\"contentUrl\":\"https:\/\/secure.gravatar.com\/avatar\/aac99dbef1420f75cc7d86913eb8a7cdfbe13e2509ad7a45649a61414f6d2785?s=96&d=mm&r=g\",\"caption\":\"Alexandre Asquini\"}}]}<\/script>\n<!-- \/ Yoast SEO plugin. -->","yoast_head_json":{"title":"El 3 de septiembre empieza el principal congreso sobre rieles urbanos de Brasil | Mobilitas","robots":{"index":"index","follow":"follow","max-snippet":"max-snippet:-1","max-image-preview":"max-image-preview:large","max-video-preview":"max-video-preview:-1"},"canonical":"https:\/\/mobilitas.lat\/es\/2019\/08\/31\/el-3-de-septiembre-empieza-el-principal-congreso-sobre-rieles-urbanos-de-brasil-la-sesion-de-alamys-discutira-estrategias-para-ingresos-no-tarifarios-en-sistemas-latinoamericanos\/","og_locale":"es_ES","og_type":"article","og_title":"El 3 de septiembre empieza el principal congreso sobre rieles urbanos de Brasil | Mobilitas","og_description":"El segundo d\u00eda de trabajo, el 4 de septiembre, la sesi\u00f3n de la Asociaci\u00f3n Latinoamericana de Metros y Subterr\u00e1neos (Alamys) presenta visiones innovadoras sobre estrategias comerciales que ayudan a potenciar los ingresos no tarifarios de operadores, con la participaci\u00f3n de los metros de San Pablo, Santiago y Buenos Aires y de la Compa\u00f1\u00eda Paulista de [&hellip;]","og_url":"https:\/\/mobilitas.lat\/es\/2019\/08\/31\/el-3-de-septiembre-empieza-el-principal-congreso-sobre-rieles-urbanos-de-brasil-la-sesion-de-alamys-discutira-estrategias-para-ingresos-no-tarifarios-en-sistemas-latinoamericanos\/","og_site_name":"Mobilitas","article_published_time":"2019-08-31T03:58:38+00:00","article_modified_time":"2019-08-31T03:59:37+00:00","og_image":[{"width":651,"height":375,"url":"https:\/\/storage.mobilitas.lat\/uploads\/2019\/08\/MOBILITAS-VLT-CARIOCA.png","type":"image\/png"}],"author":"Alexandre Asquini","twitter_card":"summary_large_image","twitter_misc":{"Written by":"Alexandre Asquini","Est. reading time":"4 minutes"},"schema":{"@context":"https:\/\/schema.org","@graph":[{"@type":"Article","@id":"https:\/\/mobilitas.lat\/es\/2019\/08\/31\/el-3-de-septiembre-empieza-el-principal-congreso-sobre-rieles-urbanos-de-brasil-la-sesion-de-alamys-discutira-estrategias-para-ingresos-no-tarifarios-en-sistemas-latinoamericanos\/#article","isPartOf":{"@id":"https:\/\/mobilitas.lat\/es\/2019\/08\/31\/el-3-de-septiembre-empieza-el-principal-congreso-sobre-rieles-urbanos-de-brasil-la-sesion-de-alamys-discutira-estrategias-para-ingresos-no-tarifarios-en-sistemas-latinoamericanos\/"},"author":{"name":"Alexandre Asquini","@id":"https:\/\/mobilitas.lat\/es\/#\/schema\/person\/cae0d01ccbe855d1858d146e4c4d582d"},"headline":"El 3 de septiembre empieza el principal congreso sobre rieles urbanos de Brasil","datePublished":"2019-08-31T03:58:38+00:00","dateModified":"2019-08-31T03:59:37+00:00","mainEntityOfPage":{"@id":"https:\/\/mobilitas.lat\/es\/2019\/08\/31\/el-3-de-septiembre-empieza-el-principal-congreso-sobre-rieles-urbanos-de-brasil-la-sesion-de-alamys-discutira-estrategias-para-ingresos-no-tarifarios-en-sistemas-latinoamericanos\/"},"wordCount":794,"publisher":{"@id":"https:\/\/mobilitas.lat\/es\/#organization"},"image":{"@id":"https:\/\/mobilitas.lat\/es\/2019\/08\/31\/el-3-de-septiembre-empieza-el-principal-congreso-sobre-rieles-urbanos-de-brasil-la-sesion-de-alamys-discutira-estrategias-para-ingresos-no-tarifarios-en-sistemas-latinoamericanos\/#primaryimage"},"thumbnailUrl":"https:\/\/storage.mobilitas.lat\/uploads\/2019\/08\/MOBILITAS-VLT-CARIOCA.png","keywords":["AEAMESP","ALAMYS","INGRESOS NO TARIFARIOS","RIELES URBANOS"],"articleSection":["Notas","Radar"],"inLanguage":"es-ES"},{"@type":"WebPage","@id":"https:\/\/mobilitas.lat\/es\/2019\/08\/31\/el-3-de-septiembre-empieza-el-principal-congreso-sobre-rieles-urbanos-de-brasil-la-sesion-de-alamys-discutira-estrategias-para-ingresos-no-tarifarios-en-sistemas-latinoamericanos\/","url":"https:\/\/mobilitas.lat\/es\/2019\/08\/31\/el-3-de-septiembre-empieza-el-principal-congreso-sobre-rieles-urbanos-de-brasil-la-sesion-de-alamys-discutira-estrategias-para-ingresos-no-tarifarios-en-sistemas-latinoamericanos\/","name":"El 3 de septiembre empieza el principal congreso sobre rieles urbanos de Brasil | Mobilitas","isPartOf":{"@id":"https:\/\/mobilitas.lat\/es\/#website"},"primaryImageOfPage":{"@id":"https:\/\/mobilitas.lat\/es\/2019\/08\/31\/el-3-de-septiembre-empieza-el-principal-congreso-sobre-rieles-urbanos-de-brasil-la-sesion-de-alamys-discutira-estrategias-para-ingresos-no-tarifarios-en-sistemas-latinoamericanos\/#primaryimage"},"image":{"@id":"https:\/\/mobilitas.lat\/es\/2019\/08\/31\/el-3-de-septiembre-empieza-el-principal-congreso-sobre-rieles-urbanos-de-brasil-la-sesion-de-alamys-discutira-estrategias-para-ingresos-no-tarifarios-en-sistemas-latinoamericanos\/#primaryimage"},"thumbnailUrl":"https:\/\/storage.mobilitas.lat\/uploads\/2019\/08\/MOBILITAS-VLT-CARIOCA.png","datePublished":"2019-08-31T03:58:38+00:00","dateModified":"2019-08-31T03:59:37+00:00","breadcrumb":{"@id":"https:\/\/mobilitas.lat\/es\/2019\/08\/31\/el-3-de-septiembre-empieza-el-principal-congreso-sobre-rieles-urbanos-de-brasil-la-sesion-de-alamys-discutira-estrategias-para-ingresos-no-tarifarios-en-sistemas-latinoamericanos\/#breadcrumb"},"inLanguage":"es-ES","potentialAction":[{"@type":"ReadAction","target":["https:\/\/mobilitas.lat\/es\/2019\/08\/31\/el-3-de-septiembre-empieza-el-principal-congreso-sobre-rieles-urbanos-de-brasil-la-sesion-de-alamys-discutira-estrategias-para-ingresos-no-tarifarios-en-sistemas-latinoamericanos\/"]}]},{"@type":"ImageObject","inLanguage":"es-ES","@id":"https:\/\/mobilitas.lat\/es\/2019\/08\/31\/el-3-de-septiembre-empieza-el-principal-congreso-sobre-rieles-urbanos-de-brasil-la-sesion-de-alamys-discutira-estrategias-para-ingresos-no-tarifarios-en-sistemas-latinoamericanos\/#primaryimage","url":"https:\/\/storage.mobilitas.lat\/uploads\/2019\/08\/MOBILITAS-VLT-CARIOCA.png","contentUrl":"https:\/\/storage.mobilitas.lat\/uploads\/2019\/08\/MOBILITAS-VLT-CARIOCA.png","width":651,"height":375,"caption":"VLT Carioca, Rio de Janeiro"},{"@type":"BreadcrumbList","@id":"https:\/\/mobilitas.lat\/es\/2019\/08\/31\/el-3-de-septiembre-empieza-el-principal-congreso-sobre-rieles-urbanos-de-brasil-la-sesion-de-alamys-discutira-estrategias-para-ingresos-no-tarifarios-en-sistemas-latinoamericanos\/#breadcrumb","itemListElement":[{"@type":"ListItem","position":1,"name":"In\u00edcio","item":"https:\/\/mobilitas.lat\/es\/"},{"@type":"ListItem","position":2,"name":"El 3 de septiembre empieza el principal congreso sobre rieles urbanos de Brasil"}]},{"@type":"WebSite","@id":"https:\/\/mobilitas.lat\/es\/#website","url":"https:\/\/mobilitas.lat\/es\/","name":"Mobilitas","description":"Tecnologia e Mobilidade Urbana na Am\u00e9rica Latina","publisher":{"@id":"https:\/\/mobilitas.lat\/es\/#organization"},"potentialAction":[{"@type":"SearchAction","target":{"@type":"EntryPoint","urlTemplate":"https:\/\/mobilitas.lat\/es\/?s={search_term_string}"},"query-input":{"@type":"PropertyValueSpecification","valueRequired":true,"valueName":"search_term_string"}}],"inLanguage":"es-ES"},{"@type":"Organization","@id":"https:\/\/mobilitas.lat\/es\/#organization","name":"OTM Editora","url":"https:\/\/mobilitas.lat\/es\/","logo":{"@type":"ImageObject","inLanguage":"es-ES","@id":"https:\/\/mobilitas.lat\/es\/#\/schema\/logo\/image\/","url":"https:\/\/mobilitas.lat\/wp-content\/uploads\/2024\/03\/opengraph.png","contentUrl":"https:\/\/mobilitas.lat\/wp-content\/uploads\/2024\/03\/opengraph.png","width":1200,"height":630,"caption":"OTM Editora"},"image":{"@id":"https:\/\/mobilitas.lat\/es\/#\/schema\/logo\/image\/"}},{"@type":"Person","@id":"https:\/\/mobilitas.lat\/es\/#\/schema\/person\/cae0d01ccbe855d1858d146e4c4d582d","name":"Alexandre Asquini","image":{"@type":"ImageObject","inLanguage":"es-ES","@id":"https:\/\/mobilitas.lat\/es\/#\/schema\/person\/image\/","url":"https:\/\/secure.gravatar.com\/avatar\/aac99dbef1420f75cc7d86913eb8a7cdfbe13e2509ad7a45649a61414f6d2785?s=96&d=mm&r=g","contentUrl":"https:\/\/secure.gravatar.com\/avatar\/aac99dbef1420f75cc7d86913eb8a7cdfbe13e2509ad7a45649a61414f6d2785?s=96&d=mm&r=g","caption":"Alexandre Asquini"}}]}},"_links":{"self":[{"href":"https:\/\/mobilitas.lat\/es\/wp-json\/wp\/v2\/posts\/5772","targetHints":{"allow":["GET"]}}],"collection":[{"href":"https:\/\/mobilitas.lat\/es\/wp-json\/wp\/v2\/posts"}],"about":[{"href":"https:\/\/mobilitas.lat\/es\/wp-json\/wp\/v2\/types\/post"}],"author":[{"embeddable":true,"href":"https:\/\/mobilitas.lat\/es\/wp-json\/wp\/v2\/users\/2"}],"replies":[{"embeddable":true,"href":"https:\/\/mobilitas.lat\/es\/wp-json\/wp\/v2\/comments?post=5772"}],"version-history":[{"count":4,"href":"https:\/\/mobilitas.lat\/es\/wp-json\/wp\/v2\/posts\/5772\/revisions"}],"predecessor-version":[{"id":5780,"href":"https:\/\/mobilitas.lat\/es\/wp-json\/wp\/v2\/posts\/5772\/revisions\/5780"}],"wp:featuredmedia":[{"embeddable":true,"href":"https:\/\/mobilitas.lat\/es\/wp-json\/wp\/v2\/media\/5773"}],"wp:attachment":[{"href":"https:\/\/mobilitas.lat\/es\/wp-json\/wp\/v2\/media?parent=5772"}],"wp:term":[{"taxonomy":"category","embeddable":true,"href":"https:\/\/mobilitas.lat\/es\/wp-json\/wp\/v2\/categories?post=5772"},{"taxonomy":"post_tag","embeddable":true,"href":"https:\/\/mobilitas.lat\/es\/wp-json\/wp\/v2\/tags?post=5772"}],"curies":[{"name":"wp","href":"https:\/\/api.w.org\/{rel}","templated":true}]}}