{"id":5648,"date":"2019-08-08T00:24:27","date_gmt":"2019-08-08T03:24:27","guid":{"rendered":"https:\/\/mobilitas.lat\/?p=5648"},"modified":"2019-08-08T00:24:29","modified_gmt":"2019-08-08T03:24:29","slug":"la-red-de-ciclovias-y-bicisendas-protegidas-esta-creciendo","status":"publish","type":"post","link":"https:\/\/mobilitas.lat\/es\/2019\/08\/08\/la-red-de-ciclovias-y-bicisendas-protegidas-esta-creciendo\/","title":{"rendered":"La red de ciclov\u00edas y bicisendas protegidas est\u00e1 creciendo"},"content":{"rendered":"\n<p>La Red\nde Ciclov\u00edas y Bicisendas Protegidas&nbsp; de\nla Ciudad Aut\u00f3noma de Buenos Aires, que inici\u00f3 2017 con 169 km, lleg\u00f3 a los 234\nkm en mediados de 2019.<\/p>\n\n\n\n<p>Hasta\nfines de 2019, la red deber\u00e1 alcanzar los 250 km, conforme anunci\u00f3 el gobierno.\nMientras que en 2009 s\u00f3lo 0.4% de los viajes de la Ciudad se hac\u00eda en bicicleta\nhoy ese porcentaje ascendi\u00f3 al 4%. <\/p>\n\n\n\n<p>Cientos\nde miles de personas usan la bicicleta como medio principal o complementan su\nviaje con otras alternativas como el subte, el tren o el autob\u00fas. La bicicleta\nrepresenta hoy para todos ellos una opci\u00f3n m\u00e1s para llegar al trabajo, ir a\nestudiar; en definitiva, para trasladarse en la Ciudad.<\/p>\n\n\n\n<p><strong>PILAR FUNDAMENTAL<\/strong><\/p>\n\n\n\n<p>El\ngobierno porte\u00f1o considera que, junto con la promoci\u00f3n del uso de la bici y el\nSistema de Transporte P\u00fablico de Bicicletas, la Red de Ciclov\u00edas y Bicisendas\nProtegidas&nbsp; es un pilar fundamental para\nque el crecimiento de los viajes en bicicleta. <\/p>\n\n\n\n<p>Todas\nlas Comunas y 41 de los 48 barrios de la Ciudad cuentan con esta\ninfraestructura dise\u00f1ada para brindarle seguridad vial a los cientos de\nciclistas que se mueven por Buenos Aires todos los d\u00edas. Y recientemente debut\u00f3\nen el Barrio 31, donde tambi\u00e9n se inaugur\u00f3 en las \u00faltimas semanas una de las\nnuevas 400 estaciones <em>Ecobici<\/em>.<\/p>\n\n\n\n<p>Seg\u00fan\ninforma el gobierno, el dise\u00f1o de la Red de Ciclov\u00edas y Bicisendas Protegidas\nprivilegia la conectividad hacia el \u00e1rea central y los Centros de Trasbordo,\ncomo as\u00ed tambi\u00e9n aquellos puntos que concentran un alto n\u00famero de puestos\nlaborales y de estudiantes. Su extensi\u00f3n se planea en conjunto con las\nubicaciones de las estaciones Ecobici para que los vecinos que elijan el\nsistema p\u00fablico gratuito se muevan seguros por las calles de Buenos Aires.<\/p>\n\n\n\n<p><strong>CICICLOV\u00cdAS U BICISENDAS PROTEGIDAS<\/strong><\/p>\n\n\n\n<p>En su\nmayor\u00eda, las ciclov\u00edas y bicisendas tienen un cord\u00f3n separador para mayor\nseguridad en la circulaci\u00f3n del ciclista.<\/p>\n\n\n\n<p>Se\nubican del lado izquierdo, donde se encuentra prohibido el estacionamiento por\nnormativa general. Se descart\u00f3 el lado derecho por ser el carril de operaci\u00f3n\ntanto para los autobuses como para la carga y descarga de veh\u00edculos\ncomerciales.<\/p>\n\n\n\n<p>Se\nelimina el estacionamiento y se descarta la detenci\u00f3n y circulaci\u00f3n de\ncualquier veh\u00edculo sobre la v\u00eda exclusiva para bicicletas.<\/p>\n\n\n\n<p>En\ntodas las intersecciones, las sendas de ciclistas est\u00e1n se\u00f1alizadas con pintura\nespecial reflectiva de color verde para mayor visibilidad nocturna de los autos\nque circulan por las calles transversales.<\/p>\n\n\n\n<p>Principalmente\nse encuentran en arterias con bajo tr\u00e1nsito, evitando la superposici\u00f3n con la\nred de autobuses, la del tr\u00e1nsito pesado y las avenidas.<\/p>\n\n\n\n<p>Se\nmodifican tiempos de cruce y se colocan sem\u00e1foros nuevos.<\/p>\n\n\n\n<p><strong>PLAN DE MANTENIMIENTO<\/strong><\/p>\n\n\n\n<p>El\ngobierno informa que el equipo de ejecuci\u00f3n y mantenimiento de la Red de\nCiclov\u00edas y Bicisendas Protegidas de la Ciudad Aut\u00f3noma de Buenos Aires realiza\nrelevamientos permanentemente en sus distintos tramos. A partir de estos\nrecorridos se elaboran informes del estado de cada una y se ordenan las\ndistintas prioridades. As\u00ed, se realizan trabajos de bacheo y cambio de\nsumideros, por ejemplo. Actualmente se est\u00e1 trabajando en las trazas Gorriti,\nSerrano y Jorge Luis Borges.<\/p>\n\n\n\n<p>El Plan\nde Mantenimiento est\u00e1 en constante ejecuci\u00f3n y tiene en cuenta el estado y las\nnecesidades de cada caso particular por los que se establecen prioridades.\nMensualmente el avance del mismo es de alrededor del 5% (la Red est\u00e1 en\nconstante uso y el estado de las bicisendas y ciclov\u00edas es din\u00e1mico).<\/p>\n\n\n\n<p><strong>LOS CONTROLES<\/strong><\/p>\n\n\n\n<p>El gobierno\nde la Ciudad Aut\u00f3noma de Buenos Aires explica que los trayectos que realizan\nlos agentes de tr\u00e1nsito son din\u00e1micos y se definen como parte de un plan\ngeneral de cobertura que incluye zonas con ciclov\u00edas y bicisendas para\ncontrolar su invasi\u00f3n y el estacionamiento indebido. <\/p>\n\n\n\n<p>Para\ngarantizar que la Red de Ciclov\u00edas y Bicisendas protegidas est\u00e9 despejada, a\npartir de 2019 se asign\u00f3 a un grupo de 20 agentes de tr\u00e1nsito en bicicleta que\nse encarga exclusivamente de controlar que est\u00e9n libres de veh\u00edculos.<\/p>\n\n\n\n<p>Adem\u00e1s,\npara que el recorrido de los agentes por los distintos barrios de la Ciudad sea\nm\u00e1s efectivo y puedan volver a las zonas de mayor conflicto cuando lo\nrequieran; se incorpor\u00f3 nueva tecnolog\u00eda. Los 24 cascos inteligentes permiten\nobtener un registro m\u00e1s completo de todas las Comunas, ampliando la zona de\ncobertura, mejoran el control a veh\u00edculos, como as\u00ed tambi\u00e9n a motociclistas.\nPara poder capturar im\u00e1genes que puedan ser analizadas de manera minuciosa, las\nmotos circulan entre 20 y 25 km\/h.\n\nLos vecinos tambi\u00e9n pueden realizar denuncias a\ntrav\u00e9s de la aplicaci\u00f3n BA Denuncia Vial y BA 147\n\n\n\n<\/p>\n","protected":false},"excerpt":{"rendered":"<p>La Red de Ciclov\u00edas y Bicisendas Protegidas&nbsp; de la Ciudad Aut\u00f3noma de Buenos Aires, que inici\u00f3 2017 con 169 km, lleg\u00f3 a los 234 km en mediados de 2019. Hasta fines de 2019, la red deber\u00e1 alcanzar los 250 km, conforme anunci\u00f3 el gobierno. Mientras que en 2009 s\u00f3lo 0.4% de los viajes de la [&hellip;]<\/p>\n","protected":false},"author":2,"featured_media":5649,"comment_status":"closed","ping_status":"closed","sticky":false,"template":"","format":"standard","meta":{"footnotes":""},"categories":[287],"tags":[1042,125,775],"class_list":["post-5648","post","type-post","status-publish","format-standard","has-post-thumbnail","hentry","category-notas","tag-bicisendas","tag-ciclovias","tag-destaque"],"yoast_head":"<!-- This site is optimized with the Yoast SEO plugin v26.9 - https:\/\/yoast.com\/product\/yoast-seo-wordpress\/ -->\n<title>La red de ciclov\u00edas y bicisendas protegidas est\u00e1 creciendo | Mobilitas<\/title>\n<meta name=\"robots\" content=\"index, follow, max-snippet:-1, max-image-preview:large, max-video-preview:-1\" \/>\n<link rel=\"canonical\" href=\"https:\/\/mobilitas.lat\/es\/2019\/08\/08\/la-red-de-ciclovias-y-bicisendas-protegidas-esta-creciendo\/\" \/>\n<meta property=\"og:locale\" content=\"es_ES\" \/>\n<meta property=\"og:type\" content=\"article\" \/>\n<meta property=\"og:title\" content=\"La red de ciclov\u00edas y bicisendas protegidas est\u00e1 creciendo | Mobilitas\" \/>\n<meta property=\"og:description\" content=\"La Red de Ciclov\u00edas y Bicisendas Protegidas&nbsp; de la Ciudad Aut\u00f3noma de Buenos Aires, que inici\u00f3 2017 con 169 km, lleg\u00f3 a los 234 km en mediados de 2019. Hasta fines de 2019, la red deber\u00e1 alcanzar los 250 km, conforme anunci\u00f3 el gobierno. Mientras que en 2009 s\u00f3lo 0.4% de los viajes de la [&hellip;]\" \/>\n<meta property=\"og:url\" content=\"https:\/\/mobilitas.lat\/es\/2019\/08\/08\/la-red-de-ciclovias-y-bicisendas-protegidas-esta-creciendo\/\" \/>\n<meta property=\"og:site_name\" content=\"Mobilitas\" \/>\n<meta property=\"article:published_time\" content=\"2019-08-08T03:24:27+00:00\" \/>\n<meta property=\"article:modified_time\" content=\"2019-08-08T03:24:29+00:00\" \/>\n<meta property=\"og:image\" content=\"https:\/\/storage.mobilitas.lat\/uploads\/2019\/08\/MOBILITAS-BUENOS-AIRES-CICLOVIAS-E-BICISENDAS-HOMEM-PEDALA-FOTO-GOBIERNO-CABA.png\" \/>\n\t<meta property=\"og:image:width\" content=\"563\" \/>\n\t<meta property=\"og:image:height\" content=\"284\" \/>\n\t<meta property=\"og:image:type\" content=\"image\/png\" \/>\n<meta name=\"author\" content=\"Alexandre Asquini\" \/>\n<meta name=\"twitter:card\" content=\"summary_large_image\" \/>\n<meta name=\"twitter:label1\" content=\"Written by\" \/>\n\t<meta name=\"twitter:data1\" content=\"Alexandre Asquini\" \/>\n\t<meta name=\"twitter:label2\" content=\"Est. reading time\" \/>\n\t<meta name=\"twitter:data2\" content=\"4 minutes\" \/>\n<script type=\"application\/ld+json\" class=\"yoast-schema-graph\">{\"@context\":\"https:\/\/schema.org\",\"@graph\":[{\"@type\":\"Article\",\"@id\":\"https:\/\/mobilitas.lat\/es\/2019\/08\/08\/la-red-de-ciclovias-y-bicisendas-protegidas-esta-creciendo\/#article\",\"isPartOf\":{\"@id\":\"https:\/\/mobilitas.lat\/es\/2019\/08\/08\/la-red-de-ciclovias-y-bicisendas-protegidas-esta-creciendo\/\"},\"author\":{\"name\":\"Alexandre Asquini\",\"@id\":\"https:\/\/mobilitas.lat\/es\/#\/schema\/person\/cae0d01ccbe855d1858d146e4c4d582d\"},\"headline\":\"La red de ciclov\u00edas y bicisendas protegidas est\u00e1 creciendo\",\"datePublished\":\"2019-08-08T03:24:27+00:00\",\"dateModified\":\"2019-08-08T03:24:29+00:00\",\"mainEntityOfPage\":{\"@id\":\"https:\/\/mobilitas.lat\/es\/2019\/08\/08\/la-red-de-ciclovias-y-bicisendas-protegidas-esta-creciendo\/\"},\"wordCount\":810,\"publisher\":{\"@id\":\"https:\/\/mobilitas.lat\/es\/#organization\"},\"image\":{\"@id\":\"https:\/\/mobilitas.lat\/es\/2019\/08\/08\/la-red-de-ciclovias-y-bicisendas-protegidas-esta-creciendo\/#primaryimage\"},\"thumbnailUrl\":\"https:\/\/storage.mobilitas.lat\/uploads\/2019\/08\/MOBILITAS-BUENOS-AIRES-CICLOVIAS-E-BICISENDAS-HOMEM-PEDALA-FOTO-GOBIERNO-CABA.png\",\"keywords\":[\"BICISENDAS\",\"CICLOVIAS\",\"destaque\"],\"articleSection\":[\"Notas\"],\"inLanguage\":\"es-ES\"},{\"@type\":\"WebPage\",\"@id\":\"https:\/\/mobilitas.lat\/es\/2019\/08\/08\/la-red-de-ciclovias-y-bicisendas-protegidas-esta-creciendo\/\",\"url\":\"https:\/\/mobilitas.lat\/es\/2019\/08\/08\/la-red-de-ciclovias-y-bicisendas-protegidas-esta-creciendo\/\",\"name\":\"La red de ciclov\u00edas y bicisendas protegidas est\u00e1 creciendo | Mobilitas\",\"isPartOf\":{\"@id\":\"https:\/\/mobilitas.lat\/es\/#website\"},\"primaryImageOfPage\":{\"@id\":\"https:\/\/mobilitas.lat\/es\/2019\/08\/08\/la-red-de-ciclovias-y-bicisendas-protegidas-esta-creciendo\/#primaryimage\"},\"image\":{\"@id\":\"https:\/\/mobilitas.lat\/es\/2019\/08\/08\/la-red-de-ciclovias-y-bicisendas-protegidas-esta-creciendo\/#primaryimage\"},\"thumbnailUrl\":\"https:\/\/storage.mobilitas.lat\/uploads\/2019\/08\/MOBILITAS-BUENOS-AIRES-CICLOVIAS-E-BICISENDAS-HOMEM-PEDALA-FOTO-GOBIERNO-CABA.png\",\"datePublished\":\"2019-08-08T03:24:27+00:00\",\"dateModified\":\"2019-08-08T03:24:29+00:00\",\"breadcrumb\":{\"@id\":\"https:\/\/mobilitas.lat\/es\/2019\/08\/08\/la-red-de-ciclovias-y-bicisendas-protegidas-esta-creciendo\/#breadcrumb\"},\"inLanguage\":\"es-ES\",\"potentialAction\":[{\"@type\":\"ReadAction\",\"target\":[\"https:\/\/mobilitas.lat\/es\/2019\/08\/08\/la-red-de-ciclovias-y-bicisendas-protegidas-esta-creciendo\/\"]}]},{\"@type\":\"ImageObject\",\"inLanguage\":\"es-ES\",\"@id\":\"https:\/\/mobilitas.lat\/es\/2019\/08\/08\/la-red-de-ciclovias-y-bicisendas-protegidas-esta-creciendo\/#primaryimage\",\"url\":\"https:\/\/storage.mobilitas.lat\/uploads\/2019\/08\/MOBILITAS-BUENOS-AIRES-CICLOVIAS-E-BICISENDAS-HOMEM-PEDALA-FOTO-GOBIERNO-CABA.png\",\"contentUrl\":\"https:\/\/storage.mobilitas.lat\/uploads\/2019\/08\/MOBILITAS-BUENOS-AIRES-CICLOVIAS-E-BICISENDAS-HOMEM-PEDALA-FOTO-GOBIERNO-CABA.png\",\"width\":563,\"height\":284},{\"@type\":\"BreadcrumbList\",\"@id\":\"https:\/\/mobilitas.lat\/es\/2019\/08\/08\/la-red-de-ciclovias-y-bicisendas-protegidas-esta-creciendo\/#breadcrumb\",\"itemListElement\":[{\"@type\":\"ListItem\",\"position\":1,\"name\":\"In\u00edcio\",\"item\":\"https:\/\/mobilitas.lat\/es\/\"},{\"@type\":\"ListItem\",\"position\":2,\"name\":\"La red de ciclov\u00edas y bicisendas protegidas est\u00e1 creciendo\"}]},{\"@type\":\"WebSite\",\"@id\":\"https:\/\/mobilitas.lat\/es\/#website\",\"url\":\"https:\/\/mobilitas.lat\/es\/\",\"name\":\"Mobilitas\",\"description\":\"Tecnologia e Mobilidade Urbana na Am\u00e9rica Latina\",\"publisher\":{\"@id\":\"https:\/\/mobilitas.lat\/es\/#organization\"},\"potentialAction\":[{\"@type\":\"SearchAction\",\"target\":{\"@type\":\"EntryPoint\",\"urlTemplate\":\"https:\/\/mobilitas.lat\/es\/?s={search_term_string}\"},\"query-input\":{\"@type\":\"PropertyValueSpecification\",\"valueRequired\":true,\"valueName\":\"search_term_string\"}}],\"inLanguage\":\"es-ES\"},{\"@type\":\"Organization\",\"@id\":\"https:\/\/mobilitas.lat\/es\/#organization\",\"name\":\"OTM Editora\",\"url\":\"https:\/\/mobilitas.lat\/es\/\",\"logo\":{\"@type\":\"ImageObject\",\"inLanguage\":\"es-ES\",\"@id\":\"https:\/\/mobilitas.lat\/es\/#\/schema\/logo\/image\/\",\"url\":\"https:\/\/mobilitas.lat\/wp-content\/uploads\/2024\/03\/opengraph.png\",\"contentUrl\":\"https:\/\/mobilitas.lat\/wp-content\/uploads\/2024\/03\/opengraph.png\",\"width\":1200,\"height\":630,\"caption\":\"OTM Editora\"},\"image\":{\"@id\":\"https:\/\/mobilitas.lat\/es\/#\/schema\/logo\/image\/\"}},{\"@type\":\"Person\",\"@id\":\"https:\/\/mobilitas.lat\/es\/#\/schema\/person\/cae0d01ccbe855d1858d146e4c4d582d\",\"name\":\"Alexandre Asquini\",\"image\":{\"@type\":\"ImageObject\",\"inLanguage\":\"es-ES\",\"@id\":\"https:\/\/mobilitas.lat\/es\/#\/schema\/person\/image\/\",\"url\":\"https:\/\/secure.gravatar.com\/avatar\/aac99dbef1420f75cc7d86913eb8a7cdfbe13e2509ad7a45649a61414f6d2785?s=96&d=mm&r=g\",\"contentUrl\":\"https:\/\/secure.gravatar.com\/avatar\/aac99dbef1420f75cc7d86913eb8a7cdfbe13e2509ad7a45649a61414f6d2785?s=96&d=mm&r=g\",\"caption\":\"Alexandre Asquini\"}}]}<\/script>\n<!-- \/ Yoast SEO plugin. -->","yoast_head_json":{"title":"La red de ciclov\u00edas y bicisendas protegidas est\u00e1 creciendo | Mobilitas","robots":{"index":"index","follow":"follow","max-snippet":"max-snippet:-1","max-image-preview":"max-image-preview:large","max-video-preview":"max-video-preview:-1"},"canonical":"https:\/\/mobilitas.lat\/es\/2019\/08\/08\/la-red-de-ciclovias-y-bicisendas-protegidas-esta-creciendo\/","og_locale":"es_ES","og_type":"article","og_title":"La red de ciclov\u00edas y bicisendas protegidas est\u00e1 creciendo | Mobilitas","og_description":"La Red de Ciclov\u00edas y Bicisendas Protegidas&nbsp; de la Ciudad Aut\u00f3noma de Buenos Aires, que inici\u00f3 2017 con 169 km, lleg\u00f3 a los 234 km en mediados de 2019. Hasta fines de 2019, la red deber\u00e1 alcanzar los 250 km, conforme anunci\u00f3 el gobierno. Mientras que en 2009 s\u00f3lo 0.4% de los viajes de la [&hellip;]","og_url":"https:\/\/mobilitas.lat\/es\/2019\/08\/08\/la-red-de-ciclovias-y-bicisendas-protegidas-esta-creciendo\/","og_site_name":"Mobilitas","article_published_time":"2019-08-08T03:24:27+00:00","article_modified_time":"2019-08-08T03:24:29+00:00","og_image":[{"width":563,"height":284,"url":"https:\/\/storage.mobilitas.lat\/uploads\/2019\/08\/MOBILITAS-BUENOS-AIRES-CICLOVIAS-E-BICISENDAS-HOMEM-PEDALA-FOTO-GOBIERNO-CABA.png","type":"image\/png"}],"author":"Alexandre Asquini","twitter_card":"summary_large_image","twitter_misc":{"Written by":"Alexandre Asquini","Est. reading time":"4 minutes"},"schema":{"@context":"https:\/\/schema.org","@graph":[{"@type":"Article","@id":"https:\/\/mobilitas.lat\/es\/2019\/08\/08\/la-red-de-ciclovias-y-bicisendas-protegidas-esta-creciendo\/#article","isPartOf":{"@id":"https:\/\/mobilitas.lat\/es\/2019\/08\/08\/la-red-de-ciclovias-y-bicisendas-protegidas-esta-creciendo\/"},"author":{"name":"Alexandre Asquini","@id":"https:\/\/mobilitas.lat\/es\/#\/schema\/person\/cae0d01ccbe855d1858d146e4c4d582d"},"headline":"La red de ciclov\u00edas y bicisendas protegidas est\u00e1 creciendo","datePublished":"2019-08-08T03:24:27+00:00","dateModified":"2019-08-08T03:24:29+00:00","mainEntityOfPage":{"@id":"https:\/\/mobilitas.lat\/es\/2019\/08\/08\/la-red-de-ciclovias-y-bicisendas-protegidas-esta-creciendo\/"},"wordCount":810,"publisher":{"@id":"https:\/\/mobilitas.lat\/es\/#organization"},"image":{"@id":"https:\/\/mobilitas.lat\/es\/2019\/08\/08\/la-red-de-ciclovias-y-bicisendas-protegidas-esta-creciendo\/#primaryimage"},"thumbnailUrl":"https:\/\/storage.mobilitas.lat\/uploads\/2019\/08\/MOBILITAS-BUENOS-AIRES-CICLOVIAS-E-BICISENDAS-HOMEM-PEDALA-FOTO-GOBIERNO-CABA.png","keywords":["BICISENDAS","CICLOVIAS","destaque"],"articleSection":["Notas"],"inLanguage":"es-ES"},{"@type":"WebPage","@id":"https:\/\/mobilitas.lat\/es\/2019\/08\/08\/la-red-de-ciclovias-y-bicisendas-protegidas-esta-creciendo\/","url":"https:\/\/mobilitas.lat\/es\/2019\/08\/08\/la-red-de-ciclovias-y-bicisendas-protegidas-esta-creciendo\/","name":"La red de ciclov\u00edas y bicisendas protegidas est\u00e1 creciendo | Mobilitas","isPartOf":{"@id":"https:\/\/mobilitas.lat\/es\/#website"},"primaryImageOfPage":{"@id":"https:\/\/mobilitas.lat\/es\/2019\/08\/08\/la-red-de-ciclovias-y-bicisendas-protegidas-esta-creciendo\/#primaryimage"},"image":{"@id":"https:\/\/mobilitas.lat\/es\/2019\/08\/08\/la-red-de-ciclovias-y-bicisendas-protegidas-esta-creciendo\/#primaryimage"},"thumbnailUrl":"https:\/\/storage.mobilitas.lat\/uploads\/2019\/08\/MOBILITAS-BUENOS-AIRES-CICLOVIAS-E-BICISENDAS-HOMEM-PEDALA-FOTO-GOBIERNO-CABA.png","datePublished":"2019-08-08T03:24:27+00:00","dateModified":"2019-08-08T03:24:29+00:00","breadcrumb":{"@id":"https:\/\/mobilitas.lat\/es\/2019\/08\/08\/la-red-de-ciclovias-y-bicisendas-protegidas-esta-creciendo\/#breadcrumb"},"inLanguage":"es-ES","potentialAction":[{"@type":"ReadAction","target":["https:\/\/mobilitas.lat\/es\/2019\/08\/08\/la-red-de-ciclovias-y-bicisendas-protegidas-esta-creciendo\/"]}]},{"@type":"ImageObject","inLanguage":"es-ES","@id":"https:\/\/mobilitas.lat\/es\/2019\/08\/08\/la-red-de-ciclovias-y-bicisendas-protegidas-esta-creciendo\/#primaryimage","url":"https:\/\/storage.mobilitas.lat\/uploads\/2019\/08\/MOBILITAS-BUENOS-AIRES-CICLOVIAS-E-BICISENDAS-HOMEM-PEDALA-FOTO-GOBIERNO-CABA.png","contentUrl":"https:\/\/storage.mobilitas.lat\/uploads\/2019\/08\/MOBILITAS-BUENOS-AIRES-CICLOVIAS-E-BICISENDAS-HOMEM-PEDALA-FOTO-GOBIERNO-CABA.png","width":563,"height":284},{"@type":"BreadcrumbList","@id":"https:\/\/mobilitas.lat\/es\/2019\/08\/08\/la-red-de-ciclovias-y-bicisendas-protegidas-esta-creciendo\/#breadcrumb","itemListElement":[{"@type":"ListItem","position":1,"name":"In\u00edcio","item":"https:\/\/mobilitas.lat\/es\/"},{"@type":"ListItem","position":2,"name":"La red de ciclov\u00edas y bicisendas protegidas est\u00e1 creciendo"}]},{"@type":"WebSite","@id":"https:\/\/mobilitas.lat\/es\/#website","url":"https:\/\/mobilitas.lat\/es\/","name":"Mobilitas","description":"Tecnologia e Mobilidade Urbana na Am\u00e9rica Latina","publisher":{"@id":"https:\/\/mobilitas.lat\/es\/#organization"},"potentialAction":[{"@type":"SearchAction","target":{"@type":"EntryPoint","urlTemplate":"https:\/\/mobilitas.lat\/es\/?s={search_term_string}"},"query-input":{"@type":"PropertyValueSpecification","valueRequired":true,"valueName":"search_term_string"}}],"inLanguage":"es-ES"},{"@type":"Organization","@id":"https:\/\/mobilitas.lat\/es\/#organization","name":"OTM Editora","url":"https:\/\/mobilitas.lat\/es\/","logo":{"@type":"ImageObject","inLanguage":"es-ES","@id":"https:\/\/mobilitas.lat\/es\/#\/schema\/logo\/image\/","url":"https:\/\/mobilitas.lat\/wp-content\/uploads\/2024\/03\/opengraph.png","contentUrl":"https:\/\/mobilitas.lat\/wp-content\/uploads\/2024\/03\/opengraph.png","width":1200,"height":630,"caption":"OTM Editora"},"image":{"@id":"https:\/\/mobilitas.lat\/es\/#\/schema\/logo\/image\/"}},{"@type":"Person","@id":"https:\/\/mobilitas.lat\/es\/#\/schema\/person\/cae0d01ccbe855d1858d146e4c4d582d","name":"Alexandre Asquini","image":{"@type":"ImageObject","inLanguage":"es-ES","@id":"https:\/\/mobilitas.lat\/es\/#\/schema\/person\/image\/","url":"https:\/\/secure.gravatar.com\/avatar\/aac99dbef1420f75cc7d86913eb8a7cdfbe13e2509ad7a45649a61414f6d2785?s=96&d=mm&r=g","contentUrl":"https:\/\/secure.gravatar.com\/avatar\/aac99dbef1420f75cc7d86913eb8a7cdfbe13e2509ad7a45649a61414f6d2785?s=96&d=mm&r=g","caption":"Alexandre Asquini"}}]}},"_links":{"self":[{"href":"https:\/\/mobilitas.lat\/es\/wp-json\/wp\/v2\/posts\/5648","targetHints":{"allow":["GET"]}}],"collection":[{"href":"https:\/\/mobilitas.lat\/es\/wp-json\/wp\/v2\/posts"}],"about":[{"href":"https:\/\/mobilitas.lat\/es\/wp-json\/wp\/v2\/types\/post"}],"author":[{"embeddable":true,"href":"https:\/\/mobilitas.lat\/es\/wp-json\/wp\/v2\/users\/2"}],"replies":[{"embeddable":true,"href":"https:\/\/mobilitas.lat\/es\/wp-json\/wp\/v2\/comments?post=5648"}],"version-history":[{"count":2,"href":"https:\/\/mobilitas.lat\/es\/wp-json\/wp\/v2\/posts\/5648\/revisions"}],"predecessor-version":[{"id":5652,"href":"https:\/\/mobilitas.lat\/es\/wp-json\/wp\/v2\/posts\/5648\/revisions\/5652"}],"wp:featuredmedia":[{"embeddable":true,"href":"https:\/\/mobilitas.lat\/es\/wp-json\/wp\/v2\/media\/5649"}],"wp:attachment":[{"href":"https:\/\/mobilitas.lat\/es\/wp-json\/wp\/v2\/media?parent=5648"}],"wp:term":[{"taxonomy":"category","embeddable":true,"href":"https:\/\/mobilitas.lat\/es\/wp-json\/wp\/v2\/categories?post=5648"},{"taxonomy":"post_tag","embeddable":true,"href":"https:\/\/mobilitas.lat\/es\/wp-json\/wp\/v2\/tags?post=5648"}],"curies":[{"name":"wp","href":"https:\/\/api.w.org\/{rel}","templated":true}]}}