{"id":5516,"date":"2019-07-23T09:35:46","date_gmt":"2019-07-23T12:35:46","guid":{"rendered":"https:\/\/mobilitas.lat\/?p=5516"},"modified":"2019-07-23T09:49:12","modified_gmt":"2019-07-23T12:49:12","slug":"treinta-inspectores-de-la-intendencia-de-montevideo-recibieron-capacitacion-sobre-el-uso-de-sistemas-de-retencion-infantil-en-vehiculos","status":"publish","type":"post","link":"https:\/\/mobilitas.lat\/es\/2019\/07\/23\/treinta-inspectores-de-la-intendencia-de-montevideo-recibieron-capacitacion-sobre-el-uso-de-sistemas-de-retencion-infantil-en-vehiculos\/","title":{"rendered":"Treinta inspectores de la Intendencia de Montevideo recibieron capacitaci\u00f3n sobre el uso de sistemas de retenci\u00f3n infantil en veh\u00edculos"},"content":{"rendered":"\n<p>La Intendencia de Montevideo, Uruguay, inform\u00f3 que\n30 Inspectores recibieron capacitaci\u00f3n sobre sistemas de retenci\u00f3n infantil<\/p>\n\n\n\n<p>Esta jornada, que se desarroll\u00f3 en el Centro de\nEstudios Departamentales, fue coordinada por la nueva Unidad de Siniestralidad\ny Lesividad de la comuna \u2013creada este a\u00f1o \u2013 y la fundaci\u00f3n Gonchi Rodr\u00edguez.\nCon esta \u00faltima capacitaci\u00f3n y varias instancias anteriores, son ya 100 los\ninspectores capacitados en la materia.<\/p>\n\n\n\n<p>Los conocimientos incorporados y reafirmados en esta\ninstancia ser\u00e1n utilizados por los inspectores en su trabajo diario en las\ncalles montevideanas.<\/p>\n\n\n\n<p><strong>CONTENIDO<\/strong><\/p>\n\n\n\n<p>Este es el contenido de la capacitaci\u00f3n de inspectores SRI: 1) Estado situaci\u00f3n de la\nsiniestralidad en el Departamiento y evoluci\u00f3n. 2) Comparativa entre\nsemestres.&nbsp; Indicadores del Plan\ndepartamental de SV y resumen de operativos de fiscalizaci\u00f3n em Municipios&nbsp; 3) Vulnerabilidad del ni\u00f1o en cu\u00e1nto a sus\nfactores de riesgo en el tr\u00e1nsito: tama\u00f1o corporal, visi\u00f3n y audici\u00f3n. El\ncuidado de las madres embarazadas.&nbsp; 4) Edades\ny peso, normativa t\u00e9cnica, categor\u00edas y tipos de SRI. 5) Diferentes tipos de\nanclajes en los veh\u00edculos. 6) Tipos de cinturones de seguridad y retractores.\n7)&nbsp; Importancia de los pasos\nfundamentales: selecci\u00f3n, orientaci\u00f3n, ubicaci\u00f3n e instalaci\u00f3n. 8)&nbsp; V\u00eddeos pr\u00e1cticos de instalaci\u00f3n para cada\ngrupo, sistemas de anclajes. 9) Pr\u00e1ctica con mu\u00f1ecos para uso de arneses y\nutilizaci\u00f3n correcta de los arneses para cada etapa. 10)&nbsp; Vencimientos de los SRI. 11) Mejores\npr\u00e1cticas para adultos responsables del cuidado del ni\u00f1o.<\/p>\n\n\n\n<p><strong>INTENSIFICACI\u00d3N\nDE LOS CONTROLES<\/strong><\/p>\n\n\n\n<p>El Departamento de Movilidad de Montevideo intensificar\u00e1\nlos controles de uso de Sistemas de Retenci\u00f3n Infantil en menores de 12 a\u00f1os.<\/p>\n\n\n\n<p>Las acciones incluir\u00e1n asesoramiento a las y los\nautomovilistas sobre el uso de sillas adecuadas, de acuerdo al peso y edad de\nni\u00f1as y ni\u00f1os, as\u00ed como control del uso efectivo del sistema de retenci\u00f3n\ninfantil (SRE).<\/p>\n\n\n\n<p>El uso de un correcto SRI reduce hasta 75% las\nprobabilidades de fallecimiento y 90% de lesiones graves en caso de siniestro.<\/p>\n\n\n\n<p>Ni\u00f1as y ni\u00f1os deben viajar en la fila de asientos\ntraseros del auto, siendo la plaza central la m\u00e1s segura, donde se debe\ninstalar el SRI.<\/p>\n\n\n\n<p>La ubicaci\u00f3n en esa zona disminuye lesiones en caso\nde un impacto lateral.<\/p>\n\n\n\n<p>Es necesario ajustar correctamente el arn\u00e9s o\nsistema de sujeci\u00f3n utilizado y el apoya cabeza, tomando en consideraci\u00f3n el\ncuerpo del usuario.<\/p>\n\n\n\n<p>Para mayor seguridad se recomienda que hasta los 18\nmeses ni\u00f1as y ni\u00f1os viajen a contramarcha, ya que esta pr\u00e1ctica reduce cinco\nveces la probabilidad de sufrir lesiones de entidad en un siniestro. En tal\ncaso, el respaldo debe estar separado del asiento delantero por aproximadamente\ndos cent\u00edmetros.<\/p>\n\n\n\n<p><strong>CUATRO\nCATEGORIAS<\/strong><\/p>\n\n\n\n<p>Existen cuatro categor\u00edas de sistemas de retenci\u00f3n\ninfantil que se adaptan a las caracter\u00edsticas corporales.<\/p>\n\n\n\n<p>Los SRI (cat. 0, 0+ y 1) deber\u00e1n estar instalados a\n30 o 45 grados de inclinaci\u00f3n vertical, lo cual minimiza los efectos en el\ncuerpo en caso de siniestro.<\/p>\n\n\n\n<p>Si en el veh\u00edculo viajan m\u00e1s de tres ni\u00f1as\/os se\nrecomienda que la\/el m\u00e1s peque\u00f1a\/o sea ubicado\/a en la plaza central, el\/la\nmayor del lado izquierdo y el\/la de edad intermedia a la derecha.<\/p>\n\n\n\n<p>Se debe tomar en cuenta que el SRI est\u00e9 certificado\ny comprobar su sistema de anclaje al veh\u00edculo (ISOFIX, LATCH o cintur\u00f3n de\nseguridad de dos o tres puntas, el cual depender\u00e1 de la categor\u00eda de SRI a\nutilizar).<\/p>\n\n\n\n<p>Trasladar a ni\u00f1as y ni\u00f1os con un correcto SRI es\nobligatorio de acuerdo a la ley 19.061 que complementa la ley de Tr\u00e1nsito\n(promulgada el 6 de enero 2013 y reglamentada por el decreto N\u00ba 81\/014 del 3 de\nabril 2014).<\/p>\n\n\n\n<p>Las multas propuestas en la reglamentaci\u00f3n oscilan entre las 0,5 y 5 UR. Estas sanciones son sin perjuicio de las responsabilidades civiles y penales que se establecen en el Reglamento Nacional de Circulaci\u00f3n Vial.<\/p>\n","protected":false},"excerpt":{"rendered":"<p>La Intendencia de Montevideo, Uruguay, inform\u00f3 que 30 Inspectores recibieron capacitaci\u00f3n sobre sistemas de retenci\u00f3n infantil Esta jornada, que se desarroll\u00f3 en el Centro de Estudios Departamentales, fue coordinada por la nueva Unidad de Siniestralidad y Lesividad de la comuna \u2013creada este a\u00f1o \u2013 y la fundaci\u00f3n Gonchi Rodr\u00edguez. Con esta \u00faltima capacitaci\u00f3n y varias [&hellip;]<\/p>\n","protected":false},"author":2,"featured_media":5532,"comment_status":"closed","ping_status":"closed","sticky":false,"template":"","format":"standard","meta":{"footnotes":""},"categories":[287,298],"tags":[344,1025],"class_list":["post-5516","post","type-post","status-publish","format-standard","has-post-thumbnail","hentry","category-notas","category-radar-es","tag-montevideo","tag-retencion-infantil-en-vehiculos"],"yoast_head":"<!-- This site is optimized with the Yoast SEO plugin v26.9 - https:\/\/yoast.com\/product\/yoast-seo-wordpress\/ -->\n<title>Treinta inspectores de la Intendencia de Montevideo recibieron capacitaci\u00f3n sobre el uso de sistemas de retenci\u00f3n infantil en veh\u00edculos | Mobilitas<\/title>\n<meta name=\"robots\" content=\"index, follow, max-snippet:-1, max-image-preview:large, max-video-preview:-1\" \/>\n<link rel=\"canonical\" href=\"https:\/\/mobilitas.lat\/es\/2019\/07\/23\/treinta-inspectores-de-la-intendencia-de-montevideo-recibieron-capacitacion-sobre-el-uso-de-sistemas-de-retencion-infantil-en-vehiculos\/\" \/>\n<meta property=\"og:locale\" content=\"es_ES\" \/>\n<meta property=\"og:type\" content=\"article\" \/>\n<meta property=\"og:title\" content=\"Treinta inspectores de la Intendencia de Montevideo recibieron capacitaci\u00f3n sobre el uso de sistemas de retenci\u00f3n infantil en veh\u00edculos | Mobilitas\" \/>\n<meta property=\"og:description\" content=\"La Intendencia de Montevideo, Uruguay, inform\u00f3 que 30 Inspectores recibieron capacitaci\u00f3n sobre sistemas de retenci\u00f3n infantil Esta jornada, que se desarroll\u00f3 en el Centro de Estudios Departamentales, fue coordinada por la nueva Unidad de Siniestralidad y Lesividad de la comuna \u2013creada este a\u00f1o \u2013 y la fundaci\u00f3n Gonchi Rodr\u00edguez. Con esta \u00faltima capacitaci\u00f3n y varias [&hellip;]\" \/>\n<meta property=\"og:url\" content=\"https:\/\/mobilitas.lat\/es\/2019\/07\/23\/treinta-inspectores-de-la-intendencia-de-montevideo-recibieron-capacitacion-sobre-el-uso-de-sistemas-de-retencion-infantil-en-vehiculos\/\" \/>\n<meta property=\"og:site_name\" content=\"Mobilitas\" \/>\n<meta property=\"article:published_time\" content=\"2019-07-23T12:35:46+00:00\" \/>\n<meta property=\"article:modified_time\" content=\"2019-07-23T12:49:12+00:00\" \/>\n<meta property=\"og:image\" content=\"https:\/\/storage.mobilitas.lat\/uploads\/2019\/07\/MOBILITAS-CADEIRINHAS-MONTEVID\u00c9U-1.png\" \/>\n\t<meta property=\"og:image:width\" content=\"448\" \/>\n\t<meta property=\"og:image:height\" content=\"252\" \/>\n\t<meta property=\"og:image:type\" content=\"image\/png\" \/>\n<meta name=\"author\" content=\"Alexandre Asquini\" \/>\n<meta name=\"twitter:card\" content=\"summary_large_image\" \/>\n<meta name=\"twitter:label1\" content=\"Written by\" \/>\n\t<meta name=\"twitter:data1\" content=\"Alexandre Asquini\" \/>\n\t<meta name=\"twitter:label2\" content=\"Est. reading time\" \/>\n\t<meta name=\"twitter:data2\" content=\"3 minutes\" \/>\n<script type=\"application\/ld+json\" class=\"yoast-schema-graph\">{\"@context\":\"https:\/\/schema.org\",\"@graph\":[{\"@type\":\"Article\",\"@id\":\"https:\/\/mobilitas.lat\/es\/2019\/07\/23\/treinta-inspectores-de-la-intendencia-de-montevideo-recibieron-capacitacion-sobre-el-uso-de-sistemas-de-retencion-infantil-en-vehiculos\/#article\",\"isPartOf\":{\"@id\":\"https:\/\/mobilitas.lat\/es\/2019\/07\/23\/treinta-inspectores-de-la-intendencia-de-montevideo-recibieron-capacitacion-sobre-el-uso-de-sistemas-de-retencion-infantil-en-vehiculos\/\"},\"author\":{\"name\":\"Alexandre Asquini\",\"@id\":\"https:\/\/mobilitas.lat\/es\/#\/schema\/person\/cae0d01ccbe855d1858d146e4c4d582d\"},\"headline\":\"Treinta inspectores de la Intendencia de Montevideo recibieron capacitaci\u00f3n sobre el uso de sistemas de retenci\u00f3n infantil en veh\u00edculos\",\"datePublished\":\"2019-07-23T12:35:46+00:00\",\"dateModified\":\"2019-07-23T12:49:12+00:00\",\"mainEntityOfPage\":{\"@id\":\"https:\/\/mobilitas.lat\/es\/2019\/07\/23\/treinta-inspectores-de-la-intendencia-de-montevideo-recibieron-capacitacion-sobre-el-uso-de-sistemas-de-retencion-infantil-en-vehiculos\/\"},\"wordCount\":692,\"publisher\":{\"@id\":\"https:\/\/mobilitas.lat\/es\/#organization\"},\"image\":{\"@id\":\"https:\/\/mobilitas.lat\/es\/2019\/07\/23\/treinta-inspectores-de-la-intendencia-de-montevideo-recibieron-capacitacion-sobre-el-uso-de-sistemas-de-retencion-infantil-en-vehiculos\/#primaryimage\"},\"thumbnailUrl\":\"https:\/\/storage.mobilitas.lat\/uploads\/2019\/07\/MOBILITAS-CADEIRINHAS-MONTEVID\u00c9U-1.png\",\"keywords\":[\"Montevideo\",\"RETENCI\u00d3N INFANTIL EN VEH\u00cdCULOS\"],\"articleSection\":[\"Notas\",\"Radar\"],\"inLanguage\":\"es-ES\"},{\"@type\":\"WebPage\",\"@id\":\"https:\/\/mobilitas.lat\/es\/2019\/07\/23\/treinta-inspectores-de-la-intendencia-de-montevideo-recibieron-capacitacion-sobre-el-uso-de-sistemas-de-retencion-infantil-en-vehiculos\/\",\"url\":\"https:\/\/mobilitas.lat\/es\/2019\/07\/23\/treinta-inspectores-de-la-intendencia-de-montevideo-recibieron-capacitacion-sobre-el-uso-de-sistemas-de-retencion-infantil-en-vehiculos\/\",\"name\":\"Treinta inspectores de la Intendencia de Montevideo recibieron capacitaci\u00f3n sobre el uso de sistemas de retenci\u00f3n infantil en veh\u00edculos | Mobilitas\",\"isPartOf\":{\"@id\":\"https:\/\/mobilitas.lat\/es\/#website\"},\"primaryImageOfPage\":{\"@id\":\"https:\/\/mobilitas.lat\/es\/2019\/07\/23\/treinta-inspectores-de-la-intendencia-de-montevideo-recibieron-capacitacion-sobre-el-uso-de-sistemas-de-retencion-infantil-en-vehiculos\/#primaryimage\"},\"image\":{\"@id\":\"https:\/\/mobilitas.lat\/es\/2019\/07\/23\/treinta-inspectores-de-la-intendencia-de-montevideo-recibieron-capacitacion-sobre-el-uso-de-sistemas-de-retencion-infantil-en-vehiculos\/#primaryimage\"},\"thumbnailUrl\":\"https:\/\/storage.mobilitas.lat\/uploads\/2019\/07\/MOBILITAS-CADEIRINHAS-MONTEVID\u00c9U-1.png\",\"datePublished\":\"2019-07-23T12:35:46+00:00\",\"dateModified\":\"2019-07-23T12:49:12+00:00\",\"breadcrumb\":{\"@id\":\"https:\/\/mobilitas.lat\/es\/2019\/07\/23\/treinta-inspectores-de-la-intendencia-de-montevideo-recibieron-capacitacion-sobre-el-uso-de-sistemas-de-retencion-infantil-en-vehiculos\/#breadcrumb\"},\"inLanguage\":\"es-ES\",\"potentialAction\":[{\"@type\":\"ReadAction\",\"target\":[\"https:\/\/mobilitas.lat\/es\/2019\/07\/23\/treinta-inspectores-de-la-intendencia-de-montevideo-recibieron-capacitacion-sobre-el-uso-de-sistemas-de-retencion-infantil-en-vehiculos\/\"]}]},{\"@type\":\"ImageObject\",\"inLanguage\":\"es-ES\",\"@id\":\"https:\/\/mobilitas.lat\/es\/2019\/07\/23\/treinta-inspectores-de-la-intendencia-de-montevideo-recibieron-capacitacion-sobre-el-uso-de-sistemas-de-retencion-infantil-en-vehiculos\/#primaryimage\",\"url\":\"https:\/\/storage.mobilitas.lat\/uploads\/2019\/07\/MOBILITAS-CADEIRINHAS-MONTEVID\u00c9U-1.png\",\"contentUrl\":\"https:\/\/storage.mobilitas.lat\/uploads\/2019\/07\/MOBILITAS-CADEIRINHAS-MONTEVID\u00c9U-1.png\",\"width\":448,\"height\":252},{\"@type\":\"BreadcrumbList\",\"@id\":\"https:\/\/mobilitas.lat\/es\/2019\/07\/23\/treinta-inspectores-de-la-intendencia-de-montevideo-recibieron-capacitacion-sobre-el-uso-de-sistemas-de-retencion-infantil-en-vehiculos\/#breadcrumb\",\"itemListElement\":[{\"@type\":\"ListItem\",\"position\":1,\"name\":\"In\u00edcio\",\"item\":\"https:\/\/mobilitas.lat\/es\/\"},{\"@type\":\"ListItem\",\"position\":2,\"name\":\"Treinta inspectores de la Intendencia de Montevideo recibieron capacitaci\u00f3n sobre el uso de sistemas de retenci\u00f3n infantil en veh\u00edculos\"}]},{\"@type\":\"WebSite\",\"@id\":\"https:\/\/mobilitas.lat\/es\/#website\",\"url\":\"https:\/\/mobilitas.lat\/es\/\",\"name\":\"Mobilitas\",\"description\":\"Tecnologia e Mobilidade Urbana na Am\u00e9rica Latina\",\"publisher\":{\"@id\":\"https:\/\/mobilitas.lat\/es\/#organization\"},\"potentialAction\":[{\"@type\":\"SearchAction\",\"target\":{\"@type\":\"EntryPoint\",\"urlTemplate\":\"https:\/\/mobilitas.lat\/es\/?s={search_term_string}\"},\"query-input\":{\"@type\":\"PropertyValueSpecification\",\"valueRequired\":true,\"valueName\":\"search_term_string\"}}],\"inLanguage\":\"es-ES\"},{\"@type\":\"Organization\",\"@id\":\"https:\/\/mobilitas.lat\/es\/#organization\",\"name\":\"OTM Editora\",\"url\":\"https:\/\/mobilitas.lat\/es\/\",\"logo\":{\"@type\":\"ImageObject\",\"inLanguage\":\"es-ES\",\"@id\":\"https:\/\/mobilitas.lat\/es\/#\/schema\/logo\/image\/\",\"url\":\"https:\/\/mobilitas.lat\/wp-content\/uploads\/2024\/03\/opengraph.png\",\"contentUrl\":\"https:\/\/mobilitas.lat\/wp-content\/uploads\/2024\/03\/opengraph.png\",\"width\":1200,\"height\":630,\"caption\":\"OTM Editora\"},\"image\":{\"@id\":\"https:\/\/mobilitas.lat\/es\/#\/schema\/logo\/image\/\"}},{\"@type\":\"Person\",\"@id\":\"https:\/\/mobilitas.lat\/es\/#\/schema\/person\/cae0d01ccbe855d1858d146e4c4d582d\",\"name\":\"Alexandre Asquini\",\"image\":{\"@type\":\"ImageObject\",\"inLanguage\":\"es-ES\",\"@id\":\"https:\/\/mobilitas.lat\/es\/#\/schema\/person\/image\/\",\"url\":\"https:\/\/secure.gravatar.com\/avatar\/aac99dbef1420f75cc7d86913eb8a7cdfbe13e2509ad7a45649a61414f6d2785?s=96&d=mm&r=g\",\"contentUrl\":\"https:\/\/secure.gravatar.com\/avatar\/aac99dbef1420f75cc7d86913eb8a7cdfbe13e2509ad7a45649a61414f6d2785?s=96&d=mm&r=g\",\"caption\":\"Alexandre Asquini\"}}]}<\/script>\n<!-- \/ Yoast SEO plugin. -->","yoast_head_json":{"title":"Treinta inspectores de la Intendencia de Montevideo recibieron capacitaci\u00f3n sobre el uso de sistemas de retenci\u00f3n infantil en veh\u00edculos | Mobilitas","robots":{"index":"index","follow":"follow","max-snippet":"max-snippet:-1","max-image-preview":"max-image-preview:large","max-video-preview":"max-video-preview:-1"},"canonical":"https:\/\/mobilitas.lat\/es\/2019\/07\/23\/treinta-inspectores-de-la-intendencia-de-montevideo-recibieron-capacitacion-sobre-el-uso-de-sistemas-de-retencion-infantil-en-vehiculos\/","og_locale":"es_ES","og_type":"article","og_title":"Treinta inspectores de la Intendencia de Montevideo recibieron capacitaci\u00f3n sobre el uso de sistemas de retenci\u00f3n infantil en veh\u00edculos | Mobilitas","og_description":"La Intendencia de Montevideo, Uruguay, inform\u00f3 que 30 Inspectores recibieron capacitaci\u00f3n sobre sistemas de retenci\u00f3n infantil Esta jornada, que se desarroll\u00f3 en el Centro de Estudios Departamentales, fue coordinada por la nueva Unidad de Siniestralidad y Lesividad de la comuna \u2013creada este a\u00f1o \u2013 y la fundaci\u00f3n Gonchi Rodr\u00edguez. Con esta \u00faltima capacitaci\u00f3n y varias [&hellip;]","og_url":"https:\/\/mobilitas.lat\/es\/2019\/07\/23\/treinta-inspectores-de-la-intendencia-de-montevideo-recibieron-capacitacion-sobre-el-uso-de-sistemas-de-retencion-infantil-en-vehiculos\/","og_site_name":"Mobilitas","article_published_time":"2019-07-23T12:35:46+00:00","article_modified_time":"2019-07-23T12:49:12+00:00","og_image":[{"width":448,"height":252,"url":"https:\/\/storage.mobilitas.lat\/uploads\/2019\/07\/MOBILITAS-CADEIRINHAS-MONTEVID\u00c9U-1.png","type":"image\/png"}],"author":"Alexandre Asquini","twitter_card":"summary_large_image","twitter_misc":{"Written by":"Alexandre Asquini","Est. reading time":"3 minutes"},"schema":{"@context":"https:\/\/schema.org","@graph":[{"@type":"Article","@id":"https:\/\/mobilitas.lat\/es\/2019\/07\/23\/treinta-inspectores-de-la-intendencia-de-montevideo-recibieron-capacitacion-sobre-el-uso-de-sistemas-de-retencion-infantil-en-vehiculos\/#article","isPartOf":{"@id":"https:\/\/mobilitas.lat\/es\/2019\/07\/23\/treinta-inspectores-de-la-intendencia-de-montevideo-recibieron-capacitacion-sobre-el-uso-de-sistemas-de-retencion-infantil-en-vehiculos\/"},"author":{"name":"Alexandre Asquini","@id":"https:\/\/mobilitas.lat\/es\/#\/schema\/person\/cae0d01ccbe855d1858d146e4c4d582d"},"headline":"Treinta inspectores de la Intendencia de Montevideo recibieron capacitaci\u00f3n sobre el uso de sistemas de retenci\u00f3n infantil en veh\u00edculos","datePublished":"2019-07-23T12:35:46+00:00","dateModified":"2019-07-23T12:49:12+00:00","mainEntityOfPage":{"@id":"https:\/\/mobilitas.lat\/es\/2019\/07\/23\/treinta-inspectores-de-la-intendencia-de-montevideo-recibieron-capacitacion-sobre-el-uso-de-sistemas-de-retencion-infantil-en-vehiculos\/"},"wordCount":692,"publisher":{"@id":"https:\/\/mobilitas.lat\/es\/#organization"},"image":{"@id":"https:\/\/mobilitas.lat\/es\/2019\/07\/23\/treinta-inspectores-de-la-intendencia-de-montevideo-recibieron-capacitacion-sobre-el-uso-de-sistemas-de-retencion-infantil-en-vehiculos\/#primaryimage"},"thumbnailUrl":"https:\/\/storage.mobilitas.lat\/uploads\/2019\/07\/MOBILITAS-CADEIRINHAS-MONTEVID\u00c9U-1.png","keywords":["Montevideo","RETENCI\u00d3N INFANTIL EN VEH\u00cdCULOS"],"articleSection":["Notas","Radar"],"inLanguage":"es-ES"},{"@type":"WebPage","@id":"https:\/\/mobilitas.lat\/es\/2019\/07\/23\/treinta-inspectores-de-la-intendencia-de-montevideo-recibieron-capacitacion-sobre-el-uso-de-sistemas-de-retencion-infantil-en-vehiculos\/","url":"https:\/\/mobilitas.lat\/es\/2019\/07\/23\/treinta-inspectores-de-la-intendencia-de-montevideo-recibieron-capacitacion-sobre-el-uso-de-sistemas-de-retencion-infantil-en-vehiculos\/","name":"Treinta inspectores de la Intendencia de Montevideo recibieron capacitaci\u00f3n sobre el uso de sistemas de retenci\u00f3n infantil en veh\u00edculos | Mobilitas","isPartOf":{"@id":"https:\/\/mobilitas.lat\/es\/#website"},"primaryImageOfPage":{"@id":"https:\/\/mobilitas.lat\/es\/2019\/07\/23\/treinta-inspectores-de-la-intendencia-de-montevideo-recibieron-capacitacion-sobre-el-uso-de-sistemas-de-retencion-infantil-en-vehiculos\/#primaryimage"},"image":{"@id":"https:\/\/mobilitas.lat\/es\/2019\/07\/23\/treinta-inspectores-de-la-intendencia-de-montevideo-recibieron-capacitacion-sobre-el-uso-de-sistemas-de-retencion-infantil-en-vehiculos\/#primaryimage"},"thumbnailUrl":"https:\/\/storage.mobilitas.lat\/uploads\/2019\/07\/MOBILITAS-CADEIRINHAS-MONTEVID\u00c9U-1.png","datePublished":"2019-07-23T12:35:46+00:00","dateModified":"2019-07-23T12:49:12+00:00","breadcrumb":{"@id":"https:\/\/mobilitas.lat\/es\/2019\/07\/23\/treinta-inspectores-de-la-intendencia-de-montevideo-recibieron-capacitacion-sobre-el-uso-de-sistemas-de-retencion-infantil-en-vehiculos\/#breadcrumb"},"inLanguage":"es-ES","potentialAction":[{"@type":"ReadAction","target":["https:\/\/mobilitas.lat\/es\/2019\/07\/23\/treinta-inspectores-de-la-intendencia-de-montevideo-recibieron-capacitacion-sobre-el-uso-de-sistemas-de-retencion-infantil-en-vehiculos\/"]}]},{"@type":"ImageObject","inLanguage":"es-ES","@id":"https:\/\/mobilitas.lat\/es\/2019\/07\/23\/treinta-inspectores-de-la-intendencia-de-montevideo-recibieron-capacitacion-sobre-el-uso-de-sistemas-de-retencion-infantil-en-vehiculos\/#primaryimage","url":"https:\/\/storage.mobilitas.lat\/uploads\/2019\/07\/MOBILITAS-CADEIRINHAS-MONTEVID\u00c9U-1.png","contentUrl":"https:\/\/storage.mobilitas.lat\/uploads\/2019\/07\/MOBILITAS-CADEIRINHAS-MONTEVID\u00c9U-1.png","width":448,"height":252},{"@type":"BreadcrumbList","@id":"https:\/\/mobilitas.lat\/es\/2019\/07\/23\/treinta-inspectores-de-la-intendencia-de-montevideo-recibieron-capacitacion-sobre-el-uso-de-sistemas-de-retencion-infantil-en-vehiculos\/#breadcrumb","itemListElement":[{"@type":"ListItem","position":1,"name":"In\u00edcio","item":"https:\/\/mobilitas.lat\/es\/"},{"@type":"ListItem","position":2,"name":"Treinta inspectores de la Intendencia de Montevideo recibieron capacitaci\u00f3n sobre el uso de sistemas de retenci\u00f3n infantil en veh\u00edculos"}]},{"@type":"WebSite","@id":"https:\/\/mobilitas.lat\/es\/#website","url":"https:\/\/mobilitas.lat\/es\/","name":"Mobilitas","description":"Tecnologia e Mobilidade Urbana na Am\u00e9rica Latina","publisher":{"@id":"https:\/\/mobilitas.lat\/es\/#organization"},"potentialAction":[{"@type":"SearchAction","target":{"@type":"EntryPoint","urlTemplate":"https:\/\/mobilitas.lat\/es\/?s={search_term_string}"},"query-input":{"@type":"PropertyValueSpecification","valueRequired":true,"valueName":"search_term_string"}}],"inLanguage":"es-ES"},{"@type":"Organization","@id":"https:\/\/mobilitas.lat\/es\/#organization","name":"OTM Editora","url":"https:\/\/mobilitas.lat\/es\/","logo":{"@type":"ImageObject","inLanguage":"es-ES","@id":"https:\/\/mobilitas.lat\/es\/#\/schema\/logo\/image\/","url":"https:\/\/mobilitas.lat\/wp-content\/uploads\/2024\/03\/opengraph.png","contentUrl":"https:\/\/mobilitas.lat\/wp-content\/uploads\/2024\/03\/opengraph.png","width":1200,"height":630,"caption":"OTM Editora"},"image":{"@id":"https:\/\/mobilitas.lat\/es\/#\/schema\/logo\/image\/"}},{"@type":"Person","@id":"https:\/\/mobilitas.lat\/es\/#\/schema\/person\/cae0d01ccbe855d1858d146e4c4d582d","name":"Alexandre Asquini","image":{"@type":"ImageObject","inLanguage":"es-ES","@id":"https:\/\/mobilitas.lat\/es\/#\/schema\/person\/image\/","url":"https:\/\/secure.gravatar.com\/avatar\/aac99dbef1420f75cc7d86913eb8a7cdfbe13e2509ad7a45649a61414f6d2785?s=96&d=mm&r=g","contentUrl":"https:\/\/secure.gravatar.com\/avatar\/aac99dbef1420f75cc7d86913eb8a7cdfbe13e2509ad7a45649a61414f6d2785?s=96&d=mm&r=g","caption":"Alexandre Asquini"}}]}},"_links":{"self":[{"href":"https:\/\/mobilitas.lat\/es\/wp-json\/wp\/v2\/posts\/5516","targetHints":{"allow":["GET"]}}],"collection":[{"href":"https:\/\/mobilitas.lat\/es\/wp-json\/wp\/v2\/posts"}],"about":[{"href":"https:\/\/mobilitas.lat\/es\/wp-json\/wp\/v2\/types\/post"}],"author":[{"embeddable":true,"href":"https:\/\/mobilitas.lat\/es\/wp-json\/wp\/v2\/users\/2"}],"replies":[{"embeddable":true,"href":"https:\/\/mobilitas.lat\/es\/wp-json\/wp\/v2\/comments?post=5516"}],"version-history":[{"count":5,"href":"https:\/\/mobilitas.lat\/es\/wp-json\/wp\/v2\/posts\/5516\/revisions"}],"predecessor-version":[{"id":5528,"href":"https:\/\/mobilitas.lat\/es\/wp-json\/wp\/v2\/posts\/5516\/revisions\/5528"}],"wp:featuredmedia":[{"embeddable":true,"href":"https:\/\/mobilitas.lat\/es\/wp-json\/wp\/v2\/media\/5532"}],"wp:attachment":[{"href":"https:\/\/mobilitas.lat\/es\/wp-json\/wp\/v2\/media?parent=5516"}],"wp:term":[{"taxonomy":"category","embeddable":true,"href":"https:\/\/mobilitas.lat\/es\/wp-json\/wp\/v2\/categories?post=5516"},{"taxonomy":"post_tag","embeddable":true,"href":"https:\/\/mobilitas.lat\/es\/wp-json\/wp\/v2\/tags?post=5516"}],"curies":[{"name":"wp","href":"https:\/\/api.w.org\/{rel}","templated":true}]}}