{"id":5439,"date":"2019-07-18T02:30:20","date_gmt":"2019-07-18T05:30:20","guid":{"rendered":"https:\/\/mobilitas.lat\/?p=5439"},"modified":"2019-07-18T02:46:33","modified_gmt":"2019-07-18T05:46:33","slug":"con-la-extension-del-metropolitano-se-cree-en-mas-oportunidades-y-posibilidades-de-crecimiento-economico-para-lima-norte","status":"publish","type":"post","link":"https:\/\/mobilitas.lat\/es\/2019\/07\/18\/con-la-extension-del-metropolitano-se-cree-en-mas-oportunidades-y-posibilidades-de-crecimiento-economico-para-lima-norte\/","title":{"rendered":"Con la extensi\u00f3n del Metropolitano, se cree en nuevas posibilidades de crecimiento econ\u00f3mico para Lima Norte"},"content":{"rendered":"\n<p>El gobierno de la Municipalidad de Lima, Per\u00fa, informa que ya se ha iniciado el proceso de implementaci\u00f3n de la expansi\u00f3n del sistema de Bus Rapid Transit (BRT) Metropolitano.<\/p>\n\n\n\n<p>Este proyecto tiene\nplanificado la construcci\u00f3n de 10.2 kil\u00f3metros de v\u00eda exclusiva para autobuses,\nque contar\u00e1 con 17 estaciones y un terminal para 120 veh\u00edculos. Servir\u00e1 a los\nresidentes de Independencia, Los Olivos, Comas, Carabayllo y Puente Piedra.<\/p>\n\n\n\n<p>Esta obra es de la\nMunicipalidad de Lima, cuenta con un presupuesto de 380 millones de soles (USD\n115.71 millones) y obtuvo financiamiento del Banco Mundial.<\/p>\n\n\n\n<p>Los beneficios esperados son: aproximadamente quince minutos de ahorro de tiempo desde la estaci\u00f3n Naranjal hasta la nueva estaci\u00f3n Chimpu Occllo; m\u00e1s de 790 mil viajes en todo el sistema, mayor accesibilidad. Se cree que estos factores lleven a la mejora la calidad de vida de los ciudadanos y a m\u00e1s oportunidades y posibilidades de crecimiento econ\u00f3mico para Lima Norte. <\/p>\n\n\n\n<p>Esta extensi\u00f3n del Metropolitano iniciar\u00e1 su recorrido en la estaci\u00f3n Naranjal conectando con cada una de las 17 estaciones proyectadas, que utilizan las avenidas T\u00fapac Amaru, Metropolitana y Universitaria. La extensi\u00f3n cuenta con \u00a0un patio taller contiguo al patio que ya existe en el parque Sinchi Roca (Comas). El recorrido termina en la estaci\u00f3n nombrada Chimpu Ocllo. <\/p>\n\n\n\n<p><strong><em><a href=\"http:\/\/aplicativos.munlima.gob.pe\/plugins\/images\/chimpu_ocllo.mp4\" target=\"_blank\" rel=\"noreferrer noopener\" aria-label=\"Video con aplicaci\u00f3n de animaci\u00f3n describe el proyecto. (opens in a new tab)\">Video con aplicaci\u00f3n de animaci\u00f3n describe el proyecto.<\/a><\/em><\/strong><\/p>\n","protected":false},"excerpt":{"rendered":"<p>El gobierno de la Municipalidad de Lima, Per\u00fa, informa que ya se ha iniciado el proceso de implementaci\u00f3n de la expansi\u00f3n del sistema de Bus Rapid Transit (BRT) Metropolitano. Este proyecto tiene planificado la construcci\u00f3n de 10.2 kil\u00f3metros de v\u00eda exclusiva para autobuses, que contar\u00e1 con 17 estaciones y un terminal para 120 veh\u00edculos. Servir\u00e1 [&hellip;]<\/p>\n","protected":false},"author":2,"featured_media":5449,"comment_status":"closed","ping_status":"closed","sticky":false,"template":"","format":"standard","meta":{"footnotes":""},"categories":[287,298],"tags":[],"class_list":["post-5439","post","type-post","status-publish","format-standard","has-post-thumbnail","hentry","category-notas","category-radar-es"],"yoast_head":"<!-- This site is optimized with the Yoast SEO plugin v26.9 - https:\/\/yoast.com\/product\/yoast-seo-wordpress\/ -->\n<title>Con la extensi\u00f3n del Metropolitano, se cree en nuevas posibilidades de crecimiento econ\u00f3mico para Lima Norte | Mobilitas<\/title>\n<meta name=\"robots\" content=\"index, follow, max-snippet:-1, max-image-preview:large, max-video-preview:-1\" \/>\n<link rel=\"canonical\" href=\"https:\/\/mobilitas.lat\/es\/2019\/07\/18\/con-la-extension-del-metropolitano-se-cree-en-mas-oportunidades-y-posibilidades-de-crecimiento-economico-para-lima-norte\/\" \/>\n<meta property=\"og:locale\" content=\"es_ES\" \/>\n<meta property=\"og:type\" content=\"article\" \/>\n<meta property=\"og:title\" content=\"Con la extensi\u00f3n del Metropolitano, se cree en nuevas posibilidades de crecimiento econ\u00f3mico para Lima Norte | Mobilitas\" \/>\n<meta property=\"og:description\" content=\"El gobierno de la Municipalidad de Lima, Per\u00fa, informa que ya se ha iniciado el proceso de implementaci\u00f3n de la expansi\u00f3n del sistema de Bus Rapid Transit (BRT) Metropolitano. Este proyecto tiene planificado la construcci\u00f3n de 10.2 kil\u00f3metros de v\u00eda exclusiva para autobuses, que contar\u00e1 con 17 estaciones y un terminal para 120 veh\u00edculos. Servir\u00e1 [&hellip;]\" \/>\n<meta property=\"og:url\" content=\"https:\/\/mobilitas.lat\/es\/2019\/07\/18\/con-la-extension-del-metropolitano-se-cree-en-mas-oportunidades-y-posibilidades-de-crecimiento-economico-para-lima-norte\/\" \/>\n<meta property=\"og:site_name\" content=\"Mobilitas\" \/>\n<meta property=\"article:published_time\" content=\"2019-07-18T05:30:20+00:00\" \/>\n<meta property=\"article:modified_time\" content=\"2019-07-18T05:46:33+00:00\" \/>\n<meta property=\"og:image\" content=\"https:\/\/storage.mobilitas.lat\/uploads\/2019\/07\/MOBILITAS-EXTENS\u00c3O-DO-METROPOLITANO-AT\u00c9-LIMA-NORTE-1.png\" \/>\n\t<meta property=\"og:image:width\" content=\"532\" \/>\n\t<meta property=\"og:image:height\" content=\"305\" \/>\n\t<meta property=\"og:image:type\" content=\"image\/png\" \/>\n<meta name=\"author\" content=\"Alexandre Asquini\" \/>\n<meta name=\"twitter:card\" content=\"summary_large_image\" \/>\n<meta name=\"twitter:label1\" content=\"Written by\" \/>\n\t<meta name=\"twitter:data1\" content=\"Alexandre Asquini\" \/>\n\t<meta name=\"twitter:label2\" content=\"Est. reading time\" \/>\n\t<meta name=\"twitter:data2\" content=\"1 minute\" \/>\n<script type=\"application\/ld+json\" class=\"yoast-schema-graph\">{\"@context\":\"https:\/\/schema.org\",\"@graph\":[{\"@type\":\"Article\",\"@id\":\"https:\/\/mobilitas.lat\/es\/2019\/07\/18\/con-la-extension-del-metropolitano-se-cree-en-mas-oportunidades-y-posibilidades-de-crecimiento-economico-para-lima-norte\/#article\",\"isPartOf\":{\"@id\":\"https:\/\/mobilitas.lat\/es\/2019\/07\/18\/con-la-extension-del-metropolitano-se-cree-en-mas-oportunidades-y-posibilidades-de-crecimiento-economico-para-lima-norte\/\"},\"author\":{\"name\":\"Alexandre Asquini\",\"@id\":\"https:\/\/mobilitas.lat\/es\/#\/schema\/person\/cae0d01ccbe855d1858d146e4c4d582d\"},\"headline\":\"Con la extensi\u00f3n del Metropolitano, se cree en nuevas posibilidades de crecimiento econ\u00f3mico para Lima Norte\",\"datePublished\":\"2019-07-18T05:30:20+00:00\",\"dateModified\":\"2019-07-18T05:46:33+00:00\",\"mainEntityOfPage\":{\"@id\":\"https:\/\/mobilitas.lat\/es\/2019\/07\/18\/con-la-extension-del-metropolitano-se-cree-en-mas-oportunidades-y-posibilidades-de-crecimiento-economico-para-lima-norte\/\"},\"wordCount\":247,\"publisher\":{\"@id\":\"https:\/\/mobilitas.lat\/es\/#organization\"},\"image\":{\"@id\":\"https:\/\/mobilitas.lat\/es\/2019\/07\/18\/con-la-extension-del-metropolitano-se-cree-en-mas-oportunidades-y-posibilidades-de-crecimiento-economico-para-lima-norte\/#primaryimage\"},\"thumbnailUrl\":\"https:\/\/storage.mobilitas.lat\/uploads\/2019\/07\/MOBILITAS-EXTENS\u00c3O-DO-METROPOLITANO-AT\u00c9-LIMA-NORTE-1.png\",\"articleSection\":[\"Notas\",\"Radar\"],\"inLanguage\":\"es-ES\"},{\"@type\":\"WebPage\",\"@id\":\"https:\/\/mobilitas.lat\/es\/2019\/07\/18\/con-la-extension-del-metropolitano-se-cree-en-mas-oportunidades-y-posibilidades-de-crecimiento-economico-para-lima-norte\/\",\"url\":\"https:\/\/mobilitas.lat\/es\/2019\/07\/18\/con-la-extension-del-metropolitano-se-cree-en-mas-oportunidades-y-posibilidades-de-crecimiento-economico-para-lima-norte\/\",\"name\":\"Con la extensi\u00f3n del Metropolitano, se cree en nuevas posibilidades de crecimiento econ\u00f3mico para Lima Norte | Mobilitas\",\"isPartOf\":{\"@id\":\"https:\/\/mobilitas.lat\/es\/#website\"},\"primaryImageOfPage\":{\"@id\":\"https:\/\/mobilitas.lat\/es\/2019\/07\/18\/con-la-extension-del-metropolitano-se-cree-en-mas-oportunidades-y-posibilidades-de-crecimiento-economico-para-lima-norte\/#primaryimage\"},\"image\":{\"@id\":\"https:\/\/mobilitas.lat\/es\/2019\/07\/18\/con-la-extension-del-metropolitano-se-cree-en-mas-oportunidades-y-posibilidades-de-crecimiento-economico-para-lima-norte\/#primaryimage\"},\"thumbnailUrl\":\"https:\/\/storage.mobilitas.lat\/uploads\/2019\/07\/MOBILITAS-EXTENS\u00c3O-DO-METROPOLITANO-AT\u00c9-LIMA-NORTE-1.png\",\"datePublished\":\"2019-07-18T05:30:20+00:00\",\"dateModified\":\"2019-07-18T05:46:33+00:00\",\"breadcrumb\":{\"@id\":\"https:\/\/mobilitas.lat\/es\/2019\/07\/18\/con-la-extension-del-metropolitano-se-cree-en-mas-oportunidades-y-posibilidades-de-crecimiento-economico-para-lima-norte\/#breadcrumb\"},\"inLanguage\":\"es-ES\",\"potentialAction\":[{\"@type\":\"ReadAction\",\"target\":[\"https:\/\/mobilitas.lat\/es\/2019\/07\/18\/con-la-extension-del-metropolitano-se-cree-en-mas-oportunidades-y-posibilidades-de-crecimiento-economico-para-lima-norte\/\"]}]},{\"@type\":\"ImageObject\",\"inLanguage\":\"es-ES\",\"@id\":\"https:\/\/mobilitas.lat\/es\/2019\/07\/18\/con-la-extension-del-metropolitano-se-cree-en-mas-oportunidades-y-posibilidades-de-crecimiento-economico-para-lima-norte\/#primaryimage\",\"url\":\"https:\/\/storage.mobilitas.lat\/uploads\/2019\/07\/MOBILITAS-EXTENS\u00c3O-DO-METROPOLITANO-AT\u00c9-LIMA-NORTE-1.png\",\"contentUrl\":\"https:\/\/storage.mobilitas.lat\/uploads\/2019\/07\/MOBILITAS-EXTENS\u00c3O-DO-METROPOLITANO-AT\u00c9-LIMA-NORTE-1.png\",\"width\":532,\"height\":305},{\"@type\":\"BreadcrumbList\",\"@id\":\"https:\/\/mobilitas.lat\/es\/2019\/07\/18\/con-la-extension-del-metropolitano-se-cree-en-mas-oportunidades-y-posibilidades-de-crecimiento-economico-para-lima-norte\/#breadcrumb\",\"itemListElement\":[{\"@type\":\"ListItem\",\"position\":1,\"name\":\"In\u00edcio\",\"item\":\"https:\/\/mobilitas.lat\/es\/\"},{\"@type\":\"ListItem\",\"position\":2,\"name\":\"Con la extensi\u00f3n del Metropolitano, se cree en nuevas posibilidades de crecimiento econ\u00f3mico para Lima Norte\"}]},{\"@type\":\"WebSite\",\"@id\":\"https:\/\/mobilitas.lat\/es\/#website\",\"url\":\"https:\/\/mobilitas.lat\/es\/\",\"name\":\"Mobilitas\",\"description\":\"Tecnologia e Mobilidade Urbana na Am\u00e9rica Latina\",\"publisher\":{\"@id\":\"https:\/\/mobilitas.lat\/es\/#organization\"},\"potentialAction\":[{\"@type\":\"SearchAction\",\"target\":{\"@type\":\"EntryPoint\",\"urlTemplate\":\"https:\/\/mobilitas.lat\/es\/?s={search_term_string}\"},\"query-input\":{\"@type\":\"PropertyValueSpecification\",\"valueRequired\":true,\"valueName\":\"search_term_string\"}}],\"inLanguage\":\"es-ES\"},{\"@type\":\"Organization\",\"@id\":\"https:\/\/mobilitas.lat\/es\/#organization\",\"name\":\"OTM Editora\",\"url\":\"https:\/\/mobilitas.lat\/es\/\",\"logo\":{\"@type\":\"ImageObject\",\"inLanguage\":\"es-ES\",\"@id\":\"https:\/\/mobilitas.lat\/es\/#\/schema\/logo\/image\/\",\"url\":\"https:\/\/mobilitas.lat\/wp-content\/uploads\/2024\/03\/opengraph.png\",\"contentUrl\":\"https:\/\/mobilitas.lat\/wp-content\/uploads\/2024\/03\/opengraph.png\",\"width\":1200,\"height\":630,\"caption\":\"OTM Editora\"},\"image\":{\"@id\":\"https:\/\/mobilitas.lat\/es\/#\/schema\/logo\/image\/\"}},{\"@type\":\"Person\",\"@id\":\"https:\/\/mobilitas.lat\/es\/#\/schema\/person\/cae0d01ccbe855d1858d146e4c4d582d\",\"name\":\"Alexandre Asquini\",\"image\":{\"@type\":\"ImageObject\",\"inLanguage\":\"es-ES\",\"@id\":\"https:\/\/mobilitas.lat\/es\/#\/schema\/person\/image\/\",\"url\":\"https:\/\/secure.gravatar.com\/avatar\/aac99dbef1420f75cc7d86913eb8a7cdfbe13e2509ad7a45649a61414f6d2785?s=96&d=mm&r=g\",\"contentUrl\":\"https:\/\/secure.gravatar.com\/avatar\/aac99dbef1420f75cc7d86913eb8a7cdfbe13e2509ad7a45649a61414f6d2785?s=96&d=mm&r=g\",\"caption\":\"Alexandre Asquini\"}}]}<\/script>\n<!-- \/ Yoast SEO plugin. -->","yoast_head_json":{"title":"Con la extensi\u00f3n del Metropolitano, se cree en nuevas posibilidades de crecimiento econ\u00f3mico para Lima Norte | Mobilitas","robots":{"index":"index","follow":"follow","max-snippet":"max-snippet:-1","max-image-preview":"max-image-preview:large","max-video-preview":"max-video-preview:-1"},"canonical":"https:\/\/mobilitas.lat\/es\/2019\/07\/18\/con-la-extension-del-metropolitano-se-cree-en-mas-oportunidades-y-posibilidades-de-crecimiento-economico-para-lima-norte\/","og_locale":"es_ES","og_type":"article","og_title":"Con la extensi\u00f3n del Metropolitano, se cree en nuevas posibilidades de crecimiento econ\u00f3mico para Lima Norte | Mobilitas","og_description":"El gobierno de la Municipalidad de Lima, Per\u00fa, informa que ya se ha iniciado el proceso de implementaci\u00f3n de la expansi\u00f3n del sistema de Bus Rapid Transit (BRT) Metropolitano. Este proyecto tiene planificado la construcci\u00f3n de 10.2 kil\u00f3metros de v\u00eda exclusiva para autobuses, que contar\u00e1 con 17 estaciones y un terminal para 120 veh\u00edculos. Servir\u00e1 [&hellip;]","og_url":"https:\/\/mobilitas.lat\/es\/2019\/07\/18\/con-la-extension-del-metropolitano-se-cree-en-mas-oportunidades-y-posibilidades-de-crecimiento-economico-para-lima-norte\/","og_site_name":"Mobilitas","article_published_time":"2019-07-18T05:30:20+00:00","article_modified_time":"2019-07-18T05:46:33+00:00","og_image":[{"width":532,"height":305,"url":"https:\/\/storage.mobilitas.lat\/uploads\/2019\/07\/MOBILITAS-EXTENS\u00c3O-DO-METROPOLITANO-AT\u00c9-LIMA-NORTE-1.png","type":"image\/png"}],"author":"Alexandre Asquini","twitter_card":"summary_large_image","twitter_misc":{"Written by":"Alexandre Asquini","Est. reading time":"1 minute"},"schema":{"@context":"https:\/\/schema.org","@graph":[{"@type":"Article","@id":"https:\/\/mobilitas.lat\/es\/2019\/07\/18\/con-la-extension-del-metropolitano-se-cree-en-mas-oportunidades-y-posibilidades-de-crecimiento-economico-para-lima-norte\/#article","isPartOf":{"@id":"https:\/\/mobilitas.lat\/es\/2019\/07\/18\/con-la-extension-del-metropolitano-se-cree-en-mas-oportunidades-y-posibilidades-de-crecimiento-economico-para-lima-norte\/"},"author":{"name":"Alexandre Asquini","@id":"https:\/\/mobilitas.lat\/es\/#\/schema\/person\/cae0d01ccbe855d1858d146e4c4d582d"},"headline":"Con la extensi\u00f3n del Metropolitano, se cree en nuevas posibilidades de crecimiento econ\u00f3mico para Lima Norte","datePublished":"2019-07-18T05:30:20+00:00","dateModified":"2019-07-18T05:46:33+00:00","mainEntityOfPage":{"@id":"https:\/\/mobilitas.lat\/es\/2019\/07\/18\/con-la-extension-del-metropolitano-se-cree-en-mas-oportunidades-y-posibilidades-de-crecimiento-economico-para-lima-norte\/"},"wordCount":247,"publisher":{"@id":"https:\/\/mobilitas.lat\/es\/#organization"},"image":{"@id":"https:\/\/mobilitas.lat\/es\/2019\/07\/18\/con-la-extension-del-metropolitano-se-cree-en-mas-oportunidades-y-posibilidades-de-crecimiento-economico-para-lima-norte\/#primaryimage"},"thumbnailUrl":"https:\/\/storage.mobilitas.lat\/uploads\/2019\/07\/MOBILITAS-EXTENS\u00c3O-DO-METROPOLITANO-AT\u00c9-LIMA-NORTE-1.png","articleSection":["Notas","Radar"],"inLanguage":"es-ES"},{"@type":"WebPage","@id":"https:\/\/mobilitas.lat\/es\/2019\/07\/18\/con-la-extension-del-metropolitano-se-cree-en-mas-oportunidades-y-posibilidades-de-crecimiento-economico-para-lima-norte\/","url":"https:\/\/mobilitas.lat\/es\/2019\/07\/18\/con-la-extension-del-metropolitano-se-cree-en-mas-oportunidades-y-posibilidades-de-crecimiento-economico-para-lima-norte\/","name":"Con la extensi\u00f3n del Metropolitano, se cree en nuevas posibilidades de crecimiento econ\u00f3mico para Lima Norte | Mobilitas","isPartOf":{"@id":"https:\/\/mobilitas.lat\/es\/#website"},"primaryImageOfPage":{"@id":"https:\/\/mobilitas.lat\/es\/2019\/07\/18\/con-la-extension-del-metropolitano-se-cree-en-mas-oportunidades-y-posibilidades-de-crecimiento-economico-para-lima-norte\/#primaryimage"},"image":{"@id":"https:\/\/mobilitas.lat\/es\/2019\/07\/18\/con-la-extension-del-metropolitano-se-cree-en-mas-oportunidades-y-posibilidades-de-crecimiento-economico-para-lima-norte\/#primaryimage"},"thumbnailUrl":"https:\/\/storage.mobilitas.lat\/uploads\/2019\/07\/MOBILITAS-EXTENS\u00c3O-DO-METROPOLITANO-AT\u00c9-LIMA-NORTE-1.png","datePublished":"2019-07-18T05:30:20+00:00","dateModified":"2019-07-18T05:46:33+00:00","breadcrumb":{"@id":"https:\/\/mobilitas.lat\/es\/2019\/07\/18\/con-la-extension-del-metropolitano-se-cree-en-mas-oportunidades-y-posibilidades-de-crecimiento-economico-para-lima-norte\/#breadcrumb"},"inLanguage":"es-ES","potentialAction":[{"@type":"ReadAction","target":["https:\/\/mobilitas.lat\/es\/2019\/07\/18\/con-la-extension-del-metropolitano-se-cree-en-mas-oportunidades-y-posibilidades-de-crecimiento-economico-para-lima-norte\/"]}]},{"@type":"ImageObject","inLanguage":"es-ES","@id":"https:\/\/mobilitas.lat\/es\/2019\/07\/18\/con-la-extension-del-metropolitano-se-cree-en-mas-oportunidades-y-posibilidades-de-crecimiento-economico-para-lima-norte\/#primaryimage","url":"https:\/\/storage.mobilitas.lat\/uploads\/2019\/07\/MOBILITAS-EXTENS\u00c3O-DO-METROPOLITANO-AT\u00c9-LIMA-NORTE-1.png","contentUrl":"https:\/\/storage.mobilitas.lat\/uploads\/2019\/07\/MOBILITAS-EXTENS\u00c3O-DO-METROPOLITANO-AT\u00c9-LIMA-NORTE-1.png","width":532,"height":305},{"@type":"BreadcrumbList","@id":"https:\/\/mobilitas.lat\/es\/2019\/07\/18\/con-la-extension-del-metropolitano-se-cree-en-mas-oportunidades-y-posibilidades-de-crecimiento-economico-para-lima-norte\/#breadcrumb","itemListElement":[{"@type":"ListItem","position":1,"name":"In\u00edcio","item":"https:\/\/mobilitas.lat\/es\/"},{"@type":"ListItem","position":2,"name":"Con la extensi\u00f3n del Metropolitano, se cree en nuevas posibilidades de crecimiento econ\u00f3mico para Lima Norte"}]},{"@type":"WebSite","@id":"https:\/\/mobilitas.lat\/es\/#website","url":"https:\/\/mobilitas.lat\/es\/","name":"Mobilitas","description":"Tecnologia e Mobilidade Urbana na Am\u00e9rica Latina","publisher":{"@id":"https:\/\/mobilitas.lat\/es\/#organization"},"potentialAction":[{"@type":"SearchAction","target":{"@type":"EntryPoint","urlTemplate":"https:\/\/mobilitas.lat\/es\/?s={search_term_string}"},"query-input":{"@type":"PropertyValueSpecification","valueRequired":true,"valueName":"search_term_string"}}],"inLanguage":"es-ES"},{"@type":"Organization","@id":"https:\/\/mobilitas.lat\/es\/#organization","name":"OTM Editora","url":"https:\/\/mobilitas.lat\/es\/","logo":{"@type":"ImageObject","inLanguage":"es-ES","@id":"https:\/\/mobilitas.lat\/es\/#\/schema\/logo\/image\/","url":"https:\/\/mobilitas.lat\/wp-content\/uploads\/2024\/03\/opengraph.png","contentUrl":"https:\/\/mobilitas.lat\/wp-content\/uploads\/2024\/03\/opengraph.png","width":1200,"height":630,"caption":"OTM Editora"},"image":{"@id":"https:\/\/mobilitas.lat\/es\/#\/schema\/logo\/image\/"}},{"@type":"Person","@id":"https:\/\/mobilitas.lat\/es\/#\/schema\/person\/cae0d01ccbe855d1858d146e4c4d582d","name":"Alexandre Asquini","image":{"@type":"ImageObject","inLanguage":"es-ES","@id":"https:\/\/mobilitas.lat\/es\/#\/schema\/person\/image\/","url":"https:\/\/secure.gravatar.com\/avatar\/aac99dbef1420f75cc7d86913eb8a7cdfbe13e2509ad7a45649a61414f6d2785?s=96&d=mm&r=g","contentUrl":"https:\/\/secure.gravatar.com\/avatar\/aac99dbef1420f75cc7d86913eb8a7cdfbe13e2509ad7a45649a61414f6d2785?s=96&d=mm&r=g","caption":"Alexandre Asquini"}}]}},"_links":{"self":[{"href":"https:\/\/mobilitas.lat\/es\/wp-json\/wp\/v2\/posts\/5439","targetHints":{"allow":["GET"]}}],"collection":[{"href":"https:\/\/mobilitas.lat\/es\/wp-json\/wp\/v2\/posts"}],"about":[{"href":"https:\/\/mobilitas.lat\/es\/wp-json\/wp\/v2\/types\/post"}],"author":[{"embeddable":true,"href":"https:\/\/mobilitas.lat\/es\/wp-json\/wp\/v2\/users\/2"}],"replies":[{"embeddable":true,"href":"https:\/\/mobilitas.lat\/es\/wp-json\/wp\/v2\/comments?post=5439"}],"version-history":[{"count":4,"href":"https:\/\/mobilitas.lat\/es\/wp-json\/wp\/v2\/posts\/5439\/revisions"}],"predecessor-version":[{"id":5455,"href":"https:\/\/mobilitas.lat\/es\/wp-json\/wp\/v2\/posts\/5439\/revisions\/5455"}],"wp:featuredmedia":[{"embeddable":true,"href":"https:\/\/mobilitas.lat\/es\/wp-json\/wp\/v2\/media\/5449"}],"wp:attachment":[{"href":"https:\/\/mobilitas.lat\/es\/wp-json\/wp\/v2\/media?parent=5439"}],"wp:term":[{"taxonomy":"category","embeddable":true,"href":"https:\/\/mobilitas.lat\/es\/wp-json\/wp\/v2\/categories?post=5439"},{"taxonomy":"post_tag","embeddable":true,"href":"https:\/\/mobilitas.lat\/es\/wp-json\/wp\/v2\/tags?post=5439"}],"curies":[{"name":"wp","href":"https:\/\/api.w.org\/{rel}","templated":true}]}}