{"id":5283,"date":"2019-06-24T16:25:25","date_gmt":"2019-06-24T19:25:25","guid":{"rendered":"https:\/\/mobilitas.lat\/?p=5283"},"modified":"2019-06-24T16:28:28","modified_gmt":"2019-06-24T19:28:28","slug":"oporto-portugal-sera-el-anfitrion-de-la-reunion-de-los-comites-tecnicos-de-la-asociacion-latinoamericana-de-metros-y-subterraneos-alamys","status":"publish","type":"post","link":"https:\/\/mobilitas.lat\/es\/2019\/06\/24\/oporto-portugal-sera-el-anfitrion-de-la-reunion-de-los-comites-tecnicos-de-la-asociacion-latinoamericana-de-metros-y-subterraneos-alamys\/","title":{"rendered":"Oporto, Portugal, ser\u00e1 el anfitri\u00f3n de la reuni\u00f3n de los comit\u00e9s t\u00e9cnicos de la Asociaci\u00f3n Latinoamericana de Metros y Subterr\u00e1neos (ALAMYS)"},"content":{"rendered":"\n<p>La ciudad de Oporto, Portugal, ser\u00e1 la sede del evento <em>24\u00b0 Comit\u00e9s T\u00e9cnicos de la Asociaci\u00f3n\nLatinoamericana de Metros y Subterr\u00e1neos (ALAMYS)<\/em>, cuyo tema general ser\u00e1 la\n<em>Gesti\u00f3n de Activos \u2013 Un proceso eficaz\npara mantener la calidad del servicio<\/em>. Las actividades se desarrollar\u00e1n en\nel per\u00edodo del 30 de junio al 4 de julio de 2019, en el Porto Palacio Congress\nHotel &amp; SPA. <\/p>\n\n\n\n<p><strong>PROGRAMACI\u00d3N<\/strong><\/p>\n\n\n\n<p>El domingo 30 de junio habr\u00e1 reuni\u00f3n del Comit\u00e9 de\nDirecci\u00f3n. La ma\u00f1ana del lunes 1 de julio se llevar\u00e1 a cabo la ceremonia de\napertura, seguidadel lanzamiento de la <em>Gu\u00eda\nde Gesti\u00f3n de Proyectos<\/em>de ALAMYS (versi\u00f3n en portugu\u00e9s), y de la\npresentaci\u00f3n de los proyectos actuales y futuros del\nmetro de Oporto y del Metropolitano Lisboa.<\/p>\n\n\n\n<p>En el primer per\u00edodo del d\u00eda 1 de julio se desarrollar\u00e1 una\njornada t\u00e9cnica con el panel <em>Desaf\u00edos\npara establecer un sistema eficiente de gesti\u00f3n de activos en metros<\/em> y\nhabr\u00e1 una sesi\u00f3n de invitaci\u00f3n para la <em>33\u00aa\nAsamblea General y Congreso Anual de ALAMYS<\/em> en Medell\u00edn a fines de 2019. Durante\nla tarde habr\u00e1 una nueva sesi\u00f3n de la jornada t\u00e9cnica, con el tema <em>El camino desde el mantenimiento planificado\nal mantenimiento a condici\u00f3n<\/em>.<\/p>\n\n\n\n<p>En la ma\u00f1ana del tercer d\u00eda, 2 de julio, habr\u00e1 rondas de reuniones bilaterales y dos opciones de visitas t\u00e9cnicas: a los talleres de mantenimiento de material rodante, en la localidad de Guif\u00f5es, o a la red de metro. En la tarde de ese d\u00eda se iniciar\u00e1n los trabajos de los Comit\u00e9s T\u00e9cnicos de Gesti\u00f3n, Mantenimiento, Planificaci\u00f3n y Operaci\u00f3n, que se extender\u00e1n hasta el final del d\u00eda 3 de julio. El \u00faltimo d\u00eda est\u00e1 reservado para las actividades del Grupo de Trabajo de Marketing y Comunicaci\u00f3n. <\/p>\n\n\n\n<p><strong><em><a href=\"https:\/\/www.alamys.org\/pt\/evento\/24-comites-tecnicos-da-alamys-porto-2019\/\" target=\"_blank\" rel=\"noreferrer noopener\" aria-label=\"Haga clic para m\u00e1s informaci\u00f3n y para la inscripci\u00f3n.  (abre numa nova aba)\">Haga clic para m\u00e1s informaci\u00f3n y para la inscripci\u00f3n. <\/a><\/em><\/strong><\/p>\n","protected":false},"excerpt":{"rendered":"<p>La ciudad de Oporto, Portugal, ser\u00e1 la sede del evento 24\u00b0 Comit\u00e9s T\u00e9cnicos de la Asociaci\u00f3n Latinoamericana de Metros y Subterr\u00e1neos (ALAMYS), cuyo tema general ser\u00e1 la Gesti\u00f3n de Activos \u2013 Un proceso eficaz para mantener la calidad del servicio. Las actividades se desarrollar\u00e1n en el per\u00edodo del 30 de junio al 4 de julio [&hellip;]<\/p>\n","protected":false},"author":2,"featured_media":5291,"comment_status":"closed","ping_status":"closed","sticky":false,"template":"","format":"standard","meta":{"footnotes":""},"categories":[287,298],"tags":[147,1004],"class_list":["post-5283","post","type-post","status-publish","format-standard","has-post-thumbnail","hentry","category-notas","category-radar-es","tag-alamys","tag-metro-do-porto"],"yoast_head":"<!-- This site is optimized with the Yoast SEO plugin v26.9 - https:\/\/yoast.com\/product\/yoast-seo-wordpress\/ -->\n<title>Oporto, Portugal, ser\u00e1 el anfitri\u00f3n de la reuni\u00f3n de los comit\u00e9s t\u00e9cnicos de la Asociaci\u00f3n Latinoamericana de Metros y Subterr\u00e1neos (ALAMYS) | Mobilitas<\/title>\n<meta name=\"robots\" content=\"index, follow, max-snippet:-1, max-image-preview:large, max-video-preview:-1\" \/>\n<link rel=\"canonical\" href=\"https:\/\/mobilitas.lat\/es\/2019\/06\/24\/oporto-portugal-sera-el-anfitrion-de-la-reunion-de-los-comites-tecnicos-de-la-asociacion-latinoamericana-de-metros-y-subterraneos-alamys\/\" \/>\n<meta property=\"og:locale\" content=\"es_ES\" \/>\n<meta property=\"og:type\" content=\"article\" \/>\n<meta property=\"og:title\" content=\"Oporto, Portugal, ser\u00e1 el anfitri\u00f3n de la reuni\u00f3n de los comit\u00e9s t\u00e9cnicos de la Asociaci\u00f3n Latinoamericana de Metros y Subterr\u00e1neos (ALAMYS) | Mobilitas\" \/>\n<meta property=\"og:description\" content=\"La ciudad de Oporto, Portugal, ser\u00e1 la sede del evento 24\u00b0 Comit\u00e9s T\u00e9cnicos de la Asociaci\u00f3n Latinoamericana de Metros y Subterr\u00e1neos (ALAMYS), cuyo tema general ser\u00e1 la Gesti\u00f3n de Activos \u2013 Un proceso eficaz para mantener la calidad del servicio. Las actividades se desarrollar\u00e1n en el per\u00edodo del 30 de junio al 4 de julio [&hellip;]\" \/>\n<meta property=\"og:url\" content=\"https:\/\/mobilitas.lat\/es\/2019\/06\/24\/oporto-portugal-sera-el-anfitrion-de-la-reunion-de-los-comites-tecnicos-de-la-asociacion-latinoamericana-de-metros-y-subterraneos-alamys\/\" \/>\n<meta property=\"og:site_name\" content=\"Mobilitas\" \/>\n<meta property=\"article:published_time\" content=\"2019-06-24T19:25:25+00:00\" \/>\n<meta property=\"article:modified_time\" content=\"2019-06-24T19:28:28+00:00\" \/>\n<meta property=\"og:image\" content=\"https:\/\/storage.mobilitas.lat\/uploads\/2019\/06\/MOBILITAS-METR\u00d4-DO-PORTO-A.png\" \/>\n\t<meta property=\"og:image:width\" content=\"411\" \/>\n\t<meta property=\"og:image:height\" content=\"243\" \/>\n\t<meta property=\"og:image:type\" content=\"image\/png\" \/>\n<meta name=\"author\" content=\"Alexandre Asquini\" \/>\n<meta name=\"twitter:card\" content=\"summary_large_image\" \/>\n<meta name=\"twitter:label1\" content=\"Written by\" \/>\n\t<meta name=\"twitter:data1\" content=\"Alexandre Asquini\" \/>\n\t<meta name=\"twitter:label2\" content=\"Est. reading time\" \/>\n\t<meta name=\"twitter:data2\" content=\"2 minutes\" \/>\n<script type=\"application\/ld+json\" class=\"yoast-schema-graph\">{\"@context\":\"https:\/\/schema.org\",\"@graph\":[{\"@type\":\"Article\",\"@id\":\"https:\/\/mobilitas.lat\/es\/2019\/06\/24\/oporto-portugal-sera-el-anfitrion-de-la-reunion-de-los-comites-tecnicos-de-la-asociacion-latinoamericana-de-metros-y-subterraneos-alamys\/#article\",\"isPartOf\":{\"@id\":\"https:\/\/mobilitas.lat\/es\/2019\/06\/24\/oporto-portugal-sera-el-anfitrion-de-la-reunion-de-los-comites-tecnicos-de-la-asociacion-latinoamericana-de-metros-y-subterraneos-alamys\/\"},\"author\":{\"name\":\"Alexandre Asquini\",\"@id\":\"https:\/\/mobilitas.lat\/es\/#\/schema\/person\/cae0d01ccbe855d1858d146e4c4d582d\"},\"headline\":\"Oporto, Portugal, ser\u00e1 el anfitri\u00f3n de la reuni\u00f3n de los comit\u00e9s t\u00e9cnicos de la Asociaci\u00f3n Latinoamericana de Metros y Subterr\u00e1neos (ALAMYS)\",\"datePublished\":\"2019-06-24T19:25:25+00:00\",\"dateModified\":\"2019-06-24T19:28:28+00:00\",\"mainEntityOfPage\":{\"@id\":\"https:\/\/mobilitas.lat\/es\/2019\/06\/24\/oporto-portugal-sera-el-anfitrion-de-la-reunion-de-los-comites-tecnicos-de-la-asociacion-latinoamericana-de-metros-y-subterraneos-alamys\/\"},\"wordCount\":353,\"publisher\":{\"@id\":\"https:\/\/mobilitas.lat\/es\/#organization\"},\"image\":{\"@id\":\"https:\/\/mobilitas.lat\/es\/2019\/06\/24\/oporto-portugal-sera-el-anfitrion-de-la-reunion-de-los-comites-tecnicos-de-la-asociacion-latinoamericana-de-metros-y-subterraneos-alamys\/#primaryimage\"},\"thumbnailUrl\":\"https:\/\/storage.mobilitas.lat\/uploads\/2019\/06\/MOBILITAS-METR\u00d4-DO-PORTO-A.png\",\"keywords\":[\"ALAMYS\",\"METR\u00d4 DO PORTO\"],\"articleSection\":[\"Notas\",\"Radar\"],\"inLanguage\":\"es-ES\"},{\"@type\":\"WebPage\",\"@id\":\"https:\/\/mobilitas.lat\/es\/2019\/06\/24\/oporto-portugal-sera-el-anfitrion-de-la-reunion-de-los-comites-tecnicos-de-la-asociacion-latinoamericana-de-metros-y-subterraneos-alamys\/\",\"url\":\"https:\/\/mobilitas.lat\/es\/2019\/06\/24\/oporto-portugal-sera-el-anfitrion-de-la-reunion-de-los-comites-tecnicos-de-la-asociacion-latinoamericana-de-metros-y-subterraneos-alamys\/\",\"name\":\"Oporto, Portugal, ser\u00e1 el anfitri\u00f3n de la reuni\u00f3n de los comit\u00e9s t\u00e9cnicos de la Asociaci\u00f3n Latinoamericana de Metros y Subterr\u00e1neos (ALAMYS) | Mobilitas\",\"isPartOf\":{\"@id\":\"https:\/\/mobilitas.lat\/es\/#website\"},\"primaryImageOfPage\":{\"@id\":\"https:\/\/mobilitas.lat\/es\/2019\/06\/24\/oporto-portugal-sera-el-anfitrion-de-la-reunion-de-los-comites-tecnicos-de-la-asociacion-latinoamericana-de-metros-y-subterraneos-alamys\/#primaryimage\"},\"image\":{\"@id\":\"https:\/\/mobilitas.lat\/es\/2019\/06\/24\/oporto-portugal-sera-el-anfitrion-de-la-reunion-de-los-comites-tecnicos-de-la-asociacion-latinoamericana-de-metros-y-subterraneos-alamys\/#primaryimage\"},\"thumbnailUrl\":\"https:\/\/storage.mobilitas.lat\/uploads\/2019\/06\/MOBILITAS-METR\u00d4-DO-PORTO-A.png\",\"datePublished\":\"2019-06-24T19:25:25+00:00\",\"dateModified\":\"2019-06-24T19:28:28+00:00\",\"breadcrumb\":{\"@id\":\"https:\/\/mobilitas.lat\/es\/2019\/06\/24\/oporto-portugal-sera-el-anfitrion-de-la-reunion-de-los-comites-tecnicos-de-la-asociacion-latinoamericana-de-metros-y-subterraneos-alamys\/#breadcrumb\"},\"inLanguage\":\"es-ES\",\"potentialAction\":[{\"@type\":\"ReadAction\",\"target\":[\"https:\/\/mobilitas.lat\/es\/2019\/06\/24\/oporto-portugal-sera-el-anfitrion-de-la-reunion-de-los-comites-tecnicos-de-la-asociacion-latinoamericana-de-metros-y-subterraneos-alamys\/\"]}]},{\"@type\":\"ImageObject\",\"inLanguage\":\"es-ES\",\"@id\":\"https:\/\/mobilitas.lat\/es\/2019\/06\/24\/oporto-portugal-sera-el-anfitrion-de-la-reunion-de-los-comites-tecnicos-de-la-asociacion-latinoamericana-de-metros-y-subterraneos-alamys\/#primaryimage\",\"url\":\"https:\/\/storage.mobilitas.lat\/uploads\/2019\/06\/MOBILITAS-METR\u00d4-DO-PORTO-A.png\",\"contentUrl\":\"https:\/\/storage.mobilitas.lat\/uploads\/2019\/06\/MOBILITAS-METR\u00d4-DO-PORTO-A.png\",\"width\":411,\"height\":243,\"caption\":\"Estaci\u00f3n del metro de Oporto. Foto: Metr\u00f4 do Porto\"},{\"@type\":\"BreadcrumbList\",\"@id\":\"https:\/\/mobilitas.lat\/es\/2019\/06\/24\/oporto-portugal-sera-el-anfitrion-de-la-reunion-de-los-comites-tecnicos-de-la-asociacion-latinoamericana-de-metros-y-subterraneos-alamys\/#breadcrumb\",\"itemListElement\":[{\"@type\":\"ListItem\",\"position\":1,\"name\":\"In\u00edcio\",\"item\":\"https:\/\/mobilitas.lat\/es\/\"},{\"@type\":\"ListItem\",\"position\":2,\"name\":\"Oporto, Portugal, ser\u00e1 el anfitri\u00f3n de la reuni\u00f3n de los comit\u00e9s t\u00e9cnicos de la Asociaci\u00f3n Latinoamericana de Metros y Subterr\u00e1neos (ALAMYS)\"}]},{\"@type\":\"WebSite\",\"@id\":\"https:\/\/mobilitas.lat\/es\/#website\",\"url\":\"https:\/\/mobilitas.lat\/es\/\",\"name\":\"Mobilitas\",\"description\":\"Tecnologia e Mobilidade Urbana na Am\u00e9rica Latina\",\"publisher\":{\"@id\":\"https:\/\/mobilitas.lat\/es\/#organization\"},\"potentialAction\":[{\"@type\":\"SearchAction\",\"target\":{\"@type\":\"EntryPoint\",\"urlTemplate\":\"https:\/\/mobilitas.lat\/es\/?s={search_term_string}\"},\"query-input\":{\"@type\":\"PropertyValueSpecification\",\"valueRequired\":true,\"valueName\":\"search_term_string\"}}],\"inLanguage\":\"es-ES\"},{\"@type\":\"Organization\",\"@id\":\"https:\/\/mobilitas.lat\/es\/#organization\",\"name\":\"OTM Editora\",\"url\":\"https:\/\/mobilitas.lat\/es\/\",\"logo\":{\"@type\":\"ImageObject\",\"inLanguage\":\"es-ES\",\"@id\":\"https:\/\/mobilitas.lat\/es\/#\/schema\/logo\/image\/\",\"url\":\"https:\/\/mobilitas.lat\/wp-content\/uploads\/2024\/03\/opengraph.png\",\"contentUrl\":\"https:\/\/mobilitas.lat\/wp-content\/uploads\/2024\/03\/opengraph.png\",\"width\":1200,\"height\":630,\"caption\":\"OTM Editora\"},\"image\":{\"@id\":\"https:\/\/mobilitas.lat\/es\/#\/schema\/logo\/image\/\"}},{\"@type\":\"Person\",\"@id\":\"https:\/\/mobilitas.lat\/es\/#\/schema\/person\/cae0d01ccbe855d1858d146e4c4d582d\",\"name\":\"Alexandre Asquini\",\"image\":{\"@type\":\"ImageObject\",\"inLanguage\":\"es-ES\",\"@id\":\"https:\/\/mobilitas.lat\/es\/#\/schema\/person\/image\/\",\"url\":\"https:\/\/secure.gravatar.com\/avatar\/aac99dbef1420f75cc7d86913eb8a7cdfbe13e2509ad7a45649a61414f6d2785?s=96&d=mm&r=g\",\"contentUrl\":\"https:\/\/secure.gravatar.com\/avatar\/aac99dbef1420f75cc7d86913eb8a7cdfbe13e2509ad7a45649a61414f6d2785?s=96&d=mm&r=g\",\"caption\":\"Alexandre Asquini\"}}]}<\/script>\n<!-- \/ Yoast SEO plugin. -->","yoast_head_json":{"title":"Oporto, Portugal, ser\u00e1 el anfitri\u00f3n de la reuni\u00f3n de los comit\u00e9s t\u00e9cnicos de la Asociaci\u00f3n Latinoamericana de Metros y Subterr\u00e1neos (ALAMYS) | Mobilitas","robots":{"index":"index","follow":"follow","max-snippet":"max-snippet:-1","max-image-preview":"max-image-preview:large","max-video-preview":"max-video-preview:-1"},"canonical":"https:\/\/mobilitas.lat\/es\/2019\/06\/24\/oporto-portugal-sera-el-anfitrion-de-la-reunion-de-los-comites-tecnicos-de-la-asociacion-latinoamericana-de-metros-y-subterraneos-alamys\/","og_locale":"es_ES","og_type":"article","og_title":"Oporto, Portugal, ser\u00e1 el anfitri\u00f3n de la reuni\u00f3n de los comit\u00e9s t\u00e9cnicos de la Asociaci\u00f3n Latinoamericana de Metros y Subterr\u00e1neos (ALAMYS) | Mobilitas","og_description":"La ciudad de Oporto, Portugal, ser\u00e1 la sede del evento 24\u00b0 Comit\u00e9s T\u00e9cnicos de la Asociaci\u00f3n Latinoamericana de Metros y Subterr\u00e1neos (ALAMYS), cuyo tema general ser\u00e1 la Gesti\u00f3n de Activos \u2013 Un proceso eficaz para mantener la calidad del servicio. Las actividades se desarrollar\u00e1n en el per\u00edodo del 30 de junio al 4 de julio [&hellip;]","og_url":"https:\/\/mobilitas.lat\/es\/2019\/06\/24\/oporto-portugal-sera-el-anfitrion-de-la-reunion-de-los-comites-tecnicos-de-la-asociacion-latinoamericana-de-metros-y-subterraneos-alamys\/","og_site_name":"Mobilitas","article_published_time":"2019-06-24T19:25:25+00:00","article_modified_time":"2019-06-24T19:28:28+00:00","og_image":[{"width":411,"height":243,"url":"https:\/\/storage.mobilitas.lat\/uploads\/2019\/06\/MOBILITAS-METR\u00d4-DO-PORTO-A.png","type":"image\/png"}],"author":"Alexandre Asquini","twitter_card":"summary_large_image","twitter_misc":{"Written by":"Alexandre Asquini","Est. reading time":"2 minutes"},"schema":{"@context":"https:\/\/schema.org","@graph":[{"@type":"Article","@id":"https:\/\/mobilitas.lat\/es\/2019\/06\/24\/oporto-portugal-sera-el-anfitrion-de-la-reunion-de-los-comites-tecnicos-de-la-asociacion-latinoamericana-de-metros-y-subterraneos-alamys\/#article","isPartOf":{"@id":"https:\/\/mobilitas.lat\/es\/2019\/06\/24\/oporto-portugal-sera-el-anfitrion-de-la-reunion-de-los-comites-tecnicos-de-la-asociacion-latinoamericana-de-metros-y-subterraneos-alamys\/"},"author":{"name":"Alexandre Asquini","@id":"https:\/\/mobilitas.lat\/es\/#\/schema\/person\/cae0d01ccbe855d1858d146e4c4d582d"},"headline":"Oporto, Portugal, ser\u00e1 el anfitri\u00f3n de la reuni\u00f3n de los comit\u00e9s t\u00e9cnicos de la Asociaci\u00f3n Latinoamericana de Metros y Subterr\u00e1neos (ALAMYS)","datePublished":"2019-06-24T19:25:25+00:00","dateModified":"2019-06-24T19:28:28+00:00","mainEntityOfPage":{"@id":"https:\/\/mobilitas.lat\/es\/2019\/06\/24\/oporto-portugal-sera-el-anfitrion-de-la-reunion-de-los-comites-tecnicos-de-la-asociacion-latinoamericana-de-metros-y-subterraneos-alamys\/"},"wordCount":353,"publisher":{"@id":"https:\/\/mobilitas.lat\/es\/#organization"},"image":{"@id":"https:\/\/mobilitas.lat\/es\/2019\/06\/24\/oporto-portugal-sera-el-anfitrion-de-la-reunion-de-los-comites-tecnicos-de-la-asociacion-latinoamericana-de-metros-y-subterraneos-alamys\/#primaryimage"},"thumbnailUrl":"https:\/\/storage.mobilitas.lat\/uploads\/2019\/06\/MOBILITAS-METR\u00d4-DO-PORTO-A.png","keywords":["ALAMYS","METR\u00d4 DO PORTO"],"articleSection":["Notas","Radar"],"inLanguage":"es-ES"},{"@type":"WebPage","@id":"https:\/\/mobilitas.lat\/es\/2019\/06\/24\/oporto-portugal-sera-el-anfitrion-de-la-reunion-de-los-comites-tecnicos-de-la-asociacion-latinoamericana-de-metros-y-subterraneos-alamys\/","url":"https:\/\/mobilitas.lat\/es\/2019\/06\/24\/oporto-portugal-sera-el-anfitrion-de-la-reunion-de-los-comites-tecnicos-de-la-asociacion-latinoamericana-de-metros-y-subterraneos-alamys\/","name":"Oporto, Portugal, ser\u00e1 el anfitri\u00f3n de la reuni\u00f3n de los comit\u00e9s t\u00e9cnicos de la Asociaci\u00f3n Latinoamericana de Metros y Subterr\u00e1neos (ALAMYS) | Mobilitas","isPartOf":{"@id":"https:\/\/mobilitas.lat\/es\/#website"},"primaryImageOfPage":{"@id":"https:\/\/mobilitas.lat\/es\/2019\/06\/24\/oporto-portugal-sera-el-anfitrion-de-la-reunion-de-los-comites-tecnicos-de-la-asociacion-latinoamericana-de-metros-y-subterraneos-alamys\/#primaryimage"},"image":{"@id":"https:\/\/mobilitas.lat\/es\/2019\/06\/24\/oporto-portugal-sera-el-anfitrion-de-la-reunion-de-los-comites-tecnicos-de-la-asociacion-latinoamericana-de-metros-y-subterraneos-alamys\/#primaryimage"},"thumbnailUrl":"https:\/\/storage.mobilitas.lat\/uploads\/2019\/06\/MOBILITAS-METR\u00d4-DO-PORTO-A.png","datePublished":"2019-06-24T19:25:25+00:00","dateModified":"2019-06-24T19:28:28+00:00","breadcrumb":{"@id":"https:\/\/mobilitas.lat\/es\/2019\/06\/24\/oporto-portugal-sera-el-anfitrion-de-la-reunion-de-los-comites-tecnicos-de-la-asociacion-latinoamericana-de-metros-y-subterraneos-alamys\/#breadcrumb"},"inLanguage":"es-ES","potentialAction":[{"@type":"ReadAction","target":["https:\/\/mobilitas.lat\/es\/2019\/06\/24\/oporto-portugal-sera-el-anfitrion-de-la-reunion-de-los-comites-tecnicos-de-la-asociacion-latinoamericana-de-metros-y-subterraneos-alamys\/"]}]},{"@type":"ImageObject","inLanguage":"es-ES","@id":"https:\/\/mobilitas.lat\/es\/2019\/06\/24\/oporto-portugal-sera-el-anfitrion-de-la-reunion-de-los-comites-tecnicos-de-la-asociacion-latinoamericana-de-metros-y-subterraneos-alamys\/#primaryimage","url":"https:\/\/storage.mobilitas.lat\/uploads\/2019\/06\/MOBILITAS-METR\u00d4-DO-PORTO-A.png","contentUrl":"https:\/\/storage.mobilitas.lat\/uploads\/2019\/06\/MOBILITAS-METR\u00d4-DO-PORTO-A.png","width":411,"height":243,"caption":"Estaci\u00f3n del metro de Oporto. Foto: Metr\u00f4 do Porto"},{"@type":"BreadcrumbList","@id":"https:\/\/mobilitas.lat\/es\/2019\/06\/24\/oporto-portugal-sera-el-anfitrion-de-la-reunion-de-los-comites-tecnicos-de-la-asociacion-latinoamericana-de-metros-y-subterraneos-alamys\/#breadcrumb","itemListElement":[{"@type":"ListItem","position":1,"name":"In\u00edcio","item":"https:\/\/mobilitas.lat\/es\/"},{"@type":"ListItem","position":2,"name":"Oporto, Portugal, ser\u00e1 el anfitri\u00f3n de la reuni\u00f3n de los comit\u00e9s t\u00e9cnicos de la Asociaci\u00f3n Latinoamericana de Metros y Subterr\u00e1neos (ALAMYS)"}]},{"@type":"WebSite","@id":"https:\/\/mobilitas.lat\/es\/#website","url":"https:\/\/mobilitas.lat\/es\/","name":"Mobilitas","description":"Tecnologia e Mobilidade Urbana na Am\u00e9rica Latina","publisher":{"@id":"https:\/\/mobilitas.lat\/es\/#organization"},"potentialAction":[{"@type":"SearchAction","target":{"@type":"EntryPoint","urlTemplate":"https:\/\/mobilitas.lat\/es\/?s={search_term_string}"},"query-input":{"@type":"PropertyValueSpecification","valueRequired":true,"valueName":"search_term_string"}}],"inLanguage":"es-ES"},{"@type":"Organization","@id":"https:\/\/mobilitas.lat\/es\/#organization","name":"OTM Editora","url":"https:\/\/mobilitas.lat\/es\/","logo":{"@type":"ImageObject","inLanguage":"es-ES","@id":"https:\/\/mobilitas.lat\/es\/#\/schema\/logo\/image\/","url":"https:\/\/mobilitas.lat\/wp-content\/uploads\/2024\/03\/opengraph.png","contentUrl":"https:\/\/mobilitas.lat\/wp-content\/uploads\/2024\/03\/opengraph.png","width":1200,"height":630,"caption":"OTM Editora"},"image":{"@id":"https:\/\/mobilitas.lat\/es\/#\/schema\/logo\/image\/"}},{"@type":"Person","@id":"https:\/\/mobilitas.lat\/es\/#\/schema\/person\/cae0d01ccbe855d1858d146e4c4d582d","name":"Alexandre Asquini","image":{"@type":"ImageObject","inLanguage":"es-ES","@id":"https:\/\/mobilitas.lat\/es\/#\/schema\/person\/image\/","url":"https:\/\/secure.gravatar.com\/avatar\/aac99dbef1420f75cc7d86913eb8a7cdfbe13e2509ad7a45649a61414f6d2785?s=96&d=mm&r=g","contentUrl":"https:\/\/secure.gravatar.com\/avatar\/aac99dbef1420f75cc7d86913eb8a7cdfbe13e2509ad7a45649a61414f6d2785?s=96&d=mm&r=g","caption":"Alexandre Asquini"}}]}},"_links":{"self":[{"href":"https:\/\/mobilitas.lat\/es\/wp-json\/wp\/v2\/posts\/5283","targetHints":{"allow":["GET"]}}],"collection":[{"href":"https:\/\/mobilitas.lat\/es\/wp-json\/wp\/v2\/posts"}],"about":[{"href":"https:\/\/mobilitas.lat\/es\/wp-json\/wp\/v2\/types\/post"}],"author":[{"embeddable":true,"href":"https:\/\/mobilitas.lat\/es\/wp-json\/wp\/v2\/users\/2"}],"replies":[{"embeddable":true,"href":"https:\/\/mobilitas.lat\/es\/wp-json\/wp\/v2\/comments?post=5283"}],"version-history":[{"count":1,"href":"https:\/\/mobilitas.lat\/es\/wp-json\/wp\/v2\/posts\/5283\/revisions"}],"predecessor-version":[{"id":5284,"href":"https:\/\/mobilitas.lat\/es\/wp-json\/wp\/v2\/posts\/5283\/revisions\/5284"}],"wp:featuredmedia":[{"embeddable":true,"href":"https:\/\/mobilitas.lat\/es\/wp-json\/wp\/v2\/media\/5291"}],"wp:attachment":[{"href":"https:\/\/mobilitas.lat\/es\/wp-json\/wp\/v2\/media?parent=5283"}],"wp:term":[{"taxonomy":"category","embeddable":true,"href":"https:\/\/mobilitas.lat\/es\/wp-json\/wp\/v2\/categories?post=5283"},{"taxonomy":"post_tag","embeddable":true,"href":"https:\/\/mobilitas.lat\/es\/wp-json\/wp\/v2\/tags?post=5283"}],"curies":[{"name":"wp","href":"https:\/\/api.w.org\/{rel}","templated":true}]}}