{"id":5152,"date":"2019-06-17T22:43:57","date_gmt":"2019-06-18T01:43:57","guid":{"rendered":"https:\/\/mobilitas.lat\/?p=5152"},"modified":"2019-06-17T23:16:36","modified_gmt":"2019-06-18T02:16:36","slug":"en-montevideo-la-empresa-de-transporte-publico-ucot-presento-20-nuevos-omnibus-con-accesibilidad-universal","status":"publish","type":"post","link":"https:\/\/mobilitas.lat\/es\/2019\/06\/17\/en-montevideo-la-empresa-de-transporte-publico-ucot-presento-20-nuevos-omnibus-con-accesibilidad-universal\/","title":{"rendered":"En Montevideo, la empresa de transporte p\u00fablico UCOT present\u00f3 20 nuevos \u00f3mnibus con accesibilidad universal"},"content":{"rendered":"\n<div class=\"wp-block-image\"><figure class=\"alignleft is-resized\"><img loading=\"lazy\" decoding=\"async\" src=\"https:\/\/storage.mobilitas.lat\/uploads\/2019\/06\/MOBILITAS-ONIBUS-UCOT-1-1.png\" alt=\"\" class=\"wp-image-5162\" width=\"258\" height=\"148\" srcset=\"https:\/\/storage.mobilitas.lat\/uploads\/2019\/06\/MOBILITAS-ONIBUS-UCOT-1-1.png 319w, https:\/\/storage.mobilitas.lat\/uploads\/2019\/06\/MOBILITAS-ONIBUS-UCOT-1-1-300x172.png 300w\" sizes=\"auto, (max-width: 258px) 100vw, 258px\" \/><\/figure><\/div>\n\n\n\n<p>El 30 de\nmayo de 2019, la empresa de transporte p\u00fablico UCOT \u2013 Uni\u00f3n Cooperativa Obrera\ndel Transporte present\u00f3 20 nuevas unidades con accesibilidad universal.<\/p>\n\n\n\n<p>En 2013 se\nestableci\u00f3 por decreto que las nuevas unidades de transporte deben contar con\npiso bajo (Low-floor o Low-entry) con rampa para accesibilidad total o\nplataforma elevadora vehicular.<\/p>\n\n\n\n<p>El objetivo\nes llegar a una proporci\u00f3n de 40% del total de la flota con el sistema de piso\nbajo, y 60% con plataformas elevadoras vehiculares.\n\nEst\u00e1 previsto que las nuevas unidades de UCOT con piso\nbajo circulen ya a partir de junio en Montevideo. La flota actual de coches\nurbanos de UCOT asciende a 160\n\n\n\n<\/p>\n","protected":false},"excerpt":{"rendered":"<p>El 30 de mayo de 2019, la empresa de transporte p\u00fablico UCOT \u2013 Uni\u00f3n Cooperativa Obrera del Transporte present\u00f3 20 nuevas unidades con accesibilidad universal. En 2013 se estableci\u00f3 por decreto que las nuevas unidades de transporte deben contar con piso bajo (Low-floor o Low-entry) con rampa para accesibilidad total o plataforma elevadora vehicular. El [&hellip;]<\/p>\n","protected":false},"author":2,"featured_media":5162,"comment_status":"closed","ping_status":"closed","sticky":false,"template":"","format":"standard","meta":{"footnotes":""},"categories":[336,287],"tags":[344,995],"class_list":["post-5152","post","type-post","status-publish","format-standard","has-post-thumbnail","hentry","category-informacion","category-notas","tag-montevideo","tag-omnibus-con-accesibilidad"],"yoast_head":"<!-- This site is optimized with the Yoast SEO plugin v26.9 - https:\/\/yoast.com\/product\/yoast-seo-wordpress\/ -->\n<title>En Montevideo, la empresa de transporte p\u00fablico UCOT present\u00f3 20 nuevos \u00f3mnibus con accesibilidad universal | Mobilitas<\/title>\n<meta name=\"robots\" content=\"index, follow, max-snippet:-1, max-image-preview:large, max-video-preview:-1\" \/>\n<link rel=\"canonical\" href=\"https:\/\/mobilitas.lat\/es\/2019\/06\/17\/en-montevideo-la-empresa-de-transporte-publico-ucot-presento-20-nuevos-omnibus-con-accesibilidad-universal\/\" \/>\n<meta property=\"og:locale\" content=\"es_ES\" \/>\n<meta property=\"og:type\" content=\"article\" \/>\n<meta property=\"og:title\" content=\"En Montevideo, la empresa de transporte p\u00fablico UCOT present\u00f3 20 nuevos \u00f3mnibus con accesibilidad universal | Mobilitas\" \/>\n<meta property=\"og:description\" content=\"El 30 de mayo de 2019, la empresa de transporte p\u00fablico UCOT \u2013 Uni\u00f3n Cooperativa Obrera del Transporte present\u00f3 20 nuevas unidades con accesibilidad universal. En 2013 se estableci\u00f3 por decreto que las nuevas unidades de transporte deben contar con piso bajo (Low-floor o Low-entry) con rampa para accesibilidad total o plataforma elevadora vehicular. El [&hellip;]\" \/>\n<meta property=\"og:url\" content=\"https:\/\/mobilitas.lat\/es\/2019\/06\/17\/en-montevideo-la-empresa-de-transporte-publico-ucot-presento-20-nuevos-omnibus-con-accesibilidad-universal\/\" \/>\n<meta property=\"og:site_name\" content=\"Mobilitas\" \/>\n<meta property=\"article:published_time\" content=\"2019-06-18T01:43:57+00:00\" \/>\n<meta property=\"article:modified_time\" content=\"2019-06-18T02:16:36+00:00\" \/>\n<meta property=\"og:image\" content=\"https:\/\/storage.mobilitas.lat\/uploads\/2019\/06\/MOBILITAS-ONIBUS-UCOT-1-1.png\" \/>\n\t<meta property=\"og:image:width\" content=\"319\" \/>\n\t<meta property=\"og:image:height\" content=\"183\" \/>\n\t<meta property=\"og:image:type\" content=\"image\/png\" \/>\n<meta name=\"author\" content=\"Alexandre Asquini\" \/>\n<meta name=\"twitter:card\" content=\"summary_large_image\" \/>\n<meta name=\"twitter:label1\" content=\"Written by\" \/>\n\t<meta name=\"twitter:data1\" content=\"Alexandre Asquini\" \/>\n\t<meta name=\"twitter:label2\" content=\"Est. reading time\" \/>\n\t<meta name=\"twitter:data2\" content=\"1 minute\" \/>\n<script type=\"application\/ld+json\" class=\"yoast-schema-graph\">{\"@context\":\"https:\/\/schema.org\",\"@graph\":[{\"@type\":\"Article\",\"@id\":\"https:\/\/mobilitas.lat\/es\/2019\/06\/17\/en-montevideo-la-empresa-de-transporte-publico-ucot-presento-20-nuevos-omnibus-con-accesibilidad-universal\/#article\",\"isPartOf\":{\"@id\":\"https:\/\/mobilitas.lat\/es\/2019\/06\/17\/en-montevideo-la-empresa-de-transporte-publico-ucot-presento-20-nuevos-omnibus-con-accesibilidad-universal\/\"},\"author\":{\"name\":\"Alexandre Asquini\",\"@id\":\"https:\/\/mobilitas.lat\/es\/#\/schema\/person\/cae0d01ccbe855d1858d146e4c4d582d\"},\"headline\":\"En Montevideo, la empresa de transporte p\u00fablico UCOT present\u00f3 20 nuevos \u00f3mnibus con accesibilidad universal\",\"datePublished\":\"2019-06-18T01:43:57+00:00\",\"dateModified\":\"2019-06-18T02:16:36+00:00\",\"mainEntityOfPage\":{\"@id\":\"https:\/\/mobilitas.lat\/es\/2019\/06\/17\/en-montevideo-la-empresa-de-transporte-publico-ucot-presento-20-nuevos-omnibus-con-accesibilidad-universal\/\"},\"wordCount\":120,\"publisher\":{\"@id\":\"https:\/\/mobilitas.lat\/es\/#organization\"},\"image\":{\"@id\":\"https:\/\/mobilitas.lat\/es\/2019\/06\/17\/en-montevideo-la-empresa-de-transporte-publico-ucot-presento-20-nuevos-omnibus-con-accesibilidad-universal\/#primaryimage\"},\"thumbnailUrl\":\"https:\/\/storage.mobilitas.lat\/uploads\/2019\/06\/MOBILITAS-ONIBUS-UCOT-1-1.png\",\"keywords\":[\"Montevideo\",\"\u00f3mnibus con accesibilidad\"],\"articleSection\":[\"Informaci\u00f3n\",\"Notas\"],\"inLanguage\":\"es-ES\"},{\"@type\":\"WebPage\",\"@id\":\"https:\/\/mobilitas.lat\/es\/2019\/06\/17\/en-montevideo-la-empresa-de-transporte-publico-ucot-presento-20-nuevos-omnibus-con-accesibilidad-universal\/\",\"url\":\"https:\/\/mobilitas.lat\/es\/2019\/06\/17\/en-montevideo-la-empresa-de-transporte-publico-ucot-presento-20-nuevos-omnibus-con-accesibilidad-universal\/\",\"name\":\"En Montevideo, la empresa de transporte p\u00fablico UCOT present\u00f3 20 nuevos \u00f3mnibus con accesibilidad universal | Mobilitas\",\"isPartOf\":{\"@id\":\"https:\/\/mobilitas.lat\/es\/#website\"},\"primaryImageOfPage\":{\"@id\":\"https:\/\/mobilitas.lat\/es\/2019\/06\/17\/en-montevideo-la-empresa-de-transporte-publico-ucot-presento-20-nuevos-omnibus-con-accesibilidad-universal\/#primaryimage\"},\"image\":{\"@id\":\"https:\/\/mobilitas.lat\/es\/2019\/06\/17\/en-montevideo-la-empresa-de-transporte-publico-ucot-presento-20-nuevos-omnibus-con-accesibilidad-universal\/#primaryimage\"},\"thumbnailUrl\":\"https:\/\/storage.mobilitas.lat\/uploads\/2019\/06\/MOBILITAS-ONIBUS-UCOT-1-1.png\",\"datePublished\":\"2019-06-18T01:43:57+00:00\",\"dateModified\":\"2019-06-18T02:16:36+00:00\",\"breadcrumb\":{\"@id\":\"https:\/\/mobilitas.lat\/es\/2019\/06\/17\/en-montevideo-la-empresa-de-transporte-publico-ucot-presento-20-nuevos-omnibus-con-accesibilidad-universal\/#breadcrumb\"},\"inLanguage\":\"es-ES\",\"potentialAction\":[{\"@type\":\"ReadAction\",\"target\":[\"https:\/\/mobilitas.lat\/es\/2019\/06\/17\/en-montevideo-la-empresa-de-transporte-publico-ucot-presento-20-nuevos-omnibus-con-accesibilidad-universal\/\"]}]},{\"@type\":\"ImageObject\",\"inLanguage\":\"es-ES\",\"@id\":\"https:\/\/mobilitas.lat\/es\/2019\/06\/17\/en-montevideo-la-empresa-de-transporte-publico-ucot-presento-20-nuevos-omnibus-con-accesibilidad-universal\/#primaryimage\",\"url\":\"https:\/\/storage.mobilitas.lat\/uploads\/2019\/06\/MOBILITAS-ONIBUS-UCOT-1-1.png\",\"contentUrl\":\"https:\/\/storage.mobilitas.lat\/uploads\/2019\/06\/MOBILITAS-ONIBUS-UCOT-1-1.png\",\"width\":319,\"height\":183},{\"@type\":\"BreadcrumbList\",\"@id\":\"https:\/\/mobilitas.lat\/es\/2019\/06\/17\/en-montevideo-la-empresa-de-transporte-publico-ucot-presento-20-nuevos-omnibus-con-accesibilidad-universal\/#breadcrumb\",\"itemListElement\":[{\"@type\":\"ListItem\",\"position\":1,\"name\":\"In\u00edcio\",\"item\":\"https:\/\/mobilitas.lat\/es\/\"},{\"@type\":\"ListItem\",\"position\":2,\"name\":\"En Montevideo, la empresa de transporte p\u00fablico UCOT present\u00f3 20 nuevos \u00f3mnibus con accesibilidad universal\"}]},{\"@type\":\"WebSite\",\"@id\":\"https:\/\/mobilitas.lat\/es\/#website\",\"url\":\"https:\/\/mobilitas.lat\/es\/\",\"name\":\"Mobilitas\",\"description\":\"Tecnologia e Mobilidade Urbana na Am\u00e9rica Latina\",\"publisher\":{\"@id\":\"https:\/\/mobilitas.lat\/es\/#organization\"},\"potentialAction\":[{\"@type\":\"SearchAction\",\"target\":{\"@type\":\"EntryPoint\",\"urlTemplate\":\"https:\/\/mobilitas.lat\/es\/?s={search_term_string}\"},\"query-input\":{\"@type\":\"PropertyValueSpecification\",\"valueRequired\":true,\"valueName\":\"search_term_string\"}}],\"inLanguage\":\"es-ES\"},{\"@type\":\"Organization\",\"@id\":\"https:\/\/mobilitas.lat\/es\/#organization\",\"name\":\"OTM Editora\",\"url\":\"https:\/\/mobilitas.lat\/es\/\",\"logo\":{\"@type\":\"ImageObject\",\"inLanguage\":\"es-ES\",\"@id\":\"https:\/\/mobilitas.lat\/es\/#\/schema\/logo\/image\/\",\"url\":\"https:\/\/mobilitas.lat\/wp-content\/uploads\/2024\/03\/opengraph.png\",\"contentUrl\":\"https:\/\/mobilitas.lat\/wp-content\/uploads\/2024\/03\/opengraph.png\",\"width\":1200,\"height\":630,\"caption\":\"OTM Editora\"},\"image\":{\"@id\":\"https:\/\/mobilitas.lat\/es\/#\/schema\/logo\/image\/\"}},{\"@type\":\"Person\",\"@id\":\"https:\/\/mobilitas.lat\/es\/#\/schema\/person\/cae0d01ccbe855d1858d146e4c4d582d\",\"name\":\"Alexandre Asquini\",\"image\":{\"@type\":\"ImageObject\",\"inLanguage\":\"es-ES\",\"@id\":\"https:\/\/mobilitas.lat\/es\/#\/schema\/person\/image\/\",\"url\":\"https:\/\/secure.gravatar.com\/avatar\/aac99dbef1420f75cc7d86913eb8a7cdfbe13e2509ad7a45649a61414f6d2785?s=96&d=mm&r=g\",\"contentUrl\":\"https:\/\/secure.gravatar.com\/avatar\/aac99dbef1420f75cc7d86913eb8a7cdfbe13e2509ad7a45649a61414f6d2785?s=96&d=mm&r=g\",\"caption\":\"Alexandre Asquini\"}}]}<\/script>\n<!-- \/ Yoast SEO plugin. -->","yoast_head_json":{"title":"En Montevideo, la empresa de transporte p\u00fablico UCOT present\u00f3 20 nuevos \u00f3mnibus con accesibilidad universal | Mobilitas","robots":{"index":"index","follow":"follow","max-snippet":"max-snippet:-1","max-image-preview":"max-image-preview:large","max-video-preview":"max-video-preview:-1"},"canonical":"https:\/\/mobilitas.lat\/es\/2019\/06\/17\/en-montevideo-la-empresa-de-transporte-publico-ucot-presento-20-nuevos-omnibus-con-accesibilidad-universal\/","og_locale":"es_ES","og_type":"article","og_title":"En Montevideo, la empresa de transporte p\u00fablico UCOT present\u00f3 20 nuevos \u00f3mnibus con accesibilidad universal | Mobilitas","og_description":"El 30 de mayo de 2019, la empresa de transporte p\u00fablico UCOT \u2013 Uni\u00f3n Cooperativa Obrera del Transporte present\u00f3 20 nuevas unidades con accesibilidad universal. En 2013 se estableci\u00f3 por decreto que las nuevas unidades de transporte deben contar con piso bajo (Low-floor o Low-entry) con rampa para accesibilidad total o plataforma elevadora vehicular. El [&hellip;]","og_url":"https:\/\/mobilitas.lat\/es\/2019\/06\/17\/en-montevideo-la-empresa-de-transporte-publico-ucot-presento-20-nuevos-omnibus-con-accesibilidad-universal\/","og_site_name":"Mobilitas","article_published_time":"2019-06-18T01:43:57+00:00","article_modified_time":"2019-06-18T02:16:36+00:00","og_image":[{"width":319,"height":183,"url":"https:\/\/storage.mobilitas.lat\/uploads\/2019\/06\/MOBILITAS-ONIBUS-UCOT-1-1.png","type":"image\/png"}],"author":"Alexandre Asquini","twitter_card":"summary_large_image","twitter_misc":{"Written by":"Alexandre Asquini","Est. reading time":"1 minute"},"schema":{"@context":"https:\/\/schema.org","@graph":[{"@type":"Article","@id":"https:\/\/mobilitas.lat\/es\/2019\/06\/17\/en-montevideo-la-empresa-de-transporte-publico-ucot-presento-20-nuevos-omnibus-con-accesibilidad-universal\/#article","isPartOf":{"@id":"https:\/\/mobilitas.lat\/es\/2019\/06\/17\/en-montevideo-la-empresa-de-transporte-publico-ucot-presento-20-nuevos-omnibus-con-accesibilidad-universal\/"},"author":{"name":"Alexandre Asquini","@id":"https:\/\/mobilitas.lat\/es\/#\/schema\/person\/cae0d01ccbe855d1858d146e4c4d582d"},"headline":"En Montevideo, la empresa de transporte p\u00fablico UCOT present\u00f3 20 nuevos \u00f3mnibus con accesibilidad universal","datePublished":"2019-06-18T01:43:57+00:00","dateModified":"2019-06-18T02:16:36+00:00","mainEntityOfPage":{"@id":"https:\/\/mobilitas.lat\/es\/2019\/06\/17\/en-montevideo-la-empresa-de-transporte-publico-ucot-presento-20-nuevos-omnibus-con-accesibilidad-universal\/"},"wordCount":120,"publisher":{"@id":"https:\/\/mobilitas.lat\/es\/#organization"},"image":{"@id":"https:\/\/mobilitas.lat\/es\/2019\/06\/17\/en-montevideo-la-empresa-de-transporte-publico-ucot-presento-20-nuevos-omnibus-con-accesibilidad-universal\/#primaryimage"},"thumbnailUrl":"https:\/\/storage.mobilitas.lat\/uploads\/2019\/06\/MOBILITAS-ONIBUS-UCOT-1-1.png","keywords":["Montevideo","\u00f3mnibus con accesibilidad"],"articleSection":["Informaci\u00f3n","Notas"],"inLanguage":"es-ES"},{"@type":"WebPage","@id":"https:\/\/mobilitas.lat\/es\/2019\/06\/17\/en-montevideo-la-empresa-de-transporte-publico-ucot-presento-20-nuevos-omnibus-con-accesibilidad-universal\/","url":"https:\/\/mobilitas.lat\/es\/2019\/06\/17\/en-montevideo-la-empresa-de-transporte-publico-ucot-presento-20-nuevos-omnibus-con-accesibilidad-universal\/","name":"En Montevideo, la empresa de transporte p\u00fablico UCOT present\u00f3 20 nuevos \u00f3mnibus con accesibilidad universal | Mobilitas","isPartOf":{"@id":"https:\/\/mobilitas.lat\/es\/#website"},"primaryImageOfPage":{"@id":"https:\/\/mobilitas.lat\/es\/2019\/06\/17\/en-montevideo-la-empresa-de-transporte-publico-ucot-presento-20-nuevos-omnibus-con-accesibilidad-universal\/#primaryimage"},"image":{"@id":"https:\/\/mobilitas.lat\/es\/2019\/06\/17\/en-montevideo-la-empresa-de-transporte-publico-ucot-presento-20-nuevos-omnibus-con-accesibilidad-universal\/#primaryimage"},"thumbnailUrl":"https:\/\/storage.mobilitas.lat\/uploads\/2019\/06\/MOBILITAS-ONIBUS-UCOT-1-1.png","datePublished":"2019-06-18T01:43:57+00:00","dateModified":"2019-06-18T02:16:36+00:00","breadcrumb":{"@id":"https:\/\/mobilitas.lat\/es\/2019\/06\/17\/en-montevideo-la-empresa-de-transporte-publico-ucot-presento-20-nuevos-omnibus-con-accesibilidad-universal\/#breadcrumb"},"inLanguage":"es-ES","potentialAction":[{"@type":"ReadAction","target":["https:\/\/mobilitas.lat\/es\/2019\/06\/17\/en-montevideo-la-empresa-de-transporte-publico-ucot-presento-20-nuevos-omnibus-con-accesibilidad-universal\/"]}]},{"@type":"ImageObject","inLanguage":"es-ES","@id":"https:\/\/mobilitas.lat\/es\/2019\/06\/17\/en-montevideo-la-empresa-de-transporte-publico-ucot-presento-20-nuevos-omnibus-con-accesibilidad-universal\/#primaryimage","url":"https:\/\/storage.mobilitas.lat\/uploads\/2019\/06\/MOBILITAS-ONIBUS-UCOT-1-1.png","contentUrl":"https:\/\/storage.mobilitas.lat\/uploads\/2019\/06\/MOBILITAS-ONIBUS-UCOT-1-1.png","width":319,"height":183},{"@type":"BreadcrumbList","@id":"https:\/\/mobilitas.lat\/es\/2019\/06\/17\/en-montevideo-la-empresa-de-transporte-publico-ucot-presento-20-nuevos-omnibus-con-accesibilidad-universal\/#breadcrumb","itemListElement":[{"@type":"ListItem","position":1,"name":"In\u00edcio","item":"https:\/\/mobilitas.lat\/es\/"},{"@type":"ListItem","position":2,"name":"En Montevideo, la empresa de transporte p\u00fablico UCOT present\u00f3 20 nuevos \u00f3mnibus con accesibilidad universal"}]},{"@type":"WebSite","@id":"https:\/\/mobilitas.lat\/es\/#website","url":"https:\/\/mobilitas.lat\/es\/","name":"Mobilitas","description":"Tecnologia e Mobilidade Urbana na Am\u00e9rica Latina","publisher":{"@id":"https:\/\/mobilitas.lat\/es\/#organization"},"potentialAction":[{"@type":"SearchAction","target":{"@type":"EntryPoint","urlTemplate":"https:\/\/mobilitas.lat\/es\/?s={search_term_string}"},"query-input":{"@type":"PropertyValueSpecification","valueRequired":true,"valueName":"search_term_string"}}],"inLanguage":"es-ES"},{"@type":"Organization","@id":"https:\/\/mobilitas.lat\/es\/#organization","name":"OTM Editora","url":"https:\/\/mobilitas.lat\/es\/","logo":{"@type":"ImageObject","inLanguage":"es-ES","@id":"https:\/\/mobilitas.lat\/es\/#\/schema\/logo\/image\/","url":"https:\/\/mobilitas.lat\/wp-content\/uploads\/2024\/03\/opengraph.png","contentUrl":"https:\/\/mobilitas.lat\/wp-content\/uploads\/2024\/03\/opengraph.png","width":1200,"height":630,"caption":"OTM Editora"},"image":{"@id":"https:\/\/mobilitas.lat\/es\/#\/schema\/logo\/image\/"}},{"@type":"Person","@id":"https:\/\/mobilitas.lat\/es\/#\/schema\/person\/cae0d01ccbe855d1858d146e4c4d582d","name":"Alexandre Asquini","image":{"@type":"ImageObject","inLanguage":"es-ES","@id":"https:\/\/mobilitas.lat\/es\/#\/schema\/person\/image\/","url":"https:\/\/secure.gravatar.com\/avatar\/aac99dbef1420f75cc7d86913eb8a7cdfbe13e2509ad7a45649a61414f6d2785?s=96&d=mm&r=g","contentUrl":"https:\/\/secure.gravatar.com\/avatar\/aac99dbef1420f75cc7d86913eb8a7cdfbe13e2509ad7a45649a61414f6d2785?s=96&d=mm&r=g","caption":"Alexandre Asquini"}}]}},"_links":{"self":[{"href":"https:\/\/mobilitas.lat\/es\/wp-json\/wp\/v2\/posts\/5152","targetHints":{"allow":["GET"]}}],"collection":[{"href":"https:\/\/mobilitas.lat\/es\/wp-json\/wp\/v2\/posts"}],"about":[{"href":"https:\/\/mobilitas.lat\/es\/wp-json\/wp\/v2\/types\/post"}],"author":[{"embeddable":true,"href":"https:\/\/mobilitas.lat\/es\/wp-json\/wp\/v2\/users\/2"}],"replies":[{"embeddable":true,"href":"https:\/\/mobilitas.lat\/es\/wp-json\/wp\/v2\/comments?post=5152"}],"version-history":[{"count":3,"href":"https:\/\/mobilitas.lat\/es\/wp-json\/wp\/v2\/posts\/5152\/revisions"}],"predecessor-version":[{"id":5183,"href":"https:\/\/mobilitas.lat\/es\/wp-json\/wp\/v2\/posts\/5152\/revisions\/5183"}],"wp:featuredmedia":[{"embeddable":true,"href":"https:\/\/mobilitas.lat\/es\/wp-json\/wp\/v2\/media\/5162"}],"wp:attachment":[{"href":"https:\/\/mobilitas.lat\/es\/wp-json\/wp\/v2\/media?parent=5152"}],"wp:term":[{"taxonomy":"category","embeddable":true,"href":"https:\/\/mobilitas.lat\/es\/wp-json\/wp\/v2\/categories?post=5152"},{"taxonomy":"post_tag","embeddable":true,"href":"https:\/\/mobilitas.lat\/es\/wp-json\/wp\/v2\/tags?post=5152"}],"curies":[{"name":"wp","href":"https:\/\/api.w.org\/{rel}","templated":true}]}}