{"id":4393,"date":"2019-03-08T17:24:26","date_gmt":"2019-03-08T20:24:26","guid":{"rendered":"https:\/\/mobilitas.lat\/?p=4393"},"modified":"2019-03-08T17:36:23","modified_gmt":"2019-03-08T20:36:23","slug":"nueva-linea-en-el-sistema-de-cables-de-medellin","status":"publish","type":"post","link":"https:\/\/mobilitas.lat\/es\/2019\/03\/08\/nueva-linea-en-el-sistema-de-cables-de-medellin\/","title":{"rendered":"Nueva l\u00ednea en el sistema de cables de Medell\u00edn"},"content":{"rendered":"\n<p>La nueva <em>L\u00ednea M\u2013Miraflores<\/em> del sistema de cables de Medell\u00edn (Metrocable) inici\u00f3 su operaci\u00f3n comercial el 28 de febrero de 2019. La l\u00ednea tiene 1056 metros de longitud y 49 cabinas.<\/p>\n\n\n\n<p>Son tres\nestaciones: Miraflores, El Pinal y Trece de Noviembre. Tiene capacidad para\nmovilizar a unas 2500 personas cada hora por sentido. El recorrido completo se\nhace en tan solo cinco minutos.<\/p>\n\n\n\n<p>Se trata\nde un sistema de transporte el\u00e9ctrico, amigable con el medio ambiente y que cuenta\ncon una tecnolog\u00eda m\u00e1s moderna que los anteriores. Esto permite que sus\nservicios sean m\u00e1s c\u00f3modos y m\u00e1s silenciosos. Para construir esta l\u00ednea se\nrequiri\u00f3 una inversi\u00f3n de 114.000 millones de pesos (USD 36,48 millones),\nfinanciada en su totalidad por la propia Alcald\u00eda de Medell\u00edn.<\/p>\n\n\n\n<p>El\nalcalde de Medell\u00edn, Federico Guti\u00e9rrez Zuluaga, dijo que el nuevo sistema\nsignifica un alivio para la poblaci\u00f3n atendida, porque las personas ahorran\ntiempo y dinero. &#8220;Quienes antes pagaban hasta tres pasajes, ahora pueden recorrer\ntoda la ciudad con uno solo ya que este Metrocable est\u00e1 integrado con todo el\nsistemadel tranv\u00eda y del metro&#8221;.<\/p>\n\n\n\n<p>Los\ndatos oficiales informan que el inicio de la operaci\u00f3n comercial de la <em>L\u00ednea M\u2013Miraflores<\/em> beneficia a m\u00e1s de\n350.000 personas de las comunas Villa Hermosa y Buenos Aires.<\/p>\n\n\n\n<p><strong>M\u00c1S QUE UN SISTEMA DE TRANSPORTE<\/strong><\/p>\n\n\n\n<p>La\nAlcald\u00eda de Medell\u00edn subraya que adem\u00e1s de ser una soluci\u00f3n en movilidad\nsostenible, alrededor de cada una de las estaciones se mejor\u00f3 el espacio\np\u00fablico con oferta deportiva, miradores, senderos peatonales y juegos\ninfantiles.<\/p>\n\n\n\n<p>En la\nestaci\u00f3n El Pinal, la comunidad cuenta con una Bibliometro, un lugar donde\nadem\u00e1s de encontrar libros de todos los g\u00e9neros literarios y ordenadores para\nnavegar de forma gratuita en Internet, est\u00e1n los cursos gratuitos de formaci\u00f3n\nque se ofrecen en alianza con la caja de compensaci\u00f3n Comfama.La implantaci\u00f3n\nde una sala de inform\u00e1ticaest\u00e1 prevista para la estaci\u00f3n Trece de Noviembre.<\/p>\n\n\n\n<p><strong>OTRAS INVERSIONES EN MOVILIDAD\nSOSTENIBLE<\/strong><\/p>\n\n\n\n<p>La\nAlcald\u00eda de Medell\u00edn destaca que hay otras intervenciones dirigidas por la\nadministraci\u00f3n municipal en beneficio de la movilidad sostenible: autobuses el\u00e9ctricos\npara el fortalecer el transporte p\u00fablico, la construcci\u00f3n de redes para caminar,\nla creaci\u00f3n de grandes corredores peatonales en el Centro, el est\u00edmulo a la\nbicicleta como medio de transporte amigable con el medio ambiente y el uso del\nMetro y Metropl\u00fas.<\/p>\n\n\n\n<p>Tambi\u00e9n forma parte de esta iniciativa la conexi\u00f3n del Cable El Picacho, el sexto cable de Medell\u00edn, que cuenta con una inversi\u00f3n de 298 532 millones de pesos (USD 95,53 millones) y que transportar\u00e1 diariamente a 36000 personas y contar\u00e1 con cuatro estaciones: Acevedo, Sena, Dulce de Octubre y Pedregal.<\/p>\n\n\n\n<div class=\"wp-block-image\"><figure class=\"aligncenter\"><img loading=\"lazy\" decoding=\"async\" width=\"562\" height=\"311\" src=\"https:\/\/storage.mobilitas.lat\/uploads\/2019\/03\/MOBILITAS-METROCABLE-MIRAFLORES-2.png\" alt=\"\" class=\"wp-image-4398\" srcset=\"https:\/\/storage.mobilitas.lat\/uploads\/2019\/03\/MOBILITAS-METROCABLE-MIRAFLORES-2.png 562w, https:\/\/storage.mobilitas.lat\/uploads\/2019\/03\/MOBILITAS-METROCABLE-MIRAFLORES-2-300x166.png 300w\" sizes=\"auto, (max-width: 562px) 100vw, 562px\" \/><figcaption> <br><strong>La l\u00ednea tiene 1056 metros de longitud y 49 cabinas <\/strong><br><\/figcaption><\/figure><\/div>\n\n\n\n<div class=\"wp-block-image\"><figure class=\"aligncenter\"><img loading=\"lazy\" decoding=\"async\" width=\"564\" height=\"343\" src=\"https:\/\/storage.mobilitas.lat\/uploads\/2019\/03\/MOBILITAS-METROCABLE-MIRAFLORES-3.png\" alt=\"\" class=\"wp-image-4400\" srcset=\"https:\/\/storage.mobilitas.lat\/uploads\/2019\/03\/MOBILITAS-METROCABLE-MIRAFLORES-3.png 564w, https:\/\/storage.mobilitas.lat\/uploads\/2019\/03\/MOBILITAS-METROCABLE-MIRAFLORES-3-300x182.png 300w\" sizes=\"auto, (max-width: 564px) 100vw, 564px\" \/><figcaption> <br><strong>Un sistema de transporte el\u00e9ctrico, amigable con el medio ambiente<\/strong>  <\/figcaption><\/figure><\/div>\n\n\n\n<div class=\"wp-block-image\"><figure class=\"aligncenter\"><img loading=\"lazy\" decoding=\"async\" width=\"563\" height=\"310\" src=\"https:\/\/storage.mobilitas.lat\/uploads\/2019\/03\/MOBILITAS-METROCABLE-MIRAFLORES-4.png\" alt=\"\" class=\"wp-image-4402\" srcset=\"https:\/\/storage.mobilitas.lat\/uploads\/2019\/03\/MOBILITAS-METROCABLE-MIRAFLORES-4.png 563w, https:\/\/storage.mobilitas.lat\/uploads\/2019\/03\/MOBILITAS-METROCABLE-MIRAFLORES-4-300x165.png 300w\" sizes=\"auto, (max-width: 563px) 100vw, 563px\" \/><figcaption> <br><strong>Sistema beneficia a m\u00e1s de 350.000 personas de dos comunas <\/strong><\/figcaption><\/figure><\/div>\n","protected":false},"excerpt":{"rendered":"<p>La nueva L\u00ednea M\u2013Miraflores del sistema de cables de Medell\u00edn (Metrocable) inici\u00f3 su operaci\u00f3n comercial el 28 de febrero de 2019. La l\u00ednea tiene 1056 metros de longitud y 49 cabinas. Son tres estaciones: Miraflores, El Pinal y Trece de Noviembre. Tiene capacidad para movilizar a unas 2500 personas cada hora por sentido. El recorrido [&hellip;]<\/p>\n","protected":false},"author":2,"featured_media":4415,"comment_status":"closed","ping_status":"closed","sticky":false,"template":"","format":"standard","meta":{"footnotes":""},"categories":[287],"tags":[908,775,81,816],"class_list":["post-4393","post","type-post","status-publish","format-standard","has-post-thumbnail","hentry","category-notas","tag-cables","tag-destaque","tag-medellin","tag-metrocable"],"yoast_head":"<!-- This site is optimized with the Yoast SEO plugin v26.9 - https:\/\/yoast.com\/product\/yoast-seo-wordpress\/ -->\n<title>Nueva l\u00ednea en el sistema de cables de Medell\u00edn | Mobilitas<\/title>\n<meta name=\"robots\" content=\"index, follow, max-snippet:-1, max-image-preview:large, max-video-preview:-1\" \/>\n<link rel=\"canonical\" href=\"https:\/\/mobilitas.lat\/es\/2019\/03\/08\/nueva-linea-en-el-sistema-de-cables-de-medellin\/\" \/>\n<meta property=\"og:locale\" content=\"es_ES\" \/>\n<meta property=\"og:type\" content=\"article\" \/>\n<meta property=\"og:title\" content=\"Nueva l\u00ednea en el sistema de cables de Medell\u00edn | Mobilitas\" \/>\n<meta property=\"og:description\" content=\"La nueva L\u00ednea M\u2013Miraflores del sistema de cables de Medell\u00edn (Metrocable) inici\u00f3 su operaci\u00f3n comercial el 28 de febrero de 2019. La l\u00ednea tiene 1056 metros de longitud y 49 cabinas. Son tres estaciones: Miraflores, El Pinal y Trece de Noviembre. Tiene capacidad para movilizar a unas 2500 personas cada hora por sentido. El recorrido [&hellip;]\" \/>\n<meta property=\"og:url\" content=\"https:\/\/mobilitas.lat\/es\/2019\/03\/08\/nueva-linea-en-el-sistema-de-cables-de-medellin\/\" \/>\n<meta property=\"og:site_name\" content=\"Mobilitas\" \/>\n<meta property=\"article:published_time\" content=\"2019-03-08T20:24:26+00:00\" \/>\n<meta property=\"article:modified_time\" content=\"2019-03-08T20:36:23+00:00\" \/>\n<meta property=\"og:image\" content=\"https:\/\/storage.mobilitas.lat\/uploads\/2019\/03\/MOBILITAS-METROCABLE-MIRAFLORES-1B.png\" \/>\n\t<meta property=\"og:image:width\" content=\"564\" \/>\n\t<meta property=\"og:image:height\" content=\"276\" \/>\n\t<meta property=\"og:image:type\" content=\"image\/png\" \/>\n<meta name=\"author\" content=\"Alexandre Asquini\" \/>\n<meta name=\"twitter:card\" content=\"summary_large_image\" \/>\n<meta name=\"twitter:label1\" content=\"Written by\" \/>\n\t<meta name=\"twitter:data1\" content=\"Alexandre Asquini\" \/>\n\t<meta name=\"twitter:label2\" content=\"Est. reading time\" \/>\n\t<meta name=\"twitter:data2\" content=\"3 minutes\" \/>\n<script type=\"application\/ld+json\" class=\"yoast-schema-graph\">{\"@context\":\"https:\/\/schema.org\",\"@graph\":[{\"@type\":\"Article\",\"@id\":\"https:\/\/mobilitas.lat\/es\/2019\/03\/08\/nueva-linea-en-el-sistema-de-cables-de-medellin\/#article\",\"isPartOf\":{\"@id\":\"https:\/\/mobilitas.lat\/es\/2019\/03\/08\/nueva-linea-en-el-sistema-de-cables-de-medellin\/\"},\"author\":{\"name\":\"Alexandre Asquini\",\"@id\":\"https:\/\/mobilitas.lat\/es\/#\/schema\/person\/cae0d01ccbe855d1858d146e4c4d582d\"},\"headline\":\"Nueva l\u00ednea en el sistema de cables de Medell\u00edn\",\"datePublished\":\"2019-03-08T20:24:26+00:00\",\"dateModified\":\"2019-03-08T20:36:23+00:00\",\"mainEntityOfPage\":{\"@id\":\"https:\/\/mobilitas.lat\/es\/2019\/03\/08\/nueva-linea-en-el-sistema-de-cables-de-medellin\/\"},\"wordCount\":511,\"publisher\":{\"@id\":\"https:\/\/mobilitas.lat\/es\/#organization\"},\"image\":{\"@id\":\"https:\/\/mobilitas.lat\/es\/2019\/03\/08\/nueva-linea-en-el-sistema-de-cables-de-medellin\/#primaryimage\"},\"thumbnailUrl\":\"https:\/\/storage.mobilitas.lat\/uploads\/2019\/03\/MOBILITAS-METROCABLE-MIRAFLORES-1B.png\",\"keywords\":[\"CABLES\",\"destaque\",\"Medellin\",\"METROCABLE\"],\"articleSection\":[\"Notas\"],\"inLanguage\":\"es-ES\"},{\"@type\":\"WebPage\",\"@id\":\"https:\/\/mobilitas.lat\/es\/2019\/03\/08\/nueva-linea-en-el-sistema-de-cables-de-medellin\/\",\"url\":\"https:\/\/mobilitas.lat\/es\/2019\/03\/08\/nueva-linea-en-el-sistema-de-cables-de-medellin\/\",\"name\":\"Nueva l\u00ednea en el sistema de cables de Medell\u00edn | Mobilitas\",\"isPartOf\":{\"@id\":\"https:\/\/mobilitas.lat\/es\/#website\"},\"primaryImageOfPage\":{\"@id\":\"https:\/\/mobilitas.lat\/es\/2019\/03\/08\/nueva-linea-en-el-sistema-de-cables-de-medellin\/#primaryimage\"},\"image\":{\"@id\":\"https:\/\/mobilitas.lat\/es\/2019\/03\/08\/nueva-linea-en-el-sistema-de-cables-de-medellin\/#primaryimage\"},\"thumbnailUrl\":\"https:\/\/storage.mobilitas.lat\/uploads\/2019\/03\/MOBILITAS-METROCABLE-MIRAFLORES-1B.png\",\"datePublished\":\"2019-03-08T20:24:26+00:00\",\"dateModified\":\"2019-03-08T20:36:23+00:00\",\"breadcrumb\":{\"@id\":\"https:\/\/mobilitas.lat\/es\/2019\/03\/08\/nueva-linea-en-el-sistema-de-cables-de-medellin\/#breadcrumb\"},\"inLanguage\":\"es-ES\",\"potentialAction\":[{\"@type\":\"ReadAction\",\"target\":[\"https:\/\/mobilitas.lat\/es\/2019\/03\/08\/nueva-linea-en-el-sistema-de-cables-de-medellin\/\"]}]},{\"@type\":\"ImageObject\",\"inLanguage\":\"es-ES\",\"@id\":\"https:\/\/mobilitas.lat\/es\/2019\/03\/08\/nueva-linea-en-el-sistema-de-cables-de-medellin\/#primaryimage\",\"url\":\"https:\/\/storage.mobilitas.lat\/uploads\/2019\/03\/MOBILITAS-METROCABLE-MIRAFLORES-1B.png\",\"contentUrl\":\"https:\/\/storage.mobilitas.lat\/uploads\/2019\/03\/MOBILITAS-METROCABLE-MIRAFLORES-1B.png\",\"width\":564,\"height\":276},{\"@type\":\"BreadcrumbList\",\"@id\":\"https:\/\/mobilitas.lat\/es\/2019\/03\/08\/nueva-linea-en-el-sistema-de-cables-de-medellin\/#breadcrumb\",\"itemListElement\":[{\"@type\":\"ListItem\",\"position\":1,\"name\":\"In\u00edcio\",\"item\":\"https:\/\/mobilitas.lat\/es\/\"},{\"@type\":\"ListItem\",\"position\":2,\"name\":\"Nueva l\u00ednea en el sistema de cables de Medell\u00edn\"}]},{\"@type\":\"WebSite\",\"@id\":\"https:\/\/mobilitas.lat\/es\/#website\",\"url\":\"https:\/\/mobilitas.lat\/es\/\",\"name\":\"Mobilitas\",\"description\":\"Tecnologia e Mobilidade Urbana na Am\u00e9rica Latina\",\"publisher\":{\"@id\":\"https:\/\/mobilitas.lat\/es\/#organization\"},\"potentialAction\":[{\"@type\":\"SearchAction\",\"target\":{\"@type\":\"EntryPoint\",\"urlTemplate\":\"https:\/\/mobilitas.lat\/es\/?s={search_term_string}\"},\"query-input\":{\"@type\":\"PropertyValueSpecification\",\"valueRequired\":true,\"valueName\":\"search_term_string\"}}],\"inLanguage\":\"es-ES\"},{\"@type\":\"Organization\",\"@id\":\"https:\/\/mobilitas.lat\/es\/#organization\",\"name\":\"OTM Editora\",\"url\":\"https:\/\/mobilitas.lat\/es\/\",\"logo\":{\"@type\":\"ImageObject\",\"inLanguage\":\"es-ES\",\"@id\":\"https:\/\/mobilitas.lat\/es\/#\/schema\/logo\/image\/\",\"url\":\"https:\/\/mobilitas.lat\/wp-content\/uploads\/2024\/03\/opengraph.png\",\"contentUrl\":\"https:\/\/mobilitas.lat\/wp-content\/uploads\/2024\/03\/opengraph.png\",\"width\":1200,\"height\":630,\"caption\":\"OTM Editora\"},\"image\":{\"@id\":\"https:\/\/mobilitas.lat\/es\/#\/schema\/logo\/image\/\"}},{\"@type\":\"Person\",\"@id\":\"https:\/\/mobilitas.lat\/es\/#\/schema\/person\/cae0d01ccbe855d1858d146e4c4d582d\",\"name\":\"Alexandre Asquini\",\"image\":{\"@type\":\"ImageObject\",\"inLanguage\":\"es-ES\",\"@id\":\"https:\/\/mobilitas.lat\/es\/#\/schema\/person\/image\/\",\"url\":\"https:\/\/secure.gravatar.com\/avatar\/aac99dbef1420f75cc7d86913eb8a7cdfbe13e2509ad7a45649a61414f6d2785?s=96&d=mm&r=g\",\"contentUrl\":\"https:\/\/secure.gravatar.com\/avatar\/aac99dbef1420f75cc7d86913eb8a7cdfbe13e2509ad7a45649a61414f6d2785?s=96&d=mm&r=g\",\"caption\":\"Alexandre Asquini\"}}]}<\/script>\n<!-- \/ Yoast SEO plugin. -->","yoast_head_json":{"title":"Nueva l\u00ednea en el sistema de cables de Medell\u00edn | Mobilitas","robots":{"index":"index","follow":"follow","max-snippet":"max-snippet:-1","max-image-preview":"max-image-preview:large","max-video-preview":"max-video-preview:-1"},"canonical":"https:\/\/mobilitas.lat\/es\/2019\/03\/08\/nueva-linea-en-el-sistema-de-cables-de-medellin\/","og_locale":"es_ES","og_type":"article","og_title":"Nueva l\u00ednea en el sistema de cables de Medell\u00edn | Mobilitas","og_description":"La nueva L\u00ednea M\u2013Miraflores del sistema de cables de Medell\u00edn (Metrocable) inici\u00f3 su operaci\u00f3n comercial el 28 de febrero de 2019. La l\u00ednea tiene 1056 metros de longitud y 49 cabinas. Son tres estaciones: Miraflores, El Pinal y Trece de Noviembre. Tiene capacidad para movilizar a unas 2500 personas cada hora por sentido. El recorrido [&hellip;]","og_url":"https:\/\/mobilitas.lat\/es\/2019\/03\/08\/nueva-linea-en-el-sistema-de-cables-de-medellin\/","og_site_name":"Mobilitas","article_published_time":"2019-03-08T20:24:26+00:00","article_modified_time":"2019-03-08T20:36:23+00:00","og_image":[{"width":564,"height":276,"url":"https:\/\/storage.mobilitas.lat\/uploads\/2019\/03\/MOBILITAS-METROCABLE-MIRAFLORES-1B.png","type":"image\/png"}],"author":"Alexandre Asquini","twitter_card":"summary_large_image","twitter_misc":{"Written by":"Alexandre Asquini","Est. reading time":"3 minutes"},"schema":{"@context":"https:\/\/schema.org","@graph":[{"@type":"Article","@id":"https:\/\/mobilitas.lat\/es\/2019\/03\/08\/nueva-linea-en-el-sistema-de-cables-de-medellin\/#article","isPartOf":{"@id":"https:\/\/mobilitas.lat\/es\/2019\/03\/08\/nueva-linea-en-el-sistema-de-cables-de-medellin\/"},"author":{"name":"Alexandre Asquini","@id":"https:\/\/mobilitas.lat\/es\/#\/schema\/person\/cae0d01ccbe855d1858d146e4c4d582d"},"headline":"Nueva l\u00ednea en el sistema de cables de Medell\u00edn","datePublished":"2019-03-08T20:24:26+00:00","dateModified":"2019-03-08T20:36:23+00:00","mainEntityOfPage":{"@id":"https:\/\/mobilitas.lat\/es\/2019\/03\/08\/nueva-linea-en-el-sistema-de-cables-de-medellin\/"},"wordCount":511,"publisher":{"@id":"https:\/\/mobilitas.lat\/es\/#organization"},"image":{"@id":"https:\/\/mobilitas.lat\/es\/2019\/03\/08\/nueva-linea-en-el-sistema-de-cables-de-medellin\/#primaryimage"},"thumbnailUrl":"https:\/\/storage.mobilitas.lat\/uploads\/2019\/03\/MOBILITAS-METROCABLE-MIRAFLORES-1B.png","keywords":["CABLES","destaque","Medellin","METROCABLE"],"articleSection":["Notas"],"inLanguage":"es-ES"},{"@type":"WebPage","@id":"https:\/\/mobilitas.lat\/es\/2019\/03\/08\/nueva-linea-en-el-sistema-de-cables-de-medellin\/","url":"https:\/\/mobilitas.lat\/es\/2019\/03\/08\/nueva-linea-en-el-sistema-de-cables-de-medellin\/","name":"Nueva l\u00ednea en el sistema de cables de Medell\u00edn | Mobilitas","isPartOf":{"@id":"https:\/\/mobilitas.lat\/es\/#website"},"primaryImageOfPage":{"@id":"https:\/\/mobilitas.lat\/es\/2019\/03\/08\/nueva-linea-en-el-sistema-de-cables-de-medellin\/#primaryimage"},"image":{"@id":"https:\/\/mobilitas.lat\/es\/2019\/03\/08\/nueva-linea-en-el-sistema-de-cables-de-medellin\/#primaryimage"},"thumbnailUrl":"https:\/\/storage.mobilitas.lat\/uploads\/2019\/03\/MOBILITAS-METROCABLE-MIRAFLORES-1B.png","datePublished":"2019-03-08T20:24:26+00:00","dateModified":"2019-03-08T20:36:23+00:00","breadcrumb":{"@id":"https:\/\/mobilitas.lat\/es\/2019\/03\/08\/nueva-linea-en-el-sistema-de-cables-de-medellin\/#breadcrumb"},"inLanguage":"es-ES","potentialAction":[{"@type":"ReadAction","target":["https:\/\/mobilitas.lat\/es\/2019\/03\/08\/nueva-linea-en-el-sistema-de-cables-de-medellin\/"]}]},{"@type":"ImageObject","inLanguage":"es-ES","@id":"https:\/\/mobilitas.lat\/es\/2019\/03\/08\/nueva-linea-en-el-sistema-de-cables-de-medellin\/#primaryimage","url":"https:\/\/storage.mobilitas.lat\/uploads\/2019\/03\/MOBILITAS-METROCABLE-MIRAFLORES-1B.png","contentUrl":"https:\/\/storage.mobilitas.lat\/uploads\/2019\/03\/MOBILITAS-METROCABLE-MIRAFLORES-1B.png","width":564,"height":276},{"@type":"BreadcrumbList","@id":"https:\/\/mobilitas.lat\/es\/2019\/03\/08\/nueva-linea-en-el-sistema-de-cables-de-medellin\/#breadcrumb","itemListElement":[{"@type":"ListItem","position":1,"name":"In\u00edcio","item":"https:\/\/mobilitas.lat\/es\/"},{"@type":"ListItem","position":2,"name":"Nueva l\u00ednea en el sistema de cables de Medell\u00edn"}]},{"@type":"WebSite","@id":"https:\/\/mobilitas.lat\/es\/#website","url":"https:\/\/mobilitas.lat\/es\/","name":"Mobilitas","description":"Tecnologia e Mobilidade Urbana na Am\u00e9rica Latina","publisher":{"@id":"https:\/\/mobilitas.lat\/es\/#organization"},"potentialAction":[{"@type":"SearchAction","target":{"@type":"EntryPoint","urlTemplate":"https:\/\/mobilitas.lat\/es\/?s={search_term_string}"},"query-input":{"@type":"PropertyValueSpecification","valueRequired":true,"valueName":"search_term_string"}}],"inLanguage":"es-ES"},{"@type":"Organization","@id":"https:\/\/mobilitas.lat\/es\/#organization","name":"OTM Editora","url":"https:\/\/mobilitas.lat\/es\/","logo":{"@type":"ImageObject","inLanguage":"es-ES","@id":"https:\/\/mobilitas.lat\/es\/#\/schema\/logo\/image\/","url":"https:\/\/mobilitas.lat\/wp-content\/uploads\/2024\/03\/opengraph.png","contentUrl":"https:\/\/mobilitas.lat\/wp-content\/uploads\/2024\/03\/opengraph.png","width":1200,"height":630,"caption":"OTM Editora"},"image":{"@id":"https:\/\/mobilitas.lat\/es\/#\/schema\/logo\/image\/"}},{"@type":"Person","@id":"https:\/\/mobilitas.lat\/es\/#\/schema\/person\/cae0d01ccbe855d1858d146e4c4d582d","name":"Alexandre Asquini","image":{"@type":"ImageObject","inLanguage":"es-ES","@id":"https:\/\/mobilitas.lat\/es\/#\/schema\/person\/image\/","url":"https:\/\/secure.gravatar.com\/avatar\/aac99dbef1420f75cc7d86913eb8a7cdfbe13e2509ad7a45649a61414f6d2785?s=96&d=mm&r=g","contentUrl":"https:\/\/secure.gravatar.com\/avatar\/aac99dbef1420f75cc7d86913eb8a7cdfbe13e2509ad7a45649a61414f6d2785?s=96&d=mm&r=g","caption":"Alexandre Asquini"}}]}},"_links":{"self":[{"href":"https:\/\/mobilitas.lat\/es\/wp-json\/wp\/v2\/posts\/4393","targetHints":{"allow":["GET"]}}],"collection":[{"href":"https:\/\/mobilitas.lat\/es\/wp-json\/wp\/v2\/posts"}],"about":[{"href":"https:\/\/mobilitas.lat\/es\/wp-json\/wp\/v2\/types\/post"}],"author":[{"embeddable":true,"href":"https:\/\/mobilitas.lat\/es\/wp-json\/wp\/v2\/users\/2"}],"replies":[{"embeddable":true,"href":"https:\/\/mobilitas.lat\/es\/wp-json\/wp\/v2\/comments?post=4393"}],"version-history":[{"count":6,"href":"https:\/\/mobilitas.lat\/es\/wp-json\/wp\/v2\/posts\/4393\/revisions"}],"predecessor-version":[{"id":4410,"href":"https:\/\/mobilitas.lat\/es\/wp-json\/wp\/v2\/posts\/4393\/revisions\/4410"}],"wp:featuredmedia":[{"embeddable":true,"href":"https:\/\/mobilitas.lat\/es\/wp-json\/wp\/v2\/media\/4415"}],"wp:attachment":[{"href":"https:\/\/mobilitas.lat\/es\/wp-json\/wp\/v2\/media?parent=4393"}],"wp:term":[{"taxonomy":"category","embeddable":true,"href":"https:\/\/mobilitas.lat\/es\/wp-json\/wp\/v2\/categories?post=4393"},{"taxonomy":"post_tag","embeddable":true,"href":"https:\/\/mobilitas.lat\/es\/wp-json\/wp\/v2\/tags?post=4393"}],"curies":[{"name":"wp","href":"https:\/\/api.w.org\/{rel}","templated":true}]}}