{"id":4357,"date":"2019-03-06T15:26:04","date_gmt":"2019-03-06T18:26:04","guid":{"rendered":"https:\/\/mobilitas.lat\/?p=4357"},"modified":"2019-03-07T23:46:13","modified_gmt":"2019-03-08T02:46:13","slug":"en-foco-tecnologia-y-recambio-energetico-en-el-transporte-automotor-de-america-latina-y-el-caribe","status":"publish","type":"post","link":"https:\/\/mobilitas.lat\/es\/2019\/03\/06\/en-foco-tecnologia-y-recambio-energetico-en-el-transporte-automotor-de-america-latina-y-el-caribe\/","title":{"rendered":"Tecnolog\u00eda y recambio energ\u00e9tico en el transporte automotor de Am\u00e9rica Latina y el Caribe"},"content":{"rendered":"\n<p>Est\u00e1\ndisponible en el sitio de la Comisi\u00f3n Econ\u00f3mica para Am\u00e9rica Latina y el Caribe\n(CEPAL) el nuevo <em>Bolet\u00edn FAL \u2013\nFacilitaci\u00f3n del Transporte y el Comercio en Am\u00e9rica Latina y el Caribe<\/em>\n(Edici\u00f3n N\u00ba 368, n\u00famero 12, 2018, Original: Espa\u00f1ol), con el&nbsp; art\u00edculo<em>Tecnolog\u00eda\ny recambio energ\u00e9tico en el transporte automotor de Am\u00e9rica Latina y el Caribe<\/em><\/p>\n\n\n\n<p>La\npublicaci\u00f3n busca brindar antecedentes sobre el consumo energ\u00e9tico en el sector\ntransporte por carretera, adem\u00e1s de las ventajas y desaf\u00edos que las nuevas\ntecnolog\u00edas de propulsi\u00f3n representan para la actividad. <\/p>\n\n\n\n<p>El autor\nde este bolet\u00edn es Rolando Campos Canales, consultor de la Divisi\u00f3n de Recursos\nNaturales e Infraestructura de la CEPAL. El trabajo cont\u00f3 adem\u00e1s con los\naportes y la supervisi\u00f3n de Gabriel P\u00e9rez-Salas, Oficial de Asuntos Econ\u00f3micos\nde la misma Divisi\u00f3n.<\/p>\n\n\n\n<p><strong>T\u00d3PICOS<\/strong><\/p>\n\n\n\n<p>La\npublicaci\u00f3n trata preliminarmente de los antecedentes de la cuesti\u00f3n y discute\nlos puntos <em>Caracter\u00edsticas del transporte\nde carga en Am\u00e9rica Latina<\/em> y <em>Edad del\nparque automotor y emisiones asociadas.<\/em><\/p>\n\n\n\n<p>A continuaci\u00f3n, se desarrollan los puntos <em>Emisiones GEI y consumo energ\u00e9tico <\/em>y <em>Nuevas tecnolog\u00edas de combusti\u00f3n para la movilidad y log\u00edstica de carga<\/em>\n(considerando <em>Biocombustibles<\/em>, <em>Gas natural y biog\u00e1s<\/em>, <em>Gas licuado de petr\u00f3leo \u2013 GLP<\/em>, <em>Electromovilidad<\/em>, <em>Hidr\u00f3geno<\/em>).<\/p>\n\n\n\n<p>El texto tambi\u00e9n presenta <em>Recomendaciones<\/em>\n(<em>Pol\u00edticas de desguace (chatarrizaci\u00f3n),\nConfiguraci\u00f3n de la flota, Mantenci\u00f3n de Veh\u00edculos <\/em>y<em> Adopci\u00f3n de buenas pr\u00e1cticas de conducci\u00f3n<\/em>).<\/p>\n\n\n\n<p><strong><em><a href=\"https:\/\/repositorio.cepal.org\/bitstream\/handle\/11362\/44439\/1\/S1900028_es.pdf\" target=\"_blank\" rel=\"noreferrer noopener\" aria-label=\"Descargue la publicaci\u00f3n (opens in a new tab)\">Descargue la publicaci\u00f3n<\/a><\/em><\/strong><\/p>\n","protected":false},"excerpt":{"rendered":"<p>Est\u00e1 disponible en el sitio de la Comisi\u00f3n Econ\u00f3mica para Am\u00e9rica Latina y el Caribe (CEPAL) el nuevo Bolet\u00edn FAL \u2013 Facilitaci\u00f3n del Transporte y el Comercio en Am\u00e9rica Latina y el Caribe (Edici\u00f3n N\u00ba 368, n\u00famero 12, 2018, Original: Espa\u00f1ol), con el&nbsp; art\u00edculoTecnolog\u00eda y recambio energ\u00e9tico en el transporte automotor de Am\u00e9rica Latina y [&hellip;]<\/p>\n","protected":false},"author":2,"featured_media":4360,"comment_status":"closed","ping_status":"closed","sticky":false,"template":"","format":"standard","meta":{"footnotes":""},"categories":[287],"tags":[476,901,753],"class_list":["post-4357","post","type-post","status-publish","format-standard","has-post-thumbnail","hentry","category-notas","tag-ideas","tag-recambio-energetico","tag-tecnologia-es"],"yoast_head":"<!-- This site is optimized with the Yoast SEO plugin v26.9 - https:\/\/yoast.com\/product\/yoast-seo-wordpress\/ -->\n<title>Tecnolog\u00eda y recambio energ\u00e9tico en el transporte automotor de Am\u00e9rica Latina y el Caribe | Mobilitas<\/title>\n<meta name=\"robots\" content=\"index, follow, max-snippet:-1, max-image-preview:large, max-video-preview:-1\" \/>\n<link rel=\"canonical\" href=\"https:\/\/mobilitas.lat\/es\/2019\/03\/06\/en-foco-tecnologia-y-recambio-energetico-en-el-transporte-automotor-de-america-latina-y-el-caribe\/\" \/>\n<meta property=\"og:locale\" content=\"es_ES\" \/>\n<meta property=\"og:type\" content=\"article\" \/>\n<meta property=\"og:title\" content=\"Tecnolog\u00eda y recambio energ\u00e9tico en el transporte automotor de Am\u00e9rica Latina y el Caribe | Mobilitas\" \/>\n<meta property=\"og:description\" content=\"Est\u00e1 disponible en el sitio de la Comisi\u00f3n Econ\u00f3mica para Am\u00e9rica Latina y el Caribe (CEPAL) el nuevo Bolet\u00edn FAL \u2013 Facilitaci\u00f3n del Transporte y el Comercio en Am\u00e9rica Latina y el Caribe (Edici\u00f3n N\u00ba 368, n\u00famero 12, 2018, Original: Espa\u00f1ol), con el&nbsp; art\u00edculoTecnolog\u00eda y recambio energ\u00e9tico en el transporte automotor de Am\u00e9rica Latina y [&hellip;]\" \/>\n<meta property=\"og:url\" content=\"https:\/\/mobilitas.lat\/es\/2019\/03\/06\/en-foco-tecnologia-y-recambio-energetico-en-el-transporte-automotor-de-america-latina-y-el-caribe\/\" \/>\n<meta property=\"og:site_name\" content=\"Mobilitas\" \/>\n<meta property=\"article:published_time\" content=\"2019-03-06T18:26:04+00:00\" \/>\n<meta property=\"article:modified_time\" content=\"2019-03-08T02:46:13+00:00\" \/>\n<meta property=\"og:image\" content=\"https:\/\/storage.mobilitas.lat\/uploads\/2019\/03\/MOBILITAS-BOLETIM-FAL-CEPAL-368-1.png\" \/>\n\t<meta property=\"og:image:width\" content=\"455\" \/>\n\t<meta property=\"og:image:height\" content=\"285\" \/>\n\t<meta property=\"og:image:type\" content=\"image\/png\" \/>\n<meta name=\"author\" content=\"Alexandre Asquini\" \/>\n<meta name=\"twitter:card\" content=\"summary_large_image\" \/>\n<meta name=\"twitter:label1\" content=\"Written by\" \/>\n\t<meta name=\"twitter:data1\" content=\"Alexandre Asquini\" \/>\n\t<meta name=\"twitter:label2\" content=\"Est. reading time\" \/>\n\t<meta name=\"twitter:data2\" content=\"1 minute\" \/>\n<script type=\"application\/ld+json\" class=\"yoast-schema-graph\">{\"@context\":\"https:\/\/schema.org\",\"@graph\":[{\"@type\":\"Article\",\"@id\":\"https:\/\/mobilitas.lat\/es\/2019\/03\/06\/en-foco-tecnologia-y-recambio-energetico-en-el-transporte-automotor-de-america-latina-y-el-caribe\/#article\",\"isPartOf\":{\"@id\":\"https:\/\/mobilitas.lat\/es\/2019\/03\/06\/en-foco-tecnologia-y-recambio-energetico-en-el-transporte-automotor-de-america-latina-y-el-caribe\/\"},\"author\":{\"name\":\"Alexandre Asquini\",\"@id\":\"https:\/\/mobilitas.lat\/es\/#\/schema\/person\/cae0d01ccbe855d1858d146e4c4d582d\"},\"headline\":\"Tecnolog\u00eda y recambio energ\u00e9tico en el transporte automotor de Am\u00e9rica Latina y el Caribe\",\"datePublished\":\"2019-03-06T18:26:04+00:00\",\"dateModified\":\"2019-03-08T02:46:13+00:00\",\"mainEntityOfPage\":{\"@id\":\"https:\/\/mobilitas.lat\/es\/2019\/03\/06\/en-foco-tecnologia-y-recambio-energetico-en-el-transporte-automotor-de-america-latina-y-el-caribe\/\"},\"wordCount\":286,\"publisher\":{\"@id\":\"https:\/\/mobilitas.lat\/es\/#organization\"},\"image\":{\"@id\":\"https:\/\/mobilitas.lat\/es\/2019\/03\/06\/en-foco-tecnologia-y-recambio-energetico-en-el-transporte-automotor-de-america-latina-y-el-caribe\/#primaryimage\"},\"thumbnailUrl\":\"https:\/\/storage.mobilitas.lat\/uploads\/2019\/03\/MOBILITAS-BOLETIM-FAL-CEPAL-368-1.png\",\"keywords\":[\"ideas\",\"RECAMBIO ENERG\u00c9TICO\",\"TECNOLOGIA\"],\"articleSection\":[\"Notas\"],\"inLanguage\":\"es-ES\"},{\"@type\":\"WebPage\",\"@id\":\"https:\/\/mobilitas.lat\/es\/2019\/03\/06\/en-foco-tecnologia-y-recambio-energetico-en-el-transporte-automotor-de-america-latina-y-el-caribe\/\",\"url\":\"https:\/\/mobilitas.lat\/es\/2019\/03\/06\/en-foco-tecnologia-y-recambio-energetico-en-el-transporte-automotor-de-america-latina-y-el-caribe\/\",\"name\":\"Tecnolog\u00eda y recambio energ\u00e9tico en el transporte automotor de Am\u00e9rica Latina y el Caribe | Mobilitas\",\"isPartOf\":{\"@id\":\"https:\/\/mobilitas.lat\/es\/#website\"},\"primaryImageOfPage\":{\"@id\":\"https:\/\/mobilitas.lat\/es\/2019\/03\/06\/en-foco-tecnologia-y-recambio-energetico-en-el-transporte-automotor-de-america-latina-y-el-caribe\/#primaryimage\"},\"image\":{\"@id\":\"https:\/\/mobilitas.lat\/es\/2019\/03\/06\/en-foco-tecnologia-y-recambio-energetico-en-el-transporte-automotor-de-america-latina-y-el-caribe\/#primaryimage\"},\"thumbnailUrl\":\"https:\/\/storage.mobilitas.lat\/uploads\/2019\/03\/MOBILITAS-BOLETIM-FAL-CEPAL-368-1.png\",\"datePublished\":\"2019-03-06T18:26:04+00:00\",\"dateModified\":\"2019-03-08T02:46:13+00:00\",\"breadcrumb\":{\"@id\":\"https:\/\/mobilitas.lat\/es\/2019\/03\/06\/en-foco-tecnologia-y-recambio-energetico-en-el-transporte-automotor-de-america-latina-y-el-caribe\/#breadcrumb\"},\"inLanguage\":\"es-ES\",\"potentialAction\":[{\"@type\":\"ReadAction\",\"target\":[\"https:\/\/mobilitas.lat\/es\/2019\/03\/06\/en-foco-tecnologia-y-recambio-energetico-en-el-transporte-automotor-de-america-latina-y-el-caribe\/\"]}]},{\"@type\":\"ImageObject\",\"inLanguage\":\"es-ES\",\"@id\":\"https:\/\/mobilitas.lat\/es\/2019\/03\/06\/en-foco-tecnologia-y-recambio-energetico-en-el-transporte-automotor-de-america-latina-y-el-caribe\/#primaryimage\",\"url\":\"https:\/\/storage.mobilitas.lat\/uploads\/2019\/03\/MOBILITAS-BOLETIM-FAL-CEPAL-368-1.png\",\"contentUrl\":\"https:\/\/storage.mobilitas.lat\/uploads\/2019\/03\/MOBILITAS-BOLETIM-FAL-CEPAL-368-1.png\",\"width\":455,\"height\":285},{\"@type\":\"BreadcrumbList\",\"@id\":\"https:\/\/mobilitas.lat\/es\/2019\/03\/06\/en-foco-tecnologia-y-recambio-energetico-en-el-transporte-automotor-de-america-latina-y-el-caribe\/#breadcrumb\",\"itemListElement\":[{\"@type\":\"ListItem\",\"position\":1,\"name\":\"In\u00edcio\",\"item\":\"https:\/\/mobilitas.lat\/es\/\"},{\"@type\":\"ListItem\",\"position\":2,\"name\":\"Tecnolog\u00eda y recambio energ\u00e9tico en el transporte automotor de Am\u00e9rica Latina y el Caribe\"}]},{\"@type\":\"WebSite\",\"@id\":\"https:\/\/mobilitas.lat\/es\/#website\",\"url\":\"https:\/\/mobilitas.lat\/es\/\",\"name\":\"Mobilitas\",\"description\":\"Tecnologia e Mobilidade Urbana na Am\u00e9rica Latina\",\"publisher\":{\"@id\":\"https:\/\/mobilitas.lat\/es\/#organization\"},\"potentialAction\":[{\"@type\":\"SearchAction\",\"target\":{\"@type\":\"EntryPoint\",\"urlTemplate\":\"https:\/\/mobilitas.lat\/es\/?s={search_term_string}\"},\"query-input\":{\"@type\":\"PropertyValueSpecification\",\"valueRequired\":true,\"valueName\":\"search_term_string\"}}],\"inLanguage\":\"es-ES\"},{\"@type\":\"Organization\",\"@id\":\"https:\/\/mobilitas.lat\/es\/#organization\",\"name\":\"OTM Editora\",\"url\":\"https:\/\/mobilitas.lat\/es\/\",\"logo\":{\"@type\":\"ImageObject\",\"inLanguage\":\"es-ES\",\"@id\":\"https:\/\/mobilitas.lat\/es\/#\/schema\/logo\/image\/\",\"url\":\"https:\/\/mobilitas.lat\/wp-content\/uploads\/2024\/03\/opengraph.png\",\"contentUrl\":\"https:\/\/mobilitas.lat\/wp-content\/uploads\/2024\/03\/opengraph.png\",\"width\":1200,\"height\":630,\"caption\":\"OTM Editora\"},\"image\":{\"@id\":\"https:\/\/mobilitas.lat\/es\/#\/schema\/logo\/image\/\"}},{\"@type\":\"Person\",\"@id\":\"https:\/\/mobilitas.lat\/es\/#\/schema\/person\/cae0d01ccbe855d1858d146e4c4d582d\",\"name\":\"Alexandre Asquini\",\"image\":{\"@type\":\"ImageObject\",\"inLanguage\":\"es-ES\",\"@id\":\"https:\/\/mobilitas.lat\/es\/#\/schema\/person\/image\/\",\"url\":\"https:\/\/secure.gravatar.com\/avatar\/aac99dbef1420f75cc7d86913eb8a7cdfbe13e2509ad7a45649a61414f6d2785?s=96&d=mm&r=g\",\"contentUrl\":\"https:\/\/secure.gravatar.com\/avatar\/aac99dbef1420f75cc7d86913eb8a7cdfbe13e2509ad7a45649a61414f6d2785?s=96&d=mm&r=g\",\"caption\":\"Alexandre Asquini\"}}]}<\/script>\n<!-- \/ Yoast SEO plugin. -->","yoast_head_json":{"title":"Tecnolog\u00eda y recambio energ\u00e9tico en el transporte automotor de Am\u00e9rica Latina y el Caribe | Mobilitas","robots":{"index":"index","follow":"follow","max-snippet":"max-snippet:-1","max-image-preview":"max-image-preview:large","max-video-preview":"max-video-preview:-1"},"canonical":"https:\/\/mobilitas.lat\/es\/2019\/03\/06\/en-foco-tecnologia-y-recambio-energetico-en-el-transporte-automotor-de-america-latina-y-el-caribe\/","og_locale":"es_ES","og_type":"article","og_title":"Tecnolog\u00eda y recambio energ\u00e9tico en el transporte automotor de Am\u00e9rica Latina y el Caribe | Mobilitas","og_description":"Est\u00e1 disponible en el sitio de la Comisi\u00f3n Econ\u00f3mica para Am\u00e9rica Latina y el Caribe (CEPAL) el nuevo Bolet\u00edn FAL \u2013 Facilitaci\u00f3n del Transporte y el Comercio en Am\u00e9rica Latina y el Caribe (Edici\u00f3n N\u00ba 368, n\u00famero 12, 2018, Original: Espa\u00f1ol), con el&nbsp; art\u00edculoTecnolog\u00eda y recambio energ\u00e9tico en el transporte automotor de Am\u00e9rica Latina y [&hellip;]","og_url":"https:\/\/mobilitas.lat\/es\/2019\/03\/06\/en-foco-tecnologia-y-recambio-energetico-en-el-transporte-automotor-de-america-latina-y-el-caribe\/","og_site_name":"Mobilitas","article_published_time":"2019-03-06T18:26:04+00:00","article_modified_time":"2019-03-08T02:46:13+00:00","og_image":[{"width":455,"height":285,"url":"https:\/\/storage.mobilitas.lat\/uploads\/2019\/03\/MOBILITAS-BOLETIM-FAL-CEPAL-368-1.png","type":"image\/png"}],"author":"Alexandre Asquini","twitter_card":"summary_large_image","twitter_misc":{"Written by":"Alexandre Asquini","Est. reading time":"1 minute"},"schema":{"@context":"https:\/\/schema.org","@graph":[{"@type":"Article","@id":"https:\/\/mobilitas.lat\/es\/2019\/03\/06\/en-foco-tecnologia-y-recambio-energetico-en-el-transporte-automotor-de-america-latina-y-el-caribe\/#article","isPartOf":{"@id":"https:\/\/mobilitas.lat\/es\/2019\/03\/06\/en-foco-tecnologia-y-recambio-energetico-en-el-transporte-automotor-de-america-latina-y-el-caribe\/"},"author":{"name":"Alexandre Asquini","@id":"https:\/\/mobilitas.lat\/es\/#\/schema\/person\/cae0d01ccbe855d1858d146e4c4d582d"},"headline":"Tecnolog\u00eda y recambio energ\u00e9tico en el transporte automotor de Am\u00e9rica Latina y el Caribe","datePublished":"2019-03-06T18:26:04+00:00","dateModified":"2019-03-08T02:46:13+00:00","mainEntityOfPage":{"@id":"https:\/\/mobilitas.lat\/es\/2019\/03\/06\/en-foco-tecnologia-y-recambio-energetico-en-el-transporte-automotor-de-america-latina-y-el-caribe\/"},"wordCount":286,"publisher":{"@id":"https:\/\/mobilitas.lat\/es\/#organization"},"image":{"@id":"https:\/\/mobilitas.lat\/es\/2019\/03\/06\/en-foco-tecnologia-y-recambio-energetico-en-el-transporte-automotor-de-america-latina-y-el-caribe\/#primaryimage"},"thumbnailUrl":"https:\/\/storage.mobilitas.lat\/uploads\/2019\/03\/MOBILITAS-BOLETIM-FAL-CEPAL-368-1.png","keywords":["ideas","RECAMBIO ENERG\u00c9TICO","TECNOLOGIA"],"articleSection":["Notas"],"inLanguage":"es-ES"},{"@type":"WebPage","@id":"https:\/\/mobilitas.lat\/es\/2019\/03\/06\/en-foco-tecnologia-y-recambio-energetico-en-el-transporte-automotor-de-america-latina-y-el-caribe\/","url":"https:\/\/mobilitas.lat\/es\/2019\/03\/06\/en-foco-tecnologia-y-recambio-energetico-en-el-transporte-automotor-de-america-latina-y-el-caribe\/","name":"Tecnolog\u00eda y recambio energ\u00e9tico en el transporte automotor de Am\u00e9rica Latina y el Caribe | Mobilitas","isPartOf":{"@id":"https:\/\/mobilitas.lat\/es\/#website"},"primaryImageOfPage":{"@id":"https:\/\/mobilitas.lat\/es\/2019\/03\/06\/en-foco-tecnologia-y-recambio-energetico-en-el-transporte-automotor-de-america-latina-y-el-caribe\/#primaryimage"},"image":{"@id":"https:\/\/mobilitas.lat\/es\/2019\/03\/06\/en-foco-tecnologia-y-recambio-energetico-en-el-transporte-automotor-de-america-latina-y-el-caribe\/#primaryimage"},"thumbnailUrl":"https:\/\/storage.mobilitas.lat\/uploads\/2019\/03\/MOBILITAS-BOLETIM-FAL-CEPAL-368-1.png","datePublished":"2019-03-06T18:26:04+00:00","dateModified":"2019-03-08T02:46:13+00:00","breadcrumb":{"@id":"https:\/\/mobilitas.lat\/es\/2019\/03\/06\/en-foco-tecnologia-y-recambio-energetico-en-el-transporte-automotor-de-america-latina-y-el-caribe\/#breadcrumb"},"inLanguage":"es-ES","potentialAction":[{"@type":"ReadAction","target":["https:\/\/mobilitas.lat\/es\/2019\/03\/06\/en-foco-tecnologia-y-recambio-energetico-en-el-transporte-automotor-de-america-latina-y-el-caribe\/"]}]},{"@type":"ImageObject","inLanguage":"es-ES","@id":"https:\/\/mobilitas.lat\/es\/2019\/03\/06\/en-foco-tecnologia-y-recambio-energetico-en-el-transporte-automotor-de-america-latina-y-el-caribe\/#primaryimage","url":"https:\/\/storage.mobilitas.lat\/uploads\/2019\/03\/MOBILITAS-BOLETIM-FAL-CEPAL-368-1.png","contentUrl":"https:\/\/storage.mobilitas.lat\/uploads\/2019\/03\/MOBILITAS-BOLETIM-FAL-CEPAL-368-1.png","width":455,"height":285},{"@type":"BreadcrumbList","@id":"https:\/\/mobilitas.lat\/es\/2019\/03\/06\/en-foco-tecnologia-y-recambio-energetico-en-el-transporte-automotor-de-america-latina-y-el-caribe\/#breadcrumb","itemListElement":[{"@type":"ListItem","position":1,"name":"In\u00edcio","item":"https:\/\/mobilitas.lat\/es\/"},{"@type":"ListItem","position":2,"name":"Tecnolog\u00eda y recambio energ\u00e9tico en el transporte automotor de Am\u00e9rica Latina y el Caribe"}]},{"@type":"WebSite","@id":"https:\/\/mobilitas.lat\/es\/#website","url":"https:\/\/mobilitas.lat\/es\/","name":"Mobilitas","description":"Tecnologia e Mobilidade Urbana na Am\u00e9rica Latina","publisher":{"@id":"https:\/\/mobilitas.lat\/es\/#organization"},"potentialAction":[{"@type":"SearchAction","target":{"@type":"EntryPoint","urlTemplate":"https:\/\/mobilitas.lat\/es\/?s={search_term_string}"},"query-input":{"@type":"PropertyValueSpecification","valueRequired":true,"valueName":"search_term_string"}}],"inLanguage":"es-ES"},{"@type":"Organization","@id":"https:\/\/mobilitas.lat\/es\/#organization","name":"OTM Editora","url":"https:\/\/mobilitas.lat\/es\/","logo":{"@type":"ImageObject","inLanguage":"es-ES","@id":"https:\/\/mobilitas.lat\/es\/#\/schema\/logo\/image\/","url":"https:\/\/mobilitas.lat\/wp-content\/uploads\/2024\/03\/opengraph.png","contentUrl":"https:\/\/mobilitas.lat\/wp-content\/uploads\/2024\/03\/opengraph.png","width":1200,"height":630,"caption":"OTM Editora"},"image":{"@id":"https:\/\/mobilitas.lat\/es\/#\/schema\/logo\/image\/"}},{"@type":"Person","@id":"https:\/\/mobilitas.lat\/es\/#\/schema\/person\/cae0d01ccbe855d1858d146e4c4d582d","name":"Alexandre Asquini","image":{"@type":"ImageObject","inLanguage":"es-ES","@id":"https:\/\/mobilitas.lat\/es\/#\/schema\/person\/image\/","url":"https:\/\/secure.gravatar.com\/avatar\/aac99dbef1420f75cc7d86913eb8a7cdfbe13e2509ad7a45649a61414f6d2785?s=96&d=mm&r=g","contentUrl":"https:\/\/secure.gravatar.com\/avatar\/aac99dbef1420f75cc7d86913eb8a7cdfbe13e2509ad7a45649a61414f6d2785?s=96&d=mm&r=g","caption":"Alexandre Asquini"}}]}},"_links":{"self":[{"href":"https:\/\/mobilitas.lat\/es\/wp-json\/wp\/v2\/posts\/4357","targetHints":{"allow":["GET"]}}],"collection":[{"href":"https:\/\/mobilitas.lat\/es\/wp-json\/wp\/v2\/posts"}],"about":[{"href":"https:\/\/mobilitas.lat\/es\/wp-json\/wp\/v2\/types\/post"}],"author":[{"embeddable":true,"href":"https:\/\/mobilitas.lat\/es\/wp-json\/wp\/v2\/users\/2"}],"replies":[{"embeddable":true,"href":"https:\/\/mobilitas.lat\/es\/wp-json\/wp\/v2\/comments?post=4357"}],"version-history":[{"count":3,"href":"https:\/\/mobilitas.lat\/es\/wp-json\/wp\/v2\/posts\/4357\/revisions"}],"predecessor-version":[{"id":4388,"href":"https:\/\/mobilitas.lat\/es\/wp-json\/wp\/v2\/posts\/4357\/revisions\/4388"}],"wp:featuredmedia":[{"embeddable":true,"href":"https:\/\/mobilitas.lat\/es\/wp-json\/wp\/v2\/media\/4360"}],"wp:attachment":[{"href":"https:\/\/mobilitas.lat\/es\/wp-json\/wp\/v2\/media?parent=4357"}],"wp:term":[{"taxonomy":"category","embeddable":true,"href":"https:\/\/mobilitas.lat\/es\/wp-json\/wp\/v2\/categories?post=4357"},{"taxonomy":"post_tag","embeddable":true,"href":"https:\/\/mobilitas.lat\/es\/wp-json\/wp\/v2\/tags?post=4357"}],"curies":[{"name":"wp","href":"https:\/\/api.w.org\/{rel}","templated":true}]}}