{"id":4210,"date":"2019-02-14T15:30:42","date_gmt":"2019-02-14T17:30:42","guid":{"rendered":"https:\/\/mobilitas.lat\/?p=4210"},"modified":"2019-02-14T15:34:04","modified_gmt":"2019-02-14T17:34:04","slug":"san-pablo-recibira-en-marzo-la-muestra-ferroviaria-nt-expo-21a-negocios-sobre-rieles","status":"publish","type":"post","link":"https:\/\/mobilitas.lat\/es\/2019\/02\/14\/san-pablo-recibira-en-marzo-la-muestra-ferroviaria-nt-expo-21a-negocios-sobre-rieles\/","title":{"rendered":"San Pablo recibir\u00e1 en marzo la muestra ferroviaria NT Expo &#8211;  21\u00aa Negocios sobre Rieles"},"content":{"rendered":"\n<p>Del 19 al 21 de marzo de 2019, la ciudad de San Pablo\nrecibir\u00e1 la exposici\u00f3n de negocios ferroviarios <em>NT Expo &#8211;&nbsp; 21\u00aa Negocios sobre\nRieles<\/em>. El evento ser\u00e1 en San Pablo Expo, ubicado en la carretera de los\nInmigrantes, que es una v\u00eda de conexi\u00f3n con la ciudad portuaria de Santos. <\/p>\n\n\n\n<p>Entre otros temas de inter\u00e9s en el sector en Brasil, se\ndestacar\u00e1n las posibilidades que se abren para el sector de transporte\nferroviario de pasajes, que debe volver a crecer en 2019, luego de dos a\u00f1os\nparticularmente dif\u00edciles.<\/p>\n\n\n\n<p>Los promotores del evento subrayan que uno de los\nproyectos m\u00e1s esperados en el sector es el trecho prioritario del Tren\nInterciudades (TIC), conexi\u00f3n entre las ciudades de San Pablo y Americana, con\nparadas en Jundia\u00ed y Campinas y un trayecto total de unos 135 km. <\/p>\n\n\n\n<p>Este proyecto significar\u00eda la reanudaci\u00f3n de la conexi\u00f3n\nferroviaria de pasajeros en el \u00e1rea m\u00e1s rica y m\u00e1s productiva del territorio\nbrasile\u00f1o, la llamada Macrometr\u00f3polis Paulista (MMP) que re\u00fane las regiones\nmetropolitanas de San Pablo, la Baixada Santista (costa), Campinas, Sorocaba y\nValle de Para\u00edba y la Costa Norte, las Aglomeraciones Urbanas de Jundia\u00ed y de\nPiracicaba y la Unidad Regional Bragantina, que todav\u00eda no ha sido\ninstitucionalizada.&nbsp;&nbsp; <\/p>\n\n\n\n<p>La Macrometr\u00f3polis Paulista tiene un territorio de 53400\nkm<sup>2<\/sup>, con 174 municipios, un Producto Interior Bruto (PIB) de unos de\nUSD 400 mil millones y una poblaci\u00f3n de m\u00e1s de 33,6 millones de habitantes.<\/p>\n\n\n\n<p><strong>TREN INTERCIUDADES<\/strong><strong><\/strong><\/p>\n\n\n\n<p>Los organizadores de la NT Expo &#8211; 21\u00aa&nbsp; Negocios sobre Rieles creen que el primer\ntrecho del TIC se debe hacer realidad en breve. Seg\u00fan el secretario del Estado\nde los Transportes Metropolitanos del Gobierno del Estado de San Pablo,\nAlexandre Baldy, hasta febrero se iba a armar un\ncronograma de acciones de este trecho prioritario, junto con el gobierno\nfederal, para que el pliego de la licitaci\u00f3n se publique este a\u00f1o.<\/p>\n\n\n\n<p>Para el presidente de la Asociaci\u00f3n Nacional de los\nTransportadores de Pasajeros sobre Rieles (ANPTrilhos), Joubert Flores, solo en\ntrenes, sistemas y se\u00f1alizaci\u00f3n, las inversiones de este primer trecho del TIC\ndeben ser de casi R$ 2 mil millones, si consideramos que estas inversiones\ncorresponden al 30% del valor del proyecto, que est\u00e1 estimado en R$ 5,5 mil\nmillones, pero que puede superar esta suma dependiendo de la definici\u00f3n del\ntrayecto.<\/p>\n\n\n\n<p>&#8220;Brasil tiene una poblaci\u00f3n de unos 210 millones de\nhabitantes, de los cuales el 85% viven en ciudades. Adem\u00e1s, tenemos 25 regiones\nmetropolitanas donde habitan m\u00e1s de un mill\u00f3n de personas. Necesitamos sistemas\nferroviarios para suplir esta demanda. La NT Expo es la mejor oportunidad para\nlas empresas que desean proveer productos y servicios y quieren formar parte de\nesta reanudaci\u00f3n&#8221;, destaca el presidente de ANPTrilhos.<\/p>\n","protected":false},"excerpt":{"rendered":"<p>Del 19 al 21 de marzo de 2019, la ciudad de San Pablo recibir\u00e1 la exposici\u00f3n de negocios ferroviarios NT Expo &#8211;&nbsp; 21\u00aa Negocios sobre Rieles. El evento ser\u00e1 en San Pablo Expo, ubicado en la carretera de los Inmigrantes, que es una v\u00eda de conexi\u00f3n con la ciudad portuaria de Santos. Entre otros temas [&hellip;]<\/p>\n","protected":false},"author":2,"featured_media":4216,"comment_status":"closed","ping_status":"closed","sticky":false,"template":"","format":"standard","meta":{"footnotes":""},"categories":[287,298],"tags":[877,324],"class_list":["post-4210","post","type-post","status-publish","format-standard","has-post-thumbnail","hentry","category-notas","category-radar-es","tag-nt-negocios-nos-trilhos","tag-san-pablo"],"yoast_head":"<!-- This site is optimized with the Yoast SEO plugin v26.9 - https:\/\/yoast.com\/product\/yoast-seo-wordpress\/ -->\n<title>San Pablo recibir\u00e1 en marzo la muestra ferroviaria NT Expo - 21\u00aa Negocios sobre Rieles | Mobilitas<\/title>\n<meta name=\"robots\" content=\"index, follow, max-snippet:-1, max-image-preview:large, max-video-preview:-1\" \/>\n<link rel=\"canonical\" href=\"https:\/\/mobilitas.lat\/es\/2019\/02\/14\/san-pablo-recibira-en-marzo-la-muestra-ferroviaria-nt-expo-21a-negocios-sobre-rieles\/\" \/>\n<meta property=\"og:locale\" content=\"es_ES\" \/>\n<meta property=\"og:type\" content=\"article\" \/>\n<meta property=\"og:title\" content=\"San Pablo recibir\u00e1 en marzo la muestra ferroviaria NT Expo - 21\u00aa Negocios sobre Rieles | Mobilitas\" \/>\n<meta property=\"og:description\" content=\"Del 19 al 21 de marzo de 2019, la ciudad de San Pablo recibir\u00e1 la exposici\u00f3n de negocios ferroviarios NT Expo &#8211;&nbsp; 21\u00aa Negocios sobre Rieles. El evento ser\u00e1 en San Pablo Expo, ubicado en la carretera de los Inmigrantes, que es una v\u00eda de conexi\u00f3n con la ciudad portuaria de Santos. Entre otros temas [&hellip;]\" \/>\n<meta property=\"og:url\" content=\"https:\/\/mobilitas.lat\/es\/2019\/02\/14\/san-pablo-recibira-en-marzo-la-muestra-ferroviaria-nt-expo-21a-negocios-sobre-rieles\/\" \/>\n<meta property=\"og:site_name\" content=\"Mobilitas\" \/>\n<meta property=\"article:published_time\" content=\"2019-02-14T17:30:42+00:00\" \/>\n<meta property=\"article:modified_time\" content=\"2019-02-14T17:34:04+00:00\" \/>\n<meta property=\"og:image\" content=\"https:\/\/storage.mobilitas.lat\/uploads\/2019\/02\/MOBILITAS-NEG\u00d3CIOS-NOS-TRILHOS-2.png\" \/>\n\t<meta property=\"og:image:width\" content=\"633\" \/>\n\t<meta property=\"og:image:height\" content=\"374\" \/>\n\t<meta property=\"og:image:type\" content=\"image\/png\" \/>\n<meta name=\"author\" content=\"Alexandre Asquini\" \/>\n<meta name=\"twitter:card\" content=\"summary_large_image\" \/>\n<meta name=\"twitter:label1\" content=\"Written by\" \/>\n\t<meta name=\"twitter:data1\" content=\"Alexandre Asquini\" \/>\n\t<meta name=\"twitter:label2\" content=\"Est. reading time\" \/>\n\t<meta name=\"twitter:data2\" content=\"2 minutes\" \/>\n<script type=\"application\/ld+json\" class=\"yoast-schema-graph\">{\"@context\":\"https:\/\/schema.org\",\"@graph\":[{\"@type\":\"Article\",\"@id\":\"https:\/\/mobilitas.lat\/es\/2019\/02\/14\/san-pablo-recibira-en-marzo-la-muestra-ferroviaria-nt-expo-21a-negocios-sobre-rieles\/#article\",\"isPartOf\":{\"@id\":\"https:\/\/mobilitas.lat\/es\/2019\/02\/14\/san-pablo-recibira-en-marzo-la-muestra-ferroviaria-nt-expo-21a-negocios-sobre-rieles\/\"},\"author\":{\"name\":\"Alexandre Asquini\",\"@id\":\"https:\/\/mobilitas.lat\/es\/#\/schema\/person\/cae0d01ccbe855d1858d146e4c4d582d\"},\"headline\":\"San Pablo recibir\u00e1 en marzo la muestra ferroviaria NT Expo &#8211; 21\u00aa Negocios sobre Rieles\",\"datePublished\":\"2019-02-14T17:30:42+00:00\",\"dateModified\":\"2019-02-14T17:34:04+00:00\",\"mainEntityOfPage\":{\"@id\":\"https:\/\/mobilitas.lat\/es\/2019\/02\/14\/san-pablo-recibira-en-marzo-la-muestra-ferroviaria-nt-expo-21a-negocios-sobre-rieles\/\"},\"wordCount\":484,\"publisher\":{\"@id\":\"https:\/\/mobilitas.lat\/es\/#organization\"},\"image\":{\"@id\":\"https:\/\/mobilitas.lat\/es\/2019\/02\/14\/san-pablo-recibira-en-marzo-la-muestra-ferroviaria-nt-expo-21a-negocios-sobre-rieles\/#primaryimage\"},\"thumbnailUrl\":\"https:\/\/storage.mobilitas.lat\/uploads\/2019\/02\/MOBILITAS-NEG\u00d3CIOS-NOS-TRILHOS-2.png\",\"keywords\":[\"NT NEGOCIOS NOS TRILHOS\",\"SAN PABLO\"],\"articleSection\":[\"Notas\",\"Radar\"],\"inLanguage\":\"es-ES\"},{\"@type\":\"WebPage\",\"@id\":\"https:\/\/mobilitas.lat\/es\/2019\/02\/14\/san-pablo-recibira-en-marzo-la-muestra-ferroviaria-nt-expo-21a-negocios-sobre-rieles\/\",\"url\":\"https:\/\/mobilitas.lat\/es\/2019\/02\/14\/san-pablo-recibira-en-marzo-la-muestra-ferroviaria-nt-expo-21a-negocios-sobre-rieles\/\",\"name\":\"San Pablo recibir\u00e1 en marzo la muestra ferroviaria NT Expo - 21\u00aa Negocios sobre Rieles | Mobilitas\",\"isPartOf\":{\"@id\":\"https:\/\/mobilitas.lat\/es\/#website\"},\"primaryImageOfPage\":{\"@id\":\"https:\/\/mobilitas.lat\/es\/2019\/02\/14\/san-pablo-recibira-en-marzo-la-muestra-ferroviaria-nt-expo-21a-negocios-sobre-rieles\/#primaryimage\"},\"image\":{\"@id\":\"https:\/\/mobilitas.lat\/es\/2019\/02\/14\/san-pablo-recibira-en-marzo-la-muestra-ferroviaria-nt-expo-21a-negocios-sobre-rieles\/#primaryimage\"},\"thumbnailUrl\":\"https:\/\/storage.mobilitas.lat\/uploads\/2019\/02\/MOBILITAS-NEG\u00d3CIOS-NOS-TRILHOS-2.png\",\"datePublished\":\"2019-02-14T17:30:42+00:00\",\"dateModified\":\"2019-02-14T17:34:04+00:00\",\"breadcrumb\":{\"@id\":\"https:\/\/mobilitas.lat\/es\/2019\/02\/14\/san-pablo-recibira-en-marzo-la-muestra-ferroviaria-nt-expo-21a-negocios-sobre-rieles\/#breadcrumb\"},\"inLanguage\":\"es-ES\",\"potentialAction\":[{\"@type\":\"ReadAction\",\"target\":[\"https:\/\/mobilitas.lat\/es\/2019\/02\/14\/san-pablo-recibira-en-marzo-la-muestra-ferroviaria-nt-expo-21a-negocios-sobre-rieles\/\"]}]},{\"@type\":\"ImageObject\",\"inLanguage\":\"es-ES\",\"@id\":\"https:\/\/mobilitas.lat\/es\/2019\/02\/14\/san-pablo-recibira-en-marzo-la-muestra-ferroviaria-nt-expo-21a-negocios-sobre-rieles\/#primaryimage\",\"url\":\"https:\/\/storage.mobilitas.lat\/uploads\/2019\/02\/MOBILITAS-NEG\u00d3CIOS-NOS-TRILHOS-2.png\",\"contentUrl\":\"https:\/\/storage.mobilitas.lat\/uploads\/2019\/02\/MOBILITAS-NEG\u00d3CIOS-NOS-TRILHOS-2.png\",\"width\":633,\"height\":374},{\"@type\":\"BreadcrumbList\",\"@id\":\"https:\/\/mobilitas.lat\/es\/2019\/02\/14\/san-pablo-recibira-en-marzo-la-muestra-ferroviaria-nt-expo-21a-negocios-sobre-rieles\/#breadcrumb\",\"itemListElement\":[{\"@type\":\"ListItem\",\"position\":1,\"name\":\"In\u00edcio\",\"item\":\"https:\/\/mobilitas.lat\/es\/\"},{\"@type\":\"ListItem\",\"position\":2,\"name\":\"San Pablo recibir\u00e1 en marzo la muestra ferroviaria NT Expo &#8211; 21\u00aa Negocios sobre Rieles\"}]},{\"@type\":\"WebSite\",\"@id\":\"https:\/\/mobilitas.lat\/es\/#website\",\"url\":\"https:\/\/mobilitas.lat\/es\/\",\"name\":\"Mobilitas\",\"description\":\"Tecnologia e Mobilidade Urbana na Am\u00e9rica Latina\",\"publisher\":{\"@id\":\"https:\/\/mobilitas.lat\/es\/#organization\"},\"potentialAction\":[{\"@type\":\"SearchAction\",\"target\":{\"@type\":\"EntryPoint\",\"urlTemplate\":\"https:\/\/mobilitas.lat\/es\/?s={search_term_string}\"},\"query-input\":{\"@type\":\"PropertyValueSpecification\",\"valueRequired\":true,\"valueName\":\"search_term_string\"}}],\"inLanguage\":\"es-ES\"},{\"@type\":\"Organization\",\"@id\":\"https:\/\/mobilitas.lat\/es\/#organization\",\"name\":\"OTM Editora\",\"url\":\"https:\/\/mobilitas.lat\/es\/\",\"logo\":{\"@type\":\"ImageObject\",\"inLanguage\":\"es-ES\",\"@id\":\"https:\/\/mobilitas.lat\/es\/#\/schema\/logo\/image\/\",\"url\":\"https:\/\/mobilitas.lat\/wp-content\/uploads\/2024\/03\/opengraph.png\",\"contentUrl\":\"https:\/\/mobilitas.lat\/wp-content\/uploads\/2024\/03\/opengraph.png\",\"width\":1200,\"height\":630,\"caption\":\"OTM Editora\"},\"image\":{\"@id\":\"https:\/\/mobilitas.lat\/es\/#\/schema\/logo\/image\/\"}},{\"@type\":\"Person\",\"@id\":\"https:\/\/mobilitas.lat\/es\/#\/schema\/person\/cae0d01ccbe855d1858d146e4c4d582d\",\"name\":\"Alexandre Asquini\",\"image\":{\"@type\":\"ImageObject\",\"inLanguage\":\"es-ES\",\"@id\":\"https:\/\/mobilitas.lat\/es\/#\/schema\/person\/image\/\",\"url\":\"https:\/\/secure.gravatar.com\/avatar\/aac99dbef1420f75cc7d86913eb8a7cdfbe13e2509ad7a45649a61414f6d2785?s=96&d=mm&r=g\",\"contentUrl\":\"https:\/\/secure.gravatar.com\/avatar\/aac99dbef1420f75cc7d86913eb8a7cdfbe13e2509ad7a45649a61414f6d2785?s=96&d=mm&r=g\",\"caption\":\"Alexandre Asquini\"}}]}<\/script>\n<!-- \/ Yoast SEO plugin. -->","yoast_head_json":{"title":"San Pablo recibir\u00e1 en marzo la muestra ferroviaria NT Expo - 21\u00aa Negocios sobre Rieles | Mobilitas","robots":{"index":"index","follow":"follow","max-snippet":"max-snippet:-1","max-image-preview":"max-image-preview:large","max-video-preview":"max-video-preview:-1"},"canonical":"https:\/\/mobilitas.lat\/es\/2019\/02\/14\/san-pablo-recibira-en-marzo-la-muestra-ferroviaria-nt-expo-21a-negocios-sobre-rieles\/","og_locale":"es_ES","og_type":"article","og_title":"San Pablo recibir\u00e1 en marzo la muestra ferroviaria NT Expo - 21\u00aa Negocios sobre Rieles | Mobilitas","og_description":"Del 19 al 21 de marzo de 2019, la ciudad de San Pablo recibir\u00e1 la exposici\u00f3n de negocios ferroviarios NT Expo &#8211;&nbsp; 21\u00aa Negocios sobre Rieles. El evento ser\u00e1 en San Pablo Expo, ubicado en la carretera de los Inmigrantes, que es una v\u00eda de conexi\u00f3n con la ciudad portuaria de Santos. Entre otros temas [&hellip;]","og_url":"https:\/\/mobilitas.lat\/es\/2019\/02\/14\/san-pablo-recibira-en-marzo-la-muestra-ferroviaria-nt-expo-21a-negocios-sobre-rieles\/","og_site_name":"Mobilitas","article_published_time":"2019-02-14T17:30:42+00:00","article_modified_time":"2019-02-14T17:34:04+00:00","og_image":[{"width":633,"height":374,"url":"https:\/\/storage.mobilitas.lat\/uploads\/2019\/02\/MOBILITAS-NEG\u00d3CIOS-NOS-TRILHOS-2.png","type":"image\/png"}],"author":"Alexandre Asquini","twitter_card":"summary_large_image","twitter_misc":{"Written by":"Alexandre Asquini","Est. reading time":"2 minutes"},"schema":{"@context":"https:\/\/schema.org","@graph":[{"@type":"Article","@id":"https:\/\/mobilitas.lat\/es\/2019\/02\/14\/san-pablo-recibira-en-marzo-la-muestra-ferroviaria-nt-expo-21a-negocios-sobre-rieles\/#article","isPartOf":{"@id":"https:\/\/mobilitas.lat\/es\/2019\/02\/14\/san-pablo-recibira-en-marzo-la-muestra-ferroviaria-nt-expo-21a-negocios-sobre-rieles\/"},"author":{"name":"Alexandre Asquini","@id":"https:\/\/mobilitas.lat\/es\/#\/schema\/person\/cae0d01ccbe855d1858d146e4c4d582d"},"headline":"San Pablo recibir\u00e1 en marzo la muestra ferroviaria NT Expo &#8211; 21\u00aa Negocios sobre Rieles","datePublished":"2019-02-14T17:30:42+00:00","dateModified":"2019-02-14T17:34:04+00:00","mainEntityOfPage":{"@id":"https:\/\/mobilitas.lat\/es\/2019\/02\/14\/san-pablo-recibira-en-marzo-la-muestra-ferroviaria-nt-expo-21a-negocios-sobre-rieles\/"},"wordCount":484,"publisher":{"@id":"https:\/\/mobilitas.lat\/es\/#organization"},"image":{"@id":"https:\/\/mobilitas.lat\/es\/2019\/02\/14\/san-pablo-recibira-en-marzo-la-muestra-ferroviaria-nt-expo-21a-negocios-sobre-rieles\/#primaryimage"},"thumbnailUrl":"https:\/\/storage.mobilitas.lat\/uploads\/2019\/02\/MOBILITAS-NEG\u00d3CIOS-NOS-TRILHOS-2.png","keywords":["NT NEGOCIOS NOS TRILHOS","SAN PABLO"],"articleSection":["Notas","Radar"],"inLanguage":"es-ES"},{"@type":"WebPage","@id":"https:\/\/mobilitas.lat\/es\/2019\/02\/14\/san-pablo-recibira-en-marzo-la-muestra-ferroviaria-nt-expo-21a-negocios-sobre-rieles\/","url":"https:\/\/mobilitas.lat\/es\/2019\/02\/14\/san-pablo-recibira-en-marzo-la-muestra-ferroviaria-nt-expo-21a-negocios-sobre-rieles\/","name":"San Pablo recibir\u00e1 en marzo la muestra ferroviaria NT Expo - 21\u00aa Negocios sobre Rieles | Mobilitas","isPartOf":{"@id":"https:\/\/mobilitas.lat\/es\/#website"},"primaryImageOfPage":{"@id":"https:\/\/mobilitas.lat\/es\/2019\/02\/14\/san-pablo-recibira-en-marzo-la-muestra-ferroviaria-nt-expo-21a-negocios-sobre-rieles\/#primaryimage"},"image":{"@id":"https:\/\/mobilitas.lat\/es\/2019\/02\/14\/san-pablo-recibira-en-marzo-la-muestra-ferroviaria-nt-expo-21a-negocios-sobre-rieles\/#primaryimage"},"thumbnailUrl":"https:\/\/storage.mobilitas.lat\/uploads\/2019\/02\/MOBILITAS-NEG\u00d3CIOS-NOS-TRILHOS-2.png","datePublished":"2019-02-14T17:30:42+00:00","dateModified":"2019-02-14T17:34:04+00:00","breadcrumb":{"@id":"https:\/\/mobilitas.lat\/es\/2019\/02\/14\/san-pablo-recibira-en-marzo-la-muestra-ferroviaria-nt-expo-21a-negocios-sobre-rieles\/#breadcrumb"},"inLanguage":"es-ES","potentialAction":[{"@type":"ReadAction","target":["https:\/\/mobilitas.lat\/es\/2019\/02\/14\/san-pablo-recibira-en-marzo-la-muestra-ferroviaria-nt-expo-21a-negocios-sobre-rieles\/"]}]},{"@type":"ImageObject","inLanguage":"es-ES","@id":"https:\/\/mobilitas.lat\/es\/2019\/02\/14\/san-pablo-recibira-en-marzo-la-muestra-ferroviaria-nt-expo-21a-negocios-sobre-rieles\/#primaryimage","url":"https:\/\/storage.mobilitas.lat\/uploads\/2019\/02\/MOBILITAS-NEG\u00d3CIOS-NOS-TRILHOS-2.png","contentUrl":"https:\/\/storage.mobilitas.lat\/uploads\/2019\/02\/MOBILITAS-NEG\u00d3CIOS-NOS-TRILHOS-2.png","width":633,"height":374},{"@type":"BreadcrumbList","@id":"https:\/\/mobilitas.lat\/es\/2019\/02\/14\/san-pablo-recibira-en-marzo-la-muestra-ferroviaria-nt-expo-21a-negocios-sobre-rieles\/#breadcrumb","itemListElement":[{"@type":"ListItem","position":1,"name":"In\u00edcio","item":"https:\/\/mobilitas.lat\/es\/"},{"@type":"ListItem","position":2,"name":"San Pablo recibir\u00e1 en marzo la muestra ferroviaria NT Expo &#8211; 21\u00aa Negocios sobre Rieles"}]},{"@type":"WebSite","@id":"https:\/\/mobilitas.lat\/es\/#website","url":"https:\/\/mobilitas.lat\/es\/","name":"Mobilitas","description":"Tecnologia e Mobilidade Urbana na Am\u00e9rica Latina","publisher":{"@id":"https:\/\/mobilitas.lat\/es\/#organization"},"potentialAction":[{"@type":"SearchAction","target":{"@type":"EntryPoint","urlTemplate":"https:\/\/mobilitas.lat\/es\/?s={search_term_string}"},"query-input":{"@type":"PropertyValueSpecification","valueRequired":true,"valueName":"search_term_string"}}],"inLanguage":"es-ES"},{"@type":"Organization","@id":"https:\/\/mobilitas.lat\/es\/#organization","name":"OTM Editora","url":"https:\/\/mobilitas.lat\/es\/","logo":{"@type":"ImageObject","inLanguage":"es-ES","@id":"https:\/\/mobilitas.lat\/es\/#\/schema\/logo\/image\/","url":"https:\/\/mobilitas.lat\/wp-content\/uploads\/2024\/03\/opengraph.png","contentUrl":"https:\/\/mobilitas.lat\/wp-content\/uploads\/2024\/03\/opengraph.png","width":1200,"height":630,"caption":"OTM Editora"},"image":{"@id":"https:\/\/mobilitas.lat\/es\/#\/schema\/logo\/image\/"}},{"@type":"Person","@id":"https:\/\/mobilitas.lat\/es\/#\/schema\/person\/cae0d01ccbe855d1858d146e4c4d582d","name":"Alexandre Asquini","image":{"@type":"ImageObject","inLanguage":"es-ES","@id":"https:\/\/mobilitas.lat\/es\/#\/schema\/person\/image\/","url":"https:\/\/secure.gravatar.com\/avatar\/aac99dbef1420f75cc7d86913eb8a7cdfbe13e2509ad7a45649a61414f6d2785?s=96&d=mm&r=g","contentUrl":"https:\/\/secure.gravatar.com\/avatar\/aac99dbef1420f75cc7d86913eb8a7cdfbe13e2509ad7a45649a61414f6d2785?s=96&d=mm&r=g","caption":"Alexandre Asquini"}}]}},"_links":{"self":[{"href":"https:\/\/mobilitas.lat\/es\/wp-json\/wp\/v2\/posts\/4210","targetHints":{"allow":["GET"]}}],"collection":[{"href":"https:\/\/mobilitas.lat\/es\/wp-json\/wp\/v2\/posts"}],"about":[{"href":"https:\/\/mobilitas.lat\/es\/wp-json\/wp\/v2\/types\/post"}],"author":[{"embeddable":true,"href":"https:\/\/mobilitas.lat\/es\/wp-json\/wp\/v2\/users\/2"}],"replies":[{"embeddable":true,"href":"https:\/\/mobilitas.lat\/es\/wp-json\/wp\/v2\/comments?post=4210"}],"version-history":[{"count":1,"href":"https:\/\/mobilitas.lat\/es\/wp-json\/wp\/v2\/posts\/4210\/revisions"}],"predecessor-version":[{"id":4211,"href":"https:\/\/mobilitas.lat\/es\/wp-json\/wp\/v2\/posts\/4210\/revisions\/4211"}],"wp:featuredmedia":[{"embeddable":true,"href":"https:\/\/mobilitas.lat\/es\/wp-json\/wp\/v2\/media\/4216"}],"wp:attachment":[{"href":"https:\/\/mobilitas.lat\/es\/wp-json\/wp\/v2\/media?parent=4210"}],"wp:term":[{"taxonomy":"category","embeddable":true,"href":"https:\/\/mobilitas.lat\/es\/wp-json\/wp\/v2\/categories?post=4210"},{"taxonomy":"post_tag","embeddable":true,"href":"https:\/\/mobilitas.lat\/es\/wp-json\/wp\/v2\/tags?post=4210"}],"curies":[{"name":"wp","href":"https:\/\/api.w.org\/{rel}","templated":true}]}}