{"id":4025,"date":"2019-01-28T23:19:35","date_gmt":"2019-01-29T01:19:35","guid":{"rendered":"https:\/\/mobilitas.lat\/?p=4025"},"modified":"2019-01-28T23:19:37","modified_gmt":"2019-01-29T01:19:37","slug":"buenos-aires-peatonal","status":"publish","type":"post","link":"https:\/\/mobilitas.lat\/es\/2019\/01\/28\/buenos-aires-peatonal\/","title":{"rendered":"Buenos Aires peatonal"},"content":{"rendered":"\n<p>La ciudad de Buenos Aires comenz\u00f3, el\n15 de enero de 2019, a infraccionar a quienes incumplen las normas en el sector\nde Tribunales, nueva zona peatonal del centro de la ciudad.<\/p>\n\n\n\n<p>En la primera etapa, las \u00e1reas\npeatonales con restricci\u00f3n vehicular en la ciudad de Buenos Aires abarcaron el\nMicrocentro, Retiro y el Casco Hist\u00f3rico. Desde entonces, la reducci\u00f3n de\nveh\u00edculos en estas dos \u00faltimas zonas alcanz\u00f3 el 50%. <\/p>\n\n\n\n<p>A partir del 15 de noviembre de 2018,\nse agreg\u00f3 el \u00e1rea de Tribunales, con restricci\u00f3n vehicular los d\u00edas h\u00e1biles, de\n11 a 16 horas. A partir del 15 de enero de 2019 se comenz\u00f3 a infraccionar a los\nveh\u00edculos que incumplen la restricci\u00f3n en la zona de Tribunales. Los residentes\nde este sector obtienen permisos de acceso gratuitos.<\/p>\n\n\n\n<p>La zona de restricci\u00f3n vehicular \u2014que\nabarcaba las 86 cuadras del Microcentro y las 127 cuadras de Retiro y del Casco\nHist\u00f3rico\u2014 se extendi\u00f3 a 259, el 15 de enero, con la incorporaci\u00f3n de la zona de\nTribunales. <\/p>\n\n\n\n<p><strong>MENOS VEH\u00cdCULOS <\/strong><strong><\/strong><\/p>\n\n\n\n<p>Desde que Retiro y el Casco Hist\u00f3rico\nse convirtieron en zona peatonal, el ingreso de autos a estos dos sectores de\nla ciudad disminuy\u00f3 50% los d\u00edas h\u00e1biles de 11h a 16h, pasando de 8.300 a 4.182\nveh\u00edculos en promedio. El 15 de enero de 2019, tras un per\u00edodo de\nconcientizaci\u00f3n que dur\u00f3 dos meses, comenz\u00f3 la aplicaci\u00f3n de sanciones a\nquienes incumplan la prohibici\u00f3n de tr\u00e1nsito de veh\u00edculos tambi\u00e9n en la zona de\nTribunales.<\/p>\n\n\n\n<p>Juan Jos\u00e9 M\u00e9ndez, Secretario de\nTransportes de la ciudad de Buenos Aires, afirma: &#8220;Nuestro objetivo es\ntener una ciudad con menos autos y con transporte p\u00fablico de calidad como la\nmejor alternativa de desplazamiento. Los vecinos de Retiro y del Casco\nHist\u00f3rico ya disfrutan la transformaci\u00f3n de sus calles. Con la implantaci\u00f3n de\nla zona peatonal en Tribunales, el ingreso de veh\u00edculos a esta zona se redujo\nen un 35% y dos millones de personas mejoraron su calidad de vida. <\/p>\n\n\n\n<p>En esta segunda etapa se espera que\nla reducci\u00f3n de veh\u00edculos tambi\u00e9n alcance 50% en la zona de Tribunales. <\/p>\n\n\n\n<p><strong>PAPEL DEL TRANSPORTE P\u00daBLICO<\/strong><strong><\/strong><\/p>\n\n\n\n<p>El Centro Peatonal, conformado por el\nMicrocentro actual, Retiro, Casco Hist\u00f3rico y Tribunales, es una de las \u00e1reas\nm\u00e1s conectadas de la ciudad y en la que m\u00e1s personas confluyen todos los d\u00edas. <\/p>\n\n\n\n<p>El transporte p\u00fablico puede circular\npor las zonas restringidas durante las 24 horas del d\u00eda, posibilitando el\nacceso a ellas por autob\u00fas, metro, taxi y remis. Tambi\u00e9n es posible acceder por\nautom\u00f3viles privados, siempre y cuando su propietario tenga el permiso. Para\npermitir el tr\u00e1nsito de veh\u00edculos en la ciudad, las avenidas siguen siendo de\nlibre acceso para el tr\u00e1fico en general.<\/p>\n\n\n\n<p>La administraci\u00f3n p\u00fablica de la\nciudad de Buenos Aires calcula que el impacto total de las medidas incluso\npuede resumirse con los siguientes datos: dos millones de personas beneficiadas\ntodos los d\u00edas, mayor seguridad vial en 259 cuadras y 2.800 toneladas de CO <sub>2<\/sub>\nmenos por a\u00f1o (se necesitan 37 mil \u00e1rboles para neutralizar dicho volumen de\nemisi\u00f3n de este contaminante).<\/p>\n\n\n\n<p><strong>LOS DOMINGOS, EN VERANO<\/strong><strong><\/strong><\/p>\n\n\n\n<p>En este verano de 2019, los d\u00edas 13,\n20 y 27 de enero y 3, 10 y 17 de febrero, de 16h a 21h, algunas calles de\nbarrios de Buenos Aires se convertir\u00e1n en calles peatonales. Seg\u00fan el gobierno\nde la ciudad, los vecinos pueden apropiarse de la v\u00eda &#8220;para caminar, tomar\nmate, sentarse, hacer gimnasia, descansar, andar en bicicleta y\ndisfrutar&#8221;. Adem\u00e1s, se est\u00e1n desarrollando talleres, clases, <em>shows<\/em> y otras actividades para disfrutar\nen familia.<\/p>\n","protected":false},"excerpt":{"rendered":"<p>La ciudad de Buenos Aires comenz\u00f3, el 15 de enero de 2019, a infraccionar a quienes incumplen las normas en el sector de Tribunales, nueva zona peatonal del centro de la ciudad. En la primera etapa, las \u00e1reas peatonales con restricci\u00f3n vehicular en la ciudad de Buenos Aires abarcaron el Microcentro, Retiro y el Casco [&hellip;]<\/p>\n","protected":false},"author":2,"featured_media":4031,"comment_status":"closed","ping_status":"closed","sticky":false,"template":"","format":"standard","meta":{"footnotes":""},"categories":[287],"tags":[140,851,775,852],"class_list":["post-4025","post","type-post","status-publish","format-standard","has-post-thumbnail","hentry","category-notas","tag-buenos-aires","tag-ciudad-de-buenos-aires","tag-destaque","tag-peatones"],"yoast_head":"<!-- This site is optimized with the Yoast SEO plugin v26.9 - https:\/\/yoast.com\/product\/yoast-seo-wordpress\/ -->\n<title>Buenos Aires peatonal | Mobilitas<\/title>\n<meta name=\"robots\" content=\"index, follow, max-snippet:-1, max-image-preview:large, max-video-preview:-1\" \/>\n<link rel=\"canonical\" href=\"https:\/\/mobilitas.lat\/es\/2019\/01\/28\/buenos-aires-peatonal\/\" \/>\n<meta property=\"og:locale\" content=\"es_ES\" \/>\n<meta property=\"og:type\" content=\"article\" \/>\n<meta property=\"og:title\" content=\"Buenos Aires peatonal | Mobilitas\" \/>\n<meta property=\"og:description\" content=\"La ciudad de Buenos Aires comenz\u00f3, el 15 de enero de 2019, a infraccionar a quienes incumplen las normas en el sector de Tribunales, nueva zona peatonal del centro de la ciudad. En la primera etapa, las \u00e1reas peatonales con restricci\u00f3n vehicular en la ciudad de Buenos Aires abarcaron el Microcentro, Retiro y el Casco [&hellip;]\" \/>\n<meta property=\"og:url\" content=\"https:\/\/mobilitas.lat\/es\/2019\/01\/28\/buenos-aires-peatonal\/\" \/>\n<meta property=\"og:site_name\" content=\"Mobilitas\" \/>\n<meta property=\"article:published_time\" content=\"2019-01-29T01:19:35+00:00\" \/>\n<meta property=\"article:modified_time\" content=\"2019-01-29T01:19:37+00:00\" \/>\n<meta property=\"og:image\" content=\"https:\/\/storage.mobilitas.lat\/uploads\/2019\/01\/MOBILITASBUENOSAIRESFOTOGCBA1-a.png\" \/>\n\t<meta property=\"og:image:width\" content=\"736\" \/>\n\t<meta property=\"og:image:height\" content=\"357\" \/>\n\t<meta property=\"og:image:type\" content=\"image\/png\" \/>\n<meta name=\"author\" content=\"Alexandre Asquini\" \/>\n<meta name=\"twitter:card\" content=\"summary_large_image\" \/>\n<meta name=\"twitter:label1\" content=\"Written by\" \/>\n\t<meta name=\"twitter:data1\" content=\"Alexandre Asquini\" \/>\n\t<meta name=\"twitter:label2\" content=\"Est. reading time\" \/>\n\t<meta name=\"twitter:data2\" content=\"3 minutes\" \/>\n<script type=\"application\/ld+json\" class=\"yoast-schema-graph\">{\"@context\":\"https:\/\/schema.org\",\"@graph\":[{\"@type\":\"Article\",\"@id\":\"https:\/\/mobilitas.lat\/es\/2019\/01\/28\/buenos-aires-peatonal\/#article\",\"isPartOf\":{\"@id\":\"https:\/\/mobilitas.lat\/es\/2019\/01\/28\/buenos-aires-peatonal\/\"},\"author\":{\"name\":\"Alexandre Asquini\",\"@id\":\"https:\/\/mobilitas.lat\/es\/#\/schema\/person\/cae0d01ccbe855d1858d146e4c4d582d\"},\"headline\":\"Buenos Aires peatonal\",\"datePublished\":\"2019-01-29T01:19:35+00:00\",\"dateModified\":\"2019-01-29T01:19:37+00:00\",\"mainEntityOfPage\":{\"@id\":\"https:\/\/mobilitas.lat\/es\/2019\/01\/28\/buenos-aires-peatonal\/\"},\"wordCount\":611,\"publisher\":{\"@id\":\"https:\/\/mobilitas.lat\/es\/#organization\"},\"image\":{\"@id\":\"https:\/\/mobilitas.lat\/es\/2019\/01\/28\/buenos-aires-peatonal\/#primaryimage\"},\"thumbnailUrl\":\"https:\/\/storage.mobilitas.lat\/uploads\/2019\/01\/MOBILITASBUENOSAIRESFOTOGCBA1-a.png\",\"keywords\":[\"BUENOS AIRES\",\"CIUDAD DE BUENOS AIRES\",\"destaque\",\"PEATONES\"],\"articleSection\":[\"Notas\"],\"inLanguage\":\"es-ES\"},{\"@type\":\"WebPage\",\"@id\":\"https:\/\/mobilitas.lat\/es\/2019\/01\/28\/buenos-aires-peatonal\/\",\"url\":\"https:\/\/mobilitas.lat\/es\/2019\/01\/28\/buenos-aires-peatonal\/\",\"name\":\"Buenos Aires peatonal | Mobilitas\",\"isPartOf\":{\"@id\":\"https:\/\/mobilitas.lat\/es\/#website\"},\"primaryImageOfPage\":{\"@id\":\"https:\/\/mobilitas.lat\/es\/2019\/01\/28\/buenos-aires-peatonal\/#primaryimage\"},\"image\":{\"@id\":\"https:\/\/mobilitas.lat\/es\/2019\/01\/28\/buenos-aires-peatonal\/#primaryimage\"},\"thumbnailUrl\":\"https:\/\/storage.mobilitas.lat\/uploads\/2019\/01\/MOBILITASBUENOSAIRESFOTOGCBA1-a.png\",\"datePublished\":\"2019-01-29T01:19:35+00:00\",\"dateModified\":\"2019-01-29T01:19:37+00:00\",\"breadcrumb\":{\"@id\":\"https:\/\/mobilitas.lat\/es\/2019\/01\/28\/buenos-aires-peatonal\/#breadcrumb\"},\"inLanguage\":\"es-ES\",\"potentialAction\":[{\"@type\":\"ReadAction\",\"target\":[\"https:\/\/mobilitas.lat\/es\/2019\/01\/28\/buenos-aires-peatonal\/\"]}]},{\"@type\":\"ImageObject\",\"inLanguage\":\"es-ES\",\"@id\":\"https:\/\/mobilitas.lat\/es\/2019\/01\/28\/buenos-aires-peatonal\/#primaryimage\",\"url\":\"https:\/\/storage.mobilitas.lat\/uploads\/2019\/01\/MOBILITASBUENOSAIRESFOTOGCBA1-a.png\",\"contentUrl\":\"https:\/\/storage.mobilitas.lat\/uploads\/2019\/01\/MOBILITASBUENOSAIRESFOTOGCBA1-a.png\",\"width\":736,\"height\":357,\"caption\":\"Centro de Buenos Aires. Foto: Gobierno de la Coiudad Autonoma de Buenos Aires\"},{\"@type\":\"BreadcrumbList\",\"@id\":\"https:\/\/mobilitas.lat\/es\/2019\/01\/28\/buenos-aires-peatonal\/#breadcrumb\",\"itemListElement\":[{\"@type\":\"ListItem\",\"position\":1,\"name\":\"In\u00edcio\",\"item\":\"https:\/\/mobilitas.lat\/es\/\"},{\"@type\":\"ListItem\",\"position\":2,\"name\":\"Buenos Aires peatonal\"}]},{\"@type\":\"WebSite\",\"@id\":\"https:\/\/mobilitas.lat\/es\/#website\",\"url\":\"https:\/\/mobilitas.lat\/es\/\",\"name\":\"Mobilitas\",\"description\":\"Tecnologia e Mobilidade Urbana na Am\u00e9rica Latina\",\"publisher\":{\"@id\":\"https:\/\/mobilitas.lat\/es\/#organization\"},\"potentialAction\":[{\"@type\":\"SearchAction\",\"target\":{\"@type\":\"EntryPoint\",\"urlTemplate\":\"https:\/\/mobilitas.lat\/es\/?s={search_term_string}\"},\"query-input\":{\"@type\":\"PropertyValueSpecification\",\"valueRequired\":true,\"valueName\":\"search_term_string\"}}],\"inLanguage\":\"es-ES\"},{\"@type\":\"Organization\",\"@id\":\"https:\/\/mobilitas.lat\/es\/#organization\",\"name\":\"OTM Editora\",\"url\":\"https:\/\/mobilitas.lat\/es\/\",\"logo\":{\"@type\":\"ImageObject\",\"inLanguage\":\"es-ES\",\"@id\":\"https:\/\/mobilitas.lat\/es\/#\/schema\/logo\/image\/\",\"url\":\"https:\/\/mobilitas.lat\/wp-content\/uploads\/2024\/03\/opengraph.png\",\"contentUrl\":\"https:\/\/mobilitas.lat\/wp-content\/uploads\/2024\/03\/opengraph.png\",\"width\":1200,\"height\":630,\"caption\":\"OTM Editora\"},\"image\":{\"@id\":\"https:\/\/mobilitas.lat\/es\/#\/schema\/logo\/image\/\"}},{\"@type\":\"Person\",\"@id\":\"https:\/\/mobilitas.lat\/es\/#\/schema\/person\/cae0d01ccbe855d1858d146e4c4d582d\",\"name\":\"Alexandre Asquini\",\"image\":{\"@type\":\"ImageObject\",\"inLanguage\":\"es-ES\",\"@id\":\"https:\/\/mobilitas.lat\/es\/#\/schema\/person\/image\/\",\"url\":\"https:\/\/secure.gravatar.com\/avatar\/aac99dbef1420f75cc7d86913eb8a7cdfbe13e2509ad7a45649a61414f6d2785?s=96&d=mm&r=g\",\"contentUrl\":\"https:\/\/secure.gravatar.com\/avatar\/aac99dbef1420f75cc7d86913eb8a7cdfbe13e2509ad7a45649a61414f6d2785?s=96&d=mm&r=g\",\"caption\":\"Alexandre Asquini\"}}]}<\/script>\n<!-- \/ Yoast SEO plugin. -->","yoast_head_json":{"title":"Buenos Aires peatonal | Mobilitas","robots":{"index":"index","follow":"follow","max-snippet":"max-snippet:-1","max-image-preview":"max-image-preview:large","max-video-preview":"max-video-preview:-1"},"canonical":"https:\/\/mobilitas.lat\/es\/2019\/01\/28\/buenos-aires-peatonal\/","og_locale":"es_ES","og_type":"article","og_title":"Buenos Aires peatonal | Mobilitas","og_description":"La ciudad de Buenos Aires comenz\u00f3, el 15 de enero de 2019, a infraccionar a quienes incumplen las normas en el sector de Tribunales, nueva zona peatonal del centro de la ciudad. En la primera etapa, las \u00e1reas peatonales con restricci\u00f3n vehicular en la ciudad de Buenos Aires abarcaron el Microcentro, Retiro y el Casco [&hellip;]","og_url":"https:\/\/mobilitas.lat\/es\/2019\/01\/28\/buenos-aires-peatonal\/","og_site_name":"Mobilitas","article_published_time":"2019-01-29T01:19:35+00:00","article_modified_time":"2019-01-29T01:19:37+00:00","og_image":[{"width":736,"height":357,"url":"https:\/\/storage.mobilitas.lat\/uploads\/2019\/01\/MOBILITASBUENOSAIRESFOTOGCBA1-a.png","type":"image\/png"}],"author":"Alexandre Asquini","twitter_card":"summary_large_image","twitter_misc":{"Written by":"Alexandre Asquini","Est. reading time":"3 minutes"},"schema":{"@context":"https:\/\/schema.org","@graph":[{"@type":"Article","@id":"https:\/\/mobilitas.lat\/es\/2019\/01\/28\/buenos-aires-peatonal\/#article","isPartOf":{"@id":"https:\/\/mobilitas.lat\/es\/2019\/01\/28\/buenos-aires-peatonal\/"},"author":{"name":"Alexandre Asquini","@id":"https:\/\/mobilitas.lat\/es\/#\/schema\/person\/cae0d01ccbe855d1858d146e4c4d582d"},"headline":"Buenos Aires peatonal","datePublished":"2019-01-29T01:19:35+00:00","dateModified":"2019-01-29T01:19:37+00:00","mainEntityOfPage":{"@id":"https:\/\/mobilitas.lat\/es\/2019\/01\/28\/buenos-aires-peatonal\/"},"wordCount":611,"publisher":{"@id":"https:\/\/mobilitas.lat\/es\/#organization"},"image":{"@id":"https:\/\/mobilitas.lat\/es\/2019\/01\/28\/buenos-aires-peatonal\/#primaryimage"},"thumbnailUrl":"https:\/\/storage.mobilitas.lat\/uploads\/2019\/01\/MOBILITASBUENOSAIRESFOTOGCBA1-a.png","keywords":["BUENOS AIRES","CIUDAD DE BUENOS AIRES","destaque","PEATONES"],"articleSection":["Notas"],"inLanguage":"es-ES"},{"@type":"WebPage","@id":"https:\/\/mobilitas.lat\/es\/2019\/01\/28\/buenos-aires-peatonal\/","url":"https:\/\/mobilitas.lat\/es\/2019\/01\/28\/buenos-aires-peatonal\/","name":"Buenos Aires peatonal | Mobilitas","isPartOf":{"@id":"https:\/\/mobilitas.lat\/es\/#website"},"primaryImageOfPage":{"@id":"https:\/\/mobilitas.lat\/es\/2019\/01\/28\/buenos-aires-peatonal\/#primaryimage"},"image":{"@id":"https:\/\/mobilitas.lat\/es\/2019\/01\/28\/buenos-aires-peatonal\/#primaryimage"},"thumbnailUrl":"https:\/\/storage.mobilitas.lat\/uploads\/2019\/01\/MOBILITASBUENOSAIRESFOTOGCBA1-a.png","datePublished":"2019-01-29T01:19:35+00:00","dateModified":"2019-01-29T01:19:37+00:00","breadcrumb":{"@id":"https:\/\/mobilitas.lat\/es\/2019\/01\/28\/buenos-aires-peatonal\/#breadcrumb"},"inLanguage":"es-ES","potentialAction":[{"@type":"ReadAction","target":["https:\/\/mobilitas.lat\/es\/2019\/01\/28\/buenos-aires-peatonal\/"]}]},{"@type":"ImageObject","inLanguage":"es-ES","@id":"https:\/\/mobilitas.lat\/es\/2019\/01\/28\/buenos-aires-peatonal\/#primaryimage","url":"https:\/\/storage.mobilitas.lat\/uploads\/2019\/01\/MOBILITASBUENOSAIRESFOTOGCBA1-a.png","contentUrl":"https:\/\/storage.mobilitas.lat\/uploads\/2019\/01\/MOBILITASBUENOSAIRESFOTOGCBA1-a.png","width":736,"height":357,"caption":"Centro de Buenos Aires. Foto: Gobierno de la Coiudad Autonoma de Buenos Aires"},{"@type":"BreadcrumbList","@id":"https:\/\/mobilitas.lat\/es\/2019\/01\/28\/buenos-aires-peatonal\/#breadcrumb","itemListElement":[{"@type":"ListItem","position":1,"name":"In\u00edcio","item":"https:\/\/mobilitas.lat\/es\/"},{"@type":"ListItem","position":2,"name":"Buenos Aires peatonal"}]},{"@type":"WebSite","@id":"https:\/\/mobilitas.lat\/es\/#website","url":"https:\/\/mobilitas.lat\/es\/","name":"Mobilitas","description":"Tecnologia e Mobilidade Urbana na Am\u00e9rica Latina","publisher":{"@id":"https:\/\/mobilitas.lat\/es\/#organization"},"potentialAction":[{"@type":"SearchAction","target":{"@type":"EntryPoint","urlTemplate":"https:\/\/mobilitas.lat\/es\/?s={search_term_string}"},"query-input":{"@type":"PropertyValueSpecification","valueRequired":true,"valueName":"search_term_string"}}],"inLanguage":"es-ES"},{"@type":"Organization","@id":"https:\/\/mobilitas.lat\/es\/#organization","name":"OTM Editora","url":"https:\/\/mobilitas.lat\/es\/","logo":{"@type":"ImageObject","inLanguage":"es-ES","@id":"https:\/\/mobilitas.lat\/es\/#\/schema\/logo\/image\/","url":"https:\/\/mobilitas.lat\/wp-content\/uploads\/2024\/03\/opengraph.png","contentUrl":"https:\/\/mobilitas.lat\/wp-content\/uploads\/2024\/03\/opengraph.png","width":1200,"height":630,"caption":"OTM Editora"},"image":{"@id":"https:\/\/mobilitas.lat\/es\/#\/schema\/logo\/image\/"}},{"@type":"Person","@id":"https:\/\/mobilitas.lat\/es\/#\/schema\/person\/cae0d01ccbe855d1858d146e4c4d582d","name":"Alexandre Asquini","image":{"@type":"ImageObject","inLanguage":"es-ES","@id":"https:\/\/mobilitas.lat\/es\/#\/schema\/person\/image\/","url":"https:\/\/secure.gravatar.com\/avatar\/aac99dbef1420f75cc7d86913eb8a7cdfbe13e2509ad7a45649a61414f6d2785?s=96&d=mm&r=g","contentUrl":"https:\/\/secure.gravatar.com\/avatar\/aac99dbef1420f75cc7d86913eb8a7cdfbe13e2509ad7a45649a61414f6d2785?s=96&d=mm&r=g","caption":"Alexandre Asquini"}}]}},"_links":{"self":[{"href":"https:\/\/mobilitas.lat\/es\/wp-json\/wp\/v2\/posts\/4025","targetHints":{"allow":["GET"]}}],"collection":[{"href":"https:\/\/mobilitas.lat\/es\/wp-json\/wp\/v2\/posts"}],"about":[{"href":"https:\/\/mobilitas.lat\/es\/wp-json\/wp\/v2\/types\/post"}],"author":[{"embeddable":true,"href":"https:\/\/mobilitas.lat\/es\/wp-json\/wp\/v2\/users\/2"}],"replies":[{"embeddable":true,"href":"https:\/\/mobilitas.lat\/es\/wp-json\/wp\/v2\/comments?post=4025"}],"version-history":[{"count":2,"href":"https:\/\/mobilitas.lat\/es\/wp-json\/wp\/v2\/posts\/4025\/revisions"}],"predecessor-version":[{"id":4027,"href":"https:\/\/mobilitas.lat\/es\/wp-json\/wp\/v2\/posts\/4025\/revisions\/4027"}],"wp:featuredmedia":[{"embeddable":true,"href":"https:\/\/mobilitas.lat\/es\/wp-json\/wp\/v2\/media\/4031"}],"wp:attachment":[{"href":"https:\/\/mobilitas.lat\/es\/wp-json\/wp\/v2\/media?parent=4025"}],"wp:term":[{"taxonomy":"category","embeddable":true,"href":"https:\/\/mobilitas.lat\/es\/wp-json\/wp\/v2\/categories?post=4025"},{"taxonomy":"post_tag","embeddable":true,"href":"https:\/\/mobilitas.lat\/es\/wp-json\/wp\/v2\/tags?post=4025"}],"curies":[{"name":"wp","href":"https:\/\/api.w.org\/{rel}","templated":true}]}}