{"id":3849,"date":"2019-01-12T01:32:47","date_gmt":"2019-01-12T03:32:47","guid":{"rendered":"https:\/\/mobilitas.lat\/?p=3849"},"modified":"2019-01-12T01:32:49","modified_gmt":"2019-01-12T03:32:49","slug":"en-medellin-un-laboratorio-de-cables","status":"publish","type":"post","link":"https:\/\/mobilitas.lat\/es\/2019\/01\/12\/en-medellin-un-laboratorio-de-cables\/","title":{"rendered":"En Medell\u00edn, un laboratorio de cables"},"content":{"rendered":"\n<p>En el \u00faltimo\ntrimestre de 2018 se inaugur\u00f3 en Medell\u00edn, Colombia, el primer laboratorio de\ncables a\u00e9reo del mundo. La Direcci\u00f3n de Comunicaciones del Metro Medell\u00edn\ninforma que el laboratorio est\u00e1 ubicado en la estaci\u00f3n de Metrocable La Aurora,\nde la l\u00ednea J de aquel sistema. <\/p>\n\n\n\n<p>El laboratorio\nresulta de un convenio entre el Metro y la Universidad EAFIT \u2013 una universidad privada, que ofrece\n21 cursos de graduaci\u00f3n, 70 especializaciones, 34 maestros y seis programas de\ndoctorado y que posee escuelas de Administraci\u00f3n, Ingenier\u00eda, Derecho, Finanzas\ny Econom\u00eda, Ciencias y Humanidades. <\/p>\n\n\n\n<p><strong>CARACTER\u00cdSTICAS<\/strong><\/p>\n\n\n\n<p>El laboratorio dispone\nde recursos para pruebas y mejoramientos de componentes, equipos y repuestos\ncon miras a mejorar cada vez m\u00e1s la confiabilidad del sistema. Adem\u00e1s, se\npromover\u00e1 la capacitaci\u00f3n y el reentrenamiento del personal de cables del\nMetro, con una &nbsp;ventajas importante: se podr\u00e1 brindar\nformaci\u00f3n al personal de cables para adelantar procedimientos de mantenimiento\ny operativos sin necesidad de intervenir los equipos directamente ni incidir en\nla operaci\u00f3n.<\/p>\n\n\n\n<p>Se\ntrata de un espacio \u00fanico en el mundo ya que es el primer laboratorio taller\nque re\u00fane varios de los subsistemas que componen un cable a\u00e9reo. Cuenta con\ndiferentes m\u00f3dulos como banco de pruebas para la cadena cinem\u00e1tica, m\u00f3dulos de\nsimulaci\u00f3n, sistema de diagn\u00f3stico del estado de la pinza en l\u00ednea, banco de\npruebas el\u00e9ctricas y electr\u00f3nicas y sistema de izaje.<\/p>\n\n\n\n<p><strong>ALIANZA POSITIVA<\/strong><\/p>\n\n\n\n<p>El Metro Medell\u00edn\nconsidera esta iniciativa una muestra m\u00e1s de la positiva alianza que se ha\ndesarrollado entre el Metro de Medell\u00edn y la Universidad EAFIT, la cual ha\npermitido, entre otros logros, la consecuci\u00f3n de patentes nacionales e\ninternacionales y la generaci\u00f3n de conocimiento aplicable en diferentes temas\nrelacionados con la movilidad.<\/p>\n","protected":false},"excerpt":{"rendered":"<p>En el \u00faltimo trimestre de 2018 se inaugur\u00f3 en Medell\u00edn, Colombia, el primer laboratorio de cables a\u00e9reo del mundo. La Direcci\u00f3n de Comunicaciones del Metro Medell\u00edn informa que el laboratorio est\u00e1 ubicado en la estaci\u00f3n de Metrocable La Aurora, de la l\u00ednea J de aquel sistema. El laboratorio resulta de un convenio entre el Metro [&hellip;]<\/p>\n","protected":false},"author":2,"featured_media":3851,"comment_status":"closed","ping_status":"closed","sticky":false,"template":"","format":"standard","meta":{"footnotes":""},"categories":[287],"tags":[775,81,817,816,819],"class_list":["post-3849","post","type-post","status-publish","format-standard","has-post-thumbnail","hentry","category-notas","tag-destaque","tag-medellin","tag-metro-medellin","tag-metrocable","tag-universidad-eafit"],"yoast_head":"<!-- This site is optimized with the Yoast SEO plugin v26.9 - https:\/\/yoast.com\/product\/yoast-seo-wordpress\/ -->\n<title>En Medell\u00edn, un laboratorio de cables | Mobilitas<\/title>\n<meta name=\"robots\" content=\"index, follow, max-snippet:-1, max-image-preview:large, max-video-preview:-1\" \/>\n<link rel=\"canonical\" href=\"https:\/\/mobilitas.lat\/es\/2019\/01\/12\/en-medellin-un-laboratorio-de-cables\/\" \/>\n<meta property=\"og:locale\" content=\"es_ES\" \/>\n<meta property=\"og:type\" content=\"article\" \/>\n<meta property=\"og:title\" content=\"En Medell\u00edn, un laboratorio de cables | Mobilitas\" \/>\n<meta property=\"og:description\" content=\"En el \u00faltimo trimestre de 2018 se inaugur\u00f3 en Medell\u00edn, Colombia, el primer laboratorio de cables a\u00e9reo del mundo. La Direcci\u00f3n de Comunicaciones del Metro Medell\u00edn informa que el laboratorio est\u00e1 ubicado en la estaci\u00f3n de Metrocable La Aurora, de la l\u00ednea J de aquel sistema. El laboratorio resulta de un convenio entre el Metro [&hellip;]\" \/>\n<meta property=\"og:url\" content=\"https:\/\/mobilitas.lat\/es\/2019\/01\/12\/en-medellin-un-laboratorio-de-cables\/\" \/>\n<meta property=\"og:site_name\" content=\"Mobilitas\" \/>\n<meta property=\"article:published_time\" content=\"2019-01-12T03:32:47+00:00\" \/>\n<meta property=\"article:modified_time\" content=\"2019-01-12T03:32:49+00:00\" \/>\n<meta property=\"og:image\" content=\"https:\/\/storage.mobilitas.lat\/uploads\/2019\/01\/MOBILITAS-LABORATORIO-DE-CABLES.png\" \/>\n\t<meta property=\"og:image:width\" content=\"565\" \/>\n\t<meta property=\"og:image:height\" content=\"267\" \/>\n\t<meta property=\"og:image:type\" content=\"image\/png\" \/>\n<meta name=\"author\" content=\"Alexandre Asquini\" \/>\n<meta name=\"twitter:card\" content=\"summary_large_image\" \/>\n<meta name=\"twitter:label1\" content=\"Written by\" \/>\n\t<meta name=\"twitter:data1\" content=\"Alexandre Asquini\" \/>\n\t<meta name=\"twitter:label2\" content=\"Est. reading time\" \/>\n\t<meta name=\"twitter:data2\" content=\"2 minutes\" \/>\n<script type=\"application\/ld+json\" class=\"yoast-schema-graph\">{\"@context\":\"https:\/\/schema.org\",\"@graph\":[{\"@type\":\"Article\",\"@id\":\"https:\/\/mobilitas.lat\/es\/2019\/01\/12\/en-medellin-un-laboratorio-de-cables\/#article\",\"isPartOf\":{\"@id\":\"https:\/\/mobilitas.lat\/es\/2019\/01\/12\/en-medellin-un-laboratorio-de-cables\/\"},\"author\":{\"name\":\"Alexandre Asquini\",\"@id\":\"https:\/\/mobilitas.lat\/es\/#\/schema\/person\/cae0d01ccbe855d1858d146e4c4d582d\"},\"headline\":\"En Medell\u00edn, un laboratorio de cables\",\"datePublished\":\"2019-01-12T03:32:47+00:00\",\"dateModified\":\"2019-01-12T03:32:49+00:00\",\"mainEntityOfPage\":{\"@id\":\"https:\/\/mobilitas.lat\/es\/2019\/01\/12\/en-medellin-un-laboratorio-de-cables\/\"},\"wordCount\":314,\"publisher\":{\"@id\":\"https:\/\/mobilitas.lat\/es\/#organization\"},\"image\":{\"@id\":\"https:\/\/mobilitas.lat\/es\/2019\/01\/12\/en-medellin-un-laboratorio-de-cables\/#primaryimage\"},\"thumbnailUrl\":\"https:\/\/storage.mobilitas.lat\/uploads\/2019\/01\/MOBILITAS-LABORATORIO-DE-CABLES.png\",\"keywords\":[\"destaque\",\"Medellin\",\"METRO MEDELL\u00cdN\",\"METROCABLE\",\"UNIVERSIDAD EAFIT\"],\"articleSection\":[\"Notas\"],\"inLanguage\":\"es-ES\"},{\"@type\":\"WebPage\",\"@id\":\"https:\/\/mobilitas.lat\/es\/2019\/01\/12\/en-medellin-un-laboratorio-de-cables\/\",\"url\":\"https:\/\/mobilitas.lat\/es\/2019\/01\/12\/en-medellin-un-laboratorio-de-cables\/\",\"name\":\"En Medell\u00edn, un laboratorio de cables | Mobilitas\",\"isPartOf\":{\"@id\":\"https:\/\/mobilitas.lat\/es\/#website\"},\"primaryImageOfPage\":{\"@id\":\"https:\/\/mobilitas.lat\/es\/2019\/01\/12\/en-medellin-un-laboratorio-de-cables\/#primaryimage\"},\"image\":{\"@id\":\"https:\/\/mobilitas.lat\/es\/2019\/01\/12\/en-medellin-un-laboratorio-de-cables\/#primaryimage\"},\"thumbnailUrl\":\"https:\/\/storage.mobilitas.lat\/uploads\/2019\/01\/MOBILITAS-LABORATORIO-DE-CABLES.png\",\"datePublished\":\"2019-01-12T03:32:47+00:00\",\"dateModified\":\"2019-01-12T03:32:49+00:00\",\"breadcrumb\":{\"@id\":\"https:\/\/mobilitas.lat\/es\/2019\/01\/12\/en-medellin-un-laboratorio-de-cables\/#breadcrumb\"},\"inLanguage\":\"es-ES\",\"potentialAction\":[{\"@type\":\"ReadAction\",\"target\":[\"https:\/\/mobilitas.lat\/es\/2019\/01\/12\/en-medellin-un-laboratorio-de-cables\/\"]}]},{\"@type\":\"ImageObject\",\"inLanguage\":\"es-ES\",\"@id\":\"https:\/\/mobilitas.lat\/es\/2019\/01\/12\/en-medellin-un-laboratorio-de-cables\/#primaryimage\",\"url\":\"https:\/\/storage.mobilitas.lat\/uploads\/2019\/01\/MOBILITAS-LABORATORIO-DE-CABLES.png\",\"contentUrl\":\"https:\/\/storage.mobilitas.lat\/uploads\/2019\/01\/MOBILITAS-LABORATORIO-DE-CABLES.png\",\"width\":565,\"height\":267,\"caption\":\"Aspecto del laboratorio. Foto: Metro Medell\u00edn\"},{\"@type\":\"BreadcrumbList\",\"@id\":\"https:\/\/mobilitas.lat\/es\/2019\/01\/12\/en-medellin-un-laboratorio-de-cables\/#breadcrumb\",\"itemListElement\":[{\"@type\":\"ListItem\",\"position\":1,\"name\":\"In\u00edcio\",\"item\":\"https:\/\/mobilitas.lat\/es\/\"},{\"@type\":\"ListItem\",\"position\":2,\"name\":\"En Medell\u00edn, un laboratorio de cables\"}]},{\"@type\":\"WebSite\",\"@id\":\"https:\/\/mobilitas.lat\/es\/#website\",\"url\":\"https:\/\/mobilitas.lat\/es\/\",\"name\":\"Mobilitas\",\"description\":\"Tecnologia e Mobilidade Urbana na Am\u00e9rica Latina\",\"publisher\":{\"@id\":\"https:\/\/mobilitas.lat\/es\/#organization\"},\"potentialAction\":[{\"@type\":\"SearchAction\",\"target\":{\"@type\":\"EntryPoint\",\"urlTemplate\":\"https:\/\/mobilitas.lat\/es\/?s={search_term_string}\"},\"query-input\":{\"@type\":\"PropertyValueSpecification\",\"valueRequired\":true,\"valueName\":\"search_term_string\"}}],\"inLanguage\":\"es-ES\"},{\"@type\":\"Organization\",\"@id\":\"https:\/\/mobilitas.lat\/es\/#organization\",\"name\":\"OTM Editora\",\"url\":\"https:\/\/mobilitas.lat\/es\/\",\"logo\":{\"@type\":\"ImageObject\",\"inLanguage\":\"es-ES\",\"@id\":\"https:\/\/mobilitas.lat\/es\/#\/schema\/logo\/image\/\",\"url\":\"https:\/\/mobilitas.lat\/wp-content\/uploads\/2024\/03\/opengraph.png\",\"contentUrl\":\"https:\/\/mobilitas.lat\/wp-content\/uploads\/2024\/03\/opengraph.png\",\"width\":1200,\"height\":630,\"caption\":\"OTM Editora\"},\"image\":{\"@id\":\"https:\/\/mobilitas.lat\/es\/#\/schema\/logo\/image\/\"}},{\"@type\":\"Person\",\"@id\":\"https:\/\/mobilitas.lat\/es\/#\/schema\/person\/cae0d01ccbe855d1858d146e4c4d582d\",\"name\":\"Alexandre Asquini\",\"image\":{\"@type\":\"ImageObject\",\"inLanguage\":\"es-ES\",\"@id\":\"https:\/\/mobilitas.lat\/es\/#\/schema\/person\/image\/\",\"url\":\"https:\/\/secure.gravatar.com\/avatar\/aac99dbef1420f75cc7d86913eb8a7cdfbe13e2509ad7a45649a61414f6d2785?s=96&d=mm&r=g\",\"contentUrl\":\"https:\/\/secure.gravatar.com\/avatar\/aac99dbef1420f75cc7d86913eb8a7cdfbe13e2509ad7a45649a61414f6d2785?s=96&d=mm&r=g\",\"caption\":\"Alexandre Asquini\"}}]}<\/script>\n<!-- \/ Yoast SEO plugin. -->","yoast_head_json":{"title":"En Medell\u00edn, un laboratorio de cables | Mobilitas","robots":{"index":"index","follow":"follow","max-snippet":"max-snippet:-1","max-image-preview":"max-image-preview:large","max-video-preview":"max-video-preview:-1"},"canonical":"https:\/\/mobilitas.lat\/es\/2019\/01\/12\/en-medellin-un-laboratorio-de-cables\/","og_locale":"es_ES","og_type":"article","og_title":"En Medell\u00edn, un laboratorio de cables | Mobilitas","og_description":"En el \u00faltimo trimestre de 2018 se inaugur\u00f3 en Medell\u00edn, Colombia, el primer laboratorio de cables a\u00e9reo del mundo. La Direcci\u00f3n de Comunicaciones del Metro Medell\u00edn informa que el laboratorio est\u00e1 ubicado en la estaci\u00f3n de Metrocable La Aurora, de la l\u00ednea J de aquel sistema. El laboratorio resulta de un convenio entre el Metro [&hellip;]","og_url":"https:\/\/mobilitas.lat\/es\/2019\/01\/12\/en-medellin-un-laboratorio-de-cables\/","og_site_name":"Mobilitas","article_published_time":"2019-01-12T03:32:47+00:00","article_modified_time":"2019-01-12T03:32:49+00:00","og_image":[{"width":565,"height":267,"url":"https:\/\/storage.mobilitas.lat\/uploads\/2019\/01\/MOBILITAS-LABORATORIO-DE-CABLES.png","type":"image\/png"}],"author":"Alexandre Asquini","twitter_card":"summary_large_image","twitter_misc":{"Written by":"Alexandre Asquini","Est. reading time":"2 minutes"},"schema":{"@context":"https:\/\/schema.org","@graph":[{"@type":"Article","@id":"https:\/\/mobilitas.lat\/es\/2019\/01\/12\/en-medellin-un-laboratorio-de-cables\/#article","isPartOf":{"@id":"https:\/\/mobilitas.lat\/es\/2019\/01\/12\/en-medellin-un-laboratorio-de-cables\/"},"author":{"name":"Alexandre Asquini","@id":"https:\/\/mobilitas.lat\/es\/#\/schema\/person\/cae0d01ccbe855d1858d146e4c4d582d"},"headline":"En Medell\u00edn, un laboratorio de cables","datePublished":"2019-01-12T03:32:47+00:00","dateModified":"2019-01-12T03:32:49+00:00","mainEntityOfPage":{"@id":"https:\/\/mobilitas.lat\/es\/2019\/01\/12\/en-medellin-un-laboratorio-de-cables\/"},"wordCount":314,"publisher":{"@id":"https:\/\/mobilitas.lat\/es\/#organization"},"image":{"@id":"https:\/\/mobilitas.lat\/es\/2019\/01\/12\/en-medellin-un-laboratorio-de-cables\/#primaryimage"},"thumbnailUrl":"https:\/\/storage.mobilitas.lat\/uploads\/2019\/01\/MOBILITAS-LABORATORIO-DE-CABLES.png","keywords":["destaque","Medellin","METRO MEDELL\u00cdN","METROCABLE","UNIVERSIDAD EAFIT"],"articleSection":["Notas"],"inLanguage":"es-ES"},{"@type":"WebPage","@id":"https:\/\/mobilitas.lat\/es\/2019\/01\/12\/en-medellin-un-laboratorio-de-cables\/","url":"https:\/\/mobilitas.lat\/es\/2019\/01\/12\/en-medellin-un-laboratorio-de-cables\/","name":"En Medell\u00edn, un laboratorio de cables | Mobilitas","isPartOf":{"@id":"https:\/\/mobilitas.lat\/es\/#website"},"primaryImageOfPage":{"@id":"https:\/\/mobilitas.lat\/es\/2019\/01\/12\/en-medellin-un-laboratorio-de-cables\/#primaryimage"},"image":{"@id":"https:\/\/mobilitas.lat\/es\/2019\/01\/12\/en-medellin-un-laboratorio-de-cables\/#primaryimage"},"thumbnailUrl":"https:\/\/storage.mobilitas.lat\/uploads\/2019\/01\/MOBILITAS-LABORATORIO-DE-CABLES.png","datePublished":"2019-01-12T03:32:47+00:00","dateModified":"2019-01-12T03:32:49+00:00","breadcrumb":{"@id":"https:\/\/mobilitas.lat\/es\/2019\/01\/12\/en-medellin-un-laboratorio-de-cables\/#breadcrumb"},"inLanguage":"es-ES","potentialAction":[{"@type":"ReadAction","target":["https:\/\/mobilitas.lat\/es\/2019\/01\/12\/en-medellin-un-laboratorio-de-cables\/"]}]},{"@type":"ImageObject","inLanguage":"es-ES","@id":"https:\/\/mobilitas.lat\/es\/2019\/01\/12\/en-medellin-un-laboratorio-de-cables\/#primaryimage","url":"https:\/\/storage.mobilitas.lat\/uploads\/2019\/01\/MOBILITAS-LABORATORIO-DE-CABLES.png","contentUrl":"https:\/\/storage.mobilitas.lat\/uploads\/2019\/01\/MOBILITAS-LABORATORIO-DE-CABLES.png","width":565,"height":267,"caption":"Aspecto del laboratorio. Foto: Metro Medell\u00edn"},{"@type":"BreadcrumbList","@id":"https:\/\/mobilitas.lat\/es\/2019\/01\/12\/en-medellin-un-laboratorio-de-cables\/#breadcrumb","itemListElement":[{"@type":"ListItem","position":1,"name":"In\u00edcio","item":"https:\/\/mobilitas.lat\/es\/"},{"@type":"ListItem","position":2,"name":"En Medell\u00edn, un laboratorio de cables"}]},{"@type":"WebSite","@id":"https:\/\/mobilitas.lat\/es\/#website","url":"https:\/\/mobilitas.lat\/es\/","name":"Mobilitas","description":"Tecnologia e Mobilidade Urbana na Am\u00e9rica Latina","publisher":{"@id":"https:\/\/mobilitas.lat\/es\/#organization"},"potentialAction":[{"@type":"SearchAction","target":{"@type":"EntryPoint","urlTemplate":"https:\/\/mobilitas.lat\/es\/?s={search_term_string}"},"query-input":{"@type":"PropertyValueSpecification","valueRequired":true,"valueName":"search_term_string"}}],"inLanguage":"es-ES"},{"@type":"Organization","@id":"https:\/\/mobilitas.lat\/es\/#organization","name":"OTM Editora","url":"https:\/\/mobilitas.lat\/es\/","logo":{"@type":"ImageObject","inLanguage":"es-ES","@id":"https:\/\/mobilitas.lat\/es\/#\/schema\/logo\/image\/","url":"https:\/\/mobilitas.lat\/wp-content\/uploads\/2024\/03\/opengraph.png","contentUrl":"https:\/\/mobilitas.lat\/wp-content\/uploads\/2024\/03\/opengraph.png","width":1200,"height":630,"caption":"OTM Editora"},"image":{"@id":"https:\/\/mobilitas.lat\/es\/#\/schema\/logo\/image\/"}},{"@type":"Person","@id":"https:\/\/mobilitas.lat\/es\/#\/schema\/person\/cae0d01ccbe855d1858d146e4c4d582d","name":"Alexandre Asquini","image":{"@type":"ImageObject","inLanguage":"es-ES","@id":"https:\/\/mobilitas.lat\/es\/#\/schema\/person\/image\/","url":"https:\/\/secure.gravatar.com\/avatar\/aac99dbef1420f75cc7d86913eb8a7cdfbe13e2509ad7a45649a61414f6d2785?s=96&d=mm&r=g","contentUrl":"https:\/\/secure.gravatar.com\/avatar\/aac99dbef1420f75cc7d86913eb8a7cdfbe13e2509ad7a45649a61414f6d2785?s=96&d=mm&r=g","caption":"Alexandre Asquini"}}]}},"_links":{"self":[{"href":"https:\/\/mobilitas.lat\/es\/wp-json\/wp\/v2\/posts\/3849","targetHints":{"allow":["GET"]}}],"collection":[{"href":"https:\/\/mobilitas.lat\/es\/wp-json\/wp\/v2\/posts"}],"about":[{"href":"https:\/\/mobilitas.lat\/es\/wp-json\/wp\/v2\/types\/post"}],"author":[{"embeddable":true,"href":"https:\/\/mobilitas.lat\/es\/wp-json\/wp\/v2\/users\/2"}],"replies":[{"embeddable":true,"href":"https:\/\/mobilitas.lat\/es\/wp-json\/wp\/v2\/comments?post=3849"}],"version-history":[{"count":3,"href":"https:\/\/mobilitas.lat\/es\/wp-json\/wp\/v2\/posts\/3849\/revisions"}],"predecessor-version":[{"id":3854,"href":"https:\/\/mobilitas.lat\/es\/wp-json\/wp\/v2\/posts\/3849\/revisions\/3854"}],"wp:featuredmedia":[{"embeddable":true,"href":"https:\/\/mobilitas.lat\/es\/wp-json\/wp\/v2\/media\/3851"}],"wp:attachment":[{"href":"https:\/\/mobilitas.lat\/es\/wp-json\/wp\/v2\/media?parent=3849"}],"wp:term":[{"taxonomy":"category","embeddable":true,"href":"https:\/\/mobilitas.lat\/es\/wp-json\/wp\/v2\/categories?post=3849"},{"taxonomy":"post_tag","embeddable":true,"href":"https:\/\/mobilitas.lat\/es\/wp-json\/wp\/v2\/tags?post=3849"}],"curies":[{"name":"wp","href":"https:\/\/api.w.org\/{rel}","templated":true}]}}