{"id":3636,"date":"2018-12-24T01:04:25","date_gmt":"2018-12-24T03:04:25","guid":{"rendered":"https:\/\/mobilitas.lat\/?p=3636"},"modified":"2018-12-24T01:13:14","modified_gmt":"2018-12-24T03:13:14","slug":"en-brasil-un-cuaderno-tecnico-sobre-viabilidad-de-proyectos-de-movilidad-urbana-con-base-en-transporte-sobre-rieles","status":"publish","type":"post","link":"https:\/\/mobilitas.lat\/es\/2018\/12\/24\/en-brasil-un-cuaderno-tecnico-sobre-viabilidad-de-proyectos-de-movilidad-urbana-con-base-en-transporte-sobre-rieles\/","title":{"rendered":"En Brasil, un cuaderno t\u00e9cnico sobre viabilidad de proyectos de movilidad urbana con base en transporte sobre rieles"},"content":{"rendered":"\n<p>En colaboraci\u00f3n con el Ministerio de las Ciudades de Brasil, a trav\u00e9s de la\nSecretar\u00eda Nacional de Movilidad Urbana, la Asociaci\u00f3n Nacional de Transportadores\nde Pasajeros por Ferrocarril (ANPTrilhos) lanz\u00f3 en diciembre la publicaci\u00f3n en\nportugu\u00e9s titulada <em>01 \u2013 Caderno T\u00e9cnico de Estudos de\nViabilidade (Cuaderno T\u00e9cnico de Estudio de Viabilidad)<\/em> que se puede\nacceder y descargar a trav\u00e9s de un enlace al final de esta noticia.<\/p>\n\n\n\n<p>En la introducci\u00f3n, un texto firmado por ANPTrilhos destaca que el objetivo\nde la publicaci\u00f3n es &#8220;contribuir de manera asertiva en la realizaci\u00f3n del\nplaneamiento con criterios que posibiliten una l\u00f3gica estructurada de\nevaluaciones preliminares en la elaboraci\u00f3n de estudios de viabilidad t\u00e9cnica y\nfinanciera de un proyecto de movilidad urbana de transporte de pasajeros sobre\nrieles\u201d.<\/p>\n\n\n\n<p>Con 72 p\u00e1ginas incluyendo las portadas y contando con hermosas fotograf\u00edas\nde ambientes metro ferroviarios, la publicaci\u00f3n, en su parte sustantiva, est\u00e1\norganizada en siete secciones, cubriendo los siguientes t\u00f3picos: Estudios\nurbanos y planificaci\u00f3n de la red de transporte, Caracterizaci\u00f3n del \u00e1rea de influencia,\nCaracterizaci\u00f3n del trazado, Estudio de demanda, Concepci\u00f3n t\u00e9cnica y operativa, &nbsp;Elaboraci\u00f3n de plan operativo, Evaluaci\u00f3n\necon\u00f3mica y financiera, An\u00e1lisis jur\u00eddico.<\/p>\n\n\n\n<p>El presidente de ANPTrilhos, Joubert Flores, se\u00f1al\u00f3 que el cuaderno t\u00e9cnico\nsignifica &#8220;una importante herramienta para compartir el conocimiento\nt\u00e9cnico, jur\u00eddico y regulatorio de los operadores metro ferroviarios con los\nformuladores de pol\u00edticas p\u00fablicas, contribuyendo a que nuevos y buenos\nproyectos sean desarrollados para la expansi\u00f3n de los mercados de sistemas de\nmetro ferroviarios en Brasil.<\/p>\n","protected":false},"excerpt":{"rendered":"<p>En colaboraci\u00f3n con el Ministerio de las Ciudades de Brasil, a trav\u00e9s de la Secretar\u00eda Nacional de Movilidad Urbana, la Asociaci\u00f3n Nacional de Transportadores de Pasajeros por Ferrocarril (ANPTrilhos) lanz\u00f3 en diciembre la publicaci\u00f3n en portugu\u00e9s titulada 01 \u2013 Caderno T\u00e9cnico de Estudos de Viabilidade (Cuaderno T\u00e9cnico de Estudio de Viabilidad) que se puede acceder [&hellip;]<\/p>\n","protected":false},"author":2,"featured_media":3647,"comment_status":"closed","ping_status":"closed","sticky":false,"template":"","format":"standard","meta":{"footnotes":""},"categories":[287,306],"tags":[225,47,614],"class_list":["post-3636","post","type-post","status-publish","format-standard","has-post-thumbnail","hentry","category-notas","category-publicaciones","tag-anptrilhos","tag-brasil","tag-transporte-de-pasajeros-osbre-rieles"],"yoast_head":"<!-- This site is optimized with the Yoast SEO plugin v26.9 - https:\/\/yoast.com\/product\/yoast-seo-wordpress\/ -->\n<title>En Brasil, un cuaderno t\u00e9cnico sobre viabilidad de proyectos de movilidad urbana con base en transporte sobre rieles | Mobilitas<\/title>\n<meta name=\"robots\" content=\"index, follow, max-snippet:-1, max-image-preview:large, max-video-preview:-1\" \/>\n<link rel=\"canonical\" href=\"https:\/\/mobilitas.lat\/es\/2018\/12\/24\/en-brasil-un-cuaderno-tecnico-sobre-viabilidad-de-proyectos-de-movilidad-urbana-con-base-en-transporte-sobre-rieles\/\" \/>\n<meta property=\"og:locale\" content=\"es_ES\" \/>\n<meta property=\"og:type\" content=\"article\" \/>\n<meta property=\"og:title\" content=\"En Brasil, un cuaderno t\u00e9cnico sobre viabilidad de proyectos de movilidad urbana con base en transporte sobre rieles | Mobilitas\" \/>\n<meta property=\"og:description\" content=\"En colaboraci\u00f3n con el Ministerio de las Ciudades de Brasil, a trav\u00e9s de la Secretar\u00eda Nacional de Movilidad Urbana, la Asociaci\u00f3n Nacional de Transportadores de Pasajeros por Ferrocarril (ANPTrilhos) lanz\u00f3 en diciembre la publicaci\u00f3n en portugu\u00e9s titulada 01 \u2013 Caderno T\u00e9cnico de Estudos de Viabilidade (Cuaderno T\u00e9cnico de Estudio de Viabilidad) que se puede acceder [&hellip;]\" \/>\n<meta property=\"og:url\" content=\"https:\/\/mobilitas.lat\/es\/2018\/12\/24\/en-brasil-un-cuaderno-tecnico-sobre-viabilidad-de-proyectos-de-movilidad-urbana-con-base-en-transporte-sobre-rieles\/\" \/>\n<meta property=\"og:site_name\" content=\"Mobilitas\" \/>\n<meta property=\"article:published_time\" content=\"2018-12-24T03:04:25+00:00\" \/>\n<meta property=\"article:modified_time\" content=\"2018-12-24T03:13:14+00:00\" \/>\n<meta property=\"og:image\" content=\"https:\/\/storage.mobilitas.lat\/uploads\/2018\/12\/MOBILITAS-CADERNO-T\u00c9CNICO-DE-ESTUDO-DE-VIABILIDADE-2.png\" \/>\n\t<meta property=\"og:image:width\" content=\"505\" \/>\n\t<meta property=\"og:image:height\" content=\"308\" \/>\n\t<meta property=\"og:image:type\" content=\"image\/png\" \/>\n<meta name=\"author\" content=\"Alexandre Asquini\" \/>\n<meta name=\"twitter:card\" content=\"summary_large_image\" \/>\n<meta name=\"twitter:label1\" content=\"Written by\" \/>\n\t<meta name=\"twitter:data1\" content=\"Alexandre Asquini\" \/>\n\t<meta name=\"twitter:label2\" content=\"Est. reading time\" \/>\n\t<meta name=\"twitter:data2\" content=\"1 minute\" \/>\n<script type=\"application\/ld+json\" class=\"yoast-schema-graph\">{\"@context\":\"https:\/\/schema.org\",\"@graph\":[{\"@type\":\"Article\",\"@id\":\"https:\/\/mobilitas.lat\/es\/2018\/12\/24\/en-brasil-un-cuaderno-tecnico-sobre-viabilidad-de-proyectos-de-movilidad-urbana-con-base-en-transporte-sobre-rieles\/#article\",\"isPartOf\":{\"@id\":\"https:\/\/mobilitas.lat\/es\/2018\/12\/24\/en-brasil-un-cuaderno-tecnico-sobre-viabilidad-de-proyectos-de-movilidad-urbana-con-base-en-transporte-sobre-rieles\/\"},\"author\":{\"name\":\"Alexandre Asquini\",\"@id\":\"https:\/\/mobilitas.lat\/es\/#\/schema\/person\/cae0d01ccbe855d1858d146e4c4d582d\"},\"headline\":\"En Brasil, un cuaderno t\u00e9cnico sobre viabilidad de proyectos de movilidad urbana con base en transporte sobre rieles\",\"datePublished\":\"2018-12-24T03:04:25+00:00\",\"dateModified\":\"2018-12-24T03:13:14+00:00\",\"mainEntityOfPage\":{\"@id\":\"https:\/\/mobilitas.lat\/es\/2018\/12\/24\/en-brasil-un-cuaderno-tecnico-sobre-viabilidad-de-proyectos-de-movilidad-urbana-con-base-en-transporte-sobre-rieles\/\"},\"wordCount\":297,\"publisher\":{\"@id\":\"https:\/\/mobilitas.lat\/es\/#organization\"},\"image\":{\"@id\":\"https:\/\/mobilitas.lat\/es\/2018\/12\/24\/en-brasil-un-cuaderno-tecnico-sobre-viabilidad-de-proyectos-de-movilidad-urbana-con-base-en-transporte-sobre-rieles\/#primaryimage\"},\"thumbnailUrl\":\"https:\/\/storage.mobilitas.lat\/uploads\/2018\/12\/MOBILITAS-CADERNO-T\u00c9CNICO-DE-ESTUDO-DE-VIABILIDADE-2.png\",\"keywords\":[\"ANPTRILHOS\",\"BRASIL\",\"TRANSPORTE DE PASAJEROS OSBRE RIELES\"],\"articleSection\":[\"Notas\",\"Publicaciones\"],\"inLanguage\":\"es-ES\"},{\"@type\":\"WebPage\",\"@id\":\"https:\/\/mobilitas.lat\/es\/2018\/12\/24\/en-brasil-un-cuaderno-tecnico-sobre-viabilidad-de-proyectos-de-movilidad-urbana-con-base-en-transporte-sobre-rieles\/\",\"url\":\"https:\/\/mobilitas.lat\/es\/2018\/12\/24\/en-brasil-un-cuaderno-tecnico-sobre-viabilidad-de-proyectos-de-movilidad-urbana-con-base-en-transporte-sobre-rieles\/\",\"name\":\"En Brasil, un cuaderno t\u00e9cnico sobre viabilidad de proyectos de movilidad urbana con base en transporte sobre rieles | Mobilitas\",\"isPartOf\":{\"@id\":\"https:\/\/mobilitas.lat\/es\/#website\"},\"primaryImageOfPage\":{\"@id\":\"https:\/\/mobilitas.lat\/es\/2018\/12\/24\/en-brasil-un-cuaderno-tecnico-sobre-viabilidad-de-proyectos-de-movilidad-urbana-con-base-en-transporte-sobre-rieles\/#primaryimage\"},\"image\":{\"@id\":\"https:\/\/mobilitas.lat\/es\/2018\/12\/24\/en-brasil-un-cuaderno-tecnico-sobre-viabilidad-de-proyectos-de-movilidad-urbana-con-base-en-transporte-sobre-rieles\/#primaryimage\"},\"thumbnailUrl\":\"https:\/\/storage.mobilitas.lat\/uploads\/2018\/12\/MOBILITAS-CADERNO-T\u00c9CNICO-DE-ESTUDO-DE-VIABILIDADE-2.png\",\"datePublished\":\"2018-12-24T03:04:25+00:00\",\"dateModified\":\"2018-12-24T03:13:14+00:00\",\"breadcrumb\":{\"@id\":\"https:\/\/mobilitas.lat\/es\/2018\/12\/24\/en-brasil-un-cuaderno-tecnico-sobre-viabilidad-de-proyectos-de-movilidad-urbana-con-base-en-transporte-sobre-rieles\/#breadcrumb\"},\"inLanguage\":\"es-ES\",\"potentialAction\":[{\"@type\":\"ReadAction\",\"target\":[\"https:\/\/mobilitas.lat\/es\/2018\/12\/24\/en-brasil-un-cuaderno-tecnico-sobre-viabilidad-de-proyectos-de-movilidad-urbana-con-base-en-transporte-sobre-rieles\/\"]}]},{\"@type\":\"ImageObject\",\"inLanguage\":\"es-ES\",\"@id\":\"https:\/\/mobilitas.lat\/es\/2018\/12\/24\/en-brasil-un-cuaderno-tecnico-sobre-viabilidad-de-proyectos-de-movilidad-urbana-con-base-en-transporte-sobre-rieles\/#primaryimage\",\"url\":\"https:\/\/storage.mobilitas.lat\/uploads\/2018\/12\/MOBILITAS-CADERNO-T\u00c9CNICO-DE-ESTUDO-DE-VIABILIDADE-2.png\",\"contentUrl\":\"https:\/\/storage.mobilitas.lat\/uploads\/2018\/12\/MOBILITAS-CADERNO-T\u00c9CNICO-DE-ESTUDO-DE-VIABILIDADE-2.png\",\"width\":505,\"height\":308},{\"@type\":\"BreadcrumbList\",\"@id\":\"https:\/\/mobilitas.lat\/es\/2018\/12\/24\/en-brasil-un-cuaderno-tecnico-sobre-viabilidad-de-proyectos-de-movilidad-urbana-con-base-en-transporte-sobre-rieles\/#breadcrumb\",\"itemListElement\":[{\"@type\":\"ListItem\",\"position\":1,\"name\":\"In\u00edcio\",\"item\":\"https:\/\/mobilitas.lat\/es\/\"},{\"@type\":\"ListItem\",\"position\":2,\"name\":\"En Brasil, un cuaderno t\u00e9cnico sobre viabilidad de proyectos de movilidad urbana con base en transporte sobre rieles\"}]},{\"@type\":\"WebSite\",\"@id\":\"https:\/\/mobilitas.lat\/es\/#website\",\"url\":\"https:\/\/mobilitas.lat\/es\/\",\"name\":\"Mobilitas\",\"description\":\"Tecnologia e Mobilidade Urbana na Am\u00e9rica Latina\",\"publisher\":{\"@id\":\"https:\/\/mobilitas.lat\/es\/#organization\"},\"potentialAction\":[{\"@type\":\"SearchAction\",\"target\":{\"@type\":\"EntryPoint\",\"urlTemplate\":\"https:\/\/mobilitas.lat\/es\/?s={search_term_string}\"},\"query-input\":{\"@type\":\"PropertyValueSpecification\",\"valueRequired\":true,\"valueName\":\"search_term_string\"}}],\"inLanguage\":\"es-ES\"},{\"@type\":\"Organization\",\"@id\":\"https:\/\/mobilitas.lat\/es\/#organization\",\"name\":\"OTM Editora\",\"url\":\"https:\/\/mobilitas.lat\/es\/\",\"logo\":{\"@type\":\"ImageObject\",\"inLanguage\":\"es-ES\",\"@id\":\"https:\/\/mobilitas.lat\/es\/#\/schema\/logo\/image\/\",\"url\":\"https:\/\/mobilitas.lat\/wp-content\/uploads\/2024\/03\/opengraph.png\",\"contentUrl\":\"https:\/\/mobilitas.lat\/wp-content\/uploads\/2024\/03\/opengraph.png\",\"width\":1200,\"height\":630,\"caption\":\"OTM Editora\"},\"image\":{\"@id\":\"https:\/\/mobilitas.lat\/es\/#\/schema\/logo\/image\/\"}},{\"@type\":\"Person\",\"@id\":\"https:\/\/mobilitas.lat\/es\/#\/schema\/person\/cae0d01ccbe855d1858d146e4c4d582d\",\"name\":\"Alexandre Asquini\",\"image\":{\"@type\":\"ImageObject\",\"inLanguage\":\"es-ES\",\"@id\":\"https:\/\/mobilitas.lat\/es\/#\/schema\/person\/image\/\",\"url\":\"https:\/\/secure.gravatar.com\/avatar\/aac99dbef1420f75cc7d86913eb8a7cdfbe13e2509ad7a45649a61414f6d2785?s=96&d=mm&r=g\",\"contentUrl\":\"https:\/\/secure.gravatar.com\/avatar\/aac99dbef1420f75cc7d86913eb8a7cdfbe13e2509ad7a45649a61414f6d2785?s=96&d=mm&r=g\",\"caption\":\"Alexandre Asquini\"}}]}<\/script>\n<!-- \/ Yoast SEO plugin. -->","yoast_head_json":{"title":"En Brasil, un cuaderno t\u00e9cnico sobre viabilidad de proyectos de movilidad urbana con base en transporte sobre rieles | Mobilitas","robots":{"index":"index","follow":"follow","max-snippet":"max-snippet:-1","max-image-preview":"max-image-preview:large","max-video-preview":"max-video-preview:-1"},"canonical":"https:\/\/mobilitas.lat\/es\/2018\/12\/24\/en-brasil-un-cuaderno-tecnico-sobre-viabilidad-de-proyectos-de-movilidad-urbana-con-base-en-transporte-sobre-rieles\/","og_locale":"es_ES","og_type":"article","og_title":"En Brasil, un cuaderno t\u00e9cnico sobre viabilidad de proyectos de movilidad urbana con base en transporte sobre rieles | Mobilitas","og_description":"En colaboraci\u00f3n con el Ministerio de las Ciudades de Brasil, a trav\u00e9s de la Secretar\u00eda Nacional de Movilidad Urbana, la Asociaci\u00f3n Nacional de Transportadores de Pasajeros por Ferrocarril (ANPTrilhos) lanz\u00f3 en diciembre la publicaci\u00f3n en portugu\u00e9s titulada 01 \u2013 Caderno T\u00e9cnico de Estudos de Viabilidade (Cuaderno T\u00e9cnico de Estudio de Viabilidad) que se puede acceder [&hellip;]","og_url":"https:\/\/mobilitas.lat\/es\/2018\/12\/24\/en-brasil-un-cuaderno-tecnico-sobre-viabilidad-de-proyectos-de-movilidad-urbana-con-base-en-transporte-sobre-rieles\/","og_site_name":"Mobilitas","article_published_time":"2018-12-24T03:04:25+00:00","article_modified_time":"2018-12-24T03:13:14+00:00","og_image":[{"width":505,"height":308,"url":"https:\/\/storage.mobilitas.lat\/uploads\/2018\/12\/MOBILITAS-CADERNO-T\u00c9CNICO-DE-ESTUDO-DE-VIABILIDADE-2.png","type":"image\/png"}],"author":"Alexandre Asquini","twitter_card":"summary_large_image","twitter_misc":{"Written by":"Alexandre Asquini","Est. reading time":"1 minute"},"schema":{"@context":"https:\/\/schema.org","@graph":[{"@type":"Article","@id":"https:\/\/mobilitas.lat\/es\/2018\/12\/24\/en-brasil-un-cuaderno-tecnico-sobre-viabilidad-de-proyectos-de-movilidad-urbana-con-base-en-transporte-sobre-rieles\/#article","isPartOf":{"@id":"https:\/\/mobilitas.lat\/es\/2018\/12\/24\/en-brasil-un-cuaderno-tecnico-sobre-viabilidad-de-proyectos-de-movilidad-urbana-con-base-en-transporte-sobre-rieles\/"},"author":{"name":"Alexandre Asquini","@id":"https:\/\/mobilitas.lat\/es\/#\/schema\/person\/cae0d01ccbe855d1858d146e4c4d582d"},"headline":"En Brasil, un cuaderno t\u00e9cnico sobre viabilidad de proyectos de movilidad urbana con base en transporte sobre rieles","datePublished":"2018-12-24T03:04:25+00:00","dateModified":"2018-12-24T03:13:14+00:00","mainEntityOfPage":{"@id":"https:\/\/mobilitas.lat\/es\/2018\/12\/24\/en-brasil-un-cuaderno-tecnico-sobre-viabilidad-de-proyectos-de-movilidad-urbana-con-base-en-transporte-sobre-rieles\/"},"wordCount":297,"publisher":{"@id":"https:\/\/mobilitas.lat\/es\/#organization"},"image":{"@id":"https:\/\/mobilitas.lat\/es\/2018\/12\/24\/en-brasil-un-cuaderno-tecnico-sobre-viabilidad-de-proyectos-de-movilidad-urbana-con-base-en-transporte-sobre-rieles\/#primaryimage"},"thumbnailUrl":"https:\/\/storage.mobilitas.lat\/uploads\/2018\/12\/MOBILITAS-CADERNO-T\u00c9CNICO-DE-ESTUDO-DE-VIABILIDADE-2.png","keywords":["ANPTRILHOS","BRASIL","TRANSPORTE DE PASAJEROS OSBRE RIELES"],"articleSection":["Notas","Publicaciones"],"inLanguage":"es-ES"},{"@type":"WebPage","@id":"https:\/\/mobilitas.lat\/es\/2018\/12\/24\/en-brasil-un-cuaderno-tecnico-sobre-viabilidad-de-proyectos-de-movilidad-urbana-con-base-en-transporte-sobre-rieles\/","url":"https:\/\/mobilitas.lat\/es\/2018\/12\/24\/en-brasil-un-cuaderno-tecnico-sobre-viabilidad-de-proyectos-de-movilidad-urbana-con-base-en-transporte-sobre-rieles\/","name":"En Brasil, un cuaderno t\u00e9cnico sobre viabilidad de proyectos de movilidad urbana con base en transporte sobre rieles | Mobilitas","isPartOf":{"@id":"https:\/\/mobilitas.lat\/es\/#website"},"primaryImageOfPage":{"@id":"https:\/\/mobilitas.lat\/es\/2018\/12\/24\/en-brasil-un-cuaderno-tecnico-sobre-viabilidad-de-proyectos-de-movilidad-urbana-con-base-en-transporte-sobre-rieles\/#primaryimage"},"image":{"@id":"https:\/\/mobilitas.lat\/es\/2018\/12\/24\/en-brasil-un-cuaderno-tecnico-sobre-viabilidad-de-proyectos-de-movilidad-urbana-con-base-en-transporte-sobre-rieles\/#primaryimage"},"thumbnailUrl":"https:\/\/storage.mobilitas.lat\/uploads\/2018\/12\/MOBILITAS-CADERNO-T\u00c9CNICO-DE-ESTUDO-DE-VIABILIDADE-2.png","datePublished":"2018-12-24T03:04:25+00:00","dateModified":"2018-12-24T03:13:14+00:00","breadcrumb":{"@id":"https:\/\/mobilitas.lat\/es\/2018\/12\/24\/en-brasil-un-cuaderno-tecnico-sobre-viabilidad-de-proyectos-de-movilidad-urbana-con-base-en-transporte-sobre-rieles\/#breadcrumb"},"inLanguage":"es-ES","potentialAction":[{"@type":"ReadAction","target":["https:\/\/mobilitas.lat\/es\/2018\/12\/24\/en-brasil-un-cuaderno-tecnico-sobre-viabilidad-de-proyectos-de-movilidad-urbana-con-base-en-transporte-sobre-rieles\/"]}]},{"@type":"ImageObject","inLanguage":"es-ES","@id":"https:\/\/mobilitas.lat\/es\/2018\/12\/24\/en-brasil-un-cuaderno-tecnico-sobre-viabilidad-de-proyectos-de-movilidad-urbana-con-base-en-transporte-sobre-rieles\/#primaryimage","url":"https:\/\/storage.mobilitas.lat\/uploads\/2018\/12\/MOBILITAS-CADERNO-T\u00c9CNICO-DE-ESTUDO-DE-VIABILIDADE-2.png","contentUrl":"https:\/\/storage.mobilitas.lat\/uploads\/2018\/12\/MOBILITAS-CADERNO-T\u00c9CNICO-DE-ESTUDO-DE-VIABILIDADE-2.png","width":505,"height":308},{"@type":"BreadcrumbList","@id":"https:\/\/mobilitas.lat\/es\/2018\/12\/24\/en-brasil-un-cuaderno-tecnico-sobre-viabilidad-de-proyectos-de-movilidad-urbana-con-base-en-transporte-sobre-rieles\/#breadcrumb","itemListElement":[{"@type":"ListItem","position":1,"name":"In\u00edcio","item":"https:\/\/mobilitas.lat\/es\/"},{"@type":"ListItem","position":2,"name":"En Brasil, un cuaderno t\u00e9cnico sobre viabilidad de proyectos de movilidad urbana con base en transporte sobre rieles"}]},{"@type":"WebSite","@id":"https:\/\/mobilitas.lat\/es\/#website","url":"https:\/\/mobilitas.lat\/es\/","name":"Mobilitas","description":"Tecnologia e Mobilidade Urbana na Am\u00e9rica Latina","publisher":{"@id":"https:\/\/mobilitas.lat\/es\/#organization"},"potentialAction":[{"@type":"SearchAction","target":{"@type":"EntryPoint","urlTemplate":"https:\/\/mobilitas.lat\/es\/?s={search_term_string}"},"query-input":{"@type":"PropertyValueSpecification","valueRequired":true,"valueName":"search_term_string"}}],"inLanguage":"es-ES"},{"@type":"Organization","@id":"https:\/\/mobilitas.lat\/es\/#organization","name":"OTM Editora","url":"https:\/\/mobilitas.lat\/es\/","logo":{"@type":"ImageObject","inLanguage":"es-ES","@id":"https:\/\/mobilitas.lat\/es\/#\/schema\/logo\/image\/","url":"https:\/\/mobilitas.lat\/wp-content\/uploads\/2024\/03\/opengraph.png","contentUrl":"https:\/\/mobilitas.lat\/wp-content\/uploads\/2024\/03\/opengraph.png","width":1200,"height":630,"caption":"OTM Editora"},"image":{"@id":"https:\/\/mobilitas.lat\/es\/#\/schema\/logo\/image\/"}},{"@type":"Person","@id":"https:\/\/mobilitas.lat\/es\/#\/schema\/person\/cae0d01ccbe855d1858d146e4c4d582d","name":"Alexandre Asquini","image":{"@type":"ImageObject","inLanguage":"es-ES","@id":"https:\/\/mobilitas.lat\/es\/#\/schema\/person\/image\/","url":"https:\/\/secure.gravatar.com\/avatar\/aac99dbef1420f75cc7d86913eb8a7cdfbe13e2509ad7a45649a61414f6d2785?s=96&d=mm&r=g","contentUrl":"https:\/\/secure.gravatar.com\/avatar\/aac99dbef1420f75cc7d86913eb8a7cdfbe13e2509ad7a45649a61414f6d2785?s=96&d=mm&r=g","caption":"Alexandre Asquini"}}]}},"_links":{"self":[{"href":"https:\/\/mobilitas.lat\/es\/wp-json\/wp\/v2\/posts\/3636","targetHints":{"allow":["GET"]}}],"collection":[{"href":"https:\/\/mobilitas.lat\/es\/wp-json\/wp\/v2\/posts"}],"about":[{"href":"https:\/\/mobilitas.lat\/es\/wp-json\/wp\/v2\/types\/post"}],"author":[{"embeddable":true,"href":"https:\/\/mobilitas.lat\/es\/wp-json\/wp\/v2\/users\/2"}],"replies":[{"embeddable":true,"href":"https:\/\/mobilitas.lat\/es\/wp-json\/wp\/v2\/comments?post=3636"}],"version-history":[{"count":6,"href":"https:\/\/mobilitas.lat\/es\/wp-json\/wp\/v2\/posts\/3636\/revisions"}],"predecessor-version":[{"id":3650,"href":"https:\/\/mobilitas.lat\/es\/wp-json\/wp\/v2\/posts\/3636\/revisions\/3650"}],"wp:featuredmedia":[{"embeddable":true,"href":"https:\/\/mobilitas.lat\/es\/wp-json\/wp\/v2\/media\/3647"}],"wp:attachment":[{"href":"https:\/\/mobilitas.lat\/es\/wp-json\/wp\/v2\/media?parent=3636"}],"wp:term":[{"taxonomy":"category","embeddable":true,"href":"https:\/\/mobilitas.lat\/es\/wp-json\/wp\/v2\/categories?post=3636"},{"taxonomy":"post_tag","embeddable":true,"href":"https:\/\/mobilitas.lat\/es\/wp-json\/wp\/v2\/tags?post=3636"}],"curies":[{"name":"wp","href":"https:\/\/api.w.org\/{rel}","templated":true}]}}