{"id":3233,"date":"2018-12-13T02:42:13","date_gmt":"2018-12-13T04:42:13","guid":{"rendered":"https:\/\/mobilitas.lat\/?p=3233"},"modified":"2018-12-13T02:42:13","modified_gmt":"2018-12-13T04:42:13","slug":"en-la-ciudad-de-mexico-sistema-basado-en-puntos-y-trabajo-comunitario-reemplazara-las-multas-en-dinero-en-los-casos-de-infracciones-detectadas-con-fotorradares","status":"publish","type":"post","link":"https:\/\/mobilitas.lat\/es\/2018\/12\/13\/en-la-ciudad-de-mexico-sistema-basado-en-puntos-y-trabajo-comunitario-reemplazara-las-multas-en-dinero-en-los-casos-de-infracciones-detectadas-con-fotorradares\/","title":{"rendered":"En la Ciudad de M\u00e9xico, sistema basado en puntos y trabajo comunitario reemplazar\u00e1 las multas en dinero en los casos de infracciones detectadas con fotorradares"},"content":{"rendered":"<p>La Secretar\u00eda de Movilidad del nuevo gobierno de la Ciudad de M\u00e9xico, dirigida por Andr\u00e9s Lajous, implantar\u00e1 en los primeros cien d\u00edas de gesti\u00f3n \u2013 es decir, hasta principios de marzo de 2019 \u2013 un sistema basado en puntos y trabajo comunitario (con \u2018sanciones c\u00edvicas\u2019), que reemplazar\u00e1 las multas en dinero en los casos de infracciones detectadas con fotorradares.<\/p>\n<p>La novedad es parte del <em>Programa Estrat\u00e9gico de Movilidad de la Ciudad de M\u00e9xico 2018-2024<\/em>, adoptado por el gobierno de la alcaldesa Claudia Sheinbaun Pardo, yque tiene como unode los objetivos declarados \u2018disminuir el n\u00famero de v\u00edctimas de incidentes de tr\u00e1nsito\u2019.<\/p>\n<p>Los datos m\u00e1s recientes respecto este tema, disponibles en un sitio espec\u00edfico del Instituto Nacional de Estad\u00edstica y Geograf\u00eda (INEGI), muestran que la capital mexicana registr\u00f3 193 accidentes de tr\u00e1nsito fatales en 2017.<\/p>\n<p>No hay datos sobre el total de muertos en estos accidentes; los n\u00fameros m\u00e1s recientes se refieren a 2016, cuando hubo 227 muertos, lo que significa un aumento del 8% con relaci\u00f3n a los resultados de 2015, cuando se constataron 210 v\u00edctimas fatales, pero hubo una ca\u00edda significativa \u2013 de un 27,2% \u2013 con relaci\u00f3n a los resultados de 2014, cuando el n\u00famero de muertos fue 312.<\/p>\n<p>En 2017, se registraron 2381 heridos en accidentes de tr\u00e1nsito, incluyendo aquellos que tendr\u00e1n secuelas graves e irreversibles; este n\u00famero significa una ca\u00edda de un 15,7% con relaci\u00f3n a los resultados de 2016, cuando el n\u00famero de heridos fue 2825.<\/p>\n<p><strong>DOCUMENTO<\/strong><\/p>\n<p><img loading=\"lazy\" decoding=\"async\" class=\"alignleft size-medium wp-image-3237\" src=\"https:\/\/storage.mobilitas.lat\/uploads\/2018\/12\/MOBILITAS-FOTOCIVICAS-CDMX-248x300.png\" alt=\"\" width=\"248\" height=\"300\" srcset=\"https:\/\/storage.mobilitas.lat\/uploads\/2018\/12\/MOBILITAS-FOTOCIVICAS-CDMX-248x300.png 248w, https:\/\/storage.mobilitas.lat\/uploads\/2018\/12\/MOBILITAS-FOTOCIVICAS-CDMX.png 289w\" sizes=\"auto, (max-width: 248px) 100vw, 248px\" \/>Para explicar el nuevo sistema, se lanz\u00f3 el documento titulado <em>Fotoc\u00edvicas: nuevo sistema comunitario de puntos y trabajo comunitario<\/em>, que muestra justamente que la nueva pr\u00e1ctica sustituir\u00e1 las multas en efectivo en los casos de infracciones detectadas con radares fotogr\u00e1ficos.<\/p>\n<p>Dice el documento (al cual se puede acceder a trav\u00e9s del enlace al final de esta nota) que el n\u00famero de puntos que se van a descontar depender\u00e1 de la gravedad de la infracci\u00f3n. En el caso de otras infracciones, se mantendr\u00e1n las sanciones monetarias pero est\u00e1 en evaluaci\u00f3n de qu\u00e9 los montos ser\u00e1n.<\/p>\n<p>El texto sostiene que, en experiencias internacionales, los radares de control de velocidad han demostrado ser una buena herramienta de prevenci\u00f3n, pero destaca que: \u201cSu implementaci\u00f3n en la Ciudad de M\u00e9xico ha perseguido fines recaudatorios en el marco de un modelo de negocio extremadamente opaco\u201d y a\u00f1ade: \u201cEl nuevo sistema de fotorradares no significa la eliminaci\u00f3n de la tecnolog\u00eda, sino su aplicaci\u00f3n en un contexto de transparencia, avalado por criterios t\u00e9cnicos y orientado al cambio de conductas\u201d.<\/p>\n<p>Con 22 p\u00e1ginas, ilustrado, el documento se\u00f1ala deficiencias del sistema de radares y foto multas adoptado en la Ciudad de M\u00e9xico, diceque el nuevo esquema de sanciones est\u00e1 orientado a cambiar conductas, explica el proceso de cambio de foto multas a puntos y el trabajo comunitario y c\u00f3mo ser\u00e1 el funcionamiento del nuevo sistema de \u2018sanciones c\u00edvicas\u2019.<\/p>\n<p>Otros contenidos del documento son una tabla de equivalencias, las 10 reglas del buen conductor, explicaciones sobre el periodo de transici\u00f3n y cu\u00e1les multas siguen siendo monetarias adem\u00e1s de un conjunto de preguntas y respuestas frecuentes sobre la nueva sistem\u00e1tica.<\/p>\n<p><a href=\"https:\/\/semovi.cdmx.gob.mx\/storage\/app\/media\/uploaded-files\/fotocivicas.pdf\" target=\"_blank\" rel=\"noopener\"><em><strong>Vea el documento (en espa\u00f1ol)<\/strong><\/em><\/a><\/p>\n<p>&nbsp;<\/p>\n","protected":false},"excerpt":{"rendered":"<p>La Secretar\u00eda de Movilidad del nuevo gobierno de la Ciudad de M\u00e9xico, dirigida por Andr\u00e9s Lajous, implantar\u00e1 en los primeros cien d\u00edas de gesti\u00f3n \u2013 es decir, hasta principios de marzo de 2019 \u2013 un sistema basado en puntos y trabajo comunitario (con \u2018sanciones c\u00edvicas\u2019), que reemplazar\u00e1 las multas en dinero en los casos de [&hellip;]<\/p>\n","protected":false},"author":2,"featured_media":3235,"comment_status":"closed","ping_status":"closed","sticky":false,"template":"","format":"standard","meta":{"footnotes":""},"categories":[287,298],"tags":[705,707,708],"class_list":["post-3233","post","type-post","status-publish","format-standard","has-post-thumbnail","hentry","category-notas","category-radar-es","tag-cdmx-es","tag-fotomultas-es","tag-fotorradares-es"],"yoast_head":"<!-- This site is optimized with the Yoast SEO plugin v26.9 - https:\/\/yoast.com\/product\/yoast-seo-wordpress\/ -->\n<title>En la Ciudad de M\u00e9xico, sistema basado en puntos y trabajo comunitario reemplazar\u00e1 las multas en dinero en los casos de infracciones detectadas con fotorradares | Mobilitas<\/title>\n<meta name=\"robots\" content=\"index, follow, max-snippet:-1, max-image-preview:large, max-video-preview:-1\" \/>\n<link rel=\"canonical\" href=\"https:\/\/mobilitas.lat\/es\/2018\/12\/13\/en-la-ciudad-de-mexico-sistema-basado-en-puntos-y-trabajo-comunitario-reemplazara-las-multas-en-dinero-en-los-casos-de-infracciones-detectadas-con-fotorradares\/\" \/>\n<meta property=\"og:locale\" content=\"es_ES\" \/>\n<meta property=\"og:type\" content=\"article\" \/>\n<meta property=\"og:title\" content=\"En la Ciudad de M\u00e9xico, sistema basado en puntos y trabajo comunitario reemplazar\u00e1 las multas en dinero en los casos de infracciones detectadas con fotorradares | Mobilitas\" \/>\n<meta property=\"og:description\" content=\"La Secretar\u00eda de Movilidad del nuevo gobierno de la Ciudad de M\u00e9xico, dirigida por Andr\u00e9s Lajous, implantar\u00e1 en los primeros cien d\u00edas de gesti\u00f3n \u2013 es decir, hasta principios de marzo de 2019 \u2013 un sistema basado en puntos y trabajo comunitario (con \u2018sanciones c\u00edvicas\u2019), que reemplazar\u00e1 las multas en dinero en los casos de [&hellip;]\" \/>\n<meta property=\"og:url\" content=\"https:\/\/mobilitas.lat\/es\/2018\/12\/13\/en-la-ciudad-de-mexico-sistema-basado-en-puntos-y-trabajo-comunitario-reemplazara-las-multas-en-dinero-en-los-casos-de-infracciones-detectadas-con-fotorradares\/\" \/>\n<meta property=\"og:site_name\" content=\"Mobilitas\" \/>\n<meta property=\"article:published_time\" content=\"2018-12-13T04:42:13+00:00\" \/>\n<meta property=\"og:image\" content=\"https:\/\/storage.mobilitas.lat\/uploads\/2018\/12\/MOBILITASFOTOMULTASCDMX3-1.png\" \/>\n\t<meta property=\"og:image:width\" content=\"443\" \/>\n\t<meta property=\"og:image:height\" content=\"245\" \/>\n\t<meta property=\"og:image:type\" content=\"image\/png\" \/>\n<meta name=\"author\" content=\"Alexandre Asquini\" \/>\n<meta name=\"twitter:card\" content=\"summary_large_image\" \/>\n<meta name=\"twitter:label1\" content=\"Written by\" \/>\n\t<meta name=\"twitter:data1\" content=\"Alexandre Asquini\" \/>\n\t<meta name=\"twitter:label2\" content=\"Est. reading time\" \/>\n\t<meta name=\"twitter:data2\" content=\"3 minutes\" \/>\n<script type=\"application\/ld+json\" class=\"yoast-schema-graph\">{\"@context\":\"https:\/\/schema.org\",\"@graph\":[{\"@type\":\"Article\",\"@id\":\"https:\/\/mobilitas.lat\/es\/2018\/12\/13\/en-la-ciudad-de-mexico-sistema-basado-en-puntos-y-trabajo-comunitario-reemplazara-las-multas-en-dinero-en-los-casos-de-infracciones-detectadas-con-fotorradares\/#article\",\"isPartOf\":{\"@id\":\"https:\/\/mobilitas.lat\/es\/2018\/12\/13\/en-la-ciudad-de-mexico-sistema-basado-en-puntos-y-trabajo-comunitario-reemplazara-las-multas-en-dinero-en-los-casos-de-infracciones-detectadas-con-fotorradares\/\"},\"author\":{\"name\":\"Alexandre Asquini\",\"@id\":\"https:\/\/mobilitas.lat\/es\/#\/schema\/person\/cae0d01ccbe855d1858d146e4c4d582d\"},\"headline\":\"En la Ciudad de M\u00e9xico, sistema basado en puntos y trabajo comunitario reemplazar\u00e1 las multas en dinero en los casos de infracciones detectadas con fotorradares\",\"datePublished\":\"2018-12-13T04:42:13+00:00\",\"mainEntityOfPage\":{\"@id\":\"https:\/\/mobilitas.lat\/es\/2018\/12\/13\/en-la-ciudad-de-mexico-sistema-basado-en-puntos-y-trabajo-comunitario-reemplazara-las-multas-en-dinero-en-los-casos-de-infracciones-detectadas-con-fotorradares\/\"},\"wordCount\":575,\"publisher\":{\"@id\":\"https:\/\/mobilitas.lat\/es\/#organization\"},\"image\":{\"@id\":\"https:\/\/mobilitas.lat\/es\/2018\/12\/13\/en-la-ciudad-de-mexico-sistema-basado-en-puntos-y-trabajo-comunitario-reemplazara-las-multas-en-dinero-en-los-casos-de-infracciones-detectadas-con-fotorradares\/#primaryimage\"},\"thumbnailUrl\":\"https:\/\/storage.mobilitas.lat\/uploads\/2018\/12\/MOBILITASFOTOMULTASCDMX3-1.png\",\"keywords\":[\"CDMX\",\"fotomultas\",\"fotorradares\"],\"articleSection\":[\"Notas\",\"Radar\"],\"inLanguage\":\"es-ES\"},{\"@type\":\"WebPage\",\"@id\":\"https:\/\/mobilitas.lat\/es\/2018\/12\/13\/en-la-ciudad-de-mexico-sistema-basado-en-puntos-y-trabajo-comunitario-reemplazara-las-multas-en-dinero-en-los-casos-de-infracciones-detectadas-con-fotorradares\/\",\"url\":\"https:\/\/mobilitas.lat\/es\/2018\/12\/13\/en-la-ciudad-de-mexico-sistema-basado-en-puntos-y-trabajo-comunitario-reemplazara-las-multas-en-dinero-en-los-casos-de-infracciones-detectadas-con-fotorradares\/\",\"name\":\"En la Ciudad de M\u00e9xico, sistema basado en puntos y trabajo comunitario reemplazar\u00e1 las multas en dinero en los casos de infracciones detectadas con fotorradares | Mobilitas\",\"isPartOf\":{\"@id\":\"https:\/\/mobilitas.lat\/es\/#website\"},\"primaryImageOfPage\":{\"@id\":\"https:\/\/mobilitas.lat\/es\/2018\/12\/13\/en-la-ciudad-de-mexico-sistema-basado-en-puntos-y-trabajo-comunitario-reemplazara-las-multas-en-dinero-en-los-casos-de-infracciones-detectadas-con-fotorradares\/#primaryimage\"},\"image\":{\"@id\":\"https:\/\/mobilitas.lat\/es\/2018\/12\/13\/en-la-ciudad-de-mexico-sistema-basado-en-puntos-y-trabajo-comunitario-reemplazara-las-multas-en-dinero-en-los-casos-de-infracciones-detectadas-con-fotorradares\/#primaryimage\"},\"thumbnailUrl\":\"https:\/\/storage.mobilitas.lat\/uploads\/2018\/12\/MOBILITASFOTOMULTASCDMX3-1.png\",\"datePublished\":\"2018-12-13T04:42:13+00:00\",\"breadcrumb\":{\"@id\":\"https:\/\/mobilitas.lat\/es\/2018\/12\/13\/en-la-ciudad-de-mexico-sistema-basado-en-puntos-y-trabajo-comunitario-reemplazara-las-multas-en-dinero-en-los-casos-de-infracciones-detectadas-con-fotorradares\/#breadcrumb\"},\"inLanguage\":\"es-ES\",\"potentialAction\":[{\"@type\":\"ReadAction\",\"target\":[\"https:\/\/mobilitas.lat\/es\/2018\/12\/13\/en-la-ciudad-de-mexico-sistema-basado-en-puntos-y-trabajo-comunitario-reemplazara-las-multas-en-dinero-en-los-casos-de-infracciones-detectadas-con-fotorradares\/\"]}]},{\"@type\":\"ImageObject\",\"inLanguage\":\"es-ES\",\"@id\":\"https:\/\/mobilitas.lat\/es\/2018\/12\/13\/en-la-ciudad-de-mexico-sistema-basado-en-puntos-y-trabajo-comunitario-reemplazara-las-multas-en-dinero-en-los-casos-de-infracciones-detectadas-con-fotorradares\/#primaryimage\",\"url\":\"https:\/\/storage.mobilitas.lat\/uploads\/2018\/12\/MOBILITASFOTOMULTASCDMX3-1.png\",\"contentUrl\":\"https:\/\/storage.mobilitas.lat\/uploads\/2018\/12\/MOBILITASFOTOMULTASCDMX3-1.png\",\"width\":443,\"height\":245},{\"@type\":\"BreadcrumbList\",\"@id\":\"https:\/\/mobilitas.lat\/es\/2018\/12\/13\/en-la-ciudad-de-mexico-sistema-basado-en-puntos-y-trabajo-comunitario-reemplazara-las-multas-en-dinero-en-los-casos-de-infracciones-detectadas-con-fotorradares\/#breadcrumb\",\"itemListElement\":[{\"@type\":\"ListItem\",\"position\":1,\"name\":\"In\u00edcio\",\"item\":\"https:\/\/mobilitas.lat\/es\/\"},{\"@type\":\"ListItem\",\"position\":2,\"name\":\"En la Ciudad de M\u00e9xico, sistema basado en puntos y trabajo comunitario reemplazar\u00e1 las multas en dinero en los casos de infracciones detectadas con fotorradares\"}]},{\"@type\":\"WebSite\",\"@id\":\"https:\/\/mobilitas.lat\/es\/#website\",\"url\":\"https:\/\/mobilitas.lat\/es\/\",\"name\":\"Mobilitas\",\"description\":\"Tecnologia e Mobilidade Urbana na Am\u00e9rica Latina\",\"publisher\":{\"@id\":\"https:\/\/mobilitas.lat\/es\/#organization\"},\"potentialAction\":[{\"@type\":\"SearchAction\",\"target\":{\"@type\":\"EntryPoint\",\"urlTemplate\":\"https:\/\/mobilitas.lat\/es\/?s={search_term_string}\"},\"query-input\":{\"@type\":\"PropertyValueSpecification\",\"valueRequired\":true,\"valueName\":\"search_term_string\"}}],\"inLanguage\":\"es-ES\"},{\"@type\":\"Organization\",\"@id\":\"https:\/\/mobilitas.lat\/es\/#organization\",\"name\":\"OTM Editora\",\"url\":\"https:\/\/mobilitas.lat\/es\/\",\"logo\":{\"@type\":\"ImageObject\",\"inLanguage\":\"es-ES\",\"@id\":\"https:\/\/mobilitas.lat\/es\/#\/schema\/logo\/image\/\",\"url\":\"https:\/\/mobilitas.lat\/wp-content\/uploads\/2024\/03\/opengraph.png\",\"contentUrl\":\"https:\/\/mobilitas.lat\/wp-content\/uploads\/2024\/03\/opengraph.png\",\"width\":1200,\"height\":630,\"caption\":\"OTM Editora\"},\"image\":{\"@id\":\"https:\/\/mobilitas.lat\/es\/#\/schema\/logo\/image\/\"}},{\"@type\":\"Person\",\"@id\":\"https:\/\/mobilitas.lat\/es\/#\/schema\/person\/cae0d01ccbe855d1858d146e4c4d582d\",\"name\":\"Alexandre Asquini\",\"image\":{\"@type\":\"ImageObject\",\"inLanguage\":\"es-ES\",\"@id\":\"https:\/\/mobilitas.lat\/es\/#\/schema\/person\/image\/\",\"url\":\"https:\/\/secure.gravatar.com\/avatar\/aac99dbef1420f75cc7d86913eb8a7cdfbe13e2509ad7a45649a61414f6d2785?s=96&d=mm&r=g\",\"contentUrl\":\"https:\/\/secure.gravatar.com\/avatar\/aac99dbef1420f75cc7d86913eb8a7cdfbe13e2509ad7a45649a61414f6d2785?s=96&d=mm&r=g\",\"caption\":\"Alexandre Asquini\"}}]}<\/script>\n<!-- \/ Yoast SEO plugin. -->","yoast_head_json":{"title":"En la Ciudad de M\u00e9xico, sistema basado en puntos y trabajo comunitario reemplazar\u00e1 las multas en dinero en los casos de infracciones detectadas con fotorradares | Mobilitas","robots":{"index":"index","follow":"follow","max-snippet":"max-snippet:-1","max-image-preview":"max-image-preview:large","max-video-preview":"max-video-preview:-1"},"canonical":"https:\/\/mobilitas.lat\/es\/2018\/12\/13\/en-la-ciudad-de-mexico-sistema-basado-en-puntos-y-trabajo-comunitario-reemplazara-las-multas-en-dinero-en-los-casos-de-infracciones-detectadas-con-fotorradares\/","og_locale":"es_ES","og_type":"article","og_title":"En la Ciudad de M\u00e9xico, sistema basado en puntos y trabajo comunitario reemplazar\u00e1 las multas en dinero en los casos de infracciones detectadas con fotorradares | Mobilitas","og_description":"La Secretar\u00eda de Movilidad del nuevo gobierno de la Ciudad de M\u00e9xico, dirigida por Andr\u00e9s Lajous, implantar\u00e1 en los primeros cien d\u00edas de gesti\u00f3n \u2013 es decir, hasta principios de marzo de 2019 \u2013 un sistema basado en puntos y trabajo comunitario (con \u2018sanciones c\u00edvicas\u2019), que reemplazar\u00e1 las multas en dinero en los casos de [&hellip;]","og_url":"https:\/\/mobilitas.lat\/es\/2018\/12\/13\/en-la-ciudad-de-mexico-sistema-basado-en-puntos-y-trabajo-comunitario-reemplazara-las-multas-en-dinero-en-los-casos-de-infracciones-detectadas-con-fotorradares\/","og_site_name":"Mobilitas","article_published_time":"2018-12-13T04:42:13+00:00","og_image":[{"width":443,"height":245,"url":"https:\/\/storage.mobilitas.lat\/uploads\/2018\/12\/MOBILITASFOTOMULTASCDMX3-1.png","type":"image\/png"}],"author":"Alexandre Asquini","twitter_card":"summary_large_image","twitter_misc":{"Written by":"Alexandre Asquini","Est. reading time":"3 minutes"},"schema":{"@context":"https:\/\/schema.org","@graph":[{"@type":"Article","@id":"https:\/\/mobilitas.lat\/es\/2018\/12\/13\/en-la-ciudad-de-mexico-sistema-basado-en-puntos-y-trabajo-comunitario-reemplazara-las-multas-en-dinero-en-los-casos-de-infracciones-detectadas-con-fotorradares\/#article","isPartOf":{"@id":"https:\/\/mobilitas.lat\/es\/2018\/12\/13\/en-la-ciudad-de-mexico-sistema-basado-en-puntos-y-trabajo-comunitario-reemplazara-las-multas-en-dinero-en-los-casos-de-infracciones-detectadas-con-fotorradares\/"},"author":{"name":"Alexandre Asquini","@id":"https:\/\/mobilitas.lat\/es\/#\/schema\/person\/cae0d01ccbe855d1858d146e4c4d582d"},"headline":"En la Ciudad de M\u00e9xico, sistema basado en puntos y trabajo comunitario reemplazar\u00e1 las multas en dinero en los casos de infracciones detectadas con fotorradares","datePublished":"2018-12-13T04:42:13+00:00","mainEntityOfPage":{"@id":"https:\/\/mobilitas.lat\/es\/2018\/12\/13\/en-la-ciudad-de-mexico-sistema-basado-en-puntos-y-trabajo-comunitario-reemplazara-las-multas-en-dinero-en-los-casos-de-infracciones-detectadas-con-fotorradares\/"},"wordCount":575,"publisher":{"@id":"https:\/\/mobilitas.lat\/es\/#organization"},"image":{"@id":"https:\/\/mobilitas.lat\/es\/2018\/12\/13\/en-la-ciudad-de-mexico-sistema-basado-en-puntos-y-trabajo-comunitario-reemplazara-las-multas-en-dinero-en-los-casos-de-infracciones-detectadas-con-fotorradares\/#primaryimage"},"thumbnailUrl":"https:\/\/storage.mobilitas.lat\/uploads\/2018\/12\/MOBILITASFOTOMULTASCDMX3-1.png","keywords":["CDMX","fotomultas","fotorradares"],"articleSection":["Notas","Radar"],"inLanguage":"es-ES"},{"@type":"WebPage","@id":"https:\/\/mobilitas.lat\/es\/2018\/12\/13\/en-la-ciudad-de-mexico-sistema-basado-en-puntos-y-trabajo-comunitario-reemplazara-las-multas-en-dinero-en-los-casos-de-infracciones-detectadas-con-fotorradares\/","url":"https:\/\/mobilitas.lat\/es\/2018\/12\/13\/en-la-ciudad-de-mexico-sistema-basado-en-puntos-y-trabajo-comunitario-reemplazara-las-multas-en-dinero-en-los-casos-de-infracciones-detectadas-con-fotorradares\/","name":"En la Ciudad de M\u00e9xico, sistema basado en puntos y trabajo comunitario reemplazar\u00e1 las multas en dinero en los casos de infracciones detectadas con fotorradares | Mobilitas","isPartOf":{"@id":"https:\/\/mobilitas.lat\/es\/#website"},"primaryImageOfPage":{"@id":"https:\/\/mobilitas.lat\/es\/2018\/12\/13\/en-la-ciudad-de-mexico-sistema-basado-en-puntos-y-trabajo-comunitario-reemplazara-las-multas-en-dinero-en-los-casos-de-infracciones-detectadas-con-fotorradares\/#primaryimage"},"image":{"@id":"https:\/\/mobilitas.lat\/es\/2018\/12\/13\/en-la-ciudad-de-mexico-sistema-basado-en-puntos-y-trabajo-comunitario-reemplazara-las-multas-en-dinero-en-los-casos-de-infracciones-detectadas-con-fotorradares\/#primaryimage"},"thumbnailUrl":"https:\/\/storage.mobilitas.lat\/uploads\/2018\/12\/MOBILITASFOTOMULTASCDMX3-1.png","datePublished":"2018-12-13T04:42:13+00:00","breadcrumb":{"@id":"https:\/\/mobilitas.lat\/es\/2018\/12\/13\/en-la-ciudad-de-mexico-sistema-basado-en-puntos-y-trabajo-comunitario-reemplazara-las-multas-en-dinero-en-los-casos-de-infracciones-detectadas-con-fotorradares\/#breadcrumb"},"inLanguage":"es-ES","potentialAction":[{"@type":"ReadAction","target":["https:\/\/mobilitas.lat\/es\/2018\/12\/13\/en-la-ciudad-de-mexico-sistema-basado-en-puntos-y-trabajo-comunitario-reemplazara-las-multas-en-dinero-en-los-casos-de-infracciones-detectadas-con-fotorradares\/"]}]},{"@type":"ImageObject","inLanguage":"es-ES","@id":"https:\/\/mobilitas.lat\/es\/2018\/12\/13\/en-la-ciudad-de-mexico-sistema-basado-en-puntos-y-trabajo-comunitario-reemplazara-las-multas-en-dinero-en-los-casos-de-infracciones-detectadas-con-fotorradares\/#primaryimage","url":"https:\/\/storage.mobilitas.lat\/uploads\/2018\/12\/MOBILITASFOTOMULTASCDMX3-1.png","contentUrl":"https:\/\/storage.mobilitas.lat\/uploads\/2018\/12\/MOBILITASFOTOMULTASCDMX3-1.png","width":443,"height":245},{"@type":"BreadcrumbList","@id":"https:\/\/mobilitas.lat\/es\/2018\/12\/13\/en-la-ciudad-de-mexico-sistema-basado-en-puntos-y-trabajo-comunitario-reemplazara-las-multas-en-dinero-en-los-casos-de-infracciones-detectadas-con-fotorradares\/#breadcrumb","itemListElement":[{"@type":"ListItem","position":1,"name":"In\u00edcio","item":"https:\/\/mobilitas.lat\/es\/"},{"@type":"ListItem","position":2,"name":"En la Ciudad de M\u00e9xico, sistema basado en puntos y trabajo comunitario reemplazar\u00e1 las multas en dinero en los casos de infracciones detectadas con fotorradares"}]},{"@type":"WebSite","@id":"https:\/\/mobilitas.lat\/es\/#website","url":"https:\/\/mobilitas.lat\/es\/","name":"Mobilitas","description":"Tecnologia e Mobilidade Urbana na Am\u00e9rica Latina","publisher":{"@id":"https:\/\/mobilitas.lat\/es\/#organization"},"potentialAction":[{"@type":"SearchAction","target":{"@type":"EntryPoint","urlTemplate":"https:\/\/mobilitas.lat\/es\/?s={search_term_string}"},"query-input":{"@type":"PropertyValueSpecification","valueRequired":true,"valueName":"search_term_string"}}],"inLanguage":"es-ES"},{"@type":"Organization","@id":"https:\/\/mobilitas.lat\/es\/#organization","name":"OTM Editora","url":"https:\/\/mobilitas.lat\/es\/","logo":{"@type":"ImageObject","inLanguage":"es-ES","@id":"https:\/\/mobilitas.lat\/es\/#\/schema\/logo\/image\/","url":"https:\/\/mobilitas.lat\/wp-content\/uploads\/2024\/03\/opengraph.png","contentUrl":"https:\/\/mobilitas.lat\/wp-content\/uploads\/2024\/03\/opengraph.png","width":1200,"height":630,"caption":"OTM Editora"},"image":{"@id":"https:\/\/mobilitas.lat\/es\/#\/schema\/logo\/image\/"}},{"@type":"Person","@id":"https:\/\/mobilitas.lat\/es\/#\/schema\/person\/cae0d01ccbe855d1858d146e4c4d582d","name":"Alexandre Asquini","image":{"@type":"ImageObject","inLanguage":"es-ES","@id":"https:\/\/mobilitas.lat\/es\/#\/schema\/person\/image\/","url":"https:\/\/secure.gravatar.com\/avatar\/aac99dbef1420f75cc7d86913eb8a7cdfbe13e2509ad7a45649a61414f6d2785?s=96&d=mm&r=g","contentUrl":"https:\/\/secure.gravatar.com\/avatar\/aac99dbef1420f75cc7d86913eb8a7cdfbe13e2509ad7a45649a61414f6d2785?s=96&d=mm&r=g","caption":"Alexandre Asquini"}}]}},"_links":{"self":[{"href":"https:\/\/mobilitas.lat\/es\/wp-json\/wp\/v2\/posts\/3233","targetHints":{"allow":["GET"]}}],"collection":[{"href":"https:\/\/mobilitas.lat\/es\/wp-json\/wp\/v2\/posts"}],"about":[{"href":"https:\/\/mobilitas.lat\/es\/wp-json\/wp\/v2\/types\/post"}],"author":[{"embeddable":true,"href":"https:\/\/mobilitas.lat\/es\/wp-json\/wp\/v2\/users\/2"}],"replies":[{"embeddable":true,"href":"https:\/\/mobilitas.lat\/es\/wp-json\/wp\/v2\/comments?post=3233"}],"version-history":[{"count":3,"href":"https:\/\/mobilitas.lat\/es\/wp-json\/wp\/v2\/posts\/3233\/revisions"}],"predecessor-version":[{"id":3327,"href":"https:\/\/mobilitas.lat\/es\/wp-json\/wp\/v2\/posts\/3233\/revisions\/3327"}],"wp:featuredmedia":[{"embeddable":true,"href":"https:\/\/mobilitas.lat\/es\/wp-json\/wp\/v2\/media\/3235"}],"wp:attachment":[{"href":"https:\/\/mobilitas.lat\/es\/wp-json\/wp\/v2\/media?parent=3233"}],"wp:term":[{"taxonomy":"category","embeddable":true,"href":"https:\/\/mobilitas.lat\/es\/wp-json\/wp\/v2\/categories?post=3233"},{"taxonomy":"post_tag","embeddable":true,"href":"https:\/\/mobilitas.lat\/es\/wp-json\/wp\/v2\/tags?post=3233"}],"curies":[{"name":"wp","href":"https:\/\/api.w.org\/{rel}","templated":true}]}}