{"id":3162,"date":"2018-12-09T00:51:32","date_gmt":"2018-12-09T02:51:32","guid":{"rendered":"https:\/\/mobilitas.lat\/?p=3162"},"modified":"2018-12-09T01:11:40","modified_gmt":"2018-12-09T03:11:40","slug":"union-internacional-de-transporte-publico-division-de-america-latina-define-la-composicion-de-su-cuerpo-ejecutivo-para-el-bienio-2019-2021","status":"publish","type":"post","link":"https:\/\/mobilitas.lat\/es\/2018\/12\/09\/union-internacional-de-transporte-publico-division-de-america-latina-define-la-composicion-de-su-cuerpo-ejecutivo-para-el-bienio-2019-2021\/","title":{"rendered":"Uni\u00f3n Internacional de Transporte P\u00fablico\/Divisi\u00f3n de Am\u00e9rica Latina define la composici\u00f3n de su Cuerpo Ejecutivo para el bienio 2019\/2021"},"content":{"rendered":"<p><img loading=\"lazy\" decoding=\"async\" class=\"alignleft size-medium wp-image-3176\" src=\"https:\/\/storage.mobilitas.lat\/uploads\/2018\/12\/LOGO-UITP-AMERICALATINA-1-VERTICAL-195x300.png\" alt=\"\" width=\"195\" height=\"300\" srcset=\"https:\/\/storage.mobilitas.lat\/uploads\/2018\/12\/LOGO-UITP-AMERICALATINA-1-VERTICAL-195x300.png 195w, https:\/\/storage.mobilitas.lat\/uploads\/2018\/12\/LOGO-UITP-AMERICALATINA-1-VERTICAL.png 198w\" sizes=\"auto, (max-width: 195px) 100vw, 195px\" \/>En el marco de su <em>16\u00aa Asamblea Anual<\/em>, ocurrida del 28 al 30 de noviembre de 2018, en la ciudad de Salvador, Bah\u00eda, Brasil, la Uni\u00f3n Internacional de Transportes P\u00fablicos\/Divisi\u00f3n\u00a0 Am\u00e9rica Latina\u00a0 (DAL\/UITP) defini\u00f3\u00a0 la composici\u00f3n de su Cuerpo Ejecutivo para el bienio 2019\/2021.<\/p>\n<p>El Cuerpo Ejecutivo tiene como miembros al presidente de la UITP\/DAL, Jurandir Fernandes, y representantes de Argentina, Brasil y M\u00e9xico, de los sectores Autoridades, Buses y Metros. Son ellos: Marcelo Hasse, gerente de la Federaci\u00f3n Argentina de Transportadores de Automotor de Pasajeros (FATAP); M\u00f3nica Alvarado, secretaria de Transporte y Movilidad de la Municipalidad de Rosario, Argentina; Nicol\u00e1s Rosales, coordinador da Asociaci\u00f3n Mexicana de Transporte y Movilidad\u00a0 (AMTM); Richele Cabral, directora de la Federaci\u00f3n de las Empresas de Transportes de Pasajeros del Estado de Rio de Janeiro (Fetranspor), Brasil, y\u00a0 Roberto Labarthe, ejecutivo de la CCR \u2013 Brasil.<\/p>\n<p>Seg\u00fan la UTIP\/DAL, el Cuerpo Ejecutivo se ha comprometido para los pr\u00f3ximos dos a\u00f1os en ampliar la participaci\u00f3n de la UITP en la regi\u00f3n, que actualmente cuenta con 80 miembros distribuidos en 9 pa\u00edses, los cuales transportan 42 millones de pasajeros al d\u00eda y representan el 10% del transporte p\u00fablico del continente.<\/p>\n<p>El objetivo es tener una presencia m\u00e1s amplia junto a los actores de las regiones metropolitanas, y ciudades con m\u00e1s de un mill\u00f3n de habitantes. Actualmente, en las 17 mayores econom\u00edas de Am\u00e9rica Latina hay 42 regiones en estas condiciones y UITP est\u00e1 presente en 16 de ellas.<\/p>\n<p>&nbsp;<\/p>\n","protected":false},"excerpt":{"rendered":"<p>En el marco de su 16\u00aa Asamblea Anual, ocurrida del 28 al 30 de noviembre de 2018, en la ciudad de Salvador, Bah\u00eda, Brasil, la Uni\u00f3n Internacional de Transportes P\u00fablicos\/Divisi\u00f3n\u00a0 Am\u00e9rica Latina\u00a0 (DAL\/UITP) defini\u00f3\u00a0 la composici\u00f3n de su Cuerpo Ejecutivo para el bienio 2019\/2021. El Cuerpo Ejecutivo tiene como miembros al presidente de la UITP\/DAL, [&hellip;]<\/p>\n","protected":false},"author":2,"featured_media":0,"comment_status":"closed","ping_status":"closed","sticky":false,"template":"","format":"standard","meta":{"footnotes":""},"categories":[287,298],"tags":[628,339,355],"class_list":["post-3162","post","type-post","status-publish","format-standard","hentry","category-notas","category-radar-es","tag-ccr-metro-bahia","tag-salvador-es","tag-uitp-division-america-latina"],"yoast_head":"<!-- This site is optimized with the Yoast SEO plugin v26.9 - https:\/\/yoast.com\/product\/yoast-seo-wordpress\/ -->\n<title>Uni\u00f3n Internacional de Transporte P\u00fablico\/Divisi\u00f3n de Am\u00e9rica Latina define la composici\u00f3n de su Cuerpo Ejecutivo para el bienio 2019\/2021 | Mobilitas<\/title>\n<meta name=\"robots\" content=\"index, follow, max-snippet:-1, max-image-preview:large, max-video-preview:-1\" \/>\n<link rel=\"canonical\" href=\"https:\/\/mobilitas.lat\/es\/2018\/12\/09\/union-internacional-de-transporte-publico-division-de-america-latina-define-la-composicion-de-su-cuerpo-ejecutivo-para-el-bienio-2019-2021\/\" \/>\n<meta property=\"og:locale\" content=\"es_ES\" \/>\n<meta property=\"og:type\" content=\"article\" \/>\n<meta property=\"og:title\" content=\"Uni\u00f3n Internacional de Transporte P\u00fablico\/Divisi\u00f3n de Am\u00e9rica Latina define la composici\u00f3n de su Cuerpo Ejecutivo para el bienio 2019\/2021 | Mobilitas\" \/>\n<meta property=\"og:description\" content=\"En el marco de su 16\u00aa Asamblea Anual, ocurrida del 28 al 30 de noviembre de 2018, en la ciudad de Salvador, Bah\u00eda, Brasil, la Uni\u00f3n Internacional de Transportes P\u00fablicos\/Divisi\u00f3n\u00a0 Am\u00e9rica Latina\u00a0 (DAL\/UITP) defini\u00f3\u00a0 la composici\u00f3n de su Cuerpo Ejecutivo para el bienio 2019\/2021. El Cuerpo Ejecutivo tiene como miembros al presidente de la UITP\/DAL, [&hellip;]\" \/>\n<meta property=\"og:url\" content=\"https:\/\/mobilitas.lat\/es\/2018\/12\/09\/union-internacional-de-transporte-publico-division-de-america-latina-define-la-composicion-de-su-cuerpo-ejecutivo-para-el-bienio-2019-2021\/\" \/>\n<meta property=\"og:site_name\" content=\"Mobilitas\" \/>\n<meta property=\"article:published_time\" content=\"2018-12-09T02:51:32+00:00\" \/>\n<meta property=\"article:modified_time\" content=\"2018-12-09T03:11:40+00:00\" \/>\n<meta property=\"og:image\" content=\"https:\/\/storage.mobilitas.lat\/uploads\/2018\/12\/LOGO-UITP-AMERICALATINA-1-VERTICAL-195x300.png\" \/>\n<meta name=\"author\" content=\"Alexandre Asquini\" \/>\n<meta name=\"twitter:card\" content=\"summary_large_image\" \/>\n<meta name=\"twitter:label1\" content=\"Written by\" \/>\n\t<meta name=\"twitter:data1\" content=\"Alexandre Asquini\" \/>\n\t<meta name=\"twitter:label2\" content=\"Est. reading time\" \/>\n\t<meta name=\"twitter:data2\" content=\"1 minute\" \/>\n<script type=\"application\/ld+json\" class=\"yoast-schema-graph\">{\"@context\":\"https:\/\/schema.org\",\"@graph\":[{\"@type\":\"Article\",\"@id\":\"https:\/\/mobilitas.lat\/es\/2018\/12\/09\/union-internacional-de-transporte-publico-division-de-america-latina-define-la-composicion-de-su-cuerpo-ejecutivo-para-el-bienio-2019-2021\/#article\",\"isPartOf\":{\"@id\":\"https:\/\/mobilitas.lat\/es\/2018\/12\/09\/union-internacional-de-transporte-publico-division-de-america-latina-define-la-composicion-de-su-cuerpo-ejecutivo-para-el-bienio-2019-2021\/\"},\"author\":{\"name\":\"Alexandre Asquini\",\"@id\":\"https:\/\/mobilitas.lat\/es\/#\/schema\/person\/cae0d01ccbe855d1858d146e4c4d582d\"},\"headline\":\"Uni\u00f3n Internacional de Transporte P\u00fablico\/Divisi\u00f3n de Am\u00e9rica Latina define la composici\u00f3n de su Cuerpo Ejecutivo para el bienio 2019\/2021\",\"datePublished\":\"2018-12-09T02:51:32+00:00\",\"dateModified\":\"2018-12-09T03:11:40+00:00\",\"mainEntityOfPage\":{\"@id\":\"https:\/\/mobilitas.lat\/es\/2018\/12\/09\/union-internacional-de-transporte-publico-division-de-america-latina-define-la-composicion-de-su-cuerpo-ejecutivo-para-el-bienio-2019-2021\/\"},\"wordCount\":282,\"publisher\":{\"@id\":\"https:\/\/mobilitas.lat\/es\/#organization\"},\"image\":{\"@id\":\"https:\/\/mobilitas.lat\/es\/2018\/12\/09\/union-internacional-de-transporte-publico-division-de-america-latina-define-la-composicion-de-su-cuerpo-ejecutivo-para-el-bienio-2019-2021\/#primaryimage\"},\"thumbnailUrl\":\"https:\/\/storage.mobilitas.lat\/uploads\/2018\/12\/LOGO-UITP-AMERICALATINA-1-VERTICAL-195x300.png\",\"keywords\":[\"CCR METRO BAHIA\",\"SALVADOR\",\"UITP DIVISI\u00d3N AM\u00c9RICA LATINA\"],\"articleSection\":[\"Notas\",\"Radar\"],\"inLanguage\":\"es-ES\"},{\"@type\":\"WebPage\",\"@id\":\"https:\/\/mobilitas.lat\/es\/2018\/12\/09\/union-internacional-de-transporte-publico-division-de-america-latina-define-la-composicion-de-su-cuerpo-ejecutivo-para-el-bienio-2019-2021\/\",\"url\":\"https:\/\/mobilitas.lat\/es\/2018\/12\/09\/union-internacional-de-transporte-publico-division-de-america-latina-define-la-composicion-de-su-cuerpo-ejecutivo-para-el-bienio-2019-2021\/\",\"name\":\"Uni\u00f3n Internacional de Transporte P\u00fablico\/Divisi\u00f3n de Am\u00e9rica Latina define la composici\u00f3n de su Cuerpo Ejecutivo para el bienio 2019\/2021 | Mobilitas\",\"isPartOf\":{\"@id\":\"https:\/\/mobilitas.lat\/es\/#website\"},\"primaryImageOfPage\":{\"@id\":\"https:\/\/mobilitas.lat\/es\/2018\/12\/09\/union-internacional-de-transporte-publico-division-de-america-latina-define-la-composicion-de-su-cuerpo-ejecutivo-para-el-bienio-2019-2021\/#primaryimage\"},\"image\":{\"@id\":\"https:\/\/mobilitas.lat\/es\/2018\/12\/09\/union-internacional-de-transporte-publico-division-de-america-latina-define-la-composicion-de-su-cuerpo-ejecutivo-para-el-bienio-2019-2021\/#primaryimage\"},\"thumbnailUrl\":\"https:\/\/storage.mobilitas.lat\/uploads\/2018\/12\/LOGO-UITP-AMERICALATINA-1-VERTICAL-195x300.png\",\"datePublished\":\"2018-12-09T02:51:32+00:00\",\"dateModified\":\"2018-12-09T03:11:40+00:00\",\"breadcrumb\":{\"@id\":\"https:\/\/mobilitas.lat\/es\/2018\/12\/09\/union-internacional-de-transporte-publico-division-de-america-latina-define-la-composicion-de-su-cuerpo-ejecutivo-para-el-bienio-2019-2021\/#breadcrumb\"},\"inLanguage\":\"es-ES\",\"potentialAction\":[{\"@type\":\"ReadAction\",\"target\":[\"https:\/\/mobilitas.lat\/es\/2018\/12\/09\/union-internacional-de-transporte-publico-division-de-america-latina-define-la-composicion-de-su-cuerpo-ejecutivo-para-el-bienio-2019-2021\/\"]}]},{\"@type\":\"ImageObject\",\"inLanguage\":\"es-ES\",\"@id\":\"https:\/\/mobilitas.lat\/es\/2018\/12\/09\/union-internacional-de-transporte-publico-division-de-america-latina-define-la-composicion-de-su-cuerpo-ejecutivo-para-el-bienio-2019-2021\/#primaryimage\",\"url\":\"https:\/\/storage.mobilitas.lat\/uploads\/2018\/12\/LOGO-UITP-AMERICALATINA-1-VERTICAL-195x300.png\",\"contentUrl\":\"https:\/\/storage.mobilitas.lat\/uploads\/2018\/12\/LOGO-UITP-AMERICALATINA-1-VERTICAL-195x300.png\"},{\"@type\":\"BreadcrumbList\",\"@id\":\"https:\/\/mobilitas.lat\/es\/2018\/12\/09\/union-internacional-de-transporte-publico-division-de-america-latina-define-la-composicion-de-su-cuerpo-ejecutivo-para-el-bienio-2019-2021\/#breadcrumb\",\"itemListElement\":[{\"@type\":\"ListItem\",\"position\":1,\"name\":\"In\u00edcio\",\"item\":\"https:\/\/mobilitas.lat\/es\/\"},{\"@type\":\"ListItem\",\"position\":2,\"name\":\"Uni\u00f3n Internacional de Transporte P\u00fablico\/Divisi\u00f3n de Am\u00e9rica Latina define la composici\u00f3n de su Cuerpo Ejecutivo para el bienio 2019\/2021\"}]},{\"@type\":\"WebSite\",\"@id\":\"https:\/\/mobilitas.lat\/es\/#website\",\"url\":\"https:\/\/mobilitas.lat\/es\/\",\"name\":\"Mobilitas\",\"description\":\"Tecnologia e Mobilidade Urbana na Am\u00e9rica Latina\",\"publisher\":{\"@id\":\"https:\/\/mobilitas.lat\/es\/#organization\"},\"potentialAction\":[{\"@type\":\"SearchAction\",\"target\":{\"@type\":\"EntryPoint\",\"urlTemplate\":\"https:\/\/mobilitas.lat\/es\/?s={search_term_string}\"},\"query-input\":{\"@type\":\"PropertyValueSpecification\",\"valueRequired\":true,\"valueName\":\"search_term_string\"}}],\"inLanguage\":\"es-ES\"},{\"@type\":\"Organization\",\"@id\":\"https:\/\/mobilitas.lat\/es\/#organization\",\"name\":\"OTM Editora\",\"url\":\"https:\/\/mobilitas.lat\/es\/\",\"logo\":{\"@type\":\"ImageObject\",\"inLanguage\":\"es-ES\",\"@id\":\"https:\/\/mobilitas.lat\/es\/#\/schema\/logo\/image\/\",\"url\":\"https:\/\/mobilitas.lat\/wp-content\/uploads\/2024\/03\/opengraph.png\",\"contentUrl\":\"https:\/\/mobilitas.lat\/wp-content\/uploads\/2024\/03\/opengraph.png\",\"width\":1200,\"height\":630,\"caption\":\"OTM Editora\"},\"image\":{\"@id\":\"https:\/\/mobilitas.lat\/es\/#\/schema\/logo\/image\/\"}},{\"@type\":\"Person\",\"@id\":\"https:\/\/mobilitas.lat\/es\/#\/schema\/person\/cae0d01ccbe855d1858d146e4c4d582d\",\"name\":\"Alexandre Asquini\",\"image\":{\"@type\":\"ImageObject\",\"inLanguage\":\"es-ES\",\"@id\":\"https:\/\/mobilitas.lat\/es\/#\/schema\/person\/image\/\",\"url\":\"https:\/\/secure.gravatar.com\/avatar\/aac99dbef1420f75cc7d86913eb8a7cdfbe13e2509ad7a45649a61414f6d2785?s=96&d=mm&r=g\",\"contentUrl\":\"https:\/\/secure.gravatar.com\/avatar\/aac99dbef1420f75cc7d86913eb8a7cdfbe13e2509ad7a45649a61414f6d2785?s=96&d=mm&r=g\",\"caption\":\"Alexandre Asquini\"}}]}<\/script>\n<!-- \/ Yoast SEO plugin. -->","yoast_head_json":{"title":"Uni\u00f3n Internacional de Transporte P\u00fablico\/Divisi\u00f3n de Am\u00e9rica Latina define la composici\u00f3n de su Cuerpo Ejecutivo para el bienio 2019\/2021 | Mobilitas","robots":{"index":"index","follow":"follow","max-snippet":"max-snippet:-1","max-image-preview":"max-image-preview:large","max-video-preview":"max-video-preview:-1"},"canonical":"https:\/\/mobilitas.lat\/es\/2018\/12\/09\/union-internacional-de-transporte-publico-division-de-america-latina-define-la-composicion-de-su-cuerpo-ejecutivo-para-el-bienio-2019-2021\/","og_locale":"es_ES","og_type":"article","og_title":"Uni\u00f3n Internacional de Transporte P\u00fablico\/Divisi\u00f3n de Am\u00e9rica Latina define la composici\u00f3n de su Cuerpo Ejecutivo para el bienio 2019\/2021 | Mobilitas","og_description":"En el marco de su 16\u00aa Asamblea Anual, ocurrida del 28 al 30 de noviembre de 2018, en la ciudad de Salvador, Bah\u00eda, Brasil, la Uni\u00f3n Internacional de Transportes P\u00fablicos\/Divisi\u00f3n\u00a0 Am\u00e9rica Latina\u00a0 (DAL\/UITP) defini\u00f3\u00a0 la composici\u00f3n de su Cuerpo Ejecutivo para el bienio 2019\/2021. El Cuerpo Ejecutivo tiene como miembros al presidente de la UITP\/DAL, [&hellip;]","og_url":"https:\/\/mobilitas.lat\/es\/2018\/12\/09\/union-internacional-de-transporte-publico-division-de-america-latina-define-la-composicion-de-su-cuerpo-ejecutivo-para-el-bienio-2019-2021\/","og_site_name":"Mobilitas","article_published_time":"2018-12-09T02:51:32+00:00","article_modified_time":"2018-12-09T03:11:40+00:00","og_image":[{"url":"https:\/\/storage.mobilitas.lat\/uploads\/2018\/12\/LOGO-UITP-AMERICALATINA-1-VERTICAL-195x300.png","type":"","width":"","height":""}],"author":"Alexandre Asquini","twitter_card":"summary_large_image","twitter_misc":{"Written by":"Alexandre Asquini","Est. reading time":"1 minute"},"schema":{"@context":"https:\/\/schema.org","@graph":[{"@type":"Article","@id":"https:\/\/mobilitas.lat\/es\/2018\/12\/09\/union-internacional-de-transporte-publico-division-de-america-latina-define-la-composicion-de-su-cuerpo-ejecutivo-para-el-bienio-2019-2021\/#article","isPartOf":{"@id":"https:\/\/mobilitas.lat\/es\/2018\/12\/09\/union-internacional-de-transporte-publico-division-de-america-latina-define-la-composicion-de-su-cuerpo-ejecutivo-para-el-bienio-2019-2021\/"},"author":{"name":"Alexandre Asquini","@id":"https:\/\/mobilitas.lat\/es\/#\/schema\/person\/cae0d01ccbe855d1858d146e4c4d582d"},"headline":"Uni\u00f3n Internacional de Transporte P\u00fablico\/Divisi\u00f3n de Am\u00e9rica Latina define la composici\u00f3n de su Cuerpo Ejecutivo para el bienio 2019\/2021","datePublished":"2018-12-09T02:51:32+00:00","dateModified":"2018-12-09T03:11:40+00:00","mainEntityOfPage":{"@id":"https:\/\/mobilitas.lat\/es\/2018\/12\/09\/union-internacional-de-transporte-publico-division-de-america-latina-define-la-composicion-de-su-cuerpo-ejecutivo-para-el-bienio-2019-2021\/"},"wordCount":282,"publisher":{"@id":"https:\/\/mobilitas.lat\/es\/#organization"},"image":{"@id":"https:\/\/mobilitas.lat\/es\/2018\/12\/09\/union-internacional-de-transporte-publico-division-de-america-latina-define-la-composicion-de-su-cuerpo-ejecutivo-para-el-bienio-2019-2021\/#primaryimage"},"thumbnailUrl":"https:\/\/storage.mobilitas.lat\/uploads\/2018\/12\/LOGO-UITP-AMERICALATINA-1-VERTICAL-195x300.png","keywords":["CCR METRO BAHIA","SALVADOR","UITP DIVISI\u00d3N AM\u00c9RICA LATINA"],"articleSection":["Notas","Radar"],"inLanguage":"es-ES"},{"@type":"WebPage","@id":"https:\/\/mobilitas.lat\/es\/2018\/12\/09\/union-internacional-de-transporte-publico-division-de-america-latina-define-la-composicion-de-su-cuerpo-ejecutivo-para-el-bienio-2019-2021\/","url":"https:\/\/mobilitas.lat\/es\/2018\/12\/09\/union-internacional-de-transporte-publico-division-de-america-latina-define-la-composicion-de-su-cuerpo-ejecutivo-para-el-bienio-2019-2021\/","name":"Uni\u00f3n Internacional de Transporte P\u00fablico\/Divisi\u00f3n de Am\u00e9rica Latina define la composici\u00f3n de su Cuerpo Ejecutivo para el bienio 2019\/2021 | Mobilitas","isPartOf":{"@id":"https:\/\/mobilitas.lat\/es\/#website"},"primaryImageOfPage":{"@id":"https:\/\/mobilitas.lat\/es\/2018\/12\/09\/union-internacional-de-transporte-publico-division-de-america-latina-define-la-composicion-de-su-cuerpo-ejecutivo-para-el-bienio-2019-2021\/#primaryimage"},"image":{"@id":"https:\/\/mobilitas.lat\/es\/2018\/12\/09\/union-internacional-de-transporte-publico-division-de-america-latina-define-la-composicion-de-su-cuerpo-ejecutivo-para-el-bienio-2019-2021\/#primaryimage"},"thumbnailUrl":"https:\/\/storage.mobilitas.lat\/uploads\/2018\/12\/LOGO-UITP-AMERICALATINA-1-VERTICAL-195x300.png","datePublished":"2018-12-09T02:51:32+00:00","dateModified":"2018-12-09T03:11:40+00:00","breadcrumb":{"@id":"https:\/\/mobilitas.lat\/es\/2018\/12\/09\/union-internacional-de-transporte-publico-division-de-america-latina-define-la-composicion-de-su-cuerpo-ejecutivo-para-el-bienio-2019-2021\/#breadcrumb"},"inLanguage":"es-ES","potentialAction":[{"@type":"ReadAction","target":["https:\/\/mobilitas.lat\/es\/2018\/12\/09\/union-internacional-de-transporte-publico-division-de-america-latina-define-la-composicion-de-su-cuerpo-ejecutivo-para-el-bienio-2019-2021\/"]}]},{"@type":"ImageObject","inLanguage":"es-ES","@id":"https:\/\/mobilitas.lat\/es\/2018\/12\/09\/union-internacional-de-transporte-publico-division-de-america-latina-define-la-composicion-de-su-cuerpo-ejecutivo-para-el-bienio-2019-2021\/#primaryimage","url":"https:\/\/storage.mobilitas.lat\/uploads\/2018\/12\/LOGO-UITP-AMERICALATINA-1-VERTICAL-195x300.png","contentUrl":"https:\/\/storage.mobilitas.lat\/uploads\/2018\/12\/LOGO-UITP-AMERICALATINA-1-VERTICAL-195x300.png"},{"@type":"BreadcrumbList","@id":"https:\/\/mobilitas.lat\/es\/2018\/12\/09\/union-internacional-de-transporte-publico-division-de-america-latina-define-la-composicion-de-su-cuerpo-ejecutivo-para-el-bienio-2019-2021\/#breadcrumb","itemListElement":[{"@type":"ListItem","position":1,"name":"In\u00edcio","item":"https:\/\/mobilitas.lat\/es\/"},{"@type":"ListItem","position":2,"name":"Uni\u00f3n Internacional de Transporte P\u00fablico\/Divisi\u00f3n de Am\u00e9rica Latina define la composici\u00f3n de su Cuerpo Ejecutivo para el bienio 2019\/2021"}]},{"@type":"WebSite","@id":"https:\/\/mobilitas.lat\/es\/#website","url":"https:\/\/mobilitas.lat\/es\/","name":"Mobilitas","description":"Tecnologia e Mobilidade Urbana na Am\u00e9rica Latina","publisher":{"@id":"https:\/\/mobilitas.lat\/es\/#organization"},"potentialAction":[{"@type":"SearchAction","target":{"@type":"EntryPoint","urlTemplate":"https:\/\/mobilitas.lat\/es\/?s={search_term_string}"},"query-input":{"@type":"PropertyValueSpecification","valueRequired":true,"valueName":"search_term_string"}}],"inLanguage":"es-ES"},{"@type":"Organization","@id":"https:\/\/mobilitas.lat\/es\/#organization","name":"OTM Editora","url":"https:\/\/mobilitas.lat\/es\/","logo":{"@type":"ImageObject","inLanguage":"es-ES","@id":"https:\/\/mobilitas.lat\/es\/#\/schema\/logo\/image\/","url":"https:\/\/mobilitas.lat\/wp-content\/uploads\/2024\/03\/opengraph.png","contentUrl":"https:\/\/mobilitas.lat\/wp-content\/uploads\/2024\/03\/opengraph.png","width":1200,"height":630,"caption":"OTM Editora"},"image":{"@id":"https:\/\/mobilitas.lat\/es\/#\/schema\/logo\/image\/"}},{"@type":"Person","@id":"https:\/\/mobilitas.lat\/es\/#\/schema\/person\/cae0d01ccbe855d1858d146e4c4d582d","name":"Alexandre Asquini","image":{"@type":"ImageObject","inLanguage":"es-ES","@id":"https:\/\/mobilitas.lat\/es\/#\/schema\/person\/image\/","url":"https:\/\/secure.gravatar.com\/avatar\/aac99dbef1420f75cc7d86913eb8a7cdfbe13e2509ad7a45649a61414f6d2785?s=96&d=mm&r=g","contentUrl":"https:\/\/secure.gravatar.com\/avatar\/aac99dbef1420f75cc7d86913eb8a7cdfbe13e2509ad7a45649a61414f6d2785?s=96&d=mm&r=g","caption":"Alexandre Asquini"}}]}},"_links":{"self":[{"href":"https:\/\/mobilitas.lat\/es\/wp-json\/wp\/v2\/posts\/3162","targetHints":{"allow":["GET"]}}],"collection":[{"href":"https:\/\/mobilitas.lat\/es\/wp-json\/wp\/v2\/posts"}],"about":[{"href":"https:\/\/mobilitas.lat\/es\/wp-json\/wp\/v2\/types\/post"}],"author":[{"embeddable":true,"href":"https:\/\/mobilitas.lat\/es\/wp-json\/wp\/v2\/users\/2"}],"replies":[{"embeddable":true,"href":"https:\/\/mobilitas.lat\/es\/wp-json\/wp\/v2\/comments?post=3162"}],"version-history":[{"count":3,"href":"https:\/\/mobilitas.lat\/es\/wp-json\/wp\/v2\/posts\/3162\/revisions"}],"predecessor-version":[{"id":3179,"href":"https:\/\/mobilitas.lat\/es\/wp-json\/wp\/v2\/posts\/3162\/revisions\/3179"}],"wp:attachment":[{"href":"https:\/\/mobilitas.lat\/es\/wp-json\/wp\/v2\/media?parent=3162"}],"wp:term":[{"taxonomy":"category","embeddable":true,"href":"https:\/\/mobilitas.lat\/es\/wp-json\/wp\/v2\/categories?post=3162"},{"taxonomy":"post_tag","embeddable":true,"href":"https:\/\/mobilitas.lat\/es\/wp-json\/wp\/v2\/tags?post=3162"}],"curies":[{"name":"wp","href":"https:\/\/api.w.org\/{rel}","templated":true}]}}