{"id":2992,"date":"2018-11-19T17:29:00","date_gmt":"2018-11-19T19:29:00","guid":{"rendered":"https:\/\/mobilitas.lat\/?p=2992"},"modified":"2018-11-19T17:39:04","modified_gmt":"2018-11-19T19:39:04","slug":"plan-bici-cdmx","status":"publish","type":"post","link":"https:\/\/mobilitas.lat\/es\/2018\/11\/19\/plan-bici-cdmx\/","title":{"rendered":"Plan Bici CDMX"},"content":{"rendered":"<p><img loading=\"lazy\" decoding=\"async\" class=\"alignleft wp-image-2993\" src=\"https:\/\/storage.mobilitas.lat\/uploads\/2018\/11\/MOBILITAS-PLAN-BICI-CDMX-300x202.png\" alt=\"\" width=\"233\" height=\"158\" srcset=\"https:\/\/storage.mobilitas.lat\/uploads\/2018\/11\/MOBILITAS-PLAN-BICI-CDMX-300x202.png 300w, https:\/\/storage.mobilitas.lat\/uploads\/2018\/11\/MOBILITAS-PLAN-BICI-CDMX.png 620w\" sizes=\"auto, (max-width: 233px) 100vw, 233px\" \/>El 12 de noviembre de 2018, el Gobierno de la Ciudad de M\u00e9xico, a trav\u00e9s de la Secretar\u00eda del Medio Ambiente (SEDEMA), present\u00f3 de manera coordinada junto con la Universidad Nacional Aut\u00f3noma de M\u00e9xico (UNAM) y el Banco Interamericano de Desarrollo (BID) el \u201cPlan Bici CDMX\u201d. La iniciativa tiene la finalidad de sentar bases para impulsar pol\u00edticas p\u00fablicas en materia de movilidad sustentable durante los pr\u00f3ximos a\u00f1os en la metr\u00f3poli.<\/p>\n<p>El Gobierno muestra el Plan Bici CDMX como una estrategia de respuesta a los problemas ambientales, sociales, econ\u00f3micos, de salud y calidad de vida. Y dice que con este plan de acci\u00f3n se busca mantener el rumbo de la pol\u00edtica ciclista en Ciudad de M\u00e9xico, y se da continuidad a los proyectos y programas ya existentes. Adem\u00e1s, se\u00f1ala que todo lo que est\u00e1 en el plan se sustenta en informaci\u00f3n t\u00e9cnica que se obtuvo de los viajes en bicicleta en la capital mexicana.<\/p>\n<p>Es la primera vez la CDMX presenta un Plan tripartito, en el que participan sociedad civil, academia y gobierno, y financiado por la banca de desarrollo. Tiene dos secciones principales: el diagn\u00f3stico de lo efectuado por la Ciudad de M\u00e9xico en materia ciclista y la percepci\u00f3n sobre la bicicleta como modo de transporte as\u00ed como el camino a seguir en los pr\u00f3ximos a\u00f1os.<\/p>\n<p>El Plan deja las bases para que la siguiente administraci\u00f3n pueda seguir con el impulso de pol\u00edticas p\u00fablicas en materia de movilidad sustentable, entre ellas: la duplicaci\u00f3n de kil\u00f3metros de infraestructura ciclista, la creaci\u00f3n de \u2018biciestacionamientos\u2019 en estaciones del Sistema de Transporte Colectivo (STC), la ampliaci\u00f3n del programa ECOBICI a las alcald\u00edas de Coyoac\u00e1n y \u00c1lvaro Obreg\u00f3n, as\u00ed como el crecimiento de 16.7 kil\u00f3metros en la ruta del Paseo Dominical Mu\u00e9vete en Bici.<\/p>\n<p>Adem\u00e1s, se dejan listos proyectos ejecutivos para que la pr\u00f3xima administraci\u00f3n del GCDMX pueda extender la red de ciclov\u00edas en avenidas como Reforma, Divisi\u00f3n del Norte, Eje 2 Poniente y San Cosme.<\/p>\n<p><a href=\"http:\/\/35.235.92.91\/wp-content\/uploads\/2018\/11\/PlanBici-baja-sitio-1.pdf\" target=\"_blank\" rel=\"noopener\"><em><strong>Ver el cuaderno con el plan en archivo PDF<\/strong><\/em><\/a><\/p>\n<p><a href=\"http:\/\/planbicicdmx.com\/\" target=\"_blank\" rel=\"noopener\"><em><strong>Acceder a la p\u00e1gina web con otras informaciones<\/strong><\/em><\/a><\/p>\n<p>&nbsp;<\/p>\n<p>&nbsp;<\/p>\n","protected":false},"excerpt":{"rendered":"<p>El 12 de noviembre de 2018, el Gobierno de la Ciudad de M\u00e9xico, a trav\u00e9s de la Secretar\u00eda del Medio Ambiente (SEDEMA), present\u00f3 de manera coordinada junto con la Universidad Nacional Aut\u00f3noma de M\u00e9xico (UNAM) y el Banco Interamericano de Desarrollo (BID) el \u201cPlan Bici CDMX\u201d. La iniciativa tiene la finalidad de sentar bases para [&hellip;]<\/p>\n","protected":false},"author":2,"featured_media":3006,"comment_status":"closed","ping_status":"closed","sticky":false,"template":"","format":"standard","meta":{"footnotes":""},"categories":[287],"tags":[415,531],"class_list":["post-2992","post","type-post","status-publish","format-standard","has-post-thumbnail","hentry","category-notas","tag-bicicleta","tag-ciudad-de-mexico"],"yoast_head":"<!-- This site is optimized with the Yoast SEO plugin v26.9 - https:\/\/yoast.com\/product\/yoast-seo-wordpress\/ -->\n<title>Plan Bici CDMX | Mobilitas<\/title>\n<meta name=\"robots\" content=\"index, follow, max-snippet:-1, max-image-preview:large, max-video-preview:-1\" \/>\n<link rel=\"canonical\" href=\"https:\/\/mobilitas.lat\/es\/2018\/11\/19\/plan-bici-cdmx\/\" \/>\n<meta property=\"og:locale\" content=\"es_ES\" \/>\n<meta property=\"og:type\" content=\"article\" \/>\n<meta property=\"og:title\" content=\"Plan Bici CDMX | Mobilitas\" \/>\n<meta property=\"og:description\" content=\"El 12 de noviembre de 2018, el Gobierno de la Ciudad de M\u00e9xico, a trav\u00e9s de la Secretar\u00eda del Medio Ambiente (SEDEMA), present\u00f3 de manera coordinada junto con la Universidad Nacional Aut\u00f3noma de M\u00e9xico (UNAM) y el Banco Interamericano de Desarrollo (BID) el \u201cPlan Bici CDMX\u201d. La iniciativa tiene la finalidad de sentar bases para [&hellip;]\" \/>\n<meta property=\"og:url\" content=\"https:\/\/mobilitas.lat\/es\/2018\/11\/19\/plan-bici-cdmx\/\" \/>\n<meta property=\"og:site_name\" content=\"Mobilitas\" \/>\n<meta property=\"article:published_time\" content=\"2018-11-19T19:29:00+00:00\" \/>\n<meta property=\"article:modified_time\" content=\"2018-11-19T19:39:04+00:00\" \/>\n<meta property=\"og:image\" content=\"https:\/\/storage.mobilitas.lat\/uploads\/2018\/11\/MOBILITAS-PLAN-BICI-CDMX-NOVO-3.png\" \/>\n\t<meta property=\"og:image:width\" content=\"511\" \/>\n\t<meta property=\"og:image:height\" content=\"254\" \/>\n\t<meta property=\"og:image:type\" content=\"image\/png\" \/>\n<meta name=\"author\" content=\"Alexandre Asquini\" \/>\n<meta name=\"twitter:card\" content=\"summary_large_image\" \/>\n<meta name=\"twitter:label1\" content=\"Written by\" \/>\n\t<meta name=\"twitter:data1\" content=\"Alexandre Asquini\" \/>\n\t<meta name=\"twitter:label2\" content=\"Est. reading time\" \/>\n\t<meta name=\"twitter:data2\" content=\"2 minutes\" \/>\n<script type=\"application\/ld+json\" class=\"yoast-schema-graph\">{\"@context\":\"https:\/\/schema.org\",\"@graph\":[{\"@type\":\"Article\",\"@id\":\"https:\/\/mobilitas.lat\/es\/2018\/11\/19\/plan-bici-cdmx\/#article\",\"isPartOf\":{\"@id\":\"https:\/\/mobilitas.lat\/es\/2018\/11\/19\/plan-bici-cdmx\/\"},\"author\":{\"name\":\"Alexandre Asquini\",\"@id\":\"https:\/\/mobilitas.lat\/es\/#\/schema\/person\/cae0d01ccbe855d1858d146e4c4d582d\"},\"headline\":\"Plan Bici CDMX\",\"datePublished\":\"2018-11-19T19:29:00+00:00\",\"dateModified\":\"2018-11-19T19:39:04+00:00\",\"mainEntityOfPage\":{\"@id\":\"https:\/\/mobilitas.lat\/es\/2018\/11\/19\/plan-bici-cdmx\/\"},\"wordCount\":380,\"publisher\":{\"@id\":\"https:\/\/mobilitas.lat\/es\/#organization\"},\"image\":{\"@id\":\"https:\/\/mobilitas.lat\/es\/2018\/11\/19\/plan-bici-cdmx\/#primaryimage\"},\"thumbnailUrl\":\"https:\/\/storage.mobilitas.lat\/uploads\/2018\/11\/MOBILITAS-PLAN-BICI-CDMX-NOVO-3.png\",\"keywords\":[\"BICICLETA\",\"CIUDAD DE MEXICO\"],\"articleSection\":[\"Notas\"],\"inLanguage\":\"es-ES\"},{\"@type\":\"WebPage\",\"@id\":\"https:\/\/mobilitas.lat\/es\/2018\/11\/19\/plan-bici-cdmx\/\",\"url\":\"https:\/\/mobilitas.lat\/es\/2018\/11\/19\/plan-bici-cdmx\/\",\"name\":\"Plan Bici CDMX | Mobilitas\",\"isPartOf\":{\"@id\":\"https:\/\/mobilitas.lat\/es\/#website\"},\"primaryImageOfPage\":{\"@id\":\"https:\/\/mobilitas.lat\/es\/2018\/11\/19\/plan-bici-cdmx\/#primaryimage\"},\"image\":{\"@id\":\"https:\/\/mobilitas.lat\/es\/2018\/11\/19\/plan-bici-cdmx\/#primaryimage\"},\"thumbnailUrl\":\"https:\/\/storage.mobilitas.lat\/uploads\/2018\/11\/MOBILITAS-PLAN-BICI-CDMX-NOVO-3.png\",\"datePublished\":\"2018-11-19T19:29:00+00:00\",\"dateModified\":\"2018-11-19T19:39:04+00:00\",\"breadcrumb\":{\"@id\":\"https:\/\/mobilitas.lat\/es\/2018\/11\/19\/plan-bici-cdmx\/#breadcrumb\"},\"inLanguage\":\"es-ES\",\"potentialAction\":[{\"@type\":\"ReadAction\",\"target\":[\"https:\/\/mobilitas.lat\/es\/2018\/11\/19\/plan-bici-cdmx\/\"]}]},{\"@type\":\"ImageObject\",\"inLanguage\":\"es-ES\",\"@id\":\"https:\/\/mobilitas.lat\/es\/2018\/11\/19\/plan-bici-cdmx\/#primaryimage\",\"url\":\"https:\/\/storage.mobilitas.lat\/uploads\/2018\/11\/MOBILITAS-PLAN-BICI-CDMX-NOVO-3.png\",\"contentUrl\":\"https:\/\/storage.mobilitas.lat\/uploads\/2018\/11\/MOBILITAS-PLAN-BICI-CDMX-NOVO-3.png\",\"width\":511,\"height\":254,\"caption\":\"Ciclistas. Foto: Gobierno de la Ciudad de Mexico\"},{\"@type\":\"BreadcrumbList\",\"@id\":\"https:\/\/mobilitas.lat\/es\/2018\/11\/19\/plan-bici-cdmx\/#breadcrumb\",\"itemListElement\":[{\"@type\":\"ListItem\",\"position\":1,\"name\":\"In\u00edcio\",\"item\":\"https:\/\/mobilitas.lat\/es\/\"},{\"@type\":\"ListItem\",\"position\":2,\"name\":\"Plan Bici CDMX\"}]},{\"@type\":\"WebSite\",\"@id\":\"https:\/\/mobilitas.lat\/es\/#website\",\"url\":\"https:\/\/mobilitas.lat\/es\/\",\"name\":\"Mobilitas\",\"description\":\"Tecnologia e Mobilidade Urbana na Am\u00e9rica Latina\",\"publisher\":{\"@id\":\"https:\/\/mobilitas.lat\/es\/#organization\"},\"potentialAction\":[{\"@type\":\"SearchAction\",\"target\":{\"@type\":\"EntryPoint\",\"urlTemplate\":\"https:\/\/mobilitas.lat\/es\/?s={search_term_string}\"},\"query-input\":{\"@type\":\"PropertyValueSpecification\",\"valueRequired\":true,\"valueName\":\"search_term_string\"}}],\"inLanguage\":\"es-ES\"},{\"@type\":\"Organization\",\"@id\":\"https:\/\/mobilitas.lat\/es\/#organization\",\"name\":\"OTM Editora\",\"url\":\"https:\/\/mobilitas.lat\/es\/\",\"logo\":{\"@type\":\"ImageObject\",\"inLanguage\":\"es-ES\",\"@id\":\"https:\/\/mobilitas.lat\/es\/#\/schema\/logo\/image\/\",\"url\":\"https:\/\/mobilitas.lat\/wp-content\/uploads\/2024\/03\/opengraph.png\",\"contentUrl\":\"https:\/\/mobilitas.lat\/wp-content\/uploads\/2024\/03\/opengraph.png\",\"width\":1200,\"height\":630,\"caption\":\"OTM Editora\"},\"image\":{\"@id\":\"https:\/\/mobilitas.lat\/es\/#\/schema\/logo\/image\/\"}},{\"@type\":\"Person\",\"@id\":\"https:\/\/mobilitas.lat\/es\/#\/schema\/person\/cae0d01ccbe855d1858d146e4c4d582d\",\"name\":\"Alexandre Asquini\",\"image\":{\"@type\":\"ImageObject\",\"inLanguage\":\"es-ES\",\"@id\":\"https:\/\/mobilitas.lat\/es\/#\/schema\/person\/image\/\",\"url\":\"https:\/\/secure.gravatar.com\/avatar\/aac99dbef1420f75cc7d86913eb8a7cdfbe13e2509ad7a45649a61414f6d2785?s=96&d=mm&r=g\",\"contentUrl\":\"https:\/\/secure.gravatar.com\/avatar\/aac99dbef1420f75cc7d86913eb8a7cdfbe13e2509ad7a45649a61414f6d2785?s=96&d=mm&r=g\",\"caption\":\"Alexandre Asquini\"}}]}<\/script>\n<!-- \/ Yoast SEO plugin. -->","yoast_head_json":{"title":"Plan Bici CDMX | Mobilitas","robots":{"index":"index","follow":"follow","max-snippet":"max-snippet:-1","max-image-preview":"max-image-preview:large","max-video-preview":"max-video-preview:-1"},"canonical":"https:\/\/mobilitas.lat\/es\/2018\/11\/19\/plan-bici-cdmx\/","og_locale":"es_ES","og_type":"article","og_title":"Plan Bici CDMX | Mobilitas","og_description":"El 12 de noviembre de 2018, el Gobierno de la Ciudad de M\u00e9xico, a trav\u00e9s de la Secretar\u00eda del Medio Ambiente (SEDEMA), present\u00f3 de manera coordinada junto con la Universidad Nacional Aut\u00f3noma de M\u00e9xico (UNAM) y el Banco Interamericano de Desarrollo (BID) el \u201cPlan Bici CDMX\u201d. La iniciativa tiene la finalidad de sentar bases para [&hellip;]","og_url":"https:\/\/mobilitas.lat\/es\/2018\/11\/19\/plan-bici-cdmx\/","og_site_name":"Mobilitas","article_published_time":"2018-11-19T19:29:00+00:00","article_modified_time":"2018-11-19T19:39:04+00:00","og_image":[{"width":511,"height":254,"url":"https:\/\/storage.mobilitas.lat\/uploads\/2018\/11\/MOBILITAS-PLAN-BICI-CDMX-NOVO-3.png","type":"image\/png"}],"author":"Alexandre Asquini","twitter_card":"summary_large_image","twitter_misc":{"Written by":"Alexandre Asquini","Est. reading time":"2 minutes"},"schema":{"@context":"https:\/\/schema.org","@graph":[{"@type":"Article","@id":"https:\/\/mobilitas.lat\/es\/2018\/11\/19\/plan-bici-cdmx\/#article","isPartOf":{"@id":"https:\/\/mobilitas.lat\/es\/2018\/11\/19\/plan-bici-cdmx\/"},"author":{"name":"Alexandre Asquini","@id":"https:\/\/mobilitas.lat\/es\/#\/schema\/person\/cae0d01ccbe855d1858d146e4c4d582d"},"headline":"Plan Bici CDMX","datePublished":"2018-11-19T19:29:00+00:00","dateModified":"2018-11-19T19:39:04+00:00","mainEntityOfPage":{"@id":"https:\/\/mobilitas.lat\/es\/2018\/11\/19\/plan-bici-cdmx\/"},"wordCount":380,"publisher":{"@id":"https:\/\/mobilitas.lat\/es\/#organization"},"image":{"@id":"https:\/\/mobilitas.lat\/es\/2018\/11\/19\/plan-bici-cdmx\/#primaryimage"},"thumbnailUrl":"https:\/\/storage.mobilitas.lat\/uploads\/2018\/11\/MOBILITAS-PLAN-BICI-CDMX-NOVO-3.png","keywords":["BICICLETA","CIUDAD DE MEXICO"],"articleSection":["Notas"],"inLanguage":"es-ES"},{"@type":"WebPage","@id":"https:\/\/mobilitas.lat\/es\/2018\/11\/19\/plan-bici-cdmx\/","url":"https:\/\/mobilitas.lat\/es\/2018\/11\/19\/plan-bici-cdmx\/","name":"Plan Bici CDMX | Mobilitas","isPartOf":{"@id":"https:\/\/mobilitas.lat\/es\/#website"},"primaryImageOfPage":{"@id":"https:\/\/mobilitas.lat\/es\/2018\/11\/19\/plan-bici-cdmx\/#primaryimage"},"image":{"@id":"https:\/\/mobilitas.lat\/es\/2018\/11\/19\/plan-bici-cdmx\/#primaryimage"},"thumbnailUrl":"https:\/\/storage.mobilitas.lat\/uploads\/2018\/11\/MOBILITAS-PLAN-BICI-CDMX-NOVO-3.png","datePublished":"2018-11-19T19:29:00+00:00","dateModified":"2018-11-19T19:39:04+00:00","breadcrumb":{"@id":"https:\/\/mobilitas.lat\/es\/2018\/11\/19\/plan-bici-cdmx\/#breadcrumb"},"inLanguage":"es-ES","potentialAction":[{"@type":"ReadAction","target":["https:\/\/mobilitas.lat\/es\/2018\/11\/19\/plan-bici-cdmx\/"]}]},{"@type":"ImageObject","inLanguage":"es-ES","@id":"https:\/\/mobilitas.lat\/es\/2018\/11\/19\/plan-bici-cdmx\/#primaryimage","url":"https:\/\/storage.mobilitas.lat\/uploads\/2018\/11\/MOBILITAS-PLAN-BICI-CDMX-NOVO-3.png","contentUrl":"https:\/\/storage.mobilitas.lat\/uploads\/2018\/11\/MOBILITAS-PLAN-BICI-CDMX-NOVO-3.png","width":511,"height":254,"caption":"Ciclistas. Foto: Gobierno de la Ciudad de Mexico"},{"@type":"BreadcrumbList","@id":"https:\/\/mobilitas.lat\/es\/2018\/11\/19\/plan-bici-cdmx\/#breadcrumb","itemListElement":[{"@type":"ListItem","position":1,"name":"In\u00edcio","item":"https:\/\/mobilitas.lat\/es\/"},{"@type":"ListItem","position":2,"name":"Plan Bici CDMX"}]},{"@type":"WebSite","@id":"https:\/\/mobilitas.lat\/es\/#website","url":"https:\/\/mobilitas.lat\/es\/","name":"Mobilitas","description":"Tecnologia e Mobilidade Urbana na Am\u00e9rica Latina","publisher":{"@id":"https:\/\/mobilitas.lat\/es\/#organization"},"potentialAction":[{"@type":"SearchAction","target":{"@type":"EntryPoint","urlTemplate":"https:\/\/mobilitas.lat\/es\/?s={search_term_string}"},"query-input":{"@type":"PropertyValueSpecification","valueRequired":true,"valueName":"search_term_string"}}],"inLanguage":"es-ES"},{"@type":"Organization","@id":"https:\/\/mobilitas.lat\/es\/#organization","name":"OTM Editora","url":"https:\/\/mobilitas.lat\/es\/","logo":{"@type":"ImageObject","inLanguage":"es-ES","@id":"https:\/\/mobilitas.lat\/es\/#\/schema\/logo\/image\/","url":"https:\/\/mobilitas.lat\/wp-content\/uploads\/2024\/03\/opengraph.png","contentUrl":"https:\/\/mobilitas.lat\/wp-content\/uploads\/2024\/03\/opengraph.png","width":1200,"height":630,"caption":"OTM Editora"},"image":{"@id":"https:\/\/mobilitas.lat\/es\/#\/schema\/logo\/image\/"}},{"@type":"Person","@id":"https:\/\/mobilitas.lat\/es\/#\/schema\/person\/cae0d01ccbe855d1858d146e4c4d582d","name":"Alexandre Asquini","image":{"@type":"ImageObject","inLanguage":"es-ES","@id":"https:\/\/mobilitas.lat\/es\/#\/schema\/person\/image\/","url":"https:\/\/secure.gravatar.com\/avatar\/aac99dbef1420f75cc7d86913eb8a7cdfbe13e2509ad7a45649a61414f6d2785?s=96&d=mm&r=g","contentUrl":"https:\/\/secure.gravatar.com\/avatar\/aac99dbef1420f75cc7d86913eb8a7cdfbe13e2509ad7a45649a61414f6d2785?s=96&d=mm&r=g","caption":"Alexandre Asquini"}}]}},"_links":{"self":[{"href":"https:\/\/mobilitas.lat\/es\/wp-json\/wp\/v2\/posts\/2992","targetHints":{"allow":["GET"]}}],"collection":[{"href":"https:\/\/mobilitas.lat\/es\/wp-json\/wp\/v2\/posts"}],"about":[{"href":"https:\/\/mobilitas.lat\/es\/wp-json\/wp\/v2\/types\/post"}],"author":[{"embeddable":true,"href":"https:\/\/mobilitas.lat\/es\/wp-json\/wp\/v2\/users\/2"}],"replies":[{"embeddable":true,"href":"https:\/\/mobilitas.lat\/es\/wp-json\/wp\/v2\/comments?post=2992"}],"version-history":[{"count":4,"href":"https:\/\/mobilitas.lat\/es\/wp-json\/wp\/v2\/posts\/2992\/revisions"}],"predecessor-version":[{"id":3008,"href":"https:\/\/mobilitas.lat\/es\/wp-json\/wp\/v2\/posts\/2992\/revisions\/3008"}],"wp:featuredmedia":[{"embeddable":true,"href":"https:\/\/mobilitas.lat\/es\/wp-json\/wp\/v2\/media\/3006"}],"wp:attachment":[{"href":"https:\/\/mobilitas.lat\/es\/wp-json\/wp\/v2\/media?parent=2992"}],"wp:term":[{"taxonomy":"category","embeddable":true,"href":"https:\/\/mobilitas.lat\/es\/wp-json\/wp\/v2\/categories?post=2992"},{"taxonomy":"post_tag","embeddable":true,"href":"https:\/\/mobilitas.lat\/es\/wp-json\/wp\/v2\/tags?post=2992"}],"curies":[{"name":"wp","href":"https:\/\/api.w.org\/{rel}","templated":true}]}}