{"id":2809,"date":"2018-11-13T02:00:15","date_gmt":"2018-11-13T04:00:15","guid":{"rendered":"https:\/\/mobilitas.lat\/?p=2809"},"modified":"2018-11-13T02:26:50","modified_gmt":"2018-11-13T04:26:50","slug":"6200-plazas-de-parqueo-renovadas","status":"publish","type":"post","link":"https:\/\/mobilitas.lat\/es\/2018\/11\/13\/6200-plazas-de-parqueo-renovadas\/","title":{"rendered":"6200 plazas de parqueo renovadas"},"content":{"rendered":"<p><em><strong>El municipio de Quito renov\u00f3 m\u00e1s de 6200 plazas de parqueo del Sistema de Estacionamiento Rotativo Tarifado<\/strong><\/em><\/p>\n<p>El Municipio de Quito inform\u00f3 que hasta la primera quincena de octubre renov\u00f3 m\u00e1s de 6200 plazas de parqueo del Sistema de Estacionamiento Rotativo Tarifado (SERT), m\u00e1s conocido como Zona Azul, ubicadas en el centro, norte, sur y valles de la capital. En estos trabajos invirti\u00f3 aproximadamente USD 8000 (los valores de la inversi\u00f3n se informaron en d\u00f3lares estadounidenses).<\/p>\n<p>Los trabajos iniciaron en septiembre pasado y hasta la segunda semana de octubre la Empresa P\u00fablica Metropolitana de Movilidad y Obras P\u00fablicas (EPMMOP) se\u00f1aliz\u00f3 m\u00e1s de 1100 metros cuadrados de Zona Azul en importantes avenidas.<\/p>\n<p>La se\u00f1alizaci\u00f3n continuar\u00e1 durante las siguientes semanas hasta completar el 100% de las plazas de zona azul en la ciudad. Las tareas de mantenimiento se las ejecuta aproximadamente dos veces al a\u00f1o. Siempre el desgaste de la pintura depender\u00e1 principalmente de las condiciones del tr\u00e1fico.<\/p>\n<p><strong>CARACTER\u00cdSTICAS\u00a0<\/strong><\/p>\n<p>El parqueo del Sistema de Estacionamiento Rotativo Tarifado (SERT) opera en seis sectores de la ciudad con 8883 plazas ubicadas en 141 calles de Quito y Cumbay\u00e1. Entre enero y septiembre de 2018 atendi\u00f3 a m\u00e1s de 6 millones de usuarios.<\/p>\n<p>El SERT opera de lunes a viernes, de 08:00 a 18:00, a un costo de USD 0,40 centavos por hora o fracci\u00f3n. Se except\u00faan los fines de semana y d\u00edas feriados. El conductor debe cancelar por anticipado el uso del espacio, verificar que los datos del ticket sean correctos, colocar el ticket en un lugar visible al interior del veh\u00edculo (para su f\u00e1cil control) y, finalmente, no sobrepasar el tiempo m\u00e1ximo de estacionamiento que es dos horas. De igual forma se recuerda que en cumplimiento de la Ordenanza Metropolitana N\u00ba 170 se beneficia con tarifa cero a personas con discapacidad y adultos mayores.<\/p>\n<p><strong>RECOMENDACIONES<\/strong><\/p>\n<p>Se recomienda a todos los usuarios de las v\u00edas respetar siempre las se\u00f1ales de tr\u00e1nsito ubicadas en la capital. En zonas urbanas, por ejemplo, los conductores no deben exceder el l\u00edmite de velocidad: 50 kil\u00f3metros por hora. Por su parte los peatones tambi\u00e9n est\u00e1n obligados a usar los pasos cebras, l\u00edneas canalizadoras (espacio por donde avanza el peat\u00f3n en cruces semaforizados) y los puentes peatonales para cruzar seguros.<\/p>\n","protected":false},"excerpt":{"rendered":"<p>El municipio de Quito renov\u00f3 m\u00e1s de 6200 plazas de parqueo del Sistema de Estacionamiento Rotativo Tarifado El Municipio de Quito inform\u00f3 que hasta la primera quincena de octubre renov\u00f3 m\u00e1s de 6200 plazas de parqueo del Sistema de Estacionamiento Rotativo Tarifado (SERT), m\u00e1s conocido como Zona Azul, ubicadas en el centro, norte, sur y [&hellip;]<\/p>\n","protected":false},"author":2,"featured_media":2810,"comment_status":"closed","ping_status":"closed","sticky":false,"template":"","format":"standard","meta":{"footnotes":""},"categories":[287],"tags":[576,304,577],"class_list":["post-2809","post","type-post","status-publish","format-standard","has-post-thumbnail","hentry","category-notas","tag-plazas-de-parqueo","tag-quito-es","tag-sistema-de-estacionamiento-rotativo-tarifado"],"yoast_head":"<!-- This site is optimized with the Yoast SEO plugin v26.9 - https:\/\/yoast.com\/product\/yoast-seo-wordpress\/ -->\n<title>6200 plazas de parqueo renovadas | Mobilitas<\/title>\n<meta name=\"robots\" content=\"index, follow, max-snippet:-1, max-image-preview:large, max-video-preview:-1\" \/>\n<link rel=\"canonical\" href=\"https:\/\/mobilitas.lat\/es\/2018\/11\/13\/6200-plazas-de-parqueo-renovadas\/\" \/>\n<meta property=\"og:locale\" content=\"es_ES\" \/>\n<meta property=\"og:type\" content=\"article\" \/>\n<meta property=\"og:title\" content=\"6200 plazas de parqueo renovadas | Mobilitas\" \/>\n<meta property=\"og:description\" content=\"El municipio de Quito renov\u00f3 m\u00e1s de 6200 plazas de parqueo del Sistema de Estacionamiento Rotativo Tarifado El Municipio de Quito inform\u00f3 que hasta la primera quincena de octubre renov\u00f3 m\u00e1s de 6200 plazas de parqueo del Sistema de Estacionamiento Rotativo Tarifado (SERT), m\u00e1s conocido como Zona Azul, ubicadas en el centro, norte, sur y [&hellip;]\" \/>\n<meta property=\"og:url\" content=\"https:\/\/mobilitas.lat\/es\/2018\/11\/13\/6200-plazas-de-parqueo-renovadas\/\" \/>\n<meta property=\"og:site_name\" content=\"Mobilitas\" \/>\n<meta property=\"article:published_time\" content=\"2018-11-13T04:00:15+00:00\" \/>\n<meta property=\"article:modified_time\" content=\"2018-11-13T04:26:50+00:00\" \/>\n<meta property=\"og:image\" content=\"https:\/\/storage.mobilitas.lat\/uploads\/2018\/10\/MOBILITASPLAZASDEPARQUEOQUITOALCALDIADEQUITO.jpg\" \/>\n\t<meta property=\"og:image:width\" content=\"569\" \/>\n\t<meta property=\"og:image:height\" content=\"310\" \/>\n\t<meta property=\"og:image:type\" content=\"image\/jpeg\" \/>\n<meta name=\"author\" content=\"Alexandre Asquini\" \/>\n<meta name=\"twitter:card\" content=\"summary_large_image\" \/>\n<meta name=\"twitter:label1\" content=\"Written by\" \/>\n\t<meta name=\"twitter:data1\" content=\"Alexandre Asquini\" \/>\n\t<meta name=\"twitter:label2\" content=\"Est. reading time\" \/>\n\t<meta name=\"twitter:data2\" content=\"2 minutes\" \/>\n<script type=\"application\/ld+json\" class=\"yoast-schema-graph\">{\"@context\":\"https:\/\/schema.org\",\"@graph\":[{\"@type\":\"Article\",\"@id\":\"https:\/\/mobilitas.lat\/es\/2018\/11\/13\/6200-plazas-de-parqueo-renovadas\/#article\",\"isPartOf\":{\"@id\":\"https:\/\/mobilitas.lat\/es\/2018\/11\/13\/6200-plazas-de-parqueo-renovadas\/\"},\"author\":{\"name\":\"Alexandre Asquini\",\"@id\":\"https:\/\/mobilitas.lat\/es\/#\/schema\/person\/cae0d01ccbe855d1858d146e4c4d582d\"},\"headline\":\"6200 plazas de parqueo renovadas\",\"datePublished\":\"2018-11-13T04:00:15+00:00\",\"dateModified\":\"2018-11-13T04:26:50+00:00\",\"mainEntityOfPage\":{\"@id\":\"https:\/\/mobilitas.lat\/es\/2018\/11\/13\/6200-plazas-de-parqueo-renovadas\/\"},\"wordCount\":390,\"publisher\":{\"@id\":\"https:\/\/mobilitas.lat\/es\/#organization\"},\"image\":{\"@id\":\"https:\/\/mobilitas.lat\/es\/2018\/11\/13\/6200-plazas-de-parqueo-renovadas\/#primaryimage\"},\"thumbnailUrl\":\"https:\/\/storage.mobilitas.lat\/uploads\/2018\/10\/MOBILITASPLAZASDEPARQUEOQUITOALCALDIADEQUITO.jpg\",\"keywords\":[\"PLAZAS DE PARQUEO\",\"QUITO\",\"SISTEMA DE ESTACIONAMIENTO ROTATIVO TARIFADO\"],\"articleSection\":[\"Notas\"],\"inLanguage\":\"es-ES\"},{\"@type\":\"WebPage\",\"@id\":\"https:\/\/mobilitas.lat\/es\/2018\/11\/13\/6200-plazas-de-parqueo-renovadas\/\",\"url\":\"https:\/\/mobilitas.lat\/es\/2018\/11\/13\/6200-plazas-de-parqueo-renovadas\/\",\"name\":\"6200 plazas de parqueo renovadas | Mobilitas\",\"isPartOf\":{\"@id\":\"https:\/\/mobilitas.lat\/es\/#website\"},\"primaryImageOfPage\":{\"@id\":\"https:\/\/mobilitas.lat\/es\/2018\/11\/13\/6200-plazas-de-parqueo-renovadas\/#primaryimage\"},\"image\":{\"@id\":\"https:\/\/mobilitas.lat\/es\/2018\/11\/13\/6200-plazas-de-parqueo-renovadas\/#primaryimage\"},\"thumbnailUrl\":\"https:\/\/storage.mobilitas.lat\/uploads\/2018\/10\/MOBILITASPLAZASDEPARQUEOQUITOALCALDIADEQUITO.jpg\",\"datePublished\":\"2018-11-13T04:00:15+00:00\",\"dateModified\":\"2018-11-13T04:26:50+00:00\",\"breadcrumb\":{\"@id\":\"https:\/\/mobilitas.lat\/es\/2018\/11\/13\/6200-plazas-de-parqueo-renovadas\/#breadcrumb\"},\"inLanguage\":\"es-ES\",\"potentialAction\":[{\"@type\":\"ReadAction\",\"target\":[\"https:\/\/mobilitas.lat\/es\/2018\/11\/13\/6200-plazas-de-parqueo-renovadas\/\"]}]},{\"@type\":\"ImageObject\",\"inLanguage\":\"es-ES\",\"@id\":\"https:\/\/mobilitas.lat\/es\/2018\/11\/13\/6200-plazas-de-parqueo-renovadas\/#primaryimage\",\"url\":\"https:\/\/storage.mobilitas.lat\/uploads\/2018\/10\/MOBILITASPLAZASDEPARQUEOQUITOALCALDIADEQUITO.jpg\",\"contentUrl\":\"https:\/\/storage.mobilitas.lat\/uploads\/2018\/10\/MOBILITASPLAZASDEPARQUEOQUITOALCALDIADEQUITO.jpg\",\"width\":569,\"height\":310,\"caption\":\"Autos estacionados. Foto: Munic\u00edpio de Quito\"},{\"@type\":\"BreadcrumbList\",\"@id\":\"https:\/\/mobilitas.lat\/es\/2018\/11\/13\/6200-plazas-de-parqueo-renovadas\/#breadcrumb\",\"itemListElement\":[{\"@type\":\"ListItem\",\"position\":1,\"name\":\"In\u00edcio\",\"item\":\"https:\/\/mobilitas.lat\/es\/\"},{\"@type\":\"ListItem\",\"position\":2,\"name\":\"6200 plazas de parqueo renovadas\"}]},{\"@type\":\"WebSite\",\"@id\":\"https:\/\/mobilitas.lat\/es\/#website\",\"url\":\"https:\/\/mobilitas.lat\/es\/\",\"name\":\"Mobilitas\",\"description\":\"Tecnologia e Mobilidade Urbana na Am\u00e9rica Latina\",\"publisher\":{\"@id\":\"https:\/\/mobilitas.lat\/es\/#organization\"},\"potentialAction\":[{\"@type\":\"SearchAction\",\"target\":{\"@type\":\"EntryPoint\",\"urlTemplate\":\"https:\/\/mobilitas.lat\/es\/?s={search_term_string}\"},\"query-input\":{\"@type\":\"PropertyValueSpecification\",\"valueRequired\":true,\"valueName\":\"search_term_string\"}}],\"inLanguage\":\"es-ES\"},{\"@type\":\"Organization\",\"@id\":\"https:\/\/mobilitas.lat\/es\/#organization\",\"name\":\"OTM Editora\",\"url\":\"https:\/\/mobilitas.lat\/es\/\",\"logo\":{\"@type\":\"ImageObject\",\"inLanguage\":\"es-ES\",\"@id\":\"https:\/\/mobilitas.lat\/es\/#\/schema\/logo\/image\/\",\"url\":\"https:\/\/mobilitas.lat\/wp-content\/uploads\/2024\/03\/opengraph.png\",\"contentUrl\":\"https:\/\/mobilitas.lat\/wp-content\/uploads\/2024\/03\/opengraph.png\",\"width\":1200,\"height\":630,\"caption\":\"OTM Editora\"},\"image\":{\"@id\":\"https:\/\/mobilitas.lat\/es\/#\/schema\/logo\/image\/\"}},{\"@type\":\"Person\",\"@id\":\"https:\/\/mobilitas.lat\/es\/#\/schema\/person\/cae0d01ccbe855d1858d146e4c4d582d\",\"name\":\"Alexandre Asquini\",\"image\":{\"@type\":\"ImageObject\",\"inLanguage\":\"es-ES\",\"@id\":\"https:\/\/mobilitas.lat\/es\/#\/schema\/person\/image\/\",\"url\":\"https:\/\/secure.gravatar.com\/avatar\/aac99dbef1420f75cc7d86913eb8a7cdfbe13e2509ad7a45649a61414f6d2785?s=96&d=mm&r=g\",\"contentUrl\":\"https:\/\/secure.gravatar.com\/avatar\/aac99dbef1420f75cc7d86913eb8a7cdfbe13e2509ad7a45649a61414f6d2785?s=96&d=mm&r=g\",\"caption\":\"Alexandre Asquini\"}}]}<\/script>\n<!-- \/ Yoast SEO plugin. -->","yoast_head_json":{"title":"6200 plazas de parqueo renovadas | Mobilitas","robots":{"index":"index","follow":"follow","max-snippet":"max-snippet:-1","max-image-preview":"max-image-preview:large","max-video-preview":"max-video-preview:-1"},"canonical":"https:\/\/mobilitas.lat\/es\/2018\/11\/13\/6200-plazas-de-parqueo-renovadas\/","og_locale":"es_ES","og_type":"article","og_title":"6200 plazas de parqueo renovadas | Mobilitas","og_description":"El municipio de Quito renov\u00f3 m\u00e1s de 6200 plazas de parqueo del Sistema de Estacionamiento Rotativo Tarifado El Municipio de Quito inform\u00f3 que hasta la primera quincena de octubre renov\u00f3 m\u00e1s de 6200 plazas de parqueo del Sistema de Estacionamiento Rotativo Tarifado (SERT), m\u00e1s conocido como Zona Azul, ubicadas en el centro, norte, sur y [&hellip;]","og_url":"https:\/\/mobilitas.lat\/es\/2018\/11\/13\/6200-plazas-de-parqueo-renovadas\/","og_site_name":"Mobilitas","article_published_time":"2018-11-13T04:00:15+00:00","article_modified_time":"2018-11-13T04:26:50+00:00","og_image":[{"width":569,"height":310,"url":"https:\/\/storage.mobilitas.lat\/uploads\/2018\/10\/MOBILITASPLAZASDEPARQUEOQUITOALCALDIADEQUITO.jpg","type":"image\/jpeg"}],"author":"Alexandre Asquini","twitter_card":"summary_large_image","twitter_misc":{"Written by":"Alexandre Asquini","Est. reading time":"2 minutes"},"schema":{"@context":"https:\/\/schema.org","@graph":[{"@type":"Article","@id":"https:\/\/mobilitas.lat\/es\/2018\/11\/13\/6200-plazas-de-parqueo-renovadas\/#article","isPartOf":{"@id":"https:\/\/mobilitas.lat\/es\/2018\/11\/13\/6200-plazas-de-parqueo-renovadas\/"},"author":{"name":"Alexandre Asquini","@id":"https:\/\/mobilitas.lat\/es\/#\/schema\/person\/cae0d01ccbe855d1858d146e4c4d582d"},"headline":"6200 plazas de parqueo renovadas","datePublished":"2018-11-13T04:00:15+00:00","dateModified":"2018-11-13T04:26:50+00:00","mainEntityOfPage":{"@id":"https:\/\/mobilitas.lat\/es\/2018\/11\/13\/6200-plazas-de-parqueo-renovadas\/"},"wordCount":390,"publisher":{"@id":"https:\/\/mobilitas.lat\/es\/#organization"},"image":{"@id":"https:\/\/mobilitas.lat\/es\/2018\/11\/13\/6200-plazas-de-parqueo-renovadas\/#primaryimage"},"thumbnailUrl":"https:\/\/storage.mobilitas.lat\/uploads\/2018\/10\/MOBILITASPLAZASDEPARQUEOQUITOALCALDIADEQUITO.jpg","keywords":["PLAZAS DE PARQUEO","QUITO","SISTEMA DE ESTACIONAMIENTO ROTATIVO TARIFADO"],"articleSection":["Notas"],"inLanguage":"es-ES"},{"@type":"WebPage","@id":"https:\/\/mobilitas.lat\/es\/2018\/11\/13\/6200-plazas-de-parqueo-renovadas\/","url":"https:\/\/mobilitas.lat\/es\/2018\/11\/13\/6200-plazas-de-parqueo-renovadas\/","name":"6200 plazas de parqueo renovadas | Mobilitas","isPartOf":{"@id":"https:\/\/mobilitas.lat\/es\/#website"},"primaryImageOfPage":{"@id":"https:\/\/mobilitas.lat\/es\/2018\/11\/13\/6200-plazas-de-parqueo-renovadas\/#primaryimage"},"image":{"@id":"https:\/\/mobilitas.lat\/es\/2018\/11\/13\/6200-plazas-de-parqueo-renovadas\/#primaryimage"},"thumbnailUrl":"https:\/\/storage.mobilitas.lat\/uploads\/2018\/10\/MOBILITASPLAZASDEPARQUEOQUITOALCALDIADEQUITO.jpg","datePublished":"2018-11-13T04:00:15+00:00","dateModified":"2018-11-13T04:26:50+00:00","breadcrumb":{"@id":"https:\/\/mobilitas.lat\/es\/2018\/11\/13\/6200-plazas-de-parqueo-renovadas\/#breadcrumb"},"inLanguage":"es-ES","potentialAction":[{"@type":"ReadAction","target":["https:\/\/mobilitas.lat\/es\/2018\/11\/13\/6200-plazas-de-parqueo-renovadas\/"]}]},{"@type":"ImageObject","inLanguage":"es-ES","@id":"https:\/\/mobilitas.lat\/es\/2018\/11\/13\/6200-plazas-de-parqueo-renovadas\/#primaryimage","url":"https:\/\/storage.mobilitas.lat\/uploads\/2018\/10\/MOBILITASPLAZASDEPARQUEOQUITOALCALDIADEQUITO.jpg","contentUrl":"https:\/\/storage.mobilitas.lat\/uploads\/2018\/10\/MOBILITASPLAZASDEPARQUEOQUITOALCALDIADEQUITO.jpg","width":569,"height":310,"caption":"Autos estacionados. Foto: Munic\u00edpio de Quito"},{"@type":"BreadcrumbList","@id":"https:\/\/mobilitas.lat\/es\/2018\/11\/13\/6200-plazas-de-parqueo-renovadas\/#breadcrumb","itemListElement":[{"@type":"ListItem","position":1,"name":"In\u00edcio","item":"https:\/\/mobilitas.lat\/es\/"},{"@type":"ListItem","position":2,"name":"6200 plazas de parqueo renovadas"}]},{"@type":"WebSite","@id":"https:\/\/mobilitas.lat\/es\/#website","url":"https:\/\/mobilitas.lat\/es\/","name":"Mobilitas","description":"Tecnologia e Mobilidade Urbana na Am\u00e9rica Latina","publisher":{"@id":"https:\/\/mobilitas.lat\/es\/#organization"},"potentialAction":[{"@type":"SearchAction","target":{"@type":"EntryPoint","urlTemplate":"https:\/\/mobilitas.lat\/es\/?s={search_term_string}"},"query-input":{"@type":"PropertyValueSpecification","valueRequired":true,"valueName":"search_term_string"}}],"inLanguage":"es-ES"},{"@type":"Organization","@id":"https:\/\/mobilitas.lat\/es\/#organization","name":"OTM Editora","url":"https:\/\/mobilitas.lat\/es\/","logo":{"@type":"ImageObject","inLanguage":"es-ES","@id":"https:\/\/mobilitas.lat\/es\/#\/schema\/logo\/image\/","url":"https:\/\/mobilitas.lat\/wp-content\/uploads\/2024\/03\/opengraph.png","contentUrl":"https:\/\/mobilitas.lat\/wp-content\/uploads\/2024\/03\/opengraph.png","width":1200,"height":630,"caption":"OTM Editora"},"image":{"@id":"https:\/\/mobilitas.lat\/es\/#\/schema\/logo\/image\/"}},{"@type":"Person","@id":"https:\/\/mobilitas.lat\/es\/#\/schema\/person\/cae0d01ccbe855d1858d146e4c4d582d","name":"Alexandre Asquini","image":{"@type":"ImageObject","inLanguage":"es-ES","@id":"https:\/\/mobilitas.lat\/es\/#\/schema\/person\/image\/","url":"https:\/\/secure.gravatar.com\/avatar\/aac99dbef1420f75cc7d86913eb8a7cdfbe13e2509ad7a45649a61414f6d2785?s=96&d=mm&r=g","contentUrl":"https:\/\/secure.gravatar.com\/avatar\/aac99dbef1420f75cc7d86913eb8a7cdfbe13e2509ad7a45649a61414f6d2785?s=96&d=mm&r=g","caption":"Alexandre Asquini"}}]}},"_links":{"self":[{"href":"https:\/\/mobilitas.lat\/es\/wp-json\/wp\/v2\/posts\/2809","targetHints":{"allow":["GET"]}}],"collection":[{"href":"https:\/\/mobilitas.lat\/es\/wp-json\/wp\/v2\/posts"}],"about":[{"href":"https:\/\/mobilitas.lat\/es\/wp-json\/wp\/v2\/types\/post"}],"author":[{"embeddable":true,"href":"https:\/\/mobilitas.lat\/es\/wp-json\/wp\/v2\/users\/2"}],"replies":[{"embeddable":true,"href":"https:\/\/mobilitas.lat\/es\/wp-json\/wp\/v2\/comments?post=2809"}],"version-history":[{"count":1,"href":"https:\/\/mobilitas.lat\/es\/wp-json\/wp\/v2\/posts\/2809\/revisions"}],"predecessor-version":[{"id":2812,"href":"https:\/\/mobilitas.lat\/es\/wp-json\/wp\/v2\/posts\/2809\/revisions\/2812"}],"wp:featuredmedia":[{"embeddable":true,"href":"https:\/\/mobilitas.lat\/es\/wp-json\/wp\/v2\/media\/2810"}],"wp:attachment":[{"href":"https:\/\/mobilitas.lat\/es\/wp-json\/wp\/v2\/media?parent=2809"}],"wp:term":[{"taxonomy":"category","embeddable":true,"href":"https:\/\/mobilitas.lat\/es\/wp-json\/wp\/v2\/categories?post=2809"},{"taxonomy":"post_tag","embeddable":true,"href":"https:\/\/mobilitas.lat\/es\/wp-json\/wp\/v2\/tags?post=2809"}],"curies":[{"name":"wp","href":"https:\/\/api.w.org\/{rel}","templated":true}]}}