{"id":2764,"date":"2018-10-09T09:45:46","date_gmt":"2018-10-09T12:45:46","guid":{"rendered":"https:\/\/mobilitas.lat\/?p=2764"},"modified":"2018-11-13T23:18:35","modified_gmt":"2018-11-14T01:18:35","slug":"el-presidente-de-la-uitp-america-latina-abrira-en-san-pablo-el-foro-de-gestion-y-conectividad-de-flotas-2018","status":"publish","type":"post","link":"https:\/\/mobilitas.lat\/es\/2018\/10\/09\/el-presidente-de-la-uitp-america-latina-abrira-en-san-pablo-el-foro-de-gestion-y-conectividad-de-flotas-2018\/","title":{"rendered":"El presidente de la UITP Am\u00e9rica Latina abrir\u00e1 en San Pablo el Foro de Gesti\u00f3n y Conectividad de Flotas 2018"},"content":{"rendered":"<p>El 12 de noviembre de 2018, en el Amcham Business Center, en San Pablo, el presidente de la Uni\u00f3n Internacional de Transportes P\u00fablicos &#8211; Divisi\u00f3n Am\u00e9rica Latina (UITP\/DAL), el ingeniero Jurandir Fernandes, dar\u00e1 la charla inaugural del <em>Foro de Gesti\u00f3n y Conectividad de Flotas 2018 &#8211; \u00d3mnibus, Camiones, Furgonetas, Utilitarios, Autom\u00f3viles y Movilidad.<\/em> A este encuentro lo promueve la Editorial OTM, con el apoyo de las publicaciones <em>TechniBus<\/em>, <em>Gesti\u00f3n &amp; Conectividad de Flotas<\/em> y <em>Transporte Moderno<\/em>, y el seguimiento en portugu\u00e9s y en espa\u00f1ol de esta p\u00e1gina <em>Mobilitas \u2013 Tecnolog\u00eda y Movilidad Urbana en Am\u00e9rica Latina.<\/em> La apertura del evento contar\u00e1 con la participaci\u00f3n del director de la Editorial OTM, Marcelo Fontana y de Wagner Fonseca.<\/p>\n<p>El primer d\u00eda, se van a centrar en los siguientes temas: <em>Conectividad \u2013 equipos inteligentes, la nueva herramienta para gesti\u00f3n<\/em>; <em>Tren de fuerza \u2013 motor y transmisi\u00f3n integrados para el aumento del rendimiento<\/em>; <em>Neum\u00e1ticos \u2013 sostenibilidad a trav\u00e9s de la gesti\u00f3n: elecci\u00f3n, rentabilidad y descarte<\/em>; <em>Gesti\u00f3n de Flotas \u2013 Varios caminos, un solo objetivo<\/em>; <em>Ensambladoras \u2013 electr\u00f3nica integrada, conexi\u00f3n, tecnolog\u00eda y alternativas energ\u00e9ticas<\/em>; <em>Veh\u00edculo El\u00e9ctrico Comercial<\/em>; <em>Soluciones digitales para el ecosistema de transporte y log\u00edstica<\/em>.<\/p>\n<p><strong>SEGUNDO D\u00cdA<\/strong><\/p>\n<p>La conferencia inaugural del segundo d\u00eda (13 de noviembre) estar\u00e1 a cargo del consultor Roberto Sganzerla, con el tema<em> La transformaci\u00f3n digital y los impactos en la movilidad de las ciudades.<\/em> La programaci\u00f3n tambi\u00e9n prev\u00e9 estos temas: S<em>istemas prescriptivos y cognitivos<\/em>; <em>IAA Driving Tomorrow \u2013 El Veh\u00edculo comercial como conductor del mundo de hoy; Mantenimiento y Servicio 4.0; Transporte de carga y pasajeros\u00a0 \u2013 la innovaci\u00f3n lleg\u00f3 a las empresas; Voith y la definici\u00f3n de las personas para los Camiones El\u00e9ctricos; Veh\u00edculo Comercial 2; Sistema de Abastecimiento\u00a0 \u2013 gesti\u00f3n inteligente del consumo de combustible; Aceites lubricantes &#8211; nuevas formulaciones y reducci\u00f3n de costos operacionales; Rentadoras &#8211; alquilar, comprar o compartir: el aumento del abanico de opciones.<\/em><\/p>\n<p><a href=\"http:\/\/e.allin.otmeditora.com\/preview_htm.php?id_cmp=7000683&amp;idem=1164&amp;iu=4877&amp;atmem=YWxleGFuZHJlX2FzcXVpbmkxQHlhaG9vLmNvbQ==\" target=\"_blank\" rel=\"noopener\"><strong><em>Vea la programaci\u00f3n completa en portugu\u00e9s<\/em><\/strong><\/a><\/p>\n<p><strong><em>\u00a0<\/em><\/strong><\/p>\n<p><strong><em>\u00a0<\/em><\/strong><\/p>\n<p>&nbsp;<\/p>\n","protected":false},"excerpt":{"rendered":"<p>El 12 de noviembre de 2018, en el Amcham Business Center, en San Pablo, el presidente de la Uni\u00f3n Internacional de Transportes P\u00fablicos &#8211; Divisi\u00f3n Am\u00e9rica Latina (UITP\/DAL), el ingeniero Jurandir Fernandes, dar\u00e1 la charla inaugural del Foro de Gesti\u00f3n y Conectividad de Flotas 2018 &#8211; \u00d3mnibus, Camiones, Furgonetas, Utilitarios, Autom\u00f3viles y Movilidad. A este [&hellip;]<\/p>\n","protected":false},"author":2,"featured_media":2765,"comment_status":"closed","ping_status":"closed","sticky":false,"template":"","format":"standard","meta":{"footnotes":""},"categories":[287,298],"tags":[568,566,569,567,55,458],"class_list":["post-2764","post","type-post","status-publish","format-standard","has-post-thumbnail","hentry","category-notas","category-radar-es","tag-conectividad-de-flotas","tag-flotas","tag-foro-de-gestion-y-conectividad-de-flotas","tag-gestion-de-flotas","tag-jurandir-fernandes","tag-roberto-sganzerla"],"yoast_head":"<!-- This site is optimized with the Yoast SEO plugin v26.9 - https:\/\/yoast.com\/product\/yoast-seo-wordpress\/ -->\n<title>El presidente de la UITP Am\u00e9rica Latina abrir\u00e1 en San Pablo el Foro de Gesti\u00f3n y Conectividad de Flotas 2018 | Mobilitas<\/title>\n<meta name=\"robots\" content=\"index, follow, max-snippet:-1, max-image-preview:large, max-video-preview:-1\" \/>\n<link rel=\"canonical\" href=\"https:\/\/mobilitas.lat\/es\/2018\/10\/09\/el-presidente-de-la-uitp-america-latina-abrira-en-san-pablo-el-foro-de-gestion-y-conectividad-de-flotas-2018\/\" \/>\n<meta property=\"og:locale\" content=\"es_ES\" \/>\n<meta property=\"og:type\" content=\"article\" \/>\n<meta property=\"og:title\" content=\"El presidente de la UITP Am\u00e9rica Latina abrir\u00e1 en San Pablo el Foro de Gesti\u00f3n y Conectividad de Flotas 2018 | Mobilitas\" \/>\n<meta property=\"og:description\" content=\"El 12 de noviembre de 2018, en el Amcham Business Center, en San Pablo, el presidente de la Uni\u00f3n Internacional de Transportes P\u00fablicos &#8211; Divisi\u00f3n Am\u00e9rica Latina (UITP\/DAL), el ingeniero Jurandir Fernandes, dar\u00e1 la charla inaugural del Foro de Gesti\u00f3n y Conectividad de Flotas 2018 &#8211; \u00d3mnibus, Camiones, Furgonetas, Utilitarios, Autom\u00f3viles y Movilidad. A este [&hellip;]\" \/>\n<meta property=\"og:url\" content=\"https:\/\/mobilitas.lat\/es\/2018\/10\/09\/el-presidente-de-la-uitp-america-latina-abrira-en-san-pablo-el-foro-de-gestion-y-conectividad-de-flotas-2018\/\" \/>\n<meta property=\"og:site_name\" content=\"Mobilitas\" \/>\n<meta property=\"article:published_time\" content=\"2018-10-09T12:45:46+00:00\" \/>\n<meta property=\"article:modified_time\" content=\"2018-11-14T01:18:35+00:00\" \/>\n<meta property=\"og:image\" content=\"https:\/\/storage.mobilitas.lat\/uploads\/2018\/10\/MOBILITAS-F\u00d3RUM-GEST\u00c3O-DE-FROTAS.png\" \/>\n\t<meta property=\"og:image:width\" content=\"534\" \/>\n\t<meta property=\"og:image:height\" content=\"298\" \/>\n\t<meta property=\"og:image:type\" content=\"image\/png\" \/>\n<meta name=\"author\" content=\"Alexandre Asquini\" \/>\n<meta name=\"twitter:card\" content=\"summary_large_image\" \/>\n<meta name=\"twitter:label1\" content=\"Written by\" \/>\n\t<meta name=\"twitter:data1\" content=\"Alexandre Asquini\" \/>\n\t<meta name=\"twitter:label2\" content=\"Est. reading time\" \/>\n\t<meta name=\"twitter:data2\" content=\"2 minutes\" \/>\n<script type=\"application\/ld+json\" class=\"yoast-schema-graph\">{\"@context\":\"https:\/\/schema.org\",\"@graph\":[{\"@type\":\"Article\",\"@id\":\"https:\/\/mobilitas.lat\/es\/2018\/10\/09\/el-presidente-de-la-uitp-america-latina-abrira-en-san-pablo-el-foro-de-gestion-y-conectividad-de-flotas-2018\/#article\",\"isPartOf\":{\"@id\":\"https:\/\/mobilitas.lat\/es\/2018\/10\/09\/el-presidente-de-la-uitp-america-latina-abrira-en-san-pablo-el-foro-de-gestion-y-conectividad-de-flotas-2018\/\"},\"author\":{\"name\":\"Alexandre Asquini\",\"@id\":\"https:\/\/mobilitas.lat\/es\/#\/schema\/person\/cae0d01ccbe855d1858d146e4c4d582d\"},\"headline\":\"El presidente de la UITP Am\u00e9rica Latina abrir\u00e1 en San Pablo el Foro de Gesti\u00f3n y Conectividad de Flotas 2018\",\"datePublished\":\"2018-10-09T12:45:46+00:00\",\"dateModified\":\"2018-11-14T01:18:35+00:00\",\"mainEntityOfPage\":{\"@id\":\"https:\/\/mobilitas.lat\/es\/2018\/10\/09\/el-presidente-de-la-uitp-america-latina-abrira-en-san-pablo-el-foro-de-gestion-y-conectividad-de-flotas-2018\/\"},\"wordCount\":365,\"publisher\":{\"@id\":\"https:\/\/mobilitas.lat\/es\/#organization\"},\"image\":{\"@id\":\"https:\/\/mobilitas.lat\/es\/2018\/10\/09\/el-presidente-de-la-uitp-america-latina-abrira-en-san-pablo-el-foro-de-gestion-y-conectividad-de-flotas-2018\/#primaryimage\"},\"thumbnailUrl\":\"https:\/\/storage.mobilitas.lat\/uploads\/2018\/10\/MOBILITAS-F\u00d3RUM-GEST\u00c3O-DE-FROTAS.png\",\"keywords\":[\"CONECTIVIDAD DE FLOTAS\",\"FLOTAS\",\"FORO DE GESTI\u00d3N Y CONECTIVIDAD DE FLOTAS\",\"GESTI\u00d3N DE FLOTAS\",\"Jurandir Fernandes\",\"ROBERTO SGANZERLA\"],\"articleSection\":[\"Notas\",\"Radar\"],\"inLanguage\":\"es-ES\"},{\"@type\":\"WebPage\",\"@id\":\"https:\/\/mobilitas.lat\/es\/2018\/10\/09\/el-presidente-de-la-uitp-america-latina-abrira-en-san-pablo-el-foro-de-gestion-y-conectividad-de-flotas-2018\/\",\"url\":\"https:\/\/mobilitas.lat\/es\/2018\/10\/09\/el-presidente-de-la-uitp-america-latina-abrira-en-san-pablo-el-foro-de-gestion-y-conectividad-de-flotas-2018\/\",\"name\":\"El presidente de la UITP Am\u00e9rica Latina abrir\u00e1 en San Pablo el Foro de Gesti\u00f3n y Conectividad de Flotas 2018 | Mobilitas\",\"isPartOf\":{\"@id\":\"https:\/\/mobilitas.lat\/es\/#website\"},\"primaryImageOfPage\":{\"@id\":\"https:\/\/mobilitas.lat\/es\/2018\/10\/09\/el-presidente-de-la-uitp-america-latina-abrira-en-san-pablo-el-foro-de-gestion-y-conectividad-de-flotas-2018\/#primaryimage\"},\"image\":{\"@id\":\"https:\/\/mobilitas.lat\/es\/2018\/10\/09\/el-presidente-de-la-uitp-america-latina-abrira-en-san-pablo-el-foro-de-gestion-y-conectividad-de-flotas-2018\/#primaryimage\"},\"thumbnailUrl\":\"https:\/\/storage.mobilitas.lat\/uploads\/2018\/10\/MOBILITAS-F\u00d3RUM-GEST\u00c3O-DE-FROTAS.png\",\"datePublished\":\"2018-10-09T12:45:46+00:00\",\"dateModified\":\"2018-11-14T01:18:35+00:00\",\"breadcrumb\":{\"@id\":\"https:\/\/mobilitas.lat\/es\/2018\/10\/09\/el-presidente-de-la-uitp-america-latina-abrira-en-san-pablo-el-foro-de-gestion-y-conectividad-de-flotas-2018\/#breadcrumb\"},\"inLanguage\":\"es-ES\",\"potentialAction\":[{\"@type\":\"ReadAction\",\"target\":[\"https:\/\/mobilitas.lat\/es\/2018\/10\/09\/el-presidente-de-la-uitp-america-latina-abrira-en-san-pablo-el-foro-de-gestion-y-conectividad-de-flotas-2018\/\"]}]},{\"@type\":\"ImageObject\",\"inLanguage\":\"es-ES\",\"@id\":\"https:\/\/mobilitas.lat\/es\/2018\/10\/09\/el-presidente-de-la-uitp-america-latina-abrira-en-san-pablo-el-foro-de-gestion-y-conectividad-de-flotas-2018\/#primaryimage\",\"url\":\"https:\/\/storage.mobilitas.lat\/uploads\/2018\/10\/MOBILITAS-F\u00d3RUM-GEST\u00c3O-DE-FROTAS.png\",\"contentUrl\":\"https:\/\/storage.mobilitas.lat\/uploads\/2018\/10\/MOBILITAS-F\u00d3RUM-GEST\u00c3O-DE-FROTAS.png\",\"width\":534,\"height\":298},{\"@type\":\"BreadcrumbList\",\"@id\":\"https:\/\/mobilitas.lat\/es\/2018\/10\/09\/el-presidente-de-la-uitp-america-latina-abrira-en-san-pablo-el-foro-de-gestion-y-conectividad-de-flotas-2018\/#breadcrumb\",\"itemListElement\":[{\"@type\":\"ListItem\",\"position\":1,\"name\":\"In\u00edcio\",\"item\":\"https:\/\/mobilitas.lat\/es\/\"},{\"@type\":\"ListItem\",\"position\":2,\"name\":\"El presidente de la UITP Am\u00e9rica Latina abrir\u00e1 en San Pablo el Foro de Gesti\u00f3n y Conectividad de Flotas 2018\"}]},{\"@type\":\"WebSite\",\"@id\":\"https:\/\/mobilitas.lat\/es\/#website\",\"url\":\"https:\/\/mobilitas.lat\/es\/\",\"name\":\"Mobilitas\",\"description\":\"Tecnologia e Mobilidade Urbana na Am\u00e9rica Latina\",\"publisher\":{\"@id\":\"https:\/\/mobilitas.lat\/es\/#organization\"},\"potentialAction\":[{\"@type\":\"SearchAction\",\"target\":{\"@type\":\"EntryPoint\",\"urlTemplate\":\"https:\/\/mobilitas.lat\/es\/?s={search_term_string}\"},\"query-input\":{\"@type\":\"PropertyValueSpecification\",\"valueRequired\":true,\"valueName\":\"search_term_string\"}}],\"inLanguage\":\"es-ES\"},{\"@type\":\"Organization\",\"@id\":\"https:\/\/mobilitas.lat\/es\/#organization\",\"name\":\"OTM Editora\",\"url\":\"https:\/\/mobilitas.lat\/es\/\",\"logo\":{\"@type\":\"ImageObject\",\"inLanguage\":\"es-ES\",\"@id\":\"https:\/\/mobilitas.lat\/es\/#\/schema\/logo\/image\/\",\"url\":\"https:\/\/mobilitas.lat\/wp-content\/uploads\/2024\/03\/opengraph.png\",\"contentUrl\":\"https:\/\/mobilitas.lat\/wp-content\/uploads\/2024\/03\/opengraph.png\",\"width\":1200,\"height\":630,\"caption\":\"OTM Editora\"},\"image\":{\"@id\":\"https:\/\/mobilitas.lat\/es\/#\/schema\/logo\/image\/\"}},{\"@type\":\"Person\",\"@id\":\"https:\/\/mobilitas.lat\/es\/#\/schema\/person\/cae0d01ccbe855d1858d146e4c4d582d\",\"name\":\"Alexandre Asquini\",\"image\":{\"@type\":\"ImageObject\",\"inLanguage\":\"es-ES\",\"@id\":\"https:\/\/mobilitas.lat\/es\/#\/schema\/person\/image\/\",\"url\":\"https:\/\/secure.gravatar.com\/avatar\/aac99dbef1420f75cc7d86913eb8a7cdfbe13e2509ad7a45649a61414f6d2785?s=96&d=mm&r=g\",\"contentUrl\":\"https:\/\/secure.gravatar.com\/avatar\/aac99dbef1420f75cc7d86913eb8a7cdfbe13e2509ad7a45649a61414f6d2785?s=96&d=mm&r=g\",\"caption\":\"Alexandre Asquini\"}}]}<\/script>\n<!-- \/ Yoast SEO plugin. -->","yoast_head_json":{"title":"El presidente de la UITP Am\u00e9rica Latina abrir\u00e1 en San Pablo el Foro de Gesti\u00f3n y Conectividad de Flotas 2018 | Mobilitas","robots":{"index":"index","follow":"follow","max-snippet":"max-snippet:-1","max-image-preview":"max-image-preview:large","max-video-preview":"max-video-preview:-1"},"canonical":"https:\/\/mobilitas.lat\/es\/2018\/10\/09\/el-presidente-de-la-uitp-america-latina-abrira-en-san-pablo-el-foro-de-gestion-y-conectividad-de-flotas-2018\/","og_locale":"es_ES","og_type":"article","og_title":"El presidente de la UITP Am\u00e9rica Latina abrir\u00e1 en San Pablo el Foro de Gesti\u00f3n y Conectividad de Flotas 2018 | Mobilitas","og_description":"El 12 de noviembre de 2018, en el Amcham Business Center, en San Pablo, el presidente de la Uni\u00f3n Internacional de Transportes P\u00fablicos &#8211; Divisi\u00f3n Am\u00e9rica Latina (UITP\/DAL), el ingeniero Jurandir Fernandes, dar\u00e1 la charla inaugural del Foro de Gesti\u00f3n y Conectividad de Flotas 2018 &#8211; \u00d3mnibus, Camiones, Furgonetas, Utilitarios, Autom\u00f3viles y Movilidad. A este [&hellip;]","og_url":"https:\/\/mobilitas.lat\/es\/2018\/10\/09\/el-presidente-de-la-uitp-america-latina-abrira-en-san-pablo-el-foro-de-gestion-y-conectividad-de-flotas-2018\/","og_site_name":"Mobilitas","article_published_time":"2018-10-09T12:45:46+00:00","article_modified_time":"2018-11-14T01:18:35+00:00","og_image":[{"width":534,"height":298,"url":"https:\/\/storage.mobilitas.lat\/uploads\/2018\/10\/MOBILITAS-F\u00d3RUM-GEST\u00c3O-DE-FROTAS.png","type":"image\/png"}],"author":"Alexandre Asquini","twitter_card":"summary_large_image","twitter_misc":{"Written by":"Alexandre Asquini","Est. reading time":"2 minutes"},"schema":{"@context":"https:\/\/schema.org","@graph":[{"@type":"Article","@id":"https:\/\/mobilitas.lat\/es\/2018\/10\/09\/el-presidente-de-la-uitp-america-latina-abrira-en-san-pablo-el-foro-de-gestion-y-conectividad-de-flotas-2018\/#article","isPartOf":{"@id":"https:\/\/mobilitas.lat\/es\/2018\/10\/09\/el-presidente-de-la-uitp-america-latina-abrira-en-san-pablo-el-foro-de-gestion-y-conectividad-de-flotas-2018\/"},"author":{"name":"Alexandre Asquini","@id":"https:\/\/mobilitas.lat\/es\/#\/schema\/person\/cae0d01ccbe855d1858d146e4c4d582d"},"headline":"El presidente de la UITP Am\u00e9rica Latina abrir\u00e1 en San Pablo el Foro de Gesti\u00f3n y Conectividad de Flotas 2018","datePublished":"2018-10-09T12:45:46+00:00","dateModified":"2018-11-14T01:18:35+00:00","mainEntityOfPage":{"@id":"https:\/\/mobilitas.lat\/es\/2018\/10\/09\/el-presidente-de-la-uitp-america-latina-abrira-en-san-pablo-el-foro-de-gestion-y-conectividad-de-flotas-2018\/"},"wordCount":365,"publisher":{"@id":"https:\/\/mobilitas.lat\/es\/#organization"},"image":{"@id":"https:\/\/mobilitas.lat\/es\/2018\/10\/09\/el-presidente-de-la-uitp-america-latina-abrira-en-san-pablo-el-foro-de-gestion-y-conectividad-de-flotas-2018\/#primaryimage"},"thumbnailUrl":"https:\/\/storage.mobilitas.lat\/uploads\/2018\/10\/MOBILITAS-F\u00d3RUM-GEST\u00c3O-DE-FROTAS.png","keywords":["CONECTIVIDAD DE FLOTAS","FLOTAS","FORO DE GESTI\u00d3N Y CONECTIVIDAD DE FLOTAS","GESTI\u00d3N DE FLOTAS","Jurandir Fernandes","ROBERTO SGANZERLA"],"articleSection":["Notas","Radar"],"inLanguage":"es-ES"},{"@type":"WebPage","@id":"https:\/\/mobilitas.lat\/es\/2018\/10\/09\/el-presidente-de-la-uitp-america-latina-abrira-en-san-pablo-el-foro-de-gestion-y-conectividad-de-flotas-2018\/","url":"https:\/\/mobilitas.lat\/es\/2018\/10\/09\/el-presidente-de-la-uitp-america-latina-abrira-en-san-pablo-el-foro-de-gestion-y-conectividad-de-flotas-2018\/","name":"El presidente de la UITP Am\u00e9rica Latina abrir\u00e1 en San Pablo el Foro de Gesti\u00f3n y Conectividad de Flotas 2018 | Mobilitas","isPartOf":{"@id":"https:\/\/mobilitas.lat\/es\/#website"},"primaryImageOfPage":{"@id":"https:\/\/mobilitas.lat\/es\/2018\/10\/09\/el-presidente-de-la-uitp-america-latina-abrira-en-san-pablo-el-foro-de-gestion-y-conectividad-de-flotas-2018\/#primaryimage"},"image":{"@id":"https:\/\/mobilitas.lat\/es\/2018\/10\/09\/el-presidente-de-la-uitp-america-latina-abrira-en-san-pablo-el-foro-de-gestion-y-conectividad-de-flotas-2018\/#primaryimage"},"thumbnailUrl":"https:\/\/storage.mobilitas.lat\/uploads\/2018\/10\/MOBILITAS-F\u00d3RUM-GEST\u00c3O-DE-FROTAS.png","datePublished":"2018-10-09T12:45:46+00:00","dateModified":"2018-11-14T01:18:35+00:00","breadcrumb":{"@id":"https:\/\/mobilitas.lat\/es\/2018\/10\/09\/el-presidente-de-la-uitp-america-latina-abrira-en-san-pablo-el-foro-de-gestion-y-conectividad-de-flotas-2018\/#breadcrumb"},"inLanguage":"es-ES","potentialAction":[{"@type":"ReadAction","target":["https:\/\/mobilitas.lat\/es\/2018\/10\/09\/el-presidente-de-la-uitp-america-latina-abrira-en-san-pablo-el-foro-de-gestion-y-conectividad-de-flotas-2018\/"]}]},{"@type":"ImageObject","inLanguage":"es-ES","@id":"https:\/\/mobilitas.lat\/es\/2018\/10\/09\/el-presidente-de-la-uitp-america-latina-abrira-en-san-pablo-el-foro-de-gestion-y-conectividad-de-flotas-2018\/#primaryimage","url":"https:\/\/storage.mobilitas.lat\/uploads\/2018\/10\/MOBILITAS-F\u00d3RUM-GEST\u00c3O-DE-FROTAS.png","contentUrl":"https:\/\/storage.mobilitas.lat\/uploads\/2018\/10\/MOBILITAS-F\u00d3RUM-GEST\u00c3O-DE-FROTAS.png","width":534,"height":298},{"@type":"BreadcrumbList","@id":"https:\/\/mobilitas.lat\/es\/2018\/10\/09\/el-presidente-de-la-uitp-america-latina-abrira-en-san-pablo-el-foro-de-gestion-y-conectividad-de-flotas-2018\/#breadcrumb","itemListElement":[{"@type":"ListItem","position":1,"name":"In\u00edcio","item":"https:\/\/mobilitas.lat\/es\/"},{"@type":"ListItem","position":2,"name":"El presidente de la UITP Am\u00e9rica Latina abrir\u00e1 en San Pablo el Foro de Gesti\u00f3n y Conectividad de Flotas 2018"}]},{"@type":"WebSite","@id":"https:\/\/mobilitas.lat\/es\/#website","url":"https:\/\/mobilitas.lat\/es\/","name":"Mobilitas","description":"Tecnologia e Mobilidade Urbana na Am\u00e9rica Latina","publisher":{"@id":"https:\/\/mobilitas.lat\/es\/#organization"},"potentialAction":[{"@type":"SearchAction","target":{"@type":"EntryPoint","urlTemplate":"https:\/\/mobilitas.lat\/es\/?s={search_term_string}"},"query-input":{"@type":"PropertyValueSpecification","valueRequired":true,"valueName":"search_term_string"}}],"inLanguage":"es-ES"},{"@type":"Organization","@id":"https:\/\/mobilitas.lat\/es\/#organization","name":"OTM Editora","url":"https:\/\/mobilitas.lat\/es\/","logo":{"@type":"ImageObject","inLanguage":"es-ES","@id":"https:\/\/mobilitas.lat\/es\/#\/schema\/logo\/image\/","url":"https:\/\/mobilitas.lat\/wp-content\/uploads\/2024\/03\/opengraph.png","contentUrl":"https:\/\/mobilitas.lat\/wp-content\/uploads\/2024\/03\/opengraph.png","width":1200,"height":630,"caption":"OTM Editora"},"image":{"@id":"https:\/\/mobilitas.lat\/es\/#\/schema\/logo\/image\/"}},{"@type":"Person","@id":"https:\/\/mobilitas.lat\/es\/#\/schema\/person\/cae0d01ccbe855d1858d146e4c4d582d","name":"Alexandre Asquini","image":{"@type":"ImageObject","inLanguage":"es-ES","@id":"https:\/\/mobilitas.lat\/es\/#\/schema\/person\/image\/","url":"https:\/\/secure.gravatar.com\/avatar\/aac99dbef1420f75cc7d86913eb8a7cdfbe13e2509ad7a45649a61414f6d2785?s=96&d=mm&r=g","contentUrl":"https:\/\/secure.gravatar.com\/avatar\/aac99dbef1420f75cc7d86913eb8a7cdfbe13e2509ad7a45649a61414f6d2785?s=96&d=mm&r=g","caption":"Alexandre Asquini"}}]}},"_links":{"self":[{"href":"https:\/\/mobilitas.lat\/es\/wp-json\/wp\/v2\/posts\/2764","targetHints":{"allow":["GET"]}}],"collection":[{"href":"https:\/\/mobilitas.lat\/es\/wp-json\/wp\/v2\/posts"}],"about":[{"href":"https:\/\/mobilitas.lat\/es\/wp-json\/wp\/v2\/types\/post"}],"author":[{"embeddable":true,"href":"https:\/\/mobilitas.lat\/es\/wp-json\/wp\/v2\/users\/2"}],"replies":[{"embeddable":true,"href":"https:\/\/mobilitas.lat\/es\/wp-json\/wp\/v2\/comments?post=2764"}],"version-history":[{"count":4,"href":"https:\/\/mobilitas.lat\/es\/wp-json\/wp\/v2\/posts\/2764\/revisions"}],"predecessor-version":[{"id":2774,"href":"https:\/\/mobilitas.lat\/es\/wp-json\/wp\/v2\/posts\/2764\/revisions\/2774"}],"wp:featuredmedia":[{"embeddable":true,"href":"https:\/\/mobilitas.lat\/es\/wp-json\/wp\/v2\/media\/2765"}],"wp:attachment":[{"href":"https:\/\/mobilitas.lat\/es\/wp-json\/wp\/v2\/media?parent=2764"}],"wp:term":[{"taxonomy":"category","embeddable":true,"href":"https:\/\/mobilitas.lat\/es\/wp-json\/wp\/v2\/categories?post=2764"},{"taxonomy":"post_tag","embeddable":true,"href":"https:\/\/mobilitas.lat\/es\/wp-json\/wp\/v2\/tags?post=2764"}],"curies":[{"name":"wp","href":"https:\/\/api.w.org\/{rel}","templated":true}]}}