{"id":2589,"date":"2018-10-08T23:41:03","date_gmt":"2018-10-09T02:41:03","guid":{"rendered":"https:\/\/mobilitas.lat\/?p=2589"},"modified":"2018-10-09T00:10:36","modified_gmt":"2018-10-09T03:10:36","slug":"gestora-del-transporte-en-omnibus-de-san-pablo-distribuye-folletos-sobre-acoso-sexual-para-orientar-conductores-cobradores-y-fiscales","status":"publish","type":"post","link":"https:\/\/mobilitas.lat\/es\/2018\/10\/08\/gestora-del-transporte-en-omnibus-de-san-pablo-distribuye-folletos-sobre-acoso-sexual-para-orientar-conductores-cobradores-y-fiscales\/","title":{"rendered":"Gestora del transporte en \u00f3mnibus de San Pablo distribuye folletos sobre acoso sexual para orientar conductores, cobradores y fiscales"},"content":{"rendered":"<p><em><strong><img loading=\"lazy\" decoding=\"async\" class=\"alignleft wp-image-2590\" src=\"https:\/\/storage.mobilitas.lat\/uploads\/2018\/10\/MOBILITAS-SPTRANS-IMAGENS-MATERIAL-CONTRA-ASSEDIO-SEXUAL-253x300.png\" alt=\"\" width=\"316\" height=\"374\" srcset=\"https:\/\/storage.mobilitas.lat\/uploads\/2018\/10\/MOBILITAS-SPTRANS-IMAGENS-MATERIAL-CONTRA-ASSEDIO-SEXUAL-253x300.png 253w, https:\/\/storage.mobilitas.lat\/uploads\/2018\/10\/MOBILITAS-SPTRANS-IMAGENS-MATERIAL-CONTRA-ASSEDIO-SEXUAL.png 288w\" sizes=\"auto, (max-width: 316px) 100vw, 316px\" \/>El folleto sobre acoso sexual es un elemento nuevo dentro de una campa\u00f1a desencadenada en agosto de 2017 con la coordinaci\u00f3n del Tribunal de Justicia del Estado de San Pablo\u00a0 \u00a0 \u00a0 \u00a0 \u00a0 \u00a0 \u00a0 \u00a0 \u00a0 \u00a0 \u00a0 \u00a0 \u00a0<\/strong><\/em><\/p>\n<p>En la segunda semana de septiembre de 2018, la Secretar\u00eda Municipal de Movilidad y la empresa gestora del sistema de transporte en \u00f3mnibus de la ciudad de San Pablo, Transporte y S\u00e3o Paulo Transporte S\/A \u2013 SPTrans (10 millones de pasajeros por d\u00eda), promovieron la distribuci\u00f3n del folleto <em>Juntos contra el acoso sexual en el transportep\u00fablico<\/em> para unos 60 000 conductores, cobradores y fiscales del sistema, que cuenta con 14 500 \u00f3mnibus, 1300 l\u00edneas, de las cuales 150 son nocturnas, y cubre cerca de 4600 kil\u00f3metros de rutas dentro del municipio.<\/p>\n<p>El folleto es un elemento nuevo dentro de una campa\u00f1a desencadenada en agosto de 2017 con la coordinaci\u00f3n del Tribunal de Justicia del Estado de San Pablo que, adem\u00e1s del \u00f3rgano y de la empresa p\u00fablica municipal, tambi\u00e9n comprende empresas estatales de transporte en le Regi\u00f3n Metropolitana de San Pablo: las operadoras de transporte sobre rieles Compa\u00f1\u00eda del Metropolitano de S\u00e3o Paulo \u2013 Metro y Compa\u00f1\u00eda Paulista de Trenes Metropolitanos \u2013 CPTM (que, juntas, transportan 7,5 millones de pasajeros por d\u00eda) y la Empresa Metropolitana de Transportes Urbanos \u2013 EMTU (2,5 millones de pasajeros diarios en las regiones metropolitanas paulistas).<\/p>\n<p><strong>CONTRA LA IMPUNIDAD<\/strong><\/p>\n<p>Desde el comienzo, en agosto de 2017, la Secretar\u00eda Municipal de Movilidad y Transportes y la SPTrans est\u00e1n comprometidas con la campa\u00f1a contra el acoso sexual en el transporte p\u00fablico. El objetivo es orientar y estimular a las v\u00edctimas de acoso sexual y a los testigos a que rompan el silencio e impidan que el agresor quede impune.<\/p>\n<p>En marzo de 2018, se adhiri\u00f3 la Secretar\u00eda Municipal de Derechos Humanos y Ciudadan\u00eda y este folleto es justamente el resultado de la cooperaci\u00f3n entre las secretar\u00edas municipales.<\/p>\n<p>El folleto ofrece en un lenguaje sencillo y objetivo, con ilustraciones, las informaciones para capacitar a los profesionales del \u00e1rea de transporte (conductores, cobradores y fiscales) a conocer y a saber lidiar con situaciones de acoso sexual durante viajes en \u00f3mnibus.<\/p>\n<div id=\"attachment_2593\" style=\"width: 275px\" class=\"wp-caption alignleft\"><img loading=\"lazy\" decoding=\"async\" aria-describedby=\"caption-attachment-2593\" class=\"wp-image-2593\" src=\"https:\/\/storage.mobilitas.lat\/uploads\/2018\/10\/MOBILITAS-SPTRANS-IMAGENS-MATERIAL-CONTRA-ASSEDIO-SEXUAL-4-DUPLO-156x300.png\" alt=\"\" width=\"265\" height=\"510\" \/><p id=\"caption-attachment-2593\" class=\"wp-caption-text\">Imagines del folleto<\/p><\/div>\n<p>Entre otras informaciones, destaca que el acoso sexual ocurre cuando la persona se ve sometida a alg\u00fan tipo de acto sexual o caricias sin su consentimiento, lo que le causa miedo, verguenza o humillaci\u00f3n.<\/p>\n<p>El texto del folleto se\u00f1ala que el acoso sexual puede ser practicado por hombres y por mujeres, pero las estad\u00edsticas muestran que las mujeres, los transexuales y los travestis son las mayores v\u00edctimas. Y resalta que las formas de acoso que m\u00e1s ocurren en el transporte son comentarios con connotaci\u00f3n sexual, gestos obscenos, toques indeseados, aproximaci\u00f3n corporal no consentida y contacto del \u00f3rgano sexual en el cuerpo, adem\u00e1s de masturbaci\u00f3n y eyaculaci\u00f3n.<\/p>\n<p>Uno de los aspectos m\u00e1s relevantes es la recomendaci\u00f3n para que las mujeres no sean &#8220;revictimizadas&#8221;, es decir, se\u00f1aladas como culpables por lo sucedido cuando en realidad son v\u00edctimas. &#8220;Ejemplos cotidianos suceden cuando a una mujer que sufri\u00f3 un acoso se le pregunta: &#8220;Pero tambi\u00e9n \u00bfqui\u00e9n te mand\u00f3 a usar ropa tan corta a esa hora de la noche?&#8221; o &#8220;\u00bfQui\u00e9n te mand\u00f3 a beber tanto? \u00a1Comentarios como estos son completamente desubicados!&#8221;<\/p>\n<p>Para tener una noci\u00f3n de la frecuencia de las agresiones de naturaleza sexual, basta ver que en 2017 la polic\u00eda registr\u00f3 464 casos de acoso sexual en los transportes p\u00fablicos en la ciudad de San Pablo.<\/p>\n<p>El folleto menciona que, de acuerdo con la Organizaci\u00f3n Mundial de la Salud (OMS), Brasil ocupa la quinta posici\u00f3n en homicidios de mujeres entre 83 pa\u00edses. E informa que el n\u00famero telef\u00f3nico 180 conecta con la central nacional de atenci\u00f3n a la mujer v\u00edctima de violencia. Por este n\u00famero, v\u00e1lido para todo el territorio brasile\u00f1o, la mujer recibe orientaciones sobre sus derechos, servicios p\u00fablicos de apoyo y tambi\u00e9n puede hacer la denuncia.<\/p>\n<p>&nbsp;<\/p>\n","protected":false},"excerpt":{"rendered":"<p>El folleto sobre acoso sexual es un elemento nuevo dentro de una campa\u00f1a desencadenada en agosto de 2017 con la coordinaci\u00f3n del Tribunal de Justicia del Estado de San Pablo\u00a0 \u00a0 \u00a0 \u00a0 \u00a0 \u00a0 \u00a0 \u00a0 \u00a0 \u00a0 \u00a0 \u00a0 \u00a0 En la segunda semana de septiembre de 2018, la Secretar\u00eda Municipal de Movilidad [&hellip;]<\/p>\n","protected":false},"author":2,"featured_media":0,"comment_status":"closed","ping_status":"closed","sticky":false,"template":"","format":"standard","meta":{"footnotes":""},"categories":[287,298],"tags":[323,324,445,523],"class_list":["post-2589","post","type-post","status-publish","format-standard","hentry","category-notas","category-radar-es","tag-brasil-es","tag-san-pablo","tag-transporte-metro-ferroviario","tag-transporte-por-omnibus"],"yoast_head":"<!-- This site is optimized with the Yoast SEO plugin v26.9 - https:\/\/yoast.com\/product\/yoast-seo-wordpress\/ -->\n<title>Gestora del transporte en \u00f3mnibus de San Pablo distribuye folletos sobre acoso sexual para orientar conductores, cobradores y fiscales | Mobilitas<\/title>\n<meta name=\"robots\" content=\"index, follow, max-snippet:-1, max-image-preview:large, max-video-preview:-1\" \/>\n<link rel=\"canonical\" href=\"https:\/\/mobilitas.lat\/es\/2018\/10\/08\/gestora-del-transporte-en-omnibus-de-san-pablo-distribuye-folletos-sobre-acoso-sexual-para-orientar-conductores-cobradores-y-fiscales\/\" \/>\n<meta property=\"og:locale\" content=\"es_ES\" \/>\n<meta property=\"og:type\" content=\"article\" \/>\n<meta property=\"og:title\" content=\"Gestora del transporte en \u00f3mnibus de San Pablo distribuye folletos sobre acoso sexual para orientar conductores, cobradores y fiscales | Mobilitas\" \/>\n<meta property=\"og:description\" content=\"El folleto sobre acoso sexual es un elemento nuevo dentro de una campa\u00f1a desencadenada en agosto de 2017 con la coordinaci\u00f3n del Tribunal de Justicia del Estado de San Pablo\u00a0 \u00a0 \u00a0 \u00a0 \u00a0 \u00a0 \u00a0 \u00a0 \u00a0 \u00a0 \u00a0 \u00a0 \u00a0 En la segunda semana de septiembre de 2018, la Secretar\u00eda Municipal de Movilidad [&hellip;]\" \/>\n<meta property=\"og:url\" content=\"https:\/\/mobilitas.lat\/es\/2018\/10\/08\/gestora-del-transporte-en-omnibus-de-san-pablo-distribuye-folletos-sobre-acoso-sexual-para-orientar-conductores-cobradores-y-fiscales\/\" \/>\n<meta property=\"og:site_name\" content=\"Mobilitas\" \/>\n<meta property=\"article:published_time\" content=\"2018-10-09T02:41:03+00:00\" \/>\n<meta property=\"article:modified_time\" content=\"2018-10-09T03:10:36+00:00\" \/>\n<meta property=\"og:image\" content=\"https:\/\/storage.mobilitas.lat\/uploads\/2018\/10\/MOBILITAS-SPTRANS-IMAGENS-MATERIAL-CONTRA-ASSEDIO-SEXUAL-253x300.png\" \/>\n<meta name=\"author\" content=\"Alexandre Asquini\" \/>\n<meta name=\"twitter:card\" content=\"summary_large_image\" \/>\n<meta name=\"twitter:label1\" content=\"Written by\" \/>\n\t<meta name=\"twitter:data1\" content=\"Alexandre Asquini\" \/>\n\t<meta name=\"twitter:label2\" content=\"Est. reading time\" \/>\n\t<meta name=\"twitter:data2\" content=\"3 minutes\" \/>\n<script type=\"application\/ld+json\" class=\"yoast-schema-graph\">{\"@context\":\"https:\/\/schema.org\",\"@graph\":[{\"@type\":\"Article\",\"@id\":\"https:\/\/mobilitas.lat\/es\/2018\/10\/08\/gestora-del-transporte-en-omnibus-de-san-pablo-distribuye-folletos-sobre-acoso-sexual-para-orientar-conductores-cobradores-y-fiscales\/#article\",\"isPartOf\":{\"@id\":\"https:\/\/mobilitas.lat\/es\/2018\/10\/08\/gestora-del-transporte-en-omnibus-de-san-pablo-distribuye-folletos-sobre-acoso-sexual-para-orientar-conductores-cobradores-y-fiscales\/\"},\"author\":{\"name\":\"Alexandre Asquini\",\"@id\":\"https:\/\/mobilitas.lat\/es\/#\/schema\/person\/cae0d01ccbe855d1858d146e4c4d582d\"},\"headline\":\"Gestora del transporte en \u00f3mnibus de San Pablo distribuye folletos sobre acoso sexual para orientar conductores, cobradores y fiscales\",\"datePublished\":\"2018-10-09T02:41:03+00:00\",\"dateModified\":\"2018-10-09T03:10:36+00:00\",\"mainEntityOfPage\":{\"@id\":\"https:\/\/mobilitas.lat\/es\/2018\/10\/08\/gestora-del-transporte-en-omnibus-de-san-pablo-distribuye-folletos-sobre-acoso-sexual-para-orientar-conductores-cobradores-y-fiscales\/\"},\"wordCount\":706,\"publisher\":{\"@id\":\"https:\/\/mobilitas.lat\/es\/#organization\"},\"image\":{\"@id\":\"https:\/\/mobilitas.lat\/es\/2018\/10\/08\/gestora-del-transporte-en-omnibus-de-san-pablo-distribuye-folletos-sobre-acoso-sexual-para-orientar-conductores-cobradores-y-fiscales\/#primaryimage\"},\"thumbnailUrl\":\"https:\/\/storage.mobilitas.lat\/uploads\/2018\/10\/MOBILITAS-SPTRANS-IMAGENS-MATERIAL-CONTRA-ASSEDIO-SEXUAL-253x300.png\",\"keywords\":[\"BRASIL\",\"SAN PABLO\",\"TRANSPORTE METRO-FERROVI\u00c1RIO\",\"TRANSPORTE POR \u00d3MNIBUS\"],\"articleSection\":[\"Notas\",\"Radar\"],\"inLanguage\":\"es-ES\"},{\"@type\":\"WebPage\",\"@id\":\"https:\/\/mobilitas.lat\/es\/2018\/10\/08\/gestora-del-transporte-en-omnibus-de-san-pablo-distribuye-folletos-sobre-acoso-sexual-para-orientar-conductores-cobradores-y-fiscales\/\",\"url\":\"https:\/\/mobilitas.lat\/es\/2018\/10\/08\/gestora-del-transporte-en-omnibus-de-san-pablo-distribuye-folletos-sobre-acoso-sexual-para-orientar-conductores-cobradores-y-fiscales\/\",\"name\":\"Gestora del transporte en \u00f3mnibus de San Pablo distribuye folletos sobre acoso sexual para orientar conductores, cobradores y fiscales | Mobilitas\",\"isPartOf\":{\"@id\":\"https:\/\/mobilitas.lat\/es\/#website\"},\"primaryImageOfPage\":{\"@id\":\"https:\/\/mobilitas.lat\/es\/2018\/10\/08\/gestora-del-transporte-en-omnibus-de-san-pablo-distribuye-folletos-sobre-acoso-sexual-para-orientar-conductores-cobradores-y-fiscales\/#primaryimage\"},\"image\":{\"@id\":\"https:\/\/mobilitas.lat\/es\/2018\/10\/08\/gestora-del-transporte-en-omnibus-de-san-pablo-distribuye-folletos-sobre-acoso-sexual-para-orientar-conductores-cobradores-y-fiscales\/#primaryimage\"},\"thumbnailUrl\":\"https:\/\/storage.mobilitas.lat\/uploads\/2018\/10\/MOBILITAS-SPTRANS-IMAGENS-MATERIAL-CONTRA-ASSEDIO-SEXUAL-253x300.png\",\"datePublished\":\"2018-10-09T02:41:03+00:00\",\"dateModified\":\"2018-10-09T03:10:36+00:00\",\"breadcrumb\":{\"@id\":\"https:\/\/mobilitas.lat\/es\/2018\/10\/08\/gestora-del-transporte-en-omnibus-de-san-pablo-distribuye-folletos-sobre-acoso-sexual-para-orientar-conductores-cobradores-y-fiscales\/#breadcrumb\"},\"inLanguage\":\"es-ES\",\"potentialAction\":[{\"@type\":\"ReadAction\",\"target\":[\"https:\/\/mobilitas.lat\/es\/2018\/10\/08\/gestora-del-transporte-en-omnibus-de-san-pablo-distribuye-folletos-sobre-acoso-sexual-para-orientar-conductores-cobradores-y-fiscales\/\"]}]},{\"@type\":\"ImageObject\",\"inLanguage\":\"es-ES\",\"@id\":\"https:\/\/mobilitas.lat\/es\/2018\/10\/08\/gestora-del-transporte-en-omnibus-de-san-pablo-distribuye-folletos-sobre-acoso-sexual-para-orientar-conductores-cobradores-y-fiscales\/#primaryimage\",\"url\":\"https:\/\/storage.mobilitas.lat\/uploads\/2018\/10\/MOBILITAS-SPTRANS-IMAGENS-MATERIAL-CONTRA-ASSEDIO-SEXUAL-253x300.png\",\"contentUrl\":\"https:\/\/storage.mobilitas.lat\/uploads\/2018\/10\/MOBILITAS-SPTRANS-IMAGENS-MATERIAL-CONTRA-ASSEDIO-SEXUAL-253x300.png\"},{\"@type\":\"BreadcrumbList\",\"@id\":\"https:\/\/mobilitas.lat\/es\/2018\/10\/08\/gestora-del-transporte-en-omnibus-de-san-pablo-distribuye-folletos-sobre-acoso-sexual-para-orientar-conductores-cobradores-y-fiscales\/#breadcrumb\",\"itemListElement\":[{\"@type\":\"ListItem\",\"position\":1,\"name\":\"In\u00edcio\",\"item\":\"https:\/\/mobilitas.lat\/es\/\"},{\"@type\":\"ListItem\",\"position\":2,\"name\":\"Gestora del transporte en \u00f3mnibus de San Pablo distribuye folletos sobre acoso sexual para orientar conductores, cobradores y fiscales\"}]},{\"@type\":\"WebSite\",\"@id\":\"https:\/\/mobilitas.lat\/es\/#website\",\"url\":\"https:\/\/mobilitas.lat\/es\/\",\"name\":\"Mobilitas\",\"description\":\"Tecnologia e Mobilidade Urbana na Am\u00e9rica Latina\",\"publisher\":{\"@id\":\"https:\/\/mobilitas.lat\/es\/#organization\"},\"potentialAction\":[{\"@type\":\"SearchAction\",\"target\":{\"@type\":\"EntryPoint\",\"urlTemplate\":\"https:\/\/mobilitas.lat\/es\/?s={search_term_string}\"},\"query-input\":{\"@type\":\"PropertyValueSpecification\",\"valueRequired\":true,\"valueName\":\"search_term_string\"}}],\"inLanguage\":\"es-ES\"},{\"@type\":\"Organization\",\"@id\":\"https:\/\/mobilitas.lat\/es\/#organization\",\"name\":\"OTM Editora\",\"url\":\"https:\/\/mobilitas.lat\/es\/\",\"logo\":{\"@type\":\"ImageObject\",\"inLanguage\":\"es-ES\",\"@id\":\"https:\/\/mobilitas.lat\/es\/#\/schema\/logo\/image\/\",\"url\":\"https:\/\/mobilitas.lat\/wp-content\/uploads\/2024\/03\/opengraph.png\",\"contentUrl\":\"https:\/\/mobilitas.lat\/wp-content\/uploads\/2024\/03\/opengraph.png\",\"width\":1200,\"height\":630,\"caption\":\"OTM Editora\"},\"image\":{\"@id\":\"https:\/\/mobilitas.lat\/es\/#\/schema\/logo\/image\/\"}},{\"@type\":\"Person\",\"@id\":\"https:\/\/mobilitas.lat\/es\/#\/schema\/person\/cae0d01ccbe855d1858d146e4c4d582d\",\"name\":\"Alexandre Asquini\",\"image\":{\"@type\":\"ImageObject\",\"inLanguage\":\"es-ES\",\"@id\":\"https:\/\/mobilitas.lat\/es\/#\/schema\/person\/image\/\",\"url\":\"https:\/\/secure.gravatar.com\/avatar\/aac99dbef1420f75cc7d86913eb8a7cdfbe13e2509ad7a45649a61414f6d2785?s=96&d=mm&r=g\",\"contentUrl\":\"https:\/\/secure.gravatar.com\/avatar\/aac99dbef1420f75cc7d86913eb8a7cdfbe13e2509ad7a45649a61414f6d2785?s=96&d=mm&r=g\",\"caption\":\"Alexandre Asquini\"}}]}<\/script>\n<!-- \/ Yoast SEO plugin. -->","yoast_head_json":{"title":"Gestora del transporte en \u00f3mnibus de San Pablo distribuye folletos sobre acoso sexual para orientar conductores, cobradores y fiscales | Mobilitas","robots":{"index":"index","follow":"follow","max-snippet":"max-snippet:-1","max-image-preview":"max-image-preview:large","max-video-preview":"max-video-preview:-1"},"canonical":"https:\/\/mobilitas.lat\/es\/2018\/10\/08\/gestora-del-transporte-en-omnibus-de-san-pablo-distribuye-folletos-sobre-acoso-sexual-para-orientar-conductores-cobradores-y-fiscales\/","og_locale":"es_ES","og_type":"article","og_title":"Gestora del transporte en \u00f3mnibus de San Pablo distribuye folletos sobre acoso sexual para orientar conductores, cobradores y fiscales | Mobilitas","og_description":"El folleto sobre acoso sexual es un elemento nuevo dentro de una campa\u00f1a desencadenada en agosto de 2017 con la coordinaci\u00f3n del Tribunal de Justicia del Estado de San Pablo\u00a0 \u00a0 \u00a0 \u00a0 \u00a0 \u00a0 \u00a0 \u00a0 \u00a0 \u00a0 \u00a0 \u00a0 \u00a0 En la segunda semana de septiembre de 2018, la Secretar\u00eda Municipal de Movilidad [&hellip;]","og_url":"https:\/\/mobilitas.lat\/es\/2018\/10\/08\/gestora-del-transporte-en-omnibus-de-san-pablo-distribuye-folletos-sobre-acoso-sexual-para-orientar-conductores-cobradores-y-fiscales\/","og_site_name":"Mobilitas","article_published_time":"2018-10-09T02:41:03+00:00","article_modified_time":"2018-10-09T03:10:36+00:00","og_image":[{"url":"https:\/\/storage.mobilitas.lat\/uploads\/2018\/10\/MOBILITAS-SPTRANS-IMAGENS-MATERIAL-CONTRA-ASSEDIO-SEXUAL-253x300.png","type":"","width":"","height":""}],"author":"Alexandre Asquini","twitter_card":"summary_large_image","twitter_misc":{"Written by":"Alexandre Asquini","Est. reading time":"3 minutes"},"schema":{"@context":"https:\/\/schema.org","@graph":[{"@type":"Article","@id":"https:\/\/mobilitas.lat\/es\/2018\/10\/08\/gestora-del-transporte-en-omnibus-de-san-pablo-distribuye-folletos-sobre-acoso-sexual-para-orientar-conductores-cobradores-y-fiscales\/#article","isPartOf":{"@id":"https:\/\/mobilitas.lat\/es\/2018\/10\/08\/gestora-del-transporte-en-omnibus-de-san-pablo-distribuye-folletos-sobre-acoso-sexual-para-orientar-conductores-cobradores-y-fiscales\/"},"author":{"name":"Alexandre Asquini","@id":"https:\/\/mobilitas.lat\/es\/#\/schema\/person\/cae0d01ccbe855d1858d146e4c4d582d"},"headline":"Gestora del transporte en \u00f3mnibus de San Pablo distribuye folletos sobre acoso sexual para orientar conductores, cobradores y fiscales","datePublished":"2018-10-09T02:41:03+00:00","dateModified":"2018-10-09T03:10:36+00:00","mainEntityOfPage":{"@id":"https:\/\/mobilitas.lat\/es\/2018\/10\/08\/gestora-del-transporte-en-omnibus-de-san-pablo-distribuye-folletos-sobre-acoso-sexual-para-orientar-conductores-cobradores-y-fiscales\/"},"wordCount":706,"publisher":{"@id":"https:\/\/mobilitas.lat\/es\/#organization"},"image":{"@id":"https:\/\/mobilitas.lat\/es\/2018\/10\/08\/gestora-del-transporte-en-omnibus-de-san-pablo-distribuye-folletos-sobre-acoso-sexual-para-orientar-conductores-cobradores-y-fiscales\/#primaryimage"},"thumbnailUrl":"https:\/\/storage.mobilitas.lat\/uploads\/2018\/10\/MOBILITAS-SPTRANS-IMAGENS-MATERIAL-CONTRA-ASSEDIO-SEXUAL-253x300.png","keywords":["BRASIL","SAN PABLO","TRANSPORTE METRO-FERROVI\u00c1RIO","TRANSPORTE POR \u00d3MNIBUS"],"articleSection":["Notas","Radar"],"inLanguage":"es-ES"},{"@type":"WebPage","@id":"https:\/\/mobilitas.lat\/es\/2018\/10\/08\/gestora-del-transporte-en-omnibus-de-san-pablo-distribuye-folletos-sobre-acoso-sexual-para-orientar-conductores-cobradores-y-fiscales\/","url":"https:\/\/mobilitas.lat\/es\/2018\/10\/08\/gestora-del-transporte-en-omnibus-de-san-pablo-distribuye-folletos-sobre-acoso-sexual-para-orientar-conductores-cobradores-y-fiscales\/","name":"Gestora del transporte en \u00f3mnibus de San Pablo distribuye folletos sobre acoso sexual para orientar conductores, cobradores y fiscales | Mobilitas","isPartOf":{"@id":"https:\/\/mobilitas.lat\/es\/#website"},"primaryImageOfPage":{"@id":"https:\/\/mobilitas.lat\/es\/2018\/10\/08\/gestora-del-transporte-en-omnibus-de-san-pablo-distribuye-folletos-sobre-acoso-sexual-para-orientar-conductores-cobradores-y-fiscales\/#primaryimage"},"image":{"@id":"https:\/\/mobilitas.lat\/es\/2018\/10\/08\/gestora-del-transporte-en-omnibus-de-san-pablo-distribuye-folletos-sobre-acoso-sexual-para-orientar-conductores-cobradores-y-fiscales\/#primaryimage"},"thumbnailUrl":"https:\/\/storage.mobilitas.lat\/uploads\/2018\/10\/MOBILITAS-SPTRANS-IMAGENS-MATERIAL-CONTRA-ASSEDIO-SEXUAL-253x300.png","datePublished":"2018-10-09T02:41:03+00:00","dateModified":"2018-10-09T03:10:36+00:00","breadcrumb":{"@id":"https:\/\/mobilitas.lat\/es\/2018\/10\/08\/gestora-del-transporte-en-omnibus-de-san-pablo-distribuye-folletos-sobre-acoso-sexual-para-orientar-conductores-cobradores-y-fiscales\/#breadcrumb"},"inLanguage":"es-ES","potentialAction":[{"@type":"ReadAction","target":["https:\/\/mobilitas.lat\/es\/2018\/10\/08\/gestora-del-transporte-en-omnibus-de-san-pablo-distribuye-folletos-sobre-acoso-sexual-para-orientar-conductores-cobradores-y-fiscales\/"]}]},{"@type":"ImageObject","inLanguage":"es-ES","@id":"https:\/\/mobilitas.lat\/es\/2018\/10\/08\/gestora-del-transporte-en-omnibus-de-san-pablo-distribuye-folletos-sobre-acoso-sexual-para-orientar-conductores-cobradores-y-fiscales\/#primaryimage","url":"https:\/\/storage.mobilitas.lat\/uploads\/2018\/10\/MOBILITAS-SPTRANS-IMAGENS-MATERIAL-CONTRA-ASSEDIO-SEXUAL-253x300.png","contentUrl":"https:\/\/storage.mobilitas.lat\/uploads\/2018\/10\/MOBILITAS-SPTRANS-IMAGENS-MATERIAL-CONTRA-ASSEDIO-SEXUAL-253x300.png"},{"@type":"BreadcrumbList","@id":"https:\/\/mobilitas.lat\/es\/2018\/10\/08\/gestora-del-transporte-en-omnibus-de-san-pablo-distribuye-folletos-sobre-acoso-sexual-para-orientar-conductores-cobradores-y-fiscales\/#breadcrumb","itemListElement":[{"@type":"ListItem","position":1,"name":"In\u00edcio","item":"https:\/\/mobilitas.lat\/es\/"},{"@type":"ListItem","position":2,"name":"Gestora del transporte en \u00f3mnibus de San Pablo distribuye folletos sobre acoso sexual para orientar conductores, cobradores y fiscales"}]},{"@type":"WebSite","@id":"https:\/\/mobilitas.lat\/es\/#website","url":"https:\/\/mobilitas.lat\/es\/","name":"Mobilitas","description":"Tecnologia e Mobilidade Urbana na Am\u00e9rica Latina","publisher":{"@id":"https:\/\/mobilitas.lat\/es\/#organization"},"potentialAction":[{"@type":"SearchAction","target":{"@type":"EntryPoint","urlTemplate":"https:\/\/mobilitas.lat\/es\/?s={search_term_string}"},"query-input":{"@type":"PropertyValueSpecification","valueRequired":true,"valueName":"search_term_string"}}],"inLanguage":"es-ES"},{"@type":"Organization","@id":"https:\/\/mobilitas.lat\/es\/#organization","name":"OTM Editora","url":"https:\/\/mobilitas.lat\/es\/","logo":{"@type":"ImageObject","inLanguage":"es-ES","@id":"https:\/\/mobilitas.lat\/es\/#\/schema\/logo\/image\/","url":"https:\/\/mobilitas.lat\/wp-content\/uploads\/2024\/03\/opengraph.png","contentUrl":"https:\/\/mobilitas.lat\/wp-content\/uploads\/2024\/03\/opengraph.png","width":1200,"height":630,"caption":"OTM Editora"},"image":{"@id":"https:\/\/mobilitas.lat\/es\/#\/schema\/logo\/image\/"}},{"@type":"Person","@id":"https:\/\/mobilitas.lat\/es\/#\/schema\/person\/cae0d01ccbe855d1858d146e4c4d582d","name":"Alexandre Asquini","image":{"@type":"ImageObject","inLanguage":"es-ES","@id":"https:\/\/mobilitas.lat\/es\/#\/schema\/person\/image\/","url":"https:\/\/secure.gravatar.com\/avatar\/aac99dbef1420f75cc7d86913eb8a7cdfbe13e2509ad7a45649a61414f6d2785?s=96&d=mm&r=g","contentUrl":"https:\/\/secure.gravatar.com\/avatar\/aac99dbef1420f75cc7d86913eb8a7cdfbe13e2509ad7a45649a61414f6d2785?s=96&d=mm&r=g","caption":"Alexandre Asquini"}}]}},"_links":{"self":[{"href":"https:\/\/mobilitas.lat\/es\/wp-json\/wp\/v2\/posts\/2589","targetHints":{"allow":["GET"]}}],"collection":[{"href":"https:\/\/mobilitas.lat\/es\/wp-json\/wp\/v2\/posts"}],"about":[{"href":"https:\/\/mobilitas.lat\/es\/wp-json\/wp\/v2\/types\/post"}],"author":[{"embeddable":true,"href":"https:\/\/mobilitas.lat\/es\/wp-json\/wp\/v2\/users\/2"}],"replies":[{"embeddable":true,"href":"https:\/\/mobilitas.lat\/es\/wp-json\/wp\/v2\/comments?post=2589"}],"version-history":[{"count":5,"href":"https:\/\/mobilitas.lat\/es\/wp-json\/wp\/v2\/posts\/2589\/revisions"}],"predecessor-version":[{"id":2606,"href":"https:\/\/mobilitas.lat\/es\/wp-json\/wp\/v2\/posts\/2589\/revisions\/2606"}],"wp:attachment":[{"href":"https:\/\/mobilitas.lat\/es\/wp-json\/wp\/v2\/media?parent=2589"}],"wp:term":[{"taxonomy":"category","embeddable":true,"href":"https:\/\/mobilitas.lat\/es\/wp-json\/wp\/v2\/categories?post=2589"},{"taxonomy":"post_tag","embeddable":true,"href":"https:\/\/mobilitas.lat\/es\/wp-json\/wp\/v2\/tags?post=2589"}],"curies":[{"name":"wp","href":"https:\/\/api.w.org\/{rel}","templated":true}]}}