{"id":2438,"date":"2018-09-21T01:50:51","date_gmt":"2018-09-21T04:50:51","guid":{"rendered":"https:\/\/mobilitas.lat\/2018\/09\/21\/entidade-empresarial-de-transporte-por-onibus-do-brasil-e-agencias-da-onu-estimulam-o-uso-do-transporte-publico-no-dia-mundial-sem-carro\/"},"modified":"2018-09-21T11:00:10","modified_gmt":"2018-09-21T14:00:10","slug":"entidade-empresarial-de-transporte-por-onibus-do-brasil-e-agencias-da-onu-estimulam-o-uso-do-transporte-publico-no-dia-mundial-sem-carro","status":"publish","type":"post","link":"https:\/\/mobilitas.lat\/es\/2018\/09\/21\/entidade-empresarial-de-transporte-por-onibus-do-brasil-e-agencias-da-onu-estimulam-o-uso-do-transporte-publico-no-dia-mundial-sem-carro\/","title":{"rendered":"Una entidad empresarial en Brasil y agencias de la ONU estimulan el uso del transporte p\u00fablico en el D\u00eda Mundial Sin Autom\u00f3vil"},"content":{"rendered":"<p><strong><em><img loading=\"lazy\" decoding=\"async\" class=\"wp-image-2418 aligncenter\" src=\"https:\/\/storage.mobilitas.lat\/uploads\/2018\/09\/MOBILITAS-NTU-ONU-DIA-SEM-CARRO-1-300x119.png\" alt=\"\" width=\"628\" height=\"251\" \/><\/em><\/strong><\/p>\n<p><strong><em>Creado en Francia en 1997, el D\u00eda Mundial Sin Autom\u00f3vil (22 de septiembre) se empez\u00f3 a conmemorar en Brasil en 2001. Recientemente, varias ciudades han programado eventos a lo largo del mes de septiembre<\/em><\/strong><\/p>\n<p>A trav\u00e9s de una campa\u00f1a publicitaria, la Asociaci\u00f3n Nacional de las Empresas de Transportes Urbanos (NTU) de Brasil, en alianza con las dos agencias de las Naciones Unidas &#8211; la ONU Medio Ambiente y la Organizaci\u00f3n Panamericana de la Salud\/Organizaci\u00f3n Mundial de la Salud (OPAS\/OMS) invitan a los usuarios a dejar el coche en casa y a usar el transporte p\u00fablico este s\u00e1bado 22 de septiembre de 2018, como forma de adhesi\u00f3n al D\u00eda Mundial Sin Autom\u00f3vil.<\/p>\n<p>Responsable por el transporte del 86,3% de pasajeros que usan transporte p\u00fablico en Brasil, la campa\u00f1a busca destacar al autob\u00fas como una opci\u00f3n para reemplazar al coche este pr\u00f3ximo s\u00e1bado.<\/p>\n<p>La campa\u00f1a subraya que, por primera vez, el sector del transporte colectivo urbano se une para realizar una campa\u00f1a nacional que pretende estimular alternativas para quien prefiere el autom\u00f3vil en sus desplazamientos diarios, a pesar de los atascos y de la subida del precio de los combustibles.<\/p>\n<div id=\"attachment_2424\" style=\"width: 231px\" class=\"wp-caption alignleft\"><img loading=\"lazy\" decoding=\"async\" aria-describedby=\"caption-attachment-2424\" class=\"size-full wp-image-2423\" src=\"https:\/\/storage.mobilitas.lat\/uploads\/2018\/09\/MOBILITAS-OT\u00c1VIO-CUNHA.png\" alt=\"\" width=\"221\" height=\"196\" \/><p id=\"caption-attachment-2424\" class=\"wp-caption-text\">Ot\u00e1vio Cunha<\/p><\/div>\n<p>La idea es reforzar tambi\u00e9n el v\u00ednculo del transporte colectivo con peatones y ciclistas. &#8220;Nuestra campa\u00f1a quiere mostrar que el autob\u00fas es el modo ideal para quien quiere desplazarse a distancias mayores de un modo m\u00e1s sano, m\u00e1s sostenible ambientalmente y m\u00e1s seguro en el tr\u00e1nsito&#8221;, resalta el presidente ejecutivo de la NTU, Ot\u00e1vio Cunha. &#8220;El autob\u00fas es el gran medio de locomoci\u00f3n de la poblaci\u00f3n brasile\u00f1a, responsable por llevar al 86,3% de los pasajeros que usan el transporte p\u00fablico en todo el pa\u00eds&#8221;.<\/p>\n<p>A pesar de su importancia, la demanda de transporte p\u00fablico ha bajado en los \u00faltimos a\u00f1os, debido a la crisis econ\u00f3mica y al crecimiento del transporte individual; solamente el a\u00f1o pasado, la reducci\u00f3n fue de 3,6 millones de pasajeros por d\u00eda en todo el pa\u00eds.<\/p>\n<p>Las piezas de la campa\u00f1a publicitaria se crearon y se distribuyeron entre las 497 empresas asociadas y las 75 entidades afiliadas (sindicatos, asociaciones y federaciones) de la NTU, que as\u00ed logran compartir y repetir la campa\u00f1a en cada ciudad, para reforzar la iniciativa en el \u00e1mbito nacional. El material publicitario incluye<em> busdoor<\/em>, carteles y publicaciones para las redes sociales.<\/p>\n<p><strong>D\u00cdA MUNDIAL SIN AUTOM\u00d3VIL<\/strong><\/p>\n<p>Creado en Francia en 1997, el D\u00eda Mundial Sin Autom\u00f3vil se empez\u00f3 a conmemorar en Brasil en 2001. Recientemente, varias ciudades han programado eventos a lo largo del mes de septiembre. El objetivo es estimular la reflexi\u00f3n sobre el uso excesivo del autom\u00f3vil y proponerle a la gente que pruebe, por lo menos durante un d\u00eda, formas alternativas de movilidad, y as\u00ed demostrar que es posible desplazarse sin usar el autom\u00f3vil.<\/p>\n<p>OPAS\/OMS y la ONU Medio Ambiente se han involucrado y se han comprometido con la causa debido a los impactos negativos para la salud y el medio ambiente derivados del uso excesivo de coches. Seg\u00fan la Organizaci\u00f3n Mundial de la Salud, los accidentes de tr\u00e1nsito son la octava mayor causa de muerte en el mundo (entre todas las franjas etarias) y la principal causa de muerte entre j\u00f3venes con edad entre 15 y 29 a\u00f1os. Adem\u00e1s, m\u00e1s del 80% de los habitantes de la ciudad est\u00e1n expuestos a niveles de contaminaci\u00f3n que exceden los niveles recomendados por la OMS.<\/p>\n<p>Ya la ONU Medio Ambiente recuerda que la contaminaci\u00f3n del aire es responsable por casi 7 millones de muertes por a\u00f1o, o por una de cada nueve muertes prematuras registradas globalmente. Muchos contaminantes tambi\u00e9n afectan el clima, por eso reducir la contaminaci\u00f3n es una forma de salvar vidas y frenar los efectos de los cambios clim\u00e1ticos.<\/p>\n<p><img loading=\"lazy\" decoding=\"async\" class=\"wp-image-2421 aligncenter\" src=\"https:\/\/storage.mobilitas.lat\/uploads\/2018\/09\/MOBILITAS-NTU-ONU-DIA-SEM-CARRO-2-300x300.png\" alt=\"\" width=\"459\" height=\"459\" srcset=\"https:\/\/storage.mobilitas.lat\/uploads\/2018\/09\/MOBILITAS-NTU-ONU-DIA-SEM-CARRO-2-300x300.png 300w, https:\/\/storage.mobilitas.lat\/uploads\/2018\/09\/MOBILITAS-NTU-ONU-DIA-SEM-CARRO-2-150x150.png 150w, https:\/\/storage.mobilitas.lat\/uploads\/2018\/09\/MOBILITAS-NTU-ONU-DIA-SEM-CARRO-2-135x135.png 135w, https:\/\/storage.mobilitas.lat\/uploads\/2018\/09\/MOBILITAS-NTU-ONU-DIA-SEM-CARRO-2.png 571w\" sizes=\"auto, (max-width: 459px) 100vw, 459px\" \/><\/p>\n","protected":false},"excerpt":{"rendered":"<p>Creado en Francia en 1997, el D\u00eda Mundial Sin Autom\u00f3vil (22 de septiembre) se empez\u00f3 a conmemorar en Brasil en 2001. Recientemente, varias ciudades han programado eventos a lo largo del mes de septiembre A trav\u00e9s de una campa\u00f1a publicitaria, la Asociaci\u00f3n Nacional de las Empresas de Transportes Urbanos (NTU) de Brasil, en alianza con [&hellip;]<\/p>\n","protected":false},"author":2,"featured_media":2435,"comment_status":"closed","ping_status":"closed","sticky":false,"template":"","format":"standard","meta":{"footnotes":""},"categories":[287,298],"tags":[484,325,485,486,487,366],"class_list":["post-2438","post","type-post","status-publish","format-standard","has-post-thumbnail","hentry","category-notas","category-radar-es","tag-dia-mundial-sem-carro-es","tag-ntu-es","tag-oms-opas-es","tag-onu-es","tag-onu-ambiental-es","tag-transito-es"],"yoast_head":"<!-- This site is optimized with the Yoast SEO plugin v26.9 - https:\/\/yoast.com\/product\/yoast-seo-wordpress\/ -->\n<title>Una entidad empresarial en Brasil y agencias de la ONU estimulan el uso del transporte p\u00fablico en el D\u00eda Mundial Sin Autom\u00f3vil | Mobilitas<\/title>\n<meta name=\"robots\" content=\"index, follow, max-snippet:-1, max-image-preview:large, max-video-preview:-1\" \/>\n<link rel=\"canonical\" href=\"https:\/\/mobilitas.lat\/es\/2018\/09\/21\/entidade-empresarial-de-transporte-por-onibus-do-brasil-e-agencias-da-onu-estimulam-o-uso-do-transporte-publico-no-dia-mundial-sem-carro\/\" \/>\n<meta property=\"og:locale\" content=\"es_ES\" \/>\n<meta property=\"og:type\" content=\"article\" \/>\n<meta property=\"og:title\" content=\"Una entidad empresarial en Brasil y agencias de la ONU estimulan el uso del transporte p\u00fablico en el D\u00eda Mundial Sin Autom\u00f3vil | Mobilitas\" \/>\n<meta property=\"og:description\" content=\"Creado en Francia en 1997, el D\u00eda Mundial Sin Autom\u00f3vil (22 de septiembre) se empez\u00f3 a conmemorar en Brasil en 2001. Recientemente, varias ciudades han programado eventos a lo largo del mes de septiembre A trav\u00e9s de una campa\u00f1a publicitaria, la Asociaci\u00f3n Nacional de las Empresas de Transportes Urbanos (NTU) de Brasil, en alianza con [&hellip;]\" \/>\n<meta property=\"og:url\" content=\"https:\/\/mobilitas.lat\/es\/2018\/09\/21\/entidade-empresarial-de-transporte-por-onibus-do-brasil-e-agencias-da-onu-estimulam-o-uso-do-transporte-publico-no-dia-mundial-sem-carro\/\" \/>\n<meta property=\"og:site_name\" content=\"Mobilitas\" \/>\n<meta property=\"article:published_time\" content=\"2018-09-21T04:50:51+00:00\" \/>\n<meta property=\"article:modified_time\" content=\"2018-09-21T14:00:10+00:00\" \/>\n<meta property=\"og:image\" content=\"https:\/\/storage.mobilitas.lat\/uploads\/2018\/09\/MOBILITAS-NTU-ONU-DIA-SEM-CARRO-3A.png\" \/>\n\t<meta property=\"og:image:width\" content=\"622\" \/>\n\t<meta property=\"og:image:height\" content=\"372\" \/>\n\t<meta property=\"og:image:type\" content=\"image\/png\" \/>\n<meta name=\"author\" content=\"Alexandre Asquini\" \/>\n<meta name=\"twitter:card\" content=\"summary_large_image\" \/>\n<meta name=\"twitter:label1\" content=\"Written by\" \/>\n\t<meta name=\"twitter:data1\" content=\"Alexandre Asquini\" \/>\n\t<meta name=\"twitter:label2\" content=\"Est. reading time\" \/>\n\t<meta name=\"twitter:data2\" content=\"3 minutes\" \/>\n<script type=\"application\/ld+json\" class=\"yoast-schema-graph\">{\"@context\":\"https:\/\/schema.org\",\"@graph\":[{\"@type\":\"Article\",\"@id\":\"https:\/\/mobilitas.lat\/es\/2018\/09\/21\/entidade-empresarial-de-transporte-por-onibus-do-brasil-e-agencias-da-onu-estimulam-o-uso-do-transporte-publico-no-dia-mundial-sem-carro\/#article\",\"isPartOf\":{\"@id\":\"https:\/\/mobilitas.lat\/es\/2018\/09\/21\/entidade-empresarial-de-transporte-por-onibus-do-brasil-e-agencias-da-onu-estimulam-o-uso-do-transporte-publico-no-dia-mundial-sem-carro\/\"},\"author\":{\"name\":\"Alexandre Asquini\",\"@id\":\"https:\/\/mobilitas.lat\/es\/#\/schema\/person\/cae0d01ccbe855d1858d146e4c4d582d\"},\"headline\":\"Una entidad empresarial en Brasil y agencias de la ONU estimulan el uso del transporte p\u00fablico en el D\u00eda Mundial Sin Autom\u00f3vil\",\"datePublished\":\"2018-09-21T04:50:51+00:00\",\"dateModified\":\"2018-09-21T14:00:10+00:00\",\"mainEntityOfPage\":{\"@id\":\"https:\/\/mobilitas.lat\/es\/2018\/09\/21\/entidade-empresarial-de-transporte-por-onibus-do-brasil-e-agencias-da-onu-estimulam-o-uso-do-transporte-publico-no-dia-mundial-sem-carro\/\"},\"wordCount\":695,\"publisher\":{\"@id\":\"https:\/\/mobilitas.lat\/es\/#organization\"},\"image\":{\"@id\":\"https:\/\/mobilitas.lat\/es\/2018\/09\/21\/entidade-empresarial-de-transporte-por-onibus-do-brasil-e-agencias-da-onu-estimulam-o-uso-do-transporte-publico-no-dia-mundial-sem-carro\/#primaryimage\"},\"thumbnailUrl\":\"https:\/\/storage.mobilitas.lat\/uploads\/2018\/09\/MOBILITAS-NTU-ONU-DIA-SEM-CARRO-3A.png\",\"keywords\":[\"DIA MUNDIAL SEM CARRO\",\"NTU\",\"OMS\/OPAS\",\"ONU\",\"ONU AMBIENTAL\",\"TR\u00c1NSITO\"],\"articleSection\":[\"Notas\",\"Radar\"],\"inLanguage\":\"es-ES\"},{\"@type\":\"WebPage\",\"@id\":\"https:\/\/mobilitas.lat\/es\/2018\/09\/21\/entidade-empresarial-de-transporte-por-onibus-do-brasil-e-agencias-da-onu-estimulam-o-uso-do-transporte-publico-no-dia-mundial-sem-carro\/\",\"url\":\"https:\/\/mobilitas.lat\/es\/2018\/09\/21\/entidade-empresarial-de-transporte-por-onibus-do-brasil-e-agencias-da-onu-estimulam-o-uso-do-transporte-publico-no-dia-mundial-sem-carro\/\",\"name\":\"Una entidad empresarial en Brasil y agencias de la ONU estimulan el uso del transporte p\u00fablico en el D\u00eda Mundial Sin Autom\u00f3vil | Mobilitas\",\"isPartOf\":{\"@id\":\"https:\/\/mobilitas.lat\/es\/#website\"},\"primaryImageOfPage\":{\"@id\":\"https:\/\/mobilitas.lat\/es\/2018\/09\/21\/entidade-empresarial-de-transporte-por-onibus-do-brasil-e-agencias-da-onu-estimulam-o-uso-do-transporte-publico-no-dia-mundial-sem-carro\/#primaryimage\"},\"image\":{\"@id\":\"https:\/\/mobilitas.lat\/es\/2018\/09\/21\/entidade-empresarial-de-transporte-por-onibus-do-brasil-e-agencias-da-onu-estimulam-o-uso-do-transporte-publico-no-dia-mundial-sem-carro\/#primaryimage\"},\"thumbnailUrl\":\"https:\/\/storage.mobilitas.lat\/uploads\/2018\/09\/MOBILITAS-NTU-ONU-DIA-SEM-CARRO-3A.png\",\"datePublished\":\"2018-09-21T04:50:51+00:00\",\"dateModified\":\"2018-09-21T14:00:10+00:00\",\"breadcrumb\":{\"@id\":\"https:\/\/mobilitas.lat\/es\/2018\/09\/21\/entidade-empresarial-de-transporte-por-onibus-do-brasil-e-agencias-da-onu-estimulam-o-uso-do-transporte-publico-no-dia-mundial-sem-carro\/#breadcrumb\"},\"inLanguage\":\"es-ES\",\"potentialAction\":[{\"@type\":\"ReadAction\",\"target\":[\"https:\/\/mobilitas.lat\/es\/2018\/09\/21\/entidade-empresarial-de-transporte-por-onibus-do-brasil-e-agencias-da-onu-estimulam-o-uso-do-transporte-publico-no-dia-mundial-sem-carro\/\"]}]},{\"@type\":\"ImageObject\",\"inLanguage\":\"es-ES\",\"@id\":\"https:\/\/mobilitas.lat\/es\/2018\/09\/21\/entidade-empresarial-de-transporte-por-onibus-do-brasil-e-agencias-da-onu-estimulam-o-uso-do-transporte-publico-no-dia-mundial-sem-carro\/#primaryimage\",\"url\":\"https:\/\/storage.mobilitas.lat\/uploads\/2018\/09\/MOBILITAS-NTU-ONU-DIA-SEM-CARRO-3A.png\",\"contentUrl\":\"https:\/\/storage.mobilitas.lat\/uploads\/2018\/09\/MOBILITAS-NTU-ONU-DIA-SEM-CARRO-3A.png\",\"width\":622,\"height\":372},{\"@type\":\"BreadcrumbList\",\"@id\":\"https:\/\/mobilitas.lat\/es\/2018\/09\/21\/entidade-empresarial-de-transporte-por-onibus-do-brasil-e-agencias-da-onu-estimulam-o-uso-do-transporte-publico-no-dia-mundial-sem-carro\/#breadcrumb\",\"itemListElement\":[{\"@type\":\"ListItem\",\"position\":1,\"name\":\"In\u00edcio\",\"item\":\"https:\/\/mobilitas.lat\/es\/\"},{\"@type\":\"ListItem\",\"position\":2,\"name\":\"Una entidad empresarial en Brasil y agencias de la ONU estimulan el uso del transporte p\u00fablico en el D\u00eda Mundial Sin Autom\u00f3vil\"}]},{\"@type\":\"WebSite\",\"@id\":\"https:\/\/mobilitas.lat\/es\/#website\",\"url\":\"https:\/\/mobilitas.lat\/es\/\",\"name\":\"Mobilitas\",\"description\":\"Tecnologia e Mobilidade Urbana na Am\u00e9rica Latina\",\"publisher\":{\"@id\":\"https:\/\/mobilitas.lat\/es\/#organization\"},\"potentialAction\":[{\"@type\":\"SearchAction\",\"target\":{\"@type\":\"EntryPoint\",\"urlTemplate\":\"https:\/\/mobilitas.lat\/es\/?s={search_term_string}\"},\"query-input\":{\"@type\":\"PropertyValueSpecification\",\"valueRequired\":true,\"valueName\":\"search_term_string\"}}],\"inLanguage\":\"es-ES\"},{\"@type\":\"Organization\",\"@id\":\"https:\/\/mobilitas.lat\/es\/#organization\",\"name\":\"OTM Editora\",\"url\":\"https:\/\/mobilitas.lat\/es\/\",\"logo\":{\"@type\":\"ImageObject\",\"inLanguage\":\"es-ES\",\"@id\":\"https:\/\/mobilitas.lat\/es\/#\/schema\/logo\/image\/\",\"url\":\"https:\/\/mobilitas.lat\/wp-content\/uploads\/2024\/03\/opengraph.png\",\"contentUrl\":\"https:\/\/mobilitas.lat\/wp-content\/uploads\/2024\/03\/opengraph.png\",\"width\":1200,\"height\":630,\"caption\":\"OTM Editora\"},\"image\":{\"@id\":\"https:\/\/mobilitas.lat\/es\/#\/schema\/logo\/image\/\"}},{\"@type\":\"Person\",\"@id\":\"https:\/\/mobilitas.lat\/es\/#\/schema\/person\/cae0d01ccbe855d1858d146e4c4d582d\",\"name\":\"Alexandre Asquini\",\"image\":{\"@type\":\"ImageObject\",\"inLanguage\":\"es-ES\",\"@id\":\"https:\/\/mobilitas.lat\/es\/#\/schema\/person\/image\/\",\"url\":\"https:\/\/secure.gravatar.com\/avatar\/aac99dbef1420f75cc7d86913eb8a7cdfbe13e2509ad7a45649a61414f6d2785?s=96&d=mm&r=g\",\"contentUrl\":\"https:\/\/secure.gravatar.com\/avatar\/aac99dbef1420f75cc7d86913eb8a7cdfbe13e2509ad7a45649a61414f6d2785?s=96&d=mm&r=g\",\"caption\":\"Alexandre Asquini\"}}]}<\/script>\n<!-- \/ Yoast SEO plugin. -->","yoast_head_json":{"title":"Una entidad empresarial en Brasil y agencias de la ONU estimulan el uso del transporte p\u00fablico en el D\u00eda Mundial Sin Autom\u00f3vil | Mobilitas","robots":{"index":"index","follow":"follow","max-snippet":"max-snippet:-1","max-image-preview":"max-image-preview:large","max-video-preview":"max-video-preview:-1"},"canonical":"https:\/\/mobilitas.lat\/es\/2018\/09\/21\/entidade-empresarial-de-transporte-por-onibus-do-brasil-e-agencias-da-onu-estimulam-o-uso-do-transporte-publico-no-dia-mundial-sem-carro\/","og_locale":"es_ES","og_type":"article","og_title":"Una entidad empresarial en Brasil y agencias de la ONU estimulan el uso del transporte p\u00fablico en el D\u00eda Mundial Sin Autom\u00f3vil | Mobilitas","og_description":"Creado en Francia en 1997, el D\u00eda Mundial Sin Autom\u00f3vil (22 de septiembre) se empez\u00f3 a conmemorar en Brasil en 2001. Recientemente, varias ciudades han programado eventos a lo largo del mes de septiembre A trav\u00e9s de una campa\u00f1a publicitaria, la Asociaci\u00f3n Nacional de las Empresas de Transportes Urbanos (NTU) de Brasil, en alianza con [&hellip;]","og_url":"https:\/\/mobilitas.lat\/es\/2018\/09\/21\/entidade-empresarial-de-transporte-por-onibus-do-brasil-e-agencias-da-onu-estimulam-o-uso-do-transporte-publico-no-dia-mundial-sem-carro\/","og_site_name":"Mobilitas","article_published_time":"2018-09-21T04:50:51+00:00","article_modified_time":"2018-09-21T14:00:10+00:00","og_image":[{"width":622,"height":372,"url":"https:\/\/storage.mobilitas.lat\/uploads\/2018\/09\/MOBILITAS-NTU-ONU-DIA-SEM-CARRO-3A.png","type":"image\/png"}],"author":"Alexandre Asquini","twitter_card":"summary_large_image","twitter_misc":{"Written by":"Alexandre Asquini","Est. reading time":"3 minutes"},"schema":{"@context":"https:\/\/schema.org","@graph":[{"@type":"Article","@id":"https:\/\/mobilitas.lat\/es\/2018\/09\/21\/entidade-empresarial-de-transporte-por-onibus-do-brasil-e-agencias-da-onu-estimulam-o-uso-do-transporte-publico-no-dia-mundial-sem-carro\/#article","isPartOf":{"@id":"https:\/\/mobilitas.lat\/es\/2018\/09\/21\/entidade-empresarial-de-transporte-por-onibus-do-brasil-e-agencias-da-onu-estimulam-o-uso-do-transporte-publico-no-dia-mundial-sem-carro\/"},"author":{"name":"Alexandre Asquini","@id":"https:\/\/mobilitas.lat\/es\/#\/schema\/person\/cae0d01ccbe855d1858d146e4c4d582d"},"headline":"Una entidad empresarial en Brasil y agencias de la ONU estimulan el uso del transporte p\u00fablico en el D\u00eda Mundial Sin Autom\u00f3vil","datePublished":"2018-09-21T04:50:51+00:00","dateModified":"2018-09-21T14:00:10+00:00","mainEntityOfPage":{"@id":"https:\/\/mobilitas.lat\/es\/2018\/09\/21\/entidade-empresarial-de-transporte-por-onibus-do-brasil-e-agencias-da-onu-estimulam-o-uso-do-transporte-publico-no-dia-mundial-sem-carro\/"},"wordCount":695,"publisher":{"@id":"https:\/\/mobilitas.lat\/es\/#organization"},"image":{"@id":"https:\/\/mobilitas.lat\/es\/2018\/09\/21\/entidade-empresarial-de-transporte-por-onibus-do-brasil-e-agencias-da-onu-estimulam-o-uso-do-transporte-publico-no-dia-mundial-sem-carro\/#primaryimage"},"thumbnailUrl":"https:\/\/storage.mobilitas.lat\/uploads\/2018\/09\/MOBILITAS-NTU-ONU-DIA-SEM-CARRO-3A.png","keywords":["DIA MUNDIAL SEM CARRO","NTU","OMS\/OPAS","ONU","ONU AMBIENTAL","TR\u00c1NSITO"],"articleSection":["Notas","Radar"],"inLanguage":"es-ES"},{"@type":"WebPage","@id":"https:\/\/mobilitas.lat\/es\/2018\/09\/21\/entidade-empresarial-de-transporte-por-onibus-do-brasil-e-agencias-da-onu-estimulam-o-uso-do-transporte-publico-no-dia-mundial-sem-carro\/","url":"https:\/\/mobilitas.lat\/es\/2018\/09\/21\/entidade-empresarial-de-transporte-por-onibus-do-brasil-e-agencias-da-onu-estimulam-o-uso-do-transporte-publico-no-dia-mundial-sem-carro\/","name":"Una entidad empresarial en Brasil y agencias de la ONU estimulan el uso del transporte p\u00fablico en el D\u00eda Mundial Sin Autom\u00f3vil | Mobilitas","isPartOf":{"@id":"https:\/\/mobilitas.lat\/es\/#website"},"primaryImageOfPage":{"@id":"https:\/\/mobilitas.lat\/es\/2018\/09\/21\/entidade-empresarial-de-transporte-por-onibus-do-brasil-e-agencias-da-onu-estimulam-o-uso-do-transporte-publico-no-dia-mundial-sem-carro\/#primaryimage"},"image":{"@id":"https:\/\/mobilitas.lat\/es\/2018\/09\/21\/entidade-empresarial-de-transporte-por-onibus-do-brasil-e-agencias-da-onu-estimulam-o-uso-do-transporte-publico-no-dia-mundial-sem-carro\/#primaryimage"},"thumbnailUrl":"https:\/\/storage.mobilitas.lat\/uploads\/2018\/09\/MOBILITAS-NTU-ONU-DIA-SEM-CARRO-3A.png","datePublished":"2018-09-21T04:50:51+00:00","dateModified":"2018-09-21T14:00:10+00:00","breadcrumb":{"@id":"https:\/\/mobilitas.lat\/es\/2018\/09\/21\/entidade-empresarial-de-transporte-por-onibus-do-brasil-e-agencias-da-onu-estimulam-o-uso-do-transporte-publico-no-dia-mundial-sem-carro\/#breadcrumb"},"inLanguage":"es-ES","potentialAction":[{"@type":"ReadAction","target":["https:\/\/mobilitas.lat\/es\/2018\/09\/21\/entidade-empresarial-de-transporte-por-onibus-do-brasil-e-agencias-da-onu-estimulam-o-uso-do-transporte-publico-no-dia-mundial-sem-carro\/"]}]},{"@type":"ImageObject","inLanguage":"es-ES","@id":"https:\/\/mobilitas.lat\/es\/2018\/09\/21\/entidade-empresarial-de-transporte-por-onibus-do-brasil-e-agencias-da-onu-estimulam-o-uso-do-transporte-publico-no-dia-mundial-sem-carro\/#primaryimage","url":"https:\/\/storage.mobilitas.lat\/uploads\/2018\/09\/MOBILITAS-NTU-ONU-DIA-SEM-CARRO-3A.png","contentUrl":"https:\/\/storage.mobilitas.lat\/uploads\/2018\/09\/MOBILITAS-NTU-ONU-DIA-SEM-CARRO-3A.png","width":622,"height":372},{"@type":"BreadcrumbList","@id":"https:\/\/mobilitas.lat\/es\/2018\/09\/21\/entidade-empresarial-de-transporte-por-onibus-do-brasil-e-agencias-da-onu-estimulam-o-uso-do-transporte-publico-no-dia-mundial-sem-carro\/#breadcrumb","itemListElement":[{"@type":"ListItem","position":1,"name":"In\u00edcio","item":"https:\/\/mobilitas.lat\/es\/"},{"@type":"ListItem","position":2,"name":"Una entidad empresarial en Brasil y agencias de la ONU estimulan el uso del transporte p\u00fablico en el D\u00eda Mundial Sin Autom\u00f3vil"}]},{"@type":"WebSite","@id":"https:\/\/mobilitas.lat\/es\/#website","url":"https:\/\/mobilitas.lat\/es\/","name":"Mobilitas","description":"Tecnologia e Mobilidade Urbana na Am\u00e9rica Latina","publisher":{"@id":"https:\/\/mobilitas.lat\/es\/#organization"},"potentialAction":[{"@type":"SearchAction","target":{"@type":"EntryPoint","urlTemplate":"https:\/\/mobilitas.lat\/es\/?s={search_term_string}"},"query-input":{"@type":"PropertyValueSpecification","valueRequired":true,"valueName":"search_term_string"}}],"inLanguage":"es-ES"},{"@type":"Organization","@id":"https:\/\/mobilitas.lat\/es\/#organization","name":"OTM Editora","url":"https:\/\/mobilitas.lat\/es\/","logo":{"@type":"ImageObject","inLanguage":"es-ES","@id":"https:\/\/mobilitas.lat\/es\/#\/schema\/logo\/image\/","url":"https:\/\/mobilitas.lat\/wp-content\/uploads\/2024\/03\/opengraph.png","contentUrl":"https:\/\/mobilitas.lat\/wp-content\/uploads\/2024\/03\/opengraph.png","width":1200,"height":630,"caption":"OTM Editora"},"image":{"@id":"https:\/\/mobilitas.lat\/es\/#\/schema\/logo\/image\/"}},{"@type":"Person","@id":"https:\/\/mobilitas.lat\/es\/#\/schema\/person\/cae0d01ccbe855d1858d146e4c4d582d","name":"Alexandre Asquini","image":{"@type":"ImageObject","inLanguage":"es-ES","@id":"https:\/\/mobilitas.lat\/es\/#\/schema\/person\/image\/","url":"https:\/\/secure.gravatar.com\/avatar\/aac99dbef1420f75cc7d86913eb8a7cdfbe13e2509ad7a45649a61414f6d2785?s=96&d=mm&r=g","contentUrl":"https:\/\/secure.gravatar.com\/avatar\/aac99dbef1420f75cc7d86913eb8a7cdfbe13e2509ad7a45649a61414f6d2785?s=96&d=mm&r=g","caption":"Alexandre Asquini"}}]}},"_links":{"self":[{"href":"https:\/\/mobilitas.lat\/es\/wp-json\/wp\/v2\/posts\/2438","targetHints":{"allow":["GET"]}}],"collection":[{"href":"https:\/\/mobilitas.lat\/es\/wp-json\/wp\/v2\/posts"}],"about":[{"href":"https:\/\/mobilitas.lat\/es\/wp-json\/wp\/v2\/types\/post"}],"author":[{"embeddable":true,"href":"https:\/\/mobilitas.lat\/es\/wp-json\/wp\/v2\/users\/2"}],"replies":[{"embeddable":true,"href":"https:\/\/mobilitas.lat\/es\/wp-json\/wp\/v2\/comments?post=2438"}],"version-history":[{"count":3,"href":"https:\/\/mobilitas.lat\/es\/wp-json\/wp\/v2\/posts\/2438\/revisions"}],"predecessor-version":[{"id":2441,"href":"https:\/\/mobilitas.lat\/es\/wp-json\/wp\/v2\/posts\/2438\/revisions\/2441"}],"wp:featuredmedia":[{"embeddable":true,"href":"https:\/\/mobilitas.lat\/es\/wp-json\/wp\/v2\/media\/2435"}],"wp:attachment":[{"href":"https:\/\/mobilitas.lat\/es\/wp-json\/wp\/v2\/media?parent=2438"}],"wp:term":[{"taxonomy":"category","embeddable":true,"href":"https:\/\/mobilitas.lat\/es\/wp-json\/wp\/v2\/categories?post=2438"},{"taxonomy":"post_tag","embeddable":true,"href":"https:\/\/mobilitas.lat\/es\/wp-json\/wp\/v2\/tags?post=2438"}],"curies":[{"name":"wp","href":"https:\/\/api.w.org\/{rel}","templated":true}]}}