{"id":2379,"date":"2018-09-15T23:14:17","date_gmt":"2018-09-16T02:14:17","guid":{"rendered":"https:\/\/mobilitas.lat\/?p=2379"},"modified":"2018-09-15T23:24:43","modified_gmt":"2018-09-16T02:24:43","slug":"un-paso-mas-en-el-proceso-de-licitacion-de-ferrocarril-central-de-uruguay","status":"publish","type":"post","link":"https:\/\/mobilitas.lat\/es\/2018\/09\/15\/un-paso-mas-en-el-proceso-de-licitacion-de-ferrocarril-central-de-uruguay\/","title":{"rendered":"Un paso m\u00e1s en el proceso de licitaci\u00f3n de Ferrocarril Central de Uruguay"},"content":{"rendered":"<p><em><strong>El 4 setiembre 2018,\u00a0en la sede del Ministerio de Transporte y Obras P\u00fablicas de Uruguay,\u00a0se procedi\u00f3 a la apertura del sobre n\u00famero tres de la licitaci\u00f3n p\u00fablica internacional 35\/2017 \u2013 proyecto de Infraestructura Ferrocarril Central.<\/strong><\/em><\/p>\n<p>El 4 setiembre 2018, en la sede del Ministerio de Transporte y Obras P\u00fablicas (MTOP) de Uruguay, en un acto p\u00fablico que cont\u00f3 con la presencia del ministro V\u00edctor Rossi, periodistas y representantes de todas las empresas participantes del proceso licitatorio, se procedi\u00f3 a la apertura del sobre n\u00famero tres de la licitaci\u00f3n p\u00fablica internacional 35\/2017 \u2013 proyecto de Infraestructura Ferrocarril Central. El sobre conten\u00eda la oferta presentada por el consorcio Grupo V\u00eda Central, integrada por las empresas uruguayas Saceem y Berkes, y por las empresas extranjeras, Sacyr y NGE.<\/p>\n<p>La apertura estaba inicialmente prevista para los primeros d\u00edas de agosto. Ante un planteo de una de las empresas participantes, el gobierno decidi\u00f3 aplazar la apertura del sobre y extender el plazo para presentar informaci\u00f3n adicional, con el fin de dotar de las garant\u00edas necesarias a las empresas y asegurar la transparencia del proceso.<\/p>\n<p>Este es un paso m\u00e1s en el proceso de licitaci\u00f3n. Una comisi\u00f3n t\u00e9cnica del MTOP proceder\u00e1 a realizar la evaluaci\u00f3n correspondiente. Adem\u00e1s, se realizar\u00e1 una consulta con un asesor externo.<\/p>\n<p>\u201cEs una obra muy exigente. Muy ambiciosa, muy importante para el pa\u00eds\u201d, se\u00f1al\u00f3 el ministro Rossi al referirse al proyecto que se ejecutar\u00e1 por modalidad de Participaci\u00f3n P\u00fablico Privada. Las obras comenzar\u00e1n a ejecutarse en enero de 2019.<\/p>\n<p>Ferrocarril Central implica la construcci\u00f3n y mantenimiento de 273 km de v\u00edas f\u00e9rreas entre el Puerto de Montevideo y la ciudad de Paso de los Toros, llev\u00e1ndolas a un est\u00e1ndar superior que permitir\u00e1 la circulaci\u00f3n de trenes de carga a 80 kil\u00f3metros por hora y 22,5 toneladas por eje.<\/p>\n<p>El gobierno nacional de Uruguay subraya que el proyecto Ferrocarri Central sumado a los que est\u00e1n en curso, como la rehabilitaci\u00f3n de la l\u00ednea Rivera y la l\u00ednea litoral entre Piedra Sola y Salto, consolida la ampliaci\u00f3n de la oferta de transporte ferroviario para las cargas nacionales y regionales, complementando los modos hasta ahora utilizados<\/p>\n","protected":false},"excerpt":{"rendered":"<p>El 4 setiembre 2018,\u00a0en la sede del Ministerio de Transporte y Obras P\u00fablicas de Uruguay,\u00a0se procedi\u00f3 a la apertura del sobre n\u00famero tres de la licitaci\u00f3n p\u00fablica internacional 35\/2017 \u2013 proyecto de Infraestructura Ferrocarril Central. El 4 setiembre 2018, en la sede del Ministerio de Transporte y Obras P\u00fablicas (MTOP) de Uruguay, en un acto [&hellip;]<\/p>\n","protected":false},"author":2,"featured_media":2386,"comment_status":"closed","ping_status":"closed","sticky":false,"template":"","format":"standard","meta":{"footnotes":""},"categories":[287,298],"tags":[423,344,345],"class_list":["post-2379","post","type-post","status-publish","format-standard","has-post-thumbnail","hentry","category-notas","category-radar-es","tag-ferrocarril-central","tag-montevideo","tag-uruguay"],"yoast_head":"<!-- This site is optimized with the Yoast SEO plugin v26.9 - https:\/\/yoast.com\/product\/yoast-seo-wordpress\/ -->\n<title>Un paso m\u00e1s en el proceso de licitaci\u00f3n de Ferrocarril Central de Uruguay | Mobilitas<\/title>\n<meta name=\"robots\" content=\"index, follow, max-snippet:-1, max-image-preview:large, max-video-preview:-1\" \/>\n<link rel=\"canonical\" href=\"https:\/\/mobilitas.lat\/es\/2018\/09\/15\/un-paso-mas-en-el-proceso-de-licitacion-de-ferrocarril-central-de-uruguay\/\" \/>\n<meta property=\"og:locale\" content=\"es_ES\" \/>\n<meta property=\"og:type\" content=\"article\" \/>\n<meta property=\"og:title\" content=\"Un paso m\u00e1s en el proceso de licitaci\u00f3n de Ferrocarril Central de Uruguay | Mobilitas\" \/>\n<meta property=\"og:description\" content=\"El 4 setiembre 2018,\u00a0en la sede del Ministerio de Transporte y Obras P\u00fablicas de Uruguay,\u00a0se procedi\u00f3 a la apertura del sobre n\u00famero tres de la licitaci\u00f3n p\u00fablica internacional 35\/2017 \u2013 proyecto de Infraestructura Ferrocarril Central. El 4 setiembre 2018, en la sede del Ministerio de Transporte y Obras P\u00fablicas (MTOP) de Uruguay, en un acto [&hellip;]\" \/>\n<meta property=\"og:url\" content=\"https:\/\/mobilitas.lat\/es\/2018\/09\/15\/un-paso-mas-en-el-proceso-de-licitacion-de-ferrocarril-central-de-uruguay\/\" \/>\n<meta property=\"og:site_name\" content=\"Mobilitas\" \/>\n<meta property=\"article:published_time\" content=\"2018-09-16T02:14:17+00:00\" \/>\n<meta property=\"article:modified_time\" content=\"2018-09-16T02:24:43+00:00\" \/>\n<meta property=\"og:image\" content=\"https:\/\/storage.mobilitas.lat\/uploads\/2018\/09\/MOBILITAS-FERROCARRIL-CENTRAL-6-NOVA.png\" \/>\n\t<meta property=\"og:image:width\" content=\"345\" \/>\n\t<meta property=\"og:image:height\" content=\"193\" \/>\n\t<meta property=\"og:image:type\" content=\"image\/png\" \/>\n<meta name=\"author\" content=\"Alexandre Asquini\" \/>\n<meta name=\"twitter:card\" content=\"summary_large_image\" \/>\n<meta name=\"twitter:label1\" content=\"Written by\" \/>\n\t<meta name=\"twitter:data1\" content=\"Alexandre Asquini\" \/>\n\t<meta name=\"twitter:label2\" content=\"Est. reading time\" \/>\n\t<meta name=\"twitter:data2\" content=\"2 minutes\" \/>\n<script type=\"application\/ld+json\" class=\"yoast-schema-graph\">{\"@context\":\"https:\/\/schema.org\",\"@graph\":[{\"@type\":\"Article\",\"@id\":\"https:\/\/mobilitas.lat\/es\/2018\/09\/15\/un-paso-mas-en-el-proceso-de-licitacion-de-ferrocarril-central-de-uruguay\/#article\",\"isPartOf\":{\"@id\":\"https:\/\/mobilitas.lat\/es\/2018\/09\/15\/un-paso-mas-en-el-proceso-de-licitacion-de-ferrocarril-central-de-uruguay\/\"},\"author\":{\"name\":\"Alexandre Asquini\",\"@id\":\"https:\/\/mobilitas.lat\/es\/#\/schema\/person\/cae0d01ccbe855d1858d146e4c4d582d\"},\"headline\":\"Un paso m\u00e1s en el proceso de licitaci\u00f3n de Ferrocarril Central de Uruguay\",\"datePublished\":\"2018-09-16T02:14:17+00:00\",\"dateModified\":\"2018-09-16T02:24:43+00:00\",\"mainEntityOfPage\":{\"@id\":\"https:\/\/mobilitas.lat\/es\/2018\/09\/15\/un-paso-mas-en-el-proceso-de-licitacion-de-ferrocarril-central-de-uruguay\/\"},\"wordCount\":394,\"publisher\":{\"@id\":\"https:\/\/mobilitas.lat\/es\/#organization\"},\"image\":{\"@id\":\"https:\/\/mobilitas.lat\/es\/2018\/09\/15\/un-paso-mas-en-el-proceso-de-licitacion-de-ferrocarril-central-de-uruguay\/#primaryimage\"},\"thumbnailUrl\":\"https:\/\/storage.mobilitas.lat\/uploads\/2018\/09\/MOBILITAS-FERROCARRIL-CENTRAL-6-NOVA.png\",\"keywords\":[\"FERROCARRIL CENTRAL\",\"Montevideo\",\"Uruguay\"],\"articleSection\":[\"Notas\",\"Radar\"],\"inLanguage\":\"es-ES\"},{\"@type\":\"WebPage\",\"@id\":\"https:\/\/mobilitas.lat\/es\/2018\/09\/15\/un-paso-mas-en-el-proceso-de-licitacion-de-ferrocarril-central-de-uruguay\/\",\"url\":\"https:\/\/mobilitas.lat\/es\/2018\/09\/15\/un-paso-mas-en-el-proceso-de-licitacion-de-ferrocarril-central-de-uruguay\/\",\"name\":\"Un paso m\u00e1s en el proceso de licitaci\u00f3n de Ferrocarril Central de Uruguay | Mobilitas\",\"isPartOf\":{\"@id\":\"https:\/\/mobilitas.lat\/es\/#website\"},\"primaryImageOfPage\":{\"@id\":\"https:\/\/mobilitas.lat\/es\/2018\/09\/15\/un-paso-mas-en-el-proceso-de-licitacion-de-ferrocarril-central-de-uruguay\/#primaryimage\"},\"image\":{\"@id\":\"https:\/\/mobilitas.lat\/es\/2018\/09\/15\/un-paso-mas-en-el-proceso-de-licitacion-de-ferrocarril-central-de-uruguay\/#primaryimage\"},\"thumbnailUrl\":\"https:\/\/storage.mobilitas.lat\/uploads\/2018\/09\/MOBILITAS-FERROCARRIL-CENTRAL-6-NOVA.png\",\"datePublished\":\"2018-09-16T02:14:17+00:00\",\"dateModified\":\"2018-09-16T02:24:43+00:00\",\"breadcrumb\":{\"@id\":\"https:\/\/mobilitas.lat\/es\/2018\/09\/15\/un-paso-mas-en-el-proceso-de-licitacion-de-ferrocarril-central-de-uruguay\/#breadcrumb\"},\"inLanguage\":\"es-ES\",\"potentialAction\":[{\"@type\":\"ReadAction\",\"target\":[\"https:\/\/mobilitas.lat\/es\/2018\/09\/15\/un-paso-mas-en-el-proceso-de-licitacion-de-ferrocarril-central-de-uruguay\/\"]}]},{\"@type\":\"ImageObject\",\"inLanguage\":\"es-ES\",\"@id\":\"https:\/\/mobilitas.lat\/es\/2018\/09\/15\/un-paso-mas-en-el-proceso-de-licitacion-de-ferrocarril-central-de-uruguay\/#primaryimage\",\"url\":\"https:\/\/storage.mobilitas.lat\/uploads\/2018\/09\/MOBILITAS-FERROCARRIL-CENTRAL-6-NOVA.png\",\"contentUrl\":\"https:\/\/storage.mobilitas.lat\/uploads\/2018\/09\/MOBILITAS-FERROCARRIL-CENTRAL-6-NOVA.png\",\"width\":345,\"height\":193},{\"@type\":\"BreadcrumbList\",\"@id\":\"https:\/\/mobilitas.lat\/es\/2018\/09\/15\/un-paso-mas-en-el-proceso-de-licitacion-de-ferrocarril-central-de-uruguay\/#breadcrumb\",\"itemListElement\":[{\"@type\":\"ListItem\",\"position\":1,\"name\":\"In\u00edcio\",\"item\":\"https:\/\/mobilitas.lat\/es\/\"},{\"@type\":\"ListItem\",\"position\":2,\"name\":\"Un paso m\u00e1s en el proceso de licitaci\u00f3n de Ferrocarril Central de Uruguay\"}]},{\"@type\":\"WebSite\",\"@id\":\"https:\/\/mobilitas.lat\/es\/#website\",\"url\":\"https:\/\/mobilitas.lat\/es\/\",\"name\":\"Mobilitas\",\"description\":\"Tecnologia e Mobilidade Urbana na Am\u00e9rica Latina\",\"publisher\":{\"@id\":\"https:\/\/mobilitas.lat\/es\/#organization\"},\"potentialAction\":[{\"@type\":\"SearchAction\",\"target\":{\"@type\":\"EntryPoint\",\"urlTemplate\":\"https:\/\/mobilitas.lat\/es\/?s={search_term_string}\"},\"query-input\":{\"@type\":\"PropertyValueSpecification\",\"valueRequired\":true,\"valueName\":\"search_term_string\"}}],\"inLanguage\":\"es-ES\"},{\"@type\":\"Organization\",\"@id\":\"https:\/\/mobilitas.lat\/es\/#organization\",\"name\":\"OTM Editora\",\"url\":\"https:\/\/mobilitas.lat\/es\/\",\"logo\":{\"@type\":\"ImageObject\",\"inLanguage\":\"es-ES\",\"@id\":\"https:\/\/mobilitas.lat\/es\/#\/schema\/logo\/image\/\",\"url\":\"https:\/\/mobilitas.lat\/wp-content\/uploads\/2024\/03\/opengraph.png\",\"contentUrl\":\"https:\/\/mobilitas.lat\/wp-content\/uploads\/2024\/03\/opengraph.png\",\"width\":1200,\"height\":630,\"caption\":\"OTM Editora\"},\"image\":{\"@id\":\"https:\/\/mobilitas.lat\/es\/#\/schema\/logo\/image\/\"}},{\"@type\":\"Person\",\"@id\":\"https:\/\/mobilitas.lat\/es\/#\/schema\/person\/cae0d01ccbe855d1858d146e4c4d582d\",\"name\":\"Alexandre Asquini\",\"image\":{\"@type\":\"ImageObject\",\"inLanguage\":\"es-ES\",\"@id\":\"https:\/\/mobilitas.lat\/es\/#\/schema\/person\/image\/\",\"url\":\"https:\/\/secure.gravatar.com\/avatar\/aac99dbef1420f75cc7d86913eb8a7cdfbe13e2509ad7a45649a61414f6d2785?s=96&d=mm&r=g\",\"contentUrl\":\"https:\/\/secure.gravatar.com\/avatar\/aac99dbef1420f75cc7d86913eb8a7cdfbe13e2509ad7a45649a61414f6d2785?s=96&d=mm&r=g\",\"caption\":\"Alexandre Asquini\"}}]}<\/script>\n<!-- \/ Yoast SEO plugin. -->","yoast_head_json":{"title":"Un paso m\u00e1s en el proceso de licitaci\u00f3n de Ferrocarril Central de Uruguay | Mobilitas","robots":{"index":"index","follow":"follow","max-snippet":"max-snippet:-1","max-image-preview":"max-image-preview:large","max-video-preview":"max-video-preview:-1"},"canonical":"https:\/\/mobilitas.lat\/es\/2018\/09\/15\/un-paso-mas-en-el-proceso-de-licitacion-de-ferrocarril-central-de-uruguay\/","og_locale":"es_ES","og_type":"article","og_title":"Un paso m\u00e1s en el proceso de licitaci\u00f3n de Ferrocarril Central de Uruguay | Mobilitas","og_description":"El 4 setiembre 2018,\u00a0en la sede del Ministerio de Transporte y Obras P\u00fablicas de Uruguay,\u00a0se procedi\u00f3 a la apertura del sobre n\u00famero tres de la licitaci\u00f3n p\u00fablica internacional 35\/2017 \u2013 proyecto de Infraestructura Ferrocarril Central. El 4 setiembre 2018, en la sede del Ministerio de Transporte y Obras P\u00fablicas (MTOP) de Uruguay, en un acto [&hellip;]","og_url":"https:\/\/mobilitas.lat\/es\/2018\/09\/15\/un-paso-mas-en-el-proceso-de-licitacion-de-ferrocarril-central-de-uruguay\/","og_site_name":"Mobilitas","article_published_time":"2018-09-16T02:14:17+00:00","article_modified_time":"2018-09-16T02:24:43+00:00","og_image":[{"width":345,"height":193,"url":"https:\/\/storage.mobilitas.lat\/uploads\/2018\/09\/MOBILITAS-FERROCARRIL-CENTRAL-6-NOVA.png","type":"image\/png"}],"author":"Alexandre Asquini","twitter_card":"summary_large_image","twitter_misc":{"Written by":"Alexandre Asquini","Est. reading time":"2 minutes"},"schema":{"@context":"https:\/\/schema.org","@graph":[{"@type":"Article","@id":"https:\/\/mobilitas.lat\/es\/2018\/09\/15\/un-paso-mas-en-el-proceso-de-licitacion-de-ferrocarril-central-de-uruguay\/#article","isPartOf":{"@id":"https:\/\/mobilitas.lat\/es\/2018\/09\/15\/un-paso-mas-en-el-proceso-de-licitacion-de-ferrocarril-central-de-uruguay\/"},"author":{"name":"Alexandre Asquini","@id":"https:\/\/mobilitas.lat\/es\/#\/schema\/person\/cae0d01ccbe855d1858d146e4c4d582d"},"headline":"Un paso m\u00e1s en el proceso de licitaci\u00f3n de Ferrocarril Central de Uruguay","datePublished":"2018-09-16T02:14:17+00:00","dateModified":"2018-09-16T02:24:43+00:00","mainEntityOfPage":{"@id":"https:\/\/mobilitas.lat\/es\/2018\/09\/15\/un-paso-mas-en-el-proceso-de-licitacion-de-ferrocarril-central-de-uruguay\/"},"wordCount":394,"publisher":{"@id":"https:\/\/mobilitas.lat\/es\/#organization"},"image":{"@id":"https:\/\/mobilitas.lat\/es\/2018\/09\/15\/un-paso-mas-en-el-proceso-de-licitacion-de-ferrocarril-central-de-uruguay\/#primaryimage"},"thumbnailUrl":"https:\/\/storage.mobilitas.lat\/uploads\/2018\/09\/MOBILITAS-FERROCARRIL-CENTRAL-6-NOVA.png","keywords":["FERROCARRIL CENTRAL","Montevideo","Uruguay"],"articleSection":["Notas","Radar"],"inLanguage":"es-ES"},{"@type":"WebPage","@id":"https:\/\/mobilitas.lat\/es\/2018\/09\/15\/un-paso-mas-en-el-proceso-de-licitacion-de-ferrocarril-central-de-uruguay\/","url":"https:\/\/mobilitas.lat\/es\/2018\/09\/15\/un-paso-mas-en-el-proceso-de-licitacion-de-ferrocarril-central-de-uruguay\/","name":"Un paso m\u00e1s en el proceso de licitaci\u00f3n de Ferrocarril Central de Uruguay | Mobilitas","isPartOf":{"@id":"https:\/\/mobilitas.lat\/es\/#website"},"primaryImageOfPage":{"@id":"https:\/\/mobilitas.lat\/es\/2018\/09\/15\/un-paso-mas-en-el-proceso-de-licitacion-de-ferrocarril-central-de-uruguay\/#primaryimage"},"image":{"@id":"https:\/\/mobilitas.lat\/es\/2018\/09\/15\/un-paso-mas-en-el-proceso-de-licitacion-de-ferrocarril-central-de-uruguay\/#primaryimage"},"thumbnailUrl":"https:\/\/storage.mobilitas.lat\/uploads\/2018\/09\/MOBILITAS-FERROCARRIL-CENTRAL-6-NOVA.png","datePublished":"2018-09-16T02:14:17+00:00","dateModified":"2018-09-16T02:24:43+00:00","breadcrumb":{"@id":"https:\/\/mobilitas.lat\/es\/2018\/09\/15\/un-paso-mas-en-el-proceso-de-licitacion-de-ferrocarril-central-de-uruguay\/#breadcrumb"},"inLanguage":"es-ES","potentialAction":[{"@type":"ReadAction","target":["https:\/\/mobilitas.lat\/es\/2018\/09\/15\/un-paso-mas-en-el-proceso-de-licitacion-de-ferrocarril-central-de-uruguay\/"]}]},{"@type":"ImageObject","inLanguage":"es-ES","@id":"https:\/\/mobilitas.lat\/es\/2018\/09\/15\/un-paso-mas-en-el-proceso-de-licitacion-de-ferrocarril-central-de-uruguay\/#primaryimage","url":"https:\/\/storage.mobilitas.lat\/uploads\/2018\/09\/MOBILITAS-FERROCARRIL-CENTRAL-6-NOVA.png","contentUrl":"https:\/\/storage.mobilitas.lat\/uploads\/2018\/09\/MOBILITAS-FERROCARRIL-CENTRAL-6-NOVA.png","width":345,"height":193},{"@type":"BreadcrumbList","@id":"https:\/\/mobilitas.lat\/es\/2018\/09\/15\/un-paso-mas-en-el-proceso-de-licitacion-de-ferrocarril-central-de-uruguay\/#breadcrumb","itemListElement":[{"@type":"ListItem","position":1,"name":"In\u00edcio","item":"https:\/\/mobilitas.lat\/es\/"},{"@type":"ListItem","position":2,"name":"Un paso m\u00e1s en el proceso de licitaci\u00f3n de Ferrocarril Central de Uruguay"}]},{"@type":"WebSite","@id":"https:\/\/mobilitas.lat\/es\/#website","url":"https:\/\/mobilitas.lat\/es\/","name":"Mobilitas","description":"Tecnologia e Mobilidade Urbana na Am\u00e9rica Latina","publisher":{"@id":"https:\/\/mobilitas.lat\/es\/#organization"},"potentialAction":[{"@type":"SearchAction","target":{"@type":"EntryPoint","urlTemplate":"https:\/\/mobilitas.lat\/es\/?s={search_term_string}"},"query-input":{"@type":"PropertyValueSpecification","valueRequired":true,"valueName":"search_term_string"}}],"inLanguage":"es-ES"},{"@type":"Organization","@id":"https:\/\/mobilitas.lat\/es\/#organization","name":"OTM Editora","url":"https:\/\/mobilitas.lat\/es\/","logo":{"@type":"ImageObject","inLanguage":"es-ES","@id":"https:\/\/mobilitas.lat\/es\/#\/schema\/logo\/image\/","url":"https:\/\/mobilitas.lat\/wp-content\/uploads\/2024\/03\/opengraph.png","contentUrl":"https:\/\/mobilitas.lat\/wp-content\/uploads\/2024\/03\/opengraph.png","width":1200,"height":630,"caption":"OTM Editora"},"image":{"@id":"https:\/\/mobilitas.lat\/es\/#\/schema\/logo\/image\/"}},{"@type":"Person","@id":"https:\/\/mobilitas.lat\/es\/#\/schema\/person\/cae0d01ccbe855d1858d146e4c4d582d","name":"Alexandre Asquini","image":{"@type":"ImageObject","inLanguage":"es-ES","@id":"https:\/\/mobilitas.lat\/es\/#\/schema\/person\/image\/","url":"https:\/\/secure.gravatar.com\/avatar\/aac99dbef1420f75cc7d86913eb8a7cdfbe13e2509ad7a45649a61414f6d2785?s=96&d=mm&r=g","contentUrl":"https:\/\/secure.gravatar.com\/avatar\/aac99dbef1420f75cc7d86913eb8a7cdfbe13e2509ad7a45649a61414f6d2785?s=96&d=mm&r=g","caption":"Alexandre Asquini"}}]}},"_links":{"self":[{"href":"https:\/\/mobilitas.lat\/es\/wp-json\/wp\/v2\/posts\/2379","targetHints":{"allow":["GET"]}}],"collection":[{"href":"https:\/\/mobilitas.lat\/es\/wp-json\/wp\/v2\/posts"}],"about":[{"href":"https:\/\/mobilitas.lat\/es\/wp-json\/wp\/v2\/types\/post"}],"author":[{"embeddable":true,"href":"https:\/\/mobilitas.lat\/es\/wp-json\/wp\/v2\/users\/2"}],"replies":[{"embeddable":true,"href":"https:\/\/mobilitas.lat\/es\/wp-json\/wp\/v2\/comments?post=2379"}],"version-history":[{"count":4,"href":"https:\/\/mobilitas.lat\/es\/wp-json\/wp\/v2\/posts\/2379\/revisions"}],"predecessor-version":[{"id":2389,"href":"https:\/\/mobilitas.lat\/es\/wp-json\/wp\/v2\/posts\/2379\/revisions\/2389"}],"wp:featuredmedia":[{"embeddable":true,"href":"https:\/\/mobilitas.lat\/es\/wp-json\/wp\/v2\/media\/2386"}],"wp:attachment":[{"href":"https:\/\/mobilitas.lat\/es\/wp-json\/wp\/v2\/media?parent=2379"}],"wp:term":[{"taxonomy":"category","embeddable":true,"href":"https:\/\/mobilitas.lat\/es\/wp-json\/wp\/v2\/categories?post=2379"},{"taxonomy":"post_tag","embeddable":true,"href":"https:\/\/mobilitas.lat\/es\/wp-json\/wp\/v2\/tags?post=2379"}],"curies":[{"name":"wp","href":"https:\/\/api.w.org\/{rel}","templated":true}]}}