{"id":2238,"date":"2018-09-01T15:33:27","date_gmt":"2018-09-01T18:33:27","guid":{"rendered":"https:\/\/mobilitas.lat\/2018\/09\/01\/bucaramanga-y-cipolleti-las-ganadoras-2\/"},"modified":"2018-09-01T15:40:18","modified_gmt":"2018-09-01T18:40:18","slug":"bucaramanga-y-cipolleti-las-ganadoras-2","status":"publish","type":"post","link":"https:\/\/mobilitas.lat\/es\/2018\/09\/01\/bucaramanga-y-cipolleti-las-ganadoras-2\/","title":{"rendered":"Bucaramanga y Cipolleti, las ganadoras"},"content":{"rendered":"<p>El 30 de agosto de 2018, en Buenos Aires, durante el segundo Congreso Internacional de Urbanismo y Movilidad, \u00a0el Gobierno de la Ciudad de Buenos Aires y el Banco Interamericano de Desarrollo (BID) anunciaron que las ciudades Bucaramanga,\u00a0 Colombia, y Cipolleti, Argentina, ganaron la segunda edici\u00f3n del concurso internacional <em>Ciudad para las personas<\/em>.<\/p>\n<p>Bucaramanga gan\u00f3 la categor\u00eda <em>Revivir la Ciudad<\/em>, con una propuesta para la reactivaci\u00f3n urbana del centro hist\u00f3rico de la ciudad que reconfigura el uso digno del suelo y articula el patrimonio arquitect\u00f3nico de la zona.<\/p>\n<p>En la categor\u00eda <em>Movilidad Sustentable<\/em>, gan\u00f3 la ciudad de Cipolleti, Provincia del R\u00edo Negro, en la regi\u00f3n de la Patagonia, Argentina, con una propuesta para implementar un <em>Plan de Movilidad Sustentable<\/em>, que incluye los puntos m\u00e1s importantes de la ciudad utilizados por j\u00f3venes, segmento que hoy ya tiene incorporada la bicicleta como medio de transporte.<\/p>\n<p><strong>SAN JOS\u00c9 Y DUQUE DE CAXIAS: MENCIONES ESPECIALES<\/strong><\/p>\n<p>Recibi\u00f3 una menci\u00f3n especial en la categor\u00eda <em>Revivir la Ciudad<\/em> la ciudad de San Jos\u00e9, Costa Rica, con una propuesta para convertir a Barrio Escalante en una \u201czona 30\u201d, con aceras m\u00e1s amplias y de mayor calidad, delimitaci\u00f3n f\u00edsica de espacios de parqueo y protecci\u00f3n del peat\u00f3n con cruces a nivel.<\/p>\n<p>En la categor\u00eda de <em>Movilidad Sustentable<\/em>, la menci\u00f3n especial fue para la ciudad de Duque Caxias, Brasil, con una propuesta enfocada en la recalificaci\u00f3n de la Estaci\u00f3n de Imbari\u00ea, que se transformar\u00eda en una Estaci\u00f3n Intermodal Multifuncional, con una terminal de buses y un bicicletero.<\/p>\n<p><strong>CIUDADES M\u00c1S HUMANAS Y SOSTENIBLES<\/strong><\/p>\n<p>Fernando Straface, Secretario General y de Relaciones Internacionales de la Ciudad de Buenos Aires, dijo: \u201cLa cantidad y calidad de las propuestas recibidas nos demuestran que el enorme inter\u00e9s de las ciudades de Am\u00e9rica Latina y el Caribe para pensar ciudades m\u00e1s humanas y sostenibles\u201d.<\/p>\n<p>Las ciudades ganadoras participar\u00e1n de un taller de trabajo conjunto para presentar y discutir el proyecto con especialistas en urbanismo y movilidad sustentable. A su vez, las ciudades galardonadas integrar\u00e1n la Red de Ciudades impulsada por el BID.<\/p>\n<p>El concurso internacional \u201cCiudad para las Personas\u201d, dirigido a ciudades de Latinoam\u00e9rica y el Caribe de entre 50 mil y 1 mill\u00f3n de habitantes, premia propuestas de los Poderes Ejecutivos locales para construir ciudades sustentables y a escala humana. En la segunda edici\u00f3n, se postularon 45 proyectos de ciudades de M\u00e9xico, Costa Rica, Honduras, Colombia, Ecuador, Bolivia, Per\u00fa, Brasil, Chile y la Argentina.<\/p>\n<p>Juan Jos\u00e9 Mendez, secretario de Transporte de la Ciudad de Buenos Aires, afirm\u00f3: \u201cLas grandes ciudades del mundo generan cada vez m\u00e1s lugares a escala humana que promueven el disfrute del espacio p\u00fablico y ponen lo colectivo por sobre lo individual. Esa es la direcci\u00f3n que eligieron tomar con sus proyectos las ciudades ganadoras: ubicaron a las personas como las verdaderas protagonistas\u201d,<\/p>\n<p>El jurado del concurso estuvo integrado por el Secretario de Trasporte de la Ciudad de Buenos Aires, Juan Jos\u00e9 M\u00e9ndez; Francisca Rojas, especialista senior en Desarrollo Urbano y Vivienda; Juan Manuel Leano, especialista principal en Transporte del BID; Guillermo Tella, Arquitecto y Doctor en Urbanismo, Director Ejecutivo del Consejo de Planeamiento Estrat\u00e9gico; y Augusto Penedo, presidente del Consejo Profesional de Arquitectura y Urbanismo.<\/p>\n","protected":false},"excerpt":{"rendered":"<p>El 30 de agosto de 2018, en Buenos Aires, durante el segundo Congreso Internacional de Urbanismo y Movilidad, \u00a0el Gobierno de la Ciudad de Buenos Aires y el Banco Interamericano de Desarrollo (BID) anunciaron que las ciudades Bucaramanga,\u00a0 Colombia, y Cipolleti, Argentina, ganaron la segunda edici\u00f3n del concurso internacional Ciudad para las personas. Bucaramanga gan\u00f3 [&hellip;]<\/p>\n","protected":false},"author":2,"featured_media":2217,"comment_status":"closed","ping_status":"closed","sticky":false,"template":"","format":"standard","meta":{"footnotes":""},"categories":[287],"tags":[313,435,323,432,315,433,311,431,429,436,170,428,430],"class_list":["post-2238","post","type-post","status-publish","format-standard","has-post-thumbnail","hentry","category-notas","tag-argentina-es","tag-banco-interamericano-de-desarollo","tag-brasil-es","tag-bucaramanga","tag-buenos-aires-es","tag-cipolletti","tag-colombia-es","tag-costa-rica","tag-duque-de-caxias","tag-lujan","tag-peru","tag-san-isidro","tag-san-jose"],"yoast_head":"<!-- This site is optimized with the Yoast SEO plugin v26.9 - https:\/\/yoast.com\/product\/yoast-seo-wordpress\/ -->\n<title>Bucaramanga y Cipolleti, las ganadoras | Mobilitas<\/title>\n<meta name=\"robots\" content=\"index, follow, max-snippet:-1, max-image-preview:large, max-video-preview:-1\" \/>\n<link rel=\"canonical\" href=\"https:\/\/mobilitas.lat\/es\/2018\/09\/01\/bucaramanga-y-cipolleti-las-ganadoras-2\/\" \/>\n<meta property=\"og:locale\" content=\"es_ES\" \/>\n<meta property=\"og:type\" content=\"article\" \/>\n<meta property=\"og:title\" content=\"Bucaramanga y Cipolleti, las ganadoras | Mobilitas\" \/>\n<meta property=\"og:description\" content=\"El 30 de agosto de 2018, en Buenos Aires, durante el segundo Congreso Internacional de Urbanismo y Movilidad, \u00a0el Gobierno de la Ciudad de Buenos Aires y el Banco Interamericano de Desarrollo (BID) anunciaron que las ciudades Bucaramanga,\u00a0 Colombia, y Cipolleti, Argentina, ganaron la segunda edici\u00f3n del concurso internacional Ciudad para las personas. Bucaramanga gan\u00f3 [&hellip;]\" \/>\n<meta property=\"og:url\" content=\"https:\/\/mobilitas.lat\/es\/2018\/09\/01\/bucaramanga-y-cipolleti-las-ganadoras-2\/\" \/>\n<meta property=\"og:site_name\" content=\"Mobilitas\" \/>\n<meta property=\"article:published_time\" content=\"2018-09-01T18:33:27+00:00\" \/>\n<meta property=\"article:modified_time\" content=\"2018-09-01T18:40:18+00:00\" \/>\n<meta property=\"og:image\" content=\"https:\/\/storage.mobilitas.lat\/uploads\/2018\/09\/MOBILITASVENCEDORES2CONCURSOCIDADESPARAPESSOAS.jpg\" \/>\n\t<meta property=\"og:image:width\" content=\"571\" \/>\n\t<meta property=\"og:image:height\" content=\"329\" \/>\n\t<meta property=\"og:image:type\" content=\"image\/jpeg\" \/>\n<meta name=\"author\" content=\"Alexandre Asquini\" \/>\n<meta name=\"twitter:card\" content=\"summary_large_image\" \/>\n<meta name=\"twitter:label1\" content=\"Written by\" \/>\n\t<meta name=\"twitter:data1\" content=\"Alexandre Asquini\" \/>\n\t<meta name=\"twitter:label2\" content=\"Est. reading time\" \/>\n\t<meta name=\"twitter:data2\" content=\"3 minutes\" \/>\n<script type=\"application\/ld+json\" class=\"yoast-schema-graph\">{\"@context\":\"https:\/\/schema.org\",\"@graph\":[{\"@type\":\"Article\",\"@id\":\"https:\/\/mobilitas.lat\/es\/2018\/09\/01\/bucaramanga-y-cipolleti-las-ganadoras-2\/#article\",\"isPartOf\":{\"@id\":\"https:\/\/mobilitas.lat\/es\/2018\/09\/01\/bucaramanga-y-cipolleti-las-ganadoras-2\/\"},\"author\":{\"name\":\"Alexandre Asquini\",\"@id\":\"https:\/\/mobilitas.lat\/es\/#\/schema\/person\/cae0d01ccbe855d1858d146e4c4d582d\"},\"headline\":\"Bucaramanga y Cipolleti, las ganadoras\",\"datePublished\":\"2018-09-01T18:33:27+00:00\",\"dateModified\":\"2018-09-01T18:40:18+00:00\",\"mainEntityOfPage\":{\"@id\":\"https:\/\/mobilitas.lat\/es\/2018\/09\/01\/bucaramanga-y-cipolleti-las-ganadoras-2\/\"},\"wordCount\":560,\"publisher\":{\"@id\":\"https:\/\/mobilitas.lat\/es\/#organization\"},\"image\":{\"@id\":\"https:\/\/mobilitas.lat\/es\/2018\/09\/01\/bucaramanga-y-cipolleti-las-ganadoras-2\/#primaryimage\"},\"thumbnailUrl\":\"https:\/\/storage.mobilitas.lat\/uploads\/2018\/09\/MOBILITASVENCEDORES2CONCURSOCIDADESPARAPESSOAS.jpg\",\"keywords\":[\"ARGENTINA\",\"BANCO INTERAMERICANO DE DESAROLLO\",\"BRASIL\",\"BUCARAMANGA\",\"BUENOS AIRES\",\"CIPOLLETTI\",\"Colombia\",\"COSTA RICA\",\"DUQUE DE CAXIAS\",\"LUJ\u00c1N\",\"PERU\",\"SAN ISIDRO\",\"SAN JOS\u00c9\"],\"articleSection\":[\"Notas\"],\"inLanguage\":\"es-ES\"},{\"@type\":\"WebPage\",\"@id\":\"https:\/\/mobilitas.lat\/es\/2018\/09\/01\/bucaramanga-y-cipolleti-las-ganadoras-2\/\",\"url\":\"https:\/\/mobilitas.lat\/es\/2018\/09\/01\/bucaramanga-y-cipolleti-las-ganadoras-2\/\",\"name\":\"Bucaramanga y Cipolleti, las ganadoras | Mobilitas\",\"isPartOf\":{\"@id\":\"https:\/\/mobilitas.lat\/es\/#website\"},\"primaryImageOfPage\":{\"@id\":\"https:\/\/mobilitas.lat\/es\/2018\/09\/01\/bucaramanga-y-cipolleti-las-ganadoras-2\/#primaryimage\"},\"image\":{\"@id\":\"https:\/\/mobilitas.lat\/es\/2018\/09\/01\/bucaramanga-y-cipolleti-las-ganadoras-2\/#primaryimage\"},\"thumbnailUrl\":\"https:\/\/storage.mobilitas.lat\/uploads\/2018\/09\/MOBILITASVENCEDORES2CONCURSOCIDADESPARAPESSOAS.jpg\",\"datePublished\":\"2018-09-01T18:33:27+00:00\",\"dateModified\":\"2018-09-01T18:40:18+00:00\",\"breadcrumb\":{\"@id\":\"https:\/\/mobilitas.lat\/es\/2018\/09\/01\/bucaramanga-y-cipolleti-las-ganadoras-2\/#breadcrumb\"},\"inLanguage\":\"es-ES\",\"potentialAction\":[{\"@type\":\"ReadAction\",\"target\":[\"https:\/\/mobilitas.lat\/es\/2018\/09\/01\/bucaramanga-y-cipolleti-las-ganadoras-2\/\"]}]},{\"@type\":\"ImageObject\",\"inLanguage\":\"es-ES\",\"@id\":\"https:\/\/mobilitas.lat\/es\/2018\/09\/01\/bucaramanga-y-cipolleti-las-ganadoras-2\/#primaryimage\",\"url\":\"https:\/\/storage.mobilitas.lat\/uploads\/2018\/09\/MOBILITASVENCEDORES2CONCURSOCIDADESPARAPESSOAS.jpg\",\"contentUrl\":\"https:\/\/storage.mobilitas.lat\/uploads\/2018\/09\/MOBILITASVENCEDORES2CONCURSOCIDADESPARAPESSOAS.jpg\",\"width\":571,\"height\":329,\"caption\":\"Anuncio de los ganadores. Foto: GCBA\"},{\"@type\":\"BreadcrumbList\",\"@id\":\"https:\/\/mobilitas.lat\/es\/2018\/09\/01\/bucaramanga-y-cipolleti-las-ganadoras-2\/#breadcrumb\",\"itemListElement\":[{\"@type\":\"ListItem\",\"position\":1,\"name\":\"In\u00edcio\",\"item\":\"https:\/\/mobilitas.lat\/es\/\"},{\"@type\":\"ListItem\",\"position\":2,\"name\":\"Bucaramanga y Cipolleti, las ganadoras\"}]},{\"@type\":\"WebSite\",\"@id\":\"https:\/\/mobilitas.lat\/es\/#website\",\"url\":\"https:\/\/mobilitas.lat\/es\/\",\"name\":\"Mobilitas\",\"description\":\"Tecnologia e Mobilidade Urbana na Am\u00e9rica Latina\",\"publisher\":{\"@id\":\"https:\/\/mobilitas.lat\/es\/#organization\"},\"potentialAction\":[{\"@type\":\"SearchAction\",\"target\":{\"@type\":\"EntryPoint\",\"urlTemplate\":\"https:\/\/mobilitas.lat\/es\/?s={search_term_string}\"},\"query-input\":{\"@type\":\"PropertyValueSpecification\",\"valueRequired\":true,\"valueName\":\"search_term_string\"}}],\"inLanguage\":\"es-ES\"},{\"@type\":\"Organization\",\"@id\":\"https:\/\/mobilitas.lat\/es\/#organization\",\"name\":\"OTM Editora\",\"url\":\"https:\/\/mobilitas.lat\/es\/\",\"logo\":{\"@type\":\"ImageObject\",\"inLanguage\":\"es-ES\",\"@id\":\"https:\/\/mobilitas.lat\/es\/#\/schema\/logo\/image\/\",\"url\":\"https:\/\/mobilitas.lat\/wp-content\/uploads\/2024\/03\/opengraph.png\",\"contentUrl\":\"https:\/\/mobilitas.lat\/wp-content\/uploads\/2024\/03\/opengraph.png\",\"width\":1200,\"height\":630,\"caption\":\"OTM Editora\"},\"image\":{\"@id\":\"https:\/\/mobilitas.lat\/es\/#\/schema\/logo\/image\/\"}},{\"@type\":\"Person\",\"@id\":\"https:\/\/mobilitas.lat\/es\/#\/schema\/person\/cae0d01ccbe855d1858d146e4c4d582d\",\"name\":\"Alexandre Asquini\",\"image\":{\"@type\":\"ImageObject\",\"inLanguage\":\"es-ES\",\"@id\":\"https:\/\/mobilitas.lat\/es\/#\/schema\/person\/image\/\",\"url\":\"https:\/\/secure.gravatar.com\/avatar\/aac99dbef1420f75cc7d86913eb8a7cdfbe13e2509ad7a45649a61414f6d2785?s=96&d=mm&r=g\",\"contentUrl\":\"https:\/\/secure.gravatar.com\/avatar\/aac99dbef1420f75cc7d86913eb8a7cdfbe13e2509ad7a45649a61414f6d2785?s=96&d=mm&r=g\",\"caption\":\"Alexandre Asquini\"}}]}<\/script>\n<!-- \/ Yoast SEO plugin. -->","yoast_head_json":{"title":"Bucaramanga y Cipolleti, las ganadoras | Mobilitas","robots":{"index":"index","follow":"follow","max-snippet":"max-snippet:-1","max-image-preview":"max-image-preview:large","max-video-preview":"max-video-preview:-1"},"canonical":"https:\/\/mobilitas.lat\/es\/2018\/09\/01\/bucaramanga-y-cipolleti-las-ganadoras-2\/","og_locale":"es_ES","og_type":"article","og_title":"Bucaramanga y Cipolleti, las ganadoras | Mobilitas","og_description":"El 30 de agosto de 2018, en Buenos Aires, durante el segundo Congreso Internacional de Urbanismo y Movilidad, \u00a0el Gobierno de la Ciudad de Buenos Aires y el Banco Interamericano de Desarrollo (BID) anunciaron que las ciudades Bucaramanga,\u00a0 Colombia, y Cipolleti, Argentina, ganaron la segunda edici\u00f3n del concurso internacional Ciudad para las personas. Bucaramanga gan\u00f3 [&hellip;]","og_url":"https:\/\/mobilitas.lat\/es\/2018\/09\/01\/bucaramanga-y-cipolleti-las-ganadoras-2\/","og_site_name":"Mobilitas","article_published_time":"2018-09-01T18:33:27+00:00","article_modified_time":"2018-09-01T18:40:18+00:00","og_image":[{"width":571,"height":329,"url":"https:\/\/storage.mobilitas.lat\/uploads\/2018\/09\/MOBILITASVENCEDORES2CONCURSOCIDADESPARAPESSOAS.jpg","type":"image\/jpeg"}],"author":"Alexandre Asquini","twitter_card":"summary_large_image","twitter_misc":{"Written by":"Alexandre Asquini","Est. reading time":"3 minutes"},"schema":{"@context":"https:\/\/schema.org","@graph":[{"@type":"Article","@id":"https:\/\/mobilitas.lat\/es\/2018\/09\/01\/bucaramanga-y-cipolleti-las-ganadoras-2\/#article","isPartOf":{"@id":"https:\/\/mobilitas.lat\/es\/2018\/09\/01\/bucaramanga-y-cipolleti-las-ganadoras-2\/"},"author":{"name":"Alexandre Asquini","@id":"https:\/\/mobilitas.lat\/es\/#\/schema\/person\/cae0d01ccbe855d1858d146e4c4d582d"},"headline":"Bucaramanga y Cipolleti, las ganadoras","datePublished":"2018-09-01T18:33:27+00:00","dateModified":"2018-09-01T18:40:18+00:00","mainEntityOfPage":{"@id":"https:\/\/mobilitas.lat\/es\/2018\/09\/01\/bucaramanga-y-cipolleti-las-ganadoras-2\/"},"wordCount":560,"publisher":{"@id":"https:\/\/mobilitas.lat\/es\/#organization"},"image":{"@id":"https:\/\/mobilitas.lat\/es\/2018\/09\/01\/bucaramanga-y-cipolleti-las-ganadoras-2\/#primaryimage"},"thumbnailUrl":"https:\/\/storage.mobilitas.lat\/uploads\/2018\/09\/MOBILITASVENCEDORES2CONCURSOCIDADESPARAPESSOAS.jpg","keywords":["ARGENTINA","BANCO INTERAMERICANO DE DESAROLLO","BRASIL","BUCARAMANGA","BUENOS AIRES","CIPOLLETTI","Colombia","COSTA RICA","DUQUE DE CAXIAS","LUJ\u00c1N","PERU","SAN ISIDRO","SAN JOS\u00c9"],"articleSection":["Notas"],"inLanguage":"es-ES"},{"@type":"WebPage","@id":"https:\/\/mobilitas.lat\/es\/2018\/09\/01\/bucaramanga-y-cipolleti-las-ganadoras-2\/","url":"https:\/\/mobilitas.lat\/es\/2018\/09\/01\/bucaramanga-y-cipolleti-las-ganadoras-2\/","name":"Bucaramanga y Cipolleti, las ganadoras | Mobilitas","isPartOf":{"@id":"https:\/\/mobilitas.lat\/es\/#website"},"primaryImageOfPage":{"@id":"https:\/\/mobilitas.lat\/es\/2018\/09\/01\/bucaramanga-y-cipolleti-las-ganadoras-2\/#primaryimage"},"image":{"@id":"https:\/\/mobilitas.lat\/es\/2018\/09\/01\/bucaramanga-y-cipolleti-las-ganadoras-2\/#primaryimage"},"thumbnailUrl":"https:\/\/storage.mobilitas.lat\/uploads\/2018\/09\/MOBILITASVENCEDORES2CONCURSOCIDADESPARAPESSOAS.jpg","datePublished":"2018-09-01T18:33:27+00:00","dateModified":"2018-09-01T18:40:18+00:00","breadcrumb":{"@id":"https:\/\/mobilitas.lat\/es\/2018\/09\/01\/bucaramanga-y-cipolleti-las-ganadoras-2\/#breadcrumb"},"inLanguage":"es-ES","potentialAction":[{"@type":"ReadAction","target":["https:\/\/mobilitas.lat\/es\/2018\/09\/01\/bucaramanga-y-cipolleti-las-ganadoras-2\/"]}]},{"@type":"ImageObject","inLanguage":"es-ES","@id":"https:\/\/mobilitas.lat\/es\/2018\/09\/01\/bucaramanga-y-cipolleti-las-ganadoras-2\/#primaryimage","url":"https:\/\/storage.mobilitas.lat\/uploads\/2018\/09\/MOBILITASVENCEDORES2CONCURSOCIDADESPARAPESSOAS.jpg","contentUrl":"https:\/\/storage.mobilitas.lat\/uploads\/2018\/09\/MOBILITASVENCEDORES2CONCURSOCIDADESPARAPESSOAS.jpg","width":571,"height":329,"caption":"Anuncio de los ganadores. Foto: GCBA"},{"@type":"BreadcrumbList","@id":"https:\/\/mobilitas.lat\/es\/2018\/09\/01\/bucaramanga-y-cipolleti-las-ganadoras-2\/#breadcrumb","itemListElement":[{"@type":"ListItem","position":1,"name":"In\u00edcio","item":"https:\/\/mobilitas.lat\/es\/"},{"@type":"ListItem","position":2,"name":"Bucaramanga y Cipolleti, las ganadoras"}]},{"@type":"WebSite","@id":"https:\/\/mobilitas.lat\/es\/#website","url":"https:\/\/mobilitas.lat\/es\/","name":"Mobilitas","description":"Tecnologia e Mobilidade Urbana na Am\u00e9rica Latina","publisher":{"@id":"https:\/\/mobilitas.lat\/es\/#organization"},"potentialAction":[{"@type":"SearchAction","target":{"@type":"EntryPoint","urlTemplate":"https:\/\/mobilitas.lat\/es\/?s={search_term_string}"},"query-input":{"@type":"PropertyValueSpecification","valueRequired":true,"valueName":"search_term_string"}}],"inLanguage":"es-ES"},{"@type":"Organization","@id":"https:\/\/mobilitas.lat\/es\/#organization","name":"OTM Editora","url":"https:\/\/mobilitas.lat\/es\/","logo":{"@type":"ImageObject","inLanguage":"es-ES","@id":"https:\/\/mobilitas.lat\/es\/#\/schema\/logo\/image\/","url":"https:\/\/mobilitas.lat\/wp-content\/uploads\/2024\/03\/opengraph.png","contentUrl":"https:\/\/mobilitas.lat\/wp-content\/uploads\/2024\/03\/opengraph.png","width":1200,"height":630,"caption":"OTM Editora"},"image":{"@id":"https:\/\/mobilitas.lat\/es\/#\/schema\/logo\/image\/"}},{"@type":"Person","@id":"https:\/\/mobilitas.lat\/es\/#\/schema\/person\/cae0d01ccbe855d1858d146e4c4d582d","name":"Alexandre Asquini","image":{"@type":"ImageObject","inLanguage":"es-ES","@id":"https:\/\/mobilitas.lat\/es\/#\/schema\/person\/image\/","url":"https:\/\/secure.gravatar.com\/avatar\/aac99dbef1420f75cc7d86913eb8a7cdfbe13e2509ad7a45649a61414f6d2785?s=96&d=mm&r=g","contentUrl":"https:\/\/secure.gravatar.com\/avatar\/aac99dbef1420f75cc7d86913eb8a7cdfbe13e2509ad7a45649a61414f6d2785?s=96&d=mm&r=g","caption":"Alexandre Asquini"}}]}},"_links":{"self":[{"href":"https:\/\/mobilitas.lat\/es\/wp-json\/wp\/v2\/posts\/2238","targetHints":{"allow":["GET"]}}],"collection":[{"href":"https:\/\/mobilitas.lat\/es\/wp-json\/wp\/v2\/posts"}],"about":[{"href":"https:\/\/mobilitas.lat\/es\/wp-json\/wp\/v2\/types\/post"}],"author":[{"embeddable":true,"href":"https:\/\/mobilitas.lat\/es\/wp-json\/wp\/v2\/users\/2"}],"replies":[{"embeddable":true,"href":"https:\/\/mobilitas.lat\/es\/wp-json\/wp\/v2\/comments?post=2238"}],"version-history":[{"count":3,"href":"https:\/\/mobilitas.lat\/es\/wp-json\/wp\/v2\/posts\/2238\/revisions"}],"predecessor-version":[{"id":2241,"href":"https:\/\/mobilitas.lat\/es\/wp-json\/wp\/v2\/posts\/2238\/revisions\/2241"}],"wp:featuredmedia":[{"embeddable":true,"href":"https:\/\/mobilitas.lat\/es\/wp-json\/wp\/v2\/media\/2217"}],"wp:attachment":[{"href":"https:\/\/mobilitas.lat\/es\/wp-json\/wp\/v2\/media?parent=2238"}],"wp:term":[{"taxonomy":"category","embeddable":true,"href":"https:\/\/mobilitas.lat\/es\/wp-json\/wp\/v2\/categories?post=2238"},{"taxonomy":"post_tag","embeddable":true,"href":"https:\/\/mobilitas.lat\/es\/wp-json\/wp\/v2\/tags?post=2238"}],"curies":[{"name":"wp","href":"https:\/\/api.w.org\/{rel}","templated":true}]}}