{"id":18716,"date":"2023-08-27T14:41:57","date_gmt":"2023-08-27T17:41:57","guid":{"rendered":"https:\/\/mobilitas.lat\/?p=18716"},"modified":"2023-08-27T14:42:03","modified_gmt":"2023-08-27T17:42:03","slug":"chile-adopta-buses-de-dos-pisos","status":"publish","type":"post","link":"https:\/\/mobilitas.lat\/es\/2023\/08\/27\/chile-adopta-buses-de-dos-pisos\/","title":{"rendered":"Chile adopta buses de dos pisos"},"content":{"rendered":"\n<figure class=\"wp-block-image size-large\"><img loading=\"lazy\" decoding=\"async\" width=\"688\" height=\"350\" src=\"https:\/\/storage.mobilitas.lat\/uploads\/2023\/08\/MOBILITAS-CHILE-ONIBUS-DE-DOIS-ANDARES-BYD.jpg\" alt=\"\" class=\"wp-image-18713\" srcset=\"https:\/\/storage.mobilitas.lat\/uploads\/2023\/08\/MOBILITAS-CHILE-ONIBUS-DE-DOIS-ANDARES-BYD.jpg 688w, https:\/\/storage.mobilitas.lat\/uploads\/2023\/08\/MOBILITAS-CHILE-ONIBUS-DE-DOIS-ANDARES-BYD-300x153.jpg 300w\" sizes=\"auto, (max-width: 688px) 100vw, 688px\" \/><\/figure>\n\n\n\n<p>En la segunda quincena de agosto de 2023, el gobierno chileno present\u00f3 los primeros buses el\u00e9ctricos de dos pisos, fabricados por BYD, que se integrar\u00e1n en forma regular a la flota de RED Movilidad \u2013 que act\u00faa en la regi\u00f3n metropolitana de Santiago, la capital del pa\u00eds \u2013 a trav\u00e9s del operador Metbus.<\/p>\n\n\n\n<p>A partir del \u00faltimo trimestre de este a\u00f1o, el sistema sumar\u00e1 a su operaci\u00f3n los dichos veh\u00edculos, similares a los que circulan en Singapur, Hong Kong, Londres y algunas ciudades de China.<\/p>\n\n\n\n<p>Dentro de sus principales caracter\u00edsticas, est\u00e1n sus 12 metros de largo y 4,17 de alto; capacidad para transportar un total de 100 pasajeros, 70 de ellos sentados; aire acondicionado, c\u00e1maras de seguridad en el primer y segundo piso; puertos USB y wifi.<\/p>\n\n\n\n<p><strong>HIST\u00d3RICO<\/strong><\/p>\n\n\n\n<p>A fines de 2016 e inicios de 2017, en Santiago se realizaron pilotos de buses de dos pisos para el transporte p\u00fablico. En esa oportunidad, la evaluaci\u00f3n de la experiencia arroj\u00f3 que los usuarios calificaron ese servicio con nota 6,7 (en escala de 1 a 7) y un 74,7% de los entrevistados lo calific\u00f3 con nota 7.<\/p>\n\n\n\n<p>Entre las principales razones para esa calificaci\u00f3n, resaltaron la comodidad y la sensaci\u00f3n de mayor espacio y modernidad.<\/p>\n\n\n\n<p>Adem\u00e1s, los usuarios destacaron la sensaci\u00f3n de seguridad y estabilidad del bus, junto con valorar la mayor cantidad de asientos.<\/p>\n\n\n\n<p><strong>SEGURIDAD Y RENDIMIENTO<\/strong><\/p>\n\n\n\n<p>Destaca el gobierno chileno que estos son buses c\u00f3modos y tambi\u00e9n seguros, porque cumplen estrictamente con la normativa internacional, con normativa interna del pa\u00eds, con medidas anti-volcamiento y porque van a ser objeto de un estricto proceso de homologaci\u00f3n que da garant\u00eda en la seguridad.<\/p>\n\n\n\n<p> Otro punto realzado es que este modelo tiene mejor rendimiento que un di\u00e9sel, con un consumo en proporci\u00f3n de 1 a 3 y en mantenimiento una proporci\u00f3n m\u00e1s econ\u00f3mica de 1 a 6 veces.<\/p>\n","protected":false},"excerpt":{"rendered":"<p>En la segunda quincena de agosto de 2023, el gobierno chileno present\u00f3 los primeros buses el\u00e9ctricos de dos pisos, fabricados por BYD, que se integrar\u00e1n en forma regular a la flota de RED Movilidad \u2013 que act\u00faa en la regi\u00f3n metropolitana de Santiago, la capital del pa\u00eds \u2013 a trav\u00e9s del operador Metbus. A partir [&hellip;]<\/p>\n","protected":false},"author":2,"featured_media":18713,"comment_status":"closed","ping_status":"closed","sticky":false,"template":"","format":"standard","meta":{"footnotes":""},"categories":[287],"tags":[775,933],"class_list":["post-18716","post","type-post","status-publish","format-standard","has-post-thumbnail","hentry","category-notas","tag-destaque","tag-santiago-de-chile"],"yoast_head":"<!-- This site is optimized with the Yoast SEO plugin v26.9 - https:\/\/yoast.com\/product\/yoast-seo-wordpress\/ -->\n<title>Chile adopta buses de dos pisos | Mobilitas<\/title>\n<meta name=\"robots\" content=\"index, follow, max-snippet:-1, max-image-preview:large, max-video-preview:-1\" \/>\n<link rel=\"canonical\" href=\"https:\/\/mobilitas.lat\/es\/2023\/08\/27\/chile-adopta-buses-de-dos-pisos\/\" \/>\n<meta property=\"og:locale\" content=\"es_ES\" \/>\n<meta property=\"og:type\" content=\"article\" \/>\n<meta property=\"og:title\" content=\"Chile adopta buses de dos pisos | Mobilitas\" \/>\n<meta property=\"og:description\" content=\"En la segunda quincena de agosto de 2023, el gobierno chileno present\u00f3 los primeros buses el\u00e9ctricos de dos pisos, fabricados por BYD, que se integrar\u00e1n en forma regular a la flota de RED Movilidad \u2013 que act\u00faa en la regi\u00f3n metropolitana de Santiago, la capital del pa\u00eds \u2013 a trav\u00e9s del operador Metbus. A partir [&hellip;]\" \/>\n<meta property=\"og:url\" content=\"https:\/\/mobilitas.lat\/es\/2023\/08\/27\/chile-adopta-buses-de-dos-pisos\/\" \/>\n<meta property=\"og:site_name\" content=\"Mobilitas\" \/>\n<meta property=\"article:published_time\" content=\"2023-08-27T17:41:57+00:00\" \/>\n<meta property=\"article:modified_time\" content=\"2023-08-27T17:42:03+00:00\" \/>\n<meta property=\"og:image\" content=\"https:\/\/storage.mobilitas.lat\/uploads\/2023\/08\/MOBILITAS-CHILE-ONIBUS-DE-DOIS-ANDARES-BYD.jpg\" \/>\n\t<meta property=\"og:image:width\" content=\"688\" \/>\n\t<meta property=\"og:image:height\" content=\"350\" \/>\n\t<meta property=\"og:image:type\" content=\"image\/jpeg\" \/>\n<meta name=\"author\" content=\"Alexandre Asquini\" \/>\n<meta name=\"twitter:card\" content=\"summary_large_image\" \/>\n<meta name=\"twitter:label1\" content=\"Written by\" \/>\n\t<meta name=\"twitter:data1\" content=\"Alexandre Asquini\" \/>\n\t<meta name=\"twitter:label2\" content=\"Est. reading time\" \/>\n\t<meta name=\"twitter:data2\" content=\"2 minutes\" \/>\n<script type=\"application\/ld+json\" class=\"yoast-schema-graph\">{\"@context\":\"https:\/\/schema.org\",\"@graph\":[{\"@type\":\"Article\",\"@id\":\"https:\/\/mobilitas.lat\/es\/2023\/08\/27\/chile-adopta-buses-de-dos-pisos\/#article\",\"isPartOf\":{\"@id\":\"https:\/\/mobilitas.lat\/es\/2023\/08\/27\/chile-adopta-buses-de-dos-pisos\/\"},\"author\":{\"name\":\"Alexandre Asquini\",\"@id\":\"https:\/\/mobilitas.lat\/es\/#\/schema\/person\/cae0d01ccbe855d1858d146e4c4d582d\"},\"headline\":\"Chile adopta buses de dos pisos\",\"datePublished\":\"2023-08-27T17:41:57+00:00\",\"dateModified\":\"2023-08-27T17:42:03+00:00\",\"mainEntityOfPage\":{\"@id\":\"https:\/\/mobilitas.lat\/es\/2023\/08\/27\/chile-adopta-buses-de-dos-pisos\/\"},\"wordCount\":322,\"publisher\":{\"@id\":\"https:\/\/mobilitas.lat\/es\/#organization\"},\"image\":{\"@id\":\"https:\/\/mobilitas.lat\/es\/2023\/08\/27\/chile-adopta-buses-de-dos-pisos\/#primaryimage\"},\"thumbnailUrl\":\"https:\/\/storage.mobilitas.lat\/uploads\/2023\/08\/MOBILITAS-CHILE-ONIBUS-DE-DOIS-ANDARES-BYD.jpg\",\"keywords\":[\"destaque\",\"SANTIAGO DE CHILE\"],\"articleSection\":[\"Notas\"],\"inLanguage\":\"es-ES\"},{\"@type\":\"WebPage\",\"@id\":\"https:\/\/mobilitas.lat\/es\/2023\/08\/27\/chile-adopta-buses-de-dos-pisos\/\",\"url\":\"https:\/\/mobilitas.lat\/es\/2023\/08\/27\/chile-adopta-buses-de-dos-pisos\/\",\"name\":\"Chile adopta buses de dos pisos | Mobilitas\",\"isPartOf\":{\"@id\":\"https:\/\/mobilitas.lat\/es\/#website\"},\"primaryImageOfPage\":{\"@id\":\"https:\/\/mobilitas.lat\/es\/2023\/08\/27\/chile-adopta-buses-de-dos-pisos\/#primaryimage\"},\"image\":{\"@id\":\"https:\/\/mobilitas.lat\/es\/2023\/08\/27\/chile-adopta-buses-de-dos-pisos\/#primaryimage\"},\"thumbnailUrl\":\"https:\/\/storage.mobilitas.lat\/uploads\/2023\/08\/MOBILITAS-CHILE-ONIBUS-DE-DOIS-ANDARES-BYD.jpg\",\"datePublished\":\"2023-08-27T17:41:57+00:00\",\"dateModified\":\"2023-08-27T17:42:03+00:00\",\"breadcrumb\":{\"@id\":\"https:\/\/mobilitas.lat\/es\/2023\/08\/27\/chile-adopta-buses-de-dos-pisos\/#breadcrumb\"},\"inLanguage\":\"es-ES\",\"potentialAction\":[{\"@type\":\"ReadAction\",\"target\":[\"https:\/\/mobilitas.lat\/es\/2023\/08\/27\/chile-adopta-buses-de-dos-pisos\/\"]}]},{\"@type\":\"ImageObject\",\"inLanguage\":\"es-ES\",\"@id\":\"https:\/\/mobilitas.lat\/es\/2023\/08\/27\/chile-adopta-buses-de-dos-pisos\/#primaryimage\",\"url\":\"https:\/\/storage.mobilitas.lat\/uploads\/2023\/08\/MOBILITAS-CHILE-ONIBUS-DE-DOIS-ANDARES-BYD.jpg\",\"contentUrl\":\"https:\/\/storage.mobilitas.lat\/uploads\/2023\/08\/MOBILITAS-CHILE-ONIBUS-DE-DOIS-ANDARES-BYD.jpg\",\"width\":688,\"height\":350},{\"@type\":\"BreadcrumbList\",\"@id\":\"https:\/\/mobilitas.lat\/es\/2023\/08\/27\/chile-adopta-buses-de-dos-pisos\/#breadcrumb\",\"itemListElement\":[{\"@type\":\"ListItem\",\"position\":1,\"name\":\"In\u00edcio\",\"item\":\"https:\/\/mobilitas.lat\/es\/\"},{\"@type\":\"ListItem\",\"position\":2,\"name\":\"Chile adopta buses de dos pisos\"}]},{\"@type\":\"WebSite\",\"@id\":\"https:\/\/mobilitas.lat\/es\/#website\",\"url\":\"https:\/\/mobilitas.lat\/es\/\",\"name\":\"Mobilitas\",\"description\":\"Tecnologia e Mobilidade Urbana na Am\u00e9rica Latina\",\"publisher\":{\"@id\":\"https:\/\/mobilitas.lat\/es\/#organization\"},\"potentialAction\":[{\"@type\":\"SearchAction\",\"target\":{\"@type\":\"EntryPoint\",\"urlTemplate\":\"https:\/\/mobilitas.lat\/es\/?s={search_term_string}\"},\"query-input\":{\"@type\":\"PropertyValueSpecification\",\"valueRequired\":true,\"valueName\":\"search_term_string\"}}],\"inLanguage\":\"es-ES\"},{\"@type\":\"Organization\",\"@id\":\"https:\/\/mobilitas.lat\/es\/#organization\",\"name\":\"OTM Editora\",\"url\":\"https:\/\/mobilitas.lat\/es\/\",\"logo\":{\"@type\":\"ImageObject\",\"inLanguage\":\"es-ES\",\"@id\":\"https:\/\/mobilitas.lat\/es\/#\/schema\/logo\/image\/\",\"url\":\"https:\/\/mobilitas.lat\/wp-content\/uploads\/2024\/03\/opengraph.png\",\"contentUrl\":\"https:\/\/mobilitas.lat\/wp-content\/uploads\/2024\/03\/opengraph.png\",\"width\":1200,\"height\":630,\"caption\":\"OTM Editora\"},\"image\":{\"@id\":\"https:\/\/mobilitas.lat\/es\/#\/schema\/logo\/image\/\"}},{\"@type\":\"Person\",\"@id\":\"https:\/\/mobilitas.lat\/es\/#\/schema\/person\/cae0d01ccbe855d1858d146e4c4d582d\",\"name\":\"Alexandre Asquini\",\"image\":{\"@type\":\"ImageObject\",\"inLanguage\":\"es-ES\",\"@id\":\"https:\/\/mobilitas.lat\/es\/#\/schema\/person\/image\/\",\"url\":\"https:\/\/secure.gravatar.com\/avatar\/aac99dbef1420f75cc7d86913eb8a7cdfbe13e2509ad7a45649a61414f6d2785?s=96&d=mm&r=g\",\"contentUrl\":\"https:\/\/secure.gravatar.com\/avatar\/aac99dbef1420f75cc7d86913eb8a7cdfbe13e2509ad7a45649a61414f6d2785?s=96&d=mm&r=g\",\"caption\":\"Alexandre Asquini\"}}]}<\/script>\n<!-- \/ Yoast SEO plugin. -->","yoast_head_json":{"title":"Chile adopta buses de dos pisos | Mobilitas","robots":{"index":"index","follow":"follow","max-snippet":"max-snippet:-1","max-image-preview":"max-image-preview:large","max-video-preview":"max-video-preview:-1"},"canonical":"https:\/\/mobilitas.lat\/es\/2023\/08\/27\/chile-adopta-buses-de-dos-pisos\/","og_locale":"es_ES","og_type":"article","og_title":"Chile adopta buses de dos pisos | Mobilitas","og_description":"En la segunda quincena de agosto de 2023, el gobierno chileno present\u00f3 los primeros buses el\u00e9ctricos de dos pisos, fabricados por BYD, que se integrar\u00e1n en forma regular a la flota de RED Movilidad \u2013 que act\u00faa en la regi\u00f3n metropolitana de Santiago, la capital del pa\u00eds \u2013 a trav\u00e9s del operador Metbus. A partir [&hellip;]","og_url":"https:\/\/mobilitas.lat\/es\/2023\/08\/27\/chile-adopta-buses-de-dos-pisos\/","og_site_name":"Mobilitas","article_published_time":"2023-08-27T17:41:57+00:00","article_modified_time":"2023-08-27T17:42:03+00:00","og_image":[{"width":688,"height":350,"url":"https:\/\/storage.mobilitas.lat\/uploads\/2023\/08\/MOBILITAS-CHILE-ONIBUS-DE-DOIS-ANDARES-BYD.jpg","type":"image\/jpeg"}],"author":"Alexandre Asquini","twitter_card":"summary_large_image","twitter_misc":{"Written by":"Alexandre Asquini","Est. reading time":"2 minutes"},"schema":{"@context":"https:\/\/schema.org","@graph":[{"@type":"Article","@id":"https:\/\/mobilitas.lat\/es\/2023\/08\/27\/chile-adopta-buses-de-dos-pisos\/#article","isPartOf":{"@id":"https:\/\/mobilitas.lat\/es\/2023\/08\/27\/chile-adopta-buses-de-dos-pisos\/"},"author":{"name":"Alexandre Asquini","@id":"https:\/\/mobilitas.lat\/es\/#\/schema\/person\/cae0d01ccbe855d1858d146e4c4d582d"},"headline":"Chile adopta buses de dos pisos","datePublished":"2023-08-27T17:41:57+00:00","dateModified":"2023-08-27T17:42:03+00:00","mainEntityOfPage":{"@id":"https:\/\/mobilitas.lat\/es\/2023\/08\/27\/chile-adopta-buses-de-dos-pisos\/"},"wordCount":322,"publisher":{"@id":"https:\/\/mobilitas.lat\/es\/#organization"},"image":{"@id":"https:\/\/mobilitas.lat\/es\/2023\/08\/27\/chile-adopta-buses-de-dos-pisos\/#primaryimage"},"thumbnailUrl":"https:\/\/storage.mobilitas.lat\/uploads\/2023\/08\/MOBILITAS-CHILE-ONIBUS-DE-DOIS-ANDARES-BYD.jpg","keywords":["destaque","SANTIAGO DE CHILE"],"articleSection":["Notas"],"inLanguage":"es-ES"},{"@type":"WebPage","@id":"https:\/\/mobilitas.lat\/es\/2023\/08\/27\/chile-adopta-buses-de-dos-pisos\/","url":"https:\/\/mobilitas.lat\/es\/2023\/08\/27\/chile-adopta-buses-de-dos-pisos\/","name":"Chile adopta buses de dos pisos | Mobilitas","isPartOf":{"@id":"https:\/\/mobilitas.lat\/es\/#website"},"primaryImageOfPage":{"@id":"https:\/\/mobilitas.lat\/es\/2023\/08\/27\/chile-adopta-buses-de-dos-pisos\/#primaryimage"},"image":{"@id":"https:\/\/mobilitas.lat\/es\/2023\/08\/27\/chile-adopta-buses-de-dos-pisos\/#primaryimage"},"thumbnailUrl":"https:\/\/storage.mobilitas.lat\/uploads\/2023\/08\/MOBILITAS-CHILE-ONIBUS-DE-DOIS-ANDARES-BYD.jpg","datePublished":"2023-08-27T17:41:57+00:00","dateModified":"2023-08-27T17:42:03+00:00","breadcrumb":{"@id":"https:\/\/mobilitas.lat\/es\/2023\/08\/27\/chile-adopta-buses-de-dos-pisos\/#breadcrumb"},"inLanguage":"es-ES","potentialAction":[{"@type":"ReadAction","target":["https:\/\/mobilitas.lat\/es\/2023\/08\/27\/chile-adopta-buses-de-dos-pisos\/"]}]},{"@type":"ImageObject","inLanguage":"es-ES","@id":"https:\/\/mobilitas.lat\/es\/2023\/08\/27\/chile-adopta-buses-de-dos-pisos\/#primaryimage","url":"https:\/\/storage.mobilitas.lat\/uploads\/2023\/08\/MOBILITAS-CHILE-ONIBUS-DE-DOIS-ANDARES-BYD.jpg","contentUrl":"https:\/\/storage.mobilitas.lat\/uploads\/2023\/08\/MOBILITAS-CHILE-ONIBUS-DE-DOIS-ANDARES-BYD.jpg","width":688,"height":350},{"@type":"BreadcrumbList","@id":"https:\/\/mobilitas.lat\/es\/2023\/08\/27\/chile-adopta-buses-de-dos-pisos\/#breadcrumb","itemListElement":[{"@type":"ListItem","position":1,"name":"In\u00edcio","item":"https:\/\/mobilitas.lat\/es\/"},{"@type":"ListItem","position":2,"name":"Chile adopta buses de dos pisos"}]},{"@type":"WebSite","@id":"https:\/\/mobilitas.lat\/es\/#website","url":"https:\/\/mobilitas.lat\/es\/","name":"Mobilitas","description":"Tecnologia e Mobilidade Urbana na Am\u00e9rica Latina","publisher":{"@id":"https:\/\/mobilitas.lat\/es\/#organization"},"potentialAction":[{"@type":"SearchAction","target":{"@type":"EntryPoint","urlTemplate":"https:\/\/mobilitas.lat\/es\/?s={search_term_string}"},"query-input":{"@type":"PropertyValueSpecification","valueRequired":true,"valueName":"search_term_string"}}],"inLanguage":"es-ES"},{"@type":"Organization","@id":"https:\/\/mobilitas.lat\/es\/#organization","name":"OTM Editora","url":"https:\/\/mobilitas.lat\/es\/","logo":{"@type":"ImageObject","inLanguage":"es-ES","@id":"https:\/\/mobilitas.lat\/es\/#\/schema\/logo\/image\/","url":"https:\/\/mobilitas.lat\/wp-content\/uploads\/2024\/03\/opengraph.png","contentUrl":"https:\/\/mobilitas.lat\/wp-content\/uploads\/2024\/03\/opengraph.png","width":1200,"height":630,"caption":"OTM Editora"},"image":{"@id":"https:\/\/mobilitas.lat\/es\/#\/schema\/logo\/image\/"}},{"@type":"Person","@id":"https:\/\/mobilitas.lat\/es\/#\/schema\/person\/cae0d01ccbe855d1858d146e4c4d582d","name":"Alexandre Asquini","image":{"@type":"ImageObject","inLanguage":"es-ES","@id":"https:\/\/mobilitas.lat\/es\/#\/schema\/person\/image\/","url":"https:\/\/secure.gravatar.com\/avatar\/aac99dbef1420f75cc7d86913eb8a7cdfbe13e2509ad7a45649a61414f6d2785?s=96&d=mm&r=g","contentUrl":"https:\/\/secure.gravatar.com\/avatar\/aac99dbef1420f75cc7d86913eb8a7cdfbe13e2509ad7a45649a61414f6d2785?s=96&d=mm&r=g","caption":"Alexandre Asquini"}}]}},"_links":{"self":[{"href":"https:\/\/mobilitas.lat\/es\/wp-json\/wp\/v2\/posts\/18716","targetHints":{"allow":["GET"]}}],"collection":[{"href":"https:\/\/mobilitas.lat\/es\/wp-json\/wp\/v2\/posts"}],"about":[{"href":"https:\/\/mobilitas.lat\/es\/wp-json\/wp\/v2\/types\/post"}],"author":[{"embeddable":true,"href":"https:\/\/mobilitas.lat\/es\/wp-json\/wp\/v2\/users\/2"}],"replies":[{"embeddable":true,"href":"https:\/\/mobilitas.lat\/es\/wp-json\/wp\/v2\/comments?post=18716"}],"version-history":[{"count":3,"href":"https:\/\/mobilitas.lat\/es\/wp-json\/wp\/v2\/posts\/18716\/revisions"}],"predecessor-version":[{"id":18719,"href":"https:\/\/mobilitas.lat\/es\/wp-json\/wp\/v2\/posts\/18716\/revisions\/18719"}],"wp:featuredmedia":[{"embeddable":true,"href":"https:\/\/mobilitas.lat\/es\/wp-json\/wp\/v2\/media\/18713"}],"wp:attachment":[{"href":"https:\/\/mobilitas.lat\/es\/wp-json\/wp\/v2\/media?parent=18716"}],"wp:term":[{"taxonomy":"category","embeddable":true,"href":"https:\/\/mobilitas.lat\/es\/wp-json\/wp\/v2\/categories?post=18716"},{"taxonomy":"post_tag","embeddable":true,"href":"https:\/\/mobilitas.lat\/es\/wp-json\/wp\/v2\/tags?post=18716"}],"curies":[{"name":"wp","href":"https:\/\/api.w.org\/{rel}","templated":true}]}}