{"id":18615,"date":"2023-08-17T00:04:46","date_gmt":"2023-08-17T03:04:46","guid":{"rendered":"https:\/\/mobilitas.lat\/?p=18615"},"modified":"2023-08-17T00:46:52","modified_gmt":"2023-08-17T03:46:52","slug":"parque-automotor-causa-mas-de-la-mitad-de-la-contaminacion-del-aire-segundo-boletin-de-calidad-ambiental-expedido-por-autoridad-de-transporte-urbano-para-lima-y-callao-atu","status":"publish","type":"post","link":"https:\/\/mobilitas.lat\/es\/2023\/08\/17\/parque-automotor-causa-mas-de-la-mitad-de-la-contaminacion-del-aire-segundo-boletin-de-calidad-ambiental-expedido-por-autoridad-de-transporte-urbano-para-lima-y-callao-atu\/","title":{"rendered":"Parque automotor causa m\u00e1s de la mitad de la contaminaci\u00f3n del aire, segundo bolet\u00edn de calidad ambiental expedido por Autoridad de Transporte Urbano para Lima y Callao (ATU)"},"content":{"rendered":"\n<figure class=\"wp-block-image size-large\"><img loading=\"lazy\" decoding=\"async\" width=\"748\" height=\"466\" src=\"https:\/\/storage.mobilitas.lat\/uploads\/2023\/08\/MOBILITAS-ATU-LIMA-E-CALLAO-CONTAMINACION-DEL-AIRE-PUBLICACION.jpg\" alt=\"\" class=\"wp-image-18610\" srcset=\"https:\/\/storage.mobilitas.lat\/uploads\/2023\/08\/MOBILITAS-ATU-LIMA-E-CALLAO-CONTAMINACION-DEL-AIRE-PUBLICACION.jpg 748w, https:\/\/storage.mobilitas.lat\/uploads\/2023\/08\/MOBILITAS-ATU-LIMA-E-CALLAO-CONTAMINACION-DEL-AIRE-PUBLICACION-300x187.jpg 300w, https:\/\/storage.mobilitas.lat\/uploads\/2023\/08\/MOBILITAS-ATU-LIMA-E-CALLAO-CONTAMINACION-DEL-AIRE-PUBLICACION-385x240.jpg 385w\" sizes=\"auto, (max-width: 748px) 100vw, 748px\" \/><\/figure>\n\n\n\n<p>El 15 de agosto de 2023, la Autoridad de Transporte Urbano para Lima y Callao (ATU) present\u00f3 su segundo bolet\u00edn de calidad ambiental, que recoge los resultados de su red de monitoreo de aire y ruido, que consta de 50 sensores ubicados en 22 distritos de las ciudades.<\/p>\n\n\n\n<p>El documento se\u00f1ala que el parque automotor causa el 58% de la contaminaci\u00f3n del aire. El 30.6% de veh\u00edculos del transporte p\u00fablico regular (cuya flota supera las 22 mil unidades) y el 9% del servicio de taxi (m\u00e1s de 100 mil unidades) tienen m\u00e1s de 15 a\u00f1os de antig\u00fcedad, lo que representa un riesgo para la salud y seguridad de los usuarios.<\/p>\n\n\n\n<p>Dice el comunicado de ATU que, si se considera que un veh\u00edculo con m\u00e1s de 20 a\u00f1os de antig\u00fcedad es 53 veces m\u00e1s contaminante que uno de cinco a\u00f1os o menos, urge empezar a tomar medidas como el chatarreo vehicular, que la entidad inici\u00f3 en julio, porque es una herramienta esencial para mejorar la calidad ambiental y la salud p\u00fablica, al sacar de circulaci\u00f3n unidades de transporte obsoletas y contaminantes.<\/p>\n\n\n\n<p>El segundo bolet\u00edn ambiental de la ATU tambi\u00e9n arroj\u00f3 que, de los 50 puntos de medici\u00f3n, seis ubicados en los distritos de San Juan de Lurigancho, Ate, Carabayllo, la Molina y Ate, presentan una calidad de aire \u201cpobre\u201d, mientras que solo un punto del Callao es calificado como \u201cbueno\u201d. El resto de distritos registra niveles \u201cmoderados\u201d.<\/p>\n\n\n\n<p>Adem\u00e1s, el estudio arroja que el nivel de ruido es considerado \u201cbueno\u201d en solo seis de los 50 puntos de medici\u00f3n y est\u00e1n ubicados en Surco, Callao, Lince, San Juan de Lurigancho, Ate y Carabayllo.<\/p>\n\n\n\n<p>Haga clic <a href=\"https:\/\/portal.atu.gob.pe\/CalidadAmbiental\/Boletin2.html\" target=\"_blank\" rel=\"noreferrer noopener\"><strong><em>aqu\u00ed<\/em><\/strong> <\/a>para revisar el segundo n\u00famero del bolet\u00edn<\/p>\n","protected":false},"excerpt":{"rendered":"<p>El 15 de agosto de 2023, la Autoridad de Transporte Urbano para Lima y Callao (ATU) present\u00f3 su segundo bolet\u00edn de calidad ambiental, que recoge los resultados de su red de monitoreo de aire y ruido, que consta de 50 sensores ubicados en 22 distritos de las ciudades. El documento se\u00f1ala que el parque automotor [&hellip;]<\/p>\n","protected":false},"author":2,"featured_media":18622,"comment_status":"closed","ping_status":"closed","sticky":false,"template":"","format":"standard","meta":{"footnotes":""},"categories":[287,306],"tags":[1149,1846],"class_list":["post-18615","post","type-post","status-publish","format-standard","has-post-thumbnail","hentry","category-notas","category-publicaciones","tag-autoridad-de-transporte-urbano-para-lima-y-callao-atu","tag-publicaciones"],"yoast_head":"<!-- This site is optimized with the Yoast SEO plugin v26.9 - https:\/\/yoast.com\/product\/yoast-seo-wordpress\/ -->\n<title>Parque automotor causa m\u00e1s de la mitad de la contaminaci\u00f3n del aire, segundo bolet\u00edn de calidad ambiental expedido por Autoridad de Transporte Urbano para Lima y Callao (ATU) | Mobilitas<\/title>\n<meta name=\"robots\" content=\"index, follow, max-snippet:-1, max-image-preview:large, max-video-preview:-1\" \/>\n<link rel=\"canonical\" href=\"https:\/\/mobilitas.lat\/es\/2023\/08\/17\/parque-automotor-causa-mas-de-la-mitad-de-la-contaminacion-del-aire-segundo-boletin-de-calidad-ambiental-expedido-por-autoridad-de-transporte-urbano-para-lima-y-callao-atu\/\" \/>\n<meta property=\"og:locale\" content=\"es_ES\" \/>\n<meta property=\"og:type\" content=\"article\" \/>\n<meta property=\"og:title\" content=\"Parque automotor causa m\u00e1s de la mitad de la contaminaci\u00f3n del aire, segundo bolet\u00edn de calidad ambiental expedido por Autoridad de Transporte Urbano para Lima y Callao (ATU) | Mobilitas\" \/>\n<meta property=\"og:description\" content=\"El 15 de agosto de 2023, la Autoridad de Transporte Urbano para Lima y Callao (ATU) present\u00f3 su segundo bolet\u00edn de calidad ambiental, que recoge los resultados de su red de monitoreo de aire y ruido, que consta de 50 sensores ubicados en 22 distritos de las ciudades. El documento se\u00f1ala que el parque automotor [&hellip;]\" \/>\n<meta property=\"og:url\" content=\"https:\/\/mobilitas.lat\/es\/2023\/08\/17\/parque-automotor-causa-mas-de-la-mitad-de-la-contaminacion-del-aire-segundo-boletin-de-calidad-ambiental-expedido-por-autoridad-de-transporte-urbano-para-lima-y-callao-atu\/\" \/>\n<meta property=\"og:site_name\" content=\"Mobilitas\" \/>\n<meta property=\"article:published_time\" content=\"2023-08-17T03:04:46+00:00\" \/>\n<meta property=\"article:modified_time\" content=\"2023-08-17T03:46:52+00:00\" \/>\n<meta property=\"og:image\" content=\"https:\/\/storage.mobilitas.lat\/uploads\/2023\/08\/MOBILITAS-ATU-LIMA-E-CALLAO-CONTAMINACION-DEL-AIRE-PUBLICACION-1.jpg\" \/>\n\t<meta property=\"og:image:width\" content=\"847\" \/>\n\t<meta property=\"og:image:height\" content=\"466\" \/>\n\t<meta property=\"og:image:type\" content=\"image\/jpeg\" \/>\n<meta name=\"author\" content=\"Alexandre Asquini\" \/>\n<meta name=\"twitter:card\" content=\"summary_large_image\" \/>\n<meta name=\"twitter:label1\" content=\"Written by\" \/>\n\t<meta name=\"twitter:data1\" content=\"Alexandre Asquini\" \/>\n\t<meta name=\"twitter:label2\" content=\"Est. reading time\" \/>\n\t<meta name=\"twitter:data2\" content=\"1 minute\" \/>\n<script type=\"application\/ld+json\" class=\"yoast-schema-graph\">{\"@context\":\"https:\/\/schema.org\",\"@graph\":[{\"@type\":\"Article\",\"@id\":\"https:\/\/mobilitas.lat\/es\/2023\/08\/17\/parque-automotor-causa-mas-de-la-mitad-de-la-contaminacion-del-aire-segundo-boletin-de-calidad-ambiental-expedido-por-autoridad-de-transporte-urbano-para-lima-y-callao-atu\/#article\",\"isPartOf\":{\"@id\":\"https:\/\/mobilitas.lat\/es\/2023\/08\/17\/parque-automotor-causa-mas-de-la-mitad-de-la-contaminacion-del-aire-segundo-boletin-de-calidad-ambiental-expedido-por-autoridad-de-transporte-urbano-para-lima-y-callao-atu\/\"},\"author\":{\"name\":\"Alexandre Asquini\",\"@id\":\"https:\/\/mobilitas.lat\/es\/#\/schema\/person\/cae0d01ccbe855d1858d146e4c4d582d\"},\"headline\":\"Parque automotor causa m\u00e1s de la mitad de la contaminaci\u00f3n del aire, segundo bolet\u00edn de calidad ambiental expedido por Autoridad de Transporte Urbano para Lima y Callao (ATU)\",\"datePublished\":\"2023-08-17T03:04:46+00:00\",\"dateModified\":\"2023-08-17T03:46:52+00:00\",\"mainEntityOfPage\":{\"@id\":\"https:\/\/mobilitas.lat\/es\/2023\/08\/17\/parque-automotor-causa-mas-de-la-mitad-de-la-contaminacion-del-aire-segundo-boletin-de-calidad-ambiental-expedido-por-autoridad-de-transporte-urbano-para-lima-y-callao-atu\/\"},\"wordCount\":323,\"publisher\":{\"@id\":\"https:\/\/mobilitas.lat\/es\/#organization\"},\"image\":{\"@id\":\"https:\/\/mobilitas.lat\/es\/2023\/08\/17\/parque-automotor-causa-mas-de-la-mitad-de-la-contaminacion-del-aire-segundo-boletin-de-calidad-ambiental-expedido-por-autoridad-de-transporte-urbano-para-lima-y-callao-atu\/#primaryimage\"},\"thumbnailUrl\":\"https:\/\/storage.mobilitas.lat\/uploads\/2023\/08\/MOBILITAS-ATU-LIMA-E-CALLAO-CONTAMINACION-DEL-AIRE-PUBLICACION-1.jpg\",\"keywords\":[\"AUTORIDAD DE TRANSPORTE URBANO PARA LIMA Y CALLAO (ATU)\",\"Publicaciones\"],\"articleSection\":[\"Notas\",\"Publicaciones\"],\"inLanguage\":\"es-ES\"},{\"@type\":\"WebPage\",\"@id\":\"https:\/\/mobilitas.lat\/es\/2023\/08\/17\/parque-automotor-causa-mas-de-la-mitad-de-la-contaminacion-del-aire-segundo-boletin-de-calidad-ambiental-expedido-por-autoridad-de-transporte-urbano-para-lima-y-callao-atu\/\",\"url\":\"https:\/\/mobilitas.lat\/es\/2023\/08\/17\/parque-automotor-causa-mas-de-la-mitad-de-la-contaminacion-del-aire-segundo-boletin-de-calidad-ambiental-expedido-por-autoridad-de-transporte-urbano-para-lima-y-callao-atu\/\",\"name\":\"Parque automotor causa m\u00e1s de la mitad de la contaminaci\u00f3n del aire, segundo bolet\u00edn de calidad ambiental expedido por Autoridad de Transporte Urbano para Lima y Callao (ATU) | Mobilitas\",\"isPartOf\":{\"@id\":\"https:\/\/mobilitas.lat\/es\/#website\"},\"primaryImageOfPage\":{\"@id\":\"https:\/\/mobilitas.lat\/es\/2023\/08\/17\/parque-automotor-causa-mas-de-la-mitad-de-la-contaminacion-del-aire-segundo-boletin-de-calidad-ambiental-expedido-por-autoridad-de-transporte-urbano-para-lima-y-callao-atu\/#primaryimage\"},\"image\":{\"@id\":\"https:\/\/mobilitas.lat\/es\/2023\/08\/17\/parque-automotor-causa-mas-de-la-mitad-de-la-contaminacion-del-aire-segundo-boletin-de-calidad-ambiental-expedido-por-autoridad-de-transporte-urbano-para-lima-y-callao-atu\/#primaryimage\"},\"thumbnailUrl\":\"https:\/\/storage.mobilitas.lat\/uploads\/2023\/08\/MOBILITAS-ATU-LIMA-E-CALLAO-CONTAMINACION-DEL-AIRE-PUBLICACION-1.jpg\",\"datePublished\":\"2023-08-17T03:04:46+00:00\",\"dateModified\":\"2023-08-17T03:46:52+00:00\",\"breadcrumb\":{\"@id\":\"https:\/\/mobilitas.lat\/es\/2023\/08\/17\/parque-automotor-causa-mas-de-la-mitad-de-la-contaminacion-del-aire-segundo-boletin-de-calidad-ambiental-expedido-por-autoridad-de-transporte-urbano-para-lima-y-callao-atu\/#breadcrumb\"},\"inLanguage\":\"es-ES\",\"potentialAction\":[{\"@type\":\"ReadAction\",\"target\":[\"https:\/\/mobilitas.lat\/es\/2023\/08\/17\/parque-automotor-causa-mas-de-la-mitad-de-la-contaminacion-del-aire-segundo-boletin-de-calidad-ambiental-expedido-por-autoridad-de-transporte-urbano-para-lima-y-callao-atu\/\"]}]},{\"@type\":\"ImageObject\",\"inLanguage\":\"es-ES\",\"@id\":\"https:\/\/mobilitas.lat\/es\/2023\/08\/17\/parque-automotor-causa-mas-de-la-mitad-de-la-contaminacion-del-aire-segundo-boletin-de-calidad-ambiental-expedido-por-autoridad-de-transporte-urbano-para-lima-y-callao-atu\/#primaryimage\",\"url\":\"https:\/\/storage.mobilitas.lat\/uploads\/2023\/08\/MOBILITAS-ATU-LIMA-E-CALLAO-CONTAMINACION-DEL-AIRE-PUBLICACION-1.jpg\",\"contentUrl\":\"https:\/\/storage.mobilitas.lat\/uploads\/2023\/08\/MOBILITAS-ATU-LIMA-E-CALLAO-CONTAMINACION-DEL-AIRE-PUBLICACION-1.jpg\",\"width\":847,\"height\":466},{\"@type\":\"BreadcrumbList\",\"@id\":\"https:\/\/mobilitas.lat\/es\/2023\/08\/17\/parque-automotor-causa-mas-de-la-mitad-de-la-contaminacion-del-aire-segundo-boletin-de-calidad-ambiental-expedido-por-autoridad-de-transporte-urbano-para-lima-y-callao-atu\/#breadcrumb\",\"itemListElement\":[{\"@type\":\"ListItem\",\"position\":1,\"name\":\"In\u00edcio\",\"item\":\"https:\/\/mobilitas.lat\/es\/\"},{\"@type\":\"ListItem\",\"position\":2,\"name\":\"Parque automotor causa m\u00e1s de la mitad de la contaminaci\u00f3n del aire, segundo bolet\u00edn de calidad ambiental expedido por Autoridad de Transporte Urbano para Lima y Callao (ATU)\"}]},{\"@type\":\"WebSite\",\"@id\":\"https:\/\/mobilitas.lat\/es\/#website\",\"url\":\"https:\/\/mobilitas.lat\/es\/\",\"name\":\"Mobilitas\",\"description\":\"Tecnologia e Mobilidade Urbana na Am\u00e9rica Latina\",\"publisher\":{\"@id\":\"https:\/\/mobilitas.lat\/es\/#organization\"},\"potentialAction\":[{\"@type\":\"SearchAction\",\"target\":{\"@type\":\"EntryPoint\",\"urlTemplate\":\"https:\/\/mobilitas.lat\/es\/?s={search_term_string}\"},\"query-input\":{\"@type\":\"PropertyValueSpecification\",\"valueRequired\":true,\"valueName\":\"search_term_string\"}}],\"inLanguage\":\"es-ES\"},{\"@type\":\"Organization\",\"@id\":\"https:\/\/mobilitas.lat\/es\/#organization\",\"name\":\"OTM Editora\",\"url\":\"https:\/\/mobilitas.lat\/es\/\",\"logo\":{\"@type\":\"ImageObject\",\"inLanguage\":\"es-ES\",\"@id\":\"https:\/\/mobilitas.lat\/es\/#\/schema\/logo\/image\/\",\"url\":\"https:\/\/mobilitas.lat\/wp-content\/uploads\/2024\/03\/opengraph.png\",\"contentUrl\":\"https:\/\/mobilitas.lat\/wp-content\/uploads\/2024\/03\/opengraph.png\",\"width\":1200,\"height\":630,\"caption\":\"OTM Editora\"},\"image\":{\"@id\":\"https:\/\/mobilitas.lat\/es\/#\/schema\/logo\/image\/\"}},{\"@type\":\"Person\",\"@id\":\"https:\/\/mobilitas.lat\/es\/#\/schema\/person\/cae0d01ccbe855d1858d146e4c4d582d\",\"name\":\"Alexandre Asquini\",\"image\":{\"@type\":\"ImageObject\",\"inLanguage\":\"es-ES\",\"@id\":\"https:\/\/mobilitas.lat\/es\/#\/schema\/person\/image\/\",\"url\":\"https:\/\/secure.gravatar.com\/avatar\/aac99dbef1420f75cc7d86913eb8a7cdfbe13e2509ad7a45649a61414f6d2785?s=96&d=mm&r=g\",\"contentUrl\":\"https:\/\/secure.gravatar.com\/avatar\/aac99dbef1420f75cc7d86913eb8a7cdfbe13e2509ad7a45649a61414f6d2785?s=96&d=mm&r=g\",\"caption\":\"Alexandre Asquini\"}}]}<\/script>\n<!-- \/ Yoast SEO plugin. -->","yoast_head_json":{"title":"Parque automotor causa m\u00e1s de la mitad de la contaminaci\u00f3n del aire, segundo bolet\u00edn de calidad ambiental expedido por Autoridad de Transporte Urbano para Lima y Callao (ATU) | Mobilitas","robots":{"index":"index","follow":"follow","max-snippet":"max-snippet:-1","max-image-preview":"max-image-preview:large","max-video-preview":"max-video-preview:-1"},"canonical":"https:\/\/mobilitas.lat\/es\/2023\/08\/17\/parque-automotor-causa-mas-de-la-mitad-de-la-contaminacion-del-aire-segundo-boletin-de-calidad-ambiental-expedido-por-autoridad-de-transporte-urbano-para-lima-y-callao-atu\/","og_locale":"es_ES","og_type":"article","og_title":"Parque automotor causa m\u00e1s de la mitad de la contaminaci\u00f3n del aire, segundo bolet\u00edn de calidad ambiental expedido por Autoridad de Transporte Urbano para Lima y Callao (ATU) | Mobilitas","og_description":"El 15 de agosto de 2023, la Autoridad de Transporte Urbano para Lima y Callao (ATU) present\u00f3 su segundo bolet\u00edn de calidad ambiental, que recoge los resultados de su red de monitoreo de aire y ruido, que consta de 50 sensores ubicados en 22 distritos de las ciudades. El documento se\u00f1ala que el parque automotor [&hellip;]","og_url":"https:\/\/mobilitas.lat\/es\/2023\/08\/17\/parque-automotor-causa-mas-de-la-mitad-de-la-contaminacion-del-aire-segundo-boletin-de-calidad-ambiental-expedido-por-autoridad-de-transporte-urbano-para-lima-y-callao-atu\/","og_site_name":"Mobilitas","article_published_time":"2023-08-17T03:04:46+00:00","article_modified_time":"2023-08-17T03:46:52+00:00","og_image":[{"width":847,"height":466,"url":"https:\/\/storage.mobilitas.lat\/uploads\/2023\/08\/MOBILITAS-ATU-LIMA-E-CALLAO-CONTAMINACION-DEL-AIRE-PUBLICACION-1.jpg","type":"image\/jpeg"}],"author":"Alexandre Asquini","twitter_card":"summary_large_image","twitter_misc":{"Written by":"Alexandre Asquini","Est. reading time":"1 minute"},"schema":{"@context":"https:\/\/schema.org","@graph":[{"@type":"Article","@id":"https:\/\/mobilitas.lat\/es\/2023\/08\/17\/parque-automotor-causa-mas-de-la-mitad-de-la-contaminacion-del-aire-segundo-boletin-de-calidad-ambiental-expedido-por-autoridad-de-transporte-urbano-para-lima-y-callao-atu\/#article","isPartOf":{"@id":"https:\/\/mobilitas.lat\/es\/2023\/08\/17\/parque-automotor-causa-mas-de-la-mitad-de-la-contaminacion-del-aire-segundo-boletin-de-calidad-ambiental-expedido-por-autoridad-de-transporte-urbano-para-lima-y-callao-atu\/"},"author":{"name":"Alexandre Asquini","@id":"https:\/\/mobilitas.lat\/es\/#\/schema\/person\/cae0d01ccbe855d1858d146e4c4d582d"},"headline":"Parque automotor causa m\u00e1s de la mitad de la contaminaci\u00f3n del aire, segundo bolet\u00edn de calidad ambiental expedido por Autoridad de Transporte Urbano para Lima y Callao (ATU)","datePublished":"2023-08-17T03:04:46+00:00","dateModified":"2023-08-17T03:46:52+00:00","mainEntityOfPage":{"@id":"https:\/\/mobilitas.lat\/es\/2023\/08\/17\/parque-automotor-causa-mas-de-la-mitad-de-la-contaminacion-del-aire-segundo-boletin-de-calidad-ambiental-expedido-por-autoridad-de-transporte-urbano-para-lima-y-callao-atu\/"},"wordCount":323,"publisher":{"@id":"https:\/\/mobilitas.lat\/es\/#organization"},"image":{"@id":"https:\/\/mobilitas.lat\/es\/2023\/08\/17\/parque-automotor-causa-mas-de-la-mitad-de-la-contaminacion-del-aire-segundo-boletin-de-calidad-ambiental-expedido-por-autoridad-de-transporte-urbano-para-lima-y-callao-atu\/#primaryimage"},"thumbnailUrl":"https:\/\/storage.mobilitas.lat\/uploads\/2023\/08\/MOBILITAS-ATU-LIMA-E-CALLAO-CONTAMINACION-DEL-AIRE-PUBLICACION-1.jpg","keywords":["AUTORIDAD DE TRANSPORTE URBANO PARA LIMA Y CALLAO (ATU)","Publicaciones"],"articleSection":["Notas","Publicaciones"],"inLanguage":"es-ES"},{"@type":"WebPage","@id":"https:\/\/mobilitas.lat\/es\/2023\/08\/17\/parque-automotor-causa-mas-de-la-mitad-de-la-contaminacion-del-aire-segundo-boletin-de-calidad-ambiental-expedido-por-autoridad-de-transporte-urbano-para-lima-y-callao-atu\/","url":"https:\/\/mobilitas.lat\/es\/2023\/08\/17\/parque-automotor-causa-mas-de-la-mitad-de-la-contaminacion-del-aire-segundo-boletin-de-calidad-ambiental-expedido-por-autoridad-de-transporte-urbano-para-lima-y-callao-atu\/","name":"Parque automotor causa m\u00e1s de la mitad de la contaminaci\u00f3n del aire, segundo bolet\u00edn de calidad ambiental expedido por Autoridad de Transporte Urbano para Lima y Callao (ATU) | Mobilitas","isPartOf":{"@id":"https:\/\/mobilitas.lat\/es\/#website"},"primaryImageOfPage":{"@id":"https:\/\/mobilitas.lat\/es\/2023\/08\/17\/parque-automotor-causa-mas-de-la-mitad-de-la-contaminacion-del-aire-segundo-boletin-de-calidad-ambiental-expedido-por-autoridad-de-transporte-urbano-para-lima-y-callao-atu\/#primaryimage"},"image":{"@id":"https:\/\/mobilitas.lat\/es\/2023\/08\/17\/parque-automotor-causa-mas-de-la-mitad-de-la-contaminacion-del-aire-segundo-boletin-de-calidad-ambiental-expedido-por-autoridad-de-transporte-urbano-para-lima-y-callao-atu\/#primaryimage"},"thumbnailUrl":"https:\/\/storage.mobilitas.lat\/uploads\/2023\/08\/MOBILITAS-ATU-LIMA-E-CALLAO-CONTAMINACION-DEL-AIRE-PUBLICACION-1.jpg","datePublished":"2023-08-17T03:04:46+00:00","dateModified":"2023-08-17T03:46:52+00:00","breadcrumb":{"@id":"https:\/\/mobilitas.lat\/es\/2023\/08\/17\/parque-automotor-causa-mas-de-la-mitad-de-la-contaminacion-del-aire-segundo-boletin-de-calidad-ambiental-expedido-por-autoridad-de-transporte-urbano-para-lima-y-callao-atu\/#breadcrumb"},"inLanguage":"es-ES","potentialAction":[{"@type":"ReadAction","target":["https:\/\/mobilitas.lat\/es\/2023\/08\/17\/parque-automotor-causa-mas-de-la-mitad-de-la-contaminacion-del-aire-segundo-boletin-de-calidad-ambiental-expedido-por-autoridad-de-transporte-urbano-para-lima-y-callao-atu\/"]}]},{"@type":"ImageObject","inLanguage":"es-ES","@id":"https:\/\/mobilitas.lat\/es\/2023\/08\/17\/parque-automotor-causa-mas-de-la-mitad-de-la-contaminacion-del-aire-segundo-boletin-de-calidad-ambiental-expedido-por-autoridad-de-transporte-urbano-para-lima-y-callao-atu\/#primaryimage","url":"https:\/\/storage.mobilitas.lat\/uploads\/2023\/08\/MOBILITAS-ATU-LIMA-E-CALLAO-CONTAMINACION-DEL-AIRE-PUBLICACION-1.jpg","contentUrl":"https:\/\/storage.mobilitas.lat\/uploads\/2023\/08\/MOBILITAS-ATU-LIMA-E-CALLAO-CONTAMINACION-DEL-AIRE-PUBLICACION-1.jpg","width":847,"height":466},{"@type":"BreadcrumbList","@id":"https:\/\/mobilitas.lat\/es\/2023\/08\/17\/parque-automotor-causa-mas-de-la-mitad-de-la-contaminacion-del-aire-segundo-boletin-de-calidad-ambiental-expedido-por-autoridad-de-transporte-urbano-para-lima-y-callao-atu\/#breadcrumb","itemListElement":[{"@type":"ListItem","position":1,"name":"In\u00edcio","item":"https:\/\/mobilitas.lat\/es\/"},{"@type":"ListItem","position":2,"name":"Parque automotor causa m\u00e1s de la mitad de la contaminaci\u00f3n del aire, segundo bolet\u00edn de calidad ambiental expedido por Autoridad de Transporte Urbano para Lima y Callao (ATU)"}]},{"@type":"WebSite","@id":"https:\/\/mobilitas.lat\/es\/#website","url":"https:\/\/mobilitas.lat\/es\/","name":"Mobilitas","description":"Tecnologia e Mobilidade Urbana na Am\u00e9rica Latina","publisher":{"@id":"https:\/\/mobilitas.lat\/es\/#organization"},"potentialAction":[{"@type":"SearchAction","target":{"@type":"EntryPoint","urlTemplate":"https:\/\/mobilitas.lat\/es\/?s={search_term_string}"},"query-input":{"@type":"PropertyValueSpecification","valueRequired":true,"valueName":"search_term_string"}}],"inLanguage":"es-ES"},{"@type":"Organization","@id":"https:\/\/mobilitas.lat\/es\/#organization","name":"OTM Editora","url":"https:\/\/mobilitas.lat\/es\/","logo":{"@type":"ImageObject","inLanguage":"es-ES","@id":"https:\/\/mobilitas.lat\/es\/#\/schema\/logo\/image\/","url":"https:\/\/mobilitas.lat\/wp-content\/uploads\/2024\/03\/opengraph.png","contentUrl":"https:\/\/mobilitas.lat\/wp-content\/uploads\/2024\/03\/opengraph.png","width":1200,"height":630,"caption":"OTM Editora"},"image":{"@id":"https:\/\/mobilitas.lat\/es\/#\/schema\/logo\/image\/"}},{"@type":"Person","@id":"https:\/\/mobilitas.lat\/es\/#\/schema\/person\/cae0d01ccbe855d1858d146e4c4d582d","name":"Alexandre Asquini","image":{"@type":"ImageObject","inLanguage":"es-ES","@id":"https:\/\/mobilitas.lat\/es\/#\/schema\/person\/image\/","url":"https:\/\/secure.gravatar.com\/avatar\/aac99dbef1420f75cc7d86913eb8a7cdfbe13e2509ad7a45649a61414f6d2785?s=96&d=mm&r=g","contentUrl":"https:\/\/secure.gravatar.com\/avatar\/aac99dbef1420f75cc7d86913eb8a7cdfbe13e2509ad7a45649a61414f6d2785?s=96&d=mm&r=g","caption":"Alexandre Asquini"}}]}},"_links":{"self":[{"href":"https:\/\/mobilitas.lat\/es\/wp-json\/wp\/v2\/posts\/18615","targetHints":{"allow":["GET"]}}],"collection":[{"href":"https:\/\/mobilitas.lat\/es\/wp-json\/wp\/v2\/posts"}],"about":[{"href":"https:\/\/mobilitas.lat\/es\/wp-json\/wp\/v2\/types\/post"}],"author":[{"embeddable":true,"href":"https:\/\/mobilitas.lat\/es\/wp-json\/wp\/v2\/users\/2"}],"replies":[{"embeddable":true,"href":"https:\/\/mobilitas.lat\/es\/wp-json\/wp\/v2\/comments?post=18615"}],"version-history":[{"count":7,"href":"https:\/\/mobilitas.lat\/es\/wp-json\/wp\/v2\/posts\/18615\/revisions"}],"predecessor-version":[{"id":18629,"href":"https:\/\/mobilitas.lat\/es\/wp-json\/wp\/v2\/posts\/18615\/revisions\/18629"}],"wp:featuredmedia":[{"embeddable":true,"href":"https:\/\/mobilitas.lat\/es\/wp-json\/wp\/v2\/media\/18622"}],"wp:attachment":[{"href":"https:\/\/mobilitas.lat\/es\/wp-json\/wp\/v2\/media?parent=18615"}],"wp:term":[{"taxonomy":"category","embeddable":true,"href":"https:\/\/mobilitas.lat\/es\/wp-json\/wp\/v2\/categories?post=18615"},{"taxonomy":"post_tag","embeddable":true,"href":"https:\/\/mobilitas.lat\/es\/wp-json\/wp\/v2\/tags?post=18615"}],"curies":[{"name":"wp","href":"https:\/\/api.w.org\/{rel}","templated":true}]}}