{"id":18523,"date":"2023-08-03T22:29:57","date_gmt":"2023-08-04T01:29:57","guid":{"rendered":"https:\/\/mobilitas.lat\/?p=18523"},"modified":"2023-08-03T23:37:14","modified_gmt":"2023-08-04T02:37:14","slug":"uitp-academy-anuncia-la-realizacion-del-3-a-19-de-octubre-de-un-curso-en-ocho-sesiones-online-sobre-planificacion-y-programacion-de-autobuses-las-inscripciones-hechas-antes-del-1-de-septiembre-tendra","status":"publish","type":"post","link":"https:\/\/mobilitas.lat\/es\/2023\/08\/03\/uitp-academy-anuncia-la-realizacion-del-3-a-19-de-octubre-de-un-curso-en-ocho-sesiones-online-sobre-planificacion-y-programacion-de-autobuses-las-inscripciones-hechas-antes-del-1-de-septiembre-tendra\/","title":{"rendered":"UITP Academy anuncia la realizaci\u00f3n del 3 a 19 de octubre de un curso en ocho sesiones online sobre Planificaci\u00f3n y Programaci\u00f3n de Autobuses. Las inscripciones hechas antes del 1 de septiembre tendr\u00e1n tarifa reducida"},"content":{"rendered":"\n<div class=\"wp-block-image\"><figure class=\"aligncenter size-large\"><img loading=\"lazy\" decoding=\"async\" width=\"566\" height=\"340\" src=\"https:\/\/storage.mobilitas.lat\/uploads\/2023\/08\/MOBILITAS-UITP-CURSO-PROGRAMACAO-DE-ONIBUS-ILUSTRATIVA.jpg\" alt=\"\" class=\"wp-image-18520\" srcset=\"https:\/\/storage.mobilitas.lat\/uploads\/2023\/08\/MOBILITAS-UITP-CURSO-PROGRAMACAO-DE-ONIBUS-ILUSTRATIVA.jpg 566w, https:\/\/storage.mobilitas.lat\/uploads\/2023\/08\/MOBILITAS-UITP-CURSO-PROGRAMACAO-DE-ONIBUS-ILUSTRATIVA-300x180.jpg 300w\" sizes=\"auto, (max-width: 566px) 100vw, 566px\" \/><\/figure><\/div>\n\n\n\n<p>La UITP Academy, que forma parte de la Uni\u00f3n Internacional de Transportes P\u00fablicos (UITP), anunci\u00f3 la realizaci\u00f3n del 3 a 19 de octubre de 2023, en 8 sesiones, del curso de formaci\u00f3n online sobre Planificaci\u00f3n y Programaci\u00f3n de Autobuses.<\/p>\n\n\n\n<p>El curso se propone a ayudar el participante a aprender a adaptarse a la nueva normalidad de gestionar una red de autobuses eficaz y con \u00e9xito.<\/p>\n\n\n\n<p>Tambi\u00e9n a planificar y ejecutar las operaciones de autobuses para lograr la excelencia en el servicio al cliente y la optimizaci\u00f3n de los recursos.<\/p>\n\n\n\n<p>Y aprovechar los conocimientos internacionales de la UITP y la experiencia sobre el terreno de los anfitriones locales.<\/p>\n\n\n\n<p>Los participantes van a presentar y debatir los puntos de referencia y las mejores pr\u00e1cticas a escala regional y mundial.<\/p>\n\n\n\n<p>Y a\u00fan van a aprovechar las oportunidades de aprendizaje mutuo y una plataforma propicia para la creaci\u00f3n de redes.<\/p>\n\n\n\n<p><strong>A QUIENES VA DIRIGIDO<\/strong><\/p>\n\n\n\n<p>El curso va dirigido a personal de operadores de transporte en autob\u00fas o autoridades responsables de la planificaci\u00f3n y programaci\u00f3n. Y a personal de la industria mundial implicado en la incorporaci\u00f3n al mercado en este \u00e1mbito: empresas de STI, desarrolladores de software y fabricantes de veh\u00edculos.<\/p>\n\n\n\n<p>Tambi\u00e9n va dirigido a profesionales de operaciones de planificaci\u00f3n de autobuses, ingenier\u00eda y departamentos financieros. Y a profesionales interesados en obtener una perspectiva m\u00e1s amplia e internacional sobre este tema y deseosos de aprender m\u00e1s de las mejores pr\u00e1cticas en todo el mundo.<\/p>\n\n\n\n<p><strong>DOCENTES<\/strong><\/p>\n\n\n\n<p>Actuar\u00e1n como docentes Josep Enric Garc\u00eda Alemany, consultor en Transporte P\u00fablico; Luisa Bonilla, gerente de UITP para M\u00e9xico y Centroam\u00e9rica, y Carlos Crist\u00f3bal Pinto, experto en Transporte P\u00fablico y Movilidad Sostenible.<\/p>\n\n\n\n<p><strong>TARIFAS REDUCIDAS<\/strong><\/p>\n\n\n\n<p>Las inscripciones realizadas antes del 1 de septiembre tendr\u00e1n tarifa reducida.<\/p>\n\n\n\n<p>Para m\u00e1s informaci\u00f3n e inscripciones, haga <strong><em><a rel=\"noreferrer noopener\" href=\"https:\/\/www.uitp.org\/trainings\/bus-planning-scheduling-in-spanish\/register\/?utm_source=UITP&amp;utm_campaign=e92ab2296f-EMAIL_CAMPAIGN_2023_07_25_02_19&amp;utm_medium=email&amp;utm_term=0_-e92ab2296f-%5BLIST_EMAIL_ID%5D\" target=\"_blank\">clic aqu\u00ed<\/a><\/em><\/strong>.\u00a0\u00a0En caso de preguntas, contactar con Claudia Ingabire: claudia.ingabire@uitp.org<\/p>\n","protected":false},"excerpt":{"rendered":"<p>La UITP Academy, que forma parte de la Uni\u00f3n Internacional de Transportes P\u00fablicos (UITP), anunci\u00f3 la realizaci\u00f3n del 3 a 19 de octubre de 2023, en 8 sesiones, del curso de formaci\u00f3n online sobre Planificaci\u00f3n y Programaci\u00f3n de Autobuses. El curso se propone a ayudar el participante a aprender a adaptarse a la nueva normalidad [&hellip;]<\/p>\n","protected":false},"author":2,"featured_media":18529,"comment_status":"closed","ping_status":"closed","sticky":false,"template":"","format":"standard","meta":{"footnotes":""},"categories":[287,298],"tags":[2115,1638,739,1591],"class_list":["post-18523","post","type-post","status-publish","format-standard","has-post-thumbnail","hentry","category-notas","category-radar-es","tag-planificacion-y-programacion-de-autobuses","tag-radar-es","tag-uitp-es","tag-uitp-academy-es"],"yoast_head":"<!-- This site is optimized with the Yoast SEO plugin v26.9 - https:\/\/yoast.com\/product\/yoast-seo-wordpress\/ -->\n<title>UITP Academy anuncia la realizaci\u00f3n del 3 a 19 de octubre de un curso en ocho sesiones online sobre Planificaci\u00f3n y Programaci\u00f3n de Autobuses. Las inscripciones hechas antes del 1 de septiembre tendr\u00e1n tarifa reducida | Mobilitas<\/title>\n<meta name=\"robots\" content=\"index, follow, max-snippet:-1, max-image-preview:large, max-video-preview:-1\" \/>\n<link rel=\"canonical\" href=\"https:\/\/mobilitas.lat\/es\/2023\/08\/03\/uitp-academy-anuncia-la-realizacion-del-3-a-19-de-octubre-de-un-curso-en-ocho-sesiones-online-sobre-planificacion-y-programacion-de-autobuses-las-inscripciones-hechas-antes-del-1-de-septiembre-tendra\/\" \/>\n<meta property=\"og:locale\" content=\"es_ES\" \/>\n<meta property=\"og:type\" content=\"article\" \/>\n<meta property=\"og:title\" content=\"UITP Academy anuncia la realizaci\u00f3n del 3 a 19 de octubre de un curso en ocho sesiones online sobre Planificaci\u00f3n y Programaci\u00f3n de Autobuses. Las inscripciones hechas antes del 1 de septiembre tendr\u00e1n tarifa reducida | Mobilitas\" \/>\n<meta property=\"og:description\" content=\"La UITP Academy, que forma parte de la Uni\u00f3n Internacional de Transportes P\u00fablicos (UITP), anunci\u00f3 la realizaci\u00f3n del 3 a 19 de octubre de 2023, en 8 sesiones, del curso de formaci\u00f3n online sobre Planificaci\u00f3n y Programaci\u00f3n de Autobuses. El curso se propone a ayudar el participante a aprender a adaptarse a la nueva normalidad [&hellip;]\" \/>\n<meta property=\"og:url\" content=\"https:\/\/mobilitas.lat\/es\/2023\/08\/03\/uitp-academy-anuncia-la-realizacion-del-3-a-19-de-octubre-de-un-curso-en-ocho-sesiones-online-sobre-planificacion-y-programacion-de-autobuses-las-inscripciones-hechas-antes-del-1-de-septiembre-tendra\/\" \/>\n<meta property=\"og:site_name\" content=\"Mobilitas\" \/>\n<meta property=\"article:published_time\" content=\"2023-08-04T01:29:57+00:00\" \/>\n<meta property=\"article:modified_time\" content=\"2023-08-04T02:37:14+00:00\" \/>\n<meta property=\"og:image\" content=\"https:\/\/storage.mobilitas.lat\/uploads\/2023\/08\/MOBILITAS-UITP-CURSO-PROGRAMACAO-DE-ONIBUS-ILUSTRATIVA-1.jpg\" \/>\n\t<meta property=\"og:image:width\" content=\"566\" \/>\n\t<meta property=\"og:image:height\" content=\"322\" \/>\n\t<meta property=\"og:image:type\" content=\"image\/jpeg\" \/>\n<meta name=\"author\" content=\"Alexandre Asquini\" \/>\n<meta name=\"twitter:card\" content=\"summary_large_image\" \/>\n<meta name=\"twitter:label1\" content=\"Written by\" \/>\n\t<meta name=\"twitter:data1\" content=\"Alexandre Asquini\" \/>\n\t<meta name=\"twitter:label2\" content=\"Est. reading time\" \/>\n\t<meta name=\"twitter:data2\" content=\"2 minutes\" \/>\n<script type=\"application\/ld+json\" class=\"yoast-schema-graph\">{\"@context\":\"https:\/\/schema.org\",\"@graph\":[{\"@type\":\"Article\",\"@id\":\"https:\/\/mobilitas.lat\/es\/2023\/08\/03\/uitp-academy-anuncia-la-realizacion-del-3-a-19-de-octubre-de-un-curso-en-ocho-sesiones-online-sobre-planificacion-y-programacion-de-autobuses-las-inscripciones-hechas-antes-del-1-de-septiembre-tendra\/#article\",\"isPartOf\":{\"@id\":\"https:\/\/mobilitas.lat\/es\/2023\/08\/03\/uitp-academy-anuncia-la-realizacion-del-3-a-19-de-octubre-de-un-curso-en-ocho-sesiones-online-sobre-planificacion-y-programacion-de-autobuses-las-inscripciones-hechas-antes-del-1-de-septiembre-tendra\/\"},\"author\":{\"name\":\"Alexandre Asquini\",\"@id\":\"https:\/\/mobilitas.lat\/es\/#\/schema\/person\/cae0d01ccbe855d1858d146e4c4d582d\"},\"headline\":\"UITP Academy anuncia la realizaci\u00f3n del 3 a 19 de octubre de un curso en ocho sesiones online sobre Planificaci\u00f3n y Programaci\u00f3n de Autobuses. Las inscripciones hechas antes del 1 de septiembre tendr\u00e1n tarifa reducida\",\"datePublished\":\"2023-08-04T01:29:57+00:00\",\"dateModified\":\"2023-08-04T02:37:14+00:00\",\"mainEntityOfPage\":{\"@id\":\"https:\/\/mobilitas.lat\/es\/2023\/08\/03\/uitp-academy-anuncia-la-realizacion-del-3-a-19-de-octubre-de-un-curso-en-ocho-sesiones-online-sobre-planificacion-y-programacion-de-autobuses-las-inscripciones-hechas-antes-del-1-de-septiembre-tendra\/\"},\"wordCount\":367,\"publisher\":{\"@id\":\"https:\/\/mobilitas.lat\/es\/#organization\"},\"image\":{\"@id\":\"https:\/\/mobilitas.lat\/es\/2023\/08\/03\/uitp-academy-anuncia-la-realizacion-del-3-a-19-de-octubre-de-un-curso-en-ocho-sesiones-online-sobre-planificacion-y-programacion-de-autobuses-las-inscripciones-hechas-antes-del-1-de-septiembre-tendra\/#primaryimage\"},\"thumbnailUrl\":\"https:\/\/storage.mobilitas.lat\/uploads\/2023\/08\/MOBILITAS-UITP-CURSO-PROGRAMACAO-DE-ONIBUS-ILUSTRATIVA-1.jpg\",\"keywords\":[\"PLANIFICACI\u00d3N Y PROGRAMACI\u00d3N DE AUTOBUSES\",\"RADAR\",\"UITP\",\"UITP ACADEMY\"],\"articleSection\":[\"Notas\",\"Radar\"],\"inLanguage\":\"es-ES\"},{\"@type\":\"WebPage\",\"@id\":\"https:\/\/mobilitas.lat\/es\/2023\/08\/03\/uitp-academy-anuncia-la-realizacion-del-3-a-19-de-octubre-de-un-curso-en-ocho-sesiones-online-sobre-planificacion-y-programacion-de-autobuses-las-inscripciones-hechas-antes-del-1-de-septiembre-tendra\/\",\"url\":\"https:\/\/mobilitas.lat\/es\/2023\/08\/03\/uitp-academy-anuncia-la-realizacion-del-3-a-19-de-octubre-de-un-curso-en-ocho-sesiones-online-sobre-planificacion-y-programacion-de-autobuses-las-inscripciones-hechas-antes-del-1-de-septiembre-tendra\/\",\"name\":\"UITP Academy anuncia la realizaci\u00f3n del 3 a 19 de octubre de un curso en ocho sesiones online sobre Planificaci\u00f3n y Programaci\u00f3n de Autobuses. Las inscripciones hechas antes del 1 de septiembre tendr\u00e1n tarifa reducida | Mobilitas\",\"isPartOf\":{\"@id\":\"https:\/\/mobilitas.lat\/es\/#website\"},\"primaryImageOfPage\":{\"@id\":\"https:\/\/mobilitas.lat\/es\/2023\/08\/03\/uitp-academy-anuncia-la-realizacion-del-3-a-19-de-octubre-de-un-curso-en-ocho-sesiones-online-sobre-planificacion-y-programacion-de-autobuses-las-inscripciones-hechas-antes-del-1-de-septiembre-tendra\/#primaryimage\"},\"image\":{\"@id\":\"https:\/\/mobilitas.lat\/es\/2023\/08\/03\/uitp-academy-anuncia-la-realizacion-del-3-a-19-de-octubre-de-un-curso-en-ocho-sesiones-online-sobre-planificacion-y-programacion-de-autobuses-las-inscripciones-hechas-antes-del-1-de-septiembre-tendra\/#primaryimage\"},\"thumbnailUrl\":\"https:\/\/storage.mobilitas.lat\/uploads\/2023\/08\/MOBILITAS-UITP-CURSO-PROGRAMACAO-DE-ONIBUS-ILUSTRATIVA-1.jpg\",\"datePublished\":\"2023-08-04T01:29:57+00:00\",\"dateModified\":\"2023-08-04T02:37:14+00:00\",\"breadcrumb\":{\"@id\":\"https:\/\/mobilitas.lat\/es\/2023\/08\/03\/uitp-academy-anuncia-la-realizacion-del-3-a-19-de-octubre-de-un-curso-en-ocho-sesiones-online-sobre-planificacion-y-programacion-de-autobuses-las-inscripciones-hechas-antes-del-1-de-septiembre-tendra\/#breadcrumb\"},\"inLanguage\":\"es-ES\",\"potentialAction\":[{\"@type\":\"ReadAction\",\"target\":[\"https:\/\/mobilitas.lat\/es\/2023\/08\/03\/uitp-academy-anuncia-la-realizacion-del-3-a-19-de-octubre-de-un-curso-en-ocho-sesiones-online-sobre-planificacion-y-programacion-de-autobuses-las-inscripciones-hechas-antes-del-1-de-septiembre-tendra\/\"]}]},{\"@type\":\"ImageObject\",\"inLanguage\":\"es-ES\",\"@id\":\"https:\/\/mobilitas.lat\/es\/2023\/08\/03\/uitp-academy-anuncia-la-realizacion-del-3-a-19-de-octubre-de-un-curso-en-ocho-sesiones-online-sobre-planificacion-y-programacion-de-autobuses-las-inscripciones-hechas-antes-del-1-de-septiembre-tendra\/#primaryimage\",\"url\":\"https:\/\/storage.mobilitas.lat\/uploads\/2023\/08\/MOBILITAS-UITP-CURSO-PROGRAMACAO-DE-ONIBUS-ILUSTRATIVA-1.jpg\",\"contentUrl\":\"https:\/\/storage.mobilitas.lat\/uploads\/2023\/08\/MOBILITAS-UITP-CURSO-PROGRAMACAO-DE-ONIBUS-ILUSTRATIVA-1.jpg\",\"width\":566,\"height\":322},{\"@type\":\"BreadcrumbList\",\"@id\":\"https:\/\/mobilitas.lat\/es\/2023\/08\/03\/uitp-academy-anuncia-la-realizacion-del-3-a-19-de-octubre-de-un-curso-en-ocho-sesiones-online-sobre-planificacion-y-programacion-de-autobuses-las-inscripciones-hechas-antes-del-1-de-septiembre-tendra\/#breadcrumb\",\"itemListElement\":[{\"@type\":\"ListItem\",\"position\":1,\"name\":\"In\u00edcio\",\"item\":\"https:\/\/mobilitas.lat\/es\/\"},{\"@type\":\"ListItem\",\"position\":2,\"name\":\"UITP Academy anuncia la realizaci\u00f3n del 3 a 19 de octubre de un curso en ocho sesiones online sobre Planificaci\u00f3n y Programaci\u00f3n de Autobuses. Las inscripciones hechas antes del 1 de septiembre tendr\u00e1n tarifa reducida\"}]},{\"@type\":\"WebSite\",\"@id\":\"https:\/\/mobilitas.lat\/es\/#website\",\"url\":\"https:\/\/mobilitas.lat\/es\/\",\"name\":\"Mobilitas\",\"description\":\"Tecnologia e Mobilidade Urbana na Am\u00e9rica Latina\",\"publisher\":{\"@id\":\"https:\/\/mobilitas.lat\/es\/#organization\"},\"potentialAction\":[{\"@type\":\"SearchAction\",\"target\":{\"@type\":\"EntryPoint\",\"urlTemplate\":\"https:\/\/mobilitas.lat\/es\/?s={search_term_string}\"},\"query-input\":{\"@type\":\"PropertyValueSpecification\",\"valueRequired\":true,\"valueName\":\"search_term_string\"}}],\"inLanguage\":\"es-ES\"},{\"@type\":\"Organization\",\"@id\":\"https:\/\/mobilitas.lat\/es\/#organization\",\"name\":\"OTM Editora\",\"url\":\"https:\/\/mobilitas.lat\/es\/\",\"logo\":{\"@type\":\"ImageObject\",\"inLanguage\":\"es-ES\",\"@id\":\"https:\/\/mobilitas.lat\/es\/#\/schema\/logo\/image\/\",\"url\":\"https:\/\/mobilitas.lat\/wp-content\/uploads\/2024\/03\/opengraph.png\",\"contentUrl\":\"https:\/\/mobilitas.lat\/wp-content\/uploads\/2024\/03\/opengraph.png\",\"width\":1200,\"height\":630,\"caption\":\"OTM Editora\"},\"image\":{\"@id\":\"https:\/\/mobilitas.lat\/es\/#\/schema\/logo\/image\/\"}},{\"@type\":\"Person\",\"@id\":\"https:\/\/mobilitas.lat\/es\/#\/schema\/person\/cae0d01ccbe855d1858d146e4c4d582d\",\"name\":\"Alexandre Asquini\",\"image\":{\"@type\":\"ImageObject\",\"inLanguage\":\"es-ES\",\"@id\":\"https:\/\/mobilitas.lat\/es\/#\/schema\/person\/image\/\",\"url\":\"https:\/\/secure.gravatar.com\/avatar\/aac99dbef1420f75cc7d86913eb8a7cdfbe13e2509ad7a45649a61414f6d2785?s=96&d=mm&r=g\",\"contentUrl\":\"https:\/\/secure.gravatar.com\/avatar\/aac99dbef1420f75cc7d86913eb8a7cdfbe13e2509ad7a45649a61414f6d2785?s=96&d=mm&r=g\",\"caption\":\"Alexandre Asquini\"}}]}<\/script>\n<!-- \/ Yoast SEO plugin. -->","yoast_head_json":{"title":"UITP Academy anuncia la realizaci\u00f3n del 3 a 19 de octubre de un curso en ocho sesiones online sobre Planificaci\u00f3n y Programaci\u00f3n de Autobuses. Las inscripciones hechas antes del 1 de septiembre tendr\u00e1n tarifa reducida | Mobilitas","robots":{"index":"index","follow":"follow","max-snippet":"max-snippet:-1","max-image-preview":"max-image-preview:large","max-video-preview":"max-video-preview:-1"},"canonical":"https:\/\/mobilitas.lat\/es\/2023\/08\/03\/uitp-academy-anuncia-la-realizacion-del-3-a-19-de-octubre-de-un-curso-en-ocho-sesiones-online-sobre-planificacion-y-programacion-de-autobuses-las-inscripciones-hechas-antes-del-1-de-septiembre-tendra\/","og_locale":"es_ES","og_type":"article","og_title":"UITP Academy anuncia la realizaci\u00f3n del 3 a 19 de octubre de un curso en ocho sesiones online sobre Planificaci\u00f3n y Programaci\u00f3n de Autobuses. Las inscripciones hechas antes del 1 de septiembre tendr\u00e1n tarifa reducida | Mobilitas","og_description":"La UITP Academy, que forma parte de la Uni\u00f3n Internacional de Transportes P\u00fablicos (UITP), anunci\u00f3 la realizaci\u00f3n del 3 a 19 de octubre de 2023, en 8 sesiones, del curso de formaci\u00f3n online sobre Planificaci\u00f3n y Programaci\u00f3n de Autobuses. El curso se propone a ayudar el participante a aprender a adaptarse a la nueva normalidad [&hellip;]","og_url":"https:\/\/mobilitas.lat\/es\/2023\/08\/03\/uitp-academy-anuncia-la-realizacion-del-3-a-19-de-octubre-de-un-curso-en-ocho-sesiones-online-sobre-planificacion-y-programacion-de-autobuses-las-inscripciones-hechas-antes-del-1-de-septiembre-tendra\/","og_site_name":"Mobilitas","article_published_time":"2023-08-04T01:29:57+00:00","article_modified_time":"2023-08-04T02:37:14+00:00","og_image":[{"width":566,"height":322,"url":"https:\/\/storage.mobilitas.lat\/uploads\/2023\/08\/MOBILITAS-UITP-CURSO-PROGRAMACAO-DE-ONIBUS-ILUSTRATIVA-1.jpg","type":"image\/jpeg"}],"author":"Alexandre Asquini","twitter_card":"summary_large_image","twitter_misc":{"Written by":"Alexandre Asquini","Est. reading time":"2 minutes"},"schema":{"@context":"https:\/\/schema.org","@graph":[{"@type":"Article","@id":"https:\/\/mobilitas.lat\/es\/2023\/08\/03\/uitp-academy-anuncia-la-realizacion-del-3-a-19-de-octubre-de-un-curso-en-ocho-sesiones-online-sobre-planificacion-y-programacion-de-autobuses-las-inscripciones-hechas-antes-del-1-de-septiembre-tendra\/#article","isPartOf":{"@id":"https:\/\/mobilitas.lat\/es\/2023\/08\/03\/uitp-academy-anuncia-la-realizacion-del-3-a-19-de-octubre-de-un-curso-en-ocho-sesiones-online-sobre-planificacion-y-programacion-de-autobuses-las-inscripciones-hechas-antes-del-1-de-septiembre-tendra\/"},"author":{"name":"Alexandre Asquini","@id":"https:\/\/mobilitas.lat\/es\/#\/schema\/person\/cae0d01ccbe855d1858d146e4c4d582d"},"headline":"UITP Academy anuncia la realizaci\u00f3n del 3 a 19 de octubre de un curso en ocho sesiones online sobre Planificaci\u00f3n y Programaci\u00f3n de Autobuses. Las inscripciones hechas antes del 1 de septiembre tendr\u00e1n tarifa reducida","datePublished":"2023-08-04T01:29:57+00:00","dateModified":"2023-08-04T02:37:14+00:00","mainEntityOfPage":{"@id":"https:\/\/mobilitas.lat\/es\/2023\/08\/03\/uitp-academy-anuncia-la-realizacion-del-3-a-19-de-octubre-de-un-curso-en-ocho-sesiones-online-sobre-planificacion-y-programacion-de-autobuses-las-inscripciones-hechas-antes-del-1-de-septiembre-tendra\/"},"wordCount":367,"publisher":{"@id":"https:\/\/mobilitas.lat\/es\/#organization"},"image":{"@id":"https:\/\/mobilitas.lat\/es\/2023\/08\/03\/uitp-academy-anuncia-la-realizacion-del-3-a-19-de-octubre-de-un-curso-en-ocho-sesiones-online-sobre-planificacion-y-programacion-de-autobuses-las-inscripciones-hechas-antes-del-1-de-septiembre-tendra\/#primaryimage"},"thumbnailUrl":"https:\/\/storage.mobilitas.lat\/uploads\/2023\/08\/MOBILITAS-UITP-CURSO-PROGRAMACAO-DE-ONIBUS-ILUSTRATIVA-1.jpg","keywords":["PLANIFICACI\u00d3N Y PROGRAMACI\u00d3N DE AUTOBUSES","RADAR","UITP","UITP ACADEMY"],"articleSection":["Notas","Radar"],"inLanguage":"es-ES"},{"@type":"WebPage","@id":"https:\/\/mobilitas.lat\/es\/2023\/08\/03\/uitp-academy-anuncia-la-realizacion-del-3-a-19-de-octubre-de-un-curso-en-ocho-sesiones-online-sobre-planificacion-y-programacion-de-autobuses-las-inscripciones-hechas-antes-del-1-de-septiembre-tendra\/","url":"https:\/\/mobilitas.lat\/es\/2023\/08\/03\/uitp-academy-anuncia-la-realizacion-del-3-a-19-de-octubre-de-un-curso-en-ocho-sesiones-online-sobre-planificacion-y-programacion-de-autobuses-las-inscripciones-hechas-antes-del-1-de-septiembre-tendra\/","name":"UITP Academy anuncia la realizaci\u00f3n del 3 a 19 de octubre de un curso en ocho sesiones online sobre Planificaci\u00f3n y Programaci\u00f3n de Autobuses. Las inscripciones hechas antes del 1 de septiembre tendr\u00e1n tarifa reducida | Mobilitas","isPartOf":{"@id":"https:\/\/mobilitas.lat\/es\/#website"},"primaryImageOfPage":{"@id":"https:\/\/mobilitas.lat\/es\/2023\/08\/03\/uitp-academy-anuncia-la-realizacion-del-3-a-19-de-octubre-de-un-curso-en-ocho-sesiones-online-sobre-planificacion-y-programacion-de-autobuses-las-inscripciones-hechas-antes-del-1-de-septiembre-tendra\/#primaryimage"},"image":{"@id":"https:\/\/mobilitas.lat\/es\/2023\/08\/03\/uitp-academy-anuncia-la-realizacion-del-3-a-19-de-octubre-de-un-curso-en-ocho-sesiones-online-sobre-planificacion-y-programacion-de-autobuses-las-inscripciones-hechas-antes-del-1-de-septiembre-tendra\/#primaryimage"},"thumbnailUrl":"https:\/\/storage.mobilitas.lat\/uploads\/2023\/08\/MOBILITAS-UITP-CURSO-PROGRAMACAO-DE-ONIBUS-ILUSTRATIVA-1.jpg","datePublished":"2023-08-04T01:29:57+00:00","dateModified":"2023-08-04T02:37:14+00:00","breadcrumb":{"@id":"https:\/\/mobilitas.lat\/es\/2023\/08\/03\/uitp-academy-anuncia-la-realizacion-del-3-a-19-de-octubre-de-un-curso-en-ocho-sesiones-online-sobre-planificacion-y-programacion-de-autobuses-las-inscripciones-hechas-antes-del-1-de-septiembre-tendra\/#breadcrumb"},"inLanguage":"es-ES","potentialAction":[{"@type":"ReadAction","target":["https:\/\/mobilitas.lat\/es\/2023\/08\/03\/uitp-academy-anuncia-la-realizacion-del-3-a-19-de-octubre-de-un-curso-en-ocho-sesiones-online-sobre-planificacion-y-programacion-de-autobuses-las-inscripciones-hechas-antes-del-1-de-septiembre-tendra\/"]}]},{"@type":"ImageObject","inLanguage":"es-ES","@id":"https:\/\/mobilitas.lat\/es\/2023\/08\/03\/uitp-academy-anuncia-la-realizacion-del-3-a-19-de-octubre-de-un-curso-en-ocho-sesiones-online-sobre-planificacion-y-programacion-de-autobuses-las-inscripciones-hechas-antes-del-1-de-septiembre-tendra\/#primaryimage","url":"https:\/\/storage.mobilitas.lat\/uploads\/2023\/08\/MOBILITAS-UITP-CURSO-PROGRAMACAO-DE-ONIBUS-ILUSTRATIVA-1.jpg","contentUrl":"https:\/\/storage.mobilitas.lat\/uploads\/2023\/08\/MOBILITAS-UITP-CURSO-PROGRAMACAO-DE-ONIBUS-ILUSTRATIVA-1.jpg","width":566,"height":322},{"@type":"BreadcrumbList","@id":"https:\/\/mobilitas.lat\/es\/2023\/08\/03\/uitp-academy-anuncia-la-realizacion-del-3-a-19-de-octubre-de-un-curso-en-ocho-sesiones-online-sobre-planificacion-y-programacion-de-autobuses-las-inscripciones-hechas-antes-del-1-de-septiembre-tendra\/#breadcrumb","itemListElement":[{"@type":"ListItem","position":1,"name":"In\u00edcio","item":"https:\/\/mobilitas.lat\/es\/"},{"@type":"ListItem","position":2,"name":"UITP Academy anuncia la realizaci\u00f3n del 3 a 19 de octubre de un curso en ocho sesiones online sobre Planificaci\u00f3n y Programaci\u00f3n de Autobuses. Las inscripciones hechas antes del 1 de septiembre tendr\u00e1n tarifa reducida"}]},{"@type":"WebSite","@id":"https:\/\/mobilitas.lat\/es\/#website","url":"https:\/\/mobilitas.lat\/es\/","name":"Mobilitas","description":"Tecnologia e Mobilidade Urbana na Am\u00e9rica Latina","publisher":{"@id":"https:\/\/mobilitas.lat\/es\/#organization"},"potentialAction":[{"@type":"SearchAction","target":{"@type":"EntryPoint","urlTemplate":"https:\/\/mobilitas.lat\/es\/?s={search_term_string}"},"query-input":{"@type":"PropertyValueSpecification","valueRequired":true,"valueName":"search_term_string"}}],"inLanguage":"es-ES"},{"@type":"Organization","@id":"https:\/\/mobilitas.lat\/es\/#organization","name":"OTM Editora","url":"https:\/\/mobilitas.lat\/es\/","logo":{"@type":"ImageObject","inLanguage":"es-ES","@id":"https:\/\/mobilitas.lat\/es\/#\/schema\/logo\/image\/","url":"https:\/\/mobilitas.lat\/wp-content\/uploads\/2024\/03\/opengraph.png","contentUrl":"https:\/\/mobilitas.lat\/wp-content\/uploads\/2024\/03\/opengraph.png","width":1200,"height":630,"caption":"OTM Editora"},"image":{"@id":"https:\/\/mobilitas.lat\/es\/#\/schema\/logo\/image\/"}},{"@type":"Person","@id":"https:\/\/mobilitas.lat\/es\/#\/schema\/person\/cae0d01ccbe855d1858d146e4c4d582d","name":"Alexandre Asquini","image":{"@type":"ImageObject","inLanguage":"es-ES","@id":"https:\/\/mobilitas.lat\/es\/#\/schema\/person\/image\/","url":"https:\/\/secure.gravatar.com\/avatar\/aac99dbef1420f75cc7d86913eb8a7cdfbe13e2509ad7a45649a61414f6d2785?s=96&d=mm&r=g","contentUrl":"https:\/\/secure.gravatar.com\/avatar\/aac99dbef1420f75cc7d86913eb8a7cdfbe13e2509ad7a45649a61414f6d2785?s=96&d=mm&r=g","caption":"Alexandre Asquini"}}]}},"_links":{"self":[{"href":"https:\/\/mobilitas.lat\/es\/wp-json\/wp\/v2\/posts\/18523","targetHints":{"allow":["GET"]}}],"collection":[{"href":"https:\/\/mobilitas.lat\/es\/wp-json\/wp\/v2\/posts"}],"about":[{"href":"https:\/\/mobilitas.lat\/es\/wp-json\/wp\/v2\/types\/post"}],"author":[{"embeddable":true,"href":"https:\/\/mobilitas.lat\/es\/wp-json\/wp\/v2\/users\/2"}],"replies":[{"embeddable":true,"href":"https:\/\/mobilitas.lat\/es\/wp-json\/wp\/v2\/comments?post=18523"}],"version-history":[{"count":6,"href":"https:\/\/mobilitas.lat\/es\/wp-json\/wp\/v2\/posts\/18523\/revisions"}],"predecessor-version":[{"id":18533,"href":"https:\/\/mobilitas.lat\/es\/wp-json\/wp\/v2\/posts\/18523\/revisions\/18533"}],"wp:featuredmedia":[{"embeddable":true,"href":"https:\/\/mobilitas.lat\/es\/wp-json\/wp\/v2\/media\/18529"}],"wp:attachment":[{"href":"https:\/\/mobilitas.lat\/es\/wp-json\/wp\/v2\/media?parent=18523"}],"wp:term":[{"taxonomy":"category","embeddable":true,"href":"https:\/\/mobilitas.lat\/es\/wp-json\/wp\/v2\/categories?post=18523"},{"taxonomy":"post_tag","embeddable":true,"href":"https:\/\/mobilitas.lat\/es\/wp-json\/wp\/v2\/tags?post=18523"}],"curies":[{"name":"wp","href":"https:\/\/api.w.org\/{rel}","templated":true}]}}