{"id":18461,"date":"2023-07-23T22:48:53","date_gmt":"2023-07-24T01:48:53","guid":{"rendered":"https:\/\/mobilitas.lat\/?p=18461"},"modified":"2023-07-23T23:06:43","modified_gmt":"2023-07-24T02:06:43","slug":"un-total-de-24-km-de-nuevos-carriles-exclusivos-para-buses-garantizan-un-ahorro-de-tiempo-de-viaje-de-hasta-15-minutos-en-ambos-sentidos-del-corredor-rojo-informa-la-autoridad-de-transporte-urbano-d","status":"publish","type":"post","link":"https:\/\/mobilitas.lat\/es\/2023\/07\/23\/un-total-de-24-km-de-nuevos-carriles-exclusivos-para-buses-garantizan-un-ahorro-de-tiempo-de-viaje-de-hasta-15-minutos-en-ambos-sentidos-del-corredor-rojo-informa-la-autoridad-de-transporte-urbano-d\/","title":{"rendered":"Un total de 2,4 km de nuevos carriles exclusivos para buses garantizan un ahorro de tiempo de viaje de hasta 15 minutos en ambos sentidos del corredor Rojo, informa la Autoridad de Transporte Urbano de Lima y Callao (ATU)"},"content":{"rendered":"\n<div class=\"wp-block-image\"><figure class=\"aligncenter size-large\"><img loading=\"lazy\" decoding=\"async\" width=\"645\" height=\"363\" src=\"https:\/\/storage.mobilitas.lat\/uploads\/2023\/07\/MOBILITAS-ATU-LIMA-E-CALLAO-ONIBUS-CORREDOR-ROJO.jpg\" alt=\"\" class=\"wp-image-18454\" srcset=\"https:\/\/storage.mobilitas.lat\/uploads\/2023\/07\/MOBILITAS-ATU-LIMA-E-CALLAO-ONIBUS-CORREDOR-ROJO.jpg 645w, https:\/\/storage.mobilitas.lat\/uploads\/2023\/07\/MOBILITAS-ATU-LIMA-E-CALLAO-ONIBUS-CORREDOR-ROJO-300x169.jpg 300w\" sizes=\"auto, (max-width: 645px) 100vw, 645px\" \/><figcaption><strong><em>Autob\u00fas en el corredor Rojo<\/em><\/strong><\/figcaption><\/figure><\/div>\n\n\n\n<p>Desde el 15 de julio de 2023, los buses del corredor Rojo del sistema de Lima y Callao pasaron a contar con una mayor extensi\u00f3n de v\u00edas segregadas.<\/p>\n\n\n\n<p>Esta medida, seg\u00fan inform\u00f3 la Autoridad de Transporte Urbano para Lima y Callao (ATU), permite un ahorro de tiempo de viaje de hasta 15 minutos aproximadamente, en ambos sentidos.&nbsp;<\/p>\n\n\n\n<p>La entidad precis\u00f3 que los nuevos carriles segregados se encuentran en varios tramos de la l\u00ednea, totalizando 2,4 km de longitud.<\/p>\n\n\n\n<p>Personal de campo y controladores de v\u00edas de la ATU garantizan que solo los buses del mencionado corredor transiten por las v\u00edas exclusivas a fin de agilizar la circulaci\u00f3n.<\/p>\n\n\n\n<p>Por otra parte, ATU ya ha iniciado los trabajos de mantenimiento y sustituci\u00f3n de los dispositivos que sirven para segregar otros tramos del corredor Rojo (1,1 km de v\u00eda) en tres avenidas. Estas mejoras tienen un plazo de entrega de 15 d\u00edas h\u00e1biles y, por tanto, deber\u00edan estar listas en agosto de 2023.<\/p>\n\n\n\n<p><strong>CORREDOR MORADO<\/strong><\/p>\n\n\n\n<p>En junio de 2023, la ATU implement\u00f3 carriles exclusivos para los buses del corredor Morado en m\u00e1s de 7 km de dos avenidas. Tambi\u00e9n anunci\u00f3 el incremento de la flota de buses del mismo corredor, para movilizar a m\u00e1s de 3600 nuevos usuarios al d\u00eda.<\/p>\n\n\n\n<div class=\"wp-block-image\"><figure class=\"aligncenter size-large\"><img loading=\"lazy\" decoding=\"async\" width=\"526\" height=\"526\" src=\"https:\/\/storage.mobilitas.lat\/uploads\/2023\/07\/MOBILITAS-ATU-LIMA-E-CALLAO-CARTAZ-CORREDOR-ROJO-AMPLIADO.jpg\" alt=\"\" class=\"wp-image-18456\" srcset=\"https:\/\/storage.mobilitas.lat\/uploads\/2023\/07\/MOBILITAS-ATU-LIMA-E-CALLAO-CARTAZ-CORREDOR-ROJO-AMPLIADO.jpg 526w, https:\/\/storage.mobilitas.lat\/uploads\/2023\/07\/MOBILITAS-ATU-LIMA-E-CALLAO-CARTAZ-CORREDOR-ROJO-AMPLIADO-300x300.jpg 300w, https:\/\/storage.mobilitas.lat\/uploads\/2023\/07\/MOBILITAS-ATU-LIMA-E-CALLAO-CARTAZ-CORREDOR-ROJO-AMPLIADO-150x150.jpg 150w, https:\/\/storage.mobilitas.lat\/uploads\/2023\/07\/MOBILITAS-ATU-LIMA-E-CALLAO-CARTAZ-CORREDOR-ROJO-AMPLIADO-135x135.jpg 135w\" sizes=\"auto, (max-width: 526px) 100vw, 526px\" \/><\/figure><\/div>\n\n\n\n<p><\/p>\n","protected":false},"excerpt":{"rendered":"<p>Desde el 15 de julio de 2023, los buses del corredor Rojo del sistema de Lima y Callao pasaron a contar con una mayor extensi\u00f3n de v\u00edas segregadas. Esta medida, seg\u00fan inform\u00f3 la Autoridad de Transporte Urbano para Lima y Callao (ATU), permite un ahorro de tiempo de viaje de hasta 15 minutos aproximadamente, en [&hellip;]<\/p>\n","protected":false},"author":2,"featured_media":18454,"comment_status":"closed","ping_status":"closed","sticky":false,"template":"","format":"standard","meta":{"footnotes":""},"categories":[336,287],"tags":[1149,2109,898],"class_list":["post-18461","post","type-post","status-publish","format-standard","has-post-thumbnail","hentry","category-informacion","category-notas","tag-autoridad-de-transporte-urbano-para-lima-y-callao-atu","tag-corredor-rojo","tag-informacion"],"yoast_head":"<!-- This site is optimized with the Yoast SEO plugin v26.9 - https:\/\/yoast.com\/product\/yoast-seo-wordpress\/ -->\n<title>Un total de 2,4 km de nuevos carriles exclusivos para buses garantizan un ahorro de tiempo de viaje de hasta 15 minutos en ambos sentidos del corredor Rojo, informa la Autoridad de Transporte Urbano de Lima y Callao (ATU) | Mobilitas<\/title>\n<meta name=\"robots\" content=\"index, follow, max-snippet:-1, max-image-preview:large, max-video-preview:-1\" \/>\n<link rel=\"canonical\" href=\"https:\/\/mobilitas.lat\/es\/2023\/07\/23\/un-total-de-24-km-de-nuevos-carriles-exclusivos-para-buses-garantizan-un-ahorro-de-tiempo-de-viaje-de-hasta-15-minutos-en-ambos-sentidos-del-corredor-rojo-informa-la-autoridad-de-transporte-urbano-d\/\" \/>\n<meta property=\"og:locale\" content=\"es_ES\" \/>\n<meta property=\"og:type\" content=\"article\" \/>\n<meta property=\"og:title\" content=\"Un total de 2,4 km de nuevos carriles exclusivos para buses garantizan un ahorro de tiempo de viaje de hasta 15 minutos en ambos sentidos del corredor Rojo, informa la Autoridad de Transporte Urbano de Lima y Callao (ATU) | Mobilitas\" \/>\n<meta property=\"og:description\" content=\"Desde el 15 de julio de 2023, los buses del corredor Rojo del sistema de Lima y Callao pasaron a contar con una mayor extensi\u00f3n de v\u00edas segregadas. Esta medida, seg\u00fan inform\u00f3 la Autoridad de Transporte Urbano para Lima y Callao (ATU), permite un ahorro de tiempo de viaje de hasta 15 minutos aproximadamente, en [&hellip;]\" \/>\n<meta property=\"og:url\" content=\"https:\/\/mobilitas.lat\/es\/2023\/07\/23\/un-total-de-24-km-de-nuevos-carriles-exclusivos-para-buses-garantizan-un-ahorro-de-tiempo-de-viaje-de-hasta-15-minutos-en-ambos-sentidos-del-corredor-rojo-informa-la-autoridad-de-transporte-urbano-d\/\" \/>\n<meta property=\"og:site_name\" content=\"Mobilitas\" \/>\n<meta property=\"article:published_time\" content=\"2023-07-24T01:48:53+00:00\" \/>\n<meta property=\"article:modified_time\" content=\"2023-07-24T02:06:43+00:00\" \/>\n<meta property=\"og:image\" content=\"https:\/\/storage.mobilitas.lat\/uploads\/2023\/07\/MOBILITAS-ATU-LIMA-E-CALLAO-ONIBUS-CORREDOR-ROJO.jpg\" \/>\n\t<meta property=\"og:image:width\" content=\"645\" \/>\n\t<meta property=\"og:image:height\" content=\"363\" \/>\n\t<meta property=\"og:image:type\" content=\"image\/jpeg\" \/>\n<meta name=\"author\" content=\"Alexandre Asquini\" \/>\n<meta name=\"twitter:card\" content=\"summary_large_image\" \/>\n<meta name=\"twitter:label1\" content=\"Written by\" \/>\n\t<meta name=\"twitter:data1\" content=\"Alexandre Asquini\" \/>\n\t<meta name=\"twitter:label2\" content=\"Est. reading time\" \/>\n\t<meta name=\"twitter:data2\" content=\"1 minute\" \/>\n<script type=\"application\/ld+json\" class=\"yoast-schema-graph\">{\"@context\":\"https:\/\/schema.org\",\"@graph\":[{\"@type\":\"Article\",\"@id\":\"https:\/\/mobilitas.lat\/es\/2023\/07\/23\/un-total-de-24-km-de-nuevos-carriles-exclusivos-para-buses-garantizan-un-ahorro-de-tiempo-de-viaje-de-hasta-15-minutos-en-ambos-sentidos-del-corredor-rojo-informa-la-autoridad-de-transporte-urbano-d\/#article\",\"isPartOf\":{\"@id\":\"https:\/\/mobilitas.lat\/es\/2023\/07\/23\/un-total-de-24-km-de-nuevos-carriles-exclusivos-para-buses-garantizan-un-ahorro-de-tiempo-de-viaje-de-hasta-15-minutos-en-ambos-sentidos-del-corredor-rojo-informa-la-autoridad-de-transporte-urbano-d\/\"},\"author\":{\"name\":\"Alexandre Asquini\",\"@id\":\"https:\/\/mobilitas.lat\/es\/#\/schema\/person\/cae0d01ccbe855d1858d146e4c4d582d\"},\"headline\":\"Un total de 2,4 km de nuevos carriles exclusivos para buses garantizan un ahorro de tiempo de viaje de hasta 15 minutos en ambos sentidos del corredor Rojo, informa la Autoridad de Transporte Urbano de Lima y Callao (ATU)\",\"datePublished\":\"2023-07-24T01:48:53+00:00\",\"dateModified\":\"2023-07-24T02:06:43+00:00\",\"mainEntityOfPage\":{\"@id\":\"https:\/\/mobilitas.lat\/es\/2023\/07\/23\/un-total-de-24-km-de-nuevos-carriles-exclusivos-para-buses-garantizan-un-ahorro-de-tiempo-de-viaje-de-hasta-15-minutos-en-ambos-sentidos-del-corredor-rojo-informa-la-autoridad-de-transporte-urbano-d\/\"},\"wordCount\":257,\"publisher\":{\"@id\":\"https:\/\/mobilitas.lat\/es\/#organization\"},\"image\":{\"@id\":\"https:\/\/mobilitas.lat\/es\/2023\/07\/23\/un-total-de-24-km-de-nuevos-carriles-exclusivos-para-buses-garantizan-un-ahorro-de-tiempo-de-viaje-de-hasta-15-minutos-en-ambos-sentidos-del-corredor-rojo-informa-la-autoridad-de-transporte-urbano-d\/#primaryimage\"},\"thumbnailUrl\":\"https:\/\/storage.mobilitas.lat\/uploads\/2023\/07\/MOBILITAS-ATU-LIMA-E-CALLAO-ONIBUS-CORREDOR-ROJO.jpg\",\"keywords\":[\"AUTORIDAD DE TRANSPORTE URBANO PARA LIMA Y CALLAO (ATU)\",\"CORREDOR ROJO\",\"INFORMACI\u00d3N\"],\"articleSection\":[\"Informaci\u00f3n\",\"Notas\"],\"inLanguage\":\"es-ES\"},{\"@type\":\"WebPage\",\"@id\":\"https:\/\/mobilitas.lat\/es\/2023\/07\/23\/un-total-de-24-km-de-nuevos-carriles-exclusivos-para-buses-garantizan-un-ahorro-de-tiempo-de-viaje-de-hasta-15-minutos-en-ambos-sentidos-del-corredor-rojo-informa-la-autoridad-de-transporte-urbano-d\/\",\"url\":\"https:\/\/mobilitas.lat\/es\/2023\/07\/23\/un-total-de-24-km-de-nuevos-carriles-exclusivos-para-buses-garantizan-un-ahorro-de-tiempo-de-viaje-de-hasta-15-minutos-en-ambos-sentidos-del-corredor-rojo-informa-la-autoridad-de-transporte-urbano-d\/\",\"name\":\"Un total de 2,4 km de nuevos carriles exclusivos para buses garantizan un ahorro de tiempo de viaje de hasta 15 minutos en ambos sentidos del corredor Rojo, informa la Autoridad de Transporte Urbano de Lima y Callao (ATU) | Mobilitas\",\"isPartOf\":{\"@id\":\"https:\/\/mobilitas.lat\/es\/#website\"},\"primaryImageOfPage\":{\"@id\":\"https:\/\/mobilitas.lat\/es\/2023\/07\/23\/un-total-de-24-km-de-nuevos-carriles-exclusivos-para-buses-garantizan-un-ahorro-de-tiempo-de-viaje-de-hasta-15-minutos-en-ambos-sentidos-del-corredor-rojo-informa-la-autoridad-de-transporte-urbano-d\/#primaryimage\"},\"image\":{\"@id\":\"https:\/\/mobilitas.lat\/es\/2023\/07\/23\/un-total-de-24-km-de-nuevos-carriles-exclusivos-para-buses-garantizan-un-ahorro-de-tiempo-de-viaje-de-hasta-15-minutos-en-ambos-sentidos-del-corredor-rojo-informa-la-autoridad-de-transporte-urbano-d\/#primaryimage\"},\"thumbnailUrl\":\"https:\/\/storage.mobilitas.lat\/uploads\/2023\/07\/MOBILITAS-ATU-LIMA-E-CALLAO-ONIBUS-CORREDOR-ROJO.jpg\",\"datePublished\":\"2023-07-24T01:48:53+00:00\",\"dateModified\":\"2023-07-24T02:06:43+00:00\",\"breadcrumb\":{\"@id\":\"https:\/\/mobilitas.lat\/es\/2023\/07\/23\/un-total-de-24-km-de-nuevos-carriles-exclusivos-para-buses-garantizan-un-ahorro-de-tiempo-de-viaje-de-hasta-15-minutos-en-ambos-sentidos-del-corredor-rojo-informa-la-autoridad-de-transporte-urbano-d\/#breadcrumb\"},\"inLanguage\":\"es-ES\",\"potentialAction\":[{\"@type\":\"ReadAction\",\"target\":[\"https:\/\/mobilitas.lat\/es\/2023\/07\/23\/un-total-de-24-km-de-nuevos-carriles-exclusivos-para-buses-garantizan-un-ahorro-de-tiempo-de-viaje-de-hasta-15-minutos-en-ambos-sentidos-del-corredor-rojo-informa-la-autoridad-de-transporte-urbano-d\/\"]}]},{\"@type\":\"ImageObject\",\"inLanguage\":\"es-ES\",\"@id\":\"https:\/\/mobilitas.lat\/es\/2023\/07\/23\/un-total-de-24-km-de-nuevos-carriles-exclusivos-para-buses-garantizan-un-ahorro-de-tiempo-de-viaje-de-hasta-15-minutos-en-ambos-sentidos-del-corredor-rojo-informa-la-autoridad-de-transporte-urbano-d\/#primaryimage\",\"url\":\"https:\/\/storage.mobilitas.lat\/uploads\/2023\/07\/MOBILITAS-ATU-LIMA-E-CALLAO-ONIBUS-CORREDOR-ROJO.jpg\",\"contentUrl\":\"https:\/\/storage.mobilitas.lat\/uploads\/2023\/07\/MOBILITAS-ATU-LIMA-E-CALLAO-ONIBUS-CORREDOR-ROJO.jpg\",\"width\":645,\"height\":363},{\"@type\":\"BreadcrumbList\",\"@id\":\"https:\/\/mobilitas.lat\/es\/2023\/07\/23\/un-total-de-24-km-de-nuevos-carriles-exclusivos-para-buses-garantizan-un-ahorro-de-tiempo-de-viaje-de-hasta-15-minutos-en-ambos-sentidos-del-corredor-rojo-informa-la-autoridad-de-transporte-urbano-d\/#breadcrumb\",\"itemListElement\":[{\"@type\":\"ListItem\",\"position\":1,\"name\":\"In\u00edcio\",\"item\":\"https:\/\/mobilitas.lat\/es\/\"},{\"@type\":\"ListItem\",\"position\":2,\"name\":\"Un total de 2,4 km de nuevos carriles exclusivos para buses garantizan un ahorro de tiempo de viaje de hasta 15 minutos en ambos sentidos del corredor Rojo, informa la Autoridad de Transporte Urbano de Lima y Callao (ATU)\"}]},{\"@type\":\"WebSite\",\"@id\":\"https:\/\/mobilitas.lat\/es\/#website\",\"url\":\"https:\/\/mobilitas.lat\/es\/\",\"name\":\"Mobilitas\",\"description\":\"Tecnologia e Mobilidade Urbana na Am\u00e9rica Latina\",\"publisher\":{\"@id\":\"https:\/\/mobilitas.lat\/es\/#organization\"},\"potentialAction\":[{\"@type\":\"SearchAction\",\"target\":{\"@type\":\"EntryPoint\",\"urlTemplate\":\"https:\/\/mobilitas.lat\/es\/?s={search_term_string}\"},\"query-input\":{\"@type\":\"PropertyValueSpecification\",\"valueRequired\":true,\"valueName\":\"search_term_string\"}}],\"inLanguage\":\"es-ES\"},{\"@type\":\"Organization\",\"@id\":\"https:\/\/mobilitas.lat\/es\/#organization\",\"name\":\"OTM Editora\",\"url\":\"https:\/\/mobilitas.lat\/es\/\",\"logo\":{\"@type\":\"ImageObject\",\"inLanguage\":\"es-ES\",\"@id\":\"https:\/\/mobilitas.lat\/es\/#\/schema\/logo\/image\/\",\"url\":\"https:\/\/mobilitas.lat\/wp-content\/uploads\/2024\/03\/opengraph.png\",\"contentUrl\":\"https:\/\/mobilitas.lat\/wp-content\/uploads\/2024\/03\/opengraph.png\",\"width\":1200,\"height\":630,\"caption\":\"OTM Editora\"},\"image\":{\"@id\":\"https:\/\/mobilitas.lat\/es\/#\/schema\/logo\/image\/\"}},{\"@type\":\"Person\",\"@id\":\"https:\/\/mobilitas.lat\/es\/#\/schema\/person\/cae0d01ccbe855d1858d146e4c4d582d\",\"name\":\"Alexandre Asquini\",\"image\":{\"@type\":\"ImageObject\",\"inLanguage\":\"es-ES\",\"@id\":\"https:\/\/mobilitas.lat\/es\/#\/schema\/person\/image\/\",\"url\":\"https:\/\/secure.gravatar.com\/avatar\/aac99dbef1420f75cc7d86913eb8a7cdfbe13e2509ad7a45649a61414f6d2785?s=96&d=mm&r=g\",\"contentUrl\":\"https:\/\/secure.gravatar.com\/avatar\/aac99dbef1420f75cc7d86913eb8a7cdfbe13e2509ad7a45649a61414f6d2785?s=96&d=mm&r=g\",\"caption\":\"Alexandre Asquini\"}}]}<\/script>\n<!-- \/ Yoast SEO plugin. -->","yoast_head_json":{"title":"Un total de 2,4 km de nuevos carriles exclusivos para buses garantizan un ahorro de tiempo de viaje de hasta 15 minutos en ambos sentidos del corredor Rojo, informa la Autoridad de Transporte Urbano de Lima y Callao (ATU) | Mobilitas","robots":{"index":"index","follow":"follow","max-snippet":"max-snippet:-1","max-image-preview":"max-image-preview:large","max-video-preview":"max-video-preview:-1"},"canonical":"https:\/\/mobilitas.lat\/es\/2023\/07\/23\/un-total-de-24-km-de-nuevos-carriles-exclusivos-para-buses-garantizan-un-ahorro-de-tiempo-de-viaje-de-hasta-15-minutos-en-ambos-sentidos-del-corredor-rojo-informa-la-autoridad-de-transporte-urbano-d\/","og_locale":"es_ES","og_type":"article","og_title":"Un total de 2,4 km de nuevos carriles exclusivos para buses garantizan un ahorro de tiempo de viaje de hasta 15 minutos en ambos sentidos del corredor Rojo, informa la Autoridad de Transporte Urbano de Lima y Callao (ATU) | Mobilitas","og_description":"Desde el 15 de julio de 2023, los buses del corredor Rojo del sistema de Lima y Callao pasaron a contar con una mayor extensi\u00f3n de v\u00edas segregadas. Esta medida, seg\u00fan inform\u00f3 la Autoridad de Transporte Urbano para Lima y Callao (ATU), permite un ahorro de tiempo de viaje de hasta 15 minutos aproximadamente, en [&hellip;]","og_url":"https:\/\/mobilitas.lat\/es\/2023\/07\/23\/un-total-de-24-km-de-nuevos-carriles-exclusivos-para-buses-garantizan-un-ahorro-de-tiempo-de-viaje-de-hasta-15-minutos-en-ambos-sentidos-del-corredor-rojo-informa-la-autoridad-de-transporte-urbano-d\/","og_site_name":"Mobilitas","article_published_time":"2023-07-24T01:48:53+00:00","article_modified_time":"2023-07-24T02:06:43+00:00","og_image":[{"width":645,"height":363,"url":"https:\/\/storage.mobilitas.lat\/uploads\/2023\/07\/MOBILITAS-ATU-LIMA-E-CALLAO-ONIBUS-CORREDOR-ROJO.jpg","type":"image\/jpeg"}],"author":"Alexandre Asquini","twitter_card":"summary_large_image","twitter_misc":{"Written by":"Alexandre Asquini","Est. reading time":"1 minute"},"schema":{"@context":"https:\/\/schema.org","@graph":[{"@type":"Article","@id":"https:\/\/mobilitas.lat\/es\/2023\/07\/23\/un-total-de-24-km-de-nuevos-carriles-exclusivos-para-buses-garantizan-un-ahorro-de-tiempo-de-viaje-de-hasta-15-minutos-en-ambos-sentidos-del-corredor-rojo-informa-la-autoridad-de-transporte-urbano-d\/#article","isPartOf":{"@id":"https:\/\/mobilitas.lat\/es\/2023\/07\/23\/un-total-de-24-km-de-nuevos-carriles-exclusivos-para-buses-garantizan-un-ahorro-de-tiempo-de-viaje-de-hasta-15-minutos-en-ambos-sentidos-del-corredor-rojo-informa-la-autoridad-de-transporte-urbano-d\/"},"author":{"name":"Alexandre Asquini","@id":"https:\/\/mobilitas.lat\/es\/#\/schema\/person\/cae0d01ccbe855d1858d146e4c4d582d"},"headline":"Un total de 2,4 km de nuevos carriles exclusivos para buses garantizan un ahorro de tiempo de viaje de hasta 15 minutos en ambos sentidos del corredor Rojo, informa la Autoridad de Transporte Urbano de Lima y Callao (ATU)","datePublished":"2023-07-24T01:48:53+00:00","dateModified":"2023-07-24T02:06:43+00:00","mainEntityOfPage":{"@id":"https:\/\/mobilitas.lat\/es\/2023\/07\/23\/un-total-de-24-km-de-nuevos-carriles-exclusivos-para-buses-garantizan-un-ahorro-de-tiempo-de-viaje-de-hasta-15-minutos-en-ambos-sentidos-del-corredor-rojo-informa-la-autoridad-de-transporte-urbano-d\/"},"wordCount":257,"publisher":{"@id":"https:\/\/mobilitas.lat\/es\/#organization"},"image":{"@id":"https:\/\/mobilitas.lat\/es\/2023\/07\/23\/un-total-de-24-km-de-nuevos-carriles-exclusivos-para-buses-garantizan-un-ahorro-de-tiempo-de-viaje-de-hasta-15-minutos-en-ambos-sentidos-del-corredor-rojo-informa-la-autoridad-de-transporte-urbano-d\/#primaryimage"},"thumbnailUrl":"https:\/\/storage.mobilitas.lat\/uploads\/2023\/07\/MOBILITAS-ATU-LIMA-E-CALLAO-ONIBUS-CORREDOR-ROJO.jpg","keywords":["AUTORIDAD DE TRANSPORTE URBANO PARA LIMA Y CALLAO (ATU)","CORREDOR ROJO","INFORMACI\u00d3N"],"articleSection":["Informaci\u00f3n","Notas"],"inLanguage":"es-ES"},{"@type":"WebPage","@id":"https:\/\/mobilitas.lat\/es\/2023\/07\/23\/un-total-de-24-km-de-nuevos-carriles-exclusivos-para-buses-garantizan-un-ahorro-de-tiempo-de-viaje-de-hasta-15-minutos-en-ambos-sentidos-del-corredor-rojo-informa-la-autoridad-de-transporte-urbano-d\/","url":"https:\/\/mobilitas.lat\/es\/2023\/07\/23\/un-total-de-24-km-de-nuevos-carriles-exclusivos-para-buses-garantizan-un-ahorro-de-tiempo-de-viaje-de-hasta-15-minutos-en-ambos-sentidos-del-corredor-rojo-informa-la-autoridad-de-transporte-urbano-d\/","name":"Un total de 2,4 km de nuevos carriles exclusivos para buses garantizan un ahorro de tiempo de viaje de hasta 15 minutos en ambos sentidos del corredor Rojo, informa la Autoridad de Transporte Urbano de Lima y Callao (ATU) | Mobilitas","isPartOf":{"@id":"https:\/\/mobilitas.lat\/es\/#website"},"primaryImageOfPage":{"@id":"https:\/\/mobilitas.lat\/es\/2023\/07\/23\/un-total-de-24-km-de-nuevos-carriles-exclusivos-para-buses-garantizan-un-ahorro-de-tiempo-de-viaje-de-hasta-15-minutos-en-ambos-sentidos-del-corredor-rojo-informa-la-autoridad-de-transporte-urbano-d\/#primaryimage"},"image":{"@id":"https:\/\/mobilitas.lat\/es\/2023\/07\/23\/un-total-de-24-km-de-nuevos-carriles-exclusivos-para-buses-garantizan-un-ahorro-de-tiempo-de-viaje-de-hasta-15-minutos-en-ambos-sentidos-del-corredor-rojo-informa-la-autoridad-de-transporte-urbano-d\/#primaryimage"},"thumbnailUrl":"https:\/\/storage.mobilitas.lat\/uploads\/2023\/07\/MOBILITAS-ATU-LIMA-E-CALLAO-ONIBUS-CORREDOR-ROJO.jpg","datePublished":"2023-07-24T01:48:53+00:00","dateModified":"2023-07-24T02:06:43+00:00","breadcrumb":{"@id":"https:\/\/mobilitas.lat\/es\/2023\/07\/23\/un-total-de-24-km-de-nuevos-carriles-exclusivos-para-buses-garantizan-un-ahorro-de-tiempo-de-viaje-de-hasta-15-minutos-en-ambos-sentidos-del-corredor-rojo-informa-la-autoridad-de-transporte-urbano-d\/#breadcrumb"},"inLanguage":"es-ES","potentialAction":[{"@type":"ReadAction","target":["https:\/\/mobilitas.lat\/es\/2023\/07\/23\/un-total-de-24-km-de-nuevos-carriles-exclusivos-para-buses-garantizan-un-ahorro-de-tiempo-de-viaje-de-hasta-15-minutos-en-ambos-sentidos-del-corredor-rojo-informa-la-autoridad-de-transporte-urbano-d\/"]}]},{"@type":"ImageObject","inLanguage":"es-ES","@id":"https:\/\/mobilitas.lat\/es\/2023\/07\/23\/un-total-de-24-km-de-nuevos-carriles-exclusivos-para-buses-garantizan-un-ahorro-de-tiempo-de-viaje-de-hasta-15-minutos-en-ambos-sentidos-del-corredor-rojo-informa-la-autoridad-de-transporte-urbano-d\/#primaryimage","url":"https:\/\/storage.mobilitas.lat\/uploads\/2023\/07\/MOBILITAS-ATU-LIMA-E-CALLAO-ONIBUS-CORREDOR-ROJO.jpg","contentUrl":"https:\/\/storage.mobilitas.lat\/uploads\/2023\/07\/MOBILITAS-ATU-LIMA-E-CALLAO-ONIBUS-CORREDOR-ROJO.jpg","width":645,"height":363},{"@type":"BreadcrumbList","@id":"https:\/\/mobilitas.lat\/es\/2023\/07\/23\/un-total-de-24-km-de-nuevos-carriles-exclusivos-para-buses-garantizan-un-ahorro-de-tiempo-de-viaje-de-hasta-15-minutos-en-ambos-sentidos-del-corredor-rojo-informa-la-autoridad-de-transporte-urbano-d\/#breadcrumb","itemListElement":[{"@type":"ListItem","position":1,"name":"In\u00edcio","item":"https:\/\/mobilitas.lat\/es\/"},{"@type":"ListItem","position":2,"name":"Un total de 2,4 km de nuevos carriles exclusivos para buses garantizan un ahorro de tiempo de viaje de hasta 15 minutos en ambos sentidos del corredor Rojo, informa la Autoridad de Transporte Urbano de Lima y Callao (ATU)"}]},{"@type":"WebSite","@id":"https:\/\/mobilitas.lat\/es\/#website","url":"https:\/\/mobilitas.lat\/es\/","name":"Mobilitas","description":"Tecnologia e Mobilidade Urbana na Am\u00e9rica Latina","publisher":{"@id":"https:\/\/mobilitas.lat\/es\/#organization"},"potentialAction":[{"@type":"SearchAction","target":{"@type":"EntryPoint","urlTemplate":"https:\/\/mobilitas.lat\/es\/?s={search_term_string}"},"query-input":{"@type":"PropertyValueSpecification","valueRequired":true,"valueName":"search_term_string"}}],"inLanguage":"es-ES"},{"@type":"Organization","@id":"https:\/\/mobilitas.lat\/es\/#organization","name":"OTM Editora","url":"https:\/\/mobilitas.lat\/es\/","logo":{"@type":"ImageObject","inLanguage":"es-ES","@id":"https:\/\/mobilitas.lat\/es\/#\/schema\/logo\/image\/","url":"https:\/\/mobilitas.lat\/wp-content\/uploads\/2024\/03\/opengraph.png","contentUrl":"https:\/\/mobilitas.lat\/wp-content\/uploads\/2024\/03\/opengraph.png","width":1200,"height":630,"caption":"OTM Editora"},"image":{"@id":"https:\/\/mobilitas.lat\/es\/#\/schema\/logo\/image\/"}},{"@type":"Person","@id":"https:\/\/mobilitas.lat\/es\/#\/schema\/person\/cae0d01ccbe855d1858d146e4c4d582d","name":"Alexandre Asquini","image":{"@type":"ImageObject","inLanguage":"es-ES","@id":"https:\/\/mobilitas.lat\/es\/#\/schema\/person\/image\/","url":"https:\/\/secure.gravatar.com\/avatar\/aac99dbef1420f75cc7d86913eb8a7cdfbe13e2509ad7a45649a61414f6d2785?s=96&d=mm&r=g","contentUrl":"https:\/\/secure.gravatar.com\/avatar\/aac99dbef1420f75cc7d86913eb8a7cdfbe13e2509ad7a45649a61414f6d2785?s=96&d=mm&r=g","caption":"Alexandre Asquini"}}]}},"_links":{"self":[{"href":"https:\/\/mobilitas.lat\/es\/wp-json\/wp\/v2\/posts\/18461","targetHints":{"allow":["GET"]}}],"collection":[{"href":"https:\/\/mobilitas.lat\/es\/wp-json\/wp\/v2\/posts"}],"about":[{"href":"https:\/\/mobilitas.lat\/es\/wp-json\/wp\/v2\/types\/post"}],"author":[{"embeddable":true,"href":"https:\/\/mobilitas.lat\/es\/wp-json\/wp\/v2\/users\/2"}],"replies":[{"embeddable":true,"href":"https:\/\/mobilitas.lat\/es\/wp-json\/wp\/v2\/comments?post=18461"}],"version-history":[{"count":2,"href":"https:\/\/mobilitas.lat\/es\/wp-json\/wp\/v2\/posts\/18461\/revisions"}],"predecessor-version":[{"id":18463,"href":"https:\/\/mobilitas.lat\/es\/wp-json\/wp\/v2\/posts\/18461\/revisions\/18463"}],"wp:featuredmedia":[{"embeddable":true,"href":"https:\/\/mobilitas.lat\/es\/wp-json\/wp\/v2\/media\/18454"}],"wp:attachment":[{"href":"https:\/\/mobilitas.lat\/es\/wp-json\/wp\/v2\/media?parent=18461"}],"wp:term":[{"taxonomy":"category","embeddable":true,"href":"https:\/\/mobilitas.lat\/es\/wp-json\/wp\/v2\/categories?post=18461"},{"taxonomy":"post_tag","embeddable":true,"href":"https:\/\/mobilitas.lat\/es\/wp-json\/wp\/v2\/tags?post=18461"}],"curies":[{"name":"wp","href":"https:\/\/api.w.org\/{rel}","templated":true}]}}