{"id":18375,"date":"2023-07-02T21:43:12","date_gmt":"2023-07-03T00:43:12","guid":{"rendered":"https:\/\/mobilitas.lat\/?p=18375"},"modified":"2023-07-02T21:43:14","modified_gmt":"2023-07-03T00:43:14","slug":"en-este-inicio-de-invierno-la-intendencia-de-montevideo-presento-el-nuevo-inventario-de-gases-de-efecto-invernadero-a-escala-local-con-datos-de-la-evolucion-de-emisiones-desde-2006-hasta-2021-conoce","status":"publish","type":"post","link":"https:\/\/mobilitas.lat\/es\/2023\/07\/02\/en-este-inicio-de-invierno-la-intendencia-de-montevideo-presento-el-nuevo-inventario-de-gases-de-efecto-invernadero-a-escala-local-con-datos-de-la-evolucion-de-emisiones-desde-2006-hasta-2021-conoce\/","title":{"rendered":"En este inicio de invierno, la Intendencia de Montevideo present\u00f3 el nuevo Inventario de gases de efecto invernadero a escala local con datos de la evoluci\u00f3n de emisiones desde 2006 hasta 2021. Con\u00f3celo."},"content":{"rendered":"\n<div class=\"wp-block-image\"><figure class=\"aligncenter size-large is-resized\"><img loading=\"lazy\" decoding=\"async\" src=\"https:\/\/storage.mobilitas.lat\/uploads\/2023\/07\/MOBILITAS-MONTEVIDEO-INVENTARIO-DE-GAS-DE-EFEITO-INVERNADERO.jpg\" alt=\"\" class=\"wp-image-18365\" width=\"492\" height=\"295\" srcset=\"https:\/\/storage.mobilitas.lat\/uploads\/2023\/07\/MOBILITAS-MONTEVIDEO-INVENTARIO-DE-GAS-DE-EFEITO-INVERNADERO.jpg 664w, https:\/\/storage.mobilitas.lat\/uploads\/2023\/07\/MOBILITAS-MONTEVIDEO-INVENTARIO-DE-GAS-DE-EFEITO-INVERNADERO-300x180.jpg 300w\" sizes=\"auto, (max-width: 492px) 100vw, 492px\" \/><\/figure><\/div>\n\n\n\n<p>En la \u00faltima semana de junio de 2023, primeros d\u00edas del invierno, la Intendencia de Montevideo present\u00f3 el nuevo Inventario de gases de efecto invernadero a escala local.<\/p>\n\n\n\n<p>El objetivo de este inventario es conocer qu\u00e9 sectores y actividades humanas producen gases de efecto invernadero, para saber de qu\u00e9 forma contribuyen con la contaminaci\u00f3n y el cambio clim\u00e1tico.<\/p>\n\n\n\n<p>Se contabilizaron los gases emitidos durante 2021 dentro de los l\u00edmites territoriales de Montevideo y, adem\u00e1s, la evoluci\u00f3n de emisiones desde 2006 hasta 2021.<\/p>\n\n\n\n<p><strong>N\u00daMEROS DEL INVENTARIO<\/strong><\/p>\n\n\n\n<p>Se puede ver en el inventario que el total de emisiones alcanz\u00f3 2.684,92 kton CO<sub>2<\/sub>eq (unidad que expresa la cantidad de emisi\u00f3n con base en el CO<sub>2<\/sub>).<\/p>\n\n\n\n<p>De ese total, el segmento <em>Energ\u00eda<\/em>, en el cual est\u00e1 <em>Transporte<\/em>, genera 79%, que corresponde a 2.128 kton CO<sub>2<\/sub>eq.<\/p>\n\n\n\n<p>Otro segmento relevante, <em>Residuos<\/em>, genera 21% del total, que corresponde a 554,37 kton CO<sub>2<\/sub>eq.<\/p>\n\n\n\n<p>Los otros dos segmentos \u2013 <em>Agricultura, silvicultura y otros usos de la tierra<\/em> y <em>Procesos industriales y uso de pr<\/em>oductos \u2013 participan con proporciones diminutas.<\/p>\n\n\n\n<p>La contaminaci\u00f3n generada por el <em>Transporte<\/em>, que integra el segmento <em>Energ\u00eda<\/em>, alcanza 1197,45 kton CO<sub>2<\/sub>eq (44,59% del total general) y traduce la mayor contribuci\u00f3n de un sector individualmente al cuadro general de contaminaci\u00f3n.<\/p>\n\n\n\n<p>De ese total referente al <em>Transporte<\/em>, 1172,48 kton CO<sub>2<\/sub>eq corresponden al propio CO<sub>2<\/sub>; 0,34 kton CO<sub>2<\/sub>eq corresponde al CH<sub>4<\/sub>, y 0,06 kton CO<sub>2<\/sub> respecta al N<sub>2<\/sub>O.<\/p>\n\n\n\n<p><strong>REDUCCI\u00d3N DE EMISIONES<\/strong><\/p>\n\n\n\n<p>Dice la Intendencia, basada en el inventario, que durante el per\u00edodo 2006-2021 las emisiones de GEI (Gases de Efecto Invernadero) de Montevideo se redujeron 31%, en miles de toneladas de CO<sub>2<\/sub>eq, bajo la m\u00e9trica GWP 100 AR2 (que indica los potenciales de calentamiento global en relaci\u00f3n con el CO<sub>2<\/sub>).<\/p>\n\n\n\n<p>El aumento de la concentraci\u00f3n de estos gases en la atm\u00f3sfera provoca alteraciones en el equilibrio del clima mundial, conocido como \u201ccalentamiento global\u201d.<\/p>\n\n\n\n<p>Estas alteraciones van m\u00e1s all\u00e1 del aumento de la temperatura media e incluyen un aumento de la variabilidad clim\u00e1tica y un aumento en la frecuencia e intensidad de eventos clim\u00e1ticos extremos.<\/p>\n\n\n\n<p>Las principales actividades humanas que generan este tipo de emisiones son los procesos industriales y el uso de productos, la quema de combustibles para la generaci\u00f3n de energ\u00eda, los residuos generados, as\u00ed como la agricultura, la silvicultura y otros usos de la tierra. En el caso de Montevideo, la principal fuente de emisiones de GEI es la quema de combustibles para el transporte.<\/p>\n\n\n\n<p>Gracias a esta informaci\u00f3n, la Intendencia puede elaborar planes de mitigaci\u00f3n de los impactos de este tipo de gases en el ambiente, con evidencias basadas en datos.<\/p>\n\n\n\n<p><strong><em><a href=\"https:\/\/montevideo.gub.uy\/sites\/default\/files\/biblioteca\/reporteinventariogeimdeo2021final.pdf\" target=\"_blank\" rel=\"noreferrer noopener\">Descargar la publicaci\u00f3n<\/a><\/em><\/strong><\/p>\n","protected":false},"excerpt":{"rendered":"<p>En la \u00faltima semana de junio de 2023, primeros d\u00edas del invierno, la Intendencia de Montevideo present\u00f3 el nuevo Inventario de gases de efecto invernadero a escala local. El objetivo de este inventario es conocer qu\u00e9 sectores y actividades humanas producen gases de efecto invernadero, para saber de qu\u00e9 forma contribuyen con la contaminaci\u00f3n y [&hellip;]<\/p>\n","protected":false},"author":2,"featured_media":18381,"comment_status":"closed","ping_status":"closed","sticky":false,"template":"","format":"standard","meta":{"footnotes":""},"categories":[306],"tags":[1396,2105,1846],"class_list":["post-18375","post","type-post","status-publish","format-standard","has-post-thumbnail","hentry","category-publicaciones","tag-intendencia-de-montevideo","tag-inventario-de-gei","tag-publicaciones"],"yoast_head":"<!-- This site is optimized with the Yoast SEO plugin v26.9 - https:\/\/yoast.com\/product\/yoast-seo-wordpress\/ -->\n<title>En este inicio de invierno, la Intendencia de Montevideo present\u00f3 el nuevo Inventario de gases de efecto invernadero a escala local con datos de la evoluci\u00f3n de emisiones desde 2006 hasta 2021. Con\u00f3celo. | Mobilitas<\/title>\n<meta name=\"robots\" content=\"index, follow, max-snippet:-1, max-image-preview:large, max-video-preview:-1\" \/>\n<link rel=\"canonical\" href=\"https:\/\/mobilitas.lat\/es\/2023\/07\/02\/en-este-inicio-de-invierno-la-intendencia-de-montevideo-presento-el-nuevo-inventario-de-gases-de-efecto-invernadero-a-escala-local-con-datos-de-la-evolucion-de-emisiones-desde-2006-hasta-2021-conoce\/\" \/>\n<meta property=\"og:locale\" content=\"es_ES\" \/>\n<meta property=\"og:type\" content=\"article\" \/>\n<meta property=\"og:title\" content=\"En este inicio de invierno, la Intendencia de Montevideo present\u00f3 el nuevo Inventario de gases de efecto invernadero a escala local con datos de la evoluci\u00f3n de emisiones desde 2006 hasta 2021. Con\u00f3celo. | Mobilitas\" \/>\n<meta property=\"og:description\" content=\"En la \u00faltima semana de junio de 2023, primeros d\u00edas del invierno, la Intendencia de Montevideo present\u00f3 el nuevo Inventario de gases de efecto invernadero a escala local. El objetivo de este inventario es conocer qu\u00e9 sectores y actividades humanas producen gases de efecto invernadero, para saber de qu\u00e9 forma contribuyen con la contaminaci\u00f3n y [&hellip;]\" \/>\n<meta property=\"og:url\" content=\"https:\/\/mobilitas.lat\/es\/2023\/07\/02\/en-este-inicio-de-invierno-la-intendencia-de-montevideo-presento-el-nuevo-inventario-de-gases-de-efecto-invernadero-a-escala-local-con-datos-de-la-evolucion-de-emisiones-desde-2006-hasta-2021-conoce\/\" \/>\n<meta property=\"og:site_name\" content=\"Mobilitas\" \/>\n<meta property=\"article:published_time\" content=\"2023-07-03T00:43:12+00:00\" \/>\n<meta property=\"article:modified_time\" content=\"2023-07-03T00:43:14+00:00\" \/>\n<meta property=\"og:image\" content=\"https:\/\/storage.mobilitas.lat\/uploads\/2023\/07\/MOBILITAS-MONTEVIDEO-INVENTARIO-DE-GAS-DE-EFEITO-INVERNADERO-1.jpg\" \/>\n\t<meta property=\"og:image:width\" content=\"701\" \/>\n\t<meta property=\"og:image:height\" content=\"399\" \/>\n\t<meta property=\"og:image:type\" content=\"image\/jpeg\" \/>\n<meta name=\"author\" content=\"Alexandre Asquini\" \/>\n<meta name=\"twitter:card\" content=\"summary_large_image\" \/>\n<meta name=\"twitter:label1\" content=\"Written by\" \/>\n\t<meta name=\"twitter:data1\" content=\"Alexandre Asquini\" \/>\n\t<meta name=\"twitter:label2\" content=\"Est. reading time\" \/>\n\t<meta name=\"twitter:data2\" content=\"2 minutes\" \/>\n<script type=\"application\/ld+json\" class=\"yoast-schema-graph\">{\"@context\":\"https:\/\/schema.org\",\"@graph\":[{\"@type\":\"Article\",\"@id\":\"https:\/\/mobilitas.lat\/es\/2023\/07\/02\/en-este-inicio-de-invierno-la-intendencia-de-montevideo-presento-el-nuevo-inventario-de-gases-de-efecto-invernadero-a-escala-local-con-datos-de-la-evolucion-de-emisiones-desde-2006-hasta-2021-conoce\/#article\",\"isPartOf\":{\"@id\":\"https:\/\/mobilitas.lat\/es\/2023\/07\/02\/en-este-inicio-de-invierno-la-intendencia-de-montevideo-presento-el-nuevo-inventario-de-gases-de-efecto-invernadero-a-escala-local-con-datos-de-la-evolucion-de-emisiones-desde-2006-hasta-2021-conoce\/\"},\"author\":{\"name\":\"Alexandre Asquini\",\"@id\":\"https:\/\/mobilitas.lat\/es\/#\/schema\/person\/cae0d01ccbe855d1858d146e4c4d582d\"},\"headline\":\"En este inicio de invierno, la Intendencia de Montevideo present\u00f3 el nuevo Inventario de gases de efecto invernadero a escala local con datos de la evoluci\u00f3n de emisiones desde 2006 hasta 2021. Con\u00f3celo.\",\"datePublished\":\"2023-07-03T00:43:12+00:00\",\"dateModified\":\"2023-07-03T00:43:14+00:00\",\"mainEntityOfPage\":{\"@id\":\"https:\/\/mobilitas.lat\/es\/2023\/07\/02\/en-este-inicio-de-invierno-la-intendencia-de-montevideo-presento-el-nuevo-inventario-de-gases-de-efecto-invernadero-a-escala-local-con-datos-de-la-evolucion-de-emisiones-desde-2006-hasta-2021-conoce\/\"},\"wordCount\":478,\"publisher\":{\"@id\":\"https:\/\/mobilitas.lat\/es\/#organization\"},\"image\":{\"@id\":\"https:\/\/mobilitas.lat\/es\/2023\/07\/02\/en-este-inicio-de-invierno-la-intendencia-de-montevideo-presento-el-nuevo-inventario-de-gases-de-efecto-invernadero-a-escala-local-con-datos-de-la-evolucion-de-emisiones-desde-2006-hasta-2021-conoce\/#primaryimage\"},\"thumbnailUrl\":\"https:\/\/storage.mobilitas.lat\/uploads\/2023\/07\/MOBILITAS-MONTEVIDEO-INVENTARIO-DE-GAS-DE-EFEITO-INVERNADERO-1.jpg\",\"keywords\":[\"INTENDENCIA DE MONTEVIDEO\",\"INVENTARIO DE GEI\",\"Publicaciones\"],\"articleSection\":[\"Publicaciones\"],\"inLanguage\":\"es-ES\"},{\"@type\":\"WebPage\",\"@id\":\"https:\/\/mobilitas.lat\/es\/2023\/07\/02\/en-este-inicio-de-invierno-la-intendencia-de-montevideo-presento-el-nuevo-inventario-de-gases-de-efecto-invernadero-a-escala-local-con-datos-de-la-evolucion-de-emisiones-desde-2006-hasta-2021-conoce\/\",\"url\":\"https:\/\/mobilitas.lat\/es\/2023\/07\/02\/en-este-inicio-de-invierno-la-intendencia-de-montevideo-presento-el-nuevo-inventario-de-gases-de-efecto-invernadero-a-escala-local-con-datos-de-la-evolucion-de-emisiones-desde-2006-hasta-2021-conoce\/\",\"name\":\"En este inicio de invierno, la Intendencia de Montevideo present\u00f3 el nuevo Inventario de gases de efecto invernadero a escala local con datos de la evoluci\u00f3n de emisiones desde 2006 hasta 2021. Con\u00f3celo. | Mobilitas\",\"isPartOf\":{\"@id\":\"https:\/\/mobilitas.lat\/es\/#website\"},\"primaryImageOfPage\":{\"@id\":\"https:\/\/mobilitas.lat\/es\/2023\/07\/02\/en-este-inicio-de-invierno-la-intendencia-de-montevideo-presento-el-nuevo-inventario-de-gases-de-efecto-invernadero-a-escala-local-con-datos-de-la-evolucion-de-emisiones-desde-2006-hasta-2021-conoce\/#primaryimage\"},\"image\":{\"@id\":\"https:\/\/mobilitas.lat\/es\/2023\/07\/02\/en-este-inicio-de-invierno-la-intendencia-de-montevideo-presento-el-nuevo-inventario-de-gases-de-efecto-invernadero-a-escala-local-con-datos-de-la-evolucion-de-emisiones-desde-2006-hasta-2021-conoce\/#primaryimage\"},\"thumbnailUrl\":\"https:\/\/storage.mobilitas.lat\/uploads\/2023\/07\/MOBILITAS-MONTEVIDEO-INVENTARIO-DE-GAS-DE-EFEITO-INVERNADERO-1.jpg\",\"datePublished\":\"2023-07-03T00:43:12+00:00\",\"dateModified\":\"2023-07-03T00:43:14+00:00\",\"breadcrumb\":{\"@id\":\"https:\/\/mobilitas.lat\/es\/2023\/07\/02\/en-este-inicio-de-invierno-la-intendencia-de-montevideo-presento-el-nuevo-inventario-de-gases-de-efecto-invernadero-a-escala-local-con-datos-de-la-evolucion-de-emisiones-desde-2006-hasta-2021-conoce\/#breadcrumb\"},\"inLanguage\":\"es-ES\",\"potentialAction\":[{\"@type\":\"ReadAction\",\"target\":[\"https:\/\/mobilitas.lat\/es\/2023\/07\/02\/en-este-inicio-de-invierno-la-intendencia-de-montevideo-presento-el-nuevo-inventario-de-gases-de-efecto-invernadero-a-escala-local-con-datos-de-la-evolucion-de-emisiones-desde-2006-hasta-2021-conoce\/\"]}]},{\"@type\":\"ImageObject\",\"inLanguage\":\"es-ES\",\"@id\":\"https:\/\/mobilitas.lat\/es\/2023\/07\/02\/en-este-inicio-de-invierno-la-intendencia-de-montevideo-presento-el-nuevo-inventario-de-gases-de-efecto-invernadero-a-escala-local-con-datos-de-la-evolucion-de-emisiones-desde-2006-hasta-2021-conoce\/#primaryimage\",\"url\":\"https:\/\/storage.mobilitas.lat\/uploads\/2023\/07\/MOBILITAS-MONTEVIDEO-INVENTARIO-DE-GAS-DE-EFEITO-INVERNADERO-1.jpg\",\"contentUrl\":\"https:\/\/storage.mobilitas.lat\/uploads\/2023\/07\/MOBILITAS-MONTEVIDEO-INVENTARIO-DE-GAS-DE-EFEITO-INVERNADERO-1.jpg\",\"width\":701,\"height\":399},{\"@type\":\"BreadcrumbList\",\"@id\":\"https:\/\/mobilitas.lat\/es\/2023\/07\/02\/en-este-inicio-de-invierno-la-intendencia-de-montevideo-presento-el-nuevo-inventario-de-gases-de-efecto-invernadero-a-escala-local-con-datos-de-la-evolucion-de-emisiones-desde-2006-hasta-2021-conoce\/#breadcrumb\",\"itemListElement\":[{\"@type\":\"ListItem\",\"position\":1,\"name\":\"In\u00edcio\",\"item\":\"https:\/\/mobilitas.lat\/es\/\"},{\"@type\":\"ListItem\",\"position\":2,\"name\":\"En este inicio de invierno, la Intendencia de Montevideo present\u00f3 el nuevo Inventario de gases de efecto invernadero a escala local con datos de la evoluci\u00f3n de emisiones desde 2006 hasta 2021. Con\u00f3celo.\"}]},{\"@type\":\"WebSite\",\"@id\":\"https:\/\/mobilitas.lat\/es\/#website\",\"url\":\"https:\/\/mobilitas.lat\/es\/\",\"name\":\"Mobilitas\",\"description\":\"Tecnologia e Mobilidade Urbana na Am\u00e9rica Latina\",\"publisher\":{\"@id\":\"https:\/\/mobilitas.lat\/es\/#organization\"},\"potentialAction\":[{\"@type\":\"SearchAction\",\"target\":{\"@type\":\"EntryPoint\",\"urlTemplate\":\"https:\/\/mobilitas.lat\/es\/?s={search_term_string}\"},\"query-input\":{\"@type\":\"PropertyValueSpecification\",\"valueRequired\":true,\"valueName\":\"search_term_string\"}}],\"inLanguage\":\"es-ES\"},{\"@type\":\"Organization\",\"@id\":\"https:\/\/mobilitas.lat\/es\/#organization\",\"name\":\"OTM Editora\",\"url\":\"https:\/\/mobilitas.lat\/es\/\",\"logo\":{\"@type\":\"ImageObject\",\"inLanguage\":\"es-ES\",\"@id\":\"https:\/\/mobilitas.lat\/es\/#\/schema\/logo\/image\/\",\"url\":\"https:\/\/mobilitas.lat\/wp-content\/uploads\/2024\/03\/opengraph.png\",\"contentUrl\":\"https:\/\/mobilitas.lat\/wp-content\/uploads\/2024\/03\/opengraph.png\",\"width\":1200,\"height\":630,\"caption\":\"OTM Editora\"},\"image\":{\"@id\":\"https:\/\/mobilitas.lat\/es\/#\/schema\/logo\/image\/\"}},{\"@type\":\"Person\",\"@id\":\"https:\/\/mobilitas.lat\/es\/#\/schema\/person\/cae0d01ccbe855d1858d146e4c4d582d\",\"name\":\"Alexandre Asquini\",\"image\":{\"@type\":\"ImageObject\",\"inLanguage\":\"es-ES\",\"@id\":\"https:\/\/mobilitas.lat\/es\/#\/schema\/person\/image\/\",\"url\":\"https:\/\/secure.gravatar.com\/avatar\/aac99dbef1420f75cc7d86913eb8a7cdfbe13e2509ad7a45649a61414f6d2785?s=96&d=mm&r=g\",\"contentUrl\":\"https:\/\/secure.gravatar.com\/avatar\/aac99dbef1420f75cc7d86913eb8a7cdfbe13e2509ad7a45649a61414f6d2785?s=96&d=mm&r=g\",\"caption\":\"Alexandre Asquini\"}}]}<\/script>\n<!-- \/ Yoast SEO plugin. -->","yoast_head_json":{"title":"En este inicio de invierno, la Intendencia de Montevideo present\u00f3 el nuevo Inventario de gases de efecto invernadero a escala local con datos de la evoluci\u00f3n de emisiones desde 2006 hasta 2021. Con\u00f3celo. | Mobilitas","robots":{"index":"index","follow":"follow","max-snippet":"max-snippet:-1","max-image-preview":"max-image-preview:large","max-video-preview":"max-video-preview:-1"},"canonical":"https:\/\/mobilitas.lat\/es\/2023\/07\/02\/en-este-inicio-de-invierno-la-intendencia-de-montevideo-presento-el-nuevo-inventario-de-gases-de-efecto-invernadero-a-escala-local-con-datos-de-la-evolucion-de-emisiones-desde-2006-hasta-2021-conoce\/","og_locale":"es_ES","og_type":"article","og_title":"En este inicio de invierno, la Intendencia de Montevideo present\u00f3 el nuevo Inventario de gases de efecto invernadero a escala local con datos de la evoluci\u00f3n de emisiones desde 2006 hasta 2021. Con\u00f3celo. | Mobilitas","og_description":"En la \u00faltima semana de junio de 2023, primeros d\u00edas del invierno, la Intendencia de Montevideo present\u00f3 el nuevo Inventario de gases de efecto invernadero a escala local. El objetivo de este inventario es conocer qu\u00e9 sectores y actividades humanas producen gases de efecto invernadero, para saber de qu\u00e9 forma contribuyen con la contaminaci\u00f3n y [&hellip;]","og_url":"https:\/\/mobilitas.lat\/es\/2023\/07\/02\/en-este-inicio-de-invierno-la-intendencia-de-montevideo-presento-el-nuevo-inventario-de-gases-de-efecto-invernadero-a-escala-local-con-datos-de-la-evolucion-de-emisiones-desde-2006-hasta-2021-conoce\/","og_site_name":"Mobilitas","article_published_time":"2023-07-03T00:43:12+00:00","article_modified_time":"2023-07-03T00:43:14+00:00","og_image":[{"width":701,"height":399,"url":"https:\/\/storage.mobilitas.lat\/uploads\/2023\/07\/MOBILITAS-MONTEVIDEO-INVENTARIO-DE-GAS-DE-EFEITO-INVERNADERO-1.jpg","type":"image\/jpeg"}],"author":"Alexandre Asquini","twitter_card":"summary_large_image","twitter_misc":{"Written by":"Alexandre Asquini","Est. reading time":"2 minutes"},"schema":{"@context":"https:\/\/schema.org","@graph":[{"@type":"Article","@id":"https:\/\/mobilitas.lat\/es\/2023\/07\/02\/en-este-inicio-de-invierno-la-intendencia-de-montevideo-presento-el-nuevo-inventario-de-gases-de-efecto-invernadero-a-escala-local-con-datos-de-la-evolucion-de-emisiones-desde-2006-hasta-2021-conoce\/#article","isPartOf":{"@id":"https:\/\/mobilitas.lat\/es\/2023\/07\/02\/en-este-inicio-de-invierno-la-intendencia-de-montevideo-presento-el-nuevo-inventario-de-gases-de-efecto-invernadero-a-escala-local-con-datos-de-la-evolucion-de-emisiones-desde-2006-hasta-2021-conoce\/"},"author":{"name":"Alexandre Asquini","@id":"https:\/\/mobilitas.lat\/es\/#\/schema\/person\/cae0d01ccbe855d1858d146e4c4d582d"},"headline":"En este inicio de invierno, la Intendencia de Montevideo present\u00f3 el nuevo Inventario de gases de efecto invernadero a escala local con datos de la evoluci\u00f3n de emisiones desde 2006 hasta 2021. Con\u00f3celo.","datePublished":"2023-07-03T00:43:12+00:00","dateModified":"2023-07-03T00:43:14+00:00","mainEntityOfPage":{"@id":"https:\/\/mobilitas.lat\/es\/2023\/07\/02\/en-este-inicio-de-invierno-la-intendencia-de-montevideo-presento-el-nuevo-inventario-de-gases-de-efecto-invernadero-a-escala-local-con-datos-de-la-evolucion-de-emisiones-desde-2006-hasta-2021-conoce\/"},"wordCount":478,"publisher":{"@id":"https:\/\/mobilitas.lat\/es\/#organization"},"image":{"@id":"https:\/\/mobilitas.lat\/es\/2023\/07\/02\/en-este-inicio-de-invierno-la-intendencia-de-montevideo-presento-el-nuevo-inventario-de-gases-de-efecto-invernadero-a-escala-local-con-datos-de-la-evolucion-de-emisiones-desde-2006-hasta-2021-conoce\/#primaryimage"},"thumbnailUrl":"https:\/\/storage.mobilitas.lat\/uploads\/2023\/07\/MOBILITAS-MONTEVIDEO-INVENTARIO-DE-GAS-DE-EFEITO-INVERNADERO-1.jpg","keywords":["INTENDENCIA DE MONTEVIDEO","INVENTARIO DE GEI","Publicaciones"],"articleSection":["Publicaciones"],"inLanguage":"es-ES"},{"@type":"WebPage","@id":"https:\/\/mobilitas.lat\/es\/2023\/07\/02\/en-este-inicio-de-invierno-la-intendencia-de-montevideo-presento-el-nuevo-inventario-de-gases-de-efecto-invernadero-a-escala-local-con-datos-de-la-evolucion-de-emisiones-desde-2006-hasta-2021-conoce\/","url":"https:\/\/mobilitas.lat\/es\/2023\/07\/02\/en-este-inicio-de-invierno-la-intendencia-de-montevideo-presento-el-nuevo-inventario-de-gases-de-efecto-invernadero-a-escala-local-con-datos-de-la-evolucion-de-emisiones-desde-2006-hasta-2021-conoce\/","name":"En este inicio de invierno, la Intendencia de Montevideo present\u00f3 el nuevo Inventario de gases de efecto invernadero a escala local con datos de la evoluci\u00f3n de emisiones desde 2006 hasta 2021. Con\u00f3celo. | Mobilitas","isPartOf":{"@id":"https:\/\/mobilitas.lat\/es\/#website"},"primaryImageOfPage":{"@id":"https:\/\/mobilitas.lat\/es\/2023\/07\/02\/en-este-inicio-de-invierno-la-intendencia-de-montevideo-presento-el-nuevo-inventario-de-gases-de-efecto-invernadero-a-escala-local-con-datos-de-la-evolucion-de-emisiones-desde-2006-hasta-2021-conoce\/#primaryimage"},"image":{"@id":"https:\/\/mobilitas.lat\/es\/2023\/07\/02\/en-este-inicio-de-invierno-la-intendencia-de-montevideo-presento-el-nuevo-inventario-de-gases-de-efecto-invernadero-a-escala-local-con-datos-de-la-evolucion-de-emisiones-desde-2006-hasta-2021-conoce\/#primaryimage"},"thumbnailUrl":"https:\/\/storage.mobilitas.lat\/uploads\/2023\/07\/MOBILITAS-MONTEVIDEO-INVENTARIO-DE-GAS-DE-EFEITO-INVERNADERO-1.jpg","datePublished":"2023-07-03T00:43:12+00:00","dateModified":"2023-07-03T00:43:14+00:00","breadcrumb":{"@id":"https:\/\/mobilitas.lat\/es\/2023\/07\/02\/en-este-inicio-de-invierno-la-intendencia-de-montevideo-presento-el-nuevo-inventario-de-gases-de-efecto-invernadero-a-escala-local-con-datos-de-la-evolucion-de-emisiones-desde-2006-hasta-2021-conoce\/#breadcrumb"},"inLanguage":"es-ES","potentialAction":[{"@type":"ReadAction","target":["https:\/\/mobilitas.lat\/es\/2023\/07\/02\/en-este-inicio-de-invierno-la-intendencia-de-montevideo-presento-el-nuevo-inventario-de-gases-de-efecto-invernadero-a-escala-local-con-datos-de-la-evolucion-de-emisiones-desde-2006-hasta-2021-conoce\/"]}]},{"@type":"ImageObject","inLanguage":"es-ES","@id":"https:\/\/mobilitas.lat\/es\/2023\/07\/02\/en-este-inicio-de-invierno-la-intendencia-de-montevideo-presento-el-nuevo-inventario-de-gases-de-efecto-invernadero-a-escala-local-con-datos-de-la-evolucion-de-emisiones-desde-2006-hasta-2021-conoce\/#primaryimage","url":"https:\/\/storage.mobilitas.lat\/uploads\/2023\/07\/MOBILITAS-MONTEVIDEO-INVENTARIO-DE-GAS-DE-EFEITO-INVERNADERO-1.jpg","contentUrl":"https:\/\/storage.mobilitas.lat\/uploads\/2023\/07\/MOBILITAS-MONTEVIDEO-INVENTARIO-DE-GAS-DE-EFEITO-INVERNADERO-1.jpg","width":701,"height":399},{"@type":"BreadcrumbList","@id":"https:\/\/mobilitas.lat\/es\/2023\/07\/02\/en-este-inicio-de-invierno-la-intendencia-de-montevideo-presento-el-nuevo-inventario-de-gases-de-efecto-invernadero-a-escala-local-con-datos-de-la-evolucion-de-emisiones-desde-2006-hasta-2021-conoce\/#breadcrumb","itemListElement":[{"@type":"ListItem","position":1,"name":"In\u00edcio","item":"https:\/\/mobilitas.lat\/es\/"},{"@type":"ListItem","position":2,"name":"En este inicio de invierno, la Intendencia de Montevideo present\u00f3 el nuevo Inventario de gases de efecto invernadero a escala local con datos de la evoluci\u00f3n de emisiones desde 2006 hasta 2021. Con\u00f3celo."}]},{"@type":"WebSite","@id":"https:\/\/mobilitas.lat\/es\/#website","url":"https:\/\/mobilitas.lat\/es\/","name":"Mobilitas","description":"Tecnologia e Mobilidade Urbana na Am\u00e9rica Latina","publisher":{"@id":"https:\/\/mobilitas.lat\/es\/#organization"},"potentialAction":[{"@type":"SearchAction","target":{"@type":"EntryPoint","urlTemplate":"https:\/\/mobilitas.lat\/es\/?s={search_term_string}"},"query-input":{"@type":"PropertyValueSpecification","valueRequired":true,"valueName":"search_term_string"}}],"inLanguage":"es-ES"},{"@type":"Organization","@id":"https:\/\/mobilitas.lat\/es\/#organization","name":"OTM Editora","url":"https:\/\/mobilitas.lat\/es\/","logo":{"@type":"ImageObject","inLanguage":"es-ES","@id":"https:\/\/mobilitas.lat\/es\/#\/schema\/logo\/image\/","url":"https:\/\/mobilitas.lat\/wp-content\/uploads\/2024\/03\/opengraph.png","contentUrl":"https:\/\/mobilitas.lat\/wp-content\/uploads\/2024\/03\/opengraph.png","width":1200,"height":630,"caption":"OTM Editora"},"image":{"@id":"https:\/\/mobilitas.lat\/es\/#\/schema\/logo\/image\/"}},{"@type":"Person","@id":"https:\/\/mobilitas.lat\/es\/#\/schema\/person\/cae0d01ccbe855d1858d146e4c4d582d","name":"Alexandre Asquini","image":{"@type":"ImageObject","inLanguage":"es-ES","@id":"https:\/\/mobilitas.lat\/es\/#\/schema\/person\/image\/","url":"https:\/\/secure.gravatar.com\/avatar\/aac99dbef1420f75cc7d86913eb8a7cdfbe13e2509ad7a45649a61414f6d2785?s=96&d=mm&r=g","contentUrl":"https:\/\/secure.gravatar.com\/avatar\/aac99dbef1420f75cc7d86913eb8a7cdfbe13e2509ad7a45649a61414f6d2785?s=96&d=mm&r=g","caption":"Alexandre Asquini"}}]}},"_links":{"self":[{"href":"https:\/\/mobilitas.lat\/es\/wp-json\/wp\/v2\/posts\/18375","targetHints":{"allow":["GET"]}}],"collection":[{"href":"https:\/\/mobilitas.lat\/es\/wp-json\/wp\/v2\/posts"}],"about":[{"href":"https:\/\/mobilitas.lat\/es\/wp-json\/wp\/v2\/types\/post"}],"author":[{"embeddable":true,"href":"https:\/\/mobilitas.lat\/es\/wp-json\/wp\/v2\/users\/2"}],"replies":[{"embeddable":true,"href":"https:\/\/mobilitas.lat\/es\/wp-json\/wp\/v2\/comments?post=18375"}],"version-history":[{"count":4,"href":"https:\/\/mobilitas.lat\/es\/wp-json\/wp\/v2\/posts\/18375\/revisions"}],"predecessor-version":[{"id":18379,"href":"https:\/\/mobilitas.lat\/es\/wp-json\/wp\/v2\/posts\/18375\/revisions\/18379"}],"wp:featuredmedia":[{"embeddable":true,"href":"https:\/\/mobilitas.lat\/es\/wp-json\/wp\/v2\/media\/18381"}],"wp:attachment":[{"href":"https:\/\/mobilitas.lat\/es\/wp-json\/wp\/v2\/media?parent=18375"}],"wp:term":[{"taxonomy":"category","embeddable":true,"href":"https:\/\/mobilitas.lat\/es\/wp-json\/wp\/v2\/categories?post=18375"},{"taxonomy":"post_tag","embeddable":true,"href":"https:\/\/mobilitas.lat\/es\/wp-json\/wp\/v2\/tags?post=18375"}],"curies":[{"name":"wp","href":"https:\/\/api.w.org\/{rel}","templated":true}]}}