{"id":18161,"date":"2023-06-28T15:13:06","date_gmt":"2023-06-28T18:13:06","guid":{"rendered":"https:\/\/mobilitas.lat\/?p=18161"},"modified":"2023-07-07T00:48:26","modified_gmt":"2023-07-07T03:48:26","slug":"servicio-suspendido-por-mantenimiento","status":"publish","type":"post","link":"https:\/\/mobilitas.lat\/es\/2023\/06\/28\/servicio-suspendido-por-mantenimiento\/","title":{"rendered":"Se ampl\u00eda el plazo de suspensi\u00f3n de servicios hasta el 2 de julio"},"content":{"rendered":"\n<figure class=\"wp-block-image size-large\"><img loading=\"lazy\" decoding=\"async\" width=\"940\" height=\"406\" src=\"https:\/\/storage.mobilitas.lat\/uploads\/2023\/06\/MOBILITAS-TRANSMICABLE-PARADO-PARA-MANUTENCAO.jpg\" alt=\"\" class=\"wp-image-18156\" srcset=\"https:\/\/storage.mobilitas.lat\/uploads\/2023\/06\/MOBILITAS-TRANSMICABLE-PARADO-PARA-MANUTENCAO.jpg 940w, https:\/\/storage.mobilitas.lat\/uploads\/2023\/06\/MOBILITAS-TRANSMICABLE-PARADO-PARA-MANUTENCAO-300x130.jpg 300w, https:\/\/storage.mobilitas.lat\/uploads\/2023\/06\/MOBILITAS-TRANSMICABLE-PARADO-PARA-MANUTENCAO-768x332.jpg 768w\" sizes=\"auto, (max-width: 940px) 100vw, 940px\" \/><figcaption><strong><em>Sistema TransMiCable. Foto: Alcald\u00eda de Bogot\u00e1<\/em><\/strong><\/figcaption><\/figure>\n\n\n\n<p>La Alcald\u00eda de Bogot\u00e1 inform\u00f3 que se extiende hasta el domingo 2 de julio el plazo de suspensi\u00f3n de los servicios de TransMiCable en Ciudad Bol\u00edvar, por acciones de mantenimiento preventivo.<\/p>\n\n\n\n<p>El mantenimiento preventivo contempla dos significativas acciones de mejora para garantizar un adecuado y perfecto funcionamiento.<\/p>\n\n\n\n<p>Se realiza una intervenci\u00f3n sobre los cables portadores tractores y sobre los rodamientos de las volantes de las estaciones Manitas, Tunal y Para\u00edso.<\/p>\n\n\n\n<p><strong>ALTERNATIVAS DE TRANSPORTE<\/strong><\/p>\n\n\n\n<p>Para garantizar el servicio y transporte de los usuarios de TransMiCable, est\u00e1n disponibles 12 rutas alimentadoras y zonales que refuerzan la cobertura y conexi\u00f3n con el Portal del Tunal.<\/p>\n","protected":false},"excerpt":{"rendered":"<p>La Alcald\u00eda de Bogot\u00e1 inform\u00f3 que se extiende hasta el domingo 2 de julio el plazo de suspensi\u00f3n de los servicios de TransMiCable en Ciudad Bol\u00edvar, por acciones de mantenimiento preventivo. El mantenimiento preventivo contempla dos significativas acciones de mejora para garantizar un adecuado y perfecto funcionamiento. Se realiza una intervenci\u00f3n sobre los cables portadores [&hellip;]<\/p>\n","protected":false},"author":2,"featured_media":18166,"comment_status":"closed","ping_status":"closed","sticky":false,"template":"","format":"standard","meta":{"footnotes":""},"categories":[287],"tags":[1336,810],"class_list":["post-18161","post","type-post","status-publish","format-standard","has-post-thumbnail","hentry","category-notas","tag-alcaldia-de-bogota","tag-transmicable"],"yoast_head":"<!-- This site is optimized with the Yoast SEO plugin v26.9 - https:\/\/yoast.com\/product\/yoast-seo-wordpress\/ -->\n<title>Se ampl\u00eda el plazo de suspensi\u00f3n de servicios hasta el 2 de julio | Mobilitas<\/title>\n<meta name=\"robots\" content=\"index, follow, max-snippet:-1, max-image-preview:large, max-video-preview:-1\" \/>\n<link rel=\"canonical\" href=\"https:\/\/mobilitas.lat\/es\/2023\/06\/28\/servicio-suspendido-por-mantenimiento\/\" \/>\n<meta property=\"og:locale\" content=\"es_ES\" \/>\n<meta property=\"og:type\" content=\"article\" \/>\n<meta property=\"og:title\" content=\"Se ampl\u00eda el plazo de suspensi\u00f3n de servicios hasta el 2 de julio | Mobilitas\" \/>\n<meta property=\"og:description\" content=\"La Alcald\u00eda de Bogot\u00e1 inform\u00f3 que se extiende hasta el domingo 2 de julio el plazo de suspensi\u00f3n de los servicios de TransMiCable en Ciudad Bol\u00edvar, por acciones de mantenimiento preventivo. El mantenimiento preventivo contempla dos significativas acciones de mejora para garantizar un adecuado y perfecto funcionamiento. Se realiza una intervenci\u00f3n sobre los cables portadores [&hellip;]\" \/>\n<meta property=\"og:url\" content=\"https:\/\/mobilitas.lat\/es\/2023\/06\/28\/servicio-suspendido-por-mantenimiento\/\" \/>\n<meta property=\"og:site_name\" content=\"Mobilitas\" \/>\n<meta property=\"article:published_time\" content=\"2023-06-28T18:13:06+00:00\" \/>\n<meta property=\"article:modified_time\" content=\"2023-07-07T03:48:26+00:00\" \/>\n<meta property=\"og:image\" content=\"https:\/\/storage.mobilitas.lat\/uploads\/2023\/06\/MOBILITAS-TRANSMICABLE-PARADO-PARA-MANUTENCAO-FOTO-MAIOR.jpg\" \/>\n\t<meta property=\"og:image:width\" content=\"1050\" \/>\n\t<meta property=\"og:image:height\" content=\"551\" \/>\n\t<meta property=\"og:image:type\" content=\"image\/jpeg\" \/>\n<meta name=\"author\" content=\"Alexandre Asquini\" \/>\n<meta name=\"twitter:card\" content=\"summary_large_image\" \/>\n<meta name=\"twitter:label1\" content=\"Written by\" \/>\n\t<meta name=\"twitter:data1\" content=\"Alexandre Asquini\" \/>\n\t<meta name=\"twitter:label2\" content=\"Est. reading time\" \/>\n\t<meta name=\"twitter:data2\" content=\"1 minute\" \/>\n<script type=\"application\/ld+json\" class=\"yoast-schema-graph\">{\"@context\":\"https:\/\/schema.org\",\"@graph\":[{\"@type\":\"Article\",\"@id\":\"https:\/\/mobilitas.lat\/es\/2023\/06\/28\/servicio-suspendido-por-mantenimiento\/#article\",\"isPartOf\":{\"@id\":\"https:\/\/mobilitas.lat\/es\/2023\/06\/28\/servicio-suspendido-por-mantenimiento\/\"},\"author\":{\"name\":\"Alexandre Asquini\",\"@id\":\"https:\/\/mobilitas.lat\/es\/#\/schema\/person\/cae0d01ccbe855d1858d146e4c4d582d\"},\"headline\":\"Se ampl\u00eda el plazo de suspensi\u00f3n de servicios hasta el 2 de julio\",\"datePublished\":\"2023-06-28T18:13:06+00:00\",\"dateModified\":\"2023-07-07T03:48:26+00:00\",\"mainEntityOfPage\":{\"@id\":\"https:\/\/mobilitas.lat\/es\/2023\/06\/28\/servicio-suspendido-por-mantenimiento\/\"},\"wordCount\":128,\"publisher\":{\"@id\":\"https:\/\/mobilitas.lat\/es\/#organization\"},\"image\":{\"@id\":\"https:\/\/mobilitas.lat\/es\/2023\/06\/28\/servicio-suspendido-por-mantenimiento\/#primaryimage\"},\"thumbnailUrl\":\"https:\/\/storage.mobilitas.lat\/uploads\/2023\/06\/MOBILITAS-TRANSMICABLE-PARADO-PARA-MANUTENCAO-FOTO-MAIOR.jpg\",\"keywords\":[\"ALCALD\u00cdA DE BOGOT\u00c1\",\"TRANSMICABLE\"],\"articleSection\":[\"Notas\"],\"inLanguage\":\"es-ES\"},{\"@type\":\"WebPage\",\"@id\":\"https:\/\/mobilitas.lat\/es\/2023\/06\/28\/servicio-suspendido-por-mantenimiento\/\",\"url\":\"https:\/\/mobilitas.lat\/es\/2023\/06\/28\/servicio-suspendido-por-mantenimiento\/\",\"name\":\"Se ampl\u00eda el plazo de suspensi\u00f3n de servicios hasta el 2 de julio | Mobilitas\",\"isPartOf\":{\"@id\":\"https:\/\/mobilitas.lat\/es\/#website\"},\"primaryImageOfPage\":{\"@id\":\"https:\/\/mobilitas.lat\/es\/2023\/06\/28\/servicio-suspendido-por-mantenimiento\/#primaryimage\"},\"image\":{\"@id\":\"https:\/\/mobilitas.lat\/es\/2023\/06\/28\/servicio-suspendido-por-mantenimiento\/#primaryimage\"},\"thumbnailUrl\":\"https:\/\/storage.mobilitas.lat\/uploads\/2023\/06\/MOBILITAS-TRANSMICABLE-PARADO-PARA-MANUTENCAO-FOTO-MAIOR.jpg\",\"datePublished\":\"2023-06-28T18:13:06+00:00\",\"dateModified\":\"2023-07-07T03:48:26+00:00\",\"breadcrumb\":{\"@id\":\"https:\/\/mobilitas.lat\/es\/2023\/06\/28\/servicio-suspendido-por-mantenimiento\/#breadcrumb\"},\"inLanguage\":\"es-ES\",\"potentialAction\":[{\"@type\":\"ReadAction\",\"target\":[\"https:\/\/mobilitas.lat\/es\/2023\/06\/28\/servicio-suspendido-por-mantenimiento\/\"]}]},{\"@type\":\"ImageObject\",\"inLanguage\":\"es-ES\",\"@id\":\"https:\/\/mobilitas.lat\/es\/2023\/06\/28\/servicio-suspendido-por-mantenimiento\/#primaryimage\",\"url\":\"https:\/\/storage.mobilitas.lat\/uploads\/2023\/06\/MOBILITAS-TRANSMICABLE-PARADO-PARA-MANUTENCAO-FOTO-MAIOR.jpg\",\"contentUrl\":\"https:\/\/storage.mobilitas.lat\/uploads\/2023\/06\/MOBILITAS-TRANSMICABLE-PARADO-PARA-MANUTENCAO-FOTO-MAIOR.jpg\",\"width\":1050,\"height\":551},{\"@type\":\"BreadcrumbList\",\"@id\":\"https:\/\/mobilitas.lat\/es\/2023\/06\/28\/servicio-suspendido-por-mantenimiento\/#breadcrumb\",\"itemListElement\":[{\"@type\":\"ListItem\",\"position\":1,\"name\":\"In\u00edcio\",\"item\":\"https:\/\/mobilitas.lat\/es\/\"},{\"@type\":\"ListItem\",\"position\":2,\"name\":\"Se ampl\u00eda el plazo de suspensi\u00f3n de servicios hasta el 2 de julio\"}]},{\"@type\":\"WebSite\",\"@id\":\"https:\/\/mobilitas.lat\/es\/#website\",\"url\":\"https:\/\/mobilitas.lat\/es\/\",\"name\":\"Mobilitas\",\"description\":\"Tecnologia e Mobilidade Urbana na Am\u00e9rica Latina\",\"publisher\":{\"@id\":\"https:\/\/mobilitas.lat\/es\/#organization\"},\"potentialAction\":[{\"@type\":\"SearchAction\",\"target\":{\"@type\":\"EntryPoint\",\"urlTemplate\":\"https:\/\/mobilitas.lat\/es\/?s={search_term_string}\"},\"query-input\":{\"@type\":\"PropertyValueSpecification\",\"valueRequired\":true,\"valueName\":\"search_term_string\"}}],\"inLanguage\":\"es-ES\"},{\"@type\":\"Organization\",\"@id\":\"https:\/\/mobilitas.lat\/es\/#organization\",\"name\":\"OTM Editora\",\"url\":\"https:\/\/mobilitas.lat\/es\/\",\"logo\":{\"@type\":\"ImageObject\",\"inLanguage\":\"es-ES\",\"@id\":\"https:\/\/mobilitas.lat\/es\/#\/schema\/logo\/image\/\",\"url\":\"https:\/\/mobilitas.lat\/wp-content\/uploads\/2024\/03\/opengraph.png\",\"contentUrl\":\"https:\/\/mobilitas.lat\/wp-content\/uploads\/2024\/03\/opengraph.png\",\"width\":1200,\"height\":630,\"caption\":\"OTM Editora\"},\"image\":{\"@id\":\"https:\/\/mobilitas.lat\/es\/#\/schema\/logo\/image\/\"}},{\"@type\":\"Person\",\"@id\":\"https:\/\/mobilitas.lat\/es\/#\/schema\/person\/cae0d01ccbe855d1858d146e4c4d582d\",\"name\":\"Alexandre Asquini\",\"image\":{\"@type\":\"ImageObject\",\"inLanguage\":\"es-ES\",\"@id\":\"https:\/\/mobilitas.lat\/es\/#\/schema\/person\/image\/\",\"url\":\"https:\/\/secure.gravatar.com\/avatar\/aac99dbef1420f75cc7d86913eb8a7cdfbe13e2509ad7a45649a61414f6d2785?s=96&d=mm&r=g\",\"contentUrl\":\"https:\/\/secure.gravatar.com\/avatar\/aac99dbef1420f75cc7d86913eb8a7cdfbe13e2509ad7a45649a61414f6d2785?s=96&d=mm&r=g\",\"caption\":\"Alexandre Asquini\"}}]}<\/script>\n<!-- \/ Yoast SEO plugin. -->","yoast_head_json":{"title":"Se ampl\u00eda el plazo de suspensi\u00f3n de servicios hasta el 2 de julio | Mobilitas","robots":{"index":"index","follow":"follow","max-snippet":"max-snippet:-1","max-image-preview":"max-image-preview:large","max-video-preview":"max-video-preview:-1"},"canonical":"https:\/\/mobilitas.lat\/es\/2023\/06\/28\/servicio-suspendido-por-mantenimiento\/","og_locale":"es_ES","og_type":"article","og_title":"Se ampl\u00eda el plazo de suspensi\u00f3n de servicios hasta el 2 de julio | Mobilitas","og_description":"La Alcald\u00eda de Bogot\u00e1 inform\u00f3 que se extiende hasta el domingo 2 de julio el plazo de suspensi\u00f3n de los servicios de TransMiCable en Ciudad Bol\u00edvar, por acciones de mantenimiento preventivo. El mantenimiento preventivo contempla dos significativas acciones de mejora para garantizar un adecuado y perfecto funcionamiento. Se realiza una intervenci\u00f3n sobre los cables portadores [&hellip;]","og_url":"https:\/\/mobilitas.lat\/es\/2023\/06\/28\/servicio-suspendido-por-mantenimiento\/","og_site_name":"Mobilitas","article_published_time":"2023-06-28T18:13:06+00:00","article_modified_time":"2023-07-07T03:48:26+00:00","og_image":[{"width":1050,"height":551,"url":"https:\/\/storage.mobilitas.lat\/uploads\/2023\/06\/MOBILITAS-TRANSMICABLE-PARADO-PARA-MANUTENCAO-FOTO-MAIOR.jpg","type":"image\/jpeg"}],"author":"Alexandre Asquini","twitter_card":"summary_large_image","twitter_misc":{"Written by":"Alexandre Asquini","Est. reading time":"1 minute"},"schema":{"@context":"https:\/\/schema.org","@graph":[{"@type":"Article","@id":"https:\/\/mobilitas.lat\/es\/2023\/06\/28\/servicio-suspendido-por-mantenimiento\/#article","isPartOf":{"@id":"https:\/\/mobilitas.lat\/es\/2023\/06\/28\/servicio-suspendido-por-mantenimiento\/"},"author":{"name":"Alexandre Asquini","@id":"https:\/\/mobilitas.lat\/es\/#\/schema\/person\/cae0d01ccbe855d1858d146e4c4d582d"},"headline":"Se ampl\u00eda el plazo de suspensi\u00f3n de servicios hasta el 2 de julio","datePublished":"2023-06-28T18:13:06+00:00","dateModified":"2023-07-07T03:48:26+00:00","mainEntityOfPage":{"@id":"https:\/\/mobilitas.lat\/es\/2023\/06\/28\/servicio-suspendido-por-mantenimiento\/"},"wordCount":128,"publisher":{"@id":"https:\/\/mobilitas.lat\/es\/#organization"},"image":{"@id":"https:\/\/mobilitas.lat\/es\/2023\/06\/28\/servicio-suspendido-por-mantenimiento\/#primaryimage"},"thumbnailUrl":"https:\/\/storage.mobilitas.lat\/uploads\/2023\/06\/MOBILITAS-TRANSMICABLE-PARADO-PARA-MANUTENCAO-FOTO-MAIOR.jpg","keywords":["ALCALD\u00cdA DE BOGOT\u00c1","TRANSMICABLE"],"articleSection":["Notas"],"inLanguage":"es-ES"},{"@type":"WebPage","@id":"https:\/\/mobilitas.lat\/es\/2023\/06\/28\/servicio-suspendido-por-mantenimiento\/","url":"https:\/\/mobilitas.lat\/es\/2023\/06\/28\/servicio-suspendido-por-mantenimiento\/","name":"Se ampl\u00eda el plazo de suspensi\u00f3n de servicios hasta el 2 de julio | Mobilitas","isPartOf":{"@id":"https:\/\/mobilitas.lat\/es\/#website"},"primaryImageOfPage":{"@id":"https:\/\/mobilitas.lat\/es\/2023\/06\/28\/servicio-suspendido-por-mantenimiento\/#primaryimage"},"image":{"@id":"https:\/\/mobilitas.lat\/es\/2023\/06\/28\/servicio-suspendido-por-mantenimiento\/#primaryimage"},"thumbnailUrl":"https:\/\/storage.mobilitas.lat\/uploads\/2023\/06\/MOBILITAS-TRANSMICABLE-PARADO-PARA-MANUTENCAO-FOTO-MAIOR.jpg","datePublished":"2023-06-28T18:13:06+00:00","dateModified":"2023-07-07T03:48:26+00:00","breadcrumb":{"@id":"https:\/\/mobilitas.lat\/es\/2023\/06\/28\/servicio-suspendido-por-mantenimiento\/#breadcrumb"},"inLanguage":"es-ES","potentialAction":[{"@type":"ReadAction","target":["https:\/\/mobilitas.lat\/es\/2023\/06\/28\/servicio-suspendido-por-mantenimiento\/"]}]},{"@type":"ImageObject","inLanguage":"es-ES","@id":"https:\/\/mobilitas.lat\/es\/2023\/06\/28\/servicio-suspendido-por-mantenimiento\/#primaryimage","url":"https:\/\/storage.mobilitas.lat\/uploads\/2023\/06\/MOBILITAS-TRANSMICABLE-PARADO-PARA-MANUTENCAO-FOTO-MAIOR.jpg","contentUrl":"https:\/\/storage.mobilitas.lat\/uploads\/2023\/06\/MOBILITAS-TRANSMICABLE-PARADO-PARA-MANUTENCAO-FOTO-MAIOR.jpg","width":1050,"height":551},{"@type":"BreadcrumbList","@id":"https:\/\/mobilitas.lat\/es\/2023\/06\/28\/servicio-suspendido-por-mantenimiento\/#breadcrumb","itemListElement":[{"@type":"ListItem","position":1,"name":"In\u00edcio","item":"https:\/\/mobilitas.lat\/es\/"},{"@type":"ListItem","position":2,"name":"Se ampl\u00eda el plazo de suspensi\u00f3n de servicios hasta el 2 de julio"}]},{"@type":"WebSite","@id":"https:\/\/mobilitas.lat\/es\/#website","url":"https:\/\/mobilitas.lat\/es\/","name":"Mobilitas","description":"Tecnologia e Mobilidade Urbana na Am\u00e9rica Latina","publisher":{"@id":"https:\/\/mobilitas.lat\/es\/#organization"},"potentialAction":[{"@type":"SearchAction","target":{"@type":"EntryPoint","urlTemplate":"https:\/\/mobilitas.lat\/es\/?s={search_term_string}"},"query-input":{"@type":"PropertyValueSpecification","valueRequired":true,"valueName":"search_term_string"}}],"inLanguage":"es-ES"},{"@type":"Organization","@id":"https:\/\/mobilitas.lat\/es\/#organization","name":"OTM Editora","url":"https:\/\/mobilitas.lat\/es\/","logo":{"@type":"ImageObject","inLanguage":"es-ES","@id":"https:\/\/mobilitas.lat\/es\/#\/schema\/logo\/image\/","url":"https:\/\/mobilitas.lat\/wp-content\/uploads\/2024\/03\/opengraph.png","contentUrl":"https:\/\/mobilitas.lat\/wp-content\/uploads\/2024\/03\/opengraph.png","width":1200,"height":630,"caption":"OTM Editora"},"image":{"@id":"https:\/\/mobilitas.lat\/es\/#\/schema\/logo\/image\/"}},{"@type":"Person","@id":"https:\/\/mobilitas.lat\/es\/#\/schema\/person\/cae0d01ccbe855d1858d146e4c4d582d","name":"Alexandre Asquini","image":{"@type":"ImageObject","inLanguage":"es-ES","@id":"https:\/\/mobilitas.lat\/es\/#\/schema\/person\/image\/","url":"https:\/\/secure.gravatar.com\/avatar\/aac99dbef1420f75cc7d86913eb8a7cdfbe13e2509ad7a45649a61414f6d2785?s=96&d=mm&r=g","contentUrl":"https:\/\/secure.gravatar.com\/avatar\/aac99dbef1420f75cc7d86913eb8a7cdfbe13e2509ad7a45649a61414f6d2785?s=96&d=mm&r=g","caption":"Alexandre Asquini"}}]}},"_links":{"self":[{"href":"https:\/\/mobilitas.lat\/es\/wp-json\/wp\/v2\/posts\/18161","targetHints":{"allow":["GET"]}}],"collection":[{"href":"https:\/\/mobilitas.lat\/es\/wp-json\/wp\/v2\/posts"}],"about":[{"href":"https:\/\/mobilitas.lat\/es\/wp-json\/wp\/v2\/types\/post"}],"author":[{"embeddable":true,"href":"https:\/\/mobilitas.lat\/es\/wp-json\/wp\/v2\/users\/2"}],"replies":[{"embeddable":true,"href":"https:\/\/mobilitas.lat\/es\/wp-json\/wp\/v2\/comments?post=18161"}],"version-history":[{"count":6,"href":"https:\/\/mobilitas.lat\/es\/wp-json\/wp\/v2\/posts\/18161\/revisions"}],"predecessor-version":[{"id":18340,"href":"https:\/\/mobilitas.lat\/es\/wp-json\/wp\/v2\/posts\/18161\/revisions\/18340"}],"wp:featuredmedia":[{"embeddable":true,"href":"https:\/\/mobilitas.lat\/es\/wp-json\/wp\/v2\/media\/18166"}],"wp:attachment":[{"href":"https:\/\/mobilitas.lat\/es\/wp-json\/wp\/v2\/media?parent=18161"}],"wp:term":[{"taxonomy":"category","embeddable":true,"href":"https:\/\/mobilitas.lat\/es\/wp-json\/wp\/v2\/categories?post=18161"},{"taxonomy":"post_tag","embeddable":true,"href":"https:\/\/mobilitas.lat\/es\/wp-json\/wp\/v2\/tags?post=18161"}],"curies":[{"name":"wp","href":"https:\/\/api.w.org\/{rel}","templated":true}]}}