{"id":18118,"date":"2023-06-11T15:39:09","date_gmt":"2023-06-11T18:39:09","guid":{"rendered":"https:\/\/mobilitas.lat\/?p=18118"},"modified":"2023-06-11T15:39:55","modified_gmt":"2023-06-11T18:39:55","slug":"esta-disponible-nueva-edicion-de-la-revista-transporte-y-ciudad-foro-de-la-movilidad-publicada-en-espanol-por-la-asociacion-mexicana-de-transporte-y-movilidad-amtm-de-la-crisis","status":"publish","type":"post","link":"https:\/\/mobilitas.lat\/es\/2023\/06\/11\/esta-disponible-nueva-edicion-de-la-revista-transporte-y-ciudad-foro-de-la-movilidad-publicada-en-espanol-por-la-asociacion-mexicana-de-transporte-y-movilidad-amtm-de-la-crisis\/","title":{"rendered":"Est\u00e1 disponible nueva edici\u00f3n de la revista &#8216;Transporte y Ciudad \u2013 Foro de la Movilidad&#8217;, publicada en espa\u00f1ol por la Asociaci\u00f3n Mexicana de Transporte y Movilidad (AMTM). \u201cDe la crisis a la modernizaci\u00f3n del transporte p\u00fablico\u201d es el tema de la portada"},"content":{"rendered":"\n<figure class=\"wp-block-image size-large\"><img loading=\"lazy\" decoding=\"async\" width=\"750\" height=\"430\" src=\"https:\/\/storage.mobilitas.lat\/uploads\/2023\/06\/MOBILITAS-AMTM-CAPA-DE-NOVA-EDICAO-DA-REVISTA-1-MELHOR.jpg\" alt=\"\" class=\"wp-image-18115\" srcset=\"https:\/\/storage.mobilitas.lat\/uploads\/2023\/06\/MOBILITAS-AMTM-CAPA-DE-NOVA-EDICAO-DA-REVISTA-1-MELHOR.jpg 750w, https:\/\/storage.mobilitas.lat\/uploads\/2023\/06\/MOBILITAS-AMTM-CAPA-DE-NOVA-EDICAO-DA-REVISTA-1-MELHOR-300x172.jpg 300w\" sizes=\"auto, (max-width: 750px) 100vw, 750px\" \/><\/figure>\n\n\n\n<p>\u201cDe la crisis a la modernizaci\u00f3n del transporte p\u00fablico\u201d (lema principal del 14\u00ba CIT \u2013 Congreso Internacional de Transporte, realizado a finales de abril) es el t\u00edtulo de portada del m\u00e1s reciente n\u00famero de la revista <em>Transporte y Ciudad \u2013 Foro de la Movilidad<\/em>, publicado en espa\u00f1ol por la Asociaci\u00f3n Mexicana de Transporte y Movilidad (AMTM), que se puede conocer a trav\u00e9s de enlace al final de este texto.<\/p>\n\n\n\n<p>El presidente de la entidad, Nicol\u00e1s Rosales, firma el editorial de la publicaci\u00f3n, que abre una secuencia de textos que invitan a la reflexi\u00f3n respecto la organizaci\u00f3n actual y el futuro del transporte p\u00fablico en M\u00e9xico y Am\u00e9rica Latina.<\/p>\n\n\n\n<p>Uno de los textos discute los factores que influyen en la escasez de operadores&nbsp;en el transporte p\u00fablico urbano de pasajeros. Se trata de art\u00edculo del investigador, de la Unidad Profesional Interdisciplinaria de Ingenier\u00eda y Ciencias Sociales y Administrativas, Dr. Javier Hern\u00e1ndez Hern\u00e1ndez.<\/p>\n\n\n\n<p>Otro texto muestra que el grupo Corredor Insurgentes S.A. de C.V.(CISA), primera empresa operadora en la Ciudad de M\u00e9xico en la modalidad BRT, llega a 18 a\u00f1os, aun propugnando por el mismo motivo de cuando se plante\u00f3: que el pa\u00eds migre del modelo hombre-cami\u00f3n justamente a operadoras tipo BRT.<\/p>\n\n\n\n<p>Un art\u00edculo de Paola Moncada discute el doble esfuerzo que implica a la mujer operar veh\u00edculos de carga y pasajeros.<\/p>\n\n\n\n<p>Otro texto trata de la crisis en el transporte p\u00fablico y hace una indagaci\u00f3n:&nbsp;\u00bfC\u00f3mo llegamos aqu\u00ed?<\/p>\n\n\n\n<p>Tambi\u00e9n se presentan art\u00edculos y notas respecto los siguientes otros temas:<\/p>\n\n\n\n<ul class=\"wp-block-list\"><li><em>La era de la \u201cmovilidad humana\u201d<\/em><\/li><\/ul>\n\n\n\n<ul class=\"wp-block-list\"><li><em>Oportunidades y desaf\u00edos en la aplicaci\u00f3n de la tecnolog\u00eda en transporte p\u00fablico<\/em><\/li><\/ul>\n\n\n\n<ul class=\"wp-block-list\"><li><em>Alternativas a la gasolina &#8211;\u00bfcu\u00e1l es la mejor?<\/em><\/li><\/ul>\n\n\n\n<ul class=\"wp-block-list\"><li><em>La ruta de M\u00e9xico hacia la electromovilidad para el 2050<\/em><\/li><\/ul>\n\n\n\n<ul class=\"wp-block-list\"><li><em>Entre lo p\u00fablico y lo privado:<\/em> \u00bfC\u00f3mo resolver los problemas del transporte p\u00fablico?<\/li><\/ul>\n\n\n\n<ul class=\"wp-block-list\"><li>Modernizaci\u00f3n y adaptaci\u00f3n del transporte p\u00fablico en un escenario pospandemia por covid-19<\/li><\/ul>\n\n\n\n<ul class=\"wp-block-list\"><li>Falta de transporte p\u00fablico afecta la productividad<\/li><\/ul>\n\n\n\n<p><strong><em><a href=\"https:\/\/amtm.org.mx\/wp-content\/uploads\/2023\/05\/transporteyciudad-delacrisis.pdf\" target=\"_blank\" rel=\"noreferrer noopener\">Acceder a la publicaci\u00f3n<\/a><\/em><\/strong><\/p>\n","protected":false},"excerpt":{"rendered":"<p>\u201cDe la crisis a la modernizaci\u00f3n del transporte p\u00fablico\u201d (lema principal del 14\u00ba CIT \u2013 Congreso Internacional de Transporte, realizado a finales de abril) es el t\u00edtulo de portada del m\u00e1s reciente n\u00famero de la revista Transporte y Ciudad \u2013 Foro de la Movilidad, publicado en espa\u00f1ol por la Asociaci\u00f3n Mexicana de Transporte y Movilidad [&hellip;]<\/p>\n","protected":false},"author":2,"featured_media":18115,"comment_status":"closed","ping_status":"closed","sticky":false,"template":"","format":"standard","meta":{"footnotes":""},"categories":[287,306],"tags":[320],"class_list":["post-18118","post","type-post","status-publish","format-standard","has-post-thumbnail","hentry","category-notas","category-publicaciones","tag-amtm-es"],"yoast_head":"<!-- This site is optimized with the Yoast SEO plugin v26.9 - https:\/\/yoast.com\/product\/yoast-seo-wordpress\/ -->\n<title>Est\u00e1 disponible nueva edici\u00f3n de la revista &#039;Transporte y Ciudad \u2013 Foro de la Movilidad&#039;, publicada en espa\u00f1ol por la Asociaci\u00f3n Mexicana de Transporte y Movilidad (AMTM). \u201cDe la crisis a la modernizaci\u00f3n del transporte p\u00fablico\u201d es el tema de la portada | Mobilitas<\/title>\n<meta name=\"robots\" content=\"index, follow, max-snippet:-1, max-image-preview:large, max-video-preview:-1\" \/>\n<link rel=\"canonical\" href=\"https:\/\/mobilitas.lat\/es\/2023\/06\/11\/esta-disponible-nueva-edicion-de-la-revista-transporte-y-ciudad-foro-de-la-movilidad-publicada-en-espanol-por-la-asociacion-mexicana-de-transporte-y-movilidad-amtm-de-la-crisis\/\" \/>\n<meta property=\"og:locale\" content=\"es_ES\" \/>\n<meta property=\"og:type\" content=\"article\" \/>\n<meta property=\"og:title\" content=\"Est\u00e1 disponible nueva edici\u00f3n de la revista &#039;Transporte y Ciudad \u2013 Foro de la Movilidad&#039;, publicada en espa\u00f1ol por la Asociaci\u00f3n Mexicana de Transporte y Movilidad (AMTM). \u201cDe la crisis a la modernizaci\u00f3n del transporte p\u00fablico\u201d es el tema de la portada | Mobilitas\" \/>\n<meta property=\"og:description\" content=\"\u201cDe la crisis a la modernizaci\u00f3n del transporte p\u00fablico\u201d (lema principal del 14\u00ba CIT \u2013 Congreso Internacional de Transporte, realizado a finales de abril) es el t\u00edtulo de portada del m\u00e1s reciente n\u00famero de la revista Transporte y Ciudad \u2013 Foro de la Movilidad, publicado en espa\u00f1ol por la Asociaci\u00f3n Mexicana de Transporte y Movilidad [&hellip;]\" \/>\n<meta property=\"og:url\" content=\"https:\/\/mobilitas.lat\/es\/2023\/06\/11\/esta-disponible-nueva-edicion-de-la-revista-transporte-y-ciudad-foro-de-la-movilidad-publicada-en-espanol-por-la-asociacion-mexicana-de-transporte-y-movilidad-amtm-de-la-crisis\/\" \/>\n<meta property=\"og:site_name\" content=\"Mobilitas\" \/>\n<meta property=\"article:published_time\" content=\"2023-06-11T18:39:09+00:00\" \/>\n<meta property=\"article:modified_time\" content=\"2023-06-11T18:39:55+00:00\" \/>\n<meta property=\"og:image\" content=\"https:\/\/storage.mobilitas.lat\/uploads\/2023\/06\/MOBILITAS-AMTM-CAPA-DE-NOVA-EDICAO-DA-REVISTA-1-MELHOR.jpg\" \/>\n\t<meta property=\"og:image:width\" content=\"750\" \/>\n\t<meta property=\"og:image:height\" content=\"430\" \/>\n\t<meta property=\"og:image:type\" content=\"image\/jpeg\" \/>\n<meta name=\"author\" content=\"Alexandre Asquini\" \/>\n<meta name=\"twitter:card\" content=\"summary_large_image\" \/>\n<meta name=\"twitter:label1\" content=\"Written by\" \/>\n\t<meta name=\"twitter:data1\" content=\"Alexandre Asquini\" \/>\n\t<meta name=\"twitter:label2\" content=\"Est. reading time\" \/>\n\t<meta name=\"twitter:data2\" content=\"2 minutes\" \/>\n<script type=\"application\/ld+json\" class=\"yoast-schema-graph\">{\"@context\":\"https:\/\/schema.org\",\"@graph\":[{\"@type\":\"Article\",\"@id\":\"https:\/\/mobilitas.lat\/es\/2023\/06\/11\/esta-disponible-nueva-edicion-de-la-revista-transporte-y-ciudad-foro-de-la-movilidad-publicada-en-espanol-por-la-asociacion-mexicana-de-transporte-y-movilidad-amtm-de-la-crisis\/#article\",\"isPartOf\":{\"@id\":\"https:\/\/mobilitas.lat\/es\/2023\/06\/11\/esta-disponible-nueva-edicion-de-la-revista-transporte-y-ciudad-foro-de-la-movilidad-publicada-en-espanol-por-la-asociacion-mexicana-de-transporte-y-movilidad-amtm-de-la-crisis\/\"},\"author\":{\"name\":\"Alexandre Asquini\",\"@id\":\"https:\/\/mobilitas.lat\/es\/#\/schema\/person\/cae0d01ccbe855d1858d146e4c4d582d\"},\"headline\":\"Est\u00e1 disponible nueva edici\u00f3n de la revista &#8216;Transporte y Ciudad \u2013 Foro de la Movilidad&#8217;, publicada en espa\u00f1ol por la Asociaci\u00f3n Mexicana de Transporte y Movilidad (AMTM). \u201cDe la crisis a la modernizaci\u00f3n del transporte p\u00fablico\u201d es el tema de la portada\",\"datePublished\":\"2023-06-11T18:39:09+00:00\",\"dateModified\":\"2023-06-11T18:39:55+00:00\",\"mainEntityOfPage\":{\"@id\":\"https:\/\/mobilitas.lat\/es\/2023\/06\/11\/esta-disponible-nueva-edicion-de-la-revista-transporte-y-ciudad-foro-de-la-movilidad-publicada-en-espanol-por-la-asociacion-mexicana-de-transporte-y-movilidad-amtm-de-la-crisis\/\"},\"wordCount\":412,\"publisher\":{\"@id\":\"https:\/\/mobilitas.lat\/es\/#organization\"},\"image\":{\"@id\":\"https:\/\/mobilitas.lat\/es\/2023\/06\/11\/esta-disponible-nueva-edicion-de-la-revista-transporte-y-ciudad-foro-de-la-movilidad-publicada-en-espanol-por-la-asociacion-mexicana-de-transporte-y-movilidad-amtm-de-la-crisis\/#primaryimage\"},\"thumbnailUrl\":\"https:\/\/storage.mobilitas.lat\/uploads\/2023\/06\/MOBILITAS-AMTM-CAPA-DE-NOVA-EDICAO-DA-REVISTA-1-MELHOR.jpg\",\"keywords\":[\"AMTM\"],\"articleSection\":[\"Notas\",\"Publicaciones\"],\"inLanguage\":\"es-ES\"},{\"@type\":\"WebPage\",\"@id\":\"https:\/\/mobilitas.lat\/es\/2023\/06\/11\/esta-disponible-nueva-edicion-de-la-revista-transporte-y-ciudad-foro-de-la-movilidad-publicada-en-espanol-por-la-asociacion-mexicana-de-transporte-y-movilidad-amtm-de-la-crisis\/\",\"url\":\"https:\/\/mobilitas.lat\/es\/2023\/06\/11\/esta-disponible-nueva-edicion-de-la-revista-transporte-y-ciudad-foro-de-la-movilidad-publicada-en-espanol-por-la-asociacion-mexicana-de-transporte-y-movilidad-amtm-de-la-crisis\/\",\"name\":\"Est\u00e1 disponible nueva edici\u00f3n de la revista 'Transporte y Ciudad \u2013 Foro de la Movilidad', publicada en espa\u00f1ol por la Asociaci\u00f3n Mexicana de Transporte y Movilidad (AMTM). \u201cDe la crisis a la modernizaci\u00f3n del transporte p\u00fablico\u201d es el tema de la portada | Mobilitas\",\"isPartOf\":{\"@id\":\"https:\/\/mobilitas.lat\/es\/#website\"},\"primaryImageOfPage\":{\"@id\":\"https:\/\/mobilitas.lat\/es\/2023\/06\/11\/esta-disponible-nueva-edicion-de-la-revista-transporte-y-ciudad-foro-de-la-movilidad-publicada-en-espanol-por-la-asociacion-mexicana-de-transporte-y-movilidad-amtm-de-la-crisis\/#primaryimage\"},\"image\":{\"@id\":\"https:\/\/mobilitas.lat\/es\/2023\/06\/11\/esta-disponible-nueva-edicion-de-la-revista-transporte-y-ciudad-foro-de-la-movilidad-publicada-en-espanol-por-la-asociacion-mexicana-de-transporte-y-movilidad-amtm-de-la-crisis\/#primaryimage\"},\"thumbnailUrl\":\"https:\/\/storage.mobilitas.lat\/uploads\/2023\/06\/MOBILITAS-AMTM-CAPA-DE-NOVA-EDICAO-DA-REVISTA-1-MELHOR.jpg\",\"datePublished\":\"2023-06-11T18:39:09+00:00\",\"dateModified\":\"2023-06-11T18:39:55+00:00\",\"breadcrumb\":{\"@id\":\"https:\/\/mobilitas.lat\/es\/2023\/06\/11\/esta-disponible-nueva-edicion-de-la-revista-transporte-y-ciudad-foro-de-la-movilidad-publicada-en-espanol-por-la-asociacion-mexicana-de-transporte-y-movilidad-amtm-de-la-crisis\/#breadcrumb\"},\"inLanguage\":\"es-ES\",\"potentialAction\":[{\"@type\":\"ReadAction\",\"target\":[\"https:\/\/mobilitas.lat\/es\/2023\/06\/11\/esta-disponible-nueva-edicion-de-la-revista-transporte-y-ciudad-foro-de-la-movilidad-publicada-en-espanol-por-la-asociacion-mexicana-de-transporte-y-movilidad-amtm-de-la-crisis\/\"]}]},{\"@type\":\"ImageObject\",\"inLanguage\":\"es-ES\",\"@id\":\"https:\/\/mobilitas.lat\/es\/2023\/06\/11\/esta-disponible-nueva-edicion-de-la-revista-transporte-y-ciudad-foro-de-la-movilidad-publicada-en-espanol-por-la-asociacion-mexicana-de-transporte-y-movilidad-amtm-de-la-crisis\/#primaryimage\",\"url\":\"https:\/\/storage.mobilitas.lat\/uploads\/2023\/06\/MOBILITAS-AMTM-CAPA-DE-NOVA-EDICAO-DA-REVISTA-1-MELHOR.jpg\",\"contentUrl\":\"https:\/\/storage.mobilitas.lat\/uploads\/2023\/06\/MOBILITAS-AMTM-CAPA-DE-NOVA-EDICAO-DA-REVISTA-1-MELHOR.jpg\",\"width\":750,\"height\":430},{\"@type\":\"BreadcrumbList\",\"@id\":\"https:\/\/mobilitas.lat\/es\/2023\/06\/11\/esta-disponible-nueva-edicion-de-la-revista-transporte-y-ciudad-foro-de-la-movilidad-publicada-en-espanol-por-la-asociacion-mexicana-de-transporte-y-movilidad-amtm-de-la-crisis\/#breadcrumb\",\"itemListElement\":[{\"@type\":\"ListItem\",\"position\":1,\"name\":\"In\u00edcio\",\"item\":\"https:\/\/mobilitas.lat\/es\/\"},{\"@type\":\"ListItem\",\"position\":2,\"name\":\"Est\u00e1 disponible nueva edici\u00f3n de la revista &#8216;Transporte y Ciudad \u2013 Foro de la Movilidad&#8217;, publicada en espa\u00f1ol por la Asociaci\u00f3n Mexicana de Transporte y Movilidad (AMTM). \u201cDe la crisis a la modernizaci\u00f3n del transporte p\u00fablico\u201d es el tema de la portada\"}]},{\"@type\":\"WebSite\",\"@id\":\"https:\/\/mobilitas.lat\/es\/#website\",\"url\":\"https:\/\/mobilitas.lat\/es\/\",\"name\":\"Mobilitas\",\"description\":\"Tecnologia e Mobilidade Urbana na Am\u00e9rica Latina\",\"publisher\":{\"@id\":\"https:\/\/mobilitas.lat\/es\/#organization\"},\"potentialAction\":[{\"@type\":\"SearchAction\",\"target\":{\"@type\":\"EntryPoint\",\"urlTemplate\":\"https:\/\/mobilitas.lat\/es\/?s={search_term_string}\"},\"query-input\":{\"@type\":\"PropertyValueSpecification\",\"valueRequired\":true,\"valueName\":\"search_term_string\"}}],\"inLanguage\":\"es-ES\"},{\"@type\":\"Organization\",\"@id\":\"https:\/\/mobilitas.lat\/es\/#organization\",\"name\":\"OTM Editora\",\"url\":\"https:\/\/mobilitas.lat\/es\/\",\"logo\":{\"@type\":\"ImageObject\",\"inLanguage\":\"es-ES\",\"@id\":\"https:\/\/mobilitas.lat\/es\/#\/schema\/logo\/image\/\",\"url\":\"https:\/\/mobilitas.lat\/wp-content\/uploads\/2024\/03\/opengraph.png\",\"contentUrl\":\"https:\/\/mobilitas.lat\/wp-content\/uploads\/2024\/03\/opengraph.png\",\"width\":1200,\"height\":630,\"caption\":\"OTM Editora\"},\"image\":{\"@id\":\"https:\/\/mobilitas.lat\/es\/#\/schema\/logo\/image\/\"}},{\"@type\":\"Person\",\"@id\":\"https:\/\/mobilitas.lat\/es\/#\/schema\/person\/cae0d01ccbe855d1858d146e4c4d582d\",\"name\":\"Alexandre Asquini\",\"image\":{\"@type\":\"ImageObject\",\"inLanguage\":\"es-ES\",\"@id\":\"https:\/\/mobilitas.lat\/es\/#\/schema\/person\/image\/\",\"url\":\"https:\/\/secure.gravatar.com\/avatar\/aac99dbef1420f75cc7d86913eb8a7cdfbe13e2509ad7a45649a61414f6d2785?s=96&d=mm&r=g\",\"contentUrl\":\"https:\/\/secure.gravatar.com\/avatar\/aac99dbef1420f75cc7d86913eb8a7cdfbe13e2509ad7a45649a61414f6d2785?s=96&d=mm&r=g\",\"caption\":\"Alexandre Asquini\"}}]}<\/script>\n<!-- \/ Yoast SEO plugin. -->","yoast_head_json":{"title":"Est\u00e1 disponible nueva edici\u00f3n de la revista 'Transporte y Ciudad \u2013 Foro de la Movilidad', publicada en espa\u00f1ol por la Asociaci\u00f3n Mexicana de Transporte y Movilidad (AMTM). \u201cDe la crisis a la modernizaci\u00f3n del transporte p\u00fablico\u201d es el tema de la portada | Mobilitas","robots":{"index":"index","follow":"follow","max-snippet":"max-snippet:-1","max-image-preview":"max-image-preview:large","max-video-preview":"max-video-preview:-1"},"canonical":"https:\/\/mobilitas.lat\/es\/2023\/06\/11\/esta-disponible-nueva-edicion-de-la-revista-transporte-y-ciudad-foro-de-la-movilidad-publicada-en-espanol-por-la-asociacion-mexicana-de-transporte-y-movilidad-amtm-de-la-crisis\/","og_locale":"es_ES","og_type":"article","og_title":"Est\u00e1 disponible nueva edici\u00f3n de la revista 'Transporte y Ciudad \u2013 Foro de la Movilidad', publicada en espa\u00f1ol por la Asociaci\u00f3n Mexicana de Transporte y Movilidad (AMTM). \u201cDe la crisis a la modernizaci\u00f3n del transporte p\u00fablico\u201d es el tema de la portada | Mobilitas","og_description":"\u201cDe la crisis a la modernizaci\u00f3n del transporte p\u00fablico\u201d (lema principal del 14\u00ba CIT \u2013 Congreso Internacional de Transporte, realizado a finales de abril) es el t\u00edtulo de portada del m\u00e1s reciente n\u00famero de la revista Transporte y Ciudad \u2013 Foro de la Movilidad, publicado en espa\u00f1ol por la Asociaci\u00f3n Mexicana de Transporte y Movilidad [&hellip;]","og_url":"https:\/\/mobilitas.lat\/es\/2023\/06\/11\/esta-disponible-nueva-edicion-de-la-revista-transporte-y-ciudad-foro-de-la-movilidad-publicada-en-espanol-por-la-asociacion-mexicana-de-transporte-y-movilidad-amtm-de-la-crisis\/","og_site_name":"Mobilitas","article_published_time":"2023-06-11T18:39:09+00:00","article_modified_time":"2023-06-11T18:39:55+00:00","og_image":[{"width":750,"height":430,"url":"https:\/\/storage.mobilitas.lat\/uploads\/2023\/06\/MOBILITAS-AMTM-CAPA-DE-NOVA-EDICAO-DA-REVISTA-1-MELHOR.jpg","type":"image\/jpeg"}],"author":"Alexandre Asquini","twitter_card":"summary_large_image","twitter_misc":{"Written by":"Alexandre Asquini","Est. reading time":"2 minutes"},"schema":{"@context":"https:\/\/schema.org","@graph":[{"@type":"Article","@id":"https:\/\/mobilitas.lat\/es\/2023\/06\/11\/esta-disponible-nueva-edicion-de-la-revista-transporte-y-ciudad-foro-de-la-movilidad-publicada-en-espanol-por-la-asociacion-mexicana-de-transporte-y-movilidad-amtm-de-la-crisis\/#article","isPartOf":{"@id":"https:\/\/mobilitas.lat\/es\/2023\/06\/11\/esta-disponible-nueva-edicion-de-la-revista-transporte-y-ciudad-foro-de-la-movilidad-publicada-en-espanol-por-la-asociacion-mexicana-de-transporte-y-movilidad-amtm-de-la-crisis\/"},"author":{"name":"Alexandre Asquini","@id":"https:\/\/mobilitas.lat\/es\/#\/schema\/person\/cae0d01ccbe855d1858d146e4c4d582d"},"headline":"Est\u00e1 disponible nueva edici\u00f3n de la revista &#8216;Transporte y Ciudad \u2013 Foro de la Movilidad&#8217;, publicada en espa\u00f1ol por la Asociaci\u00f3n Mexicana de Transporte y Movilidad (AMTM). \u201cDe la crisis a la modernizaci\u00f3n del transporte p\u00fablico\u201d es el tema de la portada","datePublished":"2023-06-11T18:39:09+00:00","dateModified":"2023-06-11T18:39:55+00:00","mainEntityOfPage":{"@id":"https:\/\/mobilitas.lat\/es\/2023\/06\/11\/esta-disponible-nueva-edicion-de-la-revista-transporte-y-ciudad-foro-de-la-movilidad-publicada-en-espanol-por-la-asociacion-mexicana-de-transporte-y-movilidad-amtm-de-la-crisis\/"},"wordCount":412,"publisher":{"@id":"https:\/\/mobilitas.lat\/es\/#organization"},"image":{"@id":"https:\/\/mobilitas.lat\/es\/2023\/06\/11\/esta-disponible-nueva-edicion-de-la-revista-transporte-y-ciudad-foro-de-la-movilidad-publicada-en-espanol-por-la-asociacion-mexicana-de-transporte-y-movilidad-amtm-de-la-crisis\/#primaryimage"},"thumbnailUrl":"https:\/\/storage.mobilitas.lat\/uploads\/2023\/06\/MOBILITAS-AMTM-CAPA-DE-NOVA-EDICAO-DA-REVISTA-1-MELHOR.jpg","keywords":["AMTM"],"articleSection":["Notas","Publicaciones"],"inLanguage":"es-ES"},{"@type":"WebPage","@id":"https:\/\/mobilitas.lat\/es\/2023\/06\/11\/esta-disponible-nueva-edicion-de-la-revista-transporte-y-ciudad-foro-de-la-movilidad-publicada-en-espanol-por-la-asociacion-mexicana-de-transporte-y-movilidad-amtm-de-la-crisis\/","url":"https:\/\/mobilitas.lat\/es\/2023\/06\/11\/esta-disponible-nueva-edicion-de-la-revista-transporte-y-ciudad-foro-de-la-movilidad-publicada-en-espanol-por-la-asociacion-mexicana-de-transporte-y-movilidad-amtm-de-la-crisis\/","name":"Est\u00e1 disponible nueva edici\u00f3n de la revista 'Transporte y Ciudad \u2013 Foro de la Movilidad', publicada en espa\u00f1ol por la Asociaci\u00f3n Mexicana de Transporte y Movilidad (AMTM). \u201cDe la crisis a la modernizaci\u00f3n del transporte p\u00fablico\u201d es el tema de la portada | Mobilitas","isPartOf":{"@id":"https:\/\/mobilitas.lat\/es\/#website"},"primaryImageOfPage":{"@id":"https:\/\/mobilitas.lat\/es\/2023\/06\/11\/esta-disponible-nueva-edicion-de-la-revista-transporte-y-ciudad-foro-de-la-movilidad-publicada-en-espanol-por-la-asociacion-mexicana-de-transporte-y-movilidad-amtm-de-la-crisis\/#primaryimage"},"image":{"@id":"https:\/\/mobilitas.lat\/es\/2023\/06\/11\/esta-disponible-nueva-edicion-de-la-revista-transporte-y-ciudad-foro-de-la-movilidad-publicada-en-espanol-por-la-asociacion-mexicana-de-transporte-y-movilidad-amtm-de-la-crisis\/#primaryimage"},"thumbnailUrl":"https:\/\/storage.mobilitas.lat\/uploads\/2023\/06\/MOBILITAS-AMTM-CAPA-DE-NOVA-EDICAO-DA-REVISTA-1-MELHOR.jpg","datePublished":"2023-06-11T18:39:09+00:00","dateModified":"2023-06-11T18:39:55+00:00","breadcrumb":{"@id":"https:\/\/mobilitas.lat\/es\/2023\/06\/11\/esta-disponible-nueva-edicion-de-la-revista-transporte-y-ciudad-foro-de-la-movilidad-publicada-en-espanol-por-la-asociacion-mexicana-de-transporte-y-movilidad-amtm-de-la-crisis\/#breadcrumb"},"inLanguage":"es-ES","potentialAction":[{"@type":"ReadAction","target":["https:\/\/mobilitas.lat\/es\/2023\/06\/11\/esta-disponible-nueva-edicion-de-la-revista-transporte-y-ciudad-foro-de-la-movilidad-publicada-en-espanol-por-la-asociacion-mexicana-de-transporte-y-movilidad-amtm-de-la-crisis\/"]}]},{"@type":"ImageObject","inLanguage":"es-ES","@id":"https:\/\/mobilitas.lat\/es\/2023\/06\/11\/esta-disponible-nueva-edicion-de-la-revista-transporte-y-ciudad-foro-de-la-movilidad-publicada-en-espanol-por-la-asociacion-mexicana-de-transporte-y-movilidad-amtm-de-la-crisis\/#primaryimage","url":"https:\/\/storage.mobilitas.lat\/uploads\/2023\/06\/MOBILITAS-AMTM-CAPA-DE-NOVA-EDICAO-DA-REVISTA-1-MELHOR.jpg","contentUrl":"https:\/\/storage.mobilitas.lat\/uploads\/2023\/06\/MOBILITAS-AMTM-CAPA-DE-NOVA-EDICAO-DA-REVISTA-1-MELHOR.jpg","width":750,"height":430},{"@type":"BreadcrumbList","@id":"https:\/\/mobilitas.lat\/es\/2023\/06\/11\/esta-disponible-nueva-edicion-de-la-revista-transporte-y-ciudad-foro-de-la-movilidad-publicada-en-espanol-por-la-asociacion-mexicana-de-transporte-y-movilidad-amtm-de-la-crisis\/#breadcrumb","itemListElement":[{"@type":"ListItem","position":1,"name":"In\u00edcio","item":"https:\/\/mobilitas.lat\/es\/"},{"@type":"ListItem","position":2,"name":"Est\u00e1 disponible nueva edici\u00f3n de la revista &#8216;Transporte y Ciudad \u2013 Foro de la Movilidad&#8217;, publicada en espa\u00f1ol por la Asociaci\u00f3n Mexicana de Transporte y Movilidad (AMTM). \u201cDe la crisis a la modernizaci\u00f3n del transporte p\u00fablico\u201d es el tema de la portada"}]},{"@type":"WebSite","@id":"https:\/\/mobilitas.lat\/es\/#website","url":"https:\/\/mobilitas.lat\/es\/","name":"Mobilitas","description":"Tecnologia e Mobilidade Urbana na Am\u00e9rica Latina","publisher":{"@id":"https:\/\/mobilitas.lat\/es\/#organization"},"potentialAction":[{"@type":"SearchAction","target":{"@type":"EntryPoint","urlTemplate":"https:\/\/mobilitas.lat\/es\/?s={search_term_string}"},"query-input":{"@type":"PropertyValueSpecification","valueRequired":true,"valueName":"search_term_string"}}],"inLanguage":"es-ES"},{"@type":"Organization","@id":"https:\/\/mobilitas.lat\/es\/#organization","name":"OTM Editora","url":"https:\/\/mobilitas.lat\/es\/","logo":{"@type":"ImageObject","inLanguage":"es-ES","@id":"https:\/\/mobilitas.lat\/es\/#\/schema\/logo\/image\/","url":"https:\/\/mobilitas.lat\/wp-content\/uploads\/2024\/03\/opengraph.png","contentUrl":"https:\/\/mobilitas.lat\/wp-content\/uploads\/2024\/03\/opengraph.png","width":1200,"height":630,"caption":"OTM Editora"},"image":{"@id":"https:\/\/mobilitas.lat\/es\/#\/schema\/logo\/image\/"}},{"@type":"Person","@id":"https:\/\/mobilitas.lat\/es\/#\/schema\/person\/cae0d01ccbe855d1858d146e4c4d582d","name":"Alexandre Asquini","image":{"@type":"ImageObject","inLanguage":"es-ES","@id":"https:\/\/mobilitas.lat\/es\/#\/schema\/person\/image\/","url":"https:\/\/secure.gravatar.com\/avatar\/aac99dbef1420f75cc7d86913eb8a7cdfbe13e2509ad7a45649a61414f6d2785?s=96&d=mm&r=g","contentUrl":"https:\/\/secure.gravatar.com\/avatar\/aac99dbef1420f75cc7d86913eb8a7cdfbe13e2509ad7a45649a61414f6d2785?s=96&d=mm&r=g","caption":"Alexandre Asquini"}}]}},"_links":{"self":[{"href":"https:\/\/mobilitas.lat\/es\/wp-json\/wp\/v2\/posts\/18118","targetHints":{"allow":["GET"]}}],"collection":[{"href":"https:\/\/mobilitas.lat\/es\/wp-json\/wp\/v2\/posts"}],"about":[{"href":"https:\/\/mobilitas.lat\/es\/wp-json\/wp\/v2\/types\/post"}],"author":[{"embeddable":true,"href":"https:\/\/mobilitas.lat\/es\/wp-json\/wp\/v2\/users\/2"}],"replies":[{"embeddable":true,"href":"https:\/\/mobilitas.lat\/es\/wp-json\/wp\/v2\/comments?post=18118"}],"version-history":[{"count":4,"href":"https:\/\/mobilitas.lat\/es\/wp-json\/wp\/v2\/posts\/18118\/revisions"}],"predecessor-version":[{"id":18123,"href":"https:\/\/mobilitas.lat\/es\/wp-json\/wp\/v2\/posts\/18118\/revisions\/18123"}],"wp:featuredmedia":[{"embeddable":true,"href":"https:\/\/mobilitas.lat\/es\/wp-json\/wp\/v2\/media\/18115"}],"wp:attachment":[{"href":"https:\/\/mobilitas.lat\/es\/wp-json\/wp\/v2\/media?parent=18118"}],"wp:term":[{"taxonomy":"category","embeddable":true,"href":"https:\/\/mobilitas.lat\/es\/wp-json\/wp\/v2\/categories?post=18118"},{"taxonomy":"post_tag","embeddable":true,"href":"https:\/\/mobilitas.lat\/es\/wp-json\/wp\/v2\/tags?post=18118"}],"curies":[{"name":"wp","href":"https:\/\/api.w.org\/{rel}","templated":true}]}}