{"id":18016,"date":"2023-06-05T02:24:18","date_gmt":"2023-06-05T05:24:18","guid":{"rendered":"https:\/\/mobilitas.lat\/?p=18016"},"modified":"2023-06-05T02:35:42","modified_gmt":"2023-06-05T05:35:42","slug":"con-motivo-del-dia-mundial-del-medio-ambiente-el-sector-brasileno-del-transporte-ferroviario-de-pasajeros-destaca-su-contribucion-en-cuanto-a-este-tema-especialmente-la-reduccion-de-21-millones-de","status":"publish","type":"post","link":"https:\/\/mobilitas.lat\/es\/2023\/06\/05\/con-motivo-del-dia-mundial-del-medio-ambiente-el-sector-brasileno-del-transporte-ferroviario-de-pasajeros-destaca-su-contribucion-en-cuanto-a-este-tema-especialmente-la-reduccion-de-21-millones-de\/","title":{"rendered":"Con motivo del D\u00eda Mundial del Medio Ambiente, el sector brasile\u00f1o del transporte ferroviario de pasajeros destaca su contribuci\u00f3n en cuanto a este tema, especialmente la reducci\u00f3n de 2,1 millones de toneladas de emisiones contaminantes al a\u00f1o"},"content":{"rendered":"\n<div class=\"wp-block-image\"><figure class=\"aligncenter size-large is-resized\"><img loading=\"lazy\" decoding=\"async\" src=\"https:\/\/storage.mobilitas.lat\/uploads\/2018\/10\/MOBILITAS-ESTA\u00c7\u00c3O-HIGIENOPOLIS-MACKENZIE-1-ALEXANDRE-CARVALHO-A2-IMG.png\" alt=\"\" class=\"wp-image-2497\" width=\"585\" height=\"403\" srcset=\"https:\/\/storage.mobilitas.lat\/uploads\/2018\/10\/MOBILITAS-ESTA\u00c7\u00c3O-HIGIENOPOLIS-MACKENZIE-1-ALEXANDRE-CARVALHO-A2-IMG.png 508w, https:\/\/storage.mobilitas.lat\/uploads\/2018\/10\/MOBILITAS-ESTA\u00c7\u00c3O-HIGIENOPOLIS-MACKENZIE-1-ALEXANDRE-CARVALHO-A2-IMG-300x207.png 300w\" sizes=\"auto, (max-width: 585px) 100vw, 585px\" \/><figcaption><strong><em>Metr\u00f4 de S\u00e3o Paulo. Foto: Alexandre Carvalho A2 IMG<\/em><\/strong><\/figcaption><\/figure><\/div>\n\n\n\n<p>Con motivo del D\u00eda Mundial del Medio Ambiente, que se celebra este lunes, 5 de junio, la Asociaci\u00f3n Nacional de Transporte Ferroviario de Pasajeros (ANPTrilhos), de Brasil, divulg\u00f3 un comunicado de prensa, en el que muestra c\u00f3mo el sector metro-ferroviario del pa\u00eds contribuye a la sostenibilidad medioambiental.<\/p>\n\n\n\n<p>La entidad destaca que reducir el uso de combustibles f\u00f3siles, la emisi\u00f3n de contaminantes a la atm\u00f3sfera, los atascos de tr\u00e1fico y el consumo de recursos h\u00eddricos son aspectos de gran relevancia para la calidad ambiental de las ciudades y la calidad de vida de la poblaci\u00f3n.<\/p>\n\n\n\n<p>El texto se\u00f1ala: &#8220;Hoy, 5 de junio, D\u00eda Mundial del Medio Ambiente, estas cuestiones se refuerzan para concienciar a todos de la importancia de preservar la naturaleza&#8221;.<\/p>\n\n\n\n<p>Los 21 sistemas de transporte ferroviario urbano de Brasil &#8211; metros, trenes metropolitanos, veh\u00edculos ferroviarios ligeros (LRV) y &#8220;people movers&#8221; &#8211; funcionan en 11 estados y en el Distrito Federal, operados por 16 empresas, entre ellas ocho concesionarias privadas, y transportan m\u00e1s de 8 millones de pasajeros al d\u00eda.<\/p>\n\n\n\n<p>Estos sistemas, seg\u00fan ANPTrilhos, contribuyen a reducir el n\u00famero de veh\u00edculos en las calles, disminuyendo la congesti\u00f3n urbana, lo que resulta en menor tiempo de desplazamiento, ahorro de combustible y reducci\u00f3n de la contaminaci\u00f3n atmosf\u00e9rica.<\/p>\n\n\n\n<p>La entidad tambi\u00e9n valora la econom\u00eda de espacio en las ciudades, ya que los sistemas ferroviarios requieren menos espacio f\u00edsico en comparaci\u00f3n con las carreteras y los aparcamientos para veh\u00edculos individuales.<\/p>\n\n\n\n<p>As\u00ed, las ciudades pueden utilizar el espacio disponible de forma m\u00e1s eficiente, creando zonas verdes, carriles bici, espacios p\u00fablicos y reduciendo la expansi\u00f3n urbana no planificada.<\/p>\n\n\n\n<p><strong>M\u00c1S ALL\u00c1 DEL TRANSPORTE<\/strong><\/p>\n\n\n\n<p>La directora ejecutiva de ANPTrilhos, Roberta Marchesi, afirma que el transporte ferroviario contribuye al medio ambiente, con beneficios que van mucho m\u00e1s all\u00e1 del propio transporte.&nbsp;<\/p>\n\n\n\n<p>Inform\u00f3 que en 2022, el uso del ferrocarril urbano colabor\u00f3 con la reducci\u00f3n de 2,1 millones de toneladas de emisiones contaminantes a la atm\u00f3sfera y gener\u00f3 un ahorro de 1.000 millones de litros de combustibles f\u00f3siles.<\/p>\n\n\n\n<p>En los centros urbanos donde est\u00e1n instalados, los sistemas ferroviarios proporcionan un ahorro de 10.000 millones de reales (aproximadamente 2.000 millones de d\u00f3lares) al a\u00f1o, al retirar de las calles autobuses y autom\u00f3viles.<\/p>\n\n\n\n<p>&#8220;Los beneficios generados por este tipo de transporte son muchos y ampliamente reconocidos&#8221;, afirma la directora ejecutiva.<\/p>\n\n\n\n<p>El uso del transporte ferroviario tambi\u00e9n proporciona menos tiempo de viaje, con una reducci\u00f3n anual de 1.300 millones de horas en tiempo de viaje, y un ahorro de 379 millones de reales (76,38 millones de d\u00f3lares) en costes de accidentes de tr\u00e1fico.<\/p>\n\n\n\n<p>Seg\u00fan la entidad, teniendo en cuenta todas estas contribuciones enumeradas, las personas que optaron por utilizar el transporte ferroviario el a\u00f1o pasado cooperaron con el retorno a la sociedad de 30 mil millones de reales (USD 6,04 mil millones) en t\u00e9rminos sociales, econ\u00f3micos y de calidad de vida.<\/p>\n\n\n\n<p>La preservaci\u00f3n de los recursos h\u00eddricos tambi\u00e9n es esencial y el sector trabaja con la reutilizaci\u00f3n y la contenci\u00f3n de residuos. La modernizaci\u00f3n de los equipamientos, la reutilizaci\u00f3n del agua y el uso de fuentes alternativas, como la captaci\u00f3n de agua de lluvia, son ejemplos de estas acciones. Tambi\u00e9n hay actuaciones puntuales con recogida de agua generada por aparatos de aire acondicionado para su uso en limpieza y de pozos para riego de jardines. La reutilizaci\u00f3n del agua en actividades como el lavado exterior de trenes, piezas ferroviarias, t\u00faneles, patios y talleres tambi\u00e9n forman parte del conjunto de medidas adoptadas por los operadores.<\/p>\n\n\n\n<p>La expansi\u00f3n de la red de metro-ferrocarril contribuye directamente al objetivo global de la Agenda 2030 de las Naciones Unidas de &#8220;hacer las ciudades m\u00e1s inclusivas, seguras, resilientes y sostenibles&#8221;. <\/p>\n\n\n\n<p>El directora ejecutiva de ANPTrilhos concluye afirmando: &#8220;Somos una industria comprometida con el medio ambiente y buscamos tecnolog\u00edas y alternativas para ello. La existencia del transporte ferroviario de pasajeros en las ciudades va m\u00e1s all\u00e1 del desplazamiento r\u00e1pido y previsible&#8221;.<\/p>\n","protected":false},"excerpt":{"rendered":"<p>Con motivo del D\u00eda Mundial del Medio Ambiente, que se celebra este lunes, 5 de junio, la Asociaci\u00f3n Nacional de Transporte Ferroviario de Pasajeros (ANPTrilhos), de Brasil, divulg\u00f3 un comunicado de prensa, en el que muestra c\u00f3mo el sector metro-ferroviario del pa\u00eds contribuye a la sostenibilidad medioambiental. La entidad destaca que reducir el uso de [&hellip;]<\/p>\n","protected":false},"author":2,"featured_media":18027,"comment_status":"closed","ping_status":"closed","sticky":false,"template":"","format":"standard","meta":{"footnotes":""},"categories":[287,298],"tags":[760,2082,1511],"class_list":["post-18016","post","type-post","status-publish","format-standard","has-post-thumbnail","hentry","category-notas","category-radar-es","tag-anptrilhos-es","tag-dia-mundial-del-medio-ambiente","tag-radar"],"yoast_head":"<!-- This site is optimized with the Yoast SEO plugin v26.9 - https:\/\/yoast.com\/product\/yoast-seo-wordpress\/ -->\n<title>Con motivo del D\u00eda Mundial del Medio Ambiente, el sector brasile\u00f1o del transporte ferroviario de pasajeros destaca su contribuci\u00f3n en cuanto a este tema, especialmente la reducci\u00f3n de 2,1 millones de toneladas de emisiones contaminantes al a\u00f1o | Mobilitas<\/title>\n<meta name=\"robots\" content=\"index, follow, max-snippet:-1, max-image-preview:large, max-video-preview:-1\" \/>\n<link rel=\"canonical\" href=\"https:\/\/mobilitas.lat\/es\/2023\/06\/05\/con-motivo-del-dia-mundial-del-medio-ambiente-el-sector-brasileno-del-transporte-ferroviario-de-pasajeros-destaca-su-contribucion-en-cuanto-a-este-tema-especialmente-la-reduccion-de-21-millones-de\/\" \/>\n<meta property=\"og:locale\" content=\"es_ES\" \/>\n<meta property=\"og:type\" content=\"article\" \/>\n<meta property=\"og:title\" content=\"Con motivo del D\u00eda Mundial del Medio Ambiente, el sector brasile\u00f1o del transporte ferroviario de pasajeros destaca su contribuci\u00f3n en cuanto a este tema, especialmente la reducci\u00f3n de 2,1 millones de toneladas de emisiones contaminantes al a\u00f1o | Mobilitas\" \/>\n<meta property=\"og:description\" content=\"Con motivo del D\u00eda Mundial del Medio Ambiente, que se celebra este lunes, 5 de junio, la Asociaci\u00f3n Nacional de Transporte Ferroviario de Pasajeros (ANPTrilhos), de Brasil, divulg\u00f3 un comunicado de prensa, en el que muestra c\u00f3mo el sector metro-ferroviario del pa\u00eds contribuye a la sostenibilidad medioambiental. La entidad destaca que reducir el uso de [&hellip;]\" \/>\n<meta property=\"og:url\" content=\"https:\/\/mobilitas.lat\/es\/2023\/06\/05\/con-motivo-del-dia-mundial-del-medio-ambiente-el-sector-brasileno-del-transporte-ferroviario-de-pasajeros-destaca-su-contribucion-en-cuanto-a-este-tema-especialmente-la-reduccion-de-21-millones-de\/\" \/>\n<meta property=\"og:site_name\" content=\"Mobilitas\" \/>\n<meta property=\"article:published_time\" content=\"2023-06-05T05:24:18+00:00\" \/>\n<meta property=\"article:modified_time\" content=\"2023-06-05T05:35:42+00:00\" \/>\n<meta property=\"og:image\" content=\"https:\/\/storage.mobilitas.lat\/uploads\/2023\/06\/MOBILITAS-METRO-ILUSTRATIVA-Foto-Alexandre-Carvalho-A2-IMG-MELHOR.jpg\" \/>\n\t<meta property=\"og:image:width\" content=\"506\" \/>\n\t<meta property=\"og:image:height\" content=\"301\" \/>\n\t<meta property=\"og:image:type\" content=\"image\/jpeg\" \/>\n<meta name=\"author\" content=\"Alexandre Asquini\" \/>\n<meta name=\"twitter:card\" content=\"summary_large_image\" \/>\n<meta name=\"twitter:label1\" content=\"Written by\" \/>\n\t<meta name=\"twitter:data1\" content=\"Alexandre Asquini\" \/>\n\t<meta name=\"twitter:label2\" content=\"Est. reading time\" \/>\n\t<meta name=\"twitter:data2\" content=\"3 minutes\" \/>\n<script type=\"application\/ld+json\" class=\"yoast-schema-graph\">{\"@context\":\"https:\/\/schema.org\",\"@graph\":[{\"@type\":\"Article\",\"@id\":\"https:\/\/mobilitas.lat\/es\/2023\/06\/05\/con-motivo-del-dia-mundial-del-medio-ambiente-el-sector-brasileno-del-transporte-ferroviario-de-pasajeros-destaca-su-contribucion-en-cuanto-a-este-tema-especialmente-la-reduccion-de-21-millones-de\/#article\",\"isPartOf\":{\"@id\":\"https:\/\/mobilitas.lat\/es\/2023\/06\/05\/con-motivo-del-dia-mundial-del-medio-ambiente-el-sector-brasileno-del-transporte-ferroviario-de-pasajeros-destaca-su-contribucion-en-cuanto-a-este-tema-especialmente-la-reduccion-de-21-millones-de\/\"},\"author\":{\"name\":\"Alexandre Asquini\",\"@id\":\"https:\/\/mobilitas.lat\/es\/#\/schema\/person\/cae0d01ccbe855d1858d146e4c4d582d\"},\"headline\":\"Con motivo del D\u00eda Mundial del Medio Ambiente, el sector brasile\u00f1o del transporte ferroviario de pasajeros destaca su contribuci\u00f3n en cuanto a este tema, especialmente la reducci\u00f3n de 2,1 millones de toneladas de emisiones contaminantes al a\u00f1o\",\"datePublished\":\"2023-06-05T05:24:18+00:00\",\"dateModified\":\"2023-06-05T05:35:42+00:00\",\"mainEntityOfPage\":{\"@id\":\"https:\/\/mobilitas.lat\/es\/2023\/06\/05\/con-motivo-del-dia-mundial-del-medio-ambiente-el-sector-brasileno-del-transporte-ferroviario-de-pasajeros-destaca-su-contribucion-en-cuanto-a-este-tema-especialmente-la-reduccion-de-21-millones-de\/\"},\"wordCount\":740,\"publisher\":{\"@id\":\"https:\/\/mobilitas.lat\/es\/#organization\"},\"image\":{\"@id\":\"https:\/\/mobilitas.lat\/es\/2023\/06\/05\/con-motivo-del-dia-mundial-del-medio-ambiente-el-sector-brasileno-del-transporte-ferroviario-de-pasajeros-destaca-su-contribucion-en-cuanto-a-este-tema-especialmente-la-reduccion-de-21-millones-de\/#primaryimage\"},\"thumbnailUrl\":\"https:\/\/storage.mobilitas.lat\/uploads\/2023\/06\/MOBILITAS-METRO-ILUSTRATIVA-Foto-Alexandre-Carvalho-A2-IMG-MELHOR.jpg\",\"keywords\":[\"ANPTRILHOS\",\"D\u00cdA MUNDIAL DEL MEDIO AMBIENTE\",\"RADAR\"],\"articleSection\":[\"Notas\",\"Radar\"],\"inLanguage\":\"es-ES\"},{\"@type\":\"WebPage\",\"@id\":\"https:\/\/mobilitas.lat\/es\/2023\/06\/05\/con-motivo-del-dia-mundial-del-medio-ambiente-el-sector-brasileno-del-transporte-ferroviario-de-pasajeros-destaca-su-contribucion-en-cuanto-a-este-tema-especialmente-la-reduccion-de-21-millones-de\/\",\"url\":\"https:\/\/mobilitas.lat\/es\/2023\/06\/05\/con-motivo-del-dia-mundial-del-medio-ambiente-el-sector-brasileno-del-transporte-ferroviario-de-pasajeros-destaca-su-contribucion-en-cuanto-a-este-tema-especialmente-la-reduccion-de-21-millones-de\/\",\"name\":\"Con motivo del D\u00eda Mundial del Medio Ambiente, el sector brasile\u00f1o del transporte ferroviario de pasajeros destaca su contribuci\u00f3n en cuanto a este tema, especialmente la reducci\u00f3n de 2,1 millones de toneladas de emisiones contaminantes al a\u00f1o | Mobilitas\",\"isPartOf\":{\"@id\":\"https:\/\/mobilitas.lat\/es\/#website\"},\"primaryImageOfPage\":{\"@id\":\"https:\/\/mobilitas.lat\/es\/2023\/06\/05\/con-motivo-del-dia-mundial-del-medio-ambiente-el-sector-brasileno-del-transporte-ferroviario-de-pasajeros-destaca-su-contribucion-en-cuanto-a-este-tema-especialmente-la-reduccion-de-21-millones-de\/#primaryimage\"},\"image\":{\"@id\":\"https:\/\/mobilitas.lat\/es\/2023\/06\/05\/con-motivo-del-dia-mundial-del-medio-ambiente-el-sector-brasileno-del-transporte-ferroviario-de-pasajeros-destaca-su-contribucion-en-cuanto-a-este-tema-especialmente-la-reduccion-de-21-millones-de\/#primaryimage\"},\"thumbnailUrl\":\"https:\/\/storage.mobilitas.lat\/uploads\/2023\/06\/MOBILITAS-METRO-ILUSTRATIVA-Foto-Alexandre-Carvalho-A2-IMG-MELHOR.jpg\",\"datePublished\":\"2023-06-05T05:24:18+00:00\",\"dateModified\":\"2023-06-05T05:35:42+00:00\",\"breadcrumb\":{\"@id\":\"https:\/\/mobilitas.lat\/es\/2023\/06\/05\/con-motivo-del-dia-mundial-del-medio-ambiente-el-sector-brasileno-del-transporte-ferroviario-de-pasajeros-destaca-su-contribucion-en-cuanto-a-este-tema-especialmente-la-reduccion-de-21-millones-de\/#breadcrumb\"},\"inLanguage\":\"es-ES\",\"potentialAction\":[{\"@type\":\"ReadAction\",\"target\":[\"https:\/\/mobilitas.lat\/es\/2023\/06\/05\/con-motivo-del-dia-mundial-del-medio-ambiente-el-sector-brasileno-del-transporte-ferroviario-de-pasajeros-destaca-su-contribucion-en-cuanto-a-este-tema-especialmente-la-reduccion-de-21-millones-de\/\"]}]},{\"@type\":\"ImageObject\",\"inLanguage\":\"es-ES\",\"@id\":\"https:\/\/mobilitas.lat\/es\/2023\/06\/05\/con-motivo-del-dia-mundial-del-medio-ambiente-el-sector-brasileno-del-transporte-ferroviario-de-pasajeros-destaca-su-contribucion-en-cuanto-a-este-tema-especialmente-la-reduccion-de-21-millones-de\/#primaryimage\",\"url\":\"https:\/\/storage.mobilitas.lat\/uploads\/2023\/06\/MOBILITAS-METRO-ILUSTRATIVA-Foto-Alexandre-Carvalho-A2-IMG-MELHOR.jpg\",\"contentUrl\":\"https:\/\/storage.mobilitas.lat\/uploads\/2023\/06\/MOBILITAS-METRO-ILUSTRATIVA-Foto-Alexandre-Carvalho-A2-IMG-MELHOR.jpg\",\"width\":506,\"height\":301},{\"@type\":\"BreadcrumbList\",\"@id\":\"https:\/\/mobilitas.lat\/es\/2023\/06\/05\/con-motivo-del-dia-mundial-del-medio-ambiente-el-sector-brasileno-del-transporte-ferroviario-de-pasajeros-destaca-su-contribucion-en-cuanto-a-este-tema-especialmente-la-reduccion-de-21-millones-de\/#breadcrumb\",\"itemListElement\":[{\"@type\":\"ListItem\",\"position\":1,\"name\":\"In\u00edcio\",\"item\":\"https:\/\/mobilitas.lat\/es\/\"},{\"@type\":\"ListItem\",\"position\":2,\"name\":\"Con motivo del D\u00eda Mundial del Medio Ambiente, el sector brasile\u00f1o del transporte ferroviario de pasajeros destaca su contribuci\u00f3n en cuanto a este tema, especialmente la reducci\u00f3n de 2,1 millones de toneladas de emisiones contaminantes al a\u00f1o\"}]},{\"@type\":\"WebSite\",\"@id\":\"https:\/\/mobilitas.lat\/es\/#website\",\"url\":\"https:\/\/mobilitas.lat\/es\/\",\"name\":\"Mobilitas\",\"description\":\"Tecnologia e Mobilidade Urbana na Am\u00e9rica Latina\",\"publisher\":{\"@id\":\"https:\/\/mobilitas.lat\/es\/#organization\"},\"potentialAction\":[{\"@type\":\"SearchAction\",\"target\":{\"@type\":\"EntryPoint\",\"urlTemplate\":\"https:\/\/mobilitas.lat\/es\/?s={search_term_string}\"},\"query-input\":{\"@type\":\"PropertyValueSpecification\",\"valueRequired\":true,\"valueName\":\"search_term_string\"}}],\"inLanguage\":\"es-ES\"},{\"@type\":\"Organization\",\"@id\":\"https:\/\/mobilitas.lat\/es\/#organization\",\"name\":\"OTM Editora\",\"url\":\"https:\/\/mobilitas.lat\/es\/\",\"logo\":{\"@type\":\"ImageObject\",\"inLanguage\":\"es-ES\",\"@id\":\"https:\/\/mobilitas.lat\/es\/#\/schema\/logo\/image\/\",\"url\":\"https:\/\/mobilitas.lat\/wp-content\/uploads\/2024\/03\/opengraph.png\",\"contentUrl\":\"https:\/\/mobilitas.lat\/wp-content\/uploads\/2024\/03\/opengraph.png\",\"width\":1200,\"height\":630,\"caption\":\"OTM Editora\"},\"image\":{\"@id\":\"https:\/\/mobilitas.lat\/es\/#\/schema\/logo\/image\/\"}},{\"@type\":\"Person\",\"@id\":\"https:\/\/mobilitas.lat\/es\/#\/schema\/person\/cae0d01ccbe855d1858d146e4c4d582d\",\"name\":\"Alexandre Asquini\",\"image\":{\"@type\":\"ImageObject\",\"inLanguage\":\"es-ES\",\"@id\":\"https:\/\/mobilitas.lat\/es\/#\/schema\/person\/image\/\",\"url\":\"https:\/\/secure.gravatar.com\/avatar\/aac99dbef1420f75cc7d86913eb8a7cdfbe13e2509ad7a45649a61414f6d2785?s=96&d=mm&r=g\",\"contentUrl\":\"https:\/\/secure.gravatar.com\/avatar\/aac99dbef1420f75cc7d86913eb8a7cdfbe13e2509ad7a45649a61414f6d2785?s=96&d=mm&r=g\",\"caption\":\"Alexandre Asquini\"}}]}<\/script>\n<!-- \/ Yoast SEO plugin. -->","yoast_head_json":{"title":"Con motivo del D\u00eda Mundial del Medio Ambiente, el sector brasile\u00f1o del transporte ferroviario de pasajeros destaca su contribuci\u00f3n en cuanto a este tema, especialmente la reducci\u00f3n de 2,1 millones de toneladas de emisiones contaminantes al a\u00f1o | Mobilitas","robots":{"index":"index","follow":"follow","max-snippet":"max-snippet:-1","max-image-preview":"max-image-preview:large","max-video-preview":"max-video-preview:-1"},"canonical":"https:\/\/mobilitas.lat\/es\/2023\/06\/05\/con-motivo-del-dia-mundial-del-medio-ambiente-el-sector-brasileno-del-transporte-ferroviario-de-pasajeros-destaca-su-contribucion-en-cuanto-a-este-tema-especialmente-la-reduccion-de-21-millones-de\/","og_locale":"es_ES","og_type":"article","og_title":"Con motivo del D\u00eda Mundial del Medio Ambiente, el sector brasile\u00f1o del transporte ferroviario de pasajeros destaca su contribuci\u00f3n en cuanto a este tema, especialmente la reducci\u00f3n de 2,1 millones de toneladas de emisiones contaminantes al a\u00f1o | Mobilitas","og_description":"Con motivo del D\u00eda Mundial del Medio Ambiente, que se celebra este lunes, 5 de junio, la Asociaci\u00f3n Nacional de Transporte Ferroviario de Pasajeros (ANPTrilhos), de Brasil, divulg\u00f3 un comunicado de prensa, en el que muestra c\u00f3mo el sector metro-ferroviario del pa\u00eds contribuye a la sostenibilidad medioambiental. La entidad destaca que reducir el uso de [&hellip;]","og_url":"https:\/\/mobilitas.lat\/es\/2023\/06\/05\/con-motivo-del-dia-mundial-del-medio-ambiente-el-sector-brasileno-del-transporte-ferroviario-de-pasajeros-destaca-su-contribucion-en-cuanto-a-este-tema-especialmente-la-reduccion-de-21-millones-de\/","og_site_name":"Mobilitas","article_published_time":"2023-06-05T05:24:18+00:00","article_modified_time":"2023-06-05T05:35:42+00:00","og_image":[{"width":506,"height":301,"url":"https:\/\/storage.mobilitas.lat\/uploads\/2023\/06\/MOBILITAS-METRO-ILUSTRATIVA-Foto-Alexandre-Carvalho-A2-IMG-MELHOR.jpg","type":"image\/jpeg"}],"author":"Alexandre Asquini","twitter_card":"summary_large_image","twitter_misc":{"Written by":"Alexandre Asquini","Est. reading time":"3 minutes"},"schema":{"@context":"https:\/\/schema.org","@graph":[{"@type":"Article","@id":"https:\/\/mobilitas.lat\/es\/2023\/06\/05\/con-motivo-del-dia-mundial-del-medio-ambiente-el-sector-brasileno-del-transporte-ferroviario-de-pasajeros-destaca-su-contribucion-en-cuanto-a-este-tema-especialmente-la-reduccion-de-21-millones-de\/#article","isPartOf":{"@id":"https:\/\/mobilitas.lat\/es\/2023\/06\/05\/con-motivo-del-dia-mundial-del-medio-ambiente-el-sector-brasileno-del-transporte-ferroviario-de-pasajeros-destaca-su-contribucion-en-cuanto-a-este-tema-especialmente-la-reduccion-de-21-millones-de\/"},"author":{"name":"Alexandre Asquini","@id":"https:\/\/mobilitas.lat\/es\/#\/schema\/person\/cae0d01ccbe855d1858d146e4c4d582d"},"headline":"Con motivo del D\u00eda Mundial del Medio Ambiente, el sector brasile\u00f1o del transporte ferroviario de pasajeros destaca su contribuci\u00f3n en cuanto a este tema, especialmente la reducci\u00f3n de 2,1 millones de toneladas de emisiones contaminantes al a\u00f1o","datePublished":"2023-06-05T05:24:18+00:00","dateModified":"2023-06-05T05:35:42+00:00","mainEntityOfPage":{"@id":"https:\/\/mobilitas.lat\/es\/2023\/06\/05\/con-motivo-del-dia-mundial-del-medio-ambiente-el-sector-brasileno-del-transporte-ferroviario-de-pasajeros-destaca-su-contribucion-en-cuanto-a-este-tema-especialmente-la-reduccion-de-21-millones-de\/"},"wordCount":740,"publisher":{"@id":"https:\/\/mobilitas.lat\/es\/#organization"},"image":{"@id":"https:\/\/mobilitas.lat\/es\/2023\/06\/05\/con-motivo-del-dia-mundial-del-medio-ambiente-el-sector-brasileno-del-transporte-ferroviario-de-pasajeros-destaca-su-contribucion-en-cuanto-a-este-tema-especialmente-la-reduccion-de-21-millones-de\/#primaryimage"},"thumbnailUrl":"https:\/\/storage.mobilitas.lat\/uploads\/2023\/06\/MOBILITAS-METRO-ILUSTRATIVA-Foto-Alexandre-Carvalho-A2-IMG-MELHOR.jpg","keywords":["ANPTRILHOS","D\u00cdA MUNDIAL DEL MEDIO AMBIENTE","RADAR"],"articleSection":["Notas","Radar"],"inLanguage":"es-ES"},{"@type":"WebPage","@id":"https:\/\/mobilitas.lat\/es\/2023\/06\/05\/con-motivo-del-dia-mundial-del-medio-ambiente-el-sector-brasileno-del-transporte-ferroviario-de-pasajeros-destaca-su-contribucion-en-cuanto-a-este-tema-especialmente-la-reduccion-de-21-millones-de\/","url":"https:\/\/mobilitas.lat\/es\/2023\/06\/05\/con-motivo-del-dia-mundial-del-medio-ambiente-el-sector-brasileno-del-transporte-ferroviario-de-pasajeros-destaca-su-contribucion-en-cuanto-a-este-tema-especialmente-la-reduccion-de-21-millones-de\/","name":"Con motivo del D\u00eda Mundial del Medio Ambiente, el sector brasile\u00f1o del transporte ferroviario de pasajeros destaca su contribuci\u00f3n en cuanto a este tema, especialmente la reducci\u00f3n de 2,1 millones de toneladas de emisiones contaminantes al a\u00f1o | Mobilitas","isPartOf":{"@id":"https:\/\/mobilitas.lat\/es\/#website"},"primaryImageOfPage":{"@id":"https:\/\/mobilitas.lat\/es\/2023\/06\/05\/con-motivo-del-dia-mundial-del-medio-ambiente-el-sector-brasileno-del-transporte-ferroviario-de-pasajeros-destaca-su-contribucion-en-cuanto-a-este-tema-especialmente-la-reduccion-de-21-millones-de\/#primaryimage"},"image":{"@id":"https:\/\/mobilitas.lat\/es\/2023\/06\/05\/con-motivo-del-dia-mundial-del-medio-ambiente-el-sector-brasileno-del-transporte-ferroviario-de-pasajeros-destaca-su-contribucion-en-cuanto-a-este-tema-especialmente-la-reduccion-de-21-millones-de\/#primaryimage"},"thumbnailUrl":"https:\/\/storage.mobilitas.lat\/uploads\/2023\/06\/MOBILITAS-METRO-ILUSTRATIVA-Foto-Alexandre-Carvalho-A2-IMG-MELHOR.jpg","datePublished":"2023-06-05T05:24:18+00:00","dateModified":"2023-06-05T05:35:42+00:00","breadcrumb":{"@id":"https:\/\/mobilitas.lat\/es\/2023\/06\/05\/con-motivo-del-dia-mundial-del-medio-ambiente-el-sector-brasileno-del-transporte-ferroviario-de-pasajeros-destaca-su-contribucion-en-cuanto-a-este-tema-especialmente-la-reduccion-de-21-millones-de\/#breadcrumb"},"inLanguage":"es-ES","potentialAction":[{"@type":"ReadAction","target":["https:\/\/mobilitas.lat\/es\/2023\/06\/05\/con-motivo-del-dia-mundial-del-medio-ambiente-el-sector-brasileno-del-transporte-ferroviario-de-pasajeros-destaca-su-contribucion-en-cuanto-a-este-tema-especialmente-la-reduccion-de-21-millones-de\/"]}]},{"@type":"ImageObject","inLanguage":"es-ES","@id":"https:\/\/mobilitas.lat\/es\/2023\/06\/05\/con-motivo-del-dia-mundial-del-medio-ambiente-el-sector-brasileno-del-transporte-ferroviario-de-pasajeros-destaca-su-contribucion-en-cuanto-a-este-tema-especialmente-la-reduccion-de-21-millones-de\/#primaryimage","url":"https:\/\/storage.mobilitas.lat\/uploads\/2023\/06\/MOBILITAS-METRO-ILUSTRATIVA-Foto-Alexandre-Carvalho-A2-IMG-MELHOR.jpg","contentUrl":"https:\/\/storage.mobilitas.lat\/uploads\/2023\/06\/MOBILITAS-METRO-ILUSTRATIVA-Foto-Alexandre-Carvalho-A2-IMG-MELHOR.jpg","width":506,"height":301},{"@type":"BreadcrumbList","@id":"https:\/\/mobilitas.lat\/es\/2023\/06\/05\/con-motivo-del-dia-mundial-del-medio-ambiente-el-sector-brasileno-del-transporte-ferroviario-de-pasajeros-destaca-su-contribucion-en-cuanto-a-este-tema-especialmente-la-reduccion-de-21-millones-de\/#breadcrumb","itemListElement":[{"@type":"ListItem","position":1,"name":"In\u00edcio","item":"https:\/\/mobilitas.lat\/es\/"},{"@type":"ListItem","position":2,"name":"Con motivo del D\u00eda Mundial del Medio Ambiente, el sector brasile\u00f1o del transporte ferroviario de pasajeros destaca su contribuci\u00f3n en cuanto a este tema, especialmente la reducci\u00f3n de 2,1 millones de toneladas de emisiones contaminantes al a\u00f1o"}]},{"@type":"WebSite","@id":"https:\/\/mobilitas.lat\/es\/#website","url":"https:\/\/mobilitas.lat\/es\/","name":"Mobilitas","description":"Tecnologia e Mobilidade Urbana na Am\u00e9rica Latina","publisher":{"@id":"https:\/\/mobilitas.lat\/es\/#organization"},"potentialAction":[{"@type":"SearchAction","target":{"@type":"EntryPoint","urlTemplate":"https:\/\/mobilitas.lat\/es\/?s={search_term_string}"},"query-input":{"@type":"PropertyValueSpecification","valueRequired":true,"valueName":"search_term_string"}}],"inLanguage":"es-ES"},{"@type":"Organization","@id":"https:\/\/mobilitas.lat\/es\/#organization","name":"OTM Editora","url":"https:\/\/mobilitas.lat\/es\/","logo":{"@type":"ImageObject","inLanguage":"es-ES","@id":"https:\/\/mobilitas.lat\/es\/#\/schema\/logo\/image\/","url":"https:\/\/mobilitas.lat\/wp-content\/uploads\/2024\/03\/opengraph.png","contentUrl":"https:\/\/mobilitas.lat\/wp-content\/uploads\/2024\/03\/opengraph.png","width":1200,"height":630,"caption":"OTM Editora"},"image":{"@id":"https:\/\/mobilitas.lat\/es\/#\/schema\/logo\/image\/"}},{"@type":"Person","@id":"https:\/\/mobilitas.lat\/es\/#\/schema\/person\/cae0d01ccbe855d1858d146e4c4d582d","name":"Alexandre Asquini","image":{"@type":"ImageObject","inLanguage":"es-ES","@id":"https:\/\/mobilitas.lat\/es\/#\/schema\/person\/image\/","url":"https:\/\/secure.gravatar.com\/avatar\/aac99dbef1420f75cc7d86913eb8a7cdfbe13e2509ad7a45649a61414f6d2785?s=96&d=mm&r=g","contentUrl":"https:\/\/secure.gravatar.com\/avatar\/aac99dbef1420f75cc7d86913eb8a7cdfbe13e2509ad7a45649a61414f6d2785?s=96&d=mm&r=g","caption":"Alexandre Asquini"}}]}},"_links":{"self":[{"href":"https:\/\/mobilitas.lat\/es\/wp-json\/wp\/v2\/posts\/18016","targetHints":{"allow":["GET"]}}],"collection":[{"href":"https:\/\/mobilitas.lat\/es\/wp-json\/wp\/v2\/posts"}],"about":[{"href":"https:\/\/mobilitas.lat\/es\/wp-json\/wp\/v2\/types\/post"}],"author":[{"embeddable":true,"href":"https:\/\/mobilitas.lat\/es\/wp-json\/wp\/v2\/users\/2"}],"replies":[{"embeddable":true,"href":"https:\/\/mobilitas.lat\/es\/wp-json\/wp\/v2\/comments?post=18016"}],"version-history":[{"count":5,"href":"https:\/\/mobilitas.lat\/es\/wp-json\/wp\/v2\/posts\/18016\/revisions"}],"predecessor-version":[{"id":18030,"href":"https:\/\/mobilitas.lat\/es\/wp-json\/wp\/v2\/posts\/18016\/revisions\/18030"}],"wp:featuredmedia":[{"embeddable":true,"href":"https:\/\/mobilitas.lat\/es\/wp-json\/wp\/v2\/media\/18027"}],"wp:attachment":[{"href":"https:\/\/mobilitas.lat\/es\/wp-json\/wp\/v2\/media?parent=18016"}],"wp:term":[{"taxonomy":"category","embeddable":true,"href":"https:\/\/mobilitas.lat\/es\/wp-json\/wp\/v2\/categories?post=18016"},{"taxonomy":"post_tag","embeddable":true,"href":"https:\/\/mobilitas.lat\/es\/wp-json\/wp\/v2\/tags?post=18016"}],"curies":[{"name":"wp","href":"https:\/\/api.w.org\/{rel}","templated":true}]}}