{"id":17912,"date":"2023-07-21T15:02:43","date_gmt":"2023-07-21T18:02:43","guid":{"rendered":"https:\/\/mobilitas.lat\/?p=17912"},"modified":"2023-07-21T15:24:16","modified_gmt":"2023-07-21T18:24:16","slug":"marco-legal-del-transporte-publico-colectivo-sera-uno-de-los-temas-destacados-en-arena-antp-2023-evento-que-tendra-lugar-en-octubre-en-transamerica-expo-en-la-ciudad-de-sao-paulo-brasil","status":"publish","type":"post","link":"https:\/\/mobilitas.lat\/es\/2023\/07\/21\/marco-legal-del-transporte-publico-colectivo-sera-uno-de-los-temas-destacados-en-arena-antp-2023-evento-que-tendra-lugar-en-octubre-en-transamerica-expo-en-la-ciudad-de-sao-paulo-brasil\/","title":{"rendered":"Marco Legal del Transporte P\u00fablico Colectivo ser\u00e1 uno de los temas destacados en Arena ANTP 2023, evento que tendr\u00e1 lugar pr\u00f3ximo mes de octubre, en Transamerica Expo, en la ciudad de S\u00e3o Paulo, Brasil"},"content":{"rendered":"\n<div class=\"wp-block-image\"><figure class=\"aligncenter size-large is-resized\"><img loading=\"lazy\" decoding=\"async\" src=\"https:\/\/storage.mobilitas.lat\/uploads\/2023\/05\/MOBILITAS-ANTP-LUIZ-CARLOS-MANTOVANI-NESPOLI.jpg\" alt=\"\" class=\"wp-image-17904\" width=\"552\" height=\"312\" srcset=\"https:\/\/storage.mobilitas.lat\/uploads\/2023\/05\/MOBILITAS-ANTP-LUIZ-CARLOS-MANTOVANI-NESPOLI.jpg 499w, https:\/\/storage.mobilitas.lat\/uploads\/2023\/05\/MOBILITAS-ANTP-LUIZ-CARLOS-MANTOVANI-NESPOLI-300x170.jpg 300w\" sizes=\"auto, (max-width: 552px) 100vw, 552px\" \/><figcaption><strong><em>Luiz Carlos Mantovani N\u00e9spoli, superintendente da ANTP<\/em><\/strong><\/figcaption><\/figure><\/div>\n\n\n\n<p>El congreso bienal de la Asociaci\u00f3n Nacional de Transporte P\u00fablico (ANTP) de Brasil, que se celebra desde 1978, tendr\u00e1 lugar este a\u00f1o con un formato diferente y manteniendo el nombre utilizado por primera vez en la edici\u00f3n anterior del encuentro: Arena ANTP.<\/p>\n\n\n\n<p>La Asociaci\u00f3n Nacional de Transporte P\u00fablico (ANTP) es una entidad civil sin \u00e1nimo de lucro cuyo objetivo es desarrollar y difundir el conocimiento y la informaci\u00f3n sobre el transporte p\u00fablico en Brasil.<\/p>\n\n\n\n<p>Creada en 1977, la ANTP cuenta entre sus miembros con organismos p\u00fablicos de los tres niveles de gobierno, entidades representativas del sector del transporte, empresas p\u00fablicas y privadas de transporte de pasajeros, fabricantes, empresas de tecnolog\u00eda, sindicatos, empresas de consultor\u00eda y particulares.<\/p>\n\n\n\n<p><strong>ARENA ANTP 2023<\/strong><\/p>\n\n\n\n<p>La Arena ANTP 2023, que corresponde a la 22\u00aa edici\u00f3n del Congreso ANTP, discutir\u00e1 los cambios y mejoras del transporte p\u00fablico colectivo (neum\u00e1ticos y rieles), y se llevar\u00e1 a cabo los d\u00edas 24, 25 y 26 de octubre, en el Transamerica Expo Center, en la ciudad de S\u00e3o Paulo.<\/p>\n\n\n\n<p>El presidente de la ANTP, Ailton Brasiliense, destaca la importancia del congreso que, desde su primera edici\u00f3n, busca soluciones para el crecimiento ordenado de las ciudades y del transporte p\u00fablico, para facilitar el acceso y el desplazamiento de la poblaci\u00f3n.<\/p>\n\n\n\n<p>&#8220;La Arena ANTP promueve encuentros para intercambiar informaci\u00f3n sobre medidas de planificaci\u00f3n urbana que ayuden a los servicios de transporte a atender a los usuarios. El objetivo es estimular a las autoridades para que ordenen el crecimiento de las ciudades y mejoren cada vez m\u00e1s la calidad del transporte, ya sea sobre ra\u00edles o sobre neum\u00e1ticos. En este espacio, la gente puede mostrar sus trabajos e ideas para soluciones de movilidad&#8221;, dijo Brasiliense.<\/p>\n\n\n\n<p>Este a\u00f1o, se discutir\u00e1n varios temas importantes, como el marco jur\u00eddico del transporte p\u00fablico colectivo (objeto de dos proyectos que deben ser debatidos en el Congreso Nacional), la electrificaci\u00f3n de las flotas, la tarifa cero y la movilidad activa. Las mesas de la conferencia estar\u00e1n m\u00e1s concentradas, para permitir debates m\u00e1s profundos sobre cuestiones clave para el Brasil de 2023.<\/p>\n\n\n\n<p>El evento contar\u00e1 con la presencia de autoridades federales, empresas de tecnolog\u00eda, sindicatos, acad\u00e9micos, l\u00edderes de proyectos del sector, periodistas, entre otros profesionales del \u00e1rea.<\/p>\n\n\n\n<p>&#8220;La diversidad es la t\u00f3nica de los congresos de la ANTP desde 1978. Hay espacio para todos los temas y discusiones, lo que lo convierte en el mejor congreso de movilidad urbana del pa\u00eds&#8221;, destaca el superintendente de la ANTP, Luiz Carlos Mantovani N\u00e9spoli.<\/p>\n\n\n\n<p>El p\u00fablico tambi\u00e9n encontrar\u00e1 stands de empresas del sector, en una exposici\u00f3n de proveedores de diferentes \u00e1reas.<\/p>\n\n\n\n<p>&#8220;Con el nuevo modelo de arena de conferencias y paneles, que ponemos en marcha en 2019, en el mismo entorno que la feria de exposiciones, los congresistas tienen mayor libertad para visitar los stands, encontrarse con viejos conocidos, hacer nuevos contactos y asistir tambi\u00e9n a las conferencias&#8221;, refuerza N\u00e9spoli.<\/p>\n\n\n\n<p>Durante los tres d\u00edas del congreso, el p\u00fablico podr\u00e1 participar en conferencias, mesas de debate sobre soluciones para la zona y conocer mejor las empresas que operan en el sector.<\/p>\n\n\n\n<p>El consultor y actual vicepresidente y miembro del Consejo Directivo de la ANTP, Claudio Senna explica c\u00f3mo ser\u00e1n las mesas de discusi\u00f3n en esta edici\u00f3n: &#8220;Utilizaremos una estructura de preguntas espec\u00edficas y diferentes para cada uno de los conferencistas para evitar presentaciones paralelas, buscando, en cambio, la construcci\u00f3n de recomendaciones que sumen.&#8221;<\/p>\n\n\n\n<p>Entre los temas a debatir, Senna destaca los contratos de transporte p\u00fablico: &#8220;\u00bfQu\u00e9 falla en los contratos de transporte p\u00fablico? \u00bfMal dise\u00f1o, falta de colaboraci\u00f3n, par\u00e1metros econ\u00f3micos poco realistas? \u00bfO todo ello a la vez?&#8221;.<\/p>\n\n\n\n<p><strong>ART\u00cdCULOS T\u00c9CNICOS<\/strong><\/p>\n\n\n\n<p>Los art\u00edculos t\u00e9cnicos sobre soluciones de movilidad urbana pueden presentarse hasta el 5 de junio en la web de ANTP. M\u00e1s informaci\u00f3n y las normas para participar en el mayor evento sobre transporte p\u00fablico de Brasil tambi\u00e9n est\u00e1n disponibles en el portal.<\/p>\n\n\n\n<p>Todas las contribuciones se almacenan en la web de la ANTP, de forma gratuita, y se convierten en una importante fuente de consulta para especialistas del sector y estudiantes universitarios.<\/p>\n\n\n\n<p><strong><em><a rel=\"noreferrer noopener\" href=\"http:\/\/www.antp.org.br\/arena-antp-2023-congresso-de-mobilidade-urbana\/apresentacao.html\" target=\"_blank\">Informaci\u00f3n sobre la Arena ANTP e inscripciones<\/a><\/em><\/strong><\/p>\n\n\n\n<div class=\"wp-block-image\"><figure class=\"aligncenter size-large is-resized\"><img loading=\"lazy\" decoding=\"async\" src=\"https:\/\/storage.mobilitas.lat\/uploads\/2023\/03\/MOBILITAS-ARENA-ANTP-2023-FOTO-DE-AILTON-EM-2007-CORTADA-EM-730.jpg\" alt=\"\" class=\"wp-image-17424\" width=\"388\" height=\"223\" srcset=\"https:\/\/storage.mobilitas.lat\/uploads\/2023\/03\/MOBILITAS-ARENA-ANTP-2023-FOTO-DE-AILTON-EM-2007-CORTADA-EM-730.jpg 738w, https:\/\/storage.mobilitas.lat\/uploads\/2023\/03\/MOBILITAS-ARENA-ANTP-2023-FOTO-DE-AILTON-EM-2007-CORTADA-EM-730-300x173.jpg 300w\" sizes=\"auto, (max-width: 388px) 100vw, 388px\" \/><figcaption><strong><em>Ailton Brasiliense Pires, presidente da ANTP<\/em><\/strong><\/figcaption><\/figure><\/div>\n\n\n\n<p><strong><em><a href=\"https:\/\/mobilitas.lat\/es\/2023\/04\/05\/el-presidente-de-la-asociacion-nacional-de-transporte-publico-antp-de-brasil-ailton-brasiliense-pires-muestra-como-el-congreso-de-la-entidad-arena-antp-2023-que-se-celebrara\/\" target=\"_blank\" rel=\"noreferrer noopener\">Entrevista al presidente de la ANTP, Ailton Brasiliense Pires, sobre la ANTP Arena (Mobilitas)<\/a><\/em><\/strong><\/p>\n","protected":false},"excerpt":{"rendered":"<p>El congreso bienal de la Asociaci\u00f3n Nacional de Transporte P\u00fablico (ANTP) de Brasil, que se celebra desde 1978, tendr\u00e1 lugar este a\u00f1o con un formato diferente y manteniendo el nombre utilizado por primera vez en la edici\u00f3n anterior del encuentro: Arena ANTP. La Asociaci\u00f3n Nacional de Transporte P\u00fablico (ANTP) es una entidad civil sin \u00e1nimo [&hellip;]<\/p>\n","protected":false},"author":2,"featured_media":17962,"comment_status":"closed","ping_status":"closed","sticky":false,"template":"","format":"standard","meta":{"footnotes":""},"categories":[287],"tags":[1065,1978,1687,476,1032],"class_list":["post-17912","post","type-post","status-publish","format-standard","has-post-thumbnail","hentry","category-notas","tag-ailton-brasiliense-pires","tag-arena-antp-2023","tag-claudio-de-senna-frederico","tag-ideas","tag-luiz-carlos-mantovani-nespoli"],"yoast_head":"<!-- This site is optimized with the Yoast SEO plugin v26.9 - https:\/\/yoast.com\/product\/yoast-seo-wordpress\/ -->\n<title>Marco Legal del Transporte P\u00fablico Colectivo ser\u00e1 uno de los temas destacados en Arena ANTP 2023, evento que tendr\u00e1 lugar pr\u00f3ximo mes de octubre, en Transamerica Expo, en la ciudad de S\u00e3o Paulo, Brasil | Mobilitas<\/title>\n<meta name=\"robots\" content=\"index, follow, max-snippet:-1, max-image-preview:large, max-video-preview:-1\" \/>\n<link rel=\"canonical\" href=\"https:\/\/mobilitas.lat\/es\/2023\/07\/21\/marco-legal-del-transporte-publico-colectivo-sera-uno-de-los-temas-destacados-en-arena-antp-2023-evento-que-tendra-lugar-en-octubre-en-transamerica-expo-en-la-ciudad-de-sao-paulo-brasil\/\" \/>\n<meta property=\"og:locale\" content=\"es_ES\" \/>\n<meta property=\"og:type\" content=\"article\" \/>\n<meta property=\"og:title\" content=\"Marco Legal del Transporte P\u00fablico Colectivo ser\u00e1 uno de los temas destacados en Arena ANTP 2023, evento que tendr\u00e1 lugar pr\u00f3ximo mes de octubre, en Transamerica Expo, en la ciudad de S\u00e3o Paulo, Brasil | Mobilitas\" \/>\n<meta property=\"og:description\" content=\"El congreso bienal de la Asociaci\u00f3n Nacional de Transporte P\u00fablico (ANTP) de Brasil, que se celebra desde 1978, tendr\u00e1 lugar este a\u00f1o con un formato diferente y manteniendo el nombre utilizado por primera vez en la edici\u00f3n anterior del encuentro: Arena ANTP. La Asociaci\u00f3n Nacional de Transporte P\u00fablico (ANTP) es una entidad civil sin \u00e1nimo [&hellip;]\" \/>\n<meta property=\"og:url\" content=\"https:\/\/mobilitas.lat\/es\/2023\/07\/21\/marco-legal-del-transporte-publico-colectivo-sera-uno-de-los-temas-destacados-en-arena-antp-2023-evento-que-tendra-lugar-en-octubre-en-transamerica-expo-en-la-ciudad-de-sao-paulo-brasil\/\" \/>\n<meta property=\"og:site_name\" content=\"Mobilitas\" \/>\n<meta property=\"article:published_time\" content=\"2023-07-21T18:02:43+00:00\" \/>\n<meta property=\"article:modified_time\" content=\"2023-07-21T18:24:16+00:00\" \/>\n<meta property=\"og:image\" content=\"https:\/\/storage.mobilitas.lat\/uploads\/2023\/05\/MOBILITAS-ANTP-LUIZ-CARLOS-MANTOVANI-NESPOLI-1A-EM-29MAI23.png\" \/>\n\t<meta property=\"og:image:width\" content=\"499\" \/>\n\t<meta property=\"og:image:height\" content=\"281\" \/>\n\t<meta property=\"og:image:type\" content=\"image\/png\" \/>\n<meta name=\"author\" content=\"Alexandre Asquini\" \/>\n<meta name=\"twitter:card\" content=\"summary_large_image\" \/>\n<meta name=\"twitter:label1\" content=\"Written by\" \/>\n\t<meta name=\"twitter:data1\" content=\"Alexandre Asquini\" \/>\n\t<meta name=\"twitter:label2\" content=\"Est. reading time\" \/>\n\t<meta name=\"twitter:data2\" content=\"4 minutes\" \/>\n<script type=\"application\/ld+json\" class=\"yoast-schema-graph\">{\"@context\":\"https:\/\/schema.org\",\"@graph\":[{\"@type\":\"Article\",\"@id\":\"https:\/\/mobilitas.lat\/es\/2023\/07\/21\/marco-legal-del-transporte-publico-colectivo-sera-uno-de-los-temas-destacados-en-arena-antp-2023-evento-que-tendra-lugar-en-octubre-en-transamerica-expo-en-la-ciudad-de-sao-paulo-brasil\/#article\",\"isPartOf\":{\"@id\":\"https:\/\/mobilitas.lat\/es\/2023\/07\/21\/marco-legal-del-transporte-publico-colectivo-sera-uno-de-los-temas-destacados-en-arena-antp-2023-evento-que-tendra-lugar-en-octubre-en-transamerica-expo-en-la-ciudad-de-sao-paulo-brasil\/\"},\"author\":{\"name\":\"Alexandre Asquini\",\"@id\":\"https:\/\/mobilitas.lat\/es\/#\/schema\/person\/cae0d01ccbe855d1858d146e4c4d582d\"},\"headline\":\"Marco Legal del Transporte P\u00fablico Colectivo ser\u00e1 uno de los temas destacados en Arena ANTP 2023, evento que tendr\u00e1 lugar pr\u00f3ximo mes de octubre, en Transamerica Expo, en la ciudad de S\u00e3o Paulo, Brasil\",\"datePublished\":\"2023-07-21T18:02:43+00:00\",\"dateModified\":\"2023-07-21T18:24:16+00:00\",\"mainEntityOfPage\":{\"@id\":\"https:\/\/mobilitas.lat\/es\/2023\/07\/21\/marco-legal-del-transporte-publico-colectivo-sera-uno-de-los-temas-destacados-en-arena-antp-2023-evento-que-tendra-lugar-en-octubre-en-transamerica-expo-en-la-ciudad-de-sao-paulo-brasil\/\"},\"wordCount\":794,\"publisher\":{\"@id\":\"https:\/\/mobilitas.lat\/es\/#organization\"},\"image\":{\"@id\":\"https:\/\/mobilitas.lat\/es\/2023\/07\/21\/marco-legal-del-transporte-publico-colectivo-sera-uno-de-los-temas-destacados-en-arena-antp-2023-evento-que-tendra-lugar-en-octubre-en-transamerica-expo-en-la-ciudad-de-sao-paulo-brasil\/#primaryimage\"},\"thumbnailUrl\":\"https:\/\/storage.mobilitas.lat\/uploads\/2023\/05\/MOBILITAS-ANTP-LUIZ-CARLOS-MANTOVANI-NESPOLI-1A-EM-29MAI23.png\",\"keywords\":[\"AILTON BRASILIENSE PIRES\",\"ARENA ANTP 2023\",\"CL\u00c1UDIO DE SENNA FREDERICO\",\"ideas\",\"LUIZ CARLOS MANTOVANI N\u00c9SPOLI\"],\"articleSection\":[\"Notas\"],\"inLanguage\":\"es-ES\"},{\"@type\":\"WebPage\",\"@id\":\"https:\/\/mobilitas.lat\/es\/2023\/07\/21\/marco-legal-del-transporte-publico-colectivo-sera-uno-de-los-temas-destacados-en-arena-antp-2023-evento-que-tendra-lugar-en-octubre-en-transamerica-expo-en-la-ciudad-de-sao-paulo-brasil\/\",\"url\":\"https:\/\/mobilitas.lat\/es\/2023\/07\/21\/marco-legal-del-transporte-publico-colectivo-sera-uno-de-los-temas-destacados-en-arena-antp-2023-evento-que-tendra-lugar-en-octubre-en-transamerica-expo-en-la-ciudad-de-sao-paulo-brasil\/\",\"name\":\"Marco Legal del Transporte P\u00fablico Colectivo ser\u00e1 uno de los temas destacados en Arena ANTP 2023, evento que tendr\u00e1 lugar pr\u00f3ximo mes de octubre, en Transamerica Expo, en la ciudad de S\u00e3o Paulo, Brasil | Mobilitas\",\"isPartOf\":{\"@id\":\"https:\/\/mobilitas.lat\/es\/#website\"},\"primaryImageOfPage\":{\"@id\":\"https:\/\/mobilitas.lat\/es\/2023\/07\/21\/marco-legal-del-transporte-publico-colectivo-sera-uno-de-los-temas-destacados-en-arena-antp-2023-evento-que-tendra-lugar-en-octubre-en-transamerica-expo-en-la-ciudad-de-sao-paulo-brasil\/#primaryimage\"},\"image\":{\"@id\":\"https:\/\/mobilitas.lat\/es\/2023\/07\/21\/marco-legal-del-transporte-publico-colectivo-sera-uno-de-los-temas-destacados-en-arena-antp-2023-evento-que-tendra-lugar-en-octubre-en-transamerica-expo-en-la-ciudad-de-sao-paulo-brasil\/#primaryimage\"},\"thumbnailUrl\":\"https:\/\/storage.mobilitas.lat\/uploads\/2023\/05\/MOBILITAS-ANTP-LUIZ-CARLOS-MANTOVANI-NESPOLI-1A-EM-29MAI23.png\",\"datePublished\":\"2023-07-21T18:02:43+00:00\",\"dateModified\":\"2023-07-21T18:24:16+00:00\",\"breadcrumb\":{\"@id\":\"https:\/\/mobilitas.lat\/es\/2023\/07\/21\/marco-legal-del-transporte-publico-colectivo-sera-uno-de-los-temas-destacados-en-arena-antp-2023-evento-que-tendra-lugar-en-octubre-en-transamerica-expo-en-la-ciudad-de-sao-paulo-brasil\/#breadcrumb\"},\"inLanguage\":\"es-ES\",\"potentialAction\":[{\"@type\":\"ReadAction\",\"target\":[\"https:\/\/mobilitas.lat\/es\/2023\/07\/21\/marco-legal-del-transporte-publico-colectivo-sera-uno-de-los-temas-destacados-en-arena-antp-2023-evento-que-tendra-lugar-en-octubre-en-transamerica-expo-en-la-ciudad-de-sao-paulo-brasil\/\"]}]},{\"@type\":\"ImageObject\",\"inLanguage\":\"es-ES\",\"@id\":\"https:\/\/mobilitas.lat\/es\/2023\/07\/21\/marco-legal-del-transporte-publico-colectivo-sera-uno-de-los-temas-destacados-en-arena-antp-2023-evento-que-tendra-lugar-en-octubre-en-transamerica-expo-en-la-ciudad-de-sao-paulo-brasil\/#primaryimage\",\"url\":\"https:\/\/storage.mobilitas.lat\/uploads\/2023\/05\/MOBILITAS-ANTP-LUIZ-CARLOS-MANTOVANI-NESPOLI-1A-EM-29MAI23.png\",\"contentUrl\":\"https:\/\/storage.mobilitas.lat\/uploads\/2023\/05\/MOBILITAS-ANTP-LUIZ-CARLOS-MANTOVANI-NESPOLI-1A-EM-29MAI23.png\",\"width\":499,\"height\":281},{\"@type\":\"BreadcrumbList\",\"@id\":\"https:\/\/mobilitas.lat\/es\/2023\/07\/21\/marco-legal-del-transporte-publico-colectivo-sera-uno-de-los-temas-destacados-en-arena-antp-2023-evento-que-tendra-lugar-en-octubre-en-transamerica-expo-en-la-ciudad-de-sao-paulo-brasil\/#breadcrumb\",\"itemListElement\":[{\"@type\":\"ListItem\",\"position\":1,\"name\":\"In\u00edcio\",\"item\":\"https:\/\/mobilitas.lat\/es\/\"},{\"@type\":\"ListItem\",\"position\":2,\"name\":\"Marco Legal del Transporte P\u00fablico Colectivo ser\u00e1 uno de los temas destacados en Arena ANTP 2023, evento que tendr\u00e1 lugar pr\u00f3ximo mes de octubre, en Transamerica Expo, en la ciudad de S\u00e3o Paulo, Brasil\"}]},{\"@type\":\"WebSite\",\"@id\":\"https:\/\/mobilitas.lat\/es\/#website\",\"url\":\"https:\/\/mobilitas.lat\/es\/\",\"name\":\"Mobilitas\",\"description\":\"Tecnologia e Mobilidade Urbana na Am\u00e9rica Latina\",\"publisher\":{\"@id\":\"https:\/\/mobilitas.lat\/es\/#organization\"},\"potentialAction\":[{\"@type\":\"SearchAction\",\"target\":{\"@type\":\"EntryPoint\",\"urlTemplate\":\"https:\/\/mobilitas.lat\/es\/?s={search_term_string}\"},\"query-input\":{\"@type\":\"PropertyValueSpecification\",\"valueRequired\":true,\"valueName\":\"search_term_string\"}}],\"inLanguage\":\"es-ES\"},{\"@type\":\"Organization\",\"@id\":\"https:\/\/mobilitas.lat\/es\/#organization\",\"name\":\"OTM Editora\",\"url\":\"https:\/\/mobilitas.lat\/es\/\",\"logo\":{\"@type\":\"ImageObject\",\"inLanguage\":\"es-ES\",\"@id\":\"https:\/\/mobilitas.lat\/es\/#\/schema\/logo\/image\/\",\"url\":\"https:\/\/mobilitas.lat\/wp-content\/uploads\/2024\/03\/opengraph.png\",\"contentUrl\":\"https:\/\/mobilitas.lat\/wp-content\/uploads\/2024\/03\/opengraph.png\",\"width\":1200,\"height\":630,\"caption\":\"OTM Editora\"},\"image\":{\"@id\":\"https:\/\/mobilitas.lat\/es\/#\/schema\/logo\/image\/\"}},{\"@type\":\"Person\",\"@id\":\"https:\/\/mobilitas.lat\/es\/#\/schema\/person\/cae0d01ccbe855d1858d146e4c4d582d\",\"name\":\"Alexandre Asquini\",\"image\":{\"@type\":\"ImageObject\",\"inLanguage\":\"es-ES\",\"@id\":\"https:\/\/mobilitas.lat\/es\/#\/schema\/person\/image\/\",\"url\":\"https:\/\/secure.gravatar.com\/avatar\/aac99dbef1420f75cc7d86913eb8a7cdfbe13e2509ad7a45649a61414f6d2785?s=96&d=mm&r=g\",\"contentUrl\":\"https:\/\/secure.gravatar.com\/avatar\/aac99dbef1420f75cc7d86913eb8a7cdfbe13e2509ad7a45649a61414f6d2785?s=96&d=mm&r=g\",\"caption\":\"Alexandre Asquini\"}}]}<\/script>\n<!-- \/ Yoast SEO plugin. -->","yoast_head_json":{"title":"Marco Legal del Transporte P\u00fablico Colectivo ser\u00e1 uno de los temas destacados en Arena ANTP 2023, evento que tendr\u00e1 lugar pr\u00f3ximo mes de octubre, en Transamerica Expo, en la ciudad de S\u00e3o Paulo, Brasil | Mobilitas","robots":{"index":"index","follow":"follow","max-snippet":"max-snippet:-1","max-image-preview":"max-image-preview:large","max-video-preview":"max-video-preview:-1"},"canonical":"https:\/\/mobilitas.lat\/es\/2023\/07\/21\/marco-legal-del-transporte-publico-colectivo-sera-uno-de-los-temas-destacados-en-arena-antp-2023-evento-que-tendra-lugar-en-octubre-en-transamerica-expo-en-la-ciudad-de-sao-paulo-brasil\/","og_locale":"es_ES","og_type":"article","og_title":"Marco Legal del Transporte P\u00fablico Colectivo ser\u00e1 uno de los temas destacados en Arena ANTP 2023, evento que tendr\u00e1 lugar pr\u00f3ximo mes de octubre, en Transamerica Expo, en la ciudad de S\u00e3o Paulo, Brasil | Mobilitas","og_description":"El congreso bienal de la Asociaci\u00f3n Nacional de Transporte P\u00fablico (ANTP) de Brasil, que se celebra desde 1978, tendr\u00e1 lugar este a\u00f1o con un formato diferente y manteniendo el nombre utilizado por primera vez en la edici\u00f3n anterior del encuentro: Arena ANTP. La Asociaci\u00f3n Nacional de Transporte P\u00fablico (ANTP) es una entidad civil sin \u00e1nimo [&hellip;]","og_url":"https:\/\/mobilitas.lat\/es\/2023\/07\/21\/marco-legal-del-transporte-publico-colectivo-sera-uno-de-los-temas-destacados-en-arena-antp-2023-evento-que-tendra-lugar-en-octubre-en-transamerica-expo-en-la-ciudad-de-sao-paulo-brasil\/","og_site_name":"Mobilitas","article_published_time":"2023-07-21T18:02:43+00:00","article_modified_time":"2023-07-21T18:24:16+00:00","og_image":[{"width":499,"height":281,"url":"https:\/\/storage.mobilitas.lat\/uploads\/2023\/05\/MOBILITAS-ANTP-LUIZ-CARLOS-MANTOVANI-NESPOLI-1A-EM-29MAI23.png","type":"image\/png"}],"author":"Alexandre Asquini","twitter_card":"summary_large_image","twitter_misc":{"Written by":"Alexandre Asquini","Est. reading time":"4 minutes"},"schema":{"@context":"https:\/\/schema.org","@graph":[{"@type":"Article","@id":"https:\/\/mobilitas.lat\/es\/2023\/07\/21\/marco-legal-del-transporte-publico-colectivo-sera-uno-de-los-temas-destacados-en-arena-antp-2023-evento-que-tendra-lugar-en-octubre-en-transamerica-expo-en-la-ciudad-de-sao-paulo-brasil\/#article","isPartOf":{"@id":"https:\/\/mobilitas.lat\/es\/2023\/07\/21\/marco-legal-del-transporte-publico-colectivo-sera-uno-de-los-temas-destacados-en-arena-antp-2023-evento-que-tendra-lugar-en-octubre-en-transamerica-expo-en-la-ciudad-de-sao-paulo-brasil\/"},"author":{"name":"Alexandre Asquini","@id":"https:\/\/mobilitas.lat\/es\/#\/schema\/person\/cae0d01ccbe855d1858d146e4c4d582d"},"headline":"Marco Legal del Transporte P\u00fablico Colectivo ser\u00e1 uno de los temas destacados en Arena ANTP 2023, evento que tendr\u00e1 lugar pr\u00f3ximo mes de octubre, en Transamerica Expo, en la ciudad de S\u00e3o Paulo, Brasil","datePublished":"2023-07-21T18:02:43+00:00","dateModified":"2023-07-21T18:24:16+00:00","mainEntityOfPage":{"@id":"https:\/\/mobilitas.lat\/es\/2023\/07\/21\/marco-legal-del-transporte-publico-colectivo-sera-uno-de-los-temas-destacados-en-arena-antp-2023-evento-que-tendra-lugar-en-octubre-en-transamerica-expo-en-la-ciudad-de-sao-paulo-brasil\/"},"wordCount":794,"publisher":{"@id":"https:\/\/mobilitas.lat\/es\/#organization"},"image":{"@id":"https:\/\/mobilitas.lat\/es\/2023\/07\/21\/marco-legal-del-transporte-publico-colectivo-sera-uno-de-los-temas-destacados-en-arena-antp-2023-evento-que-tendra-lugar-en-octubre-en-transamerica-expo-en-la-ciudad-de-sao-paulo-brasil\/#primaryimage"},"thumbnailUrl":"https:\/\/storage.mobilitas.lat\/uploads\/2023\/05\/MOBILITAS-ANTP-LUIZ-CARLOS-MANTOVANI-NESPOLI-1A-EM-29MAI23.png","keywords":["AILTON BRASILIENSE PIRES","ARENA ANTP 2023","CL\u00c1UDIO DE SENNA FREDERICO","ideas","LUIZ CARLOS MANTOVANI N\u00c9SPOLI"],"articleSection":["Notas"],"inLanguage":"es-ES"},{"@type":"WebPage","@id":"https:\/\/mobilitas.lat\/es\/2023\/07\/21\/marco-legal-del-transporte-publico-colectivo-sera-uno-de-los-temas-destacados-en-arena-antp-2023-evento-que-tendra-lugar-en-octubre-en-transamerica-expo-en-la-ciudad-de-sao-paulo-brasil\/","url":"https:\/\/mobilitas.lat\/es\/2023\/07\/21\/marco-legal-del-transporte-publico-colectivo-sera-uno-de-los-temas-destacados-en-arena-antp-2023-evento-que-tendra-lugar-en-octubre-en-transamerica-expo-en-la-ciudad-de-sao-paulo-brasil\/","name":"Marco Legal del Transporte P\u00fablico Colectivo ser\u00e1 uno de los temas destacados en Arena ANTP 2023, evento que tendr\u00e1 lugar pr\u00f3ximo mes de octubre, en Transamerica Expo, en la ciudad de S\u00e3o Paulo, Brasil | Mobilitas","isPartOf":{"@id":"https:\/\/mobilitas.lat\/es\/#website"},"primaryImageOfPage":{"@id":"https:\/\/mobilitas.lat\/es\/2023\/07\/21\/marco-legal-del-transporte-publico-colectivo-sera-uno-de-los-temas-destacados-en-arena-antp-2023-evento-que-tendra-lugar-en-octubre-en-transamerica-expo-en-la-ciudad-de-sao-paulo-brasil\/#primaryimage"},"image":{"@id":"https:\/\/mobilitas.lat\/es\/2023\/07\/21\/marco-legal-del-transporte-publico-colectivo-sera-uno-de-los-temas-destacados-en-arena-antp-2023-evento-que-tendra-lugar-en-octubre-en-transamerica-expo-en-la-ciudad-de-sao-paulo-brasil\/#primaryimage"},"thumbnailUrl":"https:\/\/storage.mobilitas.lat\/uploads\/2023\/05\/MOBILITAS-ANTP-LUIZ-CARLOS-MANTOVANI-NESPOLI-1A-EM-29MAI23.png","datePublished":"2023-07-21T18:02:43+00:00","dateModified":"2023-07-21T18:24:16+00:00","breadcrumb":{"@id":"https:\/\/mobilitas.lat\/es\/2023\/07\/21\/marco-legal-del-transporte-publico-colectivo-sera-uno-de-los-temas-destacados-en-arena-antp-2023-evento-que-tendra-lugar-en-octubre-en-transamerica-expo-en-la-ciudad-de-sao-paulo-brasil\/#breadcrumb"},"inLanguage":"es-ES","potentialAction":[{"@type":"ReadAction","target":["https:\/\/mobilitas.lat\/es\/2023\/07\/21\/marco-legal-del-transporte-publico-colectivo-sera-uno-de-los-temas-destacados-en-arena-antp-2023-evento-que-tendra-lugar-en-octubre-en-transamerica-expo-en-la-ciudad-de-sao-paulo-brasil\/"]}]},{"@type":"ImageObject","inLanguage":"es-ES","@id":"https:\/\/mobilitas.lat\/es\/2023\/07\/21\/marco-legal-del-transporte-publico-colectivo-sera-uno-de-los-temas-destacados-en-arena-antp-2023-evento-que-tendra-lugar-en-octubre-en-transamerica-expo-en-la-ciudad-de-sao-paulo-brasil\/#primaryimage","url":"https:\/\/storage.mobilitas.lat\/uploads\/2023\/05\/MOBILITAS-ANTP-LUIZ-CARLOS-MANTOVANI-NESPOLI-1A-EM-29MAI23.png","contentUrl":"https:\/\/storage.mobilitas.lat\/uploads\/2023\/05\/MOBILITAS-ANTP-LUIZ-CARLOS-MANTOVANI-NESPOLI-1A-EM-29MAI23.png","width":499,"height":281},{"@type":"BreadcrumbList","@id":"https:\/\/mobilitas.lat\/es\/2023\/07\/21\/marco-legal-del-transporte-publico-colectivo-sera-uno-de-los-temas-destacados-en-arena-antp-2023-evento-que-tendra-lugar-en-octubre-en-transamerica-expo-en-la-ciudad-de-sao-paulo-brasil\/#breadcrumb","itemListElement":[{"@type":"ListItem","position":1,"name":"In\u00edcio","item":"https:\/\/mobilitas.lat\/es\/"},{"@type":"ListItem","position":2,"name":"Marco Legal del Transporte P\u00fablico Colectivo ser\u00e1 uno de los temas destacados en Arena ANTP 2023, evento que tendr\u00e1 lugar pr\u00f3ximo mes de octubre, en Transamerica Expo, en la ciudad de S\u00e3o Paulo, Brasil"}]},{"@type":"WebSite","@id":"https:\/\/mobilitas.lat\/es\/#website","url":"https:\/\/mobilitas.lat\/es\/","name":"Mobilitas","description":"Tecnologia e Mobilidade Urbana na Am\u00e9rica Latina","publisher":{"@id":"https:\/\/mobilitas.lat\/es\/#organization"},"potentialAction":[{"@type":"SearchAction","target":{"@type":"EntryPoint","urlTemplate":"https:\/\/mobilitas.lat\/es\/?s={search_term_string}"},"query-input":{"@type":"PropertyValueSpecification","valueRequired":true,"valueName":"search_term_string"}}],"inLanguage":"es-ES"},{"@type":"Organization","@id":"https:\/\/mobilitas.lat\/es\/#organization","name":"OTM Editora","url":"https:\/\/mobilitas.lat\/es\/","logo":{"@type":"ImageObject","inLanguage":"es-ES","@id":"https:\/\/mobilitas.lat\/es\/#\/schema\/logo\/image\/","url":"https:\/\/mobilitas.lat\/wp-content\/uploads\/2024\/03\/opengraph.png","contentUrl":"https:\/\/mobilitas.lat\/wp-content\/uploads\/2024\/03\/opengraph.png","width":1200,"height":630,"caption":"OTM Editora"},"image":{"@id":"https:\/\/mobilitas.lat\/es\/#\/schema\/logo\/image\/"}},{"@type":"Person","@id":"https:\/\/mobilitas.lat\/es\/#\/schema\/person\/cae0d01ccbe855d1858d146e4c4d582d","name":"Alexandre Asquini","image":{"@type":"ImageObject","inLanguage":"es-ES","@id":"https:\/\/mobilitas.lat\/es\/#\/schema\/person\/image\/","url":"https:\/\/secure.gravatar.com\/avatar\/aac99dbef1420f75cc7d86913eb8a7cdfbe13e2509ad7a45649a61414f6d2785?s=96&d=mm&r=g","contentUrl":"https:\/\/secure.gravatar.com\/avatar\/aac99dbef1420f75cc7d86913eb8a7cdfbe13e2509ad7a45649a61414f6d2785?s=96&d=mm&r=g","caption":"Alexandre Asquini"}}]}},"_links":{"self":[{"href":"https:\/\/mobilitas.lat\/es\/wp-json\/wp\/v2\/posts\/17912","targetHints":{"allow":["GET"]}}],"collection":[{"href":"https:\/\/mobilitas.lat\/es\/wp-json\/wp\/v2\/posts"}],"about":[{"href":"https:\/\/mobilitas.lat\/es\/wp-json\/wp\/v2\/types\/post"}],"author":[{"embeddable":true,"href":"https:\/\/mobilitas.lat\/es\/wp-json\/wp\/v2\/users\/2"}],"replies":[{"embeddable":true,"href":"https:\/\/mobilitas.lat\/es\/wp-json\/wp\/v2\/comments?post=17912"}],"version-history":[{"count":7,"href":"https:\/\/mobilitas.lat\/es\/wp-json\/wp\/v2\/posts\/17912\/revisions"}],"predecessor-version":[{"id":17924,"href":"https:\/\/mobilitas.lat\/es\/wp-json\/wp\/v2\/posts\/17912\/revisions\/17924"}],"wp:featuredmedia":[{"embeddable":true,"href":"https:\/\/mobilitas.lat\/es\/wp-json\/wp\/v2\/media\/17962"}],"wp:attachment":[{"href":"https:\/\/mobilitas.lat\/es\/wp-json\/wp\/v2\/media?parent=17912"}],"wp:term":[{"taxonomy":"category","embeddable":true,"href":"https:\/\/mobilitas.lat\/es\/wp-json\/wp\/v2\/categories?post=17912"},{"taxonomy":"post_tag","embeddable":true,"href":"https:\/\/mobilitas.lat\/es\/wp-json\/wp\/v2\/tags?post=17912"}],"curies":[{"name":"wp","href":"https:\/\/api.w.org\/{rel}","templated":true}]}}