{"id":17697,"date":"2023-04-30T16:38:53","date_gmt":"2023-04-30T19:38:53","guid":{"rendered":"https:\/\/mobilitas.lat\/?p=17697"},"modified":"2023-04-30T16:38:55","modified_gmt":"2023-04-30T19:38:55","slug":"la-secretaria-de-transporte-del-estado-mexicano-de-jalisco-informa-que-el-area-metropolitana-de-guadalajara-amg-la-segunda-mas-poblada-del-pais-no-solo-conservo-sino-que-aumento-el-numero-de-usu","status":"publish","type":"post","link":"https:\/\/mobilitas.lat\/es\/2023\/04\/30\/la-secretaria-de-transporte-del-estado-mexicano-de-jalisco-informa-que-el-area-metropolitana-de-guadalajara-amg-la-segunda-mas-poblada-del-pais-no-solo-conservo-sino-que-aumento-el-numero-de-usu\/","title":{"rendered":"La Secretar\u00eda de Transporte del estado mexicano de Jalisco, informa que el \u00c1rea Metropolitana de Guadalajara (AMG), la segunda m\u00e1s poblada del pa\u00eds, no solo conserv\u00f3, sino que aument\u00f3 el n\u00famero de usuarios de los sistemas de transporte p\u00fablico despu\u00e9s de la pandemia"},"content":{"rendered":"\n<figure class=\"wp-block-image size-large\"><img loading=\"lazy\" decoding=\"async\" width=\"924\" height=\"390\" src=\"https:\/\/storage.mobilitas.lat\/uploads\/2023\/04\/MOBILITAS-GUADALAJARA-GAROTA-SOBE-NO-ONIBUS-COM-CARTAO-DE-TRANSPORTE-CORTADA.jpg\" alt=\"\" class=\"wp-image-17694\" srcset=\"https:\/\/storage.mobilitas.lat\/uploads\/2023\/04\/MOBILITAS-GUADALAJARA-GAROTA-SOBE-NO-ONIBUS-COM-CARTAO-DE-TRANSPORTE-CORTADA.jpg 924w, https:\/\/storage.mobilitas.lat\/uploads\/2023\/04\/MOBILITAS-GUADALAJARA-GAROTA-SOBE-NO-ONIBUS-COM-CARTAO-DE-TRANSPORTE-CORTADA-300x127.jpg 300w, https:\/\/storage.mobilitas.lat\/uploads\/2023\/04\/MOBILITAS-GUADALAJARA-GAROTA-SOBE-NO-ONIBUS-COM-CARTAO-DE-TRANSPORTE-CORTADA-768x324.jpg 768w\" sizes=\"auto, (max-width: 924px) 100vw, 924px\" \/><\/figure>\n\n\n\n<p>Seg\u00fan la Secretar\u00eda de Transporte del estado de Jalisco, M\u00e9xico, el \u00c1rea Metropolitana de Guadalajara, donde est\u00e1 la capital estatal, no solo conserv\u00f3, sino que aument\u00f3 el n\u00famero de usuarios despu\u00e9s de la pandemia, lo que, al ver del gobierno, contribuye en el objetivo de transitar hacia una movilidad m\u00e1s sustentable.<\/p>\n\n\n\n<p>El \u00c1rea Metropolitana de Guadalajara (AMG) cuenta con alrededor de 4,6 millones de habitantes, siendo el segundo n\u00facleo urbano m\u00e1s poblado de M\u00e9xico, despu\u00e9s de la Zona Metropolitana del Valle de M\u00e9xico, que engloba al Distrito Federal (donde est\u00e1 la Ciudad de M\u00e9xico) y la zona conurbada del Estado de M\u00e9xico.<\/p>\n\n\n\n<p>Previo a marzo de 2019 se contabilizaba un promedio de dos millones y medio de viajes al d\u00eda en todos los sistemas de transporte \u2013 el masivo y colectivo \u2013 mientras que, actualmente, hay d\u00edas que se llegan a registrar picos hasta de tres millones.<\/p>\n\n\n\n<p>Asimismo, la m\u00e1s reciente medici\u00f3n anual, de abril de 2022 al mismo mes de este a\u00f1o, arroja un incremento del 16 por ciento de viajes diarios, lo que representa aproximadamente 375 mil viajes diarios adicionales a los que se registraban antes de la pandemia.<\/p>\n\n\n\n<p>Fue posible establecer este conteo porque hay el sistema de monitoreo y recaudo con que cuentan las 4,759 unidades que en la actualidad ofrecen el servicio en el \u00c1rea Metropolitana de Guadalajara.<\/p>\n\n\n\n<p><strong>TARJETA COMO MEDIO DE PAGO<\/strong><\/p>\n\n\n\n<p>Cabe destacar que igualmente se tiene registrado un aumento que supera el 54 por ciento en el uso de la tarjeta Mi Movilidad como medio de pago en el transporte p\u00fablico masivo y colectivo.<\/p>\n\n\n\n<p>Lo anterior se explica porque los usuarios han ido descubriendo en esta forma de pago ventajas como la facilidad de no cargar efectivo y la dificultad del cambio, los m\u00faltiples puntos de venta y recarga de las tarjetas y, sobre todo, el beneficio del transbordo y sus descuentos.<\/p>\n","protected":false},"excerpt":{"rendered":"<p>Seg\u00fan la Secretar\u00eda de Transporte del estado de Jalisco, M\u00e9xico, el \u00c1rea Metropolitana de Guadalajara, donde est\u00e1 la capital estatal, no solo conserv\u00f3, sino que aument\u00f3 el n\u00famero de usuarios despu\u00e9s de la pandemia, lo que, al ver del gobierno, contribuye en el objetivo de transitar hacia una movilidad m\u00e1s sustentable. El \u00c1rea Metropolitana de [&hellip;]<\/p>\n","protected":false},"author":2,"featured_media":17701,"comment_status":"closed","ping_status":"closed","sticky":false,"template":"","format":"standard","meta":{"footnotes":""},"categories":[287],"tags":[2060,1187,2045,1473],"class_list":["post-17697","post","type-post","status-publish","format-standard","has-post-thumbnail","hentry","category-notas","tag-area-metropolitana-de-guadalajara","tag-covid-19","tag-estado-de-jalisco","tag-primera-nota"],"yoast_head":"<!-- This site is optimized with the Yoast SEO plugin v26.9 - https:\/\/yoast.com\/product\/yoast-seo-wordpress\/ -->\n<title>La Secretar\u00eda de Transporte del estado mexicano de Jalisco, informa que el \u00c1rea Metropolitana de Guadalajara (AMG), la segunda m\u00e1s poblada del pa\u00eds, no solo conserv\u00f3, sino que aument\u00f3 el n\u00famero de usuarios de los sistemas de transporte p\u00fablico despu\u00e9s de la pandemia | Mobilitas<\/title>\n<meta name=\"robots\" content=\"index, follow, max-snippet:-1, max-image-preview:large, max-video-preview:-1\" \/>\n<link rel=\"canonical\" href=\"https:\/\/mobilitas.lat\/es\/2023\/04\/30\/la-secretaria-de-transporte-del-estado-mexicano-de-jalisco-informa-que-el-area-metropolitana-de-guadalajara-amg-la-segunda-mas-poblada-del-pais-no-solo-conservo-sino-que-aumento-el-numero-de-usu\/\" \/>\n<meta property=\"og:locale\" content=\"es_ES\" \/>\n<meta property=\"og:type\" content=\"article\" \/>\n<meta property=\"og:title\" content=\"La Secretar\u00eda de Transporte del estado mexicano de Jalisco, informa que el \u00c1rea Metropolitana de Guadalajara (AMG), la segunda m\u00e1s poblada del pa\u00eds, no solo conserv\u00f3, sino que aument\u00f3 el n\u00famero de usuarios de los sistemas de transporte p\u00fablico despu\u00e9s de la pandemia | Mobilitas\" \/>\n<meta property=\"og:description\" content=\"Seg\u00fan la Secretar\u00eda de Transporte del estado de Jalisco, M\u00e9xico, el \u00c1rea Metropolitana de Guadalajara, donde est\u00e1 la capital estatal, no solo conserv\u00f3, sino que aument\u00f3 el n\u00famero de usuarios despu\u00e9s de la pandemia, lo que, al ver del gobierno, contribuye en el objetivo de transitar hacia una movilidad m\u00e1s sustentable. El \u00c1rea Metropolitana de [&hellip;]\" \/>\n<meta property=\"og:url\" content=\"https:\/\/mobilitas.lat\/es\/2023\/04\/30\/la-secretaria-de-transporte-del-estado-mexicano-de-jalisco-informa-que-el-area-metropolitana-de-guadalajara-amg-la-segunda-mas-poblada-del-pais-no-solo-conservo-sino-que-aumento-el-numero-de-usu\/\" \/>\n<meta property=\"og:site_name\" content=\"Mobilitas\" \/>\n<meta property=\"article:published_time\" content=\"2023-04-30T19:38:53+00:00\" \/>\n<meta property=\"article:modified_time\" content=\"2023-04-30T19:38:55+00:00\" \/>\n<meta property=\"og:image\" content=\"https:\/\/storage.mobilitas.lat\/uploads\/2023\/04\/230415-GUADALAJARA-GAROTA-SOBE-NO-ONIBUS-COM-CARTAO-DE-TRANSPORTE.jpg\" \/>\n\t<meta property=\"og:image:width\" content=\"1600\" \/>\n\t<meta property=\"og:image:height\" content=\"1066\" \/>\n\t<meta property=\"og:image:type\" content=\"image\/jpeg\" \/>\n<meta name=\"author\" content=\"Alexandre Asquini\" \/>\n<meta name=\"twitter:card\" content=\"summary_large_image\" \/>\n<meta name=\"twitter:label1\" content=\"Written by\" \/>\n\t<meta name=\"twitter:data1\" content=\"Alexandre Asquini\" \/>\n\t<meta name=\"twitter:label2\" content=\"Est. reading time\" \/>\n\t<meta name=\"twitter:data2\" content=\"2 minutes\" \/>\n<script type=\"application\/ld+json\" class=\"yoast-schema-graph\">{\"@context\":\"https:\/\/schema.org\",\"@graph\":[{\"@type\":\"Article\",\"@id\":\"https:\/\/mobilitas.lat\/es\/2023\/04\/30\/la-secretaria-de-transporte-del-estado-mexicano-de-jalisco-informa-que-el-area-metropolitana-de-guadalajara-amg-la-segunda-mas-poblada-del-pais-no-solo-conservo-sino-que-aumento-el-numero-de-usu\/#article\",\"isPartOf\":{\"@id\":\"https:\/\/mobilitas.lat\/es\/2023\/04\/30\/la-secretaria-de-transporte-del-estado-mexicano-de-jalisco-informa-que-el-area-metropolitana-de-guadalajara-amg-la-segunda-mas-poblada-del-pais-no-solo-conservo-sino-que-aumento-el-numero-de-usu\/\"},\"author\":{\"name\":\"Alexandre Asquini\",\"@id\":\"https:\/\/mobilitas.lat\/es\/#\/schema\/person\/cae0d01ccbe855d1858d146e4c4d582d\"},\"headline\":\"La Secretar\u00eda de Transporte del estado mexicano de Jalisco, informa que el \u00c1rea Metropolitana de Guadalajara (AMG), la segunda m\u00e1s poblada del pa\u00eds, no solo conserv\u00f3, sino que aument\u00f3 el n\u00famero de usuarios de los sistemas de transporte p\u00fablico despu\u00e9s de la pandemia\",\"datePublished\":\"2023-04-30T19:38:53+00:00\",\"dateModified\":\"2023-04-30T19:38:55+00:00\",\"mainEntityOfPage\":{\"@id\":\"https:\/\/mobilitas.lat\/es\/2023\/04\/30\/la-secretaria-de-transporte-del-estado-mexicano-de-jalisco-informa-que-el-area-metropolitana-de-guadalajara-amg-la-segunda-mas-poblada-del-pais-no-solo-conservo-sino-que-aumento-el-numero-de-usu\/\"},\"wordCount\":370,\"publisher\":{\"@id\":\"https:\/\/mobilitas.lat\/es\/#organization\"},\"image\":{\"@id\":\"https:\/\/mobilitas.lat\/es\/2023\/04\/30\/la-secretaria-de-transporte-del-estado-mexicano-de-jalisco-informa-que-el-area-metropolitana-de-guadalajara-amg-la-segunda-mas-poblada-del-pais-no-solo-conservo-sino-que-aumento-el-numero-de-usu\/#primaryimage\"},\"thumbnailUrl\":\"https:\/\/storage.mobilitas.lat\/uploads\/2023\/04\/230415-GUADALAJARA-GAROTA-SOBE-NO-ONIBUS-COM-CARTAO-DE-TRANSPORTE.jpg\",\"keywords\":[\"\u00c1REA METROPOLITANA DE GUADALAJARA\",\"Covid-19\",\"ESTADO DE JALISCO\",\"Primera Nota\"],\"articleSection\":[\"Notas\"],\"inLanguage\":\"es-ES\"},{\"@type\":\"WebPage\",\"@id\":\"https:\/\/mobilitas.lat\/es\/2023\/04\/30\/la-secretaria-de-transporte-del-estado-mexicano-de-jalisco-informa-que-el-area-metropolitana-de-guadalajara-amg-la-segunda-mas-poblada-del-pais-no-solo-conservo-sino-que-aumento-el-numero-de-usu\/\",\"url\":\"https:\/\/mobilitas.lat\/es\/2023\/04\/30\/la-secretaria-de-transporte-del-estado-mexicano-de-jalisco-informa-que-el-area-metropolitana-de-guadalajara-amg-la-segunda-mas-poblada-del-pais-no-solo-conservo-sino-que-aumento-el-numero-de-usu\/\",\"name\":\"La Secretar\u00eda de Transporte del estado mexicano de Jalisco, informa que el \u00c1rea Metropolitana de Guadalajara (AMG), la segunda m\u00e1s poblada del pa\u00eds, no solo conserv\u00f3, sino que aument\u00f3 el n\u00famero de usuarios de los sistemas de transporte p\u00fablico despu\u00e9s de la pandemia | Mobilitas\",\"isPartOf\":{\"@id\":\"https:\/\/mobilitas.lat\/es\/#website\"},\"primaryImageOfPage\":{\"@id\":\"https:\/\/mobilitas.lat\/es\/2023\/04\/30\/la-secretaria-de-transporte-del-estado-mexicano-de-jalisco-informa-que-el-area-metropolitana-de-guadalajara-amg-la-segunda-mas-poblada-del-pais-no-solo-conservo-sino-que-aumento-el-numero-de-usu\/#primaryimage\"},\"image\":{\"@id\":\"https:\/\/mobilitas.lat\/es\/2023\/04\/30\/la-secretaria-de-transporte-del-estado-mexicano-de-jalisco-informa-que-el-area-metropolitana-de-guadalajara-amg-la-segunda-mas-poblada-del-pais-no-solo-conservo-sino-que-aumento-el-numero-de-usu\/#primaryimage\"},\"thumbnailUrl\":\"https:\/\/storage.mobilitas.lat\/uploads\/2023\/04\/230415-GUADALAJARA-GAROTA-SOBE-NO-ONIBUS-COM-CARTAO-DE-TRANSPORTE.jpg\",\"datePublished\":\"2023-04-30T19:38:53+00:00\",\"dateModified\":\"2023-04-30T19:38:55+00:00\",\"breadcrumb\":{\"@id\":\"https:\/\/mobilitas.lat\/es\/2023\/04\/30\/la-secretaria-de-transporte-del-estado-mexicano-de-jalisco-informa-que-el-area-metropolitana-de-guadalajara-amg-la-segunda-mas-poblada-del-pais-no-solo-conservo-sino-que-aumento-el-numero-de-usu\/#breadcrumb\"},\"inLanguage\":\"es-ES\",\"potentialAction\":[{\"@type\":\"ReadAction\",\"target\":[\"https:\/\/mobilitas.lat\/es\/2023\/04\/30\/la-secretaria-de-transporte-del-estado-mexicano-de-jalisco-informa-que-el-area-metropolitana-de-guadalajara-amg-la-segunda-mas-poblada-del-pais-no-solo-conservo-sino-que-aumento-el-numero-de-usu\/\"]}]},{\"@type\":\"ImageObject\",\"inLanguage\":\"es-ES\",\"@id\":\"https:\/\/mobilitas.lat\/es\/2023\/04\/30\/la-secretaria-de-transporte-del-estado-mexicano-de-jalisco-informa-que-el-area-metropolitana-de-guadalajara-amg-la-segunda-mas-poblada-del-pais-no-solo-conservo-sino-que-aumento-el-numero-de-usu\/#primaryimage\",\"url\":\"https:\/\/storage.mobilitas.lat\/uploads\/2023\/04\/230415-GUADALAJARA-GAROTA-SOBE-NO-ONIBUS-COM-CARTAO-DE-TRANSPORTE.jpg\",\"contentUrl\":\"https:\/\/storage.mobilitas.lat\/uploads\/2023\/04\/230415-GUADALAJARA-GAROTA-SOBE-NO-ONIBUS-COM-CARTAO-DE-TRANSPORTE.jpg\",\"width\":1600,\"height\":1066},{\"@type\":\"BreadcrumbList\",\"@id\":\"https:\/\/mobilitas.lat\/es\/2023\/04\/30\/la-secretaria-de-transporte-del-estado-mexicano-de-jalisco-informa-que-el-area-metropolitana-de-guadalajara-amg-la-segunda-mas-poblada-del-pais-no-solo-conservo-sino-que-aumento-el-numero-de-usu\/#breadcrumb\",\"itemListElement\":[{\"@type\":\"ListItem\",\"position\":1,\"name\":\"In\u00edcio\",\"item\":\"https:\/\/mobilitas.lat\/es\/\"},{\"@type\":\"ListItem\",\"position\":2,\"name\":\"La Secretar\u00eda de Transporte del estado mexicano de Jalisco, informa que el \u00c1rea Metropolitana de Guadalajara (AMG), la segunda m\u00e1s poblada del pa\u00eds, no solo conserv\u00f3, sino que aument\u00f3 el n\u00famero de usuarios de los sistemas de transporte p\u00fablico despu\u00e9s de la pandemia\"}]},{\"@type\":\"WebSite\",\"@id\":\"https:\/\/mobilitas.lat\/es\/#website\",\"url\":\"https:\/\/mobilitas.lat\/es\/\",\"name\":\"Mobilitas\",\"description\":\"Tecnologia e Mobilidade Urbana na Am\u00e9rica Latina\",\"publisher\":{\"@id\":\"https:\/\/mobilitas.lat\/es\/#organization\"},\"potentialAction\":[{\"@type\":\"SearchAction\",\"target\":{\"@type\":\"EntryPoint\",\"urlTemplate\":\"https:\/\/mobilitas.lat\/es\/?s={search_term_string}\"},\"query-input\":{\"@type\":\"PropertyValueSpecification\",\"valueRequired\":true,\"valueName\":\"search_term_string\"}}],\"inLanguage\":\"es-ES\"},{\"@type\":\"Organization\",\"@id\":\"https:\/\/mobilitas.lat\/es\/#organization\",\"name\":\"OTM Editora\",\"url\":\"https:\/\/mobilitas.lat\/es\/\",\"logo\":{\"@type\":\"ImageObject\",\"inLanguage\":\"es-ES\",\"@id\":\"https:\/\/mobilitas.lat\/es\/#\/schema\/logo\/image\/\",\"url\":\"https:\/\/mobilitas.lat\/wp-content\/uploads\/2024\/03\/opengraph.png\",\"contentUrl\":\"https:\/\/mobilitas.lat\/wp-content\/uploads\/2024\/03\/opengraph.png\",\"width\":1200,\"height\":630,\"caption\":\"OTM Editora\"},\"image\":{\"@id\":\"https:\/\/mobilitas.lat\/es\/#\/schema\/logo\/image\/\"}},{\"@type\":\"Person\",\"@id\":\"https:\/\/mobilitas.lat\/es\/#\/schema\/person\/cae0d01ccbe855d1858d146e4c4d582d\",\"name\":\"Alexandre Asquini\",\"image\":{\"@type\":\"ImageObject\",\"inLanguage\":\"es-ES\",\"@id\":\"https:\/\/mobilitas.lat\/es\/#\/schema\/person\/image\/\",\"url\":\"https:\/\/secure.gravatar.com\/avatar\/aac99dbef1420f75cc7d86913eb8a7cdfbe13e2509ad7a45649a61414f6d2785?s=96&d=mm&r=g\",\"contentUrl\":\"https:\/\/secure.gravatar.com\/avatar\/aac99dbef1420f75cc7d86913eb8a7cdfbe13e2509ad7a45649a61414f6d2785?s=96&d=mm&r=g\",\"caption\":\"Alexandre Asquini\"}}]}<\/script>\n<!-- \/ Yoast SEO plugin. -->","yoast_head_json":{"title":"La Secretar\u00eda de Transporte del estado mexicano de Jalisco, informa que el \u00c1rea Metropolitana de Guadalajara (AMG), la segunda m\u00e1s poblada del pa\u00eds, no solo conserv\u00f3, sino que aument\u00f3 el n\u00famero de usuarios de los sistemas de transporte p\u00fablico despu\u00e9s de la pandemia | Mobilitas","robots":{"index":"index","follow":"follow","max-snippet":"max-snippet:-1","max-image-preview":"max-image-preview:large","max-video-preview":"max-video-preview:-1"},"canonical":"https:\/\/mobilitas.lat\/es\/2023\/04\/30\/la-secretaria-de-transporte-del-estado-mexicano-de-jalisco-informa-que-el-area-metropolitana-de-guadalajara-amg-la-segunda-mas-poblada-del-pais-no-solo-conservo-sino-que-aumento-el-numero-de-usu\/","og_locale":"es_ES","og_type":"article","og_title":"La Secretar\u00eda de Transporte del estado mexicano de Jalisco, informa que el \u00c1rea Metropolitana de Guadalajara (AMG), la segunda m\u00e1s poblada del pa\u00eds, no solo conserv\u00f3, sino que aument\u00f3 el n\u00famero de usuarios de los sistemas de transporte p\u00fablico despu\u00e9s de la pandemia | Mobilitas","og_description":"Seg\u00fan la Secretar\u00eda de Transporte del estado de Jalisco, M\u00e9xico, el \u00c1rea Metropolitana de Guadalajara, donde est\u00e1 la capital estatal, no solo conserv\u00f3, sino que aument\u00f3 el n\u00famero de usuarios despu\u00e9s de la pandemia, lo que, al ver del gobierno, contribuye en el objetivo de transitar hacia una movilidad m\u00e1s sustentable. El \u00c1rea Metropolitana de [&hellip;]","og_url":"https:\/\/mobilitas.lat\/es\/2023\/04\/30\/la-secretaria-de-transporte-del-estado-mexicano-de-jalisco-informa-que-el-area-metropolitana-de-guadalajara-amg-la-segunda-mas-poblada-del-pais-no-solo-conservo-sino-que-aumento-el-numero-de-usu\/","og_site_name":"Mobilitas","article_published_time":"2023-04-30T19:38:53+00:00","article_modified_time":"2023-04-30T19:38:55+00:00","og_image":[{"width":1600,"height":1066,"url":"https:\/\/storage.mobilitas.lat\/uploads\/2023\/04\/230415-GUADALAJARA-GAROTA-SOBE-NO-ONIBUS-COM-CARTAO-DE-TRANSPORTE.jpg","type":"image\/jpeg"}],"author":"Alexandre Asquini","twitter_card":"summary_large_image","twitter_misc":{"Written by":"Alexandre Asquini","Est. reading time":"2 minutes"},"schema":{"@context":"https:\/\/schema.org","@graph":[{"@type":"Article","@id":"https:\/\/mobilitas.lat\/es\/2023\/04\/30\/la-secretaria-de-transporte-del-estado-mexicano-de-jalisco-informa-que-el-area-metropolitana-de-guadalajara-amg-la-segunda-mas-poblada-del-pais-no-solo-conservo-sino-que-aumento-el-numero-de-usu\/#article","isPartOf":{"@id":"https:\/\/mobilitas.lat\/es\/2023\/04\/30\/la-secretaria-de-transporte-del-estado-mexicano-de-jalisco-informa-que-el-area-metropolitana-de-guadalajara-amg-la-segunda-mas-poblada-del-pais-no-solo-conservo-sino-que-aumento-el-numero-de-usu\/"},"author":{"name":"Alexandre Asquini","@id":"https:\/\/mobilitas.lat\/es\/#\/schema\/person\/cae0d01ccbe855d1858d146e4c4d582d"},"headline":"La Secretar\u00eda de Transporte del estado mexicano de Jalisco, informa que el \u00c1rea Metropolitana de Guadalajara (AMG), la segunda m\u00e1s poblada del pa\u00eds, no solo conserv\u00f3, sino que aument\u00f3 el n\u00famero de usuarios de los sistemas de transporte p\u00fablico despu\u00e9s de la pandemia","datePublished":"2023-04-30T19:38:53+00:00","dateModified":"2023-04-30T19:38:55+00:00","mainEntityOfPage":{"@id":"https:\/\/mobilitas.lat\/es\/2023\/04\/30\/la-secretaria-de-transporte-del-estado-mexicano-de-jalisco-informa-que-el-area-metropolitana-de-guadalajara-amg-la-segunda-mas-poblada-del-pais-no-solo-conservo-sino-que-aumento-el-numero-de-usu\/"},"wordCount":370,"publisher":{"@id":"https:\/\/mobilitas.lat\/es\/#organization"},"image":{"@id":"https:\/\/mobilitas.lat\/es\/2023\/04\/30\/la-secretaria-de-transporte-del-estado-mexicano-de-jalisco-informa-que-el-area-metropolitana-de-guadalajara-amg-la-segunda-mas-poblada-del-pais-no-solo-conservo-sino-que-aumento-el-numero-de-usu\/#primaryimage"},"thumbnailUrl":"https:\/\/storage.mobilitas.lat\/uploads\/2023\/04\/230415-GUADALAJARA-GAROTA-SOBE-NO-ONIBUS-COM-CARTAO-DE-TRANSPORTE.jpg","keywords":["\u00c1REA METROPOLITANA DE GUADALAJARA","Covid-19","ESTADO DE JALISCO","Primera Nota"],"articleSection":["Notas"],"inLanguage":"es-ES"},{"@type":"WebPage","@id":"https:\/\/mobilitas.lat\/es\/2023\/04\/30\/la-secretaria-de-transporte-del-estado-mexicano-de-jalisco-informa-que-el-area-metropolitana-de-guadalajara-amg-la-segunda-mas-poblada-del-pais-no-solo-conservo-sino-que-aumento-el-numero-de-usu\/","url":"https:\/\/mobilitas.lat\/es\/2023\/04\/30\/la-secretaria-de-transporte-del-estado-mexicano-de-jalisco-informa-que-el-area-metropolitana-de-guadalajara-amg-la-segunda-mas-poblada-del-pais-no-solo-conservo-sino-que-aumento-el-numero-de-usu\/","name":"La Secretar\u00eda de Transporte del estado mexicano de Jalisco, informa que el \u00c1rea Metropolitana de Guadalajara (AMG), la segunda m\u00e1s poblada del pa\u00eds, no solo conserv\u00f3, sino que aument\u00f3 el n\u00famero de usuarios de los sistemas de transporte p\u00fablico despu\u00e9s de la pandemia | Mobilitas","isPartOf":{"@id":"https:\/\/mobilitas.lat\/es\/#website"},"primaryImageOfPage":{"@id":"https:\/\/mobilitas.lat\/es\/2023\/04\/30\/la-secretaria-de-transporte-del-estado-mexicano-de-jalisco-informa-que-el-area-metropolitana-de-guadalajara-amg-la-segunda-mas-poblada-del-pais-no-solo-conservo-sino-que-aumento-el-numero-de-usu\/#primaryimage"},"image":{"@id":"https:\/\/mobilitas.lat\/es\/2023\/04\/30\/la-secretaria-de-transporte-del-estado-mexicano-de-jalisco-informa-que-el-area-metropolitana-de-guadalajara-amg-la-segunda-mas-poblada-del-pais-no-solo-conservo-sino-que-aumento-el-numero-de-usu\/#primaryimage"},"thumbnailUrl":"https:\/\/storage.mobilitas.lat\/uploads\/2023\/04\/230415-GUADALAJARA-GAROTA-SOBE-NO-ONIBUS-COM-CARTAO-DE-TRANSPORTE.jpg","datePublished":"2023-04-30T19:38:53+00:00","dateModified":"2023-04-30T19:38:55+00:00","breadcrumb":{"@id":"https:\/\/mobilitas.lat\/es\/2023\/04\/30\/la-secretaria-de-transporte-del-estado-mexicano-de-jalisco-informa-que-el-area-metropolitana-de-guadalajara-amg-la-segunda-mas-poblada-del-pais-no-solo-conservo-sino-que-aumento-el-numero-de-usu\/#breadcrumb"},"inLanguage":"es-ES","potentialAction":[{"@type":"ReadAction","target":["https:\/\/mobilitas.lat\/es\/2023\/04\/30\/la-secretaria-de-transporte-del-estado-mexicano-de-jalisco-informa-que-el-area-metropolitana-de-guadalajara-amg-la-segunda-mas-poblada-del-pais-no-solo-conservo-sino-que-aumento-el-numero-de-usu\/"]}]},{"@type":"ImageObject","inLanguage":"es-ES","@id":"https:\/\/mobilitas.lat\/es\/2023\/04\/30\/la-secretaria-de-transporte-del-estado-mexicano-de-jalisco-informa-que-el-area-metropolitana-de-guadalajara-amg-la-segunda-mas-poblada-del-pais-no-solo-conservo-sino-que-aumento-el-numero-de-usu\/#primaryimage","url":"https:\/\/storage.mobilitas.lat\/uploads\/2023\/04\/230415-GUADALAJARA-GAROTA-SOBE-NO-ONIBUS-COM-CARTAO-DE-TRANSPORTE.jpg","contentUrl":"https:\/\/storage.mobilitas.lat\/uploads\/2023\/04\/230415-GUADALAJARA-GAROTA-SOBE-NO-ONIBUS-COM-CARTAO-DE-TRANSPORTE.jpg","width":1600,"height":1066},{"@type":"BreadcrumbList","@id":"https:\/\/mobilitas.lat\/es\/2023\/04\/30\/la-secretaria-de-transporte-del-estado-mexicano-de-jalisco-informa-que-el-area-metropolitana-de-guadalajara-amg-la-segunda-mas-poblada-del-pais-no-solo-conservo-sino-que-aumento-el-numero-de-usu\/#breadcrumb","itemListElement":[{"@type":"ListItem","position":1,"name":"In\u00edcio","item":"https:\/\/mobilitas.lat\/es\/"},{"@type":"ListItem","position":2,"name":"La Secretar\u00eda de Transporte del estado mexicano de Jalisco, informa que el \u00c1rea Metropolitana de Guadalajara (AMG), la segunda m\u00e1s poblada del pa\u00eds, no solo conserv\u00f3, sino que aument\u00f3 el n\u00famero de usuarios de los sistemas de transporte p\u00fablico despu\u00e9s de la pandemia"}]},{"@type":"WebSite","@id":"https:\/\/mobilitas.lat\/es\/#website","url":"https:\/\/mobilitas.lat\/es\/","name":"Mobilitas","description":"Tecnologia e Mobilidade Urbana na Am\u00e9rica Latina","publisher":{"@id":"https:\/\/mobilitas.lat\/es\/#organization"},"potentialAction":[{"@type":"SearchAction","target":{"@type":"EntryPoint","urlTemplate":"https:\/\/mobilitas.lat\/es\/?s={search_term_string}"},"query-input":{"@type":"PropertyValueSpecification","valueRequired":true,"valueName":"search_term_string"}}],"inLanguage":"es-ES"},{"@type":"Organization","@id":"https:\/\/mobilitas.lat\/es\/#organization","name":"OTM Editora","url":"https:\/\/mobilitas.lat\/es\/","logo":{"@type":"ImageObject","inLanguage":"es-ES","@id":"https:\/\/mobilitas.lat\/es\/#\/schema\/logo\/image\/","url":"https:\/\/mobilitas.lat\/wp-content\/uploads\/2024\/03\/opengraph.png","contentUrl":"https:\/\/mobilitas.lat\/wp-content\/uploads\/2024\/03\/opengraph.png","width":1200,"height":630,"caption":"OTM Editora"},"image":{"@id":"https:\/\/mobilitas.lat\/es\/#\/schema\/logo\/image\/"}},{"@type":"Person","@id":"https:\/\/mobilitas.lat\/es\/#\/schema\/person\/cae0d01ccbe855d1858d146e4c4d582d","name":"Alexandre Asquini","image":{"@type":"ImageObject","inLanguage":"es-ES","@id":"https:\/\/mobilitas.lat\/es\/#\/schema\/person\/image\/","url":"https:\/\/secure.gravatar.com\/avatar\/aac99dbef1420f75cc7d86913eb8a7cdfbe13e2509ad7a45649a61414f6d2785?s=96&d=mm&r=g","contentUrl":"https:\/\/secure.gravatar.com\/avatar\/aac99dbef1420f75cc7d86913eb8a7cdfbe13e2509ad7a45649a61414f6d2785?s=96&d=mm&r=g","caption":"Alexandre Asquini"}}]}},"_links":{"self":[{"href":"https:\/\/mobilitas.lat\/es\/wp-json\/wp\/v2\/posts\/17697","targetHints":{"allow":["GET"]}}],"collection":[{"href":"https:\/\/mobilitas.lat\/es\/wp-json\/wp\/v2\/posts"}],"about":[{"href":"https:\/\/mobilitas.lat\/es\/wp-json\/wp\/v2\/types\/post"}],"author":[{"embeddable":true,"href":"https:\/\/mobilitas.lat\/es\/wp-json\/wp\/v2\/users\/2"}],"replies":[{"embeddable":true,"href":"https:\/\/mobilitas.lat\/es\/wp-json\/wp\/v2\/comments?post=17697"}],"version-history":[{"count":2,"href":"https:\/\/mobilitas.lat\/es\/wp-json\/wp\/v2\/posts\/17697\/revisions"}],"predecessor-version":[{"id":17699,"href":"https:\/\/mobilitas.lat\/es\/wp-json\/wp\/v2\/posts\/17697\/revisions\/17699"}],"wp:featuredmedia":[{"embeddable":true,"href":"https:\/\/mobilitas.lat\/es\/wp-json\/wp\/v2\/media\/17701"}],"wp:attachment":[{"href":"https:\/\/mobilitas.lat\/es\/wp-json\/wp\/v2\/media?parent=17697"}],"wp:term":[{"taxonomy":"category","embeddable":true,"href":"https:\/\/mobilitas.lat\/es\/wp-json\/wp\/v2\/categories?post=17697"},{"taxonomy":"post_tag","embeddable":true,"href":"https:\/\/mobilitas.lat\/es\/wp-json\/wp\/v2\/tags?post=17697"}],"curies":[{"name":"wp","href":"https:\/\/api.w.org\/{rel}","templated":true}]}}