{"id":17582,"date":"2023-04-19T01:00:56","date_gmt":"2023-04-19T04:00:56","guid":{"rendered":"https:\/\/mobilitas.lat\/?p=17582"},"modified":"2023-04-19T01:00:59","modified_gmt":"2023-04-19T04:00:59","slug":"proyecto-100-semaforos","status":"publish","type":"post","link":"https:\/\/mobilitas.lat\/es\/2023\/04\/19\/proyecto-100-semaforos\/","title":{"rendered":"Proyecto \u2018100 sem\u00e1foros\u2019"},"content":{"rendered":"\n<figure class=\"wp-block-image size-large\"><img loading=\"lazy\" decoding=\"async\" width=\"1024\" height=\"683\" src=\"https:\/\/storage.mobilitas.lat\/uploads\/2023\/04\/230419-MONTEVIDEO-SEMAFORO-GENERICO-FOTO-GRANDE-1024x683.jpg\" alt=\"\" class=\"wp-image-17577\" srcset=\"https:\/\/storage.mobilitas.lat\/uploads\/2023\/04\/230419-MONTEVIDEO-SEMAFORO-GENERICO-FOTO-GRANDE-1024x683.jpg 1024w, https:\/\/storage.mobilitas.lat\/uploads\/2023\/04\/230419-MONTEVIDEO-SEMAFORO-GENERICO-FOTO-GRANDE-300x200.jpg 300w, https:\/\/storage.mobilitas.lat\/uploads\/2023\/04\/230419-MONTEVIDEO-SEMAFORO-GENERICO-FOTO-GRANDE-768x512.jpg 768w, https:\/\/storage.mobilitas.lat\/uploads\/2023\/04\/230419-MONTEVIDEO-SEMAFORO-GENERICO-FOTO-GRANDE-1536x1024.jpg 1536w, https:\/\/storage.mobilitas.lat\/uploads\/2023\/04\/230419-MONTEVIDEO-SEMAFORO-GENERICO-FOTO-GRANDE-2048x1365.jpg 2048w\" sizes=\"auto, (max-width: 1024px) 100vw, 1024px\" \/><\/figure>\n\n\n\n<p>Con la inversi\u00f3n total de 2.000.000 de d\u00f3lares y el plazo de implementaci\u00f3n fijado en un a\u00f1o, la Intendencia de Montevideo anunci\u00f3 el 18 de abril de 2023 la implementaci\u00f3n del proyecto <em>100 sem\u00e1foros<\/em>, con el fin de mejorar el tr\u00e1nsito en la ciudad, reducir la siniestralidad y brindar mayor seguridad a peatones y peatonas.<\/p>\n\n\n\n<p>La nota oficial sostiene que se trata de la mayor inversi\u00f3n en menor tiempo que realiza la comuna en materia de semaforizaci\u00f3n en la capital uruguaya.<\/p>\n\n\n\n<p><strong>RESPUESTA CASI INTEGRAL<\/strong><\/p>\n\n\n\n<p>Actualmente funcionan en Montevideo 785 sem\u00e1foros, incluidos 12 destellantes. De ese total, unos 525 est\u00e1n centralizados y son controlados desde el Centro de Gesti\u00f3n de Movilidad. Los restantes a\u00fan no est\u00e1n centralizados y dependen de la Unidad de Se\u00f1ales Luminosas.<\/p>\n\n\n\n<p>Seg\u00fan el gobierno capitalino, mediante el proyecto <em>100 sem\u00e1foros<\/em>, se dar\u00e1 respuesta a la casi totalidad de sem\u00e1foros demandados por la ciudadan\u00eda.<\/p>\n\n\n\n<p>Por una parte, se instalar\u00e1n a partir de mayo 26 sem\u00e1foros con tecnolog\u00eda adaptativa, iniciativa relacionada con el proyecto <em>Tr\u00e1nsito adaptativo<\/em> del plan <em>Montevideo se adelanta<\/em>.<\/p>\n\n\n\n<p>Por otro lado, desde agosto pr\u00f3ximo se instalar\u00e1n sem\u00e1foros en 80 cruces definidos a partir de un listado de solicitud de vecinos y vecinas, que maneja el Servicio de Ingenier\u00eda de Tr\u00e1nsito.<\/p>\n\n\n\n<p>La distribuci\u00f3n geogr\u00e1fica de los sem\u00e1foros comprender\u00e1 varias zonas de Montevideo y la instalaci\u00f3n se realizar\u00e1 en funci\u00f3n de un orden de prioridad que contempla diversas variables: viabilidad t\u00e9cnica, tasa de siniestralidad del cruce, cercan\u00eda con escuelas o centros de salud, existencia de cebra en el lugar y afluencia de peatones. :<\/p>\n","protected":false},"excerpt":{"rendered":"<p>Con la inversi\u00f3n total de 2.000.000 de d\u00f3lares y el plazo de implementaci\u00f3n fijado en un a\u00f1o, la Intendencia de Montevideo anunci\u00f3 el 18 de abril de 2023 la implementaci\u00f3n del proyecto 100 sem\u00e1foros, con el fin de mejorar el tr\u00e1nsito en la ciudad, reducir la siniestralidad y brindar mayor seguridad a peatones y peatonas. [&hellip;]<\/p>\n","protected":false},"author":2,"featured_media":17577,"comment_status":"closed","ping_status":"closed","sticky":false,"template":"","format":"standard","meta":{"footnotes":""},"categories":[287],"tags":[775,344,1501],"class_list":["post-17582","post","type-post","status-publish","format-standard","has-post-thumbnail","hentry","category-notas","tag-destaque","tag-montevideo","tag-semaforos"],"yoast_head":"<!-- This site is optimized with the Yoast SEO plugin v26.9 - https:\/\/yoast.com\/product\/yoast-seo-wordpress\/ -->\n<title>Proyecto \u2018100 sem\u00e1foros\u2019 | Mobilitas<\/title>\n<meta name=\"robots\" content=\"index, follow, max-snippet:-1, max-image-preview:large, max-video-preview:-1\" \/>\n<link rel=\"canonical\" href=\"https:\/\/mobilitas.lat\/es\/2023\/04\/19\/proyecto-100-semaforos\/\" \/>\n<meta property=\"og:locale\" content=\"es_ES\" \/>\n<meta property=\"og:type\" content=\"article\" \/>\n<meta property=\"og:title\" content=\"Proyecto \u2018100 sem\u00e1foros\u2019 | Mobilitas\" \/>\n<meta property=\"og:description\" content=\"Con la inversi\u00f3n total de 2.000.000 de d\u00f3lares y el plazo de implementaci\u00f3n fijado en un a\u00f1o, la Intendencia de Montevideo anunci\u00f3 el 18 de abril de 2023 la implementaci\u00f3n del proyecto 100 sem\u00e1foros, con el fin de mejorar el tr\u00e1nsito en la ciudad, reducir la siniestralidad y brindar mayor seguridad a peatones y peatonas. [&hellip;]\" \/>\n<meta property=\"og:url\" content=\"https:\/\/mobilitas.lat\/es\/2023\/04\/19\/proyecto-100-semaforos\/\" \/>\n<meta property=\"og:site_name\" content=\"Mobilitas\" \/>\n<meta property=\"article:published_time\" content=\"2023-04-19T04:00:56+00:00\" \/>\n<meta property=\"article:modified_time\" content=\"2023-04-19T04:00:59+00:00\" \/>\n<meta property=\"og:image\" content=\"https:\/\/storage.mobilitas.lat\/uploads\/2023\/04\/230419-MONTEVIDEO-SEMAFORO-GENERICO-FOTO-GRANDE.jpg\" \/>\n\t<meta property=\"og:image:width\" content=\"2560\" \/>\n\t<meta property=\"og:image:height\" content=\"1707\" \/>\n\t<meta property=\"og:image:type\" content=\"image\/jpeg\" \/>\n<meta name=\"author\" content=\"Alexandre Asquini\" \/>\n<meta name=\"twitter:card\" content=\"summary_large_image\" \/>\n<meta name=\"twitter:label1\" content=\"Written by\" \/>\n\t<meta name=\"twitter:data1\" content=\"Alexandre Asquini\" \/>\n\t<meta name=\"twitter:label2\" content=\"Est. reading time\" \/>\n\t<meta name=\"twitter:data2\" content=\"1 minute\" \/>\n<script type=\"application\/ld+json\" class=\"yoast-schema-graph\">{\"@context\":\"https:\/\/schema.org\",\"@graph\":[{\"@type\":\"Article\",\"@id\":\"https:\/\/mobilitas.lat\/es\/2023\/04\/19\/proyecto-100-semaforos\/#article\",\"isPartOf\":{\"@id\":\"https:\/\/mobilitas.lat\/es\/2023\/04\/19\/proyecto-100-semaforos\/\"},\"author\":{\"name\":\"Alexandre Asquini\",\"@id\":\"https:\/\/mobilitas.lat\/es\/#\/schema\/person\/cae0d01ccbe855d1858d146e4c4d582d\"},\"headline\":\"Proyecto \u2018100 sem\u00e1foros\u2019\",\"datePublished\":\"2023-04-19T04:00:56+00:00\",\"dateModified\":\"2023-04-19T04:00:59+00:00\",\"mainEntityOfPage\":{\"@id\":\"https:\/\/mobilitas.lat\/es\/2023\/04\/19\/proyecto-100-semaforos\/\"},\"wordCount\":283,\"publisher\":{\"@id\":\"https:\/\/mobilitas.lat\/es\/#organization\"},\"image\":{\"@id\":\"https:\/\/mobilitas.lat\/es\/2023\/04\/19\/proyecto-100-semaforos\/#primaryimage\"},\"thumbnailUrl\":\"https:\/\/storage.mobilitas.lat\/uploads\/2023\/04\/230419-MONTEVIDEO-SEMAFORO-GENERICO-FOTO-GRANDE.jpg\",\"keywords\":[\"destaque\",\"Montevideo\",\"sem\u00e1foros\"],\"articleSection\":[\"Notas\"],\"inLanguage\":\"es-ES\"},{\"@type\":\"WebPage\",\"@id\":\"https:\/\/mobilitas.lat\/es\/2023\/04\/19\/proyecto-100-semaforos\/\",\"url\":\"https:\/\/mobilitas.lat\/es\/2023\/04\/19\/proyecto-100-semaforos\/\",\"name\":\"Proyecto \u2018100 sem\u00e1foros\u2019 | Mobilitas\",\"isPartOf\":{\"@id\":\"https:\/\/mobilitas.lat\/es\/#website\"},\"primaryImageOfPage\":{\"@id\":\"https:\/\/mobilitas.lat\/es\/2023\/04\/19\/proyecto-100-semaforos\/#primaryimage\"},\"image\":{\"@id\":\"https:\/\/mobilitas.lat\/es\/2023\/04\/19\/proyecto-100-semaforos\/#primaryimage\"},\"thumbnailUrl\":\"https:\/\/storage.mobilitas.lat\/uploads\/2023\/04\/230419-MONTEVIDEO-SEMAFORO-GENERICO-FOTO-GRANDE.jpg\",\"datePublished\":\"2023-04-19T04:00:56+00:00\",\"dateModified\":\"2023-04-19T04:00:59+00:00\",\"breadcrumb\":{\"@id\":\"https:\/\/mobilitas.lat\/es\/2023\/04\/19\/proyecto-100-semaforos\/#breadcrumb\"},\"inLanguage\":\"es-ES\",\"potentialAction\":[{\"@type\":\"ReadAction\",\"target\":[\"https:\/\/mobilitas.lat\/es\/2023\/04\/19\/proyecto-100-semaforos\/\"]}]},{\"@type\":\"ImageObject\",\"inLanguage\":\"es-ES\",\"@id\":\"https:\/\/mobilitas.lat\/es\/2023\/04\/19\/proyecto-100-semaforos\/#primaryimage\",\"url\":\"https:\/\/storage.mobilitas.lat\/uploads\/2023\/04\/230419-MONTEVIDEO-SEMAFORO-GENERICO-FOTO-GRANDE.jpg\",\"contentUrl\":\"https:\/\/storage.mobilitas.lat\/uploads\/2023\/04\/230419-MONTEVIDEO-SEMAFORO-GENERICO-FOTO-GRANDE.jpg\",\"width\":2560,\"height\":1707},{\"@type\":\"BreadcrumbList\",\"@id\":\"https:\/\/mobilitas.lat\/es\/2023\/04\/19\/proyecto-100-semaforos\/#breadcrumb\",\"itemListElement\":[{\"@type\":\"ListItem\",\"position\":1,\"name\":\"In\u00edcio\",\"item\":\"https:\/\/mobilitas.lat\/es\/\"},{\"@type\":\"ListItem\",\"position\":2,\"name\":\"Proyecto \u2018100 sem\u00e1foros\u2019\"}]},{\"@type\":\"WebSite\",\"@id\":\"https:\/\/mobilitas.lat\/es\/#website\",\"url\":\"https:\/\/mobilitas.lat\/es\/\",\"name\":\"Mobilitas\",\"description\":\"Tecnologia e Mobilidade Urbana na Am\u00e9rica Latina\",\"publisher\":{\"@id\":\"https:\/\/mobilitas.lat\/es\/#organization\"},\"potentialAction\":[{\"@type\":\"SearchAction\",\"target\":{\"@type\":\"EntryPoint\",\"urlTemplate\":\"https:\/\/mobilitas.lat\/es\/?s={search_term_string}\"},\"query-input\":{\"@type\":\"PropertyValueSpecification\",\"valueRequired\":true,\"valueName\":\"search_term_string\"}}],\"inLanguage\":\"es-ES\"},{\"@type\":\"Organization\",\"@id\":\"https:\/\/mobilitas.lat\/es\/#organization\",\"name\":\"OTM Editora\",\"url\":\"https:\/\/mobilitas.lat\/es\/\",\"logo\":{\"@type\":\"ImageObject\",\"inLanguage\":\"es-ES\",\"@id\":\"https:\/\/mobilitas.lat\/es\/#\/schema\/logo\/image\/\",\"url\":\"https:\/\/mobilitas.lat\/wp-content\/uploads\/2024\/03\/opengraph.png\",\"contentUrl\":\"https:\/\/mobilitas.lat\/wp-content\/uploads\/2024\/03\/opengraph.png\",\"width\":1200,\"height\":630,\"caption\":\"OTM Editora\"},\"image\":{\"@id\":\"https:\/\/mobilitas.lat\/es\/#\/schema\/logo\/image\/\"}},{\"@type\":\"Person\",\"@id\":\"https:\/\/mobilitas.lat\/es\/#\/schema\/person\/cae0d01ccbe855d1858d146e4c4d582d\",\"name\":\"Alexandre Asquini\",\"image\":{\"@type\":\"ImageObject\",\"inLanguage\":\"es-ES\",\"@id\":\"https:\/\/mobilitas.lat\/es\/#\/schema\/person\/image\/\",\"url\":\"https:\/\/secure.gravatar.com\/avatar\/aac99dbef1420f75cc7d86913eb8a7cdfbe13e2509ad7a45649a61414f6d2785?s=96&d=mm&r=g\",\"contentUrl\":\"https:\/\/secure.gravatar.com\/avatar\/aac99dbef1420f75cc7d86913eb8a7cdfbe13e2509ad7a45649a61414f6d2785?s=96&d=mm&r=g\",\"caption\":\"Alexandre Asquini\"}}]}<\/script>\n<!-- \/ Yoast SEO plugin. -->","yoast_head_json":{"title":"Proyecto \u2018100 sem\u00e1foros\u2019 | Mobilitas","robots":{"index":"index","follow":"follow","max-snippet":"max-snippet:-1","max-image-preview":"max-image-preview:large","max-video-preview":"max-video-preview:-1"},"canonical":"https:\/\/mobilitas.lat\/es\/2023\/04\/19\/proyecto-100-semaforos\/","og_locale":"es_ES","og_type":"article","og_title":"Proyecto \u2018100 sem\u00e1foros\u2019 | Mobilitas","og_description":"Con la inversi\u00f3n total de 2.000.000 de d\u00f3lares y el plazo de implementaci\u00f3n fijado en un a\u00f1o, la Intendencia de Montevideo anunci\u00f3 el 18 de abril de 2023 la implementaci\u00f3n del proyecto 100 sem\u00e1foros, con el fin de mejorar el tr\u00e1nsito en la ciudad, reducir la siniestralidad y brindar mayor seguridad a peatones y peatonas. [&hellip;]","og_url":"https:\/\/mobilitas.lat\/es\/2023\/04\/19\/proyecto-100-semaforos\/","og_site_name":"Mobilitas","article_published_time":"2023-04-19T04:00:56+00:00","article_modified_time":"2023-04-19T04:00:59+00:00","og_image":[{"width":2560,"height":1707,"url":"https:\/\/storage.mobilitas.lat\/uploads\/2023\/04\/230419-MONTEVIDEO-SEMAFORO-GENERICO-FOTO-GRANDE.jpg","type":"image\/jpeg"}],"author":"Alexandre Asquini","twitter_card":"summary_large_image","twitter_misc":{"Written by":"Alexandre Asquini","Est. reading time":"1 minute"},"schema":{"@context":"https:\/\/schema.org","@graph":[{"@type":"Article","@id":"https:\/\/mobilitas.lat\/es\/2023\/04\/19\/proyecto-100-semaforos\/#article","isPartOf":{"@id":"https:\/\/mobilitas.lat\/es\/2023\/04\/19\/proyecto-100-semaforos\/"},"author":{"name":"Alexandre Asquini","@id":"https:\/\/mobilitas.lat\/es\/#\/schema\/person\/cae0d01ccbe855d1858d146e4c4d582d"},"headline":"Proyecto \u2018100 sem\u00e1foros\u2019","datePublished":"2023-04-19T04:00:56+00:00","dateModified":"2023-04-19T04:00:59+00:00","mainEntityOfPage":{"@id":"https:\/\/mobilitas.lat\/es\/2023\/04\/19\/proyecto-100-semaforos\/"},"wordCount":283,"publisher":{"@id":"https:\/\/mobilitas.lat\/es\/#organization"},"image":{"@id":"https:\/\/mobilitas.lat\/es\/2023\/04\/19\/proyecto-100-semaforos\/#primaryimage"},"thumbnailUrl":"https:\/\/storage.mobilitas.lat\/uploads\/2023\/04\/230419-MONTEVIDEO-SEMAFORO-GENERICO-FOTO-GRANDE.jpg","keywords":["destaque","Montevideo","sem\u00e1foros"],"articleSection":["Notas"],"inLanguage":"es-ES"},{"@type":"WebPage","@id":"https:\/\/mobilitas.lat\/es\/2023\/04\/19\/proyecto-100-semaforos\/","url":"https:\/\/mobilitas.lat\/es\/2023\/04\/19\/proyecto-100-semaforos\/","name":"Proyecto \u2018100 sem\u00e1foros\u2019 | Mobilitas","isPartOf":{"@id":"https:\/\/mobilitas.lat\/es\/#website"},"primaryImageOfPage":{"@id":"https:\/\/mobilitas.lat\/es\/2023\/04\/19\/proyecto-100-semaforos\/#primaryimage"},"image":{"@id":"https:\/\/mobilitas.lat\/es\/2023\/04\/19\/proyecto-100-semaforos\/#primaryimage"},"thumbnailUrl":"https:\/\/storage.mobilitas.lat\/uploads\/2023\/04\/230419-MONTEVIDEO-SEMAFORO-GENERICO-FOTO-GRANDE.jpg","datePublished":"2023-04-19T04:00:56+00:00","dateModified":"2023-04-19T04:00:59+00:00","breadcrumb":{"@id":"https:\/\/mobilitas.lat\/es\/2023\/04\/19\/proyecto-100-semaforos\/#breadcrumb"},"inLanguage":"es-ES","potentialAction":[{"@type":"ReadAction","target":["https:\/\/mobilitas.lat\/es\/2023\/04\/19\/proyecto-100-semaforos\/"]}]},{"@type":"ImageObject","inLanguage":"es-ES","@id":"https:\/\/mobilitas.lat\/es\/2023\/04\/19\/proyecto-100-semaforos\/#primaryimage","url":"https:\/\/storage.mobilitas.lat\/uploads\/2023\/04\/230419-MONTEVIDEO-SEMAFORO-GENERICO-FOTO-GRANDE.jpg","contentUrl":"https:\/\/storage.mobilitas.lat\/uploads\/2023\/04\/230419-MONTEVIDEO-SEMAFORO-GENERICO-FOTO-GRANDE.jpg","width":2560,"height":1707},{"@type":"BreadcrumbList","@id":"https:\/\/mobilitas.lat\/es\/2023\/04\/19\/proyecto-100-semaforos\/#breadcrumb","itemListElement":[{"@type":"ListItem","position":1,"name":"In\u00edcio","item":"https:\/\/mobilitas.lat\/es\/"},{"@type":"ListItem","position":2,"name":"Proyecto \u2018100 sem\u00e1foros\u2019"}]},{"@type":"WebSite","@id":"https:\/\/mobilitas.lat\/es\/#website","url":"https:\/\/mobilitas.lat\/es\/","name":"Mobilitas","description":"Tecnologia e Mobilidade Urbana na Am\u00e9rica Latina","publisher":{"@id":"https:\/\/mobilitas.lat\/es\/#organization"},"potentialAction":[{"@type":"SearchAction","target":{"@type":"EntryPoint","urlTemplate":"https:\/\/mobilitas.lat\/es\/?s={search_term_string}"},"query-input":{"@type":"PropertyValueSpecification","valueRequired":true,"valueName":"search_term_string"}}],"inLanguage":"es-ES"},{"@type":"Organization","@id":"https:\/\/mobilitas.lat\/es\/#organization","name":"OTM Editora","url":"https:\/\/mobilitas.lat\/es\/","logo":{"@type":"ImageObject","inLanguage":"es-ES","@id":"https:\/\/mobilitas.lat\/es\/#\/schema\/logo\/image\/","url":"https:\/\/mobilitas.lat\/wp-content\/uploads\/2024\/03\/opengraph.png","contentUrl":"https:\/\/mobilitas.lat\/wp-content\/uploads\/2024\/03\/opengraph.png","width":1200,"height":630,"caption":"OTM Editora"},"image":{"@id":"https:\/\/mobilitas.lat\/es\/#\/schema\/logo\/image\/"}},{"@type":"Person","@id":"https:\/\/mobilitas.lat\/es\/#\/schema\/person\/cae0d01ccbe855d1858d146e4c4d582d","name":"Alexandre Asquini","image":{"@type":"ImageObject","inLanguage":"es-ES","@id":"https:\/\/mobilitas.lat\/es\/#\/schema\/person\/image\/","url":"https:\/\/secure.gravatar.com\/avatar\/aac99dbef1420f75cc7d86913eb8a7cdfbe13e2509ad7a45649a61414f6d2785?s=96&d=mm&r=g","contentUrl":"https:\/\/secure.gravatar.com\/avatar\/aac99dbef1420f75cc7d86913eb8a7cdfbe13e2509ad7a45649a61414f6d2785?s=96&d=mm&r=g","caption":"Alexandre Asquini"}}]}},"_links":{"self":[{"href":"https:\/\/mobilitas.lat\/es\/wp-json\/wp\/v2\/posts\/17582","targetHints":{"allow":["GET"]}}],"collection":[{"href":"https:\/\/mobilitas.lat\/es\/wp-json\/wp\/v2\/posts"}],"about":[{"href":"https:\/\/mobilitas.lat\/es\/wp-json\/wp\/v2\/types\/post"}],"author":[{"embeddable":true,"href":"https:\/\/mobilitas.lat\/es\/wp-json\/wp\/v2\/users\/2"}],"replies":[{"embeddable":true,"href":"https:\/\/mobilitas.lat\/es\/wp-json\/wp\/v2\/comments?post=17582"}],"version-history":[{"count":2,"href":"https:\/\/mobilitas.lat\/es\/wp-json\/wp\/v2\/posts\/17582\/revisions"}],"predecessor-version":[{"id":17584,"href":"https:\/\/mobilitas.lat\/es\/wp-json\/wp\/v2\/posts\/17582\/revisions\/17584"}],"wp:featuredmedia":[{"embeddable":true,"href":"https:\/\/mobilitas.lat\/es\/wp-json\/wp\/v2\/media\/17577"}],"wp:attachment":[{"href":"https:\/\/mobilitas.lat\/es\/wp-json\/wp\/v2\/media?parent=17582"}],"wp:term":[{"taxonomy":"category","embeddable":true,"href":"https:\/\/mobilitas.lat\/es\/wp-json\/wp\/v2\/categories?post=17582"},{"taxonomy":"post_tag","embeddable":true,"href":"https:\/\/mobilitas.lat\/es\/wp-json\/wp\/v2\/tags?post=17582"}],"curies":[{"name":"wp","href":"https:\/\/api.w.org\/{rel}","templated":true}]}}