{"id":17498,"date":"2023-04-11T21:40:20","date_gmt":"2023-04-12T00:40:20","guid":{"rendered":"https:\/\/mobilitas.lat\/?p=17498"},"modified":"2023-04-11T21:53:30","modified_gmt":"2023-04-12T00:53:30","slug":"intercambio-de-informaciones-respecto-el-sistema-inteligente-de-transporte-que-se-aplica-en-mendoza-fue-el-principal-objetivo-de-reunion-entre-autoridades-de-movilidad-de-esta-provincia-argentina-y-un","status":"publish","type":"post","link":"https:\/\/mobilitas.lat\/es\/2023\/04\/11\/intercambio-de-informaciones-respecto-el-sistema-inteligente-de-transporte-que-se-aplica-en-mendoza-fue-el-principal-objetivo-de-reunion-entre-autoridades-de-movilidad-de-esta-provincia-argentina-y-un\/","title":{"rendered":"Intercambio de informaciones respecto el Sistema Inteligente de Transporte que se aplica en Mendoza fue el principal objetivo de reuni\u00f3n entre autoridades de movilidad de esta provincia argentina y una delegaci\u00f3n chilena del Ministerio de Transporte y Telecomunicaciones"},"content":{"rendered":"\n<div class=\"wp-block-image is-style-default\"><figure class=\"aligncenter size-large is-resized\"><img loading=\"lazy\" decoding=\"async\" src=\"https:\/\/storage.mobilitas.lat\/uploads\/2023\/04\/MOBILITAS-INTERCAMBIO-MENDOZA-CHILE-JORGE-TEVES-SANTIS-DAZA.jpg\" alt=\"\" class=\"wp-image-17495\" width=\"537\" height=\"321\" srcset=\"https:\/\/storage.mobilitas.lat\/uploads\/2023\/04\/MOBILITAS-INTERCAMBIO-MENDOZA-CHILE-JORGE-TEVES-SANTIS-DAZA.jpg 439w, https:\/\/storage.mobilitas.lat\/uploads\/2023\/04\/MOBILITAS-INTERCAMBIO-MENDOZA-CHILE-JORGE-TEVES-SANTIS-DAZA-300x179.jpg 300w\" sizes=\"auto, (max-width: 537px) 100vw, 537px\" \/><figcaption><strong><em>Jorge Teves, Vicente Pinto Santis y Jorge Daza Lobos<\/em><\/strong><\/figcaption><\/figure><\/div>\n\n\n\n<p>En la primera semana de abril de 2023, equipo del Ente de la Movilidad Provincial (EMOP) y de la Direcci\u00f3n de Transportes, de la Secretar\u00eda de Servicios P\u00fablicos de Mendoza, recibi\u00f3 una delegaci\u00f3n del Ministerio de Transporte y Telecomunicaciones de Chile, ocasi\u00f3n en que analizaron los avances del Sistema Inteligente de Transporte que se aplica en aquella provincia argentina.<\/p>\n\n\n\n<p>La apertura de datos p\u00fablicos del servicio de transporte y la articulaci\u00f3n con las distintas con \u00e1reas del Estado fue parte del temario del encuentro sobre movilidad entre autoridades de Mendoza y del Gobierno de Chile.<\/p>\n\n\n\n<p>La reuni\u00f3n fue encabezada por el titular del Ente de la Movilidad Provincial (EMOP), Jorge Teves, junto al director de Transporte de Mendoza, Luis Borrego.<\/p>\n\n\n\n<p>La delegaci\u00f3n del Ministerio de Transporte y Telecomunicaciones de Chile fue conformada por el subsecretario de Transportes, Jorge Daza Lobos; el director de Transporte P\u00fablico Regional, Alan Sep\u00falveda Neira; el encargado de Relaciones Institucionales de la Subsecretar\u00eda, Jorge G\u00f3mez Villagra, y el asesor de Gremios del Ministerio, Vicente Pinto Santis.<\/p>\n\n\n\n<p><strong>INTERCAMBIO<\/strong><\/p>\n\n\n\n<p>Jorge Teves, explic\u00f3 que el objetivo de la reuni\u00f3n fue intercambiar experiencias respecto de la legislaci\u00f3n y la aplicaci\u00f3n del servicio. \u201cTransmitimos a los representantes chilenos nuestra visi\u00f3n. Estuvimos analizando la implementaci\u00f3n de las nuevas tecnolog\u00edas y plataformas electr\u00f3nicas\u201d.<\/p>\n\n\n\n<p>En el encuentro adem\u00e1s se analizaron los avances del Sistema Inteligente de Transporte (SIT) para la gesti\u00f3n de toda la informaci\u00f3n referida a la prestaci\u00f3n de los servicios de transporte p\u00fablico regular de pasajeros del Gran Mendoza como plataforma com\u00fan para concesionarios, la propia Secretar\u00eda de Servicios P\u00fablicos y el EMOP.<\/p>\n\n\n\n<p>Los referentes de Mendoza expusieron detalles sobre las herramientas para automatizar procesos y an\u00e1lisis de informaci\u00f3n a partir de bases hist\u00f3ricas de datos registrados. Tambi\u00e9n, todo el conjunto de desarrollos para el procesamiento de informaci\u00f3n.<\/p>\n\n\n\n<p>Adem\u00e1s, se compartieron las experiencias actuales para mejorar la accesibilidad a los servicios, brindando informaci\u00f3n actualizada y en tiempo real a los usuarios con la aplicaci\u00f3n MendoTran Cu\u00e1ndo Subo.<\/p>\n\n\n\n<p><strong>TECNOLOG\u00cdAS APLICADAS<\/strong><\/p>\n\n\n\n<p>Jorge Daza Lobos, subsecretario nacional del Sistema de Transportes de Chile, se\u00f1alo que la delegaci\u00f3n ha podido conocer el tipo de tecnolog\u00eda que aplica Mendoza al sistema de transporte y las frecuencias que tiene cada servicio. Seguiremos conociendo sobre el sistema mendocino y seguramente nos llevaremos la experiencia a nuestro pa\u00eds\u201d, asegur\u00f3.<\/p>\n\n\n\n<p>El representante chileno agreg\u00f3 que en Mendoza se est\u00e1 aplicando mucha tecnolog\u00eda y que ha sido posible identificar algunos procesos bastante novedosos, que arrojan resultados concretos a la hora de planificar el servicio.<\/p>\n\n\n\n<p>En Chile avanza el proceso de renovaci\u00f3n de nuevos contratos del sistema de Transporte P\u00fablico del Gran Santiago, RED, que involucra a 12 comunas del sistema. Adem\u00e1s, la Subsecretar\u00eda de Transportes tambi\u00e9n trabaja en estos d\u00edas en procesos de modernizaci\u00f3n en los sistemas de sectores como Quilpu\u00e9, Chill\u00e1n y Chill\u00e1n Viejo.<\/p>\n","protected":false},"excerpt":{"rendered":"<p>En la primera semana de abril de 2023, equipo del Ente de la Movilidad Provincial (EMOP) y de la Direcci\u00f3n de Transportes, de la Secretar\u00eda de Servicios P\u00fablicos de Mendoza, recibi\u00f3 una delegaci\u00f3n del Ministerio de Transporte y Telecomunicaciones de Chile, ocasi\u00f3n en que analizaron los avances del Sistema Inteligente de Transporte que se aplica [&hellip;]<\/p>\n","protected":false},"author":2,"featured_media":17505,"comment_status":"closed","ping_status":"closed","sticky":false,"template":"","format":"standard","meta":{"footnotes":""},"categories":[287],"tags":[970,1073,975],"class_list":["post-17498","post","type-post","status-publish","format-standard","has-post-thumbnail","hentry","category-notas","tag-mendoza","tag-ministerio-de-transportes-y-telecomunicaciones-de-chile","tag-tema-es"],"yoast_head":"<!-- This site is optimized with the Yoast SEO plugin v26.9 - https:\/\/yoast.com\/product\/yoast-seo-wordpress\/ -->\n<title>Intercambio de informaciones respecto el Sistema Inteligente de Transporte que se aplica en Mendoza fue el principal objetivo de reuni\u00f3n entre autoridades de movilidad de esta provincia argentina y una delegaci\u00f3n chilena del Ministerio de Transporte y Telecomunicaciones | Mobilitas<\/title>\n<meta name=\"robots\" content=\"index, follow, max-snippet:-1, max-image-preview:large, max-video-preview:-1\" \/>\n<link rel=\"canonical\" href=\"https:\/\/mobilitas.lat\/es\/2023\/04\/11\/intercambio-de-informaciones-respecto-el-sistema-inteligente-de-transporte-que-se-aplica-en-mendoza-fue-el-principal-objetivo-de-reunion-entre-autoridades-de-movilidad-de-esta-provincia-argentina-y-un\/\" \/>\n<meta property=\"og:locale\" content=\"es_ES\" \/>\n<meta property=\"og:type\" content=\"article\" \/>\n<meta property=\"og:title\" content=\"Intercambio de informaciones respecto el Sistema Inteligente de Transporte que se aplica en Mendoza fue el principal objetivo de reuni\u00f3n entre autoridades de movilidad de esta provincia argentina y una delegaci\u00f3n chilena del Ministerio de Transporte y Telecomunicaciones | Mobilitas\" \/>\n<meta property=\"og:description\" content=\"En la primera semana de abril de 2023, equipo del Ente de la Movilidad Provincial (EMOP) y de la Direcci\u00f3n de Transportes, de la Secretar\u00eda de Servicios P\u00fablicos de Mendoza, recibi\u00f3 una delegaci\u00f3n del Ministerio de Transporte y Telecomunicaciones de Chile, ocasi\u00f3n en que analizaron los avances del Sistema Inteligente de Transporte que se aplica [&hellip;]\" \/>\n<meta property=\"og:url\" content=\"https:\/\/mobilitas.lat\/es\/2023\/04\/11\/intercambio-de-informaciones-respecto-el-sistema-inteligente-de-transporte-que-se-aplica-en-mendoza-fue-el-principal-objetivo-de-reunion-entre-autoridades-de-movilidad-de-esta-provincia-argentina-y-un\/\" \/>\n<meta property=\"og:site_name\" content=\"Mobilitas\" \/>\n<meta property=\"article:published_time\" content=\"2023-04-12T00:40:20+00:00\" \/>\n<meta property=\"article:modified_time\" content=\"2023-04-12T00:53:30+00:00\" \/>\n<meta property=\"og:image\" content=\"https:\/\/storage.mobilitas.lat\/uploads\/2023\/04\/MOBILITAS-INTERCAMBIO-MENDOZA-CHILE-JORGE-TEVES-SANTIS-DAZA-1A.jpg\" \/>\n\t<meta property=\"og:image:width\" content=\"439\" \/>\n\t<meta property=\"og:image:height\" content=\"255\" \/>\n\t<meta property=\"og:image:type\" content=\"image\/jpeg\" \/>\n<meta name=\"author\" content=\"Alexandre Asquini\" \/>\n<meta name=\"twitter:card\" content=\"summary_large_image\" \/>\n<meta name=\"twitter:label1\" content=\"Written by\" \/>\n\t<meta name=\"twitter:data1\" content=\"Alexandre Asquini\" \/>\n\t<meta name=\"twitter:label2\" content=\"Est. reading time\" \/>\n\t<meta name=\"twitter:data2\" content=\"3 minutes\" \/>\n<script type=\"application\/ld+json\" class=\"yoast-schema-graph\">{\"@context\":\"https:\/\/schema.org\",\"@graph\":[{\"@type\":\"Article\",\"@id\":\"https:\/\/mobilitas.lat\/es\/2023\/04\/11\/intercambio-de-informaciones-respecto-el-sistema-inteligente-de-transporte-que-se-aplica-en-mendoza-fue-el-principal-objetivo-de-reunion-entre-autoridades-de-movilidad-de-esta-provincia-argentina-y-un\/#article\",\"isPartOf\":{\"@id\":\"https:\/\/mobilitas.lat\/es\/2023\/04\/11\/intercambio-de-informaciones-respecto-el-sistema-inteligente-de-transporte-que-se-aplica-en-mendoza-fue-el-principal-objetivo-de-reunion-entre-autoridades-de-movilidad-de-esta-provincia-argentina-y-un\/\"},\"author\":{\"name\":\"Alexandre Asquini\",\"@id\":\"https:\/\/mobilitas.lat\/es\/#\/schema\/person\/cae0d01ccbe855d1858d146e4c4d582d\"},\"headline\":\"Intercambio de informaciones respecto el Sistema Inteligente de Transporte que se aplica en Mendoza fue el principal objetivo de reuni\u00f3n entre autoridades de movilidad de esta provincia argentina y una delegaci\u00f3n chilena del Ministerio de Transporte y Telecomunicaciones\",\"datePublished\":\"2023-04-12T00:40:20+00:00\",\"dateModified\":\"2023-04-12T00:53:30+00:00\",\"mainEntityOfPage\":{\"@id\":\"https:\/\/mobilitas.lat\/es\/2023\/04\/11\/intercambio-de-informaciones-respecto-el-sistema-inteligente-de-transporte-que-se-aplica-en-mendoza-fue-el-principal-objetivo-de-reunion-entre-autoridades-de-movilidad-de-esta-provincia-argentina-y-un\/\"},\"wordCount\":562,\"publisher\":{\"@id\":\"https:\/\/mobilitas.lat\/es\/#organization\"},\"image\":{\"@id\":\"https:\/\/mobilitas.lat\/es\/2023\/04\/11\/intercambio-de-informaciones-respecto-el-sistema-inteligente-de-transporte-que-se-aplica-en-mendoza-fue-el-principal-objetivo-de-reunion-entre-autoridades-de-movilidad-de-esta-provincia-argentina-y-un\/#primaryimage\"},\"thumbnailUrl\":\"https:\/\/storage.mobilitas.lat\/uploads\/2023\/04\/MOBILITAS-INTERCAMBIO-MENDOZA-CHILE-JORGE-TEVES-SANTIS-DAZA-1A.jpg\",\"keywords\":[\"MENDOZA\",\"MINISTERIO DE TRANSPORTES Y TELECOMUNICACIONES DE CHILE\",\"tema\"],\"articleSection\":[\"Notas\"],\"inLanguage\":\"es-ES\"},{\"@type\":\"WebPage\",\"@id\":\"https:\/\/mobilitas.lat\/es\/2023\/04\/11\/intercambio-de-informaciones-respecto-el-sistema-inteligente-de-transporte-que-se-aplica-en-mendoza-fue-el-principal-objetivo-de-reunion-entre-autoridades-de-movilidad-de-esta-provincia-argentina-y-un\/\",\"url\":\"https:\/\/mobilitas.lat\/es\/2023\/04\/11\/intercambio-de-informaciones-respecto-el-sistema-inteligente-de-transporte-que-se-aplica-en-mendoza-fue-el-principal-objetivo-de-reunion-entre-autoridades-de-movilidad-de-esta-provincia-argentina-y-un\/\",\"name\":\"Intercambio de informaciones respecto el Sistema Inteligente de Transporte que se aplica en Mendoza fue el principal objetivo de reuni\u00f3n entre autoridades de movilidad de esta provincia argentina y una delegaci\u00f3n chilena del Ministerio de Transporte y Telecomunicaciones | Mobilitas\",\"isPartOf\":{\"@id\":\"https:\/\/mobilitas.lat\/es\/#website\"},\"primaryImageOfPage\":{\"@id\":\"https:\/\/mobilitas.lat\/es\/2023\/04\/11\/intercambio-de-informaciones-respecto-el-sistema-inteligente-de-transporte-que-se-aplica-en-mendoza-fue-el-principal-objetivo-de-reunion-entre-autoridades-de-movilidad-de-esta-provincia-argentina-y-un\/#primaryimage\"},\"image\":{\"@id\":\"https:\/\/mobilitas.lat\/es\/2023\/04\/11\/intercambio-de-informaciones-respecto-el-sistema-inteligente-de-transporte-que-se-aplica-en-mendoza-fue-el-principal-objetivo-de-reunion-entre-autoridades-de-movilidad-de-esta-provincia-argentina-y-un\/#primaryimage\"},\"thumbnailUrl\":\"https:\/\/storage.mobilitas.lat\/uploads\/2023\/04\/MOBILITAS-INTERCAMBIO-MENDOZA-CHILE-JORGE-TEVES-SANTIS-DAZA-1A.jpg\",\"datePublished\":\"2023-04-12T00:40:20+00:00\",\"dateModified\":\"2023-04-12T00:53:30+00:00\",\"breadcrumb\":{\"@id\":\"https:\/\/mobilitas.lat\/es\/2023\/04\/11\/intercambio-de-informaciones-respecto-el-sistema-inteligente-de-transporte-que-se-aplica-en-mendoza-fue-el-principal-objetivo-de-reunion-entre-autoridades-de-movilidad-de-esta-provincia-argentina-y-un\/#breadcrumb\"},\"inLanguage\":\"es-ES\",\"potentialAction\":[{\"@type\":\"ReadAction\",\"target\":[\"https:\/\/mobilitas.lat\/es\/2023\/04\/11\/intercambio-de-informaciones-respecto-el-sistema-inteligente-de-transporte-que-se-aplica-en-mendoza-fue-el-principal-objetivo-de-reunion-entre-autoridades-de-movilidad-de-esta-provincia-argentina-y-un\/\"]}]},{\"@type\":\"ImageObject\",\"inLanguage\":\"es-ES\",\"@id\":\"https:\/\/mobilitas.lat\/es\/2023\/04\/11\/intercambio-de-informaciones-respecto-el-sistema-inteligente-de-transporte-que-se-aplica-en-mendoza-fue-el-principal-objetivo-de-reunion-entre-autoridades-de-movilidad-de-esta-provincia-argentina-y-un\/#primaryimage\",\"url\":\"https:\/\/storage.mobilitas.lat\/uploads\/2023\/04\/MOBILITAS-INTERCAMBIO-MENDOZA-CHILE-JORGE-TEVES-SANTIS-DAZA-1A.jpg\",\"contentUrl\":\"https:\/\/storage.mobilitas.lat\/uploads\/2023\/04\/MOBILITAS-INTERCAMBIO-MENDOZA-CHILE-JORGE-TEVES-SANTIS-DAZA-1A.jpg\",\"width\":439,\"height\":255},{\"@type\":\"BreadcrumbList\",\"@id\":\"https:\/\/mobilitas.lat\/es\/2023\/04\/11\/intercambio-de-informaciones-respecto-el-sistema-inteligente-de-transporte-que-se-aplica-en-mendoza-fue-el-principal-objetivo-de-reunion-entre-autoridades-de-movilidad-de-esta-provincia-argentina-y-un\/#breadcrumb\",\"itemListElement\":[{\"@type\":\"ListItem\",\"position\":1,\"name\":\"In\u00edcio\",\"item\":\"https:\/\/mobilitas.lat\/es\/\"},{\"@type\":\"ListItem\",\"position\":2,\"name\":\"Intercambio de informaciones respecto el Sistema Inteligente de Transporte que se aplica en Mendoza fue el principal objetivo de reuni\u00f3n entre autoridades de movilidad de esta provincia argentina y una delegaci\u00f3n chilena del Ministerio de Transporte y Telecomunicaciones\"}]},{\"@type\":\"WebSite\",\"@id\":\"https:\/\/mobilitas.lat\/es\/#website\",\"url\":\"https:\/\/mobilitas.lat\/es\/\",\"name\":\"Mobilitas\",\"description\":\"Tecnologia e Mobilidade Urbana na Am\u00e9rica Latina\",\"publisher\":{\"@id\":\"https:\/\/mobilitas.lat\/es\/#organization\"},\"potentialAction\":[{\"@type\":\"SearchAction\",\"target\":{\"@type\":\"EntryPoint\",\"urlTemplate\":\"https:\/\/mobilitas.lat\/es\/?s={search_term_string}\"},\"query-input\":{\"@type\":\"PropertyValueSpecification\",\"valueRequired\":true,\"valueName\":\"search_term_string\"}}],\"inLanguage\":\"es-ES\"},{\"@type\":\"Organization\",\"@id\":\"https:\/\/mobilitas.lat\/es\/#organization\",\"name\":\"OTM Editora\",\"url\":\"https:\/\/mobilitas.lat\/es\/\",\"logo\":{\"@type\":\"ImageObject\",\"inLanguage\":\"es-ES\",\"@id\":\"https:\/\/mobilitas.lat\/es\/#\/schema\/logo\/image\/\",\"url\":\"https:\/\/mobilitas.lat\/wp-content\/uploads\/2024\/03\/opengraph.png\",\"contentUrl\":\"https:\/\/mobilitas.lat\/wp-content\/uploads\/2024\/03\/opengraph.png\",\"width\":1200,\"height\":630,\"caption\":\"OTM Editora\"},\"image\":{\"@id\":\"https:\/\/mobilitas.lat\/es\/#\/schema\/logo\/image\/\"}},{\"@type\":\"Person\",\"@id\":\"https:\/\/mobilitas.lat\/es\/#\/schema\/person\/cae0d01ccbe855d1858d146e4c4d582d\",\"name\":\"Alexandre Asquini\",\"image\":{\"@type\":\"ImageObject\",\"inLanguage\":\"es-ES\",\"@id\":\"https:\/\/mobilitas.lat\/es\/#\/schema\/person\/image\/\",\"url\":\"https:\/\/secure.gravatar.com\/avatar\/aac99dbef1420f75cc7d86913eb8a7cdfbe13e2509ad7a45649a61414f6d2785?s=96&d=mm&r=g\",\"contentUrl\":\"https:\/\/secure.gravatar.com\/avatar\/aac99dbef1420f75cc7d86913eb8a7cdfbe13e2509ad7a45649a61414f6d2785?s=96&d=mm&r=g\",\"caption\":\"Alexandre Asquini\"}}]}<\/script>\n<!-- \/ Yoast SEO plugin. -->","yoast_head_json":{"title":"Intercambio de informaciones respecto el Sistema Inteligente de Transporte que se aplica en Mendoza fue el principal objetivo de reuni\u00f3n entre autoridades de movilidad de esta provincia argentina y una delegaci\u00f3n chilena del Ministerio de Transporte y Telecomunicaciones | Mobilitas","robots":{"index":"index","follow":"follow","max-snippet":"max-snippet:-1","max-image-preview":"max-image-preview:large","max-video-preview":"max-video-preview:-1"},"canonical":"https:\/\/mobilitas.lat\/es\/2023\/04\/11\/intercambio-de-informaciones-respecto-el-sistema-inteligente-de-transporte-que-se-aplica-en-mendoza-fue-el-principal-objetivo-de-reunion-entre-autoridades-de-movilidad-de-esta-provincia-argentina-y-un\/","og_locale":"es_ES","og_type":"article","og_title":"Intercambio de informaciones respecto el Sistema Inteligente de Transporte que se aplica en Mendoza fue el principal objetivo de reuni\u00f3n entre autoridades de movilidad de esta provincia argentina y una delegaci\u00f3n chilena del Ministerio de Transporte y Telecomunicaciones | Mobilitas","og_description":"En la primera semana de abril de 2023, equipo del Ente de la Movilidad Provincial (EMOP) y de la Direcci\u00f3n de Transportes, de la Secretar\u00eda de Servicios P\u00fablicos de Mendoza, recibi\u00f3 una delegaci\u00f3n del Ministerio de Transporte y Telecomunicaciones de Chile, ocasi\u00f3n en que analizaron los avances del Sistema Inteligente de Transporte que se aplica [&hellip;]","og_url":"https:\/\/mobilitas.lat\/es\/2023\/04\/11\/intercambio-de-informaciones-respecto-el-sistema-inteligente-de-transporte-que-se-aplica-en-mendoza-fue-el-principal-objetivo-de-reunion-entre-autoridades-de-movilidad-de-esta-provincia-argentina-y-un\/","og_site_name":"Mobilitas","article_published_time":"2023-04-12T00:40:20+00:00","article_modified_time":"2023-04-12T00:53:30+00:00","og_image":[{"width":439,"height":255,"url":"https:\/\/storage.mobilitas.lat\/uploads\/2023\/04\/MOBILITAS-INTERCAMBIO-MENDOZA-CHILE-JORGE-TEVES-SANTIS-DAZA-1A.jpg","type":"image\/jpeg"}],"author":"Alexandre Asquini","twitter_card":"summary_large_image","twitter_misc":{"Written by":"Alexandre Asquini","Est. reading time":"3 minutes"},"schema":{"@context":"https:\/\/schema.org","@graph":[{"@type":"Article","@id":"https:\/\/mobilitas.lat\/es\/2023\/04\/11\/intercambio-de-informaciones-respecto-el-sistema-inteligente-de-transporte-que-se-aplica-en-mendoza-fue-el-principal-objetivo-de-reunion-entre-autoridades-de-movilidad-de-esta-provincia-argentina-y-un\/#article","isPartOf":{"@id":"https:\/\/mobilitas.lat\/es\/2023\/04\/11\/intercambio-de-informaciones-respecto-el-sistema-inteligente-de-transporte-que-se-aplica-en-mendoza-fue-el-principal-objetivo-de-reunion-entre-autoridades-de-movilidad-de-esta-provincia-argentina-y-un\/"},"author":{"name":"Alexandre Asquini","@id":"https:\/\/mobilitas.lat\/es\/#\/schema\/person\/cae0d01ccbe855d1858d146e4c4d582d"},"headline":"Intercambio de informaciones respecto el Sistema Inteligente de Transporte que se aplica en Mendoza fue el principal objetivo de reuni\u00f3n entre autoridades de movilidad de esta provincia argentina y una delegaci\u00f3n chilena del Ministerio de Transporte y Telecomunicaciones","datePublished":"2023-04-12T00:40:20+00:00","dateModified":"2023-04-12T00:53:30+00:00","mainEntityOfPage":{"@id":"https:\/\/mobilitas.lat\/es\/2023\/04\/11\/intercambio-de-informaciones-respecto-el-sistema-inteligente-de-transporte-que-se-aplica-en-mendoza-fue-el-principal-objetivo-de-reunion-entre-autoridades-de-movilidad-de-esta-provincia-argentina-y-un\/"},"wordCount":562,"publisher":{"@id":"https:\/\/mobilitas.lat\/es\/#organization"},"image":{"@id":"https:\/\/mobilitas.lat\/es\/2023\/04\/11\/intercambio-de-informaciones-respecto-el-sistema-inteligente-de-transporte-que-se-aplica-en-mendoza-fue-el-principal-objetivo-de-reunion-entre-autoridades-de-movilidad-de-esta-provincia-argentina-y-un\/#primaryimage"},"thumbnailUrl":"https:\/\/storage.mobilitas.lat\/uploads\/2023\/04\/MOBILITAS-INTERCAMBIO-MENDOZA-CHILE-JORGE-TEVES-SANTIS-DAZA-1A.jpg","keywords":["MENDOZA","MINISTERIO DE TRANSPORTES Y TELECOMUNICACIONES DE CHILE","tema"],"articleSection":["Notas"],"inLanguage":"es-ES"},{"@type":"WebPage","@id":"https:\/\/mobilitas.lat\/es\/2023\/04\/11\/intercambio-de-informaciones-respecto-el-sistema-inteligente-de-transporte-que-se-aplica-en-mendoza-fue-el-principal-objetivo-de-reunion-entre-autoridades-de-movilidad-de-esta-provincia-argentina-y-un\/","url":"https:\/\/mobilitas.lat\/es\/2023\/04\/11\/intercambio-de-informaciones-respecto-el-sistema-inteligente-de-transporte-que-se-aplica-en-mendoza-fue-el-principal-objetivo-de-reunion-entre-autoridades-de-movilidad-de-esta-provincia-argentina-y-un\/","name":"Intercambio de informaciones respecto el Sistema Inteligente de Transporte que se aplica en Mendoza fue el principal objetivo de reuni\u00f3n entre autoridades de movilidad de esta provincia argentina y una delegaci\u00f3n chilena del Ministerio de Transporte y Telecomunicaciones | Mobilitas","isPartOf":{"@id":"https:\/\/mobilitas.lat\/es\/#website"},"primaryImageOfPage":{"@id":"https:\/\/mobilitas.lat\/es\/2023\/04\/11\/intercambio-de-informaciones-respecto-el-sistema-inteligente-de-transporte-que-se-aplica-en-mendoza-fue-el-principal-objetivo-de-reunion-entre-autoridades-de-movilidad-de-esta-provincia-argentina-y-un\/#primaryimage"},"image":{"@id":"https:\/\/mobilitas.lat\/es\/2023\/04\/11\/intercambio-de-informaciones-respecto-el-sistema-inteligente-de-transporte-que-se-aplica-en-mendoza-fue-el-principal-objetivo-de-reunion-entre-autoridades-de-movilidad-de-esta-provincia-argentina-y-un\/#primaryimage"},"thumbnailUrl":"https:\/\/storage.mobilitas.lat\/uploads\/2023\/04\/MOBILITAS-INTERCAMBIO-MENDOZA-CHILE-JORGE-TEVES-SANTIS-DAZA-1A.jpg","datePublished":"2023-04-12T00:40:20+00:00","dateModified":"2023-04-12T00:53:30+00:00","breadcrumb":{"@id":"https:\/\/mobilitas.lat\/es\/2023\/04\/11\/intercambio-de-informaciones-respecto-el-sistema-inteligente-de-transporte-que-se-aplica-en-mendoza-fue-el-principal-objetivo-de-reunion-entre-autoridades-de-movilidad-de-esta-provincia-argentina-y-un\/#breadcrumb"},"inLanguage":"es-ES","potentialAction":[{"@type":"ReadAction","target":["https:\/\/mobilitas.lat\/es\/2023\/04\/11\/intercambio-de-informaciones-respecto-el-sistema-inteligente-de-transporte-que-se-aplica-en-mendoza-fue-el-principal-objetivo-de-reunion-entre-autoridades-de-movilidad-de-esta-provincia-argentina-y-un\/"]}]},{"@type":"ImageObject","inLanguage":"es-ES","@id":"https:\/\/mobilitas.lat\/es\/2023\/04\/11\/intercambio-de-informaciones-respecto-el-sistema-inteligente-de-transporte-que-se-aplica-en-mendoza-fue-el-principal-objetivo-de-reunion-entre-autoridades-de-movilidad-de-esta-provincia-argentina-y-un\/#primaryimage","url":"https:\/\/storage.mobilitas.lat\/uploads\/2023\/04\/MOBILITAS-INTERCAMBIO-MENDOZA-CHILE-JORGE-TEVES-SANTIS-DAZA-1A.jpg","contentUrl":"https:\/\/storage.mobilitas.lat\/uploads\/2023\/04\/MOBILITAS-INTERCAMBIO-MENDOZA-CHILE-JORGE-TEVES-SANTIS-DAZA-1A.jpg","width":439,"height":255},{"@type":"BreadcrumbList","@id":"https:\/\/mobilitas.lat\/es\/2023\/04\/11\/intercambio-de-informaciones-respecto-el-sistema-inteligente-de-transporte-que-se-aplica-en-mendoza-fue-el-principal-objetivo-de-reunion-entre-autoridades-de-movilidad-de-esta-provincia-argentina-y-un\/#breadcrumb","itemListElement":[{"@type":"ListItem","position":1,"name":"In\u00edcio","item":"https:\/\/mobilitas.lat\/es\/"},{"@type":"ListItem","position":2,"name":"Intercambio de informaciones respecto el Sistema Inteligente de Transporte que se aplica en Mendoza fue el principal objetivo de reuni\u00f3n entre autoridades de movilidad de esta provincia argentina y una delegaci\u00f3n chilena del Ministerio de Transporte y Telecomunicaciones"}]},{"@type":"WebSite","@id":"https:\/\/mobilitas.lat\/es\/#website","url":"https:\/\/mobilitas.lat\/es\/","name":"Mobilitas","description":"Tecnologia e Mobilidade Urbana na Am\u00e9rica Latina","publisher":{"@id":"https:\/\/mobilitas.lat\/es\/#organization"},"potentialAction":[{"@type":"SearchAction","target":{"@type":"EntryPoint","urlTemplate":"https:\/\/mobilitas.lat\/es\/?s={search_term_string}"},"query-input":{"@type":"PropertyValueSpecification","valueRequired":true,"valueName":"search_term_string"}}],"inLanguage":"es-ES"},{"@type":"Organization","@id":"https:\/\/mobilitas.lat\/es\/#organization","name":"OTM Editora","url":"https:\/\/mobilitas.lat\/es\/","logo":{"@type":"ImageObject","inLanguage":"es-ES","@id":"https:\/\/mobilitas.lat\/es\/#\/schema\/logo\/image\/","url":"https:\/\/mobilitas.lat\/wp-content\/uploads\/2024\/03\/opengraph.png","contentUrl":"https:\/\/mobilitas.lat\/wp-content\/uploads\/2024\/03\/opengraph.png","width":1200,"height":630,"caption":"OTM Editora"},"image":{"@id":"https:\/\/mobilitas.lat\/es\/#\/schema\/logo\/image\/"}},{"@type":"Person","@id":"https:\/\/mobilitas.lat\/es\/#\/schema\/person\/cae0d01ccbe855d1858d146e4c4d582d","name":"Alexandre Asquini","image":{"@type":"ImageObject","inLanguage":"es-ES","@id":"https:\/\/mobilitas.lat\/es\/#\/schema\/person\/image\/","url":"https:\/\/secure.gravatar.com\/avatar\/aac99dbef1420f75cc7d86913eb8a7cdfbe13e2509ad7a45649a61414f6d2785?s=96&d=mm&r=g","contentUrl":"https:\/\/secure.gravatar.com\/avatar\/aac99dbef1420f75cc7d86913eb8a7cdfbe13e2509ad7a45649a61414f6d2785?s=96&d=mm&r=g","caption":"Alexandre Asquini"}}]}},"_links":{"self":[{"href":"https:\/\/mobilitas.lat\/es\/wp-json\/wp\/v2\/posts\/17498","targetHints":{"allow":["GET"]}}],"collection":[{"href":"https:\/\/mobilitas.lat\/es\/wp-json\/wp\/v2\/posts"}],"about":[{"href":"https:\/\/mobilitas.lat\/es\/wp-json\/wp\/v2\/types\/post"}],"author":[{"embeddable":true,"href":"https:\/\/mobilitas.lat\/es\/wp-json\/wp\/v2\/users\/2"}],"replies":[{"embeddable":true,"href":"https:\/\/mobilitas.lat\/es\/wp-json\/wp\/v2\/comments?post=17498"}],"version-history":[{"count":3,"href":"https:\/\/mobilitas.lat\/es\/wp-json\/wp\/v2\/posts\/17498\/revisions"}],"predecessor-version":[{"id":17501,"href":"https:\/\/mobilitas.lat\/es\/wp-json\/wp\/v2\/posts\/17498\/revisions\/17501"}],"wp:featuredmedia":[{"embeddable":true,"href":"https:\/\/mobilitas.lat\/es\/wp-json\/wp\/v2\/media\/17505"}],"wp:attachment":[{"href":"https:\/\/mobilitas.lat\/es\/wp-json\/wp\/v2\/media?parent=17498"}],"wp:term":[{"taxonomy":"category","embeddable":true,"href":"https:\/\/mobilitas.lat\/es\/wp-json\/wp\/v2\/categories?post=17498"},{"taxonomy":"post_tag","embeddable":true,"href":"https:\/\/mobilitas.lat\/es\/wp-json\/wp\/v2\/tags?post=17498"}],"curies":[{"name":"wp","href":"https:\/\/api.w.org\/{rel}","templated":true}]}}