{"id":17480,"date":"2023-04-10T22:28:49","date_gmt":"2023-04-11T01:28:49","guid":{"rendered":"https:\/\/mobilitas.lat\/?p=17480"},"modified":"2023-04-10T23:42:17","modified_gmt":"2023-04-11T02:42:17","slug":"hablando-a-estudiantes-el-presidente-da-la-asociacion-mexicana-de-transporte-y-movilidad-amtm-nicolas-rosales-expreso-que-la-electromovilidad-requiere-un-marco-normativo-y-remarco-que-hasta-ahor","status":"publish","type":"post","link":"https:\/\/mobilitas.lat\/es\/2023\/04\/10\/hablando-a-estudiantes-el-presidente-da-la-asociacion-mexicana-de-transporte-y-movilidad-amtm-nicolas-rosales-expreso-que-la-electromovilidad-requiere-un-marco-normativo-y-remarco-que-hasta-ahor\/","title":{"rendered":"Hablando a estudiantes, el presidente da la Asociaci\u00f3n Mexicana de Transporte y Movilidad (AMTM), Nicol\u00e1s Rosales, expres\u00f3 que la electromovilidad requiere un marco normativo, y remarc\u00f3 que hasta ahora en el pa\u00eds no se ha definido un modelo de negocio desde las autoridades, ni se ha construido infraestructura para la recarga"},"content":{"rendered":"\n<div class=\"wp-block-image is-style-default\"><figure class=\"alignleft size-large is-resized\"><img loading=\"lazy\" decoding=\"async\" src=\"https:\/\/storage.mobilitas.lat\/uploads\/2023\/04\/MOBILITAS-AMTM-NICOLAS-ROSALES-AMARILLO-RECORTADO-1.jpg\" alt=\"\" class=\"wp-image-17477\" width=\"303\" height=\"169\" srcset=\"https:\/\/storage.mobilitas.lat\/uploads\/2023\/04\/MOBILITAS-AMTM-NICOLAS-ROSALES-AMARILLO-RECORTADO-1.jpg 389w, https:\/\/storage.mobilitas.lat\/uploads\/2023\/04\/MOBILITAS-AMTM-NICOLAS-ROSALES-AMARILLO-RECORTADO-1-300x167.jpg 300w\" sizes=\"auto, (max-width: 303px) 100vw, 303px\" \/><figcaption><strong><em>Nicol\u00e1s Rosales<\/em><\/strong><\/figcaption><\/figure><\/div>\n\n\n\n<p>En el \u00faltimo mes de marzo, el presidente de la Asociaci\u00f3n Mexicana de Transporte y Movilidad (AMTM), Nicol\u00e1s Rosales Pallares, particip\u00f3 de la sesi\u00f3n titulada <em>El futuro del transporte de bajas emisiones y la electromovilidad<\/em>, que form\u00f3 parte de la <em>10\u00aa&nbsp;<\/em><em>Expo Conexi\u00f3n Transporte<\/em>, organizada por estudiantes de la Unidad Profesional Interdisciplinaria de Ingenier\u00eda y Ciencias Sociales y Administrativas (UPIICSA) del Instituto Polit\u00e9cnico Nacional (IPN).<\/p>\n\n\n\n<p>Rosales sostuvo en ese encuentro que la implementaci\u00f3n de la electromovilidad en el transporte p\u00fablico requiere un marco normativo y piso parejo para los participantes.<\/p>\n\n\n\n<p>Se\u00f1al\u00f3 que, hasta el momento, en M\u00e9xico, no se ha definido un modelo de negocio desde el gobierno federal o los gobiernos estatales, tampoco existe infraestructura para la recarga, la industria no est\u00e1 regulada, no existe acceso a financiamiento para alcanzar los precios de las unidades, ni se han definido los plazos de las concesiones, se desconoce el tipo de operaci\u00f3n y no se ha establecido un sistema de incentivos.<\/p>\n\n\n\n<p>Seg\u00fan el presidente de AMTM, los operadores de transporte mexicanos no representan ning\u00fan inter\u00e9s para los bancos del pa\u00eds, a raz\u00f3n de que es necesario buscar el financiamiento para la adquisici\u00f3n de autobuses el\u00e9ctricos en otra parte.<\/p>\n\n\n\n<p>Explic\u00f3 que en el modelo que se adopt\u00f3 en Chile, los recursos provinieron de las armadoras, pero el proyecto fue liderado desde el gobierno nacional, por lo que convoc\u00f3 a que, en M\u00e9xico, la electromovilidad se consolide como un asunto colaborativo entre el gobierno federal y estatales.<\/p>\n\n\n\n<p>A pesar de que reconoci\u00f3 que hoy en d\u00eda la electromovilidad ya no es una moda, sino &#8220;una realidad que nos ha alcanzado&#8221;, Nicol\u00e1s Rosales aclar\u00f3 que no todas las ciudades tienen la misma demanda, por lo que habr\u00e1 algunas cuyas caracter\u00edsticas y planes urbanos posterguen los veh\u00edculos el\u00e9ctricos y opten por el camino de las energ\u00edas limpias, que pueden ser di\u00e9sel a bajo azufre, gas, o, en un futuro muy cercano, hidr\u00f3geno.<\/p>\n\n\n\n<p><strong>IMPORTANCIA DE LA ACADEMIA<\/strong><\/p>\n\n\n\n<p>Finalmente, el presidente de la AMTM record\u00f3 que, en el trabajo colaborativo necesario para el transporte p\u00fablico y la movilidad, un \u201cfactor muy importante\u201d es el acad\u00e9mico, pues \u201cen todas partes del mundo es parte fundamental en el desarrollo sostenible\u201d y record\u00f3 que la AMTM, desde su creaci\u00f3n, en 2008, cuenta con el apoyo acad\u00e9mico y presencia de estudiantes en todos sus congresos<\/p>\n\n\n\n<p><strong>Invitaci\u00f3n a los estudiantes.<\/strong> A continuaci\u00f3n, invit\u00f3 los estudiantes de UPIICSA, para que acudan al <em>14\u00ba Congreso Internacional de Transporte<\/em>, que se llevar\u00e1 a cabo los d\u00edas 26 y 27 de abril de 2023 en el Centro Cultural Jaime Torres Bodet, del IPN, Unidad Zacatenco, al que pueden acceder gratuitamente, previo registro en https:\/\/citamtm.org<\/p>\n","protected":false},"excerpt":{"rendered":"<p>En el \u00faltimo mes de marzo, el presidente de la Asociaci\u00f3n Mexicana de Transporte y Movilidad (AMTM), Nicol\u00e1s Rosales Pallares, particip\u00f3 de la sesi\u00f3n titulada El futuro del transporte de bajas emisiones y la electromovilidad, que form\u00f3 parte de la 10\u00aa&nbsp;Expo Conexi\u00f3n Transporte, organizada por estudiantes de la Unidad Profesional Interdisciplinaria de Ingenier\u00eda y Ciencias [&hellip;]<\/p>\n","protected":false},"author":2,"featured_media":17487,"comment_status":"closed","ping_status":"closed","sticky":false,"template":"","format":"standard","meta":{"footnotes":""},"categories":[336,287],"tags":[2052,320,898,1303],"class_list":["post-17480","post","type-post","status-publish","format-standard","has-post-thumbnail","hentry","category-informacion","category-notas","tag-14o-congreso-internacional-de-transporte","tag-amtm-es","tag-informacion","tag-nicolas-rosales"],"yoast_head":"<!-- This site is optimized with the Yoast SEO plugin v26.9 - https:\/\/yoast.com\/product\/yoast-seo-wordpress\/ -->\n<title>Hablando a estudiantes, el presidente da la Asociaci\u00f3n Mexicana de Transporte y Movilidad (AMTM), Nicol\u00e1s Rosales, expres\u00f3 que la electromovilidad requiere un marco normativo, y remarc\u00f3 que hasta ahora en el pa\u00eds no se ha definido un modelo de negocio desde las autoridades, ni se ha construido infraestructura para la recarga | Mobilitas<\/title>\n<meta name=\"robots\" content=\"index, follow, max-snippet:-1, max-image-preview:large, max-video-preview:-1\" \/>\n<link rel=\"canonical\" href=\"https:\/\/mobilitas.lat\/es\/2023\/04\/10\/hablando-a-estudiantes-el-presidente-da-la-asociacion-mexicana-de-transporte-y-movilidad-amtm-nicolas-rosales-expreso-que-la-electromovilidad-requiere-un-marco-normativo-y-remarco-que-hasta-ahor\/\" \/>\n<meta property=\"og:locale\" content=\"es_ES\" \/>\n<meta property=\"og:type\" content=\"article\" \/>\n<meta property=\"og:title\" content=\"Hablando a estudiantes, el presidente da la Asociaci\u00f3n Mexicana de Transporte y Movilidad (AMTM), Nicol\u00e1s Rosales, expres\u00f3 que la electromovilidad requiere un marco normativo, y remarc\u00f3 que hasta ahora en el pa\u00eds no se ha definido un modelo de negocio desde las autoridades, ni se ha construido infraestructura para la recarga | Mobilitas\" \/>\n<meta property=\"og:description\" content=\"En el \u00faltimo mes de marzo, el presidente de la Asociaci\u00f3n Mexicana de Transporte y Movilidad (AMTM), Nicol\u00e1s Rosales Pallares, particip\u00f3 de la sesi\u00f3n titulada El futuro del transporte de bajas emisiones y la electromovilidad, que form\u00f3 parte de la 10\u00aa&nbsp;Expo Conexi\u00f3n Transporte, organizada por estudiantes de la Unidad Profesional Interdisciplinaria de Ingenier\u00eda y Ciencias [&hellip;]\" \/>\n<meta property=\"og:url\" content=\"https:\/\/mobilitas.lat\/es\/2023\/04\/10\/hablando-a-estudiantes-el-presidente-da-la-asociacion-mexicana-de-transporte-y-movilidad-amtm-nicolas-rosales-expreso-que-la-electromovilidad-requiere-un-marco-normativo-y-remarco-que-hasta-ahor\/\" \/>\n<meta property=\"og:site_name\" content=\"Mobilitas\" \/>\n<meta property=\"article:published_time\" content=\"2023-04-11T01:28:49+00:00\" \/>\n<meta property=\"article:modified_time\" content=\"2023-04-11T02:42:17+00:00\" \/>\n<meta property=\"og:image\" content=\"https:\/\/storage.mobilitas.lat\/uploads\/2023\/04\/MOBILITAS-AMTM-NICOLAS-ROSALES-AMARILLO-RECORTADO-1A.jpg\" \/>\n\t<meta property=\"og:image:width\" content=\"376\" \/>\n\t<meta property=\"og:image:height\" content=\"217\" \/>\n\t<meta property=\"og:image:type\" content=\"image\/jpeg\" \/>\n<meta name=\"author\" content=\"Alexandre Asquini\" \/>\n<meta name=\"twitter:card\" content=\"summary_large_image\" \/>\n<meta name=\"twitter:label1\" content=\"Written by\" \/>\n\t<meta name=\"twitter:data1\" content=\"Alexandre Asquini\" \/>\n\t<meta name=\"twitter:label2\" content=\"Est. reading time\" \/>\n\t<meta name=\"twitter:data2\" content=\"2 minutes\" \/>\n<script type=\"application\/ld+json\" class=\"yoast-schema-graph\">{\"@context\":\"https:\/\/schema.org\",\"@graph\":[{\"@type\":\"Article\",\"@id\":\"https:\/\/mobilitas.lat\/es\/2023\/04\/10\/hablando-a-estudiantes-el-presidente-da-la-asociacion-mexicana-de-transporte-y-movilidad-amtm-nicolas-rosales-expreso-que-la-electromovilidad-requiere-un-marco-normativo-y-remarco-que-hasta-ahor\/#article\",\"isPartOf\":{\"@id\":\"https:\/\/mobilitas.lat\/es\/2023\/04\/10\/hablando-a-estudiantes-el-presidente-da-la-asociacion-mexicana-de-transporte-y-movilidad-amtm-nicolas-rosales-expreso-que-la-electromovilidad-requiere-un-marco-normativo-y-remarco-que-hasta-ahor\/\"},\"author\":{\"name\":\"Alexandre Asquini\",\"@id\":\"https:\/\/mobilitas.lat\/es\/#\/schema\/person\/cae0d01ccbe855d1858d146e4c4d582d\"},\"headline\":\"Hablando a estudiantes, el presidente da la Asociaci\u00f3n Mexicana de Transporte y Movilidad (AMTM), Nicol\u00e1s Rosales, expres\u00f3 que la electromovilidad requiere un marco normativo, y remarc\u00f3 que hasta ahora en el pa\u00eds no se ha definido un modelo de negocio desde las autoridades, ni se ha construido infraestructura para la recarga\",\"datePublished\":\"2023-04-11T01:28:49+00:00\",\"dateModified\":\"2023-04-11T02:42:17+00:00\",\"mainEntityOfPage\":{\"@id\":\"https:\/\/mobilitas.lat\/es\/2023\/04\/10\/hablando-a-estudiantes-el-presidente-da-la-asociacion-mexicana-de-transporte-y-movilidad-amtm-nicolas-rosales-expreso-que-la-electromovilidad-requiere-un-marco-normativo-y-remarco-que-hasta-ahor\/\"},\"wordCount\":526,\"publisher\":{\"@id\":\"https:\/\/mobilitas.lat\/es\/#organization\"},\"image\":{\"@id\":\"https:\/\/mobilitas.lat\/es\/2023\/04\/10\/hablando-a-estudiantes-el-presidente-da-la-asociacion-mexicana-de-transporte-y-movilidad-amtm-nicolas-rosales-expreso-que-la-electromovilidad-requiere-un-marco-normativo-y-remarco-que-hasta-ahor\/#primaryimage\"},\"thumbnailUrl\":\"https:\/\/storage.mobilitas.lat\/uploads\/2023\/04\/MOBILITAS-AMTM-NICOLAS-ROSALES-AMARILLO-RECORTADO-1A.jpg\",\"keywords\":[\"14\u00ba Congreso Internacional de Transporte\",\"AMTM\",\"INFORMACI\u00d3N\",\"NICOL\u00c1S ROSALES\"],\"articleSection\":[\"Informaci\u00f3n\",\"Notas\"],\"inLanguage\":\"es-ES\"},{\"@type\":\"WebPage\",\"@id\":\"https:\/\/mobilitas.lat\/es\/2023\/04\/10\/hablando-a-estudiantes-el-presidente-da-la-asociacion-mexicana-de-transporte-y-movilidad-amtm-nicolas-rosales-expreso-que-la-electromovilidad-requiere-un-marco-normativo-y-remarco-que-hasta-ahor\/\",\"url\":\"https:\/\/mobilitas.lat\/es\/2023\/04\/10\/hablando-a-estudiantes-el-presidente-da-la-asociacion-mexicana-de-transporte-y-movilidad-amtm-nicolas-rosales-expreso-que-la-electromovilidad-requiere-un-marco-normativo-y-remarco-que-hasta-ahor\/\",\"name\":\"Hablando a estudiantes, el presidente da la Asociaci\u00f3n Mexicana de Transporte y Movilidad (AMTM), Nicol\u00e1s Rosales, expres\u00f3 que la electromovilidad requiere un marco normativo, y remarc\u00f3 que hasta ahora en el pa\u00eds no se ha definido un modelo de negocio desde las autoridades, ni se ha construido infraestructura para la recarga | Mobilitas\",\"isPartOf\":{\"@id\":\"https:\/\/mobilitas.lat\/es\/#website\"},\"primaryImageOfPage\":{\"@id\":\"https:\/\/mobilitas.lat\/es\/2023\/04\/10\/hablando-a-estudiantes-el-presidente-da-la-asociacion-mexicana-de-transporte-y-movilidad-amtm-nicolas-rosales-expreso-que-la-electromovilidad-requiere-un-marco-normativo-y-remarco-que-hasta-ahor\/#primaryimage\"},\"image\":{\"@id\":\"https:\/\/mobilitas.lat\/es\/2023\/04\/10\/hablando-a-estudiantes-el-presidente-da-la-asociacion-mexicana-de-transporte-y-movilidad-amtm-nicolas-rosales-expreso-que-la-electromovilidad-requiere-un-marco-normativo-y-remarco-que-hasta-ahor\/#primaryimage\"},\"thumbnailUrl\":\"https:\/\/storage.mobilitas.lat\/uploads\/2023\/04\/MOBILITAS-AMTM-NICOLAS-ROSALES-AMARILLO-RECORTADO-1A.jpg\",\"datePublished\":\"2023-04-11T01:28:49+00:00\",\"dateModified\":\"2023-04-11T02:42:17+00:00\",\"breadcrumb\":{\"@id\":\"https:\/\/mobilitas.lat\/es\/2023\/04\/10\/hablando-a-estudiantes-el-presidente-da-la-asociacion-mexicana-de-transporte-y-movilidad-amtm-nicolas-rosales-expreso-que-la-electromovilidad-requiere-un-marco-normativo-y-remarco-que-hasta-ahor\/#breadcrumb\"},\"inLanguage\":\"es-ES\",\"potentialAction\":[{\"@type\":\"ReadAction\",\"target\":[\"https:\/\/mobilitas.lat\/es\/2023\/04\/10\/hablando-a-estudiantes-el-presidente-da-la-asociacion-mexicana-de-transporte-y-movilidad-amtm-nicolas-rosales-expreso-que-la-electromovilidad-requiere-un-marco-normativo-y-remarco-que-hasta-ahor\/\"]}]},{\"@type\":\"ImageObject\",\"inLanguage\":\"es-ES\",\"@id\":\"https:\/\/mobilitas.lat\/es\/2023\/04\/10\/hablando-a-estudiantes-el-presidente-da-la-asociacion-mexicana-de-transporte-y-movilidad-amtm-nicolas-rosales-expreso-que-la-electromovilidad-requiere-un-marco-normativo-y-remarco-que-hasta-ahor\/#primaryimage\",\"url\":\"https:\/\/storage.mobilitas.lat\/uploads\/2023\/04\/MOBILITAS-AMTM-NICOLAS-ROSALES-AMARILLO-RECORTADO-1A.jpg\",\"contentUrl\":\"https:\/\/storage.mobilitas.lat\/uploads\/2023\/04\/MOBILITAS-AMTM-NICOLAS-ROSALES-AMARILLO-RECORTADO-1A.jpg\",\"width\":376,\"height\":217},{\"@type\":\"BreadcrumbList\",\"@id\":\"https:\/\/mobilitas.lat\/es\/2023\/04\/10\/hablando-a-estudiantes-el-presidente-da-la-asociacion-mexicana-de-transporte-y-movilidad-amtm-nicolas-rosales-expreso-que-la-electromovilidad-requiere-un-marco-normativo-y-remarco-que-hasta-ahor\/#breadcrumb\",\"itemListElement\":[{\"@type\":\"ListItem\",\"position\":1,\"name\":\"In\u00edcio\",\"item\":\"https:\/\/mobilitas.lat\/es\/\"},{\"@type\":\"ListItem\",\"position\":2,\"name\":\"Hablando a estudiantes, el presidente da la Asociaci\u00f3n Mexicana de Transporte y Movilidad (AMTM), Nicol\u00e1s Rosales, expres\u00f3 que la electromovilidad requiere un marco normativo, y remarc\u00f3 que hasta ahora en el pa\u00eds no se ha definido un modelo de negocio desde las autoridades, ni se ha construido infraestructura para la recarga\"}]},{\"@type\":\"WebSite\",\"@id\":\"https:\/\/mobilitas.lat\/es\/#website\",\"url\":\"https:\/\/mobilitas.lat\/es\/\",\"name\":\"Mobilitas\",\"description\":\"Tecnologia e Mobilidade Urbana na Am\u00e9rica Latina\",\"publisher\":{\"@id\":\"https:\/\/mobilitas.lat\/es\/#organization\"},\"potentialAction\":[{\"@type\":\"SearchAction\",\"target\":{\"@type\":\"EntryPoint\",\"urlTemplate\":\"https:\/\/mobilitas.lat\/es\/?s={search_term_string}\"},\"query-input\":{\"@type\":\"PropertyValueSpecification\",\"valueRequired\":true,\"valueName\":\"search_term_string\"}}],\"inLanguage\":\"es-ES\"},{\"@type\":\"Organization\",\"@id\":\"https:\/\/mobilitas.lat\/es\/#organization\",\"name\":\"OTM Editora\",\"url\":\"https:\/\/mobilitas.lat\/es\/\",\"logo\":{\"@type\":\"ImageObject\",\"inLanguage\":\"es-ES\",\"@id\":\"https:\/\/mobilitas.lat\/es\/#\/schema\/logo\/image\/\",\"url\":\"https:\/\/mobilitas.lat\/wp-content\/uploads\/2024\/03\/opengraph.png\",\"contentUrl\":\"https:\/\/mobilitas.lat\/wp-content\/uploads\/2024\/03\/opengraph.png\",\"width\":1200,\"height\":630,\"caption\":\"OTM Editora\"},\"image\":{\"@id\":\"https:\/\/mobilitas.lat\/es\/#\/schema\/logo\/image\/\"}},{\"@type\":\"Person\",\"@id\":\"https:\/\/mobilitas.lat\/es\/#\/schema\/person\/cae0d01ccbe855d1858d146e4c4d582d\",\"name\":\"Alexandre Asquini\",\"image\":{\"@type\":\"ImageObject\",\"inLanguage\":\"es-ES\",\"@id\":\"https:\/\/mobilitas.lat\/es\/#\/schema\/person\/image\/\",\"url\":\"https:\/\/secure.gravatar.com\/avatar\/aac99dbef1420f75cc7d86913eb8a7cdfbe13e2509ad7a45649a61414f6d2785?s=96&d=mm&r=g\",\"contentUrl\":\"https:\/\/secure.gravatar.com\/avatar\/aac99dbef1420f75cc7d86913eb8a7cdfbe13e2509ad7a45649a61414f6d2785?s=96&d=mm&r=g\",\"caption\":\"Alexandre Asquini\"}}]}<\/script>\n<!-- \/ Yoast SEO plugin. -->","yoast_head_json":{"title":"Hablando a estudiantes, el presidente da la Asociaci\u00f3n Mexicana de Transporte y Movilidad (AMTM), Nicol\u00e1s Rosales, expres\u00f3 que la electromovilidad requiere un marco normativo, y remarc\u00f3 que hasta ahora en el pa\u00eds no se ha definido un modelo de negocio desde las autoridades, ni se ha construido infraestructura para la recarga | Mobilitas","robots":{"index":"index","follow":"follow","max-snippet":"max-snippet:-1","max-image-preview":"max-image-preview:large","max-video-preview":"max-video-preview:-1"},"canonical":"https:\/\/mobilitas.lat\/es\/2023\/04\/10\/hablando-a-estudiantes-el-presidente-da-la-asociacion-mexicana-de-transporte-y-movilidad-amtm-nicolas-rosales-expreso-que-la-electromovilidad-requiere-un-marco-normativo-y-remarco-que-hasta-ahor\/","og_locale":"es_ES","og_type":"article","og_title":"Hablando a estudiantes, el presidente da la Asociaci\u00f3n Mexicana de Transporte y Movilidad (AMTM), Nicol\u00e1s Rosales, expres\u00f3 que la electromovilidad requiere un marco normativo, y remarc\u00f3 que hasta ahora en el pa\u00eds no se ha definido un modelo de negocio desde las autoridades, ni se ha construido infraestructura para la recarga | Mobilitas","og_description":"En el \u00faltimo mes de marzo, el presidente de la Asociaci\u00f3n Mexicana de Transporte y Movilidad (AMTM), Nicol\u00e1s Rosales Pallares, particip\u00f3 de la sesi\u00f3n titulada El futuro del transporte de bajas emisiones y la electromovilidad, que form\u00f3 parte de la 10\u00aa&nbsp;Expo Conexi\u00f3n Transporte, organizada por estudiantes de la Unidad Profesional Interdisciplinaria de Ingenier\u00eda y Ciencias [&hellip;]","og_url":"https:\/\/mobilitas.lat\/es\/2023\/04\/10\/hablando-a-estudiantes-el-presidente-da-la-asociacion-mexicana-de-transporte-y-movilidad-amtm-nicolas-rosales-expreso-que-la-electromovilidad-requiere-un-marco-normativo-y-remarco-que-hasta-ahor\/","og_site_name":"Mobilitas","article_published_time":"2023-04-11T01:28:49+00:00","article_modified_time":"2023-04-11T02:42:17+00:00","og_image":[{"width":376,"height":217,"url":"https:\/\/storage.mobilitas.lat\/uploads\/2023\/04\/MOBILITAS-AMTM-NICOLAS-ROSALES-AMARILLO-RECORTADO-1A.jpg","type":"image\/jpeg"}],"author":"Alexandre Asquini","twitter_card":"summary_large_image","twitter_misc":{"Written by":"Alexandre Asquini","Est. reading time":"2 minutes"},"schema":{"@context":"https:\/\/schema.org","@graph":[{"@type":"Article","@id":"https:\/\/mobilitas.lat\/es\/2023\/04\/10\/hablando-a-estudiantes-el-presidente-da-la-asociacion-mexicana-de-transporte-y-movilidad-amtm-nicolas-rosales-expreso-que-la-electromovilidad-requiere-un-marco-normativo-y-remarco-que-hasta-ahor\/#article","isPartOf":{"@id":"https:\/\/mobilitas.lat\/es\/2023\/04\/10\/hablando-a-estudiantes-el-presidente-da-la-asociacion-mexicana-de-transporte-y-movilidad-amtm-nicolas-rosales-expreso-que-la-electromovilidad-requiere-un-marco-normativo-y-remarco-que-hasta-ahor\/"},"author":{"name":"Alexandre Asquini","@id":"https:\/\/mobilitas.lat\/es\/#\/schema\/person\/cae0d01ccbe855d1858d146e4c4d582d"},"headline":"Hablando a estudiantes, el presidente da la Asociaci\u00f3n Mexicana de Transporte y Movilidad (AMTM), Nicol\u00e1s Rosales, expres\u00f3 que la electromovilidad requiere un marco normativo, y remarc\u00f3 que hasta ahora en el pa\u00eds no se ha definido un modelo de negocio desde las autoridades, ni se ha construido infraestructura para la recarga","datePublished":"2023-04-11T01:28:49+00:00","dateModified":"2023-04-11T02:42:17+00:00","mainEntityOfPage":{"@id":"https:\/\/mobilitas.lat\/es\/2023\/04\/10\/hablando-a-estudiantes-el-presidente-da-la-asociacion-mexicana-de-transporte-y-movilidad-amtm-nicolas-rosales-expreso-que-la-electromovilidad-requiere-un-marco-normativo-y-remarco-que-hasta-ahor\/"},"wordCount":526,"publisher":{"@id":"https:\/\/mobilitas.lat\/es\/#organization"},"image":{"@id":"https:\/\/mobilitas.lat\/es\/2023\/04\/10\/hablando-a-estudiantes-el-presidente-da-la-asociacion-mexicana-de-transporte-y-movilidad-amtm-nicolas-rosales-expreso-que-la-electromovilidad-requiere-un-marco-normativo-y-remarco-que-hasta-ahor\/#primaryimage"},"thumbnailUrl":"https:\/\/storage.mobilitas.lat\/uploads\/2023\/04\/MOBILITAS-AMTM-NICOLAS-ROSALES-AMARILLO-RECORTADO-1A.jpg","keywords":["14\u00ba Congreso Internacional de Transporte","AMTM","INFORMACI\u00d3N","NICOL\u00c1S ROSALES"],"articleSection":["Informaci\u00f3n","Notas"],"inLanguage":"es-ES"},{"@type":"WebPage","@id":"https:\/\/mobilitas.lat\/es\/2023\/04\/10\/hablando-a-estudiantes-el-presidente-da-la-asociacion-mexicana-de-transporte-y-movilidad-amtm-nicolas-rosales-expreso-que-la-electromovilidad-requiere-un-marco-normativo-y-remarco-que-hasta-ahor\/","url":"https:\/\/mobilitas.lat\/es\/2023\/04\/10\/hablando-a-estudiantes-el-presidente-da-la-asociacion-mexicana-de-transporte-y-movilidad-amtm-nicolas-rosales-expreso-que-la-electromovilidad-requiere-un-marco-normativo-y-remarco-que-hasta-ahor\/","name":"Hablando a estudiantes, el presidente da la Asociaci\u00f3n Mexicana de Transporte y Movilidad (AMTM), Nicol\u00e1s Rosales, expres\u00f3 que la electromovilidad requiere un marco normativo, y remarc\u00f3 que hasta ahora en el pa\u00eds no se ha definido un modelo de negocio desde las autoridades, ni se ha construido infraestructura para la recarga | Mobilitas","isPartOf":{"@id":"https:\/\/mobilitas.lat\/es\/#website"},"primaryImageOfPage":{"@id":"https:\/\/mobilitas.lat\/es\/2023\/04\/10\/hablando-a-estudiantes-el-presidente-da-la-asociacion-mexicana-de-transporte-y-movilidad-amtm-nicolas-rosales-expreso-que-la-electromovilidad-requiere-un-marco-normativo-y-remarco-que-hasta-ahor\/#primaryimage"},"image":{"@id":"https:\/\/mobilitas.lat\/es\/2023\/04\/10\/hablando-a-estudiantes-el-presidente-da-la-asociacion-mexicana-de-transporte-y-movilidad-amtm-nicolas-rosales-expreso-que-la-electromovilidad-requiere-un-marco-normativo-y-remarco-que-hasta-ahor\/#primaryimage"},"thumbnailUrl":"https:\/\/storage.mobilitas.lat\/uploads\/2023\/04\/MOBILITAS-AMTM-NICOLAS-ROSALES-AMARILLO-RECORTADO-1A.jpg","datePublished":"2023-04-11T01:28:49+00:00","dateModified":"2023-04-11T02:42:17+00:00","breadcrumb":{"@id":"https:\/\/mobilitas.lat\/es\/2023\/04\/10\/hablando-a-estudiantes-el-presidente-da-la-asociacion-mexicana-de-transporte-y-movilidad-amtm-nicolas-rosales-expreso-que-la-electromovilidad-requiere-un-marco-normativo-y-remarco-que-hasta-ahor\/#breadcrumb"},"inLanguage":"es-ES","potentialAction":[{"@type":"ReadAction","target":["https:\/\/mobilitas.lat\/es\/2023\/04\/10\/hablando-a-estudiantes-el-presidente-da-la-asociacion-mexicana-de-transporte-y-movilidad-amtm-nicolas-rosales-expreso-que-la-electromovilidad-requiere-un-marco-normativo-y-remarco-que-hasta-ahor\/"]}]},{"@type":"ImageObject","inLanguage":"es-ES","@id":"https:\/\/mobilitas.lat\/es\/2023\/04\/10\/hablando-a-estudiantes-el-presidente-da-la-asociacion-mexicana-de-transporte-y-movilidad-amtm-nicolas-rosales-expreso-que-la-electromovilidad-requiere-un-marco-normativo-y-remarco-que-hasta-ahor\/#primaryimage","url":"https:\/\/storage.mobilitas.lat\/uploads\/2023\/04\/MOBILITAS-AMTM-NICOLAS-ROSALES-AMARILLO-RECORTADO-1A.jpg","contentUrl":"https:\/\/storage.mobilitas.lat\/uploads\/2023\/04\/MOBILITAS-AMTM-NICOLAS-ROSALES-AMARILLO-RECORTADO-1A.jpg","width":376,"height":217},{"@type":"BreadcrumbList","@id":"https:\/\/mobilitas.lat\/es\/2023\/04\/10\/hablando-a-estudiantes-el-presidente-da-la-asociacion-mexicana-de-transporte-y-movilidad-amtm-nicolas-rosales-expreso-que-la-electromovilidad-requiere-un-marco-normativo-y-remarco-que-hasta-ahor\/#breadcrumb","itemListElement":[{"@type":"ListItem","position":1,"name":"In\u00edcio","item":"https:\/\/mobilitas.lat\/es\/"},{"@type":"ListItem","position":2,"name":"Hablando a estudiantes, el presidente da la Asociaci\u00f3n Mexicana de Transporte y Movilidad (AMTM), Nicol\u00e1s Rosales, expres\u00f3 que la electromovilidad requiere un marco normativo, y remarc\u00f3 que hasta ahora en el pa\u00eds no se ha definido un modelo de negocio desde las autoridades, ni se ha construido infraestructura para la recarga"}]},{"@type":"WebSite","@id":"https:\/\/mobilitas.lat\/es\/#website","url":"https:\/\/mobilitas.lat\/es\/","name":"Mobilitas","description":"Tecnologia e Mobilidade Urbana na Am\u00e9rica Latina","publisher":{"@id":"https:\/\/mobilitas.lat\/es\/#organization"},"potentialAction":[{"@type":"SearchAction","target":{"@type":"EntryPoint","urlTemplate":"https:\/\/mobilitas.lat\/es\/?s={search_term_string}"},"query-input":{"@type":"PropertyValueSpecification","valueRequired":true,"valueName":"search_term_string"}}],"inLanguage":"es-ES"},{"@type":"Organization","@id":"https:\/\/mobilitas.lat\/es\/#organization","name":"OTM Editora","url":"https:\/\/mobilitas.lat\/es\/","logo":{"@type":"ImageObject","inLanguage":"es-ES","@id":"https:\/\/mobilitas.lat\/es\/#\/schema\/logo\/image\/","url":"https:\/\/mobilitas.lat\/wp-content\/uploads\/2024\/03\/opengraph.png","contentUrl":"https:\/\/mobilitas.lat\/wp-content\/uploads\/2024\/03\/opengraph.png","width":1200,"height":630,"caption":"OTM Editora"},"image":{"@id":"https:\/\/mobilitas.lat\/es\/#\/schema\/logo\/image\/"}},{"@type":"Person","@id":"https:\/\/mobilitas.lat\/es\/#\/schema\/person\/cae0d01ccbe855d1858d146e4c4d582d","name":"Alexandre Asquini","image":{"@type":"ImageObject","inLanguage":"es-ES","@id":"https:\/\/mobilitas.lat\/es\/#\/schema\/person\/image\/","url":"https:\/\/secure.gravatar.com\/avatar\/aac99dbef1420f75cc7d86913eb8a7cdfbe13e2509ad7a45649a61414f6d2785?s=96&d=mm&r=g","contentUrl":"https:\/\/secure.gravatar.com\/avatar\/aac99dbef1420f75cc7d86913eb8a7cdfbe13e2509ad7a45649a61414f6d2785?s=96&d=mm&r=g","caption":"Alexandre Asquini"}}]}},"_links":{"self":[{"href":"https:\/\/mobilitas.lat\/es\/wp-json\/wp\/v2\/posts\/17480","targetHints":{"allow":["GET"]}}],"collection":[{"href":"https:\/\/mobilitas.lat\/es\/wp-json\/wp\/v2\/posts"}],"about":[{"href":"https:\/\/mobilitas.lat\/es\/wp-json\/wp\/v2\/types\/post"}],"author":[{"embeddable":true,"href":"https:\/\/mobilitas.lat\/es\/wp-json\/wp\/v2\/users\/2"}],"replies":[{"embeddable":true,"href":"https:\/\/mobilitas.lat\/es\/wp-json\/wp\/v2\/comments?post=17480"}],"version-history":[{"count":2,"href":"https:\/\/mobilitas.lat\/es\/wp-json\/wp\/v2\/posts\/17480\/revisions"}],"predecessor-version":[{"id":17482,"href":"https:\/\/mobilitas.lat\/es\/wp-json\/wp\/v2\/posts\/17480\/revisions\/17482"}],"wp:featuredmedia":[{"embeddable":true,"href":"https:\/\/mobilitas.lat\/es\/wp-json\/wp\/v2\/media\/17487"}],"wp:attachment":[{"href":"https:\/\/mobilitas.lat\/es\/wp-json\/wp\/v2\/media?parent=17480"}],"wp:term":[{"taxonomy":"category","embeddable":true,"href":"https:\/\/mobilitas.lat\/es\/wp-json\/wp\/v2\/categories?post=17480"},{"taxonomy":"post_tag","embeddable":true,"href":"https:\/\/mobilitas.lat\/es\/wp-json\/wp\/v2\/tags?post=17480"}],"curies":[{"name":"wp","href":"https:\/\/api.w.org\/{rel}","templated":true}]}}