{"id":17307,"date":"2023-03-19T23:57:32","date_gmt":"2023-03-20T02:57:32","guid":{"rendered":"https:\/\/mobilitas.lat\/?p=17307"},"modified":"2023-03-19T23:57:34","modified_gmt":"2023-03-20T02:57:34","slug":"mas-mujeres-como-conductoras-de-autobuses-en-santiago","status":"publish","type":"post","link":"https:\/\/mobilitas.lat\/es\/2023\/03\/19\/mas-mujeres-como-conductoras-de-autobuses-en-santiago\/","title":{"rendered":"M\u00e1s mujeres como conductoras de autobuses en Santiago"},"content":{"rendered":"\n<figure class=\"wp-block-image size-large\"><img loading=\"lazy\" decoding=\"async\" width=\"742\" height=\"474\" src=\"https:\/\/storage.mobilitas.lat\/uploads\/2023\/03\/MOBILITAS-RED-SANTIAGO-MUJER-CONDUCTORA.jpg\" alt=\"\" class=\"wp-image-17302\" srcset=\"https:\/\/storage.mobilitas.lat\/uploads\/2023\/03\/MOBILITAS-RED-SANTIAGO-MUJER-CONDUCTORA.jpg 742w, https:\/\/storage.mobilitas.lat\/uploads\/2023\/03\/MOBILITAS-RED-SANTIAGO-MUJER-CONDUCTORA-300x192.jpg 300w, https:\/\/storage.mobilitas.lat\/uploads\/2023\/03\/MOBILITAS-RED-SANTIAGO-MUJER-CONDUCTORA-240x152.jpg 240w, https:\/\/storage.mobilitas.lat\/uploads\/2023\/03\/MOBILITAS-RED-SANTIAGO-MUJER-CONDUCTORA-205x130.jpg 205w\" sizes=\"auto, (max-width: 742px) 100vw, 742px\" \/><\/figure>\n\n\n\n<p>En este mes de marzo de 2023, el Ministerio de Transportes y Telecomunicaciones de Chile dio a conocer un balance de la presencia de mujeres en Red Movilidad, el Sistema de Transporte P\u00fablico del \u00c1rea Metropolitana de Santiago.<\/p>\n\n\n\n<p>Al cierre de 2022, del total de conductores, 1.188 corresponden a mujeres, lo que representa un 25% m\u00e1s de las que hab\u00eda en diciembre de 2021 (943).<\/p>\n\n\n\n<p>Hoy, la presencia femenina representa el 7% del total de conductores del sistema.<\/p>\n\n\n\n<p>Hace una d\u00e9cada, las mujeres representaban solo el 1,5% del total.<\/p>\n\n\n\n<p>Tales datos, considerados positivos, se deben al nuevo programa de becas, por lo cual el Ministerio ha fomentado que las empresas operadoras, en coordinaci\u00f3n con los municipios, convoquen a vecinas de los propios territorios donde prestan servicio, puedan transformarse en profesionales del transporte p\u00fablico.<\/p>\n\n\n\n<p>Tal estrategia ha presentado resultados significativos en las localidades de La Pintana, Renca, Huechuraba, Pudahuel y Puente.<\/p>\n\n\n\n<p><strong>RED EMPLEA M\u00c1S CONDUCTORES<\/strong><\/p>\n\n\n\n<p>Red Movilidad termin\u00f3 el a\u00f1o 2022 con 16.939 conductores, 1.820 m\u00e1s de los que contaba en diciembre de 2021 (15.119), lo que representa un crecimiento de un 12%.<\/p>\n","protected":false},"excerpt":{"rendered":"<p>En este mes de marzo de 2023, el Ministerio de Transportes y Telecomunicaciones de Chile dio a conocer un balance de la presencia de mujeres en Red Movilidad, el Sistema de Transporte P\u00fablico del \u00c1rea Metropolitana de Santiago. Al cierre de 2022, del total de conductores, 1.188 corresponden a mujeres, lo que representa un 25% [&hellip;]<\/p>\n","protected":false},"author":2,"featured_media":17304,"comment_status":"closed","ping_status":"closed","sticky":false,"template":"","format":"standard","meta":{"footnotes":""},"categories":[287],"tags":[749,775,2030],"class_list":["post-17307","post","type-post","status-publish","format-standard","has-post-thumbnail","hentry","category-notas","tag-chile-es","tag-destaque","tag-red-movilidad"],"yoast_head":"<!-- This site is optimized with the Yoast SEO plugin v26.9 - https:\/\/yoast.com\/product\/yoast-seo-wordpress\/ -->\n<title>M\u00e1s mujeres como conductoras de autobuses en Santiago | Mobilitas<\/title>\n<meta name=\"robots\" content=\"index, follow, max-snippet:-1, max-image-preview:large, max-video-preview:-1\" \/>\n<link rel=\"canonical\" href=\"https:\/\/mobilitas.lat\/es\/2023\/03\/19\/mas-mujeres-como-conductoras-de-autobuses-en-santiago\/\" \/>\n<meta property=\"og:locale\" content=\"es_ES\" \/>\n<meta property=\"og:type\" content=\"article\" \/>\n<meta property=\"og:title\" content=\"M\u00e1s mujeres como conductoras de autobuses en Santiago | Mobilitas\" \/>\n<meta property=\"og:description\" content=\"En este mes de marzo de 2023, el Ministerio de Transportes y Telecomunicaciones de Chile dio a conocer un balance de la presencia de mujeres en Red Movilidad, el Sistema de Transporte P\u00fablico del \u00c1rea Metropolitana de Santiago. Al cierre de 2022, del total de conductores, 1.188 corresponden a mujeres, lo que representa un 25% [&hellip;]\" \/>\n<meta property=\"og:url\" content=\"https:\/\/mobilitas.lat\/es\/2023\/03\/19\/mas-mujeres-como-conductoras-de-autobuses-en-santiago\/\" \/>\n<meta property=\"og:site_name\" content=\"Mobilitas\" \/>\n<meta property=\"article:published_time\" content=\"2023-03-20T02:57:32+00:00\" \/>\n<meta property=\"article:modified_time\" content=\"2023-03-20T02:57:34+00:00\" \/>\n<meta property=\"og:image\" content=\"https:\/\/storage.mobilitas.lat\/uploads\/2023\/03\/MOBILITAS-RED-SANTIAGO-MUJER-CONDUCTORA-1.jpg\" \/>\n\t<meta property=\"og:image:width\" content=\"742\" \/>\n\t<meta property=\"og:image:height\" content=\"402\" \/>\n\t<meta property=\"og:image:type\" content=\"image\/jpeg\" \/>\n<meta name=\"author\" content=\"Alexandre Asquini\" \/>\n<meta name=\"twitter:card\" content=\"summary_large_image\" \/>\n<meta name=\"twitter:label1\" content=\"Written by\" \/>\n\t<meta name=\"twitter:data1\" content=\"Alexandre Asquini\" \/>\n\t<meta name=\"twitter:label2\" content=\"Est. reading time\" \/>\n\t<meta name=\"twitter:data2\" content=\"1 minute\" \/>\n<script type=\"application\/ld+json\" class=\"yoast-schema-graph\">{\"@context\":\"https:\/\/schema.org\",\"@graph\":[{\"@type\":\"Article\",\"@id\":\"https:\/\/mobilitas.lat\/es\/2023\/03\/19\/mas-mujeres-como-conductoras-de-autobuses-en-santiago\/#article\",\"isPartOf\":{\"@id\":\"https:\/\/mobilitas.lat\/es\/2023\/03\/19\/mas-mujeres-como-conductoras-de-autobuses-en-santiago\/\"},\"author\":{\"name\":\"Alexandre Asquini\",\"@id\":\"https:\/\/mobilitas.lat\/es\/#\/schema\/person\/cae0d01ccbe855d1858d146e4c4d582d\"},\"headline\":\"M\u00e1s mujeres como conductoras de autobuses en Santiago\",\"datePublished\":\"2023-03-20T02:57:32+00:00\",\"dateModified\":\"2023-03-20T02:57:34+00:00\",\"mainEntityOfPage\":{\"@id\":\"https:\/\/mobilitas.lat\/es\/2023\/03\/19\/mas-mujeres-como-conductoras-de-autobuses-en-santiago\/\"},\"wordCount\":186,\"publisher\":{\"@id\":\"https:\/\/mobilitas.lat\/es\/#organization\"},\"image\":{\"@id\":\"https:\/\/mobilitas.lat\/es\/2023\/03\/19\/mas-mujeres-como-conductoras-de-autobuses-en-santiago\/#primaryimage\"},\"thumbnailUrl\":\"https:\/\/storage.mobilitas.lat\/uploads\/2023\/03\/MOBILITAS-RED-SANTIAGO-MUJER-CONDUCTORA-1.jpg\",\"keywords\":[\"CHILE\",\"destaque\",\"RED MOVILIDAD\"],\"articleSection\":[\"Notas\"],\"inLanguage\":\"es-ES\"},{\"@type\":\"WebPage\",\"@id\":\"https:\/\/mobilitas.lat\/es\/2023\/03\/19\/mas-mujeres-como-conductoras-de-autobuses-en-santiago\/\",\"url\":\"https:\/\/mobilitas.lat\/es\/2023\/03\/19\/mas-mujeres-como-conductoras-de-autobuses-en-santiago\/\",\"name\":\"M\u00e1s mujeres como conductoras de autobuses en Santiago | Mobilitas\",\"isPartOf\":{\"@id\":\"https:\/\/mobilitas.lat\/es\/#website\"},\"primaryImageOfPage\":{\"@id\":\"https:\/\/mobilitas.lat\/es\/2023\/03\/19\/mas-mujeres-como-conductoras-de-autobuses-en-santiago\/#primaryimage\"},\"image\":{\"@id\":\"https:\/\/mobilitas.lat\/es\/2023\/03\/19\/mas-mujeres-como-conductoras-de-autobuses-en-santiago\/#primaryimage\"},\"thumbnailUrl\":\"https:\/\/storage.mobilitas.lat\/uploads\/2023\/03\/MOBILITAS-RED-SANTIAGO-MUJER-CONDUCTORA-1.jpg\",\"datePublished\":\"2023-03-20T02:57:32+00:00\",\"dateModified\":\"2023-03-20T02:57:34+00:00\",\"breadcrumb\":{\"@id\":\"https:\/\/mobilitas.lat\/es\/2023\/03\/19\/mas-mujeres-como-conductoras-de-autobuses-en-santiago\/#breadcrumb\"},\"inLanguage\":\"es-ES\",\"potentialAction\":[{\"@type\":\"ReadAction\",\"target\":[\"https:\/\/mobilitas.lat\/es\/2023\/03\/19\/mas-mujeres-como-conductoras-de-autobuses-en-santiago\/\"]}]},{\"@type\":\"ImageObject\",\"inLanguage\":\"es-ES\",\"@id\":\"https:\/\/mobilitas.lat\/es\/2023\/03\/19\/mas-mujeres-como-conductoras-de-autobuses-en-santiago\/#primaryimage\",\"url\":\"https:\/\/storage.mobilitas.lat\/uploads\/2023\/03\/MOBILITAS-RED-SANTIAGO-MUJER-CONDUCTORA-1.jpg\",\"contentUrl\":\"https:\/\/storage.mobilitas.lat\/uploads\/2023\/03\/MOBILITAS-RED-SANTIAGO-MUJER-CONDUCTORA-1.jpg\",\"width\":742,\"height\":402},{\"@type\":\"BreadcrumbList\",\"@id\":\"https:\/\/mobilitas.lat\/es\/2023\/03\/19\/mas-mujeres-como-conductoras-de-autobuses-en-santiago\/#breadcrumb\",\"itemListElement\":[{\"@type\":\"ListItem\",\"position\":1,\"name\":\"In\u00edcio\",\"item\":\"https:\/\/mobilitas.lat\/es\/\"},{\"@type\":\"ListItem\",\"position\":2,\"name\":\"M\u00e1s mujeres como conductoras de autobuses en Santiago\"}]},{\"@type\":\"WebSite\",\"@id\":\"https:\/\/mobilitas.lat\/es\/#website\",\"url\":\"https:\/\/mobilitas.lat\/es\/\",\"name\":\"Mobilitas\",\"description\":\"Tecnologia e Mobilidade Urbana na Am\u00e9rica Latina\",\"publisher\":{\"@id\":\"https:\/\/mobilitas.lat\/es\/#organization\"},\"potentialAction\":[{\"@type\":\"SearchAction\",\"target\":{\"@type\":\"EntryPoint\",\"urlTemplate\":\"https:\/\/mobilitas.lat\/es\/?s={search_term_string}\"},\"query-input\":{\"@type\":\"PropertyValueSpecification\",\"valueRequired\":true,\"valueName\":\"search_term_string\"}}],\"inLanguage\":\"es-ES\"},{\"@type\":\"Organization\",\"@id\":\"https:\/\/mobilitas.lat\/es\/#organization\",\"name\":\"OTM Editora\",\"url\":\"https:\/\/mobilitas.lat\/es\/\",\"logo\":{\"@type\":\"ImageObject\",\"inLanguage\":\"es-ES\",\"@id\":\"https:\/\/mobilitas.lat\/es\/#\/schema\/logo\/image\/\",\"url\":\"https:\/\/mobilitas.lat\/wp-content\/uploads\/2024\/03\/opengraph.png\",\"contentUrl\":\"https:\/\/mobilitas.lat\/wp-content\/uploads\/2024\/03\/opengraph.png\",\"width\":1200,\"height\":630,\"caption\":\"OTM Editora\"},\"image\":{\"@id\":\"https:\/\/mobilitas.lat\/es\/#\/schema\/logo\/image\/\"}},{\"@type\":\"Person\",\"@id\":\"https:\/\/mobilitas.lat\/es\/#\/schema\/person\/cae0d01ccbe855d1858d146e4c4d582d\",\"name\":\"Alexandre Asquini\",\"image\":{\"@type\":\"ImageObject\",\"inLanguage\":\"es-ES\",\"@id\":\"https:\/\/mobilitas.lat\/es\/#\/schema\/person\/image\/\",\"url\":\"https:\/\/secure.gravatar.com\/avatar\/aac99dbef1420f75cc7d86913eb8a7cdfbe13e2509ad7a45649a61414f6d2785?s=96&d=mm&r=g\",\"contentUrl\":\"https:\/\/secure.gravatar.com\/avatar\/aac99dbef1420f75cc7d86913eb8a7cdfbe13e2509ad7a45649a61414f6d2785?s=96&d=mm&r=g\",\"caption\":\"Alexandre Asquini\"}}]}<\/script>\n<!-- \/ Yoast SEO plugin. -->","yoast_head_json":{"title":"M\u00e1s mujeres como conductoras de autobuses en Santiago | Mobilitas","robots":{"index":"index","follow":"follow","max-snippet":"max-snippet:-1","max-image-preview":"max-image-preview:large","max-video-preview":"max-video-preview:-1"},"canonical":"https:\/\/mobilitas.lat\/es\/2023\/03\/19\/mas-mujeres-como-conductoras-de-autobuses-en-santiago\/","og_locale":"es_ES","og_type":"article","og_title":"M\u00e1s mujeres como conductoras de autobuses en Santiago | Mobilitas","og_description":"En este mes de marzo de 2023, el Ministerio de Transportes y Telecomunicaciones de Chile dio a conocer un balance de la presencia de mujeres en Red Movilidad, el Sistema de Transporte P\u00fablico del \u00c1rea Metropolitana de Santiago. Al cierre de 2022, del total de conductores, 1.188 corresponden a mujeres, lo que representa un 25% [&hellip;]","og_url":"https:\/\/mobilitas.lat\/es\/2023\/03\/19\/mas-mujeres-como-conductoras-de-autobuses-en-santiago\/","og_site_name":"Mobilitas","article_published_time":"2023-03-20T02:57:32+00:00","article_modified_time":"2023-03-20T02:57:34+00:00","og_image":[{"width":742,"height":402,"url":"https:\/\/storage.mobilitas.lat\/uploads\/2023\/03\/MOBILITAS-RED-SANTIAGO-MUJER-CONDUCTORA-1.jpg","type":"image\/jpeg"}],"author":"Alexandre Asquini","twitter_card":"summary_large_image","twitter_misc":{"Written by":"Alexandre Asquini","Est. reading time":"1 minute"},"schema":{"@context":"https:\/\/schema.org","@graph":[{"@type":"Article","@id":"https:\/\/mobilitas.lat\/es\/2023\/03\/19\/mas-mujeres-como-conductoras-de-autobuses-en-santiago\/#article","isPartOf":{"@id":"https:\/\/mobilitas.lat\/es\/2023\/03\/19\/mas-mujeres-como-conductoras-de-autobuses-en-santiago\/"},"author":{"name":"Alexandre Asquini","@id":"https:\/\/mobilitas.lat\/es\/#\/schema\/person\/cae0d01ccbe855d1858d146e4c4d582d"},"headline":"M\u00e1s mujeres como conductoras de autobuses en Santiago","datePublished":"2023-03-20T02:57:32+00:00","dateModified":"2023-03-20T02:57:34+00:00","mainEntityOfPage":{"@id":"https:\/\/mobilitas.lat\/es\/2023\/03\/19\/mas-mujeres-como-conductoras-de-autobuses-en-santiago\/"},"wordCount":186,"publisher":{"@id":"https:\/\/mobilitas.lat\/es\/#organization"},"image":{"@id":"https:\/\/mobilitas.lat\/es\/2023\/03\/19\/mas-mujeres-como-conductoras-de-autobuses-en-santiago\/#primaryimage"},"thumbnailUrl":"https:\/\/storage.mobilitas.lat\/uploads\/2023\/03\/MOBILITAS-RED-SANTIAGO-MUJER-CONDUCTORA-1.jpg","keywords":["CHILE","destaque","RED MOVILIDAD"],"articleSection":["Notas"],"inLanguage":"es-ES"},{"@type":"WebPage","@id":"https:\/\/mobilitas.lat\/es\/2023\/03\/19\/mas-mujeres-como-conductoras-de-autobuses-en-santiago\/","url":"https:\/\/mobilitas.lat\/es\/2023\/03\/19\/mas-mujeres-como-conductoras-de-autobuses-en-santiago\/","name":"M\u00e1s mujeres como conductoras de autobuses en Santiago | Mobilitas","isPartOf":{"@id":"https:\/\/mobilitas.lat\/es\/#website"},"primaryImageOfPage":{"@id":"https:\/\/mobilitas.lat\/es\/2023\/03\/19\/mas-mujeres-como-conductoras-de-autobuses-en-santiago\/#primaryimage"},"image":{"@id":"https:\/\/mobilitas.lat\/es\/2023\/03\/19\/mas-mujeres-como-conductoras-de-autobuses-en-santiago\/#primaryimage"},"thumbnailUrl":"https:\/\/storage.mobilitas.lat\/uploads\/2023\/03\/MOBILITAS-RED-SANTIAGO-MUJER-CONDUCTORA-1.jpg","datePublished":"2023-03-20T02:57:32+00:00","dateModified":"2023-03-20T02:57:34+00:00","breadcrumb":{"@id":"https:\/\/mobilitas.lat\/es\/2023\/03\/19\/mas-mujeres-como-conductoras-de-autobuses-en-santiago\/#breadcrumb"},"inLanguage":"es-ES","potentialAction":[{"@type":"ReadAction","target":["https:\/\/mobilitas.lat\/es\/2023\/03\/19\/mas-mujeres-como-conductoras-de-autobuses-en-santiago\/"]}]},{"@type":"ImageObject","inLanguage":"es-ES","@id":"https:\/\/mobilitas.lat\/es\/2023\/03\/19\/mas-mujeres-como-conductoras-de-autobuses-en-santiago\/#primaryimage","url":"https:\/\/storage.mobilitas.lat\/uploads\/2023\/03\/MOBILITAS-RED-SANTIAGO-MUJER-CONDUCTORA-1.jpg","contentUrl":"https:\/\/storage.mobilitas.lat\/uploads\/2023\/03\/MOBILITAS-RED-SANTIAGO-MUJER-CONDUCTORA-1.jpg","width":742,"height":402},{"@type":"BreadcrumbList","@id":"https:\/\/mobilitas.lat\/es\/2023\/03\/19\/mas-mujeres-como-conductoras-de-autobuses-en-santiago\/#breadcrumb","itemListElement":[{"@type":"ListItem","position":1,"name":"In\u00edcio","item":"https:\/\/mobilitas.lat\/es\/"},{"@type":"ListItem","position":2,"name":"M\u00e1s mujeres como conductoras de autobuses en Santiago"}]},{"@type":"WebSite","@id":"https:\/\/mobilitas.lat\/es\/#website","url":"https:\/\/mobilitas.lat\/es\/","name":"Mobilitas","description":"Tecnologia e Mobilidade Urbana na Am\u00e9rica Latina","publisher":{"@id":"https:\/\/mobilitas.lat\/es\/#organization"},"potentialAction":[{"@type":"SearchAction","target":{"@type":"EntryPoint","urlTemplate":"https:\/\/mobilitas.lat\/es\/?s={search_term_string}"},"query-input":{"@type":"PropertyValueSpecification","valueRequired":true,"valueName":"search_term_string"}}],"inLanguage":"es-ES"},{"@type":"Organization","@id":"https:\/\/mobilitas.lat\/es\/#organization","name":"OTM Editora","url":"https:\/\/mobilitas.lat\/es\/","logo":{"@type":"ImageObject","inLanguage":"es-ES","@id":"https:\/\/mobilitas.lat\/es\/#\/schema\/logo\/image\/","url":"https:\/\/mobilitas.lat\/wp-content\/uploads\/2024\/03\/opengraph.png","contentUrl":"https:\/\/mobilitas.lat\/wp-content\/uploads\/2024\/03\/opengraph.png","width":1200,"height":630,"caption":"OTM Editora"},"image":{"@id":"https:\/\/mobilitas.lat\/es\/#\/schema\/logo\/image\/"}},{"@type":"Person","@id":"https:\/\/mobilitas.lat\/es\/#\/schema\/person\/cae0d01ccbe855d1858d146e4c4d582d","name":"Alexandre Asquini","image":{"@type":"ImageObject","inLanguage":"es-ES","@id":"https:\/\/mobilitas.lat\/es\/#\/schema\/person\/image\/","url":"https:\/\/secure.gravatar.com\/avatar\/aac99dbef1420f75cc7d86913eb8a7cdfbe13e2509ad7a45649a61414f6d2785?s=96&d=mm&r=g","contentUrl":"https:\/\/secure.gravatar.com\/avatar\/aac99dbef1420f75cc7d86913eb8a7cdfbe13e2509ad7a45649a61414f6d2785?s=96&d=mm&r=g","caption":"Alexandre Asquini"}}]}},"_links":{"self":[{"href":"https:\/\/mobilitas.lat\/es\/wp-json\/wp\/v2\/posts\/17307","targetHints":{"allow":["GET"]}}],"collection":[{"href":"https:\/\/mobilitas.lat\/es\/wp-json\/wp\/v2\/posts"}],"about":[{"href":"https:\/\/mobilitas.lat\/es\/wp-json\/wp\/v2\/types\/post"}],"author":[{"embeddable":true,"href":"https:\/\/mobilitas.lat\/es\/wp-json\/wp\/v2\/users\/2"}],"replies":[{"embeddable":true,"href":"https:\/\/mobilitas.lat\/es\/wp-json\/wp\/v2\/comments?post=17307"}],"version-history":[{"count":4,"href":"https:\/\/mobilitas.lat\/es\/wp-json\/wp\/v2\/posts\/17307\/revisions"}],"predecessor-version":[{"id":17311,"href":"https:\/\/mobilitas.lat\/es\/wp-json\/wp\/v2\/posts\/17307\/revisions\/17311"}],"wp:featuredmedia":[{"embeddable":true,"href":"https:\/\/mobilitas.lat\/es\/wp-json\/wp\/v2\/media\/17304"}],"wp:attachment":[{"href":"https:\/\/mobilitas.lat\/es\/wp-json\/wp\/v2\/media?parent=17307"}],"wp:term":[{"taxonomy":"category","embeddable":true,"href":"https:\/\/mobilitas.lat\/es\/wp-json\/wp\/v2\/categories?post=17307"},{"taxonomy":"post_tag","embeddable":true,"href":"https:\/\/mobilitas.lat\/es\/wp-json\/wp\/v2\/tags?post=17307"}],"curies":[{"name":"wp","href":"https:\/\/api.w.org\/{rel}","templated":true}]}}